{"id":9755,"date":"2025-01-06T16:27:53","date_gmt":"2025-01-06T21:27:53","guid":{"rendered":"https:\/\/el-perico.com\/?p=9755"},"modified":"2025-01-07T10:12:19","modified_gmt":"2025-01-07T15:12:19","slug":"el-condado-de-douglas-registra-un-aumento-de-casos-de-tos-ferina","status":"publish","type":"post","link":"https:\/\/el-perico.com\/es\/el-condado-de-douglas-registra-un-aumento-de-casos-de-tos-ferina\/","title":{"rendered":"El condado de Douglas registra un aumento de casos de tos ferina"},"content":{"rendered":"\n<p>El condado de Douglas experiment\u00f3 un gran aumento en los casos de tos ferina, m\u00e1s conocida como tos convulsa, en 2024.<\/p>\n\n\n\n<p>La tos ferina, una enfermedad bacteriana que causa tos intensa, es m\u00e1s peligrosa para los beb\u00e9s y las personas con sistemas inmunitarios comprometidos.<\/p>\n\n\n\n<p>Los datos m\u00e1s recientes del Departamento de Salud del Condado de Douglas indicaron que se reportaron 183 casos en 2024, el triple del \u00faltimo n\u00famero m\u00e1s alto registrado de 64 en 2013.<\/p>\n\n\n\n<p>Lindsay Huse, directora del Departamento de Salud del Condado de Douglas, dijo que la mayor\u00eda de los casos que est\u00e1n viendo son en ni\u00f1os y adultos j\u00f3venes de entre 11 y 19 a\u00f1os, un grupo que interact\u00faa en la escuela y tiende a participar en diversas actividades sociales y deportivas.<\/p>\n\n\n\n<p>\u00abEsos adolescentes han recibido una dosis de refuerzo en alg\u00fan momento, pero a menudo vemos que esa dosis de refuerzo en particular desaparece con el tiempo\u00bb, dijo Huse. \u201cCreo que lo que estamos viendo es que est\u00e1n perdiendo la inmunidad que les dio la vacuna de refuerzo y ahora son vulnerables, y tenemos mucha de esa enfermedad circulando en la comunidad, lo que significa que m\u00e1s personas se est\u00e1n enfermando\u201d.<\/p>\n\n\n\n<p>El condado de Douglas no es el \u00fanico que ha experimentado un gran aumento de casos. El estado en su conjunto experiment\u00f3 un aumento de casos en 2024. El Departamento de Salud y Servicios Humanos de Nebraska inform\u00f3 que hubo 451 casos confirmados y probables de tos ferina en Nebraska durante el a\u00f1o pasado. A nivel nacional, los CDC informaron 35.435 casos al 28 de diciembre de 2024, en comparaci\u00f3n con 7.063 durante el mismo per\u00edodo del a\u00f1o anterior.<\/p>\n\n\n\n<p>Huse dijo que el n\u00famero de casos ha comenzado a disminuir, despu\u00e9s de alcanzar su punto m\u00e1ximo la semana anterior al D\u00eda de Acci\u00f3n de Gracias, cuando se reportaron 33 casos esa semana. Dijo que el informe semanal m\u00e1s reciente fue de nueve casos.<\/p>\n\n\n\n<p>Huse agreg\u00f3 que, a medida que las personas comienzan a regresar al trabajo y a la escuela, las mejores formas de evitar enfermarse e infectar a otros es asegurarse de estar al d\u00eda con sus vacunas, lavarse las manos y quedarse en casa si estan enfermos.<\/p>\n\n\n\n<p><\/p>\n","protected":false},"excerpt":{"rendered":"<p>El condado de Douglas experiment\u00f3 un gran aumento en los casos de tos ferina, m\u00e1s conocida como tos convulsa, en 2024. La tos ferina, una enfermedad bacteriana que causa tos intensa, es m\u00e1s peligrosa para los beb\u00e9s y las personas con sistemas inmunitarios comprometidos. Los datos m\u00e1s recientes del Departamento de Salud del Condado de [&hellip;]<\/p>\n","protected":false},"author":54,"featured_media":9750,"comment_status":"open","ping_status":"closed","sticky":false,"template":"","format":"standard","meta":{"newspack_ads_suppress_ads":false,"_newspack_byline_active":false,"_newspack_byline":"","newspack_hide_updated_date":false,"newspack_show_updated_date":false,"newspack_content_restriction_is_exempt":false,"newspack_featured_image_position":"","newspack_post_subtitle":"Al fin de 2024, el condado de Douglas registr\u00f3 una cantidad r\u00e9cord de casos de tos ferina. Las cifras est\u00e1n aumentando a nivel estatal y nacional.","newspack_article_summary_title":"Overview:","newspack_article_summary":"","footnotes":""},"categories":[45],"tags":[1541,1875,1877,1876],"newspack_spnsrs_tax":[],"coauthors":[1859],"class_list":["post-9755","post","type-post","status-publish","format-standard","has-post-thumbnail","hentry","category-salud","tag-el-condado-de-douglas","tag-medios-publicos-de-nebraska","tag-salud","tag-tos-ferina","entry"],"yoast_head":"<!-- This site is optimized with the Yoast SEO plugin v27.5 - https:\/\/yoast.com\/product\/yoast-seo-wordpress\/ -->\n<title>El condado de Douglas registra un aumento de casos de tos ferina - el perico<\/title>\n<meta name=\"robots\" content=\"index, follow, max-snippet:-1, max-image-preview:large, max-video-preview:-1\" \/>\n<link rel=\"canonical\" href=\"https:\/\/el-perico.com\/es\/el-condado-de-douglas-registra-un-aumento-de-casos-de-tos-ferina\/\" \/>\n<meta property=\"og:locale\" content=\"es_ES\" \/>\n<meta property=\"og:type\" content=\"article\" \/>\n<meta property=\"og:title\" content=\"El condado de Douglas registra un aumento de casos de tos ferina - el perico\" \/>\n<meta property=\"og:description\" content=\"El condado de Douglas experiment\u00f3 un gran aumento en los casos de tos ferina, m\u00e1s conocida como tos convulsa, en 2024. La tos ferina, una enfermedad bacteriana que causa tos intensa, es m\u00e1s peligrosa para los beb\u00e9s y las personas con sistemas inmunitarios comprometidos. Los datos m\u00e1s recientes del Departamento de Salud del Condado de [&hellip;]\" \/>\n<meta property=\"og:url\" content=\"https:\/\/el-perico.com\/es\/el-condado-de-douglas-registra-un-aumento-de-casos-de-tos-ferina\/\" \/>\n<meta property=\"og:site_name\" content=\"el perico\" \/>\n<meta property=\"article:publisher\" content=\"https:\/\/www.facebook.com\/elpericoomaha\" \/>\n<meta property=\"article:published_time\" content=\"2025-01-06T21:27:53+00:00\" \/>\n<meta property=\"article:modified_time\" content=\"2025-01-07T15:12:19+00:00\" \/>\n<meta property=\"og:image\" content=\"https:\/\/el-perico.com\/wp-content\/uploads\/2025\/01\/AdobeStock_309780846_Whooping-cough-bacteria-Bordetella-pertussis-in-respiratory-tract-3D-illustration-showing-cilia-of-respiratory-epithelium-and-bacteria-scaled.jpeg\" \/>\n\t<meta property=\"og:image:width\" content=\"2560\" \/>\n\t<meta property=\"og:image:height\" content=\"1440\" \/>\n\t<meta property=\"og:image:type\" content=\"image\/jpeg\" \/>\n<meta name=\"author\" content=\"Arthur Jones\" \/>\n<meta name=\"twitter:card\" content=\"summary_large_image\" \/>\n<meta name=\"twitter:label1\" content=\"Escrito por\" \/>\n\t<meta name=\"twitter:data1\" content=\"Arthur Jones\" \/>\n\t<meta name=\"twitter:label2\" content=\"Tiempo de lectura\" \/>\n\t<meta name=\"twitter:data2\" content=\"2 minutos\" \/>\n\t<meta name=\"twitter:label3\" content=\"Written by\" \/>\n\t<meta name=\"twitter:data3\" content=\"Arthur Jones\" \/>\n<script type=\"application\/ld+json\" class=\"yoast-schema-graph\">{\"@context\":\"https:\\\/\\\/schema.org\",\"@graph\":[{\"@type\":\"Article\",\"@id\":\"https:\\\/\\\/el-perico.com\\\/es\\\/el-condado-de-douglas-registra-un-aumento-de-casos-de-tos-ferina\\\/#article\",\"isPartOf\":{\"@id\":\"https:\\\/\\\/el-perico.com\\\/es\\\/el-condado-de-douglas-registra-un-aumento-de-casos-de-tos-ferina\\\/\"},\"author\":{\"name\":\"Arthur Jones\",\"@id\":\"https:\\\/\\\/el-perico.com\\\/es\\\/#\\\/schema\\\/person\\\/fe3aafb86332185d762dad98cdaa33e1\"},\"headline\":\"El condado de Douglas registra un aumento de casos de tos ferina\",\"datePublished\":\"2025-01-06T21:27:53+00:00\",\"dateModified\":\"2025-01-07T15:12:19+00:00\",\"mainEntityOfPage\":{\"@id\":\"https:\\\/\\\/el-perico.com\\\/es\\\/el-condado-de-douglas-registra-un-aumento-de-casos-de-tos-ferina\\\/\"},\"wordCount\":390,\"commentCount\":0,\"publisher\":{\"@id\":\"https:\\\/\\\/el-perico.com\\\/es\\\/#organization\"},\"image\":{\"@id\":\"https:\\\/\\\/el-perico.com\\\/es\\\/el-condado-de-douglas-registra-un-aumento-de-casos-de-tos-ferina\\\/#primaryimage\"},\"thumbnailUrl\":\"https:\\\/\\\/el-perico.com\\\/wp-content\\\/uploads\\\/2025\\\/01\\\/AdobeStock_309780846_Whooping-cough-bacteria-Bordetella-pertussis-in-respiratory-tract-3D-illustration-showing-cilia-of-respiratory-epithelium-and-bacteria-scaled.jpeg\",\"keywords\":[\"el condado de Douglas\",\"Medios p\u00fablicos de Nebraska\",\"Salud\",\"tos ferina\"],\"articleSection\":[\"Salud\"],\"inLanguage\":\"es\",\"potentialAction\":[{\"@type\":\"CommentAction\",\"name\":\"Comment\",\"target\":[\"https:\\\/\\\/el-perico.com\\\/es\\\/el-condado-de-douglas-registra-un-aumento-de-casos-de-tos-ferina\\\/#respond\"]}]},{\"@type\":\"WebPage\",\"@id\":\"https:\\\/\\\/el-perico.com\\\/es\\\/el-condado-de-douglas-registra-un-aumento-de-casos-de-tos-ferina\\\/\",\"url\":\"https:\\\/\\\/el-perico.com\\\/es\\\/el-condado-de-douglas-registra-un-aumento-de-casos-de-tos-ferina\\\/\",\"name\":\"El condado de Douglas registra un aumento de casos de tos ferina - el perico\",\"isPartOf\":{\"@id\":\"https:\\\/\\\/el-perico.com\\\/es\\\/#website\"},\"primaryImageOfPage\":{\"@id\":\"https:\\\/\\\/el-perico.com\\\/es\\\/el-condado-de-douglas-registra-un-aumento-de-casos-de-tos-ferina\\\/#primaryimage\"},\"image\":{\"@id\":\"https:\\\/\\\/el-perico.com\\\/es\\\/el-condado-de-douglas-registra-un-aumento-de-casos-de-tos-ferina\\\/#primaryimage\"},\"thumbnailUrl\":\"https:\\\/\\\/el-perico.com\\\/wp-content\\\/uploads\\\/2025\\\/01\\\/AdobeStock_309780846_Whooping-cough-bacteria-Bordetella-pertussis-in-respiratory-tract-3D-illustration-showing-cilia-of-respiratory-epithelium-and-bacteria-scaled.jpeg\",\"datePublished\":\"2025-01-06T21:27:53+00:00\",\"dateModified\":\"2025-01-07T15:12:19+00:00\",\"breadcrumb\":{\"@id\":\"https:\\\/\\\/el-perico.com\\\/es\\\/el-condado-de-douglas-registra-un-aumento-de-casos-de-tos-ferina\\\/#breadcrumb\"},\"inLanguage\":\"es\",\"potentialAction\":[{\"@type\":\"ReadAction\",\"target\":[\"https:\\\/\\\/el-perico.com\\\/es\\\/el-condado-de-douglas-registra-un-aumento-de-casos-de-tos-ferina\\\/\"]}]},{\"@type\":\"ImageObject\",\"inLanguage\":\"es\",\"@id\":\"https:\\\/\\\/el-perico.com\\\/es\\\/el-condado-de-douglas-registra-un-aumento-de-casos-de-tos-ferina\\\/#primaryimage\",\"url\":\"https:\\\/\\\/el-perico.com\\\/wp-content\\\/uploads\\\/2025\\\/01\\\/AdobeStock_309780846_Whooping-cough-bacteria-Bordetella-pertussis-in-respiratory-tract-3D-illustration-showing-cilia-of-respiratory-epithelium-and-bacteria-scaled.jpeg\",\"contentUrl\":\"https:\\\/\\\/el-perico.com\\\/wp-content\\\/uploads\\\/2025\\\/01\\\/AdobeStock_309780846_Whooping-cough-bacteria-Bordetella-pertussis-in-respiratory-tract-3D-illustration-showing-cilia-of-respiratory-epithelium-and-bacteria-scaled.jpeg\",\"width\":2560,\"height\":1440,\"caption\":\"Foto de stock de Adobe\"},{\"@type\":\"BreadcrumbList\",\"@id\":\"https:\\\/\\\/el-perico.com\\\/es\\\/el-condado-de-douglas-registra-un-aumento-de-casos-de-tos-ferina\\\/#breadcrumb\",\"itemListElement\":[{\"@type\":\"ListItem\",\"position\":1,\"name\":\"Home\",\"item\":\"https:\\\/\\\/el-perico.com\\\/es\\\/\"},{\"@type\":\"ListItem\",\"position\":2,\"name\":\"El condado de Douglas registra un aumento de casos de tos ferina\"}]},{\"@type\":\"WebSite\",\"@id\":\"https:\\\/\\\/el-perico.com\\\/es\\\/#website\",\"url\":\"https:\\\/\\\/el-perico.com\\\/es\\\/\",\"name\":\"el perico\",\"description\":\"La plataforma original de noticias e informaci\u00f3n para la comunidad hispana de Omaha\",\"publisher\":{\"@id\":\"https:\\\/\\\/el-perico.com\\\/es\\\/#organization\"},\"potentialAction\":[{\"@type\":\"SearchAction\",\"target\":{\"@type\":\"EntryPoint\",\"urlTemplate\":\"https:\\\/\\\/el-perico.com\\\/es\\\/?s={search_term_string}\"},\"query-input\":{\"@type\":\"PropertyValueSpecification\",\"valueRequired\":true,\"valueName\":\"search_term_string\"}}],\"inLanguage\":\"es\"},{\"@type\":\"Organization\",\"@id\":\"https:\\\/\\\/el-perico.com\\\/es\\\/#organization\",\"name\":\"el perico\",\"url\":\"https:\\\/\\\/el-perico.com\\\/es\\\/\",\"logo\":{\"@type\":\"ImageObject\",\"inLanguage\":\"es\",\"@id\":\"https:\\\/\\\/el-perico.com\\\/es\\\/#\\\/schema\\\/logo\\\/image\\\/\",\"url\":\"https:\\\/\\\/el-perico.com\\\/wp-content\\\/uploads\\\/2024\\\/05\\\/ElPerico-Logo_NPM-1-e1717102187440.png\",\"contentUrl\":\"https:\\\/\\\/el-perico.com\\\/wp-content\\\/uploads\\\/2024\\\/05\\\/ElPerico-Logo_NPM-1-e1717102187440.png\",\"width\":648,\"height\":216,\"caption\":\"el perico\"},\"image\":{\"@id\":\"https:\\\/\\\/el-perico.com\\\/es\\\/#\\\/schema\\\/logo\\\/image\\\/\"},\"sameAs\":[\"https:\\\/\\\/www.facebook.com\\\/elpericoomaha\"]},{\"@type\":\"Person\",\"@id\":\"https:\\\/\\\/el-perico.com\\\/es\\\/#\\\/schema\\\/person\\\/fe3aafb86332185d762dad98cdaa33e1\",\"name\":\"Arthur Jones\",\"image\":{\"@type\":\"ImageObject\",\"inLanguage\":\"es\",\"@id\":\"https:\\\/\\\/secure.gravatar.com\\\/avatar\\\/11e18d1ad1f552bc5074a56aed2f345eae6e26da44c5c1a6e1fcb791219257fb?s=96&d=mm&r=gc72fa755492f4a96e4ba39fb37ba56d9\",\"url\":\"https:\\\/\\\/secure.gravatar.com\\\/avatar\\\/11e18d1ad1f552bc5074a56aed2f345eae6e26da44c5c1a6e1fcb791219257fb?s=96&d=mm&r=g\",\"contentUrl\":\"https:\\\/\\\/secure.gravatar.com\\\/avatar\\\/11e18d1ad1f552bc5074a56aed2f345eae6e26da44c5c1a6e1fcb791219257fb?s=96&d=mm&r=g\",\"caption\":\"Arthur Jones\"},\"url\":\"https:\\\/\\\/el-perico.com\\\/es\\\/author\\\/ajones\\\/\"}]}<\/script>\n<!-- \/ Yoast SEO plugin. -->","yoast_head_json":{"title":"El condado de Douglas registra un aumento de casos de tos ferina - el perico","robots":{"index":"index","follow":"follow","max-snippet":"max-snippet:-1","max-image-preview":"max-image-preview:large","max-video-preview":"max-video-preview:-1"},"canonical":"https:\/\/el-perico.com\/es\/el-condado-de-douglas-registra-un-aumento-de-casos-de-tos-ferina\/","og_locale":"es_ES","og_type":"article","og_title":"El condado de Douglas registra un aumento de casos de tos ferina - el perico","og_description":"El condado de Douglas experiment\u00f3 un gran aumento en los casos de tos ferina, m\u00e1s conocida como tos convulsa, en 2024. La tos ferina, una enfermedad bacteriana que causa tos intensa, es m\u00e1s peligrosa para los beb\u00e9s y las personas con sistemas inmunitarios comprometidos. Los datos m\u00e1s recientes del Departamento de Salud del Condado de [&hellip;]","og_url":"https:\/\/el-perico.com\/es\/el-condado-de-douglas-registra-un-aumento-de-casos-de-tos-ferina\/","og_site_name":"el perico","article_publisher":"https:\/\/www.facebook.com\/elpericoomaha","article_published_time":"2025-01-06T21:27:53+00:00","article_modified_time":"2025-01-07T15:12:19+00:00","og_image":[{"width":2560,"height":1440,"url":"https:\/\/el-perico.com\/wp-content\/uploads\/2025\/01\/AdobeStock_309780846_Whooping-cough-bacteria-Bordetella-pertussis-in-respiratory-tract-3D-illustration-showing-cilia-of-respiratory-epithelium-and-bacteria-scaled.jpeg","type":"image\/jpeg"}],"author":"Arthur Jones","twitter_card":"summary_large_image","twitter_misc":{"Escrito por":"Arthur Jones","Tiempo de lectura":"2 minutos","Written by":"Arthur Jones"},"schema":{"@context":"https:\/\/schema.org","@graph":[{"@type":"Article","@id":"https:\/\/el-perico.com\/es\/el-condado-de-douglas-registra-un-aumento-de-casos-de-tos-ferina\/#article","isPartOf":{"@id":"https:\/\/el-perico.com\/es\/el-condado-de-douglas-registra-un-aumento-de-casos-de-tos-ferina\/"},"author":{"name":"Arthur Jones","@id":"https:\/\/el-perico.com\/es\/#\/schema\/person\/fe3aafb86332185d762dad98cdaa33e1"},"headline":"El condado de Douglas registra un aumento de casos de tos ferina","datePublished":"2025-01-06T21:27:53+00:00","dateModified":"2025-01-07T15:12:19+00:00","mainEntityOfPage":{"@id":"https:\/\/el-perico.com\/es\/el-condado-de-douglas-registra-un-aumento-de-casos-de-tos-ferina\/"},"wordCount":390,"commentCount":0,"publisher":{"@id":"https:\/\/el-perico.com\/es\/#organization"},"image":{"@id":"https:\/\/el-perico.com\/es\/el-condado-de-douglas-registra-un-aumento-de-casos-de-tos-ferina\/#primaryimage"},"thumbnailUrl":"https:\/\/el-perico.com\/wp-content\/uploads\/2025\/01\/AdobeStock_309780846_Whooping-cough-bacteria-Bordetella-pertussis-in-respiratory-tract-3D-illustration-showing-cilia-of-respiratory-epithelium-and-bacteria-scaled.jpeg","keywords":["el condado de Douglas","Medios p\u00fablicos de Nebraska","Salud","tos ferina"],"articleSection":["Salud"],"inLanguage":"es","potentialAction":[{"@type":"CommentAction","name":"Comment","target":["https:\/\/el-perico.com\/es\/el-condado-de-douglas-registra-un-aumento-de-casos-de-tos-ferina\/#respond"]}]},{"@type":"WebPage","@id":"https:\/\/el-perico.com\/es\/el-condado-de-douglas-registra-un-aumento-de-casos-de-tos-ferina\/","url":"https:\/\/el-perico.com\/es\/el-condado-de-douglas-registra-un-aumento-de-casos-de-tos-ferina\/","name":"El condado de Douglas registra un aumento de casos de tos ferina - el perico","isPartOf":{"@id":"https:\/\/el-perico.com\/es\/#website"},"primaryImageOfPage":{"@id":"https:\/\/el-perico.com\/es\/el-condado-de-douglas-registra-un-aumento-de-casos-de-tos-ferina\/#primaryimage"},"image":{"@id":"https:\/\/el-perico.com\/es\/el-condado-de-douglas-registra-un-aumento-de-casos-de-tos-ferina\/#primaryimage"},"thumbnailUrl":"https:\/\/el-perico.com\/wp-content\/uploads\/2025\/01\/AdobeStock_309780846_Whooping-cough-bacteria-Bordetella-pertussis-in-respiratory-tract-3D-illustration-showing-cilia-of-respiratory-epithelium-and-bacteria-scaled.jpeg","datePublished":"2025-01-06T21:27:53+00:00","dateModified":"2025-01-07T15:12:19+00:00","breadcrumb":{"@id":"https:\/\/el-perico.com\/es\/el-condado-de-douglas-registra-un-aumento-de-casos-de-tos-ferina\/#breadcrumb"},"inLanguage":"es","potentialAction":[{"@type":"ReadAction","target":["https:\/\/el-perico.com\/es\/el-condado-de-douglas-registra-un-aumento-de-casos-de-tos-ferina\/"]}]},{"@type":"ImageObject","inLanguage":"es","@id":"https:\/\/el-perico.com\/es\/el-condado-de-douglas-registra-un-aumento-de-casos-de-tos-ferina\/#primaryimage","url":"https:\/\/el-perico.com\/wp-content\/uploads\/2025\/01\/AdobeStock_309780846_Whooping-cough-bacteria-Bordetella-pertussis-in-respiratory-tract-3D-illustration-showing-cilia-of-respiratory-epithelium-and-bacteria-scaled.jpeg","contentUrl":"https:\/\/el-perico.com\/wp-content\/uploads\/2025\/01\/AdobeStock_309780846_Whooping-cough-bacteria-Bordetella-pertussis-in-respiratory-tract-3D-illustration-showing-cilia-of-respiratory-epithelium-and-bacteria-scaled.jpeg","width":2560,"height":1440,"caption":"Foto de stock de Adobe"},{"@type":"BreadcrumbList","@id":"https:\/\/el-perico.com\/es\/el-condado-de-douglas-registra-un-aumento-de-casos-de-tos-ferina\/#breadcrumb","itemListElement":[{"@type":"ListItem","position":1,"name":"Home","item":"https:\/\/el-perico.com\/es\/"},{"@type":"ListItem","position":2,"name":"El condado de Douglas registra un aumento de casos de tos ferina"}]},{"@type":"WebSite","@id":"https:\/\/el-perico.com\/es\/#website","url":"https:\/\/el-perico.com\/es\/","name":"el perico","description":"La plataforma original de noticias e informaci\u00f3n para la comunidad hispana de Omaha","publisher":{"@id":"https:\/\/el-perico.com\/es\/#organization"},"potentialAction":[{"@type":"SearchAction","target":{"@type":"EntryPoint","urlTemplate":"https:\/\/el-perico.com\/es\/?s={search_term_string}"},"query-input":{"@type":"PropertyValueSpecification","valueRequired":true,"valueName":"search_term_string"}}],"inLanguage":"es"},{"@type":"Organization","@id":"https:\/\/el-perico.com\/es\/#organization","name":"el perico","url":"https:\/\/el-perico.com\/es\/","logo":{"@type":"ImageObject","inLanguage":"es","@id":"https:\/\/el-perico.com\/es\/#\/schema\/logo\/image\/","url":"https:\/\/el-perico.com\/wp-content\/uploads\/2024\/05\/ElPerico-Logo_NPM-1-e1717102187440.png","contentUrl":"https:\/\/el-perico.com\/wp-content\/uploads\/2024\/05\/ElPerico-Logo_NPM-1-e1717102187440.png","width":648,"height":216,"caption":"el perico"},"image":{"@id":"https:\/\/el-perico.com\/es\/#\/schema\/logo\/image\/"},"sameAs":["https:\/\/www.facebook.com\/elpericoomaha"]},{"@type":"Person","@id":"https:\/\/el-perico.com\/es\/#\/schema\/person\/fe3aafb86332185d762dad98cdaa33e1","name":"Arthur Jones","image":{"@type":"ImageObject","inLanguage":"es","@id":"https:\/\/secure.gravatar.com\/avatar\/11e18d1ad1f552bc5074a56aed2f345eae6e26da44c5c1a6e1fcb791219257fb?s=96&d=mm&r=gc72fa755492f4a96e4ba39fb37ba56d9","url":"https:\/\/secure.gravatar.com\/avatar\/11e18d1ad1f552bc5074a56aed2f345eae6e26da44c5c1a6e1fcb791219257fb?s=96&d=mm&r=g","contentUrl":"https:\/\/secure.gravatar.com\/avatar\/11e18d1ad1f552bc5074a56aed2f345eae6e26da44c5c1a6e1fcb791219257fb?s=96&d=mm&r=g","caption":"Arthur Jones"},"url":"https:\/\/el-perico.com\/es\/author\/ajones\/"}]}},"_links":{"self":[{"href":"https:\/\/el-perico.com\/es\/wp-json\/wp\/v2\/posts\/9755","targetHints":{"allow":["GET"]}}],"collection":[{"href":"https:\/\/el-perico.com\/es\/wp-json\/wp\/v2\/posts"}],"about":[{"href":"https:\/\/el-perico.com\/es\/wp-json\/wp\/v2\/types\/post"}],"author":[{"embeddable":true,"href":"https:\/\/el-perico.com\/es\/wp-json\/wp\/v2\/users\/54"}],"replies":[{"embeddable":true,"href":"https:\/\/el-perico.com\/es\/wp-json\/wp\/v2\/comments?post=9755"}],"version-history":[{"count":3,"href":"https:\/\/el-perico.com\/es\/wp-json\/wp\/v2\/posts\/9755\/revisions"}],"predecessor-version":[{"id":9759,"href":"https:\/\/el-perico.com\/es\/wp-json\/wp\/v2\/posts\/9755\/revisions\/9759"}],"wp:featuredmedia":[{"embeddable":true,"href":"https:\/\/el-perico.com\/es\/wp-json\/wp\/v2\/media\/9750"}],"wp:attachment":[{"href":"https:\/\/el-perico.com\/es\/wp-json\/wp\/v2\/media?parent=9755"}],"wp:term":[{"taxonomy":"category","embeddable":true,"href":"https:\/\/el-perico.com\/es\/wp-json\/wp\/v2\/categories?post=9755"},{"taxonomy":"post_tag","embeddable":true,"href":"https:\/\/el-perico.com\/es\/wp-json\/wp\/v2\/tags?post=9755"},{"taxonomy":"newspack_spnsrs_tax","embeddable":true,"href":"https:\/\/el-perico.com\/es\/wp-json\/wp\/v2\/newspack_spnsrs_tax?post=9755"},{"taxonomy":"author","embeddable":true,"href":"https:\/\/el-perico.com\/es\/wp-json\/wp\/v2\/coauthors?post=9755"}],"curies":[{"name":"wp","href":"https:\/\/api.w.org\/{rel}","templated":true}]}}