{"id":9436,"date":"2023-06-01T12:32:46","date_gmt":"2023-06-01T16:32:46","guid":{"rendered":"https:\/\/el-perico.com\/?p=9436"},"modified":"2023-06-02T12:08:34","modified_gmt":"2023-06-02T16:08:34","slug":"vecinos-organizados-logran-reabrir-el-brown-park","status":"publish","type":"post","link":"https:\/\/el-perico.com\/es\/vecinos-organizados-logran-reabrir-el-brown-park\/","title":{"rendered":"Vecinos organizados logran reabrir el Brown Park"},"content":{"rendered":"\n<p>Vanessa Macias recuerda la primera vez que visit\u00f3 Brown Park en el verano de 2015.<\/p>\n\n\n\n<p>\u00ab\u00a1Hombre! m\u00e1s vale que este parque valga la pena\u201d, pens\u00f3 la maestra de la Escuela Primaria G\u00f3mez Heritage mientras ella y sus estudiantes de la escuela de verano pasaban junto al campo de b\u00e9isbol y sub\u00edan una empinada colina cubierta de hierba en el lado este del parque. Pero cuando llegaron a la cima, encontraron columpios oxidados, mesas de picnic desmoronadas y un parque infantil en mal estado.<\/p>\n\n\n\n<p>\u201cNo me sent\u00eda c\u00f3moda dejando (a los estudiantes) en el tobog\u00e1n\u201d, dijo Macias.<\/p>\n\n\n\n<p>El abandono de Brown Park en 5708 S. 15th St., frustr\u00f3 m\u00e1s a Macias una vez que se mud\u00f3 al vecindario, y no estaba sola.<\/p>\n\n\n\n<p>Incluso la ciudad de Omaha sab\u00eda que las actualizaciones del parque estaban atrasadas. El parque de 90 a\u00f1os era conocido por su pabell\u00f3n y su hist\u00f3rico campo de b\u00e9isbol que es el hogar del equipo de Omaha South High School, pero se ubic\u00f3 cerca de la parte superior de la lista de instalaciones de la ciudad que necesitan mejoras. No fue hasta que los residentes se unieron a los organizadores del Heartland Workers Center y se pusieron a trabajar.<\/p>\n\n\n<div class=\"wp-block-image\">\n<figure class=\"aligncenter size-large is-resized\"><img loading=\"lazy\" decoding=\"async\" src=\"https:\/\/el-perico.com\/wp-content\/uploads\/2023\/06\/Before_AfterBrownPark-728x1024.jpg\" alt=\"\" class=\"wp-image-9441\" width=\"508\" height=\"715\" srcset=\"https:\/\/el-perico.com\/wp-content\/uploads\/2023\/06\/Before_AfterBrownPark-728x1024.jpg 728w, https:\/\/el-perico.com\/wp-content\/uploads\/2023\/06\/Before_AfterBrownPark-213x300.jpg 213w, https:\/\/el-perico.com\/wp-content\/uploads\/2023\/06\/Before_AfterBrownPark-768x1081.jpg 768w, https:\/\/el-perico.com\/wp-content\/uploads\/2023\/06\/Before_AfterBrownPark-400x563.jpg 400w, https:\/\/el-perico.com\/wp-content\/uploads\/2023\/06\/Before_AfterBrownPark.jpg 1080w\" sizes=\"auto, (max-width: 508px) 100vw, 508px\" \/><figcaption class=\"wp-element-caption\"><strong>Brown Park antes y despu\u00e9s de las renovaciones. Fotos por Vanessa Mac\u00edas y Bridget Fogarty.<\/strong><\/figcaption><\/figure>\n<\/div>\n\n\n<p>Cinco a\u00f1os desde la primera reuni\u00f3n de vecinos sobre el futuro del parque, un nuevo y mejorado Parque Brown est\u00e1 abierto al p\u00fablico. Las familias pueden disfrutar de \u00e1reas de juegos m\u00e1s seguras, amplio estacionamiento, equipo de ejercicio para adultos, nuevas mesas de picnic y una acera a lo largo de 15th Street gracias.<\/p>\n\n\n\n<h2 class=\"wp-block-heading\"><strong>Vecinos lideran la lucha por el cambio<\/strong><\/h2>\n\n\n<div class=\"wp-block-image\">\n<figure class=\"aligncenter size-large is-resized\"><img loading=\"lazy\" decoding=\"async\" src=\"https:\/\/el-perico.com\/wp-content\/uploads\/2023\/06\/Jackie-Prado-1-1024x659.jpeg\" alt=\"\" class=\"wp-image-9443\" width=\"673\" height=\"433\" srcset=\"https:\/\/el-perico.com\/wp-content\/uploads\/2023\/06\/Jackie-Prado-1-1024x659.jpeg 1024w, https:\/\/el-perico.com\/wp-content\/uploads\/2023\/06\/Jackie-Prado-1-300x193.jpeg 300w, https:\/\/el-perico.com\/wp-content\/uploads\/2023\/06\/Jackie-Prado-1-768x494.jpeg 768w, https:\/\/el-perico.com\/wp-content\/uploads\/2023\/06\/Jackie-Prado-1-400x257.jpeg 400w, https:\/\/el-perico.com\/wp-content\/uploads\/2023\/06\/Jackie-Prado-1.jpeg 1170w\" sizes=\"auto, (max-width: 673px) 100vw, 673px\" \/><figcaption class=\"wp-element-caption\">Jackie Prados, ex organizadora del Heartland Workers Center, ayud\u00f3 a reunir a los vecinos que quer\u00edan hacer un cambio en su parque. Foto por Bridget Fogarty.<\/figcaption><\/figure>\n<\/div>\n\n\n<p>Mientras hac\u00edan visitas casa por casa en el sur de Omaha para las elecciones de 2017, los organizadores del Heartland Workers Center preguntaron a los residentes qu\u00e9 querr\u00edan mejorar en su comunidad. Muchos dijeron a Jackie Prados, quien en ese momento era organizadora comunitaria, que hab\u00edan querido ver prosperar a Brown Park durante muchos a\u00f1os.<\/p>\n\n\n\n<p>\u201cComenzamos a energizar a la comunidad\u201d y animamos a los vecinos a unirse para dar forma al futuro del parque, dijo Prados. Los vecinos realizaron reuniones en el parque y limpiezas. Pronto, el Heartland Workers Center se conect\u00f3 con Spark CDI, una organizaci\u00f3n sin fines de lucro que ayud\u00f3 a solicitar fondos y administrar el proyecto. Luego, los grupos se conectaron con Omaha Community Foundation y Omaha Parks &amp; Recreation.<\/p>\n\n\n\n<p>Los vecinos involucrados tambi\u00e9n se aseguraron de que los miembros de la comunidad que se beneficiar\u00edan m\u00e1s de un nuevo parque estuvieran informados sobre el proceso. Los l\u00edderes llevaron a un grupo de padres de G\u00f3mez Heritage a un recorrido por los parques alrededor de Omaha para ver c\u00f3mo otros parques difieren de los suyos.<\/p>\n\n\n\n<p>\u201cLlegaron a Brown Park y no quer\u00edan salir del autob\u00fas\u201d, dijo Mac\u00edas.<\/p>\n\n\n\n<h2 class=\"wp-block-heading\"><strong>\u201cNo te rindas\u201d<\/strong><\/h2>\n\n\n<div class=\"wp-block-image\">\n<figure class=\"aligncenter size-large is-resized\"><img loading=\"lazy\" decoding=\"async\" src=\"https:\/\/el-perico.com\/wp-content\/uploads\/2023\/06\/BrownPark1-3-1-1024x751.jpeg\" alt=\"\" class=\"wp-image-9445\" width=\"666\" height=\"488\" srcset=\"https:\/\/el-perico.com\/wp-content\/uploads\/2023\/06\/BrownPark1-3-1-1024x751.jpeg 1024w, https:\/\/el-perico.com\/wp-content\/uploads\/2023\/06\/BrownPark1-3-1-300x220.jpeg 300w, https:\/\/el-perico.com\/wp-content\/uploads\/2023\/06\/BrownPark1-3-1-768x563.jpeg 768w, https:\/\/el-perico.com\/wp-content\/uploads\/2023\/06\/BrownPark1-3-1-400x293.jpeg 400w, https:\/\/el-perico.com\/wp-content\/uploads\/2023\/06\/BrownPark1-3-1.jpeg 1137w\" sizes=\"auto, (max-width: 666px) 100vw, 666px\" \/><figcaption class=\"wp-element-caption\"><strong>El patio de recreo en Brown Park, ubicado en 5708 S. 15th St., est\u00e1 abierto al p\u00fablico despu\u00e9s de a\u00f1os de que los vecinos se organicen para los cambios.<\/strong><\/figcaption><\/figure>\n<\/div>\n\n\n<p>La participaci\u00f3n de los vecinos fue m\u00e1s alta de lo normal para un proyecto de este tama\u00f1o, dijo Katie Swanson, arquitecta paisajista y planificadora del Departamento de Parques y Recreaci\u00f3n. Swanson se reuni\u00f3 con personas del vecindario de Brown Park para crear un plan maestro para las renovaciones.<\/p>\n\n\n\n<p>\u201cTerminamos agregando mucho m\u00e1s a Brown Park de lo que normalmente agregar\u00edamos a un parque\u201d, dijo Swanson.<\/p>\n\n\n\n<p>La primera fase de renovaciones cost\u00f3 m\u00e1s de $500 000. La mayor\u00eda de los fondos provino de la Ciudad de Omaha y el resto de donantes y vecinos, seg\u00fan Swanson.<\/p>\n\n\n\n<p>Por ahora, la historia de Brown Park puede inspirar a otros en East Omaha que quieren ver un cambio pero no saben por d\u00f3nde empezar, dijo Prados. Cuando los vecinos notaron retrasos en el proyecto en el verano de 2021, continuaron reuni\u00e9ndose para hacer que el cambio sucediera.<\/p>\n\n\n\n<p>\u201cNo te rindas\u201d, dijo Prados, sonriendo mientras se sentaba en la nueva \u00e1rea de picnic y miraba el nuevo parque infantil. \u201cAhora, creo en el poder que tenemos como colectivo\u201d.<\/p>\n\n\n\n<p><em>P\u00f3ngase en contacto con la periodista: bridget@el-perico.com<\/em><\/p>\n","protected":false},"excerpt":{"rendered":"<p>Vanessa Macias recuerda la primera vez que visit\u00f3 Brown Park en el verano de 2015. \u00ab\u00a1Hombre! m\u00e1s vale que este parque valga la pena\u201d, pens\u00f3 la maestra de la Escuela Primaria G\u00f3mez Heritage mientras ella y sus estudiantes de la escuela de verano pasaban junto al campo de b\u00e9isbol y sub\u00edan una empinada colina cubierta [&hellip;]<\/p>\n","protected":false},"author":26,"featured_media":9437,"comment_status":"open","ping_status":"closed","sticky":true,"template":"","format":"standard","meta":{"newspack_ads_suppress_ads":false,"_newspack_byline_active":false,"_newspack_byline":"","newspack_hide_updated_date":false,"newspack_show_updated_date":false,"newspack_content_restriction_is_exempt":false,"newspack_featured_image_position":"large","newspack_post_subtitle":"","newspack_article_summary_title":"Overview:","newspack_article_summary":"","footnotes":""},"categories":[44,46,45],"tags":[1835,1840,1838,1672,1837,1839,1836],"newspack_spnsrs_tax":[],"coauthors":[1297],"class_list":["post-9436","post","type-post","status-publish","format-standard","has-post-thumbnail","hentry","category-la-vida-americana","category-reportaje","category-salud","tag-brown-park-2","tag-departamento-de-parques-y-recreacion","tag-east-omaha","tag-heartland-workers-center-2","tag-jackie-prados-2","tag-katie-swanson-2","tag-omaha-south-high-school-2","entry"],"yoast_head":"<!-- This site is optimized with the Yoast SEO plugin v27.5 - https:\/\/yoast.com\/product\/yoast-seo-wordpress\/ -->\n<title>Vecinos organizados logran reabrir el Brown Park - el perico<\/title>\n<meta name=\"robots\" content=\"index, follow, max-snippet:-1, max-image-preview:large, max-video-preview:-1\" \/>\n<link rel=\"canonical\" href=\"https:\/\/el-perico.com\/es\/vecinos-organizados-logran-reabrir-el-brown-park\/\" \/>\n<meta property=\"og:locale\" content=\"es_ES\" \/>\n<meta property=\"og:type\" content=\"article\" \/>\n<meta property=\"og:title\" content=\"Vecinos organizados logran reabrir el Brown Park - el perico\" \/>\n<meta property=\"og:description\" content=\"Vanessa Macias recuerda la primera vez que visit\u00f3 Brown Park en el verano de 2015. \u00ab\u00a1Hombre! m\u00e1s vale que este parque valga la pena\u201d, pens\u00f3 la maestra de la Escuela Primaria G\u00f3mez Heritage mientras ella y sus estudiantes de la escuela de verano pasaban junto al campo de b\u00e9isbol y sub\u00edan una empinada colina cubierta [&hellip;]\" \/>\n<meta property=\"og:url\" content=\"https:\/\/el-perico.com\/es\/vecinos-organizados-logran-reabrir-el-brown-park\/\" \/>\n<meta property=\"og:site_name\" content=\"el perico\" \/>\n<meta property=\"article:publisher\" content=\"https:\/\/www.facebook.com\/elpericoomaha\" \/>\n<meta property=\"article:published_time\" content=\"2023-06-01T16:32:46+00:00\" \/>\n<meta property=\"article:modified_time\" content=\"2023-06-02T16:08:34+00:00\" \/>\n<meta property=\"og:image\" content=\"https:\/\/el-perico.com\/wp-content\/uploads\/2023\/06\/IMG_7163-1-1-scaled.jpg\" \/>\n\t<meta property=\"og:image:width\" content=\"2560\" \/>\n\t<meta property=\"og:image:height\" content=\"1707\" \/>\n\t<meta property=\"og:image:type\" content=\"image\/jpeg\" \/>\n<meta name=\"author\" content=\"Bridget Fogarty, Report for America Corps Member\" \/>\n<meta name=\"twitter:card\" content=\"summary_large_image\" \/>\n<meta name=\"twitter:label1\" content=\"Escrito por\" \/>\n\t<meta name=\"twitter:data1\" content=\"Bridget Fogarty, Report for America Corps Member\" \/>\n\t<meta name=\"twitter:label2\" content=\"Tiempo de lectura\" \/>\n\t<meta name=\"twitter:data2\" content=\"4 minutos\" \/>\n\t<meta name=\"twitter:label3\" content=\"Written by\" \/>\n\t<meta name=\"twitter:data3\" content=\"Bridget Fogarty, Report for America Corps Member\" \/>\n<script type=\"application\/ld+json\" class=\"yoast-schema-graph\">{\"@context\":\"https:\\\/\\\/schema.org\",\"@graph\":[{\"@type\":\"Article\",\"@id\":\"https:\\\/\\\/el-perico.com\\\/es\\\/vecinos-organizados-logran-reabrir-el-brown-park\\\/#article\",\"isPartOf\":{\"@id\":\"https:\\\/\\\/el-perico.com\\\/es\\\/vecinos-organizados-logran-reabrir-el-brown-park\\\/\"},\"author\":{\"name\":\"Bridget Fogarty, Report for America Corps Member\",\"@id\":\"https:\\\/\\\/el-perico.com\\\/es\\\/#\\\/schema\\\/person\\\/c3c9a4c7cd6206a5b46fb472eff94bba\"},\"headline\":\"Vecinos organizados logran reabrir el Brown Park\",\"datePublished\":\"2023-06-01T16:32:46+00:00\",\"dateModified\":\"2023-06-02T16:08:34+00:00\",\"mainEntityOfPage\":{\"@id\":\"https:\\\/\\\/el-perico.com\\\/es\\\/vecinos-organizados-logran-reabrir-el-brown-park\\\/\"},\"wordCount\":756,\"commentCount\":0,\"publisher\":{\"@id\":\"https:\\\/\\\/el-perico.com\\\/es\\\/#organization\"},\"image\":{\"@id\":\"https:\\\/\\\/el-perico.com\\\/es\\\/vecinos-organizados-logran-reabrir-el-brown-park\\\/#primaryimage\"},\"thumbnailUrl\":\"https:\\\/\\\/el-perico.com\\\/wp-content\\\/uploads\\\/2023\\\/06\\\/IMG_7163-1-1-scaled.jpg\",\"keywords\":[\"Brown Park\",\"Departamento de Parques y Recreaci\u00f3n\",\"East Omaha\",\"Heartland Workers Center\",\"Jackie Prados\",\"Katie Swanson\",\"Omaha South High School\"],\"articleSection\":[\"La Vida Americana\",\"Reportaje\",\"Salud\"],\"inLanguage\":\"es\",\"potentialAction\":[{\"@type\":\"CommentAction\",\"name\":\"Comment\",\"target\":[\"https:\\\/\\\/el-perico.com\\\/es\\\/vecinos-organizados-logran-reabrir-el-brown-park\\\/#respond\"]}]},{\"@type\":\"WebPage\",\"@id\":\"https:\\\/\\\/el-perico.com\\\/es\\\/vecinos-organizados-logran-reabrir-el-brown-park\\\/\",\"url\":\"https:\\\/\\\/el-perico.com\\\/es\\\/vecinos-organizados-logran-reabrir-el-brown-park\\\/\",\"name\":\"Vecinos organizados logran reabrir el Brown Park - el perico\",\"isPartOf\":{\"@id\":\"https:\\\/\\\/el-perico.com\\\/es\\\/#website\"},\"primaryImageOfPage\":{\"@id\":\"https:\\\/\\\/el-perico.com\\\/es\\\/vecinos-organizados-logran-reabrir-el-brown-park\\\/#primaryimage\"},\"image\":{\"@id\":\"https:\\\/\\\/el-perico.com\\\/es\\\/vecinos-organizados-logran-reabrir-el-brown-park\\\/#primaryimage\"},\"thumbnailUrl\":\"https:\\\/\\\/el-perico.com\\\/wp-content\\\/uploads\\\/2023\\\/06\\\/IMG_7163-1-1-scaled.jpg\",\"datePublished\":\"2023-06-01T16:32:46+00:00\",\"dateModified\":\"2023-06-02T16:08:34+00:00\",\"breadcrumb\":{\"@id\":\"https:\\\/\\\/el-perico.com\\\/es\\\/vecinos-organizados-logran-reabrir-el-brown-park\\\/#breadcrumb\"},\"inLanguage\":\"es\",\"potentialAction\":[{\"@type\":\"ReadAction\",\"target\":[\"https:\\\/\\\/el-perico.com\\\/es\\\/vecinos-organizados-logran-reabrir-el-brown-park\\\/\"]}]},{\"@type\":\"ImageObject\",\"inLanguage\":\"es\",\"@id\":\"https:\\\/\\\/el-perico.com\\\/es\\\/vecinos-organizados-logran-reabrir-el-brown-park\\\/#primaryimage\",\"url\":\"https:\\\/\\\/el-perico.com\\\/wp-content\\\/uploads\\\/2023\\\/06\\\/IMG_7163-1-1-scaled.jpg\",\"contentUrl\":\"https:\\\/\\\/el-perico.com\\\/wp-content\\\/uploads\\\/2023\\\/06\\\/IMG_7163-1-1-scaled.jpg\",\"width\":2560,\"height\":1707,\"caption\":\"Joy (a la izquierda) juega con su hija Skye, de 4 a\u00f1os, en las nuevas renovaciones de Brown Park. Foto por Bridget Fogarty.\"},{\"@type\":\"BreadcrumbList\",\"@id\":\"https:\\\/\\\/el-perico.com\\\/es\\\/vecinos-organizados-logran-reabrir-el-brown-park\\\/#breadcrumb\",\"itemListElement\":[{\"@type\":\"ListItem\",\"position\":1,\"name\":\"Home\",\"item\":\"https:\\\/\\\/el-perico.com\\\/es\\\/\"},{\"@type\":\"ListItem\",\"position\":2,\"name\":\"Vecinos organizados logran reabrir el Brown Park\"}]},{\"@type\":\"WebSite\",\"@id\":\"https:\\\/\\\/el-perico.com\\\/es\\\/#website\",\"url\":\"https:\\\/\\\/el-perico.com\\\/es\\\/\",\"name\":\"el perico\",\"description\":\"La plataforma original de noticias e informaci\u00f3n para la comunidad hispana de Omaha\",\"publisher\":{\"@id\":\"https:\\\/\\\/el-perico.com\\\/es\\\/#organization\"},\"potentialAction\":[{\"@type\":\"SearchAction\",\"target\":{\"@type\":\"EntryPoint\",\"urlTemplate\":\"https:\\\/\\\/el-perico.com\\\/es\\\/?s={search_term_string}\"},\"query-input\":{\"@type\":\"PropertyValueSpecification\",\"valueRequired\":true,\"valueName\":\"search_term_string\"}}],\"inLanguage\":\"es\"},{\"@type\":\"Organization\",\"@id\":\"https:\\\/\\\/el-perico.com\\\/es\\\/#organization\",\"name\":\"el perico\",\"url\":\"https:\\\/\\\/el-perico.com\\\/es\\\/\",\"logo\":{\"@type\":\"ImageObject\",\"inLanguage\":\"es\",\"@id\":\"https:\\\/\\\/el-perico.com\\\/es\\\/#\\\/schema\\\/logo\\\/image\\\/\",\"url\":\"https:\\\/\\\/el-perico.com\\\/wp-content\\\/uploads\\\/2024\\\/05\\\/ElPerico-Logo_NPM-1-e1717102187440.png\",\"contentUrl\":\"https:\\\/\\\/el-perico.com\\\/wp-content\\\/uploads\\\/2024\\\/05\\\/ElPerico-Logo_NPM-1-e1717102187440.png\",\"width\":648,\"height\":216,\"caption\":\"el perico\"},\"image\":{\"@id\":\"https:\\\/\\\/el-perico.com\\\/es\\\/#\\\/schema\\\/logo\\\/image\\\/\"},\"sameAs\":[\"https:\\\/\\\/www.facebook.com\\\/elpericoomaha\"]},{\"@type\":\"Person\",\"@id\":\"https:\\\/\\\/el-perico.com\\\/es\\\/#\\\/schema\\\/person\\\/c3c9a4c7cd6206a5b46fb472eff94bba\",\"name\":\"Bridget Fogarty, Report for America Corps Member\",\"image\":{\"@type\":\"ImageObject\",\"inLanguage\":\"es\",\"@id\":\"https:\\\/\\\/secure.gravatar.com\\\/avatar\\\/cd24cc6ab228b710e2b4d7220545b2b721779200a44f3e80f3c94559fe9a16cb?s=96&d=mm&r=ged5896247ed259e9e7dbf3d4b3b2e52d\",\"url\":\"https:\\\/\\\/secure.gravatar.com\\\/avatar\\\/cd24cc6ab228b710e2b4d7220545b2b721779200a44f3e80f3c94559fe9a16cb?s=96&d=mm&r=g\",\"contentUrl\":\"https:\\\/\\\/secure.gravatar.com\\\/avatar\\\/cd24cc6ab228b710e2b4d7220545b2b721779200a44f3e80f3c94559fe9a16cb?s=96&d=mm&r=g\",\"caption\":\"Bridget Fogarty, Report for America Corps Member\"},\"description\":\"Bridget Fogarty is a Report for America Corps member reporting with El Perico and its English sister publication The Reader.\",\"url\":\"https:\\\/\\\/el-perico.com\\\/es\\\/author\\\/bridget-fogarty\\\/\"}]}<\/script>\n<!-- \/ Yoast SEO plugin. -->","yoast_head_json":{"title":"Vecinos organizados logran reabrir el Brown Park - el perico","robots":{"index":"index","follow":"follow","max-snippet":"max-snippet:-1","max-image-preview":"max-image-preview:large","max-video-preview":"max-video-preview:-1"},"canonical":"https:\/\/el-perico.com\/es\/vecinos-organizados-logran-reabrir-el-brown-park\/","og_locale":"es_ES","og_type":"article","og_title":"Vecinos organizados logran reabrir el Brown Park - el perico","og_description":"Vanessa Macias recuerda la primera vez que visit\u00f3 Brown Park en el verano de 2015. \u00ab\u00a1Hombre! m\u00e1s vale que este parque valga la pena\u201d, pens\u00f3 la maestra de la Escuela Primaria G\u00f3mez Heritage mientras ella y sus estudiantes de la escuela de verano pasaban junto al campo de b\u00e9isbol y sub\u00edan una empinada colina cubierta [&hellip;]","og_url":"https:\/\/el-perico.com\/es\/vecinos-organizados-logran-reabrir-el-brown-park\/","og_site_name":"el perico","article_publisher":"https:\/\/www.facebook.com\/elpericoomaha","article_published_time":"2023-06-01T16:32:46+00:00","article_modified_time":"2023-06-02T16:08:34+00:00","og_image":[{"width":2560,"height":1707,"url":"https:\/\/el-perico.com\/wp-content\/uploads\/2023\/06\/IMG_7163-1-1-scaled.jpg","type":"image\/jpeg"}],"author":"Bridget Fogarty, Report for America Corps Member","twitter_card":"summary_large_image","twitter_misc":{"Escrito por":"Bridget Fogarty, Report for America Corps Member","Tiempo de lectura":"4 minutos","Written by":"Bridget Fogarty, Report for America Corps Member"},"schema":{"@context":"https:\/\/schema.org","@graph":[{"@type":"Article","@id":"https:\/\/el-perico.com\/es\/vecinos-organizados-logran-reabrir-el-brown-park\/#article","isPartOf":{"@id":"https:\/\/el-perico.com\/es\/vecinos-organizados-logran-reabrir-el-brown-park\/"},"author":{"name":"Bridget Fogarty, Report for America Corps Member","@id":"https:\/\/el-perico.com\/es\/#\/schema\/person\/c3c9a4c7cd6206a5b46fb472eff94bba"},"headline":"Vecinos organizados logran reabrir el Brown Park","datePublished":"2023-06-01T16:32:46+00:00","dateModified":"2023-06-02T16:08:34+00:00","mainEntityOfPage":{"@id":"https:\/\/el-perico.com\/es\/vecinos-organizados-logran-reabrir-el-brown-park\/"},"wordCount":756,"commentCount":0,"publisher":{"@id":"https:\/\/el-perico.com\/es\/#organization"},"image":{"@id":"https:\/\/el-perico.com\/es\/vecinos-organizados-logran-reabrir-el-brown-park\/#primaryimage"},"thumbnailUrl":"https:\/\/el-perico.com\/wp-content\/uploads\/2023\/06\/IMG_7163-1-1-scaled.jpg","keywords":["Brown Park","Departamento de Parques y Recreaci\u00f3n","East Omaha","Heartland Workers Center","Jackie Prados","Katie Swanson","Omaha South High School"],"articleSection":["La Vida Americana","Reportaje","Salud"],"inLanguage":"es","potentialAction":[{"@type":"CommentAction","name":"Comment","target":["https:\/\/el-perico.com\/es\/vecinos-organizados-logran-reabrir-el-brown-park\/#respond"]}]},{"@type":"WebPage","@id":"https:\/\/el-perico.com\/es\/vecinos-organizados-logran-reabrir-el-brown-park\/","url":"https:\/\/el-perico.com\/es\/vecinos-organizados-logran-reabrir-el-brown-park\/","name":"Vecinos organizados logran reabrir el Brown Park - el perico","isPartOf":{"@id":"https:\/\/el-perico.com\/es\/#website"},"primaryImageOfPage":{"@id":"https:\/\/el-perico.com\/es\/vecinos-organizados-logran-reabrir-el-brown-park\/#primaryimage"},"image":{"@id":"https:\/\/el-perico.com\/es\/vecinos-organizados-logran-reabrir-el-brown-park\/#primaryimage"},"thumbnailUrl":"https:\/\/el-perico.com\/wp-content\/uploads\/2023\/06\/IMG_7163-1-1-scaled.jpg","datePublished":"2023-06-01T16:32:46+00:00","dateModified":"2023-06-02T16:08:34+00:00","breadcrumb":{"@id":"https:\/\/el-perico.com\/es\/vecinos-organizados-logran-reabrir-el-brown-park\/#breadcrumb"},"inLanguage":"es","potentialAction":[{"@type":"ReadAction","target":["https:\/\/el-perico.com\/es\/vecinos-organizados-logran-reabrir-el-brown-park\/"]}]},{"@type":"ImageObject","inLanguage":"es","@id":"https:\/\/el-perico.com\/es\/vecinos-organizados-logran-reabrir-el-brown-park\/#primaryimage","url":"https:\/\/el-perico.com\/wp-content\/uploads\/2023\/06\/IMG_7163-1-1-scaled.jpg","contentUrl":"https:\/\/el-perico.com\/wp-content\/uploads\/2023\/06\/IMG_7163-1-1-scaled.jpg","width":2560,"height":1707,"caption":"Joy (a la izquierda) juega con su hija Skye, de 4 a\u00f1os, en las nuevas renovaciones de Brown Park. Foto por Bridget Fogarty."},{"@type":"BreadcrumbList","@id":"https:\/\/el-perico.com\/es\/vecinos-organizados-logran-reabrir-el-brown-park\/#breadcrumb","itemListElement":[{"@type":"ListItem","position":1,"name":"Home","item":"https:\/\/el-perico.com\/es\/"},{"@type":"ListItem","position":2,"name":"Vecinos organizados logran reabrir el Brown Park"}]},{"@type":"WebSite","@id":"https:\/\/el-perico.com\/es\/#website","url":"https:\/\/el-perico.com\/es\/","name":"el perico","description":"La plataforma original de noticias e informaci\u00f3n para la comunidad hispana de Omaha","publisher":{"@id":"https:\/\/el-perico.com\/es\/#organization"},"potentialAction":[{"@type":"SearchAction","target":{"@type":"EntryPoint","urlTemplate":"https:\/\/el-perico.com\/es\/?s={search_term_string}"},"query-input":{"@type":"PropertyValueSpecification","valueRequired":true,"valueName":"search_term_string"}}],"inLanguage":"es"},{"@type":"Organization","@id":"https:\/\/el-perico.com\/es\/#organization","name":"el perico","url":"https:\/\/el-perico.com\/es\/","logo":{"@type":"ImageObject","inLanguage":"es","@id":"https:\/\/el-perico.com\/es\/#\/schema\/logo\/image\/","url":"https:\/\/el-perico.com\/wp-content\/uploads\/2024\/05\/ElPerico-Logo_NPM-1-e1717102187440.png","contentUrl":"https:\/\/el-perico.com\/wp-content\/uploads\/2024\/05\/ElPerico-Logo_NPM-1-e1717102187440.png","width":648,"height":216,"caption":"el perico"},"image":{"@id":"https:\/\/el-perico.com\/es\/#\/schema\/logo\/image\/"},"sameAs":["https:\/\/www.facebook.com\/elpericoomaha"]},{"@type":"Person","@id":"https:\/\/el-perico.com\/es\/#\/schema\/person\/c3c9a4c7cd6206a5b46fb472eff94bba","name":"Bridget Fogarty, Report for America Corps Member","image":{"@type":"ImageObject","inLanguage":"es","@id":"https:\/\/secure.gravatar.com\/avatar\/cd24cc6ab228b710e2b4d7220545b2b721779200a44f3e80f3c94559fe9a16cb?s=96&d=mm&r=ged5896247ed259e9e7dbf3d4b3b2e52d","url":"https:\/\/secure.gravatar.com\/avatar\/cd24cc6ab228b710e2b4d7220545b2b721779200a44f3e80f3c94559fe9a16cb?s=96&d=mm&r=g","contentUrl":"https:\/\/secure.gravatar.com\/avatar\/cd24cc6ab228b710e2b4d7220545b2b721779200a44f3e80f3c94559fe9a16cb?s=96&d=mm&r=g","caption":"Bridget Fogarty, Report for America Corps Member"},"description":"Bridget Fogarty is a Report for America Corps member reporting with El Perico and its English sister publication The Reader.","url":"https:\/\/el-perico.com\/es\/author\/bridget-fogarty\/"}]}},"_links":{"self":[{"href":"https:\/\/el-perico.com\/es\/wp-json\/wp\/v2\/posts\/9436","targetHints":{"allow":["GET"]}}],"collection":[{"href":"https:\/\/el-perico.com\/es\/wp-json\/wp\/v2\/posts"}],"about":[{"href":"https:\/\/el-perico.com\/es\/wp-json\/wp\/v2\/types\/post"}],"author":[{"embeddable":true,"href":"https:\/\/el-perico.com\/es\/wp-json\/wp\/v2\/users\/26"}],"replies":[{"embeddable":true,"href":"https:\/\/el-perico.com\/es\/wp-json\/wp\/v2\/comments?post=9436"}],"version-history":[{"count":1,"href":"https:\/\/el-perico.com\/es\/wp-json\/wp\/v2\/posts\/9436\/revisions"}],"predecessor-version":[{"id":9447,"href":"https:\/\/el-perico.com\/es\/wp-json\/wp\/v2\/posts\/9436\/revisions\/9447"}],"wp:featuredmedia":[{"embeddable":true,"href":"https:\/\/el-perico.com\/es\/wp-json\/wp\/v2\/media\/9437"}],"wp:attachment":[{"href":"https:\/\/el-perico.com\/es\/wp-json\/wp\/v2\/media?parent=9436"}],"wp:term":[{"taxonomy":"category","embeddable":true,"href":"https:\/\/el-perico.com\/es\/wp-json\/wp\/v2\/categories?post=9436"},{"taxonomy":"post_tag","embeddable":true,"href":"https:\/\/el-perico.com\/es\/wp-json\/wp\/v2\/tags?post=9436"},{"taxonomy":"newspack_spnsrs_tax","embeddable":true,"href":"https:\/\/el-perico.com\/es\/wp-json\/wp\/v2\/newspack_spnsrs_tax?post=9436"},{"taxonomy":"author","embeddable":true,"href":"https:\/\/el-perico.com\/es\/wp-json\/wp\/v2\/coauthors?post=9436"}],"curies":[{"name":"wp","href":"https:\/\/api.w.org\/{rel}","templated":true}]}}