{"id":9185,"date":"2023-04-11T11:05:39","date_gmt":"2023-04-11T15:05:39","guid":{"rendered":"https:\/\/el-perico.com\/?p=9185"},"modified":"2023-04-11T11:05:40","modified_gmt":"2023-04-11T15:05:40","slug":"el-salvador-abre-consulado-en-omaha","status":"publish","type":"post","link":"https:\/\/el-perico.com\/es\/el-salvador-abre-consulado-en-omaha\/","title":{"rendered":"El Salvador abre consulado en Omaha"},"content":{"rendered":"\n<p>Los salvadore\u00f1os residentes en Omaha se ahorrar\u00e1n m\u00e1s de ocho horas de camino a Aurora, Colorado para hacer tr\u00e1mites consulares, ya que El Salvador abri\u00f3 un nuevo consulado en el Condado de Douglas que estima atender a m\u00e1s de 30 mil salvadore\u00f1os en Nebraska.<\/p>\n\n\n\n<p>Esta ser\u00eda la sede n\u00famero 28 en todo el pa\u00eds y fue inaugurada el 8 de marzo, la cual ofrecer\u00e1 todos los servicios consulares como: la emisi\u00f3n o renovaci\u00f3n de pasaporte, registro del estado familiar, certificados de nacimiento, documentos notariales, y gesti\u00f3n de visas, entre otros.<\/p>\n\n\n\n<p>El c\u00f3nsul general Javier Men\u00e9ndez destac\u00f3 en una entrevista concedida a El Perico el pasado 20 de marzo en el edificio 11422 Miracle Hills Drive, suite 205, que con esta sede se cubren las necesidades de los salvadore\u00f1os en Nebraska que tienen que viajar alrededor de ocho horas desde Omaha hasta Aurora, Colorado para hacer los tr\u00e1mites consulares.<\/p>\n\n\n\n<p>\u201cToda la gente que ha venido (a Omaha) est\u00e1 muy contenta porque ha podido hacer su tr\u00e1mite y se le ha ayudado\u201d, coment\u00f3.<\/p>\n\n\n\n<p>Antes de su designaci\u00f3n, el c\u00f3nsul Men\u00e9ndez ocup\u00f3 un cargo por dos a\u00f1os como Ministro Consejero en Ecuador donde tuvo se encarg\u00f3 de asuntos consulares. Ha trabajado en relaciones exteriores desde 1995.<\/p>\n\n\n\n<h2 class=\"wp-block-heading\"><strong>Hay 28 consulados en EEUU<\/strong><\/h2>\n\n\n\n<p>Dentro del programa #Di\u00e1sporaSV tambi\u00e9n inauguraron las sedes consulares de Salt Lake City, en Utah y Nashville, in Tennessee. Es as\u00ed como El Salvador cuenta con 28 consulados en Estados Unidos. El de Omaha fue el n\u00famero 27 en abrirse.<\/p>\n\n\n\n<p>Durante la ceremonia de apertura asistieron varios miembros de la comunidad salvadore\u00f1a, as\u00ed como tambi\u00e9n la viceministra de Di\u00e1spora y Movilidad Humana, Cindy Mariella Portal, quien refiri\u00f3 que el consulado de Omaha beneficiar\u00e1 a m\u00e1s de 30 mil salvadore\u00f1os, que residen en la ciudad y en sus alrededores.<\/p>\n\n\n\n<p>Men\u00e9ndez agreg\u00f3 que por el momento la atenci\u00f3n en el consulado se dar\u00e1 por orden de llegada.<\/p>\n\n\n\n<h2 class=\"wp-block-heading\"><strong>Servicio a distancia<\/strong><\/h2>\n\n\n\n<p>Aparte del servicio en persona la canciller\u00eda ofrecer\u00e1 consultas virtuales operadas desde El Salvador para los residentes en Estados Unidos a modo de orientaci\u00f3n para los tr\u00e1mites que necesiten sus ciudadanos.<\/p>\n\n\n\n<p>\u201cM\u00e1s que ser un centro de llamadas, es un espacio para orientar a nuestra poblaci\u00f3n sobre tr\u00e1mites e incluso brindarles asesor\u00edas legales,\u201d aclara Men\u00e9ndez.<\/p>\n\n\n\n<p>Por otra parte, el c\u00f3nsul inform\u00f3 que en el transcurso del a\u00f1o realizar\u00e1n consulados m\u00f3viles ya que los servicios tambi\u00e9n se extienden a Kansas. Para ello habr\u00e1 anuncios a trav\u00e9s de la p\u00e1gina de Facebook Consulado General de El Salvador en Omaha, Nebraska.<\/p>\n\n\n\n<p>\u201c(El ciudadano) va con el equipo que estar\u00e1 espec\u00edficamente en Kansas para los mismos servicios de pasaportes y todo lo que hemos estado practicando en Nebraska\u201d, explica Men\u00e9ndez.<\/p>\n\n\n<div class=\"wp-block-image\">\n<figure class=\"aligncenter size-large is-resized\"><img loading=\"lazy\" decoding=\"async\" src=\"https:\/\/el-perico.com\/wp-content\/uploads\/2023\/04\/f0df0961-f9f9-4e4b-a16b-bf77174e3dfc-1024x520.jpg\" alt=\"\" class=\"wp-image-9189\" width=\"810\" height=\"411\" srcset=\"https:\/\/el-perico.com\/wp-content\/uploads\/2023\/04\/f0df0961-f9f9-4e4b-a16b-bf77174e3dfc-1024x520.jpg 1024w, https:\/\/el-perico.com\/wp-content\/uploads\/2023\/04\/f0df0961-f9f9-4e4b-a16b-bf77174e3dfc-300x152.jpg 300w, https:\/\/el-perico.com\/wp-content\/uploads\/2023\/04\/f0df0961-f9f9-4e4b-a16b-bf77174e3dfc-768x390.jpg 768w, https:\/\/el-perico.com\/wp-content\/uploads\/2023\/04\/f0df0961-f9f9-4e4b-a16b-bf77174e3dfc-1200x609.jpg 1200w, https:\/\/el-perico.com\/wp-content\/uploads\/2023\/04\/f0df0961-f9f9-4e4b-a16b-bf77174e3dfc-400x203.jpg 400w, https:\/\/el-perico.com\/wp-content\/uploads\/2023\/04\/f0df0961-f9f9-4e4b-a16b-bf77174e3dfc.jpg 1280w\" sizes=\"auto, (max-width: 810px) 100vw, 810px\" \/><figcaption class=\"wp-element-caption\">La comunidad se re\u00fane para celebrar el abre del Consulado de El Salvador en Omaha. Foto de cortes\u00eda del Consulado.<\/figcaption><\/figure>\n<\/div>\n\n\n<h2 class=\"wp-block-heading\">Eventos<\/h2>\n\n\n\n<p>El consulado planea organizar eventos para honrar la cultura salvadore\u00f1a y mostrar a los ciudadanos salvadore\u00f1os que la canciller\u00eda est\u00e1 junto a ellos.<\/p>\n\n\n\n<p>\u201cPara el 15 de septiembre, qu\u00e9 es la independencia, queremos planear un evento comunitario donde se invitar\u00e1 a los salvadore\u00f1os para reunirnos y demostrar que estamos a su lado,\u201d comparte Men\u00e9ndez.<\/p>\n\n\n\n<p>Sobre las elecciones presidenciales de febrero de 2024, el consulado a\u00fan est\u00e1 esperando indicaciones para los respectivos registros y funciones.<\/p>\n\n\n\n<p>Para servicios telef\u00f3nicos, el consulado virtual puede ser contactado a trav\u00e9s de WhatsApp: + 503-7070-1071 o con la llamada gratuita al 1-888-301-1130.<\/p>\n\n\n\n<p><em>Habla con la periodista en natalie@el-perico.com<\/em><\/p>\n","protected":false},"excerpt":{"rendered":"<p>Los salvadore\u00f1os residentes en Omaha se ahorrar\u00e1n m\u00e1s de ocho horas de camino a Aurora, Colorado para hacer tr\u00e1mites consulares, ya que El Salvador abri\u00f3 un nuevo consulado en el Condado de Douglas que estima atender a m\u00e1s de 30 mil salvadore\u00f1os en Nebraska. Esta ser\u00eda la sede n\u00famero 28 en todo el pa\u00eds y [&hellip;]<\/p>\n","protected":false},"author":45,"featured_media":9186,"comment_status":"open","ping_status":"closed","sticky":true,"template":"","format":"standard","meta":{"newspack_ads_suppress_ads":false,"_newspack_byline_active":false,"_newspack_byline":"","newspack_hide_updated_date":false,"newspack_show_updated_date":false,"newspack_content_restriction_is_exempt":false,"newspack_featured_image_position":"large","newspack_post_subtitle":"El consulado estima atender a m\u00e1s de 30 mil salvadore\u00f1os en Nebraska.","newspack_article_summary_title":"Overview:","newspack_article_summary":"","footnotes":""},"categories":[40,44,46],"tags":[1782,1781,1779,1784,1703,1785,1783,1780,1335],"newspack_spnsrs_tax":[],"coauthors":[1631],"class_list":["post-9185","post","type-post","status-publish","format-standard","has-post-thumbnail","hentry","category-inmigracion","category-la-vida-americana","category-reportaje","tag-diasporasv","tag-11422-miracle-hills-drive","tag-aurora","tag-cindy-mariella-portal","tag-condado-de-douglas","tag-consulado-omaha","tag-diaspora-y-movilidad-humana","tag-javier-menendez","tag-omaha","entry"],"yoast_head":"<!-- This site is optimized with the Yoast SEO plugin v27.5 - https:\/\/yoast.com\/product\/yoast-seo-wordpress\/ -->\n<title>El Salvador abre consulado en Omaha - el perico<\/title>\n<meta name=\"robots\" content=\"index, follow, max-snippet:-1, max-image-preview:large, max-video-preview:-1\" \/>\n<link rel=\"canonical\" href=\"https:\/\/el-perico.com\/es\/el-salvador-abre-consulado-en-omaha\/\" \/>\n<meta property=\"og:locale\" content=\"es_ES\" \/>\n<meta property=\"og:type\" content=\"article\" \/>\n<meta property=\"og:title\" content=\"El Salvador abre consulado en Omaha - el perico\" \/>\n<meta property=\"og:description\" content=\"Los salvadore\u00f1os residentes en Omaha se ahorrar\u00e1n m\u00e1s de ocho horas de camino a Aurora, Colorado para hacer tr\u00e1mites consulares, ya que El Salvador abri\u00f3 un nuevo consulado en el Condado de Douglas que estima atender a m\u00e1s de 30 mil salvadore\u00f1os en Nebraska. Esta ser\u00eda la sede n\u00famero 28 en todo el pa\u00eds y [&hellip;]\" \/>\n<meta property=\"og:url\" content=\"https:\/\/el-perico.com\/es\/el-salvador-abre-consulado-en-omaha\/\" \/>\n<meta property=\"og:site_name\" content=\"el perico\" \/>\n<meta property=\"article:publisher\" content=\"https:\/\/www.facebook.com\/elpericoomaha\" \/>\n<meta property=\"article:published_time\" content=\"2023-04-11T15:05:39+00:00\" \/>\n<meta property=\"article:modified_time\" content=\"2023-04-11T15:05:40+00:00\" \/>\n<meta property=\"og:image\" content=\"https:\/\/el-perico.com\/wp-content\/uploads\/2023\/04\/83b99e13-0041-4d98-bce8-5b93b36178f9.jpg\" \/>\n\t<meta property=\"og:image:width\" content=\"1280\" \/>\n\t<meta property=\"og:image:height\" content=\"720\" \/>\n\t<meta property=\"og:image:type\" content=\"image\/jpeg\" \/>\n<meta name=\"author\" content=\"Natalie Veloso\" \/>\n<meta name=\"twitter:card\" content=\"summary_large_image\" \/>\n<meta name=\"twitter:label1\" content=\"Escrito por\" \/>\n\t<meta name=\"twitter:data1\" content=\"Natalie Veloso\" \/>\n\t<meta name=\"twitter:label2\" content=\"Tiempo de lectura\" \/>\n\t<meta name=\"twitter:data2\" content=\"3 minutos\" \/>\n\t<meta name=\"twitter:label3\" content=\"Written by\" \/>\n\t<meta name=\"twitter:data3\" content=\"Natalie Veloso\" \/>\n<script type=\"application\/ld+json\" class=\"yoast-schema-graph\">{\"@context\":\"https:\\\/\\\/schema.org\",\"@graph\":[{\"@type\":\"Article\",\"@id\":\"https:\\\/\\\/el-perico.com\\\/es\\\/el-salvador-abre-consulado-en-omaha\\\/#article\",\"isPartOf\":{\"@id\":\"https:\\\/\\\/el-perico.com\\\/es\\\/el-salvador-abre-consulado-en-omaha\\\/\"},\"author\":{\"name\":\"Natalie Veloso\",\"@id\":\"https:\\\/\\\/el-perico.com\\\/es\\\/#\\\/schema\\\/person\\\/182b68d31186bcad5287eaf007e01af0\"},\"headline\":\"El Salvador abre consulado en Omaha\",\"datePublished\":\"2023-04-11T15:05:39+00:00\",\"dateModified\":\"2023-04-11T15:05:40+00:00\",\"mainEntityOfPage\":{\"@id\":\"https:\\\/\\\/el-perico.com\\\/es\\\/el-salvador-abre-consulado-en-omaha\\\/\"},\"wordCount\":620,\"commentCount\":0,\"publisher\":{\"@id\":\"https:\\\/\\\/el-perico.com\\\/es\\\/#organization\"},\"image\":{\"@id\":\"https:\\\/\\\/el-perico.com\\\/es\\\/el-salvador-abre-consulado-en-omaha\\\/#primaryimage\"},\"thumbnailUrl\":\"https:\\\/\\\/el-perico.com\\\/wp-content\\\/uploads\\\/2023\\\/04\\\/83b99e13-0041-4d98-bce8-5b93b36178f9.jpg\",\"keywords\":[\"#Di\u00e1sporaSV\",\"11422 Miracle Hills Drive\",\"Aurora\",\"Cindy Mariella Portal\",\"condado de douglas\",\"consulado Omaha\",\"Di\u00e1spora y Movilidad Humana\",\"Javier Men\u00e9ndez\",\"Omaha\"],\"articleSection\":[\"Inmigracion\",\"La Vida Americana\",\"Reportaje\"],\"inLanguage\":\"es\",\"potentialAction\":[{\"@type\":\"CommentAction\",\"name\":\"Comment\",\"target\":[\"https:\\\/\\\/el-perico.com\\\/es\\\/el-salvador-abre-consulado-en-omaha\\\/#respond\"]}]},{\"@type\":\"WebPage\",\"@id\":\"https:\\\/\\\/el-perico.com\\\/es\\\/el-salvador-abre-consulado-en-omaha\\\/\",\"url\":\"https:\\\/\\\/el-perico.com\\\/es\\\/el-salvador-abre-consulado-en-omaha\\\/\",\"name\":\"El Salvador abre consulado en Omaha - el perico\",\"isPartOf\":{\"@id\":\"https:\\\/\\\/el-perico.com\\\/es\\\/#website\"},\"primaryImageOfPage\":{\"@id\":\"https:\\\/\\\/el-perico.com\\\/es\\\/el-salvador-abre-consulado-en-omaha\\\/#primaryimage\"},\"image\":{\"@id\":\"https:\\\/\\\/el-perico.com\\\/es\\\/el-salvador-abre-consulado-en-omaha\\\/#primaryimage\"},\"thumbnailUrl\":\"https:\\\/\\\/el-perico.com\\\/wp-content\\\/uploads\\\/2023\\\/04\\\/83b99e13-0041-4d98-bce8-5b93b36178f9.jpg\",\"datePublished\":\"2023-04-11T15:05:39+00:00\",\"dateModified\":\"2023-04-11T15:05:40+00:00\",\"breadcrumb\":{\"@id\":\"https:\\\/\\\/el-perico.com\\\/es\\\/el-salvador-abre-consulado-en-omaha\\\/#breadcrumb\"},\"inLanguage\":\"es\",\"potentialAction\":[{\"@type\":\"ReadAction\",\"target\":[\"https:\\\/\\\/el-perico.com\\\/es\\\/el-salvador-abre-consulado-en-omaha\\\/\"]}]},{\"@type\":\"ImageObject\",\"inLanguage\":\"es\",\"@id\":\"https:\\\/\\\/el-perico.com\\\/es\\\/el-salvador-abre-consulado-en-omaha\\\/#primaryimage\",\"url\":\"https:\\\/\\\/el-perico.com\\\/wp-content\\\/uploads\\\/2023\\\/04\\\/83b99e13-0041-4d98-bce8-5b93b36178f9.jpg\",\"contentUrl\":\"https:\\\/\\\/el-perico.com\\\/wp-content\\\/uploads\\\/2023\\\/04\\\/83b99e13-0041-4d98-bce8-5b93b36178f9.jpg\",\"width\":1280,\"height\":720},{\"@type\":\"BreadcrumbList\",\"@id\":\"https:\\\/\\\/el-perico.com\\\/es\\\/el-salvador-abre-consulado-en-omaha\\\/#breadcrumb\",\"itemListElement\":[{\"@type\":\"ListItem\",\"position\":1,\"name\":\"Home\",\"item\":\"https:\\\/\\\/el-perico.com\\\/es\\\/\"},{\"@type\":\"ListItem\",\"position\":2,\"name\":\"El Salvador abre consulado en Omaha\"}]},{\"@type\":\"WebSite\",\"@id\":\"https:\\\/\\\/el-perico.com\\\/es\\\/#website\",\"url\":\"https:\\\/\\\/el-perico.com\\\/es\\\/\",\"name\":\"el perico\",\"description\":\"La plataforma original de noticias e informaci\u00f3n para la comunidad hispana de Omaha\",\"publisher\":{\"@id\":\"https:\\\/\\\/el-perico.com\\\/es\\\/#organization\"},\"potentialAction\":[{\"@type\":\"SearchAction\",\"target\":{\"@type\":\"EntryPoint\",\"urlTemplate\":\"https:\\\/\\\/el-perico.com\\\/es\\\/?s={search_term_string}\"},\"query-input\":{\"@type\":\"PropertyValueSpecification\",\"valueRequired\":true,\"valueName\":\"search_term_string\"}}],\"inLanguage\":\"es\"},{\"@type\":\"Organization\",\"@id\":\"https:\\\/\\\/el-perico.com\\\/es\\\/#organization\",\"name\":\"el perico\",\"url\":\"https:\\\/\\\/el-perico.com\\\/es\\\/\",\"logo\":{\"@type\":\"ImageObject\",\"inLanguage\":\"es\",\"@id\":\"https:\\\/\\\/el-perico.com\\\/es\\\/#\\\/schema\\\/logo\\\/image\\\/\",\"url\":\"https:\\\/\\\/el-perico.com\\\/wp-content\\\/uploads\\\/2024\\\/05\\\/ElPerico-Logo_NPM-1-e1717102187440.png\",\"contentUrl\":\"https:\\\/\\\/el-perico.com\\\/wp-content\\\/uploads\\\/2024\\\/05\\\/ElPerico-Logo_NPM-1-e1717102187440.png\",\"width\":648,\"height\":216,\"caption\":\"el perico\"},\"image\":{\"@id\":\"https:\\\/\\\/el-perico.com\\\/es\\\/#\\\/schema\\\/logo\\\/image\\\/\"},\"sameAs\":[\"https:\\\/\\\/www.facebook.com\\\/elpericoomaha\"]},{\"@type\":\"Person\",\"@id\":\"https:\\\/\\\/el-perico.com\\\/es\\\/#\\\/schema\\\/person\\\/182b68d31186bcad5287eaf007e01af0\",\"name\":\"Natalie Veloso\",\"image\":{\"@type\":\"ImageObject\",\"inLanguage\":\"es\",\"@id\":\"https:\\\/\\\/secure.gravatar.com\\\/avatar\\\/868d0181205c9c1efb650a6fde6351ff96db7b0042901bfa292bc0b407a6beff?s=96&d=mm&r=g8e1f2a97f5663605c8917251b5ae182b\",\"url\":\"https:\\\/\\\/secure.gravatar.com\\\/avatar\\\/868d0181205c9c1efb650a6fde6351ff96db7b0042901bfa292bc0b407a6beff?s=96&d=mm&r=g\",\"contentUrl\":\"https:\\\/\\\/secure.gravatar.com\\\/avatar\\\/868d0181205c9c1efb650a6fde6351ff96db7b0042901bfa292bc0b407a6beff?s=96&d=mm&r=g\",\"caption\":\"Natalie Veloso\"},\"url\":\"https:\\\/\\\/el-perico.com\\\/es\\\/author\\\/ep_admin_5790345\\\/\"}]}<\/script>\n<!-- \/ Yoast SEO plugin. -->","yoast_head_json":{"title":"El Salvador abre consulado en Omaha - el perico","robots":{"index":"index","follow":"follow","max-snippet":"max-snippet:-1","max-image-preview":"max-image-preview:large","max-video-preview":"max-video-preview:-1"},"canonical":"https:\/\/el-perico.com\/es\/el-salvador-abre-consulado-en-omaha\/","og_locale":"es_ES","og_type":"article","og_title":"El Salvador abre consulado en Omaha - el perico","og_description":"Los salvadore\u00f1os residentes en Omaha se ahorrar\u00e1n m\u00e1s de ocho horas de camino a Aurora, Colorado para hacer tr\u00e1mites consulares, ya que El Salvador abri\u00f3 un nuevo consulado en el Condado de Douglas que estima atender a m\u00e1s de 30 mil salvadore\u00f1os en Nebraska. Esta ser\u00eda la sede n\u00famero 28 en todo el pa\u00eds y [&hellip;]","og_url":"https:\/\/el-perico.com\/es\/el-salvador-abre-consulado-en-omaha\/","og_site_name":"el perico","article_publisher":"https:\/\/www.facebook.com\/elpericoomaha","article_published_time":"2023-04-11T15:05:39+00:00","article_modified_time":"2023-04-11T15:05:40+00:00","og_image":[{"width":1280,"height":720,"url":"https:\/\/el-perico.com\/wp-content\/uploads\/2023\/04\/83b99e13-0041-4d98-bce8-5b93b36178f9.jpg","type":"image\/jpeg"}],"author":"Natalie Veloso","twitter_card":"summary_large_image","twitter_misc":{"Escrito por":"Natalie Veloso","Tiempo de lectura":"3 minutos","Written by":"Natalie Veloso"},"schema":{"@context":"https:\/\/schema.org","@graph":[{"@type":"Article","@id":"https:\/\/el-perico.com\/es\/el-salvador-abre-consulado-en-omaha\/#article","isPartOf":{"@id":"https:\/\/el-perico.com\/es\/el-salvador-abre-consulado-en-omaha\/"},"author":{"name":"Natalie Veloso","@id":"https:\/\/el-perico.com\/es\/#\/schema\/person\/182b68d31186bcad5287eaf007e01af0"},"headline":"El Salvador abre consulado en Omaha","datePublished":"2023-04-11T15:05:39+00:00","dateModified":"2023-04-11T15:05:40+00:00","mainEntityOfPage":{"@id":"https:\/\/el-perico.com\/es\/el-salvador-abre-consulado-en-omaha\/"},"wordCount":620,"commentCount":0,"publisher":{"@id":"https:\/\/el-perico.com\/es\/#organization"},"image":{"@id":"https:\/\/el-perico.com\/es\/el-salvador-abre-consulado-en-omaha\/#primaryimage"},"thumbnailUrl":"https:\/\/el-perico.com\/wp-content\/uploads\/2023\/04\/83b99e13-0041-4d98-bce8-5b93b36178f9.jpg","keywords":["#Di\u00e1sporaSV","11422 Miracle Hills Drive","Aurora","Cindy Mariella Portal","condado de douglas","consulado Omaha","Di\u00e1spora y Movilidad Humana","Javier Men\u00e9ndez","Omaha"],"articleSection":["Inmigracion","La Vida Americana","Reportaje"],"inLanguage":"es","potentialAction":[{"@type":"CommentAction","name":"Comment","target":["https:\/\/el-perico.com\/es\/el-salvador-abre-consulado-en-omaha\/#respond"]}]},{"@type":"WebPage","@id":"https:\/\/el-perico.com\/es\/el-salvador-abre-consulado-en-omaha\/","url":"https:\/\/el-perico.com\/es\/el-salvador-abre-consulado-en-omaha\/","name":"El Salvador abre consulado en Omaha - el perico","isPartOf":{"@id":"https:\/\/el-perico.com\/es\/#website"},"primaryImageOfPage":{"@id":"https:\/\/el-perico.com\/es\/el-salvador-abre-consulado-en-omaha\/#primaryimage"},"image":{"@id":"https:\/\/el-perico.com\/es\/el-salvador-abre-consulado-en-omaha\/#primaryimage"},"thumbnailUrl":"https:\/\/el-perico.com\/wp-content\/uploads\/2023\/04\/83b99e13-0041-4d98-bce8-5b93b36178f9.jpg","datePublished":"2023-04-11T15:05:39+00:00","dateModified":"2023-04-11T15:05:40+00:00","breadcrumb":{"@id":"https:\/\/el-perico.com\/es\/el-salvador-abre-consulado-en-omaha\/#breadcrumb"},"inLanguage":"es","potentialAction":[{"@type":"ReadAction","target":["https:\/\/el-perico.com\/es\/el-salvador-abre-consulado-en-omaha\/"]}]},{"@type":"ImageObject","inLanguage":"es","@id":"https:\/\/el-perico.com\/es\/el-salvador-abre-consulado-en-omaha\/#primaryimage","url":"https:\/\/el-perico.com\/wp-content\/uploads\/2023\/04\/83b99e13-0041-4d98-bce8-5b93b36178f9.jpg","contentUrl":"https:\/\/el-perico.com\/wp-content\/uploads\/2023\/04\/83b99e13-0041-4d98-bce8-5b93b36178f9.jpg","width":1280,"height":720},{"@type":"BreadcrumbList","@id":"https:\/\/el-perico.com\/es\/el-salvador-abre-consulado-en-omaha\/#breadcrumb","itemListElement":[{"@type":"ListItem","position":1,"name":"Home","item":"https:\/\/el-perico.com\/es\/"},{"@type":"ListItem","position":2,"name":"El Salvador abre consulado en Omaha"}]},{"@type":"WebSite","@id":"https:\/\/el-perico.com\/es\/#website","url":"https:\/\/el-perico.com\/es\/","name":"el perico","description":"La plataforma original de noticias e informaci\u00f3n para la comunidad hispana de Omaha","publisher":{"@id":"https:\/\/el-perico.com\/es\/#organization"},"potentialAction":[{"@type":"SearchAction","target":{"@type":"EntryPoint","urlTemplate":"https:\/\/el-perico.com\/es\/?s={search_term_string}"},"query-input":{"@type":"PropertyValueSpecification","valueRequired":true,"valueName":"search_term_string"}}],"inLanguage":"es"},{"@type":"Organization","@id":"https:\/\/el-perico.com\/es\/#organization","name":"el perico","url":"https:\/\/el-perico.com\/es\/","logo":{"@type":"ImageObject","inLanguage":"es","@id":"https:\/\/el-perico.com\/es\/#\/schema\/logo\/image\/","url":"https:\/\/el-perico.com\/wp-content\/uploads\/2024\/05\/ElPerico-Logo_NPM-1-e1717102187440.png","contentUrl":"https:\/\/el-perico.com\/wp-content\/uploads\/2024\/05\/ElPerico-Logo_NPM-1-e1717102187440.png","width":648,"height":216,"caption":"el perico"},"image":{"@id":"https:\/\/el-perico.com\/es\/#\/schema\/logo\/image\/"},"sameAs":["https:\/\/www.facebook.com\/elpericoomaha"]},{"@type":"Person","@id":"https:\/\/el-perico.com\/es\/#\/schema\/person\/182b68d31186bcad5287eaf007e01af0","name":"Natalie Veloso","image":{"@type":"ImageObject","inLanguage":"es","@id":"https:\/\/secure.gravatar.com\/avatar\/868d0181205c9c1efb650a6fde6351ff96db7b0042901bfa292bc0b407a6beff?s=96&d=mm&r=g8e1f2a97f5663605c8917251b5ae182b","url":"https:\/\/secure.gravatar.com\/avatar\/868d0181205c9c1efb650a6fde6351ff96db7b0042901bfa292bc0b407a6beff?s=96&d=mm&r=g","contentUrl":"https:\/\/secure.gravatar.com\/avatar\/868d0181205c9c1efb650a6fde6351ff96db7b0042901bfa292bc0b407a6beff?s=96&d=mm&r=g","caption":"Natalie Veloso"},"url":"https:\/\/el-perico.com\/es\/author\/ep_admin_5790345\/"}]}},"_links":{"self":[{"href":"https:\/\/el-perico.com\/es\/wp-json\/wp\/v2\/posts\/9185","targetHints":{"allow":["GET"]}}],"collection":[{"href":"https:\/\/el-perico.com\/es\/wp-json\/wp\/v2\/posts"}],"about":[{"href":"https:\/\/el-perico.com\/es\/wp-json\/wp\/v2\/types\/post"}],"author":[{"embeddable":true,"href":"https:\/\/el-perico.com\/es\/wp-json\/wp\/v2\/users\/45"}],"replies":[{"embeddable":true,"href":"https:\/\/el-perico.com\/es\/wp-json\/wp\/v2\/comments?post=9185"}],"version-history":[{"count":1,"href":"https:\/\/el-perico.com\/es\/wp-json\/wp\/v2\/posts\/9185\/revisions"}],"predecessor-version":[{"id":9191,"href":"https:\/\/el-perico.com\/es\/wp-json\/wp\/v2\/posts\/9185\/revisions\/9191"}],"wp:featuredmedia":[{"embeddable":true,"href":"https:\/\/el-perico.com\/es\/wp-json\/wp\/v2\/media\/9186"}],"wp:attachment":[{"href":"https:\/\/el-perico.com\/es\/wp-json\/wp\/v2\/media?parent=9185"}],"wp:term":[{"taxonomy":"category","embeddable":true,"href":"https:\/\/el-perico.com\/es\/wp-json\/wp\/v2\/categories?post=9185"},{"taxonomy":"post_tag","embeddable":true,"href":"https:\/\/el-perico.com\/es\/wp-json\/wp\/v2\/tags?post=9185"},{"taxonomy":"newspack_spnsrs_tax","embeddable":true,"href":"https:\/\/el-perico.com\/es\/wp-json\/wp\/v2\/newspack_spnsrs_tax?post=9185"},{"taxonomy":"author","embeddable":true,"href":"https:\/\/el-perico.com\/es\/wp-json\/wp\/v2\/coauthors?post=9185"}],"curies":[{"name":"wp","href":"https:\/\/api.w.org\/{rel}","templated":true}]}}