{"id":9088,"date":"2023-03-21T12:30:00","date_gmt":"2023-03-21T16:30:00","guid":{"rendered":"https:\/\/el-perico.com\/?p=9088"},"modified":"2023-04-25T11:49:50","modified_gmt":"2023-04-25T15:49:50","slug":"omahans-can-give-input-on-the-2023-omaha-library-plans-before-may-1-heres-how","status":"publish","type":"post","link":"https:\/\/el-perico.com\/es\/omahans-can-give-input-on-the-2023-omaha-library-plans-before-may-1-heres-how\/","title":{"rendered":"Comparte su opini\u00f3n sobre el futuro de la Biblioteca P\u00fablica de Omaha"},"content":{"rendered":"\n<p>\u00bfDesea unirse a la conversaci\u00f3n sobre el futuro de su biblioteca p\u00fablica? La Biblioteca P\u00fablica de Omaha, la Fundaci\u00f3n de la Biblioteca P\u00fablica de Omaha, la Ciudad de Omaha, Do Space, Heritage Omaha y la comunidad de Omaha est\u00e1n trabajando juntas para desarrollar un Plan de Instalaciones de Bibliotecas 2023 para toda la ciudad de Omaha.<\/p>\n\n\n\n<p>Visite este breve encuesta <a href=\"https:\/\/oplsurvey.org\/spanish\/\">aqu\u00ed<\/a> antes del 1 de mayo y comparta su visi\u00f3n para el futuro de su biblioteca.<\/p>\n\n\n\n<p>Los grupos tambi\u00e9n ten\u00edan seis eventos p\u00fablicos para escuchar a la gente de Omaha que ayudar\u00e1 a determinar el plan, seg\u00fan un comunicado de prensa. <\/p>\n\n\n\n<p><strong>Encuentra los eventos aqu\u00ed:<\/strong><\/p>\n\n\n\n<p><a href=\"https:\/\/www.eventbrite.com\/e\/open-house-the-simple-foundation-citywide-library-facilities-plan-tickets-572008652277\" target=\"_blank\" rel=\"noreferrer noopener\"><strong>martes el 21 de marzo, 5 a 7 p.m.<\/strong><\/a>: <strong>The Simple Foundation, 3003 Q Street&nbsp;<\/strong><\/p>\n\n\n\n<p><a href=\"https:\/\/www.eventbrite.com\/e\/open-house-village-empowerment-center-citywide-library-facilities-plan-tickets-571158710077\" target=\"_blank\" rel=\"noreferrer noopener\"><strong>miercoles el 22 de marzo, 2 a 6 p.m.<\/strong><\/a>: <strong>Village Empowerment Center, 5190 Sprague Plaza<\/strong><\/p>\n\n\n\n<p><a href=\"https:\/\/www.eventbrite.com\/e\/open-house-do-space-citywide-library-facilities-plan-tickets-547832821717\" target=\"_blank\" rel=\"noreferrer noopener\"><strong>jueves el 23 de marzo, 5 a 7 p.m.:<\/strong><\/a> <strong>Do Space, 7205 Dodge Street<\/strong><\/p>\n\n\n\n<p><a href=\"https:\/\/www.eventbrite.com\/e\/open-house-millard-branch-citywide-library-facilities-plan-tickets-579448555227\" target=\"_blank\" rel=\"noreferrer noopener\"><strong>jueves el 30 de marzo, 5 a 7 p.m.<\/strong><\/a>: <strong>Omaha Public Library\u2019s Millard Branch, 13214 Westwood Lane<\/strong><\/p>\n\n\n\n<p><strong><a href=\"https:\/\/www.eventbrite.com\/e\/open-house-bess-johnson-elkhorn-branch-citywide-library-facilities-plan-tickets-579467722557\" target=\"_blank\" rel=\"noreferrer noopener\">miercoles el 5 de abril, 5 a 7 p.m.<\/a>: Omaha Public Library\u2019s Bess Johnson Elkhorn Branch, 2100 Reading Plaza<\/strong><\/p>\n\n\n\n<p><a href=\"https:\/\/www.eventbrite.com\/e\/open-house-intercultural-senior-center-citywide-library-facilities-plan-tickets-572016756517\" target=\"_blank\" rel=\"noreferrer noopener\"><strong>jueves el 6 de abril, 5 a 7 p.m.<\/strong><\/a>:<strong> Intercultural Senior Center, 5545 Center Street\u00a0<\/strong><\/p>\n\n\n\n<figure class=\"wp-block-image size-full\"><img loading=\"lazy\" decoding=\"async\" width=\"556\" height=\"459\" src=\"https:\/\/el-perico.com\/wp-content\/uploads\/2023\/03\/Screen-Shot-2023-03-21-at-12.23.35-PM.png\" alt=\"\" class=\"wp-image-9110\" srcset=\"https:\/\/el-perico.com\/wp-content\/uploads\/2023\/03\/Screen-Shot-2023-03-21-at-12.23.35-PM.png 556w, https:\/\/el-perico.com\/wp-content\/uploads\/2023\/03\/Screen-Shot-2023-03-21-at-12.23.35-PM-300x248.png 300w, https:\/\/el-perico.com\/wp-content\/uploads\/2023\/03\/Screen-Shot-2023-03-21-at-12.23.35-PM-400x330.png 400w\" sizes=\"auto, (max-width: 556px) 100vw, 556px\" \/><figcaption class=\"wp-element-caption\">Foto por OPL.<\/figcaption><\/figure>\n\n\n\n<p><em>Contact the writer at bridget@el-perico.com<\/em><\/p>\n","protected":false},"excerpt":{"rendered":"<p>\u00bfDesea unirse a la conversaci\u00f3n sobre el futuro de su biblioteca p\u00fablica? La Biblioteca P\u00fablica de Omaha, la Fundaci\u00f3n de la Biblioteca P\u00fablica de Omaha, la Ciudad de Omaha, Do Space, Heritage Omaha y la comunidad de Omaha est\u00e1n trabajando juntas para desarrollar un Plan de Instalaciones de Bibliotecas 2023 para toda la ciudad de [&hellip;]<\/p>\n","protected":false},"author":26,"featured_media":9112,"comment_status":"open","ping_status":"closed","sticky":true,"template":"","format":"standard","meta":{"newspack_ads_suppress_ads":false,"_newspack_byline_active":false,"_newspack_byline":"","newspack_hide_updated_date":false,"newspack_show_updated_date":false,"newspack_content_restriction_is_exempt":false,"newspack_featured_image_position":"large","newspack_post_subtitle":"Los grupos han planificado eventos p\u00fablicos  y una encuesta virtual que ayudar\u00e1n a determinar el plan.","newspack_article_summary_title":"Overview:","newspack_article_summary":"","footnotes":""},"categories":[38,46],"tags":[1727,1530,1728,1725,1726,1729],"newspack_spnsrs_tax":[],"coauthors":[1297],"class_list":["post-9088","post","type-post","status-publish","format-standard","has-post-thumbnail","hentry","category-eventos","category-reportaje","tag-do-space","tag-intercultural-senior-center-2","tag-millard-branch","tag-omaha-public-library","tag-simple-foundation","tag-village-empowerment-center","entry"],"yoast_head":"<!-- This site is optimized with the Yoast SEO plugin v27.5 - https:\/\/yoast.com\/product\/yoast-seo-wordpress\/ -->\n<title>Comparte su opini\u00f3n sobre el futuro de la Biblioteca P\u00fablica de Omaha - el perico<\/title>\n<meta name=\"robots\" content=\"index, follow, max-snippet:-1, max-image-preview:large, max-video-preview:-1\" \/>\n<link rel=\"canonical\" href=\"https:\/\/el-perico.com\/es\/omahans-can-give-input-on-the-2023-omaha-library-plans-before-may-1-heres-how\/\" \/>\n<meta property=\"og:locale\" content=\"es_ES\" \/>\n<meta property=\"og:type\" content=\"article\" \/>\n<meta property=\"og:title\" content=\"Comparte su opini\u00f3n sobre el futuro de la Biblioteca P\u00fablica de Omaha - el perico\" \/>\n<meta property=\"og:description\" content=\"\u00bfDesea unirse a la conversaci\u00f3n sobre el futuro de su biblioteca p\u00fablica? La Biblioteca P\u00fablica de Omaha, la Fundaci\u00f3n de la Biblioteca P\u00fablica de Omaha, la Ciudad de Omaha, Do Space, Heritage Omaha y la comunidad de Omaha est\u00e1n trabajando juntas para desarrollar un Plan de Instalaciones de Bibliotecas 2023 para toda la ciudad de [&hellip;]\" \/>\n<meta property=\"og:url\" content=\"https:\/\/el-perico.com\/es\/omahans-can-give-input-on-the-2023-omaha-library-plans-before-may-1-heres-how\/\" \/>\n<meta property=\"og:site_name\" content=\"el perico\" \/>\n<meta property=\"article:publisher\" content=\"https:\/\/www.facebook.com\/elpericoomaha\" \/>\n<meta property=\"article:published_time\" content=\"2023-03-21T16:30:00+00:00\" \/>\n<meta property=\"article:modified_time\" content=\"2023-04-25T15:49:50+00:00\" \/>\n<meta property=\"og:image\" content=\"https:\/\/el-perico.com\/wp-content\/uploads\/2023\/03\/VEC-Photo-High-Front-Entrance-1536x1152-2.jpeg\" \/>\n\t<meta property=\"og:image:width\" content=\"1536\" \/>\n\t<meta property=\"og:image:height\" content=\"1152\" \/>\n\t<meta property=\"og:image:type\" content=\"image\/jpeg\" \/>\n<meta name=\"author\" content=\"Bridget Fogarty, Report for America Corps Member\" \/>\n<meta name=\"twitter:card\" content=\"summary_large_image\" \/>\n<meta name=\"twitter:label1\" content=\"Escrito por\" \/>\n\t<meta name=\"twitter:data1\" content=\"Bridget Fogarty, Report for America Corps Member\" \/>\n\t<meta name=\"twitter:label2\" content=\"Tiempo de lectura\" \/>\n\t<meta name=\"twitter:data2\" content=\"2 minutos\" \/>\n\t<meta name=\"twitter:label3\" content=\"Written by\" \/>\n\t<meta name=\"twitter:data3\" content=\"Bridget Fogarty, Report for America Corps Member\" \/>\n<script type=\"application\/ld+json\" class=\"yoast-schema-graph\">{\"@context\":\"https:\\\/\\\/schema.org\",\"@graph\":[{\"@type\":\"Article\",\"@id\":\"https:\\\/\\\/el-perico.com\\\/es\\\/omahans-can-give-input-on-the-2023-omaha-library-plans-before-may-1-heres-how\\\/#article\",\"isPartOf\":{\"@id\":\"https:\\\/\\\/el-perico.com\\\/es\\\/omahans-can-give-input-on-the-2023-omaha-library-plans-before-may-1-heres-how\\\/\"},\"author\":{\"name\":\"Bridget Fogarty, Report for America Corps Member\",\"@id\":\"https:\\\/\\\/el-perico.com\\\/es\\\/#\\\/schema\\\/person\\\/c3c9a4c7cd6206a5b46fb472eff94bba\"},\"headline\":\"Comparte su opini\u00f3n sobre el futuro de la Biblioteca P\u00fablica de Omaha\",\"datePublished\":\"2023-03-21T16:30:00+00:00\",\"dateModified\":\"2023-04-25T15:49:50+00:00\",\"mainEntityOfPage\":{\"@id\":\"https:\\\/\\\/el-perico.com\\\/es\\\/omahans-can-give-input-on-the-2023-omaha-library-plans-before-may-1-heres-how\\\/\"},\"wordCount\":218,\"commentCount\":0,\"publisher\":{\"@id\":\"https:\\\/\\\/el-perico.com\\\/es\\\/#organization\"},\"image\":{\"@id\":\"https:\\\/\\\/el-perico.com\\\/es\\\/omahans-can-give-input-on-the-2023-omaha-library-plans-before-may-1-heres-how\\\/#primaryimage\"},\"thumbnailUrl\":\"https:\\\/\\\/el-perico.com\\\/wp-content\\\/uploads\\\/2023\\\/03\\\/VEC-Photo-High-Front-Entrance-1536x1152-2.jpeg\",\"keywords\":[\"Do Space\",\"Intercultural Senior Center\",\"Millard Branch\",\"Omaha public library\",\"Simple foundation\",\"Village Empowerment Center\"],\"articleSection\":[\"Eventos\",\"Reportaje\"],\"inLanguage\":\"es\",\"potentialAction\":[{\"@type\":\"CommentAction\",\"name\":\"Comment\",\"target\":[\"https:\\\/\\\/el-perico.com\\\/es\\\/omahans-can-give-input-on-the-2023-omaha-library-plans-before-may-1-heres-how\\\/#respond\"]}]},{\"@type\":\"WebPage\",\"@id\":\"https:\\\/\\\/el-perico.com\\\/es\\\/omahans-can-give-input-on-the-2023-omaha-library-plans-before-may-1-heres-how\\\/\",\"url\":\"https:\\\/\\\/el-perico.com\\\/es\\\/omahans-can-give-input-on-the-2023-omaha-library-plans-before-may-1-heres-how\\\/\",\"name\":\"Comparte su opini\u00f3n sobre el futuro de la Biblioteca P\u00fablica de Omaha - el perico\",\"isPartOf\":{\"@id\":\"https:\\\/\\\/el-perico.com\\\/es\\\/#website\"},\"primaryImageOfPage\":{\"@id\":\"https:\\\/\\\/el-perico.com\\\/es\\\/omahans-can-give-input-on-the-2023-omaha-library-plans-before-may-1-heres-how\\\/#primaryimage\"},\"image\":{\"@id\":\"https:\\\/\\\/el-perico.com\\\/es\\\/omahans-can-give-input-on-the-2023-omaha-library-plans-before-may-1-heres-how\\\/#primaryimage\"},\"thumbnailUrl\":\"https:\\\/\\\/el-perico.com\\\/wp-content\\\/uploads\\\/2023\\\/03\\\/VEC-Photo-High-Front-Entrance-1536x1152-2.jpeg\",\"datePublished\":\"2023-03-21T16:30:00+00:00\",\"dateModified\":\"2023-04-25T15:49:50+00:00\",\"breadcrumb\":{\"@id\":\"https:\\\/\\\/el-perico.com\\\/es\\\/omahans-can-give-input-on-the-2023-omaha-library-plans-before-may-1-heres-how\\\/#breadcrumb\"},\"inLanguage\":\"es\",\"potentialAction\":[{\"@type\":\"ReadAction\",\"target\":[\"https:\\\/\\\/el-perico.com\\\/es\\\/omahans-can-give-input-on-the-2023-omaha-library-plans-before-may-1-heres-how\\\/\"]}]},{\"@type\":\"ImageObject\",\"inLanguage\":\"es\",\"@id\":\"https:\\\/\\\/el-perico.com\\\/es\\\/omahans-can-give-input-on-the-2023-omaha-library-plans-before-may-1-heres-how\\\/#primaryimage\",\"url\":\"https:\\\/\\\/el-perico.com\\\/wp-content\\\/uploads\\\/2023\\\/03\\\/VEC-Photo-High-Front-Entrance-1536x1152-2.jpeg\",\"contentUrl\":\"https:\\\/\\\/el-perico.com\\\/wp-content\\\/uploads\\\/2023\\\/03\\\/VEC-Photo-High-Front-Entrance-1536x1152-2.jpeg\",\"width\":1536,\"height\":1152},{\"@type\":\"BreadcrumbList\",\"@id\":\"https:\\\/\\\/el-perico.com\\\/es\\\/omahans-can-give-input-on-the-2023-omaha-library-plans-before-may-1-heres-how\\\/#breadcrumb\",\"itemListElement\":[{\"@type\":\"ListItem\",\"position\":1,\"name\":\"Home\",\"item\":\"https:\\\/\\\/el-perico.com\\\/es\\\/\"},{\"@type\":\"ListItem\",\"position\":2,\"name\":\"Comparte su opini\u00f3n sobre el futuro de la Biblioteca P\u00fablica de Omaha\"}]},{\"@type\":\"WebSite\",\"@id\":\"https:\\\/\\\/el-perico.com\\\/es\\\/#website\",\"url\":\"https:\\\/\\\/el-perico.com\\\/es\\\/\",\"name\":\"el perico\",\"description\":\"La plataforma original de noticias e informaci\u00f3n para la comunidad hispana de Omaha\",\"publisher\":{\"@id\":\"https:\\\/\\\/el-perico.com\\\/es\\\/#organization\"},\"potentialAction\":[{\"@type\":\"SearchAction\",\"target\":{\"@type\":\"EntryPoint\",\"urlTemplate\":\"https:\\\/\\\/el-perico.com\\\/es\\\/?s={search_term_string}\"},\"query-input\":{\"@type\":\"PropertyValueSpecification\",\"valueRequired\":true,\"valueName\":\"search_term_string\"}}],\"inLanguage\":\"es\"},{\"@type\":\"Organization\",\"@id\":\"https:\\\/\\\/el-perico.com\\\/es\\\/#organization\",\"name\":\"el perico\",\"url\":\"https:\\\/\\\/el-perico.com\\\/es\\\/\",\"logo\":{\"@type\":\"ImageObject\",\"inLanguage\":\"es\",\"@id\":\"https:\\\/\\\/el-perico.com\\\/es\\\/#\\\/schema\\\/logo\\\/image\\\/\",\"url\":\"https:\\\/\\\/el-perico.com\\\/wp-content\\\/uploads\\\/2024\\\/05\\\/ElPerico-Logo_NPM-1-e1717102187440.png\",\"contentUrl\":\"https:\\\/\\\/el-perico.com\\\/wp-content\\\/uploads\\\/2024\\\/05\\\/ElPerico-Logo_NPM-1-e1717102187440.png\",\"width\":648,\"height\":216,\"caption\":\"el perico\"},\"image\":{\"@id\":\"https:\\\/\\\/el-perico.com\\\/es\\\/#\\\/schema\\\/logo\\\/image\\\/\"},\"sameAs\":[\"https:\\\/\\\/www.facebook.com\\\/elpericoomaha\"]},{\"@type\":\"Person\",\"@id\":\"https:\\\/\\\/el-perico.com\\\/es\\\/#\\\/schema\\\/person\\\/c3c9a4c7cd6206a5b46fb472eff94bba\",\"name\":\"Bridget Fogarty, Report for America Corps Member\",\"image\":{\"@type\":\"ImageObject\",\"inLanguage\":\"es\",\"@id\":\"https:\\\/\\\/secure.gravatar.com\\\/avatar\\\/cd24cc6ab228b710e2b4d7220545b2b721779200a44f3e80f3c94559fe9a16cb?s=96&d=mm&r=ged5896247ed259e9e7dbf3d4b3b2e52d\",\"url\":\"https:\\\/\\\/secure.gravatar.com\\\/avatar\\\/cd24cc6ab228b710e2b4d7220545b2b721779200a44f3e80f3c94559fe9a16cb?s=96&d=mm&r=g\",\"contentUrl\":\"https:\\\/\\\/secure.gravatar.com\\\/avatar\\\/cd24cc6ab228b710e2b4d7220545b2b721779200a44f3e80f3c94559fe9a16cb?s=96&d=mm&r=g\",\"caption\":\"Bridget Fogarty, Report for America Corps Member\"},\"description\":\"Bridget Fogarty is a Report for America Corps member reporting with El Perico and its English sister publication The Reader.\",\"url\":\"https:\\\/\\\/el-perico.com\\\/es\\\/author\\\/bridget-fogarty\\\/\"}]}<\/script>\n<!-- \/ Yoast SEO plugin. -->","yoast_head_json":{"title":"Comparte su opini\u00f3n sobre el futuro de la Biblioteca P\u00fablica de Omaha - el perico","robots":{"index":"index","follow":"follow","max-snippet":"max-snippet:-1","max-image-preview":"max-image-preview:large","max-video-preview":"max-video-preview:-1"},"canonical":"https:\/\/el-perico.com\/es\/omahans-can-give-input-on-the-2023-omaha-library-plans-before-may-1-heres-how\/","og_locale":"es_ES","og_type":"article","og_title":"Comparte su opini\u00f3n sobre el futuro de la Biblioteca P\u00fablica de Omaha - el perico","og_description":"\u00bfDesea unirse a la conversaci\u00f3n sobre el futuro de su biblioteca p\u00fablica? La Biblioteca P\u00fablica de Omaha, la Fundaci\u00f3n de la Biblioteca P\u00fablica de Omaha, la Ciudad de Omaha, Do Space, Heritage Omaha y la comunidad de Omaha est\u00e1n trabajando juntas para desarrollar un Plan de Instalaciones de Bibliotecas 2023 para toda la ciudad de [&hellip;]","og_url":"https:\/\/el-perico.com\/es\/omahans-can-give-input-on-the-2023-omaha-library-plans-before-may-1-heres-how\/","og_site_name":"el perico","article_publisher":"https:\/\/www.facebook.com\/elpericoomaha","article_published_time":"2023-03-21T16:30:00+00:00","article_modified_time":"2023-04-25T15:49:50+00:00","og_image":[{"width":1536,"height":1152,"url":"https:\/\/el-perico.com\/wp-content\/uploads\/2023\/03\/VEC-Photo-High-Front-Entrance-1536x1152-2.jpeg","type":"image\/jpeg"}],"author":"Bridget Fogarty, Report for America Corps Member","twitter_card":"summary_large_image","twitter_misc":{"Escrito por":"Bridget Fogarty, Report for America Corps Member","Tiempo de lectura":"2 minutos","Written by":"Bridget Fogarty, Report for America Corps Member"},"schema":{"@context":"https:\/\/schema.org","@graph":[{"@type":"Article","@id":"https:\/\/el-perico.com\/es\/omahans-can-give-input-on-the-2023-omaha-library-plans-before-may-1-heres-how\/#article","isPartOf":{"@id":"https:\/\/el-perico.com\/es\/omahans-can-give-input-on-the-2023-omaha-library-plans-before-may-1-heres-how\/"},"author":{"name":"Bridget Fogarty, Report for America Corps Member","@id":"https:\/\/el-perico.com\/es\/#\/schema\/person\/c3c9a4c7cd6206a5b46fb472eff94bba"},"headline":"Comparte su opini\u00f3n sobre el futuro de la Biblioteca P\u00fablica de Omaha","datePublished":"2023-03-21T16:30:00+00:00","dateModified":"2023-04-25T15:49:50+00:00","mainEntityOfPage":{"@id":"https:\/\/el-perico.com\/es\/omahans-can-give-input-on-the-2023-omaha-library-plans-before-may-1-heres-how\/"},"wordCount":218,"commentCount":0,"publisher":{"@id":"https:\/\/el-perico.com\/es\/#organization"},"image":{"@id":"https:\/\/el-perico.com\/es\/omahans-can-give-input-on-the-2023-omaha-library-plans-before-may-1-heres-how\/#primaryimage"},"thumbnailUrl":"https:\/\/el-perico.com\/wp-content\/uploads\/2023\/03\/VEC-Photo-High-Front-Entrance-1536x1152-2.jpeg","keywords":["Do Space","Intercultural Senior Center","Millard Branch","Omaha public library","Simple foundation","Village Empowerment Center"],"articleSection":["Eventos","Reportaje"],"inLanguage":"es","potentialAction":[{"@type":"CommentAction","name":"Comment","target":["https:\/\/el-perico.com\/es\/omahans-can-give-input-on-the-2023-omaha-library-plans-before-may-1-heres-how\/#respond"]}]},{"@type":"WebPage","@id":"https:\/\/el-perico.com\/es\/omahans-can-give-input-on-the-2023-omaha-library-plans-before-may-1-heres-how\/","url":"https:\/\/el-perico.com\/es\/omahans-can-give-input-on-the-2023-omaha-library-plans-before-may-1-heres-how\/","name":"Comparte su opini\u00f3n sobre el futuro de la Biblioteca P\u00fablica de Omaha - el perico","isPartOf":{"@id":"https:\/\/el-perico.com\/es\/#website"},"primaryImageOfPage":{"@id":"https:\/\/el-perico.com\/es\/omahans-can-give-input-on-the-2023-omaha-library-plans-before-may-1-heres-how\/#primaryimage"},"image":{"@id":"https:\/\/el-perico.com\/es\/omahans-can-give-input-on-the-2023-omaha-library-plans-before-may-1-heres-how\/#primaryimage"},"thumbnailUrl":"https:\/\/el-perico.com\/wp-content\/uploads\/2023\/03\/VEC-Photo-High-Front-Entrance-1536x1152-2.jpeg","datePublished":"2023-03-21T16:30:00+00:00","dateModified":"2023-04-25T15:49:50+00:00","breadcrumb":{"@id":"https:\/\/el-perico.com\/es\/omahans-can-give-input-on-the-2023-omaha-library-plans-before-may-1-heres-how\/#breadcrumb"},"inLanguage":"es","potentialAction":[{"@type":"ReadAction","target":["https:\/\/el-perico.com\/es\/omahans-can-give-input-on-the-2023-omaha-library-plans-before-may-1-heres-how\/"]}]},{"@type":"ImageObject","inLanguage":"es","@id":"https:\/\/el-perico.com\/es\/omahans-can-give-input-on-the-2023-omaha-library-plans-before-may-1-heres-how\/#primaryimage","url":"https:\/\/el-perico.com\/wp-content\/uploads\/2023\/03\/VEC-Photo-High-Front-Entrance-1536x1152-2.jpeg","contentUrl":"https:\/\/el-perico.com\/wp-content\/uploads\/2023\/03\/VEC-Photo-High-Front-Entrance-1536x1152-2.jpeg","width":1536,"height":1152},{"@type":"BreadcrumbList","@id":"https:\/\/el-perico.com\/es\/omahans-can-give-input-on-the-2023-omaha-library-plans-before-may-1-heres-how\/#breadcrumb","itemListElement":[{"@type":"ListItem","position":1,"name":"Home","item":"https:\/\/el-perico.com\/es\/"},{"@type":"ListItem","position":2,"name":"Comparte su opini\u00f3n sobre el futuro de la Biblioteca P\u00fablica de Omaha"}]},{"@type":"WebSite","@id":"https:\/\/el-perico.com\/es\/#website","url":"https:\/\/el-perico.com\/es\/","name":"el perico","description":"La plataforma original de noticias e informaci\u00f3n para la comunidad hispana de Omaha","publisher":{"@id":"https:\/\/el-perico.com\/es\/#organization"},"potentialAction":[{"@type":"SearchAction","target":{"@type":"EntryPoint","urlTemplate":"https:\/\/el-perico.com\/es\/?s={search_term_string}"},"query-input":{"@type":"PropertyValueSpecification","valueRequired":true,"valueName":"search_term_string"}}],"inLanguage":"es"},{"@type":"Organization","@id":"https:\/\/el-perico.com\/es\/#organization","name":"el perico","url":"https:\/\/el-perico.com\/es\/","logo":{"@type":"ImageObject","inLanguage":"es","@id":"https:\/\/el-perico.com\/es\/#\/schema\/logo\/image\/","url":"https:\/\/el-perico.com\/wp-content\/uploads\/2024\/05\/ElPerico-Logo_NPM-1-e1717102187440.png","contentUrl":"https:\/\/el-perico.com\/wp-content\/uploads\/2024\/05\/ElPerico-Logo_NPM-1-e1717102187440.png","width":648,"height":216,"caption":"el perico"},"image":{"@id":"https:\/\/el-perico.com\/es\/#\/schema\/logo\/image\/"},"sameAs":["https:\/\/www.facebook.com\/elpericoomaha"]},{"@type":"Person","@id":"https:\/\/el-perico.com\/es\/#\/schema\/person\/c3c9a4c7cd6206a5b46fb472eff94bba","name":"Bridget Fogarty, Report for America Corps Member","image":{"@type":"ImageObject","inLanguage":"es","@id":"https:\/\/secure.gravatar.com\/avatar\/cd24cc6ab228b710e2b4d7220545b2b721779200a44f3e80f3c94559fe9a16cb?s=96&d=mm&r=ged5896247ed259e9e7dbf3d4b3b2e52d","url":"https:\/\/secure.gravatar.com\/avatar\/cd24cc6ab228b710e2b4d7220545b2b721779200a44f3e80f3c94559fe9a16cb?s=96&d=mm&r=g","contentUrl":"https:\/\/secure.gravatar.com\/avatar\/cd24cc6ab228b710e2b4d7220545b2b721779200a44f3e80f3c94559fe9a16cb?s=96&d=mm&r=g","caption":"Bridget Fogarty, Report for America Corps Member"},"description":"Bridget Fogarty is a Report for America Corps member reporting with El Perico and its English sister publication The Reader.","url":"https:\/\/el-perico.com\/es\/author\/bridget-fogarty\/"}]}},"_links":{"self":[{"href":"https:\/\/el-perico.com\/es\/wp-json\/wp\/v2\/posts\/9088","targetHints":{"allow":["GET"]}}],"collection":[{"href":"https:\/\/el-perico.com\/es\/wp-json\/wp\/v2\/posts"}],"about":[{"href":"https:\/\/el-perico.com\/es\/wp-json\/wp\/v2\/types\/post"}],"author":[{"embeddable":true,"href":"https:\/\/el-perico.com\/es\/wp-json\/wp\/v2\/users\/26"}],"replies":[{"embeddable":true,"href":"https:\/\/el-perico.com\/es\/wp-json\/wp\/v2\/comments?post=9088"}],"version-history":[{"count":11,"href":"https:\/\/el-perico.com\/es\/wp-json\/wp\/v2\/posts\/9088\/revisions"}],"predecessor-version":[{"id":9230,"href":"https:\/\/el-perico.com\/es\/wp-json\/wp\/v2\/posts\/9088\/revisions\/9230"}],"wp:featuredmedia":[{"embeddable":true,"href":"https:\/\/el-perico.com\/es\/wp-json\/wp\/v2\/media\/9112"}],"wp:attachment":[{"href":"https:\/\/el-perico.com\/es\/wp-json\/wp\/v2\/media?parent=9088"}],"wp:term":[{"taxonomy":"category","embeddable":true,"href":"https:\/\/el-perico.com\/es\/wp-json\/wp\/v2\/categories?post=9088"},{"taxonomy":"post_tag","embeddable":true,"href":"https:\/\/el-perico.com\/es\/wp-json\/wp\/v2\/tags?post=9088"},{"taxonomy":"newspack_spnsrs_tax","embeddable":true,"href":"https:\/\/el-perico.com\/es\/wp-json\/wp\/v2\/newspack_spnsrs_tax?post=9088"},{"taxonomy":"author","embeddable":true,"href":"https:\/\/el-perico.com\/es\/wp-json\/wp\/v2\/coauthors?post=9088"}],"curies":[{"name":"wp","href":"https:\/\/api.w.org\/{rel}","templated":true}]}}