{"id":8921,"date":"2023-01-28T10:45:01","date_gmt":"2023-01-28T15:45:01","guid":{"rendered":"https:\/\/el-perico.com\/?p=8921"},"modified":"2023-01-28T16:20:06","modified_gmt":"2023-01-28T21:20:06","slug":"camara-de-comercio-hispana-de-nebraska-inicia-desayunos-mensuales-corporativos","status":"publish","type":"post","link":"https:\/\/el-perico.com\/es\/camara-de-comercio-hispana-de-nebraska-inicia-desayunos-mensuales-corporativos\/","title":{"rendered":"C\u00e1mara de Comercio Hispana de Nebraska inicia desayunos mensuales corporativos"},"content":{"rendered":"<div class=\"wp-block-image\">\n<figure class=\"alignright size-large is-resized\"><img loading=\"lazy\" decoding=\"async\" src=\"https:\/\/el-perico.com\/wp-content\/uploads\/2023\/01\/PXL_20230127_145415536-1024x576.jpg\" alt=\"\" class=\"wp-image-8924\" width=\"407\" height=\"228\" srcset=\"https:\/\/el-perico.com\/wp-content\/uploads\/2023\/01\/PXL_20230127_145415536-1024x576.jpg 1024w, https:\/\/el-perico.com\/wp-content\/uploads\/2023\/01\/PXL_20230127_145415536-300x169.jpg 300w, https:\/\/el-perico.com\/wp-content\/uploads\/2023\/01\/PXL_20230127_145415536-768x432.jpg 768w, https:\/\/el-perico.com\/wp-content\/uploads\/2023\/01\/PXL_20230127_145415536-1536x864.jpg 1536w, https:\/\/el-perico.com\/wp-content\/uploads\/2023\/01\/PXL_20230127_145415536-2048x1152.jpg 2048w, https:\/\/el-perico.com\/wp-content\/uploads\/2023\/01\/PXL_20230127_145415536-1200x675.jpg 1200w, https:\/\/el-perico.com\/wp-content\/uploads\/2023\/01\/PXL_20230127_145415536-1568x882.jpg 1568w, https:\/\/el-perico.com\/wp-content\/uploads\/2023\/01\/PXL_20230127_145415536-400x225.jpg 400w\" sizes=\"auto, (max-width: 407px) 100vw, 407px\" \/><figcaption class=\"wp-element-caption\">Diva Mej\u00eda hablando sobre la importancia de <em>Long Term Care <\/em>durante el desayuno de conexiones empresariales el viernes 27 de enero. Foto: Karlha Vel\u00e1squez.<\/figcaption><\/figure>\n<\/div>\n\n\n<p>La C\u00e1mara de Comercio Hispano de Nebraska (NHC, en ingl\u00e9s) inici\u00f3 hoy su ronda mensual de desayunos corporativos en el restaurante la Hacienda Real en la calle 425 N 78th St, en aras de generar conexiones entre diversas compa\u00f1\u00edas.<\/p>\n\n\n\n<p>Este es el primero de doce desayunos que organiza la NHC para que sus socios puedan ampliar su red de conexiones y ampliar la comunidad de emprendedores latinos y dar a conocer sus logros.<\/p>\n\n\n\n<p>A las 8:15 am Guadalupe Mill\u00e1n, vicepresidenta de la organizaci\u00f3n dio la bienvenida al evento e invit\u00f3 a todos a desayunar. El men\u00fa fue huevos revueltos con chorizo al estilo mexicano, huevos revueltos con papas, frijoles, tortilla y queso, adem\u00e1s de las respectivas salsas para un toque m\u00e1s hispano.<\/p>\n\n\n\n<p>El color anaranjado c\u00e1lido de las paredes aunado con la luz natural de la ventana daban el toque familiar que compartieron los presentes.<\/p>\n\n\n\n<p>Mill\u00e1n hizo una breve introducci\u00f3n de lo que significa iniciar el a\u00f1o con ese desayuno de conexi\u00f3n.<\/p>\n\n\n\n<p>Por su parte, Diva Mej\u00edas, tesorera de la C\u00e1mara, destac\u00f3 el significado de tener un seguro de salud para proteger a nuestros abuelos y padres. \u201cSomos pocos los que somos <em>baby boomers<\/em> y es por ello que debemos cuidarnos m\u00e1s y pensar en el <em>Long-Term Care<\/em>\u201d, dijo.<\/p>\n\n\n\n<p>Record\u00f3, adem\u00e1s, que desde ya y hasta el 15 de abril es la fecha tope para declarar los impuestos. Dijo que los matrimonios deben estar pendientes de pagar los impuestos ya que \u00e9ste es el primer requisito que piden los bancos a la hora de ofrecer un pr\u00e9stamo.<\/p>\n\n\n<div class=\"wp-block-image\">\n<figure class=\"alignleft size-full is-resized\"><img loading=\"lazy\" decoding=\"async\" src=\"https:\/\/el-perico.com\/wp-content\/uploads\/2023\/01\/hacienda-real.jpg\" alt=\"\" class=\"wp-image-8927\" width=\"411\" height=\"308\" srcset=\"https:\/\/el-perico.com\/wp-content\/uploads\/2023\/01\/hacienda-real.jpg 800w, https:\/\/el-perico.com\/wp-content\/uploads\/2023\/01\/hacienda-real-300x225.jpg 300w, https:\/\/el-perico.com\/wp-content\/uploads\/2023\/01\/hacienda-real-768x576.jpg 768w, https:\/\/el-perico.com\/wp-content\/uploads\/2023\/01\/hacienda-real-400x300.jpg 400w, https:\/\/el-perico.com\/wp-content\/uploads\/2023\/01\/hacienda-real-200x150.jpg 200w\" sizes=\"auto, (max-width: 411px) 100vw, 411px\" \/><figcaption class=\"wp-element-caption\">El desayuno fue en Hacienda Real, un restaurante mexicano ubicado en en la calle 425 N 78th St. Foto cortes\u00eda de la C\u00e1mara de Comercio Hispano de Nebraska.  <\/figcaption><\/figure>\n<\/div>\n\n\n<p>Luego de la intervenci\u00f3n de Mej\u00edas, Yesenia Peck, presidenta de la organizaci\u00f3n inform\u00f3 que habr\u00e1 otros desayunos cada mes e invit\u00f3 a los due\u00f1os de negocios a ser miembros de la C\u00e1mara para as\u00ed aumentar las conexiones y ser una comunidad m\u00e1s unida.<\/p>\n\n\n\n<p>El evento cont\u00f3 con el apoyo de Regina Costello y Abril Garc\u00eda, ambas miembros de la C\u00e1mara de Comercio Hispano de Nebraska, adem\u00e1s de Sandra L\u00f3pez como voluntaria.<\/p>\n\n\n\n<p>Tambi\u00e9n asistieron due\u00f1as de <em>Day Care<\/em> (cuidado de ni\u00f1os), representantes de empresas como Goodwill y Lozier, adem\u00e1s de organizaciones sin \u00e1nimo de lucro, abogados y otros comerciantes.<\/p>\n\n\n\n<p>Si desea ser parte de esta organizaci\u00f3n y asistir al pr\u00f3ximo desayuno puede llamar al (402) 557-6262 o env\u00ede un correo a <a href=\"mailto:contact@nebraskahispanicchamber.org\">contact@nebraskahispanicchamber.org<\/a>.<\/p>\n","protected":false},"excerpt":{"rendered":"<p>La C\u00e1mara de Comercio Hispano de Nebraska (NHC, en ingl\u00e9s) inici\u00f3 hoy su ronda mensual de desayunos corporativos en el restaurante la Hacienda Real en la calle 425 N 78th St, en aras de generar conexiones entre diversas compa\u00f1\u00edas. Este es el primero de doce desayunos que organiza la NHC para que sus socios puedan [&hellip;]<\/p>\n","protected":false},"author":33,"featured_media":8924,"comment_status":"open","ping_status":"closed","sticky":false,"template":"","format":"standard","meta":{"newspack_ads_suppress_ads":false,"_newspack_byline_active":false,"_newspack_byline":"","newspack_hide_updated_date":false,"newspack_show_updated_date":false,"newspack_content_restriction_is_exempt":false,"newspack_featured_image_position":"behind","newspack_post_subtitle":"La C\u00e1mara de Comercio Hispano de Nebraska realizar\u00e1 cada mes un desayuno en diferentes locaciones para conectar empresarios y emprendedores. ","newspack_article_summary_title":"Overview:","newspack_article_summary":"","footnotes":""},"categories":[3,1630],"tags":[1676,1680,1677,109,1678,1679,15],"newspack_spnsrs_tax":[],"coauthors":[1295],"class_list":["post-8921","post","type-post","status-publish","format-standard","has-post-thumbnail","hentry","category-general","category-latino-owned-businesses","tag-camara-de-comercio-hispano","tag-desayunos-de-conexiones","tag-diva-mejia","tag-emprendedores","tag-guadalupe-millan","tag-nebraska-hispanic-chamber","tag-omaha-en","entry"],"yoast_head":"<!-- This site is optimized with the Yoast SEO plugin v27.5 - https:\/\/yoast.com\/product\/yoast-seo-wordpress\/ -->\n<title>C\u00e1mara de Comercio Hispana de Nebraska inicia desayunos mensuales corporativos - el perico<\/title>\n<meta name=\"robots\" content=\"index, follow, max-snippet:-1, max-image-preview:large, max-video-preview:-1\" \/>\n<link rel=\"canonical\" href=\"https:\/\/el-perico.com\/es\/camara-de-comercio-hispana-de-nebraska-inicia-desayunos-mensuales-corporativos\/\" \/>\n<meta property=\"og:locale\" content=\"es_ES\" \/>\n<meta property=\"og:type\" content=\"article\" \/>\n<meta property=\"og:title\" content=\"C\u00e1mara de Comercio Hispana de Nebraska inicia desayunos mensuales corporativos - el perico\" \/>\n<meta property=\"og:description\" content=\"La C\u00e1mara de Comercio Hispano de Nebraska (NHC, en ingl\u00e9s) inici\u00f3 hoy su ronda mensual de desayunos corporativos en el restaurante la Hacienda Real en la calle 425 N 78th St, en aras de generar conexiones entre diversas compa\u00f1\u00edas. Este es el primero de doce desayunos que organiza la NHC para que sus socios puedan [&hellip;]\" \/>\n<meta property=\"og:url\" content=\"https:\/\/el-perico.com\/es\/camara-de-comercio-hispana-de-nebraska-inicia-desayunos-mensuales-corporativos\/\" \/>\n<meta property=\"og:site_name\" content=\"el perico\" \/>\n<meta property=\"article:publisher\" content=\"https:\/\/www.facebook.com\/elpericoomaha\" \/>\n<meta property=\"article:published_time\" content=\"2023-01-28T15:45:01+00:00\" \/>\n<meta property=\"article:modified_time\" content=\"2023-01-28T21:20:06+00:00\" \/>\n<meta property=\"og:image\" content=\"https:\/\/el-perico.com\/wp-content\/uploads\/2023\/01\/PXL_20230127_145415536-scaled.jpg\" \/>\n\t<meta property=\"og:image:width\" content=\"2560\" \/>\n\t<meta property=\"og:image:height\" content=\"1440\" \/>\n\t<meta property=\"og:image:type\" content=\"image\/jpeg\" \/>\n<meta name=\"author\" content=\"Karlha Vel\u00e1squez\" \/>\n<meta name=\"twitter:card\" content=\"summary_large_image\" \/>\n<meta name=\"twitter:label1\" content=\"Escrito por\" \/>\n\t<meta name=\"twitter:data1\" content=\"Karlha Vel\u00e1squez\" \/>\n\t<meta name=\"twitter:label2\" content=\"Tiempo de lectura\" \/>\n\t<meta name=\"twitter:data2\" content=\"3 minutos\" \/>\n\t<meta name=\"twitter:label3\" content=\"Written by\" \/>\n\t<meta name=\"twitter:data3\" content=\"Karlha Vel\u00e1squez\" \/>\n<script type=\"application\/ld+json\" class=\"yoast-schema-graph\">{\"@context\":\"https:\\\/\\\/schema.org\",\"@graph\":[{\"@type\":\"Article\",\"@id\":\"https:\\\/\\\/el-perico.com\\\/es\\\/camara-de-comercio-hispana-de-nebraska-inicia-desayunos-mensuales-corporativos\\\/#article\",\"isPartOf\":{\"@id\":\"https:\\\/\\\/el-perico.com\\\/es\\\/camara-de-comercio-hispana-de-nebraska-inicia-desayunos-mensuales-corporativos\\\/\"},\"author\":{\"name\":\"Karlha Vel\u00e1squez\",\"@id\":\"https:\\\/\\\/el-perico.com\\\/es\\\/#\\\/schema\\\/person\\\/115c218bc8ba94be5813360b272598b3\"},\"headline\":\"C\u00e1mara de Comercio Hispana de Nebraska inicia desayunos mensuales corporativos\",\"datePublished\":\"2023-01-28T15:45:01+00:00\",\"dateModified\":\"2023-01-28T21:20:06+00:00\",\"mainEntityOfPage\":{\"@id\":\"https:\\\/\\\/el-perico.com\\\/es\\\/camara-de-comercio-hispana-de-nebraska-inicia-desayunos-mensuales-corporativos\\\/\"},\"wordCount\":475,\"commentCount\":0,\"publisher\":{\"@id\":\"https:\\\/\\\/el-perico.com\\\/es\\\/#organization\"},\"image\":{\"@id\":\"https:\\\/\\\/el-perico.com\\\/es\\\/camara-de-comercio-hispana-de-nebraska-inicia-desayunos-mensuales-corporativos\\\/#primaryimage\"},\"thumbnailUrl\":\"https:\\\/\\\/el-perico.com\\\/wp-content\\\/uploads\\\/2023\\\/01\\\/PXL_20230127_145415536-scaled.jpg\",\"keywords\":[\"C\u00e1mara de comercio hispano\",\"Desayunos de conexiones\",\"diva mej\u00eda\",\"emprendedores\",\"guadalupe mill\u00e1n\",\"Nebraska Hispanic Chamber\",\"omaha\"],\"articleSection\":[\"General\",\"Latino Owned Businesses\"],\"inLanguage\":\"es\",\"potentialAction\":[{\"@type\":\"CommentAction\",\"name\":\"Comment\",\"target\":[\"https:\\\/\\\/el-perico.com\\\/es\\\/camara-de-comercio-hispana-de-nebraska-inicia-desayunos-mensuales-corporativos\\\/#respond\"]}]},{\"@type\":\"WebPage\",\"@id\":\"https:\\\/\\\/el-perico.com\\\/es\\\/camara-de-comercio-hispana-de-nebraska-inicia-desayunos-mensuales-corporativos\\\/\",\"url\":\"https:\\\/\\\/el-perico.com\\\/es\\\/camara-de-comercio-hispana-de-nebraska-inicia-desayunos-mensuales-corporativos\\\/\",\"name\":\"C\u00e1mara de Comercio Hispana de Nebraska inicia desayunos mensuales corporativos - el perico\",\"isPartOf\":{\"@id\":\"https:\\\/\\\/el-perico.com\\\/es\\\/#website\"},\"primaryImageOfPage\":{\"@id\":\"https:\\\/\\\/el-perico.com\\\/es\\\/camara-de-comercio-hispana-de-nebraska-inicia-desayunos-mensuales-corporativos\\\/#primaryimage\"},\"image\":{\"@id\":\"https:\\\/\\\/el-perico.com\\\/es\\\/camara-de-comercio-hispana-de-nebraska-inicia-desayunos-mensuales-corporativos\\\/#primaryimage\"},\"thumbnailUrl\":\"https:\\\/\\\/el-perico.com\\\/wp-content\\\/uploads\\\/2023\\\/01\\\/PXL_20230127_145415536-scaled.jpg\",\"datePublished\":\"2023-01-28T15:45:01+00:00\",\"dateModified\":\"2023-01-28T21:20:06+00:00\",\"breadcrumb\":{\"@id\":\"https:\\\/\\\/el-perico.com\\\/es\\\/camara-de-comercio-hispana-de-nebraska-inicia-desayunos-mensuales-corporativos\\\/#breadcrumb\"},\"inLanguage\":\"es\",\"potentialAction\":[{\"@type\":\"ReadAction\",\"target\":[\"https:\\\/\\\/el-perico.com\\\/es\\\/camara-de-comercio-hispana-de-nebraska-inicia-desayunos-mensuales-corporativos\\\/\"]}]},{\"@type\":\"ImageObject\",\"inLanguage\":\"es\",\"@id\":\"https:\\\/\\\/el-perico.com\\\/es\\\/camara-de-comercio-hispana-de-nebraska-inicia-desayunos-mensuales-corporativos\\\/#primaryimage\",\"url\":\"https:\\\/\\\/el-perico.com\\\/wp-content\\\/uploads\\\/2023\\\/01\\\/PXL_20230127_145415536-scaled.jpg\",\"contentUrl\":\"https:\\\/\\\/el-perico.com\\\/wp-content\\\/uploads\\\/2023\\\/01\\\/PXL_20230127_145415536-scaled.jpg\",\"width\":2560,\"height\":1440},{\"@type\":\"BreadcrumbList\",\"@id\":\"https:\\\/\\\/el-perico.com\\\/es\\\/camara-de-comercio-hispana-de-nebraska-inicia-desayunos-mensuales-corporativos\\\/#breadcrumb\",\"itemListElement\":[{\"@type\":\"ListItem\",\"position\":1,\"name\":\"Home\",\"item\":\"https:\\\/\\\/el-perico.com\\\/es\\\/\"},{\"@type\":\"ListItem\",\"position\":2,\"name\":\"C\u00e1mara de Comercio Hispana de Nebraska inicia desayunos mensuales corporativos\"}]},{\"@type\":\"WebSite\",\"@id\":\"https:\\\/\\\/el-perico.com\\\/es\\\/#website\",\"url\":\"https:\\\/\\\/el-perico.com\\\/es\\\/\",\"name\":\"el perico\",\"description\":\"La plataforma original de noticias e informaci\u00f3n para la comunidad hispana de Omaha\",\"publisher\":{\"@id\":\"https:\\\/\\\/el-perico.com\\\/es\\\/#organization\"},\"potentialAction\":[{\"@type\":\"SearchAction\",\"target\":{\"@type\":\"EntryPoint\",\"urlTemplate\":\"https:\\\/\\\/el-perico.com\\\/es\\\/?s={search_term_string}\"},\"query-input\":{\"@type\":\"PropertyValueSpecification\",\"valueRequired\":true,\"valueName\":\"search_term_string\"}}],\"inLanguage\":\"es\"},{\"@type\":\"Organization\",\"@id\":\"https:\\\/\\\/el-perico.com\\\/es\\\/#organization\",\"name\":\"el perico\",\"url\":\"https:\\\/\\\/el-perico.com\\\/es\\\/\",\"logo\":{\"@type\":\"ImageObject\",\"inLanguage\":\"es\",\"@id\":\"https:\\\/\\\/el-perico.com\\\/es\\\/#\\\/schema\\\/logo\\\/image\\\/\",\"url\":\"https:\\\/\\\/el-perico.com\\\/wp-content\\\/uploads\\\/2024\\\/05\\\/ElPerico-Logo_NPM-1-e1717102187440.png\",\"contentUrl\":\"https:\\\/\\\/el-perico.com\\\/wp-content\\\/uploads\\\/2024\\\/05\\\/ElPerico-Logo_NPM-1-e1717102187440.png\",\"width\":648,\"height\":216,\"caption\":\"el perico\"},\"image\":{\"@id\":\"https:\\\/\\\/el-perico.com\\\/es\\\/#\\\/schema\\\/logo\\\/image\\\/\"},\"sameAs\":[\"https:\\\/\\\/www.facebook.com\\\/elpericoomaha\"]},{\"@type\":\"Person\",\"@id\":\"https:\\\/\\\/el-perico.com\\\/es\\\/#\\\/schema\\\/person\\\/115c218bc8ba94be5813360b272598b3\",\"name\":\"Karlha Vel\u00e1squez\",\"image\":{\"@type\":\"ImageObject\",\"inLanguage\":\"es\",\"@id\":\"https:\\\/\\\/secure.gravatar.com\\\/avatar\\\/8df18265705852ca7839a0fcee6bba22d8ecf5f77c391f99ea1b01ca64f6070e?s=96&d=mm&r=gcd64a394da1ad246b5b1ef8fb99a3b61\",\"url\":\"https:\\\/\\\/secure.gravatar.com\\\/avatar\\\/8df18265705852ca7839a0fcee6bba22d8ecf5f77c391f99ea1b01ca64f6070e?s=96&d=mm&r=g\",\"contentUrl\":\"https:\\\/\\\/secure.gravatar.com\\\/avatar\\\/8df18265705852ca7839a0fcee6bba22d8ecf5f77c391f99ea1b01ca64f6070e?s=96&d=mm&r=g\",\"caption\":\"Karlha Vel\u00e1squez\"},\"url\":\"https:\\\/\\\/el-perico.com\\\/es\\\/author\\\/karlha-velasquez\\\/\"}]}<\/script>\n<!-- \/ Yoast SEO plugin. -->","yoast_head_json":{"title":"C\u00e1mara de Comercio Hispana de Nebraska inicia desayunos mensuales corporativos - el perico","robots":{"index":"index","follow":"follow","max-snippet":"max-snippet:-1","max-image-preview":"max-image-preview:large","max-video-preview":"max-video-preview:-1"},"canonical":"https:\/\/el-perico.com\/es\/camara-de-comercio-hispana-de-nebraska-inicia-desayunos-mensuales-corporativos\/","og_locale":"es_ES","og_type":"article","og_title":"C\u00e1mara de Comercio Hispana de Nebraska inicia desayunos mensuales corporativos - el perico","og_description":"La C\u00e1mara de Comercio Hispano de Nebraska (NHC, en ingl\u00e9s) inici\u00f3 hoy su ronda mensual de desayunos corporativos en el restaurante la Hacienda Real en la calle 425 N 78th St, en aras de generar conexiones entre diversas compa\u00f1\u00edas. Este es el primero de doce desayunos que organiza la NHC para que sus socios puedan [&hellip;]","og_url":"https:\/\/el-perico.com\/es\/camara-de-comercio-hispana-de-nebraska-inicia-desayunos-mensuales-corporativos\/","og_site_name":"el perico","article_publisher":"https:\/\/www.facebook.com\/elpericoomaha","article_published_time":"2023-01-28T15:45:01+00:00","article_modified_time":"2023-01-28T21:20:06+00:00","og_image":[{"width":2560,"height":1440,"url":"https:\/\/el-perico.com\/wp-content\/uploads\/2023\/01\/PXL_20230127_145415536-scaled.jpg","type":"image\/jpeg"}],"author":"Karlha Vel\u00e1squez","twitter_card":"summary_large_image","twitter_misc":{"Escrito por":"Karlha Vel\u00e1squez","Tiempo de lectura":"3 minutos","Written by":"Karlha Vel\u00e1squez"},"schema":{"@context":"https:\/\/schema.org","@graph":[{"@type":"Article","@id":"https:\/\/el-perico.com\/es\/camara-de-comercio-hispana-de-nebraska-inicia-desayunos-mensuales-corporativos\/#article","isPartOf":{"@id":"https:\/\/el-perico.com\/es\/camara-de-comercio-hispana-de-nebraska-inicia-desayunos-mensuales-corporativos\/"},"author":{"name":"Karlha Vel\u00e1squez","@id":"https:\/\/el-perico.com\/es\/#\/schema\/person\/115c218bc8ba94be5813360b272598b3"},"headline":"C\u00e1mara de Comercio Hispana de Nebraska inicia desayunos mensuales corporativos","datePublished":"2023-01-28T15:45:01+00:00","dateModified":"2023-01-28T21:20:06+00:00","mainEntityOfPage":{"@id":"https:\/\/el-perico.com\/es\/camara-de-comercio-hispana-de-nebraska-inicia-desayunos-mensuales-corporativos\/"},"wordCount":475,"commentCount":0,"publisher":{"@id":"https:\/\/el-perico.com\/es\/#organization"},"image":{"@id":"https:\/\/el-perico.com\/es\/camara-de-comercio-hispana-de-nebraska-inicia-desayunos-mensuales-corporativos\/#primaryimage"},"thumbnailUrl":"https:\/\/el-perico.com\/wp-content\/uploads\/2023\/01\/PXL_20230127_145415536-scaled.jpg","keywords":["C\u00e1mara de comercio hispano","Desayunos de conexiones","diva mej\u00eda","emprendedores","guadalupe mill\u00e1n","Nebraska Hispanic Chamber","omaha"],"articleSection":["General","Latino Owned Businesses"],"inLanguage":"es","potentialAction":[{"@type":"CommentAction","name":"Comment","target":["https:\/\/el-perico.com\/es\/camara-de-comercio-hispana-de-nebraska-inicia-desayunos-mensuales-corporativos\/#respond"]}]},{"@type":"WebPage","@id":"https:\/\/el-perico.com\/es\/camara-de-comercio-hispana-de-nebraska-inicia-desayunos-mensuales-corporativos\/","url":"https:\/\/el-perico.com\/es\/camara-de-comercio-hispana-de-nebraska-inicia-desayunos-mensuales-corporativos\/","name":"C\u00e1mara de Comercio Hispana de Nebraska inicia desayunos mensuales corporativos - el perico","isPartOf":{"@id":"https:\/\/el-perico.com\/es\/#website"},"primaryImageOfPage":{"@id":"https:\/\/el-perico.com\/es\/camara-de-comercio-hispana-de-nebraska-inicia-desayunos-mensuales-corporativos\/#primaryimage"},"image":{"@id":"https:\/\/el-perico.com\/es\/camara-de-comercio-hispana-de-nebraska-inicia-desayunos-mensuales-corporativos\/#primaryimage"},"thumbnailUrl":"https:\/\/el-perico.com\/wp-content\/uploads\/2023\/01\/PXL_20230127_145415536-scaled.jpg","datePublished":"2023-01-28T15:45:01+00:00","dateModified":"2023-01-28T21:20:06+00:00","breadcrumb":{"@id":"https:\/\/el-perico.com\/es\/camara-de-comercio-hispana-de-nebraska-inicia-desayunos-mensuales-corporativos\/#breadcrumb"},"inLanguage":"es","potentialAction":[{"@type":"ReadAction","target":["https:\/\/el-perico.com\/es\/camara-de-comercio-hispana-de-nebraska-inicia-desayunos-mensuales-corporativos\/"]}]},{"@type":"ImageObject","inLanguage":"es","@id":"https:\/\/el-perico.com\/es\/camara-de-comercio-hispana-de-nebraska-inicia-desayunos-mensuales-corporativos\/#primaryimage","url":"https:\/\/el-perico.com\/wp-content\/uploads\/2023\/01\/PXL_20230127_145415536-scaled.jpg","contentUrl":"https:\/\/el-perico.com\/wp-content\/uploads\/2023\/01\/PXL_20230127_145415536-scaled.jpg","width":2560,"height":1440},{"@type":"BreadcrumbList","@id":"https:\/\/el-perico.com\/es\/camara-de-comercio-hispana-de-nebraska-inicia-desayunos-mensuales-corporativos\/#breadcrumb","itemListElement":[{"@type":"ListItem","position":1,"name":"Home","item":"https:\/\/el-perico.com\/es\/"},{"@type":"ListItem","position":2,"name":"C\u00e1mara de Comercio Hispana de Nebraska inicia desayunos mensuales corporativos"}]},{"@type":"WebSite","@id":"https:\/\/el-perico.com\/es\/#website","url":"https:\/\/el-perico.com\/es\/","name":"el perico","description":"La plataforma original de noticias e informaci\u00f3n para la comunidad hispana de Omaha","publisher":{"@id":"https:\/\/el-perico.com\/es\/#organization"},"potentialAction":[{"@type":"SearchAction","target":{"@type":"EntryPoint","urlTemplate":"https:\/\/el-perico.com\/es\/?s={search_term_string}"},"query-input":{"@type":"PropertyValueSpecification","valueRequired":true,"valueName":"search_term_string"}}],"inLanguage":"es"},{"@type":"Organization","@id":"https:\/\/el-perico.com\/es\/#organization","name":"el perico","url":"https:\/\/el-perico.com\/es\/","logo":{"@type":"ImageObject","inLanguage":"es","@id":"https:\/\/el-perico.com\/es\/#\/schema\/logo\/image\/","url":"https:\/\/el-perico.com\/wp-content\/uploads\/2024\/05\/ElPerico-Logo_NPM-1-e1717102187440.png","contentUrl":"https:\/\/el-perico.com\/wp-content\/uploads\/2024\/05\/ElPerico-Logo_NPM-1-e1717102187440.png","width":648,"height":216,"caption":"el perico"},"image":{"@id":"https:\/\/el-perico.com\/es\/#\/schema\/logo\/image\/"},"sameAs":["https:\/\/www.facebook.com\/elpericoomaha"]},{"@type":"Person","@id":"https:\/\/el-perico.com\/es\/#\/schema\/person\/115c218bc8ba94be5813360b272598b3","name":"Karlha Vel\u00e1squez","image":{"@type":"ImageObject","inLanguage":"es","@id":"https:\/\/secure.gravatar.com\/avatar\/8df18265705852ca7839a0fcee6bba22d8ecf5f77c391f99ea1b01ca64f6070e?s=96&d=mm&r=gcd64a394da1ad246b5b1ef8fb99a3b61","url":"https:\/\/secure.gravatar.com\/avatar\/8df18265705852ca7839a0fcee6bba22d8ecf5f77c391f99ea1b01ca64f6070e?s=96&d=mm&r=g","contentUrl":"https:\/\/secure.gravatar.com\/avatar\/8df18265705852ca7839a0fcee6bba22d8ecf5f77c391f99ea1b01ca64f6070e?s=96&d=mm&r=g","caption":"Karlha Vel\u00e1squez"},"url":"https:\/\/el-perico.com\/es\/author\/karlha-velasquez\/"}]}},"_links":{"self":[{"href":"https:\/\/el-perico.com\/es\/wp-json\/wp\/v2\/posts\/8921","targetHints":{"allow":["GET"]}}],"collection":[{"href":"https:\/\/el-perico.com\/es\/wp-json\/wp\/v2\/posts"}],"about":[{"href":"https:\/\/el-perico.com\/es\/wp-json\/wp\/v2\/types\/post"}],"author":[{"embeddable":true,"href":"https:\/\/el-perico.com\/es\/wp-json\/wp\/v2\/users\/33"}],"replies":[{"embeddable":true,"href":"https:\/\/el-perico.com\/es\/wp-json\/wp\/v2\/comments?post=8921"}],"version-history":[{"count":4,"href":"https:\/\/el-perico.com\/es\/wp-json\/wp\/v2\/posts\/8921\/revisions"}],"predecessor-version":[{"id":8942,"href":"https:\/\/el-perico.com\/es\/wp-json\/wp\/v2\/posts\/8921\/revisions\/8942"}],"wp:featuredmedia":[{"embeddable":true,"href":"https:\/\/el-perico.com\/es\/wp-json\/wp\/v2\/media\/8924"}],"wp:attachment":[{"href":"https:\/\/el-perico.com\/es\/wp-json\/wp\/v2\/media?parent=8921"}],"wp:term":[{"taxonomy":"category","embeddable":true,"href":"https:\/\/el-perico.com\/es\/wp-json\/wp\/v2\/categories?post=8921"},{"taxonomy":"post_tag","embeddable":true,"href":"https:\/\/el-perico.com\/es\/wp-json\/wp\/v2\/tags?post=8921"},{"taxonomy":"newspack_spnsrs_tax","embeddable":true,"href":"https:\/\/el-perico.com\/es\/wp-json\/wp\/v2\/newspack_spnsrs_tax?post=8921"},{"taxonomy":"author","embeddable":true,"href":"https:\/\/el-perico.com\/es\/wp-json\/wp\/v2\/coauthors?post=8921"}],"curies":[{"name":"wp","href":"https:\/\/api.w.org\/{rel}","templated":true}]}}