{"id":8768,"date":"2022-12-07T12:54:38","date_gmt":"2022-12-07T17:54:38","guid":{"rendered":"https:\/\/el-perico.com\/?p=8768"},"modified":"2022-12-07T13:31:42","modified_gmt":"2022-12-07T18:31:42","slug":"como-prepararse-para-una-entrevista-laboral","status":"publish","type":"post","link":"https:\/\/el-perico.com\/es\/como-prepararse-para-una-entrevista-laboral\/","title":{"rendered":"C\u00f3mo prepararse para una entrevista laboral en Omaha"},"content":{"rendered":"<div class=\"wp-block-image\">\n<figure class=\"alignright size-large is-resized\"><img decoding=\"async\" src=\"https:\/\/el-perico.com\/wp-content\/uploads\/2022\/12\/pexels-tima-miroshnichenko-5439137-1024x683.jpg\" alt=\"\" class=\"wp-image-8769\" width=\"-763\" height=\"-508\" srcset=\"https:\/\/el-perico.com\/wp-content\/uploads\/2022\/12\/pexels-tima-miroshnichenko-5439137-1024x683.jpg 1024w, https:\/\/el-perico.com\/wp-content\/uploads\/2022\/12\/pexels-tima-miroshnichenko-5439137-300x200.jpg 300w, https:\/\/el-perico.com\/wp-content\/uploads\/2022\/12\/pexels-tima-miroshnichenko-5439137-768x512.jpg 768w, https:\/\/el-perico.com\/wp-content\/uploads\/2022\/12\/pexels-tima-miroshnichenko-5439137-1536x1024.jpg 1536w, https:\/\/el-perico.com\/wp-content\/uploads\/2022\/12\/pexels-tima-miroshnichenko-5439137-2048x1365.jpg 2048w, https:\/\/el-perico.com\/wp-content\/uploads\/2022\/12\/pexels-tima-miroshnichenko-5439137-1200x800.jpg 1200w, https:\/\/el-perico.com\/wp-content\/uploads\/2022\/12\/pexels-tima-miroshnichenko-5439137-1568x1045.jpg 1568w, https:\/\/el-perico.com\/wp-content\/uploads\/2022\/12\/pexels-tima-miroshnichenko-5439137-400x267.jpg 400w\" sizes=\"(max-width: 1024px) 100vw, 1024px\" \/><figcaption class=\"wp-element-caption\">Foto referencial de entrevista laboral. Foto Tima Miroschnichenko\/Pexel.<\/figcaption><\/figure>\n<\/div>\n\n\n<p>Buscar un nuevo empleo tiene un proceso especial. Hay que enviar hojas de vida a cada compa\u00f1\u00eda y algunos hasta solicitan un <em>cover letter,<\/em> que es una especie de carta en la que proporcionas informaci\u00f3n personal adicional al curr\u00edculum sobre c\u00f3mo puedes contribuir a la empresa si ocupas el cargo.<\/p>\n\n\n\n<p>Sin embargo, recuerda que no son los curr\u00edculos o solicitudes los que contratan, eso lo hacen los gerentes o cabezas de compa\u00f1\u00edas, sea cual sea el tama\u00f1o de esta. Y luego de ver la solicitud llaman para una entrevista, y es aqu\u00ed en donde recopilamos unos consejos para que este proceso no sea tan inquietante.<\/p>\n\n\n\n<p>Lo primero que debes saber es a qu\u00e9 posici\u00f3n est\u00e1s aplicando y si est\u00e1s seguro de que puedes cumplir con ese cargo, adem\u00e1s de conocer si este cumple con los beneficios y expectativas salariales que te est\u00e1s planteando. Recuerda que la honestidad con uno mismo es valiosa.&nbsp;<\/p>\n\n\n\n<p>Si luego de postularte, te llaman \u00a1felicidades! Has dado un paso m\u00e1s y ahora sigue el de la entrevista.<\/p>\n\n\n<div class=\"wp-block-image\">\n<figure class=\"alignright size-large is-resized\"><img loading=\"lazy\" decoding=\"async\" src=\"https:\/\/el-perico.com\/wp-content\/uploads\/2022\/12\/pexels-tima-miroshnichenko-5439455-1024x683.jpg\" alt=\"\" class=\"wp-image-8771\" width=\"399\" height=\"266\" srcset=\"https:\/\/el-perico.com\/wp-content\/uploads\/2022\/12\/pexels-tima-miroshnichenko-5439455-1024x683.jpg 1024w, https:\/\/el-perico.com\/wp-content\/uploads\/2022\/12\/pexels-tima-miroshnichenko-5439455-300x200.jpg 300w, https:\/\/el-perico.com\/wp-content\/uploads\/2022\/12\/pexels-tima-miroshnichenko-5439455-768x512.jpg 768w, https:\/\/el-perico.com\/wp-content\/uploads\/2022\/12\/pexels-tima-miroshnichenko-5439455-1536x1024.jpg 1536w, https:\/\/el-perico.com\/wp-content\/uploads\/2022\/12\/pexels-tima-miroshnichenko-5439455-2048x1365.jpg 2048w, https:\/\/el-perico.com\/wp-content\/uploads\/2022\/12\/pexels-tima-miroshnichenko-5439455-1200x800.jpg 1200w, https:\/\/el-perico.com\/wp-content\/uploads\/2022\/12\/pexels-tima-miroshnichenko-5439455-1568x1045.jpg 1568w, https:\/\/el-perico.com\/wp-content\/uploads\/2022\/12\/pexels-tima-miroshnichenko-5439455-400x267.jpg 400w\" sizes=\"auto, (max-width: 399px) 100vw, 399px\" \/><figcaption class=\"wp-element-caption\">Quienes contratan son personas que desean conocer m\u00e1s sobre t\u00ed y el valor que le puedes dar a su empresa. Tambi\u00e9n verifica que esa empresa genera valor para ti. Foto Tima Miroschnichenko\/Pexel.<\/figcaption><\/figure>\n<\/div>\n\n\n<p>Esta etapa del proceso es cr\u00edtica para la selecci\u00f3n, ya que tienes la oportunidad de describir a fondo tu experiencia, educaci\u00f3n y capacitaci\u00f3n. Con este momento en el que te enfrentas a una situaci\u00f3n de \u201ct\u00fa a t\u00fa\u201d puedes comprender mejor a la organizaci\u00f3n, la posici\u00f3n y el salario. El entrevistador est\u00e1 tratando de determinar si cuentas con las habilidades que requiere el puesto, y t\u00fa puedes determinar si cumples con ese requisito. Es un intercambio de informaci\u00f3n.<\/p>\n\n\n\n<p><strong>Causas de discriminaci\u00f3n<\/strong><\/p>\n\n\n\n<p>Preguntas sobre el estado civil y la cantidad de hijos y sus edades suelen ser causa de discriminaci\u00f3n, sobre todo contra las mujeres, y pueden infringir el T\u00edtulo VII si se usan para denegar o limitar oportunidades laborales.<\/p>\n\n\n\n<p>Para la Comisi\u00f3n para la Igualdad de Oportunidad de Empleo (CIPE, EEOC en ingl\u00e9s) de Estados Unidos, tales preguntas son claramente discriminatorias solo a mujeres y no a hombres (o viceversa). Esto puede considerarse un intento de discriminar a las personas con hijos.<\/p>\n\n\n\n<p>Las consultas personales, y no laborales, antes de la contrataci\u00f3n que detalla la CIPE puede ser un acto de discriminaci\u00f3n:<\/p>\n\n\n\n<ul class=\"wp-block-list\">\n<li>Consultar si la persona que solicita est\u00e1 embarazada.<\/li>\n\n\n\n<li>Consultar sobre el estado civil o si planea contraer matrimonio.<\/li>\n\n\n\n<li>Consultar sobre la cantidad de hijos y sus edades, o sobre los planes de tener hijos en el futuro.<\/li>\n\n\n\n<li>Consultar sobre arreglos para el cuidado de menores.<\/li>\n\n\n\n<li>Consultar sobre la situaci\u00f3n laboral del c\u00f3nyuge.<\/li>\n\n\n\n<li>Consultar sobre el nombre del c\u00f3nyuge.<\/li>\n<\/ul>\n\n\n\n<p><strong>La entrevista<\/strong><\/p>\n\n\n\n<p>Una vez teniendo en cuenta la informaci\u00f3n anterior, el Departamento de Trabajo de Estados Unidos ofrece en su p\u00e1gina web unos consejos para que est\u00e9s preparado antes y durante la entrevista de trabajo, las cuales enumeramos a continuaci\u00f3n:&nbsp;&nbsp;<\/p>\n\n\n\n<p><strong>Antes del t\u00fa a t\u00fa<\/strong><\/p>\n\n\n\n<p>1. &nbsp; &nbsp; &nbsp; Familiar\u00edzate con la empresa<\/p>\n\n\n\n<p>Un punto importante es conocer no solo la posici\u00f3n que deseas ocupar, sino sobre la organizaci\u00f3n (misi\u00f3n, objetivos, etc.). Familiar\u00edzate con las obligaciones y responsabilidades del cargo. No te asustes, hay posiciones con nombres elaborados que al final puede ser algo ya conocido. No asumas que conoces todo, siempre investiga.<\/p>\n\n\n\n<p>2. &nbsp; &nbsp; &nbsp; Revisa tu curr\u00edculum<\/p>\n\n\n\n<p>Aunque lo hayas escrito t\u00fa mismo, \u00e9chale un ojo a tu hoja de vida. Es posible que te pregunten sobre tus trabajos anteriores y debes saber bien c\u00f3mo responder. Enf\u00f3cate en los trabajos pagados y voluntariados.&nbsp;<\/p>\n\n\n\n<p>3. &nbsp; &nbsp; &nbsp; Practica<\/p>\n\n\n\n<p>Si t\u00fa fueses el que va a entrevistar, recrea esa idea. Contesta las preguntas t\u00edpicas que te har\u00edan. Recuerda que en EEUU no es com\u00fan hacer preguntas personales sobre hijos, estado civil o nombre de la pareja.<\/p>\n\n\n\n<p>4. &nbsp; &nbsp; &nbsp; Calcula el tiempo de llegada<\/p>\n\n\n\n<p>Si no sabes d\u00f3nde queda el lugar, haz una b\u00fasqueda en Google Maps para saber cu\u00e1l es el tiempo estimado que tendr\u00edas para llegar. Si se trata de una entrevista virtual, busca un espacio tranquilo y ten a la mano el enlace para entrar 5 minutos antes a la sala.<\/p>\n\n\n\n<p>5. &nbsp; &nbsp; &nbsp; Pregunta si hay otras entrevistas m\u00e1s<\/p>\n\n\n\n<p>Algunas empresas hacen filtros y organizan al menos dos entrevistas para asegurarse bien. As\u00ed que pregunta si hay otras entrevistas aparte de la que est\u00e1s presenciando.<\/p>\n\n\n<div class=\"wp-block-image\">\n<figure class=\"aligncenter size-large is-resized\"><img loading=\"lazy\" decoding=\"async\" src=\"https:\/\/el-perico.com\/wp-content\/uploads\/2022\/12\/pexels-sora-shimazaki-5668859-1024x683.jpg\" alt=\"\" class=\"wp-image-8773\" width=\"421\" height=\"281\" srcset=\"https:\/\/el-perico.com\/wp-content\/uploads\/2022\/12\/pexels-sora-shimazaki-5668859-1024x683.jpg 1024w, https:\/\/el-perico.com\/wp-content\/uploads\/2022\/12\/pexels-sora-shimazaki-5668859-300x200.jpg 300w, https:\/\/el-perico.com\/wp-content\/uploads\/2022\/12\/pexels-sora-shimazaki-5668859-768x512.jpg 768w, https:\/\/el-perico.com\/wp-content\/uploads\/2022\/12\/pexels-sora-shimazaki-5668859-1536x1024.jpg 1536w, https:\/\/el-perico.com\/wp-content\/uploads\/2022\/12\/pexels-sora-shimazaki-5668859-2048x1365.jpg 2048w, https:\/\/el-perico.com\/wp-content\/uploads\/2022\/12\/pexels-sora-shimazaki-5668859-1200x800.jpg 1200w, https:\/\/el-perico.com\/wp-content\/uploads\/2022\/12\/pexels-sora-shimazaki-5668859-1568x1045.jpg 1568w, https:\/\/el-perico.com\/wp-content\/uploads\/2022\/12\/pexels-sora-shimazaki-5668859-400x267.jpg 400w\" sizes=\"auto, (max-width: 421px) 100vw, 421px\" \/><figcaption class=\"wp-element-caption\">La primera impresi\u00f3n puede determinar las decisiones de los contratadores. Foto: Sora Shimazaki\/Pexel.<\/figcaption><\/figure>\n<\/div>\n\n\n<p><strong>Durante la entrevista<\/strong><\/p>\n\n\n\n<p>1. &nbsp; Aunque parezca una obviedad, <strong>la puntualidad dice mucho de nosotros<\/strong>. Es por eso que calcula el tiempo de llegada al lugar. Y si es virtual, ten a la mano el enlace de la sala y revisa tu conexi\u00f3n. Recuerda que esta es la primera impresi\u00f3n, y cuenta mucho.<\/p>\n\n\n\n<p>2.&nbsp; &nbsp; Prepara una presentaci\u00f3n corta de 30 segundos que describa por qu\u00e9 deseas esa posici\u00f3n en esa compa\u00f1\u00eda.<\/p>\n\n\n\n<p>3. Escucha con atenci\u00f3n las preguntas que te hacen y responde lo m\u00e1s directo posible. Enf\u00f3cate en tus objetivos relevantes para la posici\u00f3n, usa ejemplos o experiencias si es posible. Puedes contar an\u00e9cdotas cortas de c\u00f3mo resolviste alguna situaci\u00f3n. No te desv\u00edes de lo que te preguntan.<\/p>\n\n\n\n<p>4.&nbsp; &nbsp; Recuerda lo positivo y evita comentarios negativos sobre tus compa\u00f1eros, empresas o posici\u00f3n anterior.<\/p>\n\n\n\n<p>5.&nbsp; &nbsp; Cuida el lenguaje corporal y el tono de voz. Recuerda que toda la atenci\u00f3n va dirigida a ti.<\/p>\n\n\n\n<p>6.&nbsp; &nbsp; Toma algunas notas, si deseas.<\/p>\n\n\n\n<p>7.&nbsp; &nbsp; As\u00ed como te preguntan, t\u00fa tambi\u00e9n puedes hacerlas. Es importante saber sobre la posici\u00f3n disponible, las tareas a realizar, los pasos a seguir luego de la selecci\u00f3n, el salario y los beneficios (si no se describen en el anuncio) que incluyen el cargo.<\/p>\n\n\n\n<p>8.&nbsp; &nbsp; Refuerza el inter\u00e9s en ocupar ese cargo y siempre agradece a los entrevistadores y la oportunidad por estar en esa entrevista.<\/p>\n","protected":false},"excerpt":{"rendered":"<p>Buscar un nuevo empleo tiene un proceso especial. Hay que enviar hojas de vida a cada compa\u00f1\u00eda y algunos hasta solicitan un cover letter, que es una especie de carta en la que proporcionas informaci\u00f3n personal adicional al curr\u00edculum sobre c\u00f3mo puedes contribuir a la empresa si ocupas el cargo. Sin embargo, recuerda que no [&hellip;]<\/p>\n","protected":false},"author":33,"featured_media":8773,"comment_status":"open","ping_status":"closed","sticky":false,"template":"","format":"standard","meta":{"newspack_ads_suppress_ads":false,"_newspack_byline_active":false,"_newspack_byline":"","newspack_hide_updated_date":false,"newspack_show_updated_date":false,"newspack_content_restriction_is_exempt":false,"newspack_featured_image_position":"behind","newspack_post_subtitle":"La empresas est\u00e1n constantemente buscando personal de calidad y la manera en que nos deselvolvemos pueden determinar si se consigue o no el trabajo esperado.  Art\u00edculo publicado en la edici\u00f3n impresa de diciembre 2022.","newspack_article_summary_title":"Overview:","newspack_article_summary":"","footnotes":""},"categories":[39,44],"tags":[1618,1619,1622,1620,1335],"newspack_spnsrs_tax":[],"coauthors":[1295],"class_list":["post-8768","post","type-post","status-publish","format-standard","has-post-thumbnail","hentry","category-comunidad","category-la-vida-americana","tag-entrevista-2","tag-interview","tag-labor-2","tag-laboral","tag-omaha","entry"],"yoast_head":"<!-- This site is optimized with the Yoast SEO plugin v27.5 - https:\/\/yoast.com\/product\/yoast-seo-wordpress\/ -->\n<title>C\u00f3mo prepararse para una entrevista laboral en Omaha - el perico<\/title>\n<meta name=\"robots\" content=\"index, follow, max-snippet:-1, max-image-preview:large, max-video-preview:-1\" \/>\n<link rel=\"canonical\" href=\"https:\/\/el-perico.com\/es\/como-prepararse-para-una-entrevista-laboral\/\" \/>\n<meta property=\"og:locale\" content=\"es_ES\" \/>\n<meta property=\"og:type\" content=\"article\" \/>\n<meta property=\"og:title\" content=\"C\u00f3mo prepararse para una entrevista laboral en Omaha - el perico\" \/>\n<meta property=\"og:description\" content=\"Buscar un nuevo empleo tiene un proceso especial. Hay que enviar hojas de vida a cada compa\u00f1\u00eda y algunos hasta solicitan un cover letter, que es una especie de carta en la que proporcionas informaci\u00f3n personal adicional al curr\u00edculum sobre c\u00f3mo puedes contribuir a la empresa si ocupas el cargo. Sin embargo, recuerda que no [&hellip;]\" \/>\n<meta property=\"og:url\" content=\"https:\/\/el-perico.com\/es\/como-prepararse-para-una-entrevista-laboral\/\" \/>\n<meta property=\"og:site_name\" content=\"el perico\" \/>\n<meta property=\"article:publisher\" content=\"https:\/\/www.facebook.com\/elpericoomaha\" \/>\n<meta property=\"article:published_time\" content=\"2022-12-07T17:54:38+00:00\" \/>\n<meta property=\"article:modified_time\" content=\"2022-12-07T18:31:42+00:00\" \/>\n<meta property=\"og:image\" content=\"https:\/\/el-perico.com\/wp-content\/uploads\/2022\/12\/pexels-sora-shimazaki-5668859-scaled.jpg\" \/>\n\t<meta property=\"og:image:width\" content=\"2560\" \/>\n\t<meta property=\"og:image:height\" content=\"1707\" \/>\n\t<meta property=\"og:image:type\" content=\"image\/jpeg\" \/>\n<meta name=\"author\" content=\"Karlha Vel\u00e1squez\" \/>\n<meta name=\"twitter:card\" content=\"summary_large_image\" \/>\n<meta name=\"twitter:label1\" content=\"Escrito por\" \/>\n\t<meta name=\"twitter:data1\" content=\"Karlha Vel\u00e1squez\" \/>\n\t<meta name=\"twitter:label2\" content=\"Tiempo de lectura\" \/>\n\t<meta name=\"twitter:data2\" content=\"5 minutos\" \/>\n\t<meta name=\"twitter:label3\" content=\"Written by\" \/>\n\t<meta name=\"twitter:data3\" content=\"Karlha Vel\u00e1squez\" \/>\n<script type=\"application\/ld+json\" class=\"yoast-schema-graph\">{\"@context\":\"https:\\\/\\\/schema.org\",\"@graph\":[{\"@type\":\"Article\",\"@id\":\"https:\\\/\\\/el-perico.com\\\/es\\\/como-prepararse-para-una-entrevista-laboral\\\/#article\",\"isPartOf\":{\"@id\":\"https:\\\/\\\/el-perico.com\\\/es\\\/como-prepararse-para-una-entrevista-laboral\\\/\"},\"author\":{\"name\":\"Karlha Vel\u00e1squez\",\"@id\":\"https:\\\/\\\/el-perico.com\\\/es\\\/#\\\/schema\\\/person\\\/115c218bc8ba94be5813360b272598b3\"},\"headline\":\"C\u00f3mo prepararse para una entrevista laboral en Omaha\",\"datePublished\":\"2022-12-07T17:54:38+00:00\",\"dateModified\":\"2022-12-07T18:31:42+00:00\",\"mainEntityOfPage\":{\"@id\":\"https:\\\/\\\/el-perico.com\\\/es\\\/como-prepararse-para-una-entrevista-laboral\\\/\"},\"wordCount\":1059,\"commentCount\":0,\"publisher\":{\"@id\":\"https:\\\/\\\/el-perico.com\\\/es\\\/#organization\"},\"image\":{\"@id\":\"https:\\\/\\\/el-perico.com\\\/es\\\/como-prepararse-para-una-entrevista-laboral\\\/#primaryimage\"},\"thumbnailUrl\":\"https:\\\/\\\/el-perico.com\\\/wp-content\\\/uploads\\\/2022\\\/12\\\/pexels-sora-shimazaki-5668859-scaled.jpg\",\"keywords\":[\"entrevista\",\"interview\",\"labor\",\"laboral\",\"Omaha\"],\"articleSection\":[\"Comunidad\",\"La Vida Americana\"],\"inLanguage\":\"es\",\"potentialAction\":[{\"@type\":\"CommentAction\",\"name\":\"Comment\",\"target\":[\"https:\\\/\\\/el-perico.com\\\/es\\\/como-prepararse-para-una-entrevista-laboral\\\/#respond\"]}]},{\"@type\":\"WebPage\",\"@id\":\"https:\\\/\\\/el-perico.com\\\/es\\\/como-prepararse-para-una-entrevista-laboral\\\/\",\"url\":\"https:\\\/\\\/el-perico.com\\\/es\\\/como-prepararse-para-una-entrevista-laboral\\\/\",\"name\":\"C\u00f3mo prepararse para una entrevista laboral en Omaha - el perico\",\"isPartOf\":{\"@id\":\"https:\\\/\\\/el-perico.com\\\/es\\\/#website\"},\"primaryImageOfPage\":{\"@id\":\"https:\\\/\\\/el-perico.com\\\/es\\\/como-prepararse-para-una-entrevista-laboral\\\/#primaryimage\"},\"image\":{\"@id\":\"https:\\\/\\\/el-perico.com\\\/es\\\/como-prepararse-para-una-entrevista-laboral\\\/#primaryimage\"},\"thumbnailUrl\":\"https:\\\/\\\/el-perico.com\\\/wp-content\\\/uploads\\\/2022\\\/12\\\/pexels-sora-shimazaki-5668859-scaled.jpg\",\"datePublished\":\"2022-12-07T17:54:38+00:00\",\"dateModified\":\"2022-12-07T18:31:42+00:00\",\"breadcrumb\":{\"@id\":\"https:\\\/\\\/el-perico.com\\\/es\\\/como-prepararse-para-una-entrevista-laboral\\\/#breadcrumb\"},\"inLanguage\":\"es\",\"potentialAction\":[{\"@type\":\"ReadAction\",\"target\":[\"https:\\\/\\\/el-perico.com\\\/es\\\/como-prepararse-para-una-entrevista-laboral\\\/\"]}]},{\"@type\":\"ImageObject\",\"inLanguage\":\"es\",\"@id\":\"https:\\\/\\\/el-perico.com\\\/es\\\/como-prepararse-para-una-entrevista-laboral\\\/#primaryimage\",\"url\":\"https:\\\/\\\/el-perico.com\\\/wp-content\\\/uploads\\\/2022\\\/12\\\/pexels-sora-shimazaki-5668859-scaled.jpg\",\"contentUrl\":\"https:\\\/\\\/el-perico.com\\\/wp-content\\\/uploads\\\/2022\\\/12\\\/pexels-sora-shimazaki-5668859-scaled.jpg\",\"width\":2560,\"height\":1707},{\"@type\":\"BreadcrumbList\",\"@id\":\"https:\\\/\\\/el-perico.com\\\/es\\\/como-prepararse-para-una-entrevista-laboral\\\/#breadcrumb\",\"itemListElement\":[{\"@type\":\"ListItem\",\"position\":1,\"name\":\"Home\",\"item\":\"https:\\\/\\\/el-perico.com\\\/es\\\/\"},{\"@type\":\"ListItem\",\"position\":2,\"name\":\"C\u00f3mo prepararse para una entrevista laboral en Omaha\"}]},{\"@type\":\"WebSite\",\"@id\":\"https:\\\/\\\/el-perico.com\\\/es\\\/#website\",\"url\":\"https:\\\/\\\/el-perico.com\\\/es\\\/\",\"name\":\"el perico\",\"description\":\"La plataforma original de noticias e informaci\u00f3n para la comunidad hispana de Omaha\",\"publisher\":{\"@id\":\"https:\\\/\\\/el-perico.com\\\/es\\\/#organization\"},\"potentialAction\":[{\"@type\":\"SearchAction\",\"target\":{\"@type\":\"EntryPoint\",\"urlTemplate\":\"https:\\\/\\\/el-perico.com\\\/es\\\/?s={search_term_string}\"},\"query-input\":{\"@type\":\"PropertyValueSpecification\",\"valueRequired\":true,\"valueName\":\"search_term_string\"}}],\"inLanguage\":\"es\"},{\"@type\":\"Organization\",\"@id\":\"https:\\\/\\\/el-perico.com\\\/es\\\/#organization\",\"name\":\"el perico\",\"url\":\"https:\\\/\\\/el-perico.com\\\/es\\\/\",\"logo\":{\"@type\":\"ImageObject\",\"inLanguage\":\"es\",\"@id\":\"https:\\\/\\\/el-perico.com\\\/es\\\/#\\\/schema\\\/logo\\\/image\\\/\",\"url\":\"https:\\\/\\\/el-perico.com\\\/wp-content\\\/uploads\\\/2024\\\/05\\\/ElPerico-Logo_NPM-1-e1717102187440.png\",\"contentUrl\":\"https:\\\/\\\/el-perico.com\\\/wp-content\\\/uploads\\\/2024\\\/05\\\/ElPerico-Logo_NPM-1-e1717102187440.png\",\"width\":648,\"height\":216,\"caption\":\"el perico\"},\"image\":{\"@id\":\"https:\\\/\\\/el-perico.com\\\/es\\\/#\\\/schema\\\/logo\\\/image\\\/\"},\"sameAs\":[\"https:\\\/\\\/www.facebook.com\\\/elpericoomaha\"]},{\"@type\":\"Person\",\"@id\":\"https:\\\/\\\/el-perico.com\\\/es\\\/#\\\/schema\\\/person\\\/115c218bc8ba94be5813360b272598b3\",\"name\":\"Karlha Vel\u00e1squez\",\"image\":{\"@type\":\"ImageObject\",\"inLanguage\":\"es\",\"@id\":\"https:\\\/\\\/secure.gravatar.com\\\/avatar\\\/8df18265705852ca7839a0fcee6bba22d8ecf5f77c391f99ea1b01ca64f6070e?s=96&d=mm&r=gcd64a394da1ad246b5b1ef8fb99a3b61\",\"url\":\"https:\\\/\\\/secure.gravatar.com\\\/avatar\\\/8df18265705852ca7839a0fcee6bba22d8ecf5f77c391f99ea1b01ca64f6070e?s=96&d=mm&r=g\",\"contentUrl\":\"https:\\\/\\\/secure.gravatar.com\\\/avatar\\\/8df18265705852ca7839a0fcee6bba22d8ecf5f77c391f99ea1b01ca64f6070e?s=96&d=mm&r=g\",\"caption\":\"Karlha Vel\u00e1squez\"},\"url\":\"https:\\\/\\\/el-perico.com\\\/es\\\/author\\\/karlha-velasquez\\\/\"}]}<\/script>\n<!-- \/ Yoast SEO plugin. -->","yoast_head_json":{"title":"C\u00f3mo prepararse para una entrevista laboral en Omaha - el perico","robots":{"index":"index","follow":"follow","max-snippet":"max-snippet:-1","max-image-preview":"max-image-preview:large","max-video-preview":"max-video-preview:-1"},"canonical":"https:\/\/el-perico.com\/es\/como-prepararse-para-una-entrevista-laboral\/","og_locale":"es_ES","og_type":"article","og_title":"C\u00f3mo prepararse para una entrevista laboral en Omaha - el perico","og_description":"Buscar un nuevo empleo tiene un proceso especial. Hay que enviar hojas de vida a cada compa\u00f1\u00eda y algunos hasta solicitan un cover letter, que es una especie de carta en la que proporcionas informaci\u00f3n personal adicional al curr\u00edculum sobre c\u00f3mo puedes contribuir a la empresa si ocupas el cargo. Sin embargo, recuerda que no [&hellip;]","og_url":"https:\/\/el-perico.com\/es\/como-prepararse-para-una-entrevista-laboral\/","og_site_name":"el perico","article_publisher":"https:\/\/www.facebook.com\/elpericoomaha","article_published_time":"2022-12-07T17:54:38+00:00","article_modified_time":"2022-12-07T18:31:42+00:00","og_image":[{"width":2560,"height":1707,"url":"https:\/\/el-perico.com\/wp-content\/uploads\/2022\/12\/pexels-sora-shimazaki-5668859-scaled.jpg","type":"image\/jpeg"}],"author":"Karlha Vel\u00e1squez","twitter_card":"summary_large_image","twitter_misc":{"Escrito por":"Karlha Vel\u00e1squez","Tiempo de lectura":"5 minutos","Written by":"Karlha Vel\u00e1squez"},"schema":{"@context":"https:\/\/schema.org","@graph":[{"@type":"Article","@id":"https:\/\/el-perico.com\/es\/como-prepararse-para-una-entrevista-laboral\/#article","isPartOf":{"@id":"https:\/\/el-perico.com\/es\/como-prepararse-para-una-entrevista-laboral\/"},"author":{"name":"Karlha Vel\u00e1squez","@id":"https:\/\/el-perico.com\/es\/#\/schema\/person\/115c218bc8ba94be5813360b272598b3"},"headline":"C\u00f3mo prepararse para una entrevista laboral en Omaha","datePublished":"2022-12-07T17:54:38+00:00","dateModified":"2022-12-07T18:31:42+00:00","mainEntityOfPage":{"@id":"https:\/\/el-perico.com\/es\/como-prepararse-para-una-entrevista-laboral\/"},"wordCount":1059,"commentCount":0,"publisher":{"@id":"https:\/\/el-perico.com\/es\/#organization"},"image":{"@id":"https:\/\/el-perico.com\/es\/como-prepararse-para-una-entrevista-laboral\/#primaryimage"},"thumbnailUrl":"https:\/\/el-perico.com\/wp-content\/uploads\/2022\/12\/pexels-sora-shimazaki-5668859-scaled.jpg","keywords":["entrevista","interview","labor","laboral","Omaha"],"articleSection":["Comunidad","La Vida Americana"],"inLanguage":"es","potentialAction":[{"@type":"CommentAction","name":"Comment","target":["https:\/\/el-perico.com\/es\/como-prepararse-para-una-entrevista-laboral\/#respond"]}]},{"@type":"WebPage","@id":"https:\/\/el-perico.com\/es\/como-prepararse-para-una-entrevista-laboral\/","url":"https:\/\/el-perico.com\/es\/como-prepararse-para-una-entrevista-laboral\/","name":"C\u00f3mo prepararse para una entrevista laboral en Omaha - el perico","isPartOf":{"@id":"https:\/\/el-perico.com\/es\/#website"},"primaryImageOfPage":{"@id":"https:\/\/el-perico.com\/es\/como-prepararse-para-una-entrevista-laboral\/#primaryimage"},"image":{"@id":"https:\/\/el-perico.com\/es\/como-prepararse-para-una-entrevista-laboral\/#primaryimage"},"thumbnailUrl":"https:\/\/el-perico.com\/wp-content\/uploads\/2022\/12\/pexels-sora-shimazaki-5668859-scaled.jpg","datePublished":"2022-12-07T17:54:38+00:00","dateModified":"2022-12-07T18:31:42+00:00","breadcrumb":{"@id":"https:\/\/el-perico.com\/es\/como-prepararse-para-una-entrevista-laboral\/#breadcrumb"},"inLanguage":"es","potentialAction":[{"@type":"ReadAction","target":["https:\/\/el-perico.com\/es\/como-prepararse-para-una-entrevista-laboral\/"]}]},{"@type":"ImageObject","inLanguage":"es","@id":"https:\/\/el-perico.com\/es\/como-prepararse-para-una-entrevista-laboral\/#primaryimage","url":"https:\/\/el-perico.com\/wp-content\/uploads\/2022\/12\/pexels-sora-shimazaki-5668859-scaled.jpg","contentUrl":"https:\/\/el-perico.com\/wp-content\/uploads\/2022\/12\/pexels-sora-shimazaki-5668859-scaled.jpg","width":2560,"height":1707},{"@type":"BreadcrumbList","@id":"https:\/\/el-perico.com\/es\/como-prepararse-para-una-entrevista-laboral\/#breadcrumb","itemListElement":[{"@type":"ListItem","position":1,"name":"Home","item":"https:\/\/el-perico.com\/es\/"},{"@type":"ListItem","position":2,"name":"C\u00f3mo prepararse para una entrevista laboral en Omaha"}]},{"@type":"WebSite","@id":"https:\/\/el-perico.com\/es\/#website","url":"https:\/\/el-perico.com\/es\/","name":"el perico","description":"La plataforma original de noticias e informaci\u00f3n para la comunidad hispana de Omaha","publisher":{"@id":"https:\/\/el-perico.com\/es\/#organization"},"potentialAction":[{"@type":"SearchAction","target":{"@type":"EntryPoint","urlTemplate":"https:\/\/el-perico.com\/es\/?s={search_term_string}"},"query-input":{"@type":"PropertyValueSpecification","valueRequired":true,"valueName":"search_term_string"}}],"inLanguage":"es"},{"@type":"Organization","@id":"https:\/\/el-perico.com\/es\/#organization","name":"el perico","url":"https:\/\/el-perico.com\/es\/","logo":{"@type":"ImageObject","inLanguage":"es","@id":"https:\/\/el-perico.com\/es\/#\/schema\/logo\/image\/","url":"https:\/\/el-perico.com\/wp-content\/uploads\/2024\/05\/ElPerico-Logo_NPM-1-e1717102187440.png","contentUrl":"https:\/\/el-perico.com\/wp-content\/uploads\/2024\/05\/ElPerico-Logo_NPM-1-e1717102187440.png","width":648,"height":216,"caption":"el perico"},"image":{"@id":"https:\/\/el-perico.com\/es\/#\/schema\/logo\/image\/"},"sameAs":["https:\/\/www.facebook.com\/elpericoomaha"]},{"@type":"Person","@id":"https:\/\/el-perico.com\/es\/#\/schema\/person\/115c218bc8ba94be5813360b272598b3","name":"Karlha Vel\u00e1squez","image":{"@type":"ImageObject","inLanguage":"es","@id":"https:\/\/secure.gravatar.com\/avatar\/8df18265705852ca7839a0fcee6bba22d8ecf5f77c391f99ea1b01ca64f6070e?s=96&d=mm&r=gcd64a394da1ad246b5b1ef8fb99a3b61","url":"https:\/\/secure.gravatar.com\/avatar\/8df18265705852ca7839a0fcee6bba22d8ecf5f77c391f99ea1b01ca64f6070e?s=96&d=mm&r=g","contentUrl":"https:\/\/secure.gravatar.com\/avatar\/8df18265705852ca7839a0fcee6bba22d8ecf5f77c391f99ea1b01ca64f6070e?s=96&d=mm&r=g","caption":"Karlha Vel\u00e1squez"},"url":"https:\/\/el-perico.com\/es\/author\/karlha-velasquez\/"}]}},"_links":{"self":[{"href":"https:\/\/el-perico.com\/es\/wp-json\/wp\/v2\/posts\/8768","targetHints":{"allow":["GET"]}}],"collection":[{"href":"https:\/\/el-perico.com\/es\/wp-json\/wp\/v2\/posts"}],"about":[{"href":"https:\/\/el-perico.com\/es\/wp-json\/wp\/v2\/types\/post"}],"author":[{"embeddable":true,"href":"https:\/\/el-perico.com\/es\/wp-json\/wp\/v2\/users\/33"}],"replies":[{"embeddable":true,"href":"https:\/\/el-perico.com\/es\/wp-json\/wp\/v2\/comments?post=8768"}],"version-history":[{"count":3,"href":"https:\/\/el-perico.com\/es\/wp-json\/wp\/v2\/posts\/8768\/revisions"}],"predecessor-version":[{"id":8796,"href":"https:\/\/el-perico.com\/es\/wp-json\/wp\/v2\/posts\/8768\/revisions\/8796"}],"wp:featuredmedia":[{"embeddable":true,"href":"https:\/\/el-perico.com\/es\/wp-json\/wp\/v2\/media\/8773"}],"wp:attachment":[{"href":"https:\/\/el-perico.com\/es\/wp-json\/wp\/v2\/media?parent=8768"}],"wp:term":[{"taxonomy":"category","embeddable":true,"href":"https:\/\/el-perico.com\/es\/wp-json\/wp\/v2\/categories?post=8768"},{"taxonomy":"post_tag","embeddable":true,"href":"https:\/\/el-perico.com\/es\/wp-json\/wp\/v2\/tags?post=8768"},{"taxonomy":"newspack_spnsrs_tax","embeddable":true,"href":"https:\/\/el-perico.com\/es\/wp-json\/wp\/v2\/newspack_spnsrs_tax?post=8768"},{"taxonomy":"author","embeddable":true,"href":"https:\/\/el-perico.com\/es\/wp-json\/wp\/v2\/coauthors?post=8768"}],"curies":[{"name":"wp","href":"https:\/\/api.w.org\/{rel}","templated":true}]}}