{"id":8650,"date":"2022-11-18T16:35:52","date_gmt":"2022-11-18T21:35:52","guid":{"rendered":"https:\/\/el-perico.com\/?p=8650"},"modified":"2022-11-18T16:35:53","modified_gmt":"2022-11-18T21:35:53","slug":"los-jovenes-mayas-de-omaha-traen-biodiversidad-a-la-tierra-en-nebraska","status":"publish","type":"post","link":"https:\/\/el-perico.com\/es\/los-jovenes-mayas-de-omaha-traen-biodiversidad-a-la-tierra-en-nebraska\/","title":{"rendered":"Los j\u00f3venes Mayas de Omaha traen biodiversidad a la tierra en Nebraska\u00a0"},"content":{"rendered":"\n<p>En el condado de Burt este verano, hileras de campos de ma\u00edz id\u00e9nticos pintaron un paisaje familiar y por excelencia propio de Nebraska, hasta llegar a un cuarto de acre de tierra repleta de una diversidad de cultivos cerca de Lyons, a unas 70 millas al noroeste de Omaha.<\/p>\n\n\n<div class=\"wp-block-image\">\n<figure class=\"aligncenter size-large\"><img loading=\"lazy\" decoding=\"async\" width=\"1024\" height=\"683\" src=\"https:\/\/el-perico.com\/wp-content\/uploads\/2022\/11\/IMG_1394-1024x683.jpg\" alt=\"\" class=\"wp-image-8655\" srcset=\"https:\/\/el-perico.com\/wp-content\/uploads\/2022\/11\/IMG_1394-1024x683.jpg 1024w, https:\/\/el-perico.com\/wp-content\/uploads\/2022\/11\/IMG_1394-300x200.jpg 300w, https:\/\/el-perico.com\/wp-content\/uploads\/2022\/11\/IMG_1394-768x512.jpg 768w, https:\/\/el-perico.com\/wp-content\/uploads\/2022\/11\/IMG_1394-1536x1024.jpg 1536w, https:\/\/el-perico.com\/wp-content\/uploads\/2022\/11\/IMG_1394-2048x1365.jpg 2048w, https:\/\/el-perico.com\/wp-content\/uploads\/2022\/11\/IMG_1394-1200x800.jpg 1200w, https:\/\/el-perico.com\/wp-content\/uploads\/2022\/11\/IMG_1394-1568x1045.jpg 1568w, https:\/\/el-perico.com\/wp-content\/uploads\/2022\/11\/IMG_1394-400x267.jpg 400w\" sizes=\"auto, (max-width: 1024px) 100vw, 1024px\" \/><figcaption class=\"wp-element-caption\">Campos de ma\u00edz en el condado de Burt en junio 2022. Foto por Bridget Fogarty.<\/figcaption><\/figure>\n<\/div>\n\n\n<p>Evelyn, de 12 a\u00f1os, cuyo apellido no se revela por razones de privacidad, se agach\u00f3 en un peque\u00f1o mont\u00f3n de plantas en crecimiento un s\u00e1bado por la ma\u00f1ana en junio. Con guantes de pl\u00e1stico azul p\u00e1lido en las manos, arranc\u00f3 las malas hierbas de la tierra y dej\u00f3 los cultivos frondosos entre ellos arraigados.<\/p>\n\n\n\n<p>\u201cEstamos buscando las que son m\u00e1s gruesas\u201d, dijo Evelyn. Ella estaba entre otros 14 j\u00f3venes y adultos de la Comunidad Maya Pixan Ixim en el campo separando las malezas invasoras de los brotes de vegetales para el programa de verano First Acre Milpa.<\/p>\n\n\n<div class=\"wp-block-image\">\n<figure class=\"aligncenter size-large\"><img loading=\"lazy\" decoding=\"async\" width=\"1024\" height=\"683\" src=\"https:\/\/el-perico.com\/wp-content\/uploads\/2022\/11\/1_PixanIxim-1024x683.jpg\" alt=\"\" class=\"wp-image-8657\" srcset=\"https:\/\/el-perico.com\/wp-content\/uploads\/2022\/11\/1_PixanIxim-1024x683.jpg 1024w, https:\/\/el-perico.com\/wp-content\/uploads\/2022\/11\/1_PixanIxim-300x200.jpg 300w, https:\/\/el-perico.com\/wp-content\/uploads\/2022\/11\/1_PixanIxim-768x512.jpg 768w, https:\/\/el-perico.com\/wp-content\/uploads\/2022\/11\/1_PixanIxim-1536x1024.jpg 1536w, https:\/\/el-perico.com\/wp-content\/uploads\/2022\/11\/1_PixanIxim-2048x1365.jpg 2048w, https:\/\/el-perico.com\/wp-content\/uploads\/2022\/11\/1_PixanIxim-1200x800.jpg 1200w, https:\/\/el-perico.com\/wp-content\/uploads\/2022\/11\/1_PixanIxim-1568x1045.jpg 1568w, https:\/\/el-perico.com\/wp-content\/uploads\/2022\/11\/1_PixanIxim-400x267.jpg 400w\" sizes=\"auto, (max-width: 1024px) 100vw, 1024px\" \/><figcaption class=\"wp-element-caption\">Evelyn, de 12 a\u00f1os, y otros participantes del programa de verano First Acre Milpa buscan las malas hierbas en la tierra en Lyons, Nebraska el 25 de junio de 2022. Foto por Bridget Fogarty.<\/figcaption><\/figure>\n<\/div>\n\n\n<p>Jackie Francisco, otra participante del programa para j\u00f3venes, ya pod\u00eda ver el progreso. Se\u00f1al\u00f3 una mariposa blanca que revoloteaba en la hierba corta.<\/p>\n\n\n\n<p>\u201cLos primeros signos de vida fueron catarinas, ara\u00f1as, diferentes tipos de gusanos, y ahora se puede ver que hay mariposas\u201d, dijo Francisco. \u201cSignifica que los cultivos est\u00e1n creciendo\u201d.<\/p>\n\n\n\n<p>La Comunidad Maya Pixan Ixim (CMPI) es una organizaci\u00f3n dirigida por ind\u00edgenas para la comunidad maya de Nebraska, conformada por personas de ascendencia ind\u00edgena maya cuyos antepasados fueron nativos de las regiones de la actual Am\u00e9rica Central. El grupo existe para empoderar y apoyar a los miles de mayas en Nebraska a trav\u00e9s de programas y educaci\u00f3n cultural.<\/p>\n\n\n\n<p>Aquel verano, m\u00e1s de una docena de j\u00f3venes maya estadounidenses y algunos de sus familiares participaron en el programa de verano First Acre Milpa, una colaboraci\u00f3n de agricultura regenerativa a peque\u00f1a escala entre CMPI y el Centro Latino de Midlands. Casi todos los s\u00e1bados por la ma\u00f1ana, el grupo condujo m\u00e1s de una hora hasta un cuarto de acre de tierra en Lyons que Graham Christensen, un agricultor de quinta generaci\u00f3n de Nebraska, les ofreci\u00f3 para el proyecto.<\/p>\n\n\n\n<p>El grupo bendijo el suelo y plant\u00f3 una mezcla de 40 tipos de semillas a trav\u00e9s del sistema Milpa, un proceso de cultivo ind\u00edgena que consiste en sembrar muchos cultivos juntos, en lugar de uno solo. Tomaron lecciones en el sitio sagrado y centro comunitario de CMPI en el sur de Omaha, discutiendo sobre \u201clas tres hermanas\u201d, las semillas sagradas mayas de ma\u00edz, frijol y calabaza, y aprendiendo c\u00f3mo la biodiversidad mejora la salud del suelo y el medio ambiente.<\/p>\n\n\n\n<p>Las cosechas de septiembre trajeron m\u00e1s de 300 libras de cultivos a la comunidad maya de Omaha y conectaron a los j\u00f3venes con sus ra\u00edces mayas a trav\u00e9s de pr\u00e1cticas agr\u00edcolas ind\u00edgenas. El \u00e9xito del programa es parte de un movimiento estatal de inversi\u00f3n en agricultura regenerativa: m\u00e9todos de agricultura sostenible que los l\u00edderes mayas. Los colaboradores del programa y los investigadores dicen que es una soluci\u00f3n importante para los problemas del cambio clim\u00e1tico que afectan tanto a las zonas urbanas como rurales de Nebraska.<\/p>\n\n\n<div class=\"wp-block-image\">\n<figure class=\"aligncenter size-large\"><img loading=\"lazy\" decoding=\"async\" width=\"1024\" height=\"683\" src=\"https:\/\/el-perico.com\/wp-content\/uploads\/2022\/11\/IMG_1384-1024x683.jpg\" alt=\"\" class=\"wp-image-8662\" srcset=\"https:\/\/el-perico.com\/wp-content\/uploads\/2022\/11\/IMG_1384-1024x683.jpg 1024w, https:\/\/el-perico.com\/wp-content\/uploads\/2022\/11\/IMG_1384-300x200.jpg 300w, https:\/\/el-perico.com\/wp-content\/uploads\/2022\/11\/IMG_1384-768x512.jpg 768w, https:\/\/el-perico.com\/wp-content\/uploads\/2022\/11\/IMG_1384-1536x1024.jpg 1536w, https:\/\/el-perico.com\/wp-content\/uploads\/2022\/11\/IMG_1384-2048x1365.jpg 2048w, https:\/\/el-perico.com\/wp-content\/uploads\/2022\/11\/IMG_1384-1200x800.jpg 1200w, https:\/\/el-perico.com\/wp-content\/uploads\/2022\/11\/IMG_1384-1568x1045.jpg 1568w, https:\/\/el-perico.com\/wp-content\/uploads\/2022\/11\/IMG_1384-400x267.jpg 400w\" sizes=\"auto, (max-width: 1024px) 100vw, 1024px\" \/><figcaption class=\"wp-element-caption\">Participantes j\u00f3venes del programa de First Acre Milpa y miembros de la Comunidad Maya Pixan Ixim se re\u00fanen en Lyons el 25 de junio de 2022. Foto por Bridget Fogarty.<\/figcaption><\/figure>\n<\/div>\n\n\n<h2 class=\"wp-block-heading\"><strong>Autonom\u00eda de la Tierra<\/strong><\/h2>\n\n\n\n<p>En la actualidad, aproximadamente 10,000 mayas residen en Nebraska y alrededor de 3,000 viven solo en la ciudad de Omaha, seg\u00fan Luis Marcos, codirector ejecutivo y uno de los fundadores de Comunidad Maya Pixan Ixim. Venir a Lyon y cultivar alimentos en el sistema Milpa vuelve a conectar a los participantes desplazados de sus comunidades ind\u00edgenas con su conocimiento y cultura ancestral, dijo Lola Juan, l\u00edder adulta de CMPI.<\/p>\n\n\n\n<p>\u201cAqu\u00ed les dejamos que tengan esa conexi\u00f3n y empiecen a observar, a conocer y a entender c\u00f3mo proteger la tierra, c\u00f3mo cuidar el crecimiento de la Milpa, y qu\u00e9 significa la Milpa en la vida del pueblo maya\u201d, le dijo Juan a El Perico sobre la visita grupal a Lyon en junio.<\/p>\n\n\n\n<figure class=\"wp-block-image size-large\"><img loading=\"lazy\" decoding=\"async\" width=\"1024\" height=\"683\" src=\"https:\/\/el-perico.com\/wp-content\/uploads\/2022\/11\/8_PixanIxim-1-1024x683.jpg\" alt=\"\" class=\"wp-image-8659\" srcset=\"https:\/\/el-perico.com\/wp-content\/uploads\/2022\/11\/8_PixanIxim-1-1024x683.jpg 1024w, https:\/\/el-perico.com\/wp-content\/uploads\/2022\/11\/8_PixanIxim-1-300x200.jpg 300w, https:\/\/el-perico.com\/wp-content\/uploads\/2022\/11\/8_PixanIxim-1-768x512.jpg 768w, https:\/\/el-perico.com\/wp-content\/uploads\/2022\/11\/8_PixanIxim-1-1536x1024.jpg 1536w, https:\/\/el-perico.com\/wp-content\/uploads\/2022\/11\/8_PixanIxim-1-2048x1365.jpg 2048w, https:\/\/el-perico.com\/wp-content\/uploads\/2022\/11\/8_PixanIxim-1-1200x800.jpg 1200w, https:\/\/el-perico.com\/wp-content\/uploads\/2022\/11\/8_PixanIxim-1-1568x1045.jpg 1568w, https:\/\/el-perico.com\/wp-content\/uploads\/2022\/11\/8_PixanIxim-1-400x267.jpg 400w\" sizes=\"auto, (max-width: 1024px) 100vw, 1024px\" \/><figcaption class=\"wp-element-caption\">Participantes j\u00f3venes del programa de First Acre Milpa y miembros de la Comunidad Maya Pixan Ixim en Lyons el 25 de junio de 2022. Foto por Bridget Fogarty.<\/figcaption><\/figure>\n\n\n\n<p>Antes de ponerse a trabajar en el campo, Juan dirigi\u00f3 al grupo en una oraci\u00f3n hablada en Q&#8217;anjob&#8217;al, uno de los muchos dialectos hablados por los ind\u00edgenas mayas.<\/p>\n\n\n\n<p>\u201cEl ma\u00edz es un elemento muy sagrado en la cultura maya, entonces (en oraci\u00f3n) pedimos esta sabidur\u00eda, especialmente para los j\u00f3venes que est\u00e1n comenzando a regresar a su cultura, regresar a su identidad\u201d, dijo Juan mientras los ni\u00f1os se separaban del c\u00edrculo de oraci\u00f3n para inspeccionar los cultivos en ciernes. \u201cLos acompa\u00f1amos aqu\u00ed para que puedan empezar a tejer su camino\u201d.<\/p>\n\n\n\n<p>Las naciones mayas tradicionales avanzaron como civilizaciones l\u00edderes en matem\u00e1ticas, arquitectura, medicina, astronom\u00eda, agricultura y filosof\u00eda. Pero, al igual que con otros grupos ind\u00edgenas en todo el mundo, la colonizaci\u00f3n provoc\u00f3 m\u00faltiples ciclos de violencia que desplazaron, excluyeron y forzaron la asimilaci\u00f3n o exterminaron a los mayas, dijo Marcos.<\/p>\n\n\n\n<p>Algunos migrantes mayas de Guatemala, M\u00e9xico y otros pa\u00edses de los territorios mayas vienen a los EE. UU. huyendo de la violencia y las dificultades econ\u00f3micas. Una vez que llegan, muchos viven en la pobreza econ\u00f3mica y la inseguridad alimentaria. CMPI utiliza la agricultura regenerativa y el sistema Milpa en parcelas de jardines comunitarios en su centro de South Omaha, as\u00ed como en el proyecto en Lyons, para combatir la escasez de alimentos de una manera que est\u00e1 conectada con sus ra\u00edces ind\u00edgenas.<\/p>\n\n\n\n<p>\u201cLa Tierra, para nosotros, no es un recurso natural, la Tierra para nosotros es nuestra madre\u201d, dijo Marcos. \u201cEstamos aqu\u00ed para vivir en armon\u00eda y equilibrio, no solo con la humanidad en su diversidad, sino tambi\u00e9n con la Madre Tierra\u201d.<\/p>\n\n\n<div class=\"wp-block-image\">\n<figure class=\"aligncenter size-large\"><img loading=\"lazy\" decoding=\"async\" width=\"1024\" height=\"683\" src=\"https:\/\/el-perico.com\/wp-content\/uploads\/2022\/11\/3_LuisMarcos-1024x683.jpg\" alt=\"\" class=\"wp-image-8664\" srcset=\"https:\/\/el-perico.com\/wp-content\/uploads\/2022\/11\/3_LuisMarcos-1024x683.jpg 1024w, https:\/\/el-perico.com\/wp-content\/uploads\/2022\/11\/3_LuisMarcos-300x200.jpg 300w, https:\/\/el-perico.com\/wp-content\/uploads\/2022\/11\/3_LuisMarcos-768x512.jpg 768w, https:\/\/el-perico.com\/wp-content\/uploads\/2022\/11\/3_LuisMarcos-1536x1024.jpg 1536w, https:\/\/el-perico.com\/wp-content\/uploads\/2022\/11\/3_LuisMarcos-2048x1365.jpg 2048w, https:\/\/el-perico.com\/wp-content\/uploads\/2022\/11\/3_LuisMarcos-1200x800.jpg 1200w, https:\/\/el-perico.com\/wp-content\/uploads\/2022\/11\/3_LuisMarcos-1568x1045.jpg 1568w, https:\/\/el-perico.com\/wp-content\/uploads\/2022\/11\/3_LuisMarcos-400x267.jpg 400w\" sizes=\"auto, (max-width: 1024px) 100vw, 1024px\" \/><figcaption class=\"wp-element-caption\">Luis Marcos, director co-ejecutivo de la Comunidad Maya Pixan Ixim, ense\u00f1a a los participantes j\u00f3venes c\u00f3mo los productos qu\u00edmicos son da\u00f1inos para la tierra el 25 de junio de 2022. Foto por Bridget Fogarty.<\/figcaption><\/figure>\n<\/div>\n\n\n<p>Eso significa no usar productos qu\u00edmicos para contaminar el suelo. Significa permitir que el suelo se regenere y se cure por s\u00ed mismo con el tiempo, que las plantas nativas vuelvan a crecer y encontrar el uso para cada planta.<\/p>\n\n\n\n<p>Los jardines comunitarios y los programas de verano de First Acre Milpa son los primeros pasos en una visi\u00f3n m\u00e1s amplia que CMPI tiene para adquirir cientos de acres de su propia tierra, dijo Marcos. Su objetivo es que la comunidad establezca una operaci\u00f3n agroforestal y agr\u00edcola regenerativa rentable y sostenible. Esto le dar\u00eda a las familias mayas locales m\u00e1s control para acceder a sus propios alimentos de manera sostenible, dijo.<\/p>\n\n\n\n<figure class=\"wp-block-image size-large\"><img loading=\"lazy\" decoding=\"async\" width=\"1024\" height=\"683\" src=\"https:\/\/el-perico.com\/wp-content\/uploads\/2022\/11\/2_PixanIxim-1024x683.jpg\" alt=\"\" class=\"wp-image-8672\" srcset=\"https:\/\/el-perico.com\/wp-content\/uploads\/2022\/11\/2_PixanIxim-1024x683.jpg 1024w, https:\/\/el-perico.com\/wp-content\/uploads\/2022\/11\/2_PixanIxim-300x200.jpg 300w, https:\/\/el-perico.com\/wp-content\/uploads\/2022\/11\/2_PixanIxim-768x512.jpg 768w, https:\/\/el-perico.com\/wp-content\/uploads\/2022\/11\/2_PixanIxim-1536x1024.jpg 1536w, https:\/\/el-perico.com\/wp-content\/uploads\/2022\/11\/2_PixanIxim-2048x1365.jpg 2048w, https:\/\/el-perico.com\/wp-content\/uploads\/2022\/11\/2_PixanIxim-1200x800.jpg 1200w, https:\/\/el-perico.com\/wp-content\/uploads\/2022\/11\/2_PixanIxim-1568x1045.jpg 1568w, https:\/\/el-perico.com\/wp-content\/uploads\/2022\/11\/2_PixanIxim-400x267.jpg 400w\" sizes=\"auto, (max-width: 1024px) 100vw, 1024px\" \/><figcaption class=\"wp-element-caption\">Participantes del programa First Acre Milpa y Pixan Ixim posan con su cosecha en Lyons el 25 de junio de 2022. Foto por Bridget Fogarty.<\/figcaption><\/figure>\n\n\n\n<h2 class=\"wp-block-heading\"><strong>El creciente movimiento regenerativo de Nebraska<\/strong><\/h2>\n\n\n\n<p>La agricultura regenerativa se est\u00e1 volviendo m\u00e1s popular entre los agricultores que la ven como una soluci\u00f3n a la crisis clim\u00e1tica. Graham Christensen, el agricultor que ofreci\u00f3 tierras para el proyecto juvenil este verano, conoce la agricultura regenerativa como una soluci\u00f3n a los problemas del suelo y el agua que ve que afectan a los agricultores de Nebraska como \u00e9l.<\/p>\n\n\n\n<p>\u201cLo que ha estado sucediendo en todas partes es que estamos perdiendo la capa superior del suelo, una capa superior del suelo realmente exuberante y valiosa\u201d, dijo ingles. La capa superior del suelo es donde crece la gran mayor\u00eda de los alimentos, lo que la convierte en una de las partes m\u00e1s importantes del sistema alimenticio mundial.<\/p>\n\n\n\n<p>La investigaci\u00f3n muestra que las t\u00e9cnicas agr\u00edcolas de gran uso qu\u00edmico y el cambio clim\u00e1tico est\u00e1n arruinando el suelo de la tierra a un ritmo acelerado. Esto da\u00f1a la capacidad de la tierra para filtrar agua, absorber carbono y producir alimentos.<\/p>\n\n\n\n<p>Es por eso que Christensen fund\u00f3 RegeNErate Nebraska, una red de agricultores, tribus, organizaciones y comunidades comprometidas con un cambio de la agricultura convencional hacia un sistema de producci\u00f3n de alimentos regenerativo en Nebraska.<\/p>\n\n\n\n<p>A medida que la agricultura regenerativa se usa m\u00e1s ampliamente, existe un alto riesgo de que las corporaciones y organizaciones mientan (<em>greenwashing<\/em>) sobre esta t\u00e9cnica, dijo Christensen. Greenwashing es cuando un grupo dice que est\u00e1 comprometido con pr\u00e1cticas agr\u00edcolas que son ambientalmente conscientes y responsables, pero luego contin\u00faa incluyendo productos qu\u00edmicos o t\u00e9cnicas agr\u00edcolas que van en contra de los principios de la agricultura regenerativa.<\/p>\n\n\n\n<p>\u201cLa \u00fanica forma en que funciona (la agricultura regenerativa) es si est\u00e1 arraigada y la base est\u00e1 en la sabidur\u00eda ind\u00edgena\u201d, dijo Christensen en ingles. \u201cEso es lo que tiene que mantenerlo fuerte\u201d.<\/p>\n\n\n\n<figure class=\"wp-block-image size-large\"><img loading=\"lazy\" decoding=\"async\" width=\"1024\" height=\"683\" src=\"https:\/\/el-perico.com\/wp-content\/uploads\/2022\/11\/6_PixanIxim-1024x683.jpg\" alt=\"\" class=\"wp-image-8666\" srcset=\"https:\/\/el-perico.com\/wp-content\/uploads\/2022\/11\/6_PixanIxim-1024x683.jpg 1024w, https:\/\/el-perico.com\/wp-content\/uploads\/2022\/11\/6_PixanIxim-300x200.jpg 300w, https:\/\/el-perico.com\/wp-content\/uploads\/2022\/11\/6_PixanIxim-768x512.jpg 768w, https:\/\/el-perico.com\/wp-content\/uploads\/2022\/11\/6_PixanIxim-1536x1024.jpg 1536w, https:\/\/el-perico.com\/wp-content\/uploads\/2022\/11\/6_PixanIxim-2048x1365.jpg 2048w, https:\/\/el-perico.com\/wp-content\/uploads\/2022\/11\/6_PixanIxim-1200x800.jpg 1200w, https:\/\/el-perico.com\/wp-content\/uploads\/2022\/11\/6_PixanIxim-1568x1045.jpg 1568w, https:\/\/el-perico.com\/wp-content\/uploads\/2022\/11\/6_PixanIxim-400x267.jpg 400w\" sizes=\"auto, (max-width: 1024px) 100vw, 1024px\" \/><figcaption class=\"wp-element-caption\">\u201cLas tres hermanas\u201d, las semillas sagradas mayas de ma\u00edz, frijol y calabaza, cosechan juntas en Lyons el 23 de septiembre. Foto por Bridget Fogarty.<\/figcaption><\/figure>\n\n\n\n<h2 class=\"wp-block-heading\"><strong>\u201cComo estar en casa\u201d<\/strong><\/h2>\n\n\n\n<p>El viernes 23 de septiembre, los j\u00f3venes participantes y chaperones del programa de verano First Acre Milpa se reunieron en Lyons para el \u00faltimo d\u00eda de cosecha. El campo que comenz\u00f3 como peque\u00f1as plantas en ciernes ahora estaba repleto de calabazas, frijoles, calabazas y m\u00e1s cultivos listos para cosechar.<\/p>\n\n\n\n<div class=\"wp-block-columns alignwide is-layout-flex wp-container-core-columns-is-layout-9d6595d7 wp-block-columns-is-layout-flex\">\n<div class=\"wp-block-column is-layout-flow wp-block-column-is-layout-flow\" style=\"flex-basis:100%\">\n<div class=\"wp-block-columns is-layout-flex wp-container-core-columns-is-layout-9d6595d7 wp-block-columns-is-layout-flex\">\n<div class=\"wp-block-column is-layout-flow wp-block-column-is-layout-flow\" style=\"flex-basis:100%\">\n<div class=\"wp-block-group\"><div class=\"wp-block-group__inner-container is-layout-constrained wp-block-group-is-layout-constrained\">\n<figure class=\"wp-block-gallery has-nested-images columns-default is-cropped wp-block-gallery-1 is-layout-flex wp-block-gallery-is-layout-flex\">\n<figure class=\"wp-block-image size-large\"><img loading=\"lazy\" decoding=\"async\" width=\"1024\" height=\"670\" data-id=\"8652\" src=\"https:\/\/el-perico.com\/wp-content\/uploads\/2022\/11\/IMG_5887-1024x670.jpg\" alt=\"\" class=\"wp-image-8652\" srcset=\"https:\/\/el-perico.com\/wp-content\/uploads\/2022\/11\/IMG_5887-1024x670.jpg 1024w, https:\/\/el-perico.com\/wp-content\/uploads\/2022\/11\/IMG_5887-300x196.jpg 300w, https:\/\/el-perico.com\/wp-content\/uploads\/2022\/11\/IMG_5887-768x502.jpg 768w, https:\/\/el-perico.com\/wp-content\/uploads\/2022\/11\/IMG_5887-400x262.jpg 400w, https:\/\/el-perico.com\/wp-content\/uploads\/2022\/11\/IMG_5887.jpg 1170w\" sizes=\"auto, (max-width: 1024px) 100vw, 1024px\" \/><\/figure>\n\n\n\n<figure class=\"wp-block-image size-large\"><img loading=\"lazy\" decoding=\"async\" width=\"1024\" height=\"683\" data-id=\"8678\" src=\"https:\/\/el-perico.com\/wp-content\/uploads\/2022\/11\/7_PixanIxim-1024x683.jpg\" alt=\"\" class=\"wp-image-8678\" srcset=\"https:\/\/el-perico.com\/wp-content\/uploads\/2022\/11\/7_PixanIxim-1024x683.jpg 1024w, https:\/\/el-perico.com\/wp-content\/uploads\/2022\/11\/7_PixanIxim-300x200.jpg 300w, https:\/\/el-perico.com\/wp-content\/uploads\/2022\/11\/7_PixanIxim-768x512.jpg 768w, https:\/\/el-perico.com\/wp-content\/uploads\/2022\/11\/7_PixanIxim-1536x1024.jpg 1536w, https:\/\/el-perico.com\/wp-content\/uploads\/2022\/11\/7_PixanIxim-2048x1365.jpg 2048w, https:\/\/el-perico.com\/wp-content\/uploads\/2022\/11\/7_PixanIxim-1200x800.jpg 1200w, https:\/\/el-perico.com\/wp-content\/uploads\/2022\/11\/7_PixanIxim-1568x1045.jpg 1568w, https:\/\/el-perico.com\/wp-content\/uploads\/2022\/11\/7_PixanIxim-400x267.jpg 400w\" sizes=\"auto, (max-width: 1024px) 100vw, 1024px\" \/><\/figure>\n\n\n\n<figure class=\"wp-block-image size-large\"><img loading=\"lazy\" decoding=\"async\" width=\"808\" height=\"1024\" data-id=\"8680\" src=\"https:\/\/el-perico.com\/wp-content\/uploads\/2022\/11\/8__PixanIxim-808x1024.jpg\" alt=\"\" class=\"wp-image-8680\" srcset=\"https:\/\/el-perico.com\/wp-content\/uploads\/2022\/11\/8__PixanIxim-808x1024.jpg 808w, https:\/\/el-perico.com\/wp-content\/uploads\/2022\/11\/8__PixanIxim-237x300.jpg 237w, https:\/\/el-perico.com\/wp-content\/uploads\/2022\/11\/8__PixanIxim-768x973.jpg 768w, https:\/\/el-perico.com\/wp-content\/uploads\/2022\/11\/8__PixanIxim-1212x1536.jpg 1212w, https:\/\/el-perico.com\/wp-content\/uploads\/2022\/11\/8__PixanIxim-1616x2048.jpg 1616w, https:\/\/el-perico.com\/wp-content\/uploads\/2022\/11\/8__PixanIxim-1200x1521.jpg 1200w, https:\/\/el-perico.com\/wp-content\/uploads\/2022\/11\/8__PixanIxim-1568x1987.jpg 1568w, https:\/\/el-perico.com\/wp-content\/uploads\/2022\/11\/8__PixanIxim-400x507.jpg 400w, https:\/\/el-perico.com\/wp-content\/uploads\/2022\/11\/8__PixanIxim-scaled.jpg 2020w\" sizes=\"auto, (max-width: 808px) 100vw, 808px\" \/><\/figure>\n<\/figure>\n<\/div><\/div>\n<\/div>\n<\/div>\n<\/div>\n<\/div>\n\n\n\n<p>\u201c\u00a1Mira a las Tres Hermanas!\u201d una ni\u00f1a grit\u00f3 en ingl\u00e9s desde el fondo del campo. Los cultivos sagrados de ma\u00edz, frijol y calabaza que alguna vez fueron semillas se entrelazaron. Participantes de todas las edades emergieron de los cultivos altos con las manos llenas de calabazas, ma\u00edz, frijoles, calabazas y m\u00e1s.<\/p>\n\n\n\n<p>Noem\u00ed Bravo, coordinadora del proyecto a trav\u00e9s del Latino Center of the Midlands, pes\u00f3 cultivos en una b\u00e1scula a la sombra y encontr\u00f3 que se cosecharon 100 libras de cultivos, haciendo un total de dos cosechas de m\u00e1s de 300 libras de alimentos.<\/p>\n\n\n\n<figure class=\"wp-block-image size-large\"><img loading=\"lazy\" decoding=\"async\" width=\"1024\" height=\"683\" src=\"https:\/\/el-perico.com\/wp-content\/uploads\/2022\/11\/4_NoemiBravo-1-1024x683.jpg\" alt=\"\" class=\"wp-image-8674\" srcset=\"https:\/\/el-perico.com\/wp-content\/uploads\/2022\/11\/4_NoemiBravo-1-1024x683.jpg 1024w, https:\/\/el-perico.com\/wp-content\/uploads\/2022\/11\/4_NoemiBravo-1-300x200.jpg 300w, https:\/\/el-perico.com\/wp-content\/uploads\/2022\/11\/4_NoemiBravo-1-768x512.jpg 768w, https:\/\/el-perico.com\/wp-content\/uploads\/2022\/11\/4_NoemiBravo-1-1536x1024.jpg 1536w, https:\/\/el-perico.com\/wp-content\/uploads\/2022\/11\/4_NoemiBravo-1-2048x1365.jpg 2048w, https:\/\/el-perico.com\/wp-content\/uploads\/2022\/11\/4_NoemiBravo-1-1200x800.jpg 1200w, https:\/\/el-perico.com\/wp-content\/uploads\/2022\/11\/4_NoemiBravo-1-1568x1045.jpg 1568w, https:\/\/el-perico.com\/wp-content\/uploads\/2022\/11\/4_NoemiBravo-1-400x267.jpg 400w\" sizes=\"auto, (max-width: 1024px) 100vw, 1024px\" \/><figcaption class=\"wp-element-caption\">Noemi Bravo, la coordinadora del programa de First Acre Milpa y trabajadora del Latino Center of the Midlands, en Lyons, Nebraska el 24 de septiembre de 2022. Foto por Bridget Fogarty.<\/figcaption><\/figure>\n\n\n\n<p>El programa \u201crequiri\u00f3 mucha dedicaci\u00f3n\u201d de los j\u00f3venes participantes que fueron m\u00e1s all\u00e1 cada semana, dijo Bravo. \u201cEstuvieron all\u00ed cuando se sembr\u00f3 el cultivo, estuvieron all\u00ed cuando se cosech\u00f3, por lo que quedaron expuestos en cada fase\u201d, dijo en ingles.<\/p>\n\n\n\n<p>De vuelta en el campo, Evelyn escudri\u00f1\u00f3 el follaje alto en busca de cultivos persistentes.<\/p>\n\n\n\n<p>\u201cAprend\u00ed que no necesitamos pesticidas ni productos qu\u00edmicos para cultivar alimentos\u201d, dijo Evelyn al reflexionar sobre el tiempo que pas\u00f3 en Lyons. Luego comenz\u00f3 a re\u00edrse cuando Kiki Bravo, otra participante e hija de Noem\u00ed Bravo, grit\u00f3 sobre un insecto en la calabaza que recogi\u00f3.<\/p>\n\n\n\n<figure class=\"wp-block-image size-large\"><img loading=\"lazy\" decoding=\"async\" width=\"1024\" height=\"683\" src=\"https:\/\/el-perico.com\/wp-content\/uploads\/2022\/11\/9_PixanIxim-1024x683.jpg\" alt=\"\" class=\"wp-image-8684\" srcset=\"https:\/\/el-perico.com\/wp-content\/uploads\/2022\/11\/9_PixanIxim-1024x683.jpg 1024w, https:\/\/el-perico.com\/wp-content\/uploads\/2022\/11\/9_PixanIxim-300x200.jpg 300w, https:\/\/el-perico.com\/wp-content\/uploads\/2022\/11\/9_PixanIxim-768x512.jpg 768w, https:\/\/el-perico.com\/wp-content\/uploads\/2022\/11\/9_PixanIxim-1536x1024.jpg 1536w, https:\/\/el-perico.com\/wp-content\/uploads\/2022\/11\/9_PixanIxim-2048x1365.jpg 2048w, https:\/\/el-perico.com\/wp-content\/uploads\/2022\/11\/9_PixanIxim-1200x800.jpg 1200w, https:\/\/el-perico.com\/wp-content\/uploads\/2022\/11\/9_PixanIxim-1568x1045.jpg 1568w, https:\/\/el-perico.com\/wp-content\/uploads\/2022\/11\/9_PixanIxim-400x267.jpg 400w\" sizes=\"auto, (max-width: 1024px) 100vw, 1024px\" \/><figcaption class=\"wp-element-caption\">Evelyn y Kiki Bravo sonr\u00eden con su cosecha en Lyons, Nebraska el 24 de septiembre de 2022. Foto por Bridget Fogarty.<\/figcaption><\/figure>\n\n\n\n<p>Cuando las plantas eran solo peque\u00f1os brotes en la tierra el primer d\u00eda que visit\u00f3 Lyons, Evelyn hab\u00eda emigrado recientemente a Omaha desde Guatemala con su madre. Mientras estaba parada en la cosecha alta en Lyons en septiembre, algo que dijo en junio todav\u00eda parec\u00eda ser cierto para ella: pasar tiempo en el campo con otros j\u00f3venes mayas se sent\u00eda \u201ccomo estar en casa\u00bb.<\/p>\n\n\n\n<figure class=\"wp-block-image size-large\"><img loading=\"lazy\" decoding=\"async\" width=\"1024\" height=\"683\" src=\"https:\/\/el-perico.com\/wp-content\/uploads\/2022\/11\/ESTA-ES-DE-PORTADA-1024x683.jpg\" alt=\"\" class=\"wp-image-8692\" srcset=\"https:\/\/el-perico.com\/wp-content\/uploads\/2022\/11\/ESTA-ES-DE-PORTADA-1024x683.jpg 1024w, https:\/\/el-perico.com\/wp-content\/uploads\/2022\/11\/ESTA-ES-DE-PORTADA-300x200.jpg 300w, https:\/\/el-perico.com\/wp-content\/uploads\/2022\/11\/ESTA-ES-DE-PORTADA-768x512.jpg 768w, https:\/\/el-perico.com\/wp-content\/uploads\/2022\/11\/ESTA-ES-DE-PORTADA-1536x1024.jpg 1536w, https:\/\/el-perico.com\/wp-content\/uploads\/2022\/11\/ESTA-ES-DE-PORTADA-2048x1365.jpg 2048w, https:\/\/el-perico.com\/wp-content\/uploads\/2022\/11\/ESTA-ES-DE-PORTADA-1200x800.jpg 1200w, https:\/\/el-perico.com\/wp-content\/uploads\/2022\/11\/ESTA-ES-DE-PORTADA-1568x1045.jpg 1568w, https:\/\/el-perico.com\/wp-content\/uploads\/2022\/11\/ESTA-ES-DE-PORTADA-400x267.jpg 400w\" sizes=\"auto, (max-width: 1024px) 100vw, 1024px\" \/><figcaption class=\"wp-element-caption\">Participantes del programa First Acre Milpa posan con su cosecha en Lyons el 24 de septiembre de 2022. Foto por Bridget Fogarty.<\/figcaption><\/figure>\n","protected":false},"excerpt":{"rendered":"<p>En el condado de Burt este verano, hileras de campos de ma\u00edz id\u00e9nticos pintaron un paisaje familiar y por excelencia propio de Nebraska, hasta llegar a un cuarto de acre de tierra repleta de una diversidad de cultivos cerca de Lyons, a unas 70 millas al noroeste de Omaha. Evelyn, de 12 a\u00f1os, cuyo apellido [&hellip;]<\/p>\n","protected":false},"author":26,"featured_media":8652,"comment_status":"open","ping_status":"closed","sticky":true,"template":"","format":"standard","meta":{"newspack_ads_suppress_ads":false,"_newspack_byline_active":false,"_newspack_byline":"","newspack_hide_updated_date":false,"newspack_show_updated_date":false,"newspack_content_restriction_is_exempt":false,"newspack_featured_image_position":"above","newspack_post_subtitle":"","newspack_article_summary_title":"Overview:","newspack_article_summary":"","footnotes":""},"categories":[42,40,44,46],"tags":[1575,1582,1580,1581,1570,1571,1573,1574,1578,1445,1459,1569,1572,1579,1335,1576,1577,1583,1336],"newspack_spnsrs_tax":[],"coauthors":[1297],"class_list":["post-8650","post","type-post","status-publish","format-standard","has-post-thumbnail","hentry","category-cultura","category-inmigracion","category-la-vida-americana","category-reportaje","tag-ayuda-a-inmigrantes","tag-biodiversidad","tag-comunidad-maya","tag-comunidad-maya-omaha","tag-comunidad-maya-pixan-ixim","tag-first-acre-milpa","tag-graham-christensen-2","tag-guatemala-2","tag-la-agricultura-regenerativa","tag-latino","tag-latino-center-of-the-midlands-2","tag-maya","tag-nebraska-indigenous","tag-noemi-bravo","tag-omaha","tag-programas-para-inmigrantes","tag-programas-para-migrantes","tag-regenerate-nebraska","tag-south-omaha-2","entry"],"yoast_head":"<!-- This site is optimized with the Yoast SEO plugin v27.5 - https:\/\/yoast.com\/product\/yoast-seo-wordpress\/ -->\n<title>Los j\u00f3venes Mayas de Omaha traen biodiversidad a la tierra en Nebraska\u00a0 - el perico<\/title>\n<meta name=\"robots\" content=\"index, follow, max-snippet:-1, max-image-preview:large, max-video-preview:-1\" \/>\n<link rel=\"canonical\" href=\"https:\/\/el-perico.com\/es\/los-jovenes-mayas-de-omaha-traen-biodiversidad-a-la-tierra-en-nebraska\/\" \/>\n<meta property=\"og:locale\" content=\"es_ES\" \/>\n<meta property=\"og:type\" content=\"article\" \/>\n<meta property=\"og:title\" content=\"Los j\u00f3venes Mayas de Omaha traen biodiversidad a la tierra en Nebraska\u00a0 - el perico\" \/>\n<meta property=\"og:description\" content=\"En el condado de Burt este verano, hileras de campos de ma\u00edz id\u00e9nticos pintaron un paisaje familiar y por excelencia propio de Nebraska, hasta llegar a un cuarto de acre de tierra repleta de una diversidad de cultivos cerca de Lyons, a unas 70 millas al noroeste de Omaha. Evelyn, de 12 a\u00f1os, cuyo apellido [&hellip;]\" \/>\n<meta property=\"og:url\" content=\"https:\/\/el-perico.com\/es\/los-jovenes-mayas-de-omaha-traen-biodiversidad-a-la-tierra-en-nebraska\/\" \/>\n<meta property=\"og:site_name\" content=\"el perico\" \/>\n<meta property=\"article:publisher\" content=\"https:\/\/www.facebook.com\/elpericoomaha\" \/>\n<meta property=\"article:published_time\" content=\"2022-11-18T21:35:52+00:00\" \/>\n<meta property=\"article:modified_time\" content=\"2022-11-18T21:35:53+00:00\" \/>\n<meta property=\"og:image\" content=\"https:\/\/el-perico.com\/wp-content\/uploads\/2022\/11\/IMG_5887.jpg\" \/>\n\t<meta property=\"og:image:width\" content=\"1170\" \/>\n\t<meta property=\"og:image:height\" content=\"765\" \/>\n\t<meta property=\"og:image:type\" content=\"image\/jpeg\" \/>\n<meta name=\"author\" content=\"Bridget Fogarty, Report for America Corps Member\" \/>\n<meta name=\"twitter:card\" content=\"summary_large_image\" \/>\n<meta name=\"twitter:label1\" content=\"Escrito por\" \/>\n\t<meta name=\"twitter:data1\" content=\"Bridget Fogarty, Report for America Corps Member\" \/>\n\t<meta name=\"twitter:label2\" content=\"Tiempo de lectura\" \/>\n\t<meta name=\"twitter:data2\" content=\"11 minutos\" \/>\n\t<meta name=\"twitter:label3\" content=\"Written by\" \/>\n\t<meta name=\"twitter:data3\" content=\"Bridget Fogarty, Report for America Corps Member\" \/>\n<script type=\"application\/ld+json\" class=\"yoast-schema-graph\">{\"@context\":\"https:\\\/\\\/schema.org\",\"@graph\":[{\"@type\":\"Article\",\"@id\":\"https:\\\/\\\/el-perico.com\\\/es\\\/los-jovenes-mayas-de-omaha-traen-biodiversidad-a-la-tierra-en-nebraska\\\/#article\",\"isPartOf\":{\"@id\":\"https:\\\/\\\/el-perico.com\\\/es\\\/los-jovenes-mayas-de-omaha-traen-biodiversidad-a-la-tierra-en-nebraska\\\/\"},\"author\":{\"name\":\"Bridget Fogarty, Report for America Corps Member\",\"@id\":\"https:\\\/\\\/el-perico.com\\\/es\\\/#\\\/schema\\\/person\\\/c3c9a4c7cd6206a5b46fb472eff94bba\"},\"headline\":\"Los j\u00f3venes Mayas de Omaha traen biodiversidad a la tierra en Nebraska\u00a0\",\"datePublished\":\"2022-11-18T21:35:52+00:00\",\"dateModified\":\"2022-11-18T21:35:53+00:00\",\"mainEntityOfPage\":{\"@id\":\"https:\\\/\\\/el-perico.com\\\/es\\\/los-jovenes-mayas-de-omaha-traen-biodiversidad-a-la-tierra-en-nebraska\\\/\"},\"wordCount\":1999,\"commentCount\":0,\"publisher\":{\"@id\":\"https:\\\/\\\/el-perico.com\\\/es\\\/#organization\"},\"image\":{\"@id\":\"https:\\\/\\\/el-perico.com\\\/es\\\/los-jovenes-mayas-de-omaha-traen-biodiversidad-a-la-tierra-en-nebraska\\\/#primaryimage\"},\"thumbnailUrl\":\"https:\\\/\\\/el-perico.com\\\/wp-content\\\/uploads\\\/2022\\\/11\\\/IMG_5887.jpg\",\"keywords\":[\"ayuda a inmigrantes\",\"biodiversidad\",\"Comunidad Maya\",\"Comunidad Maya omaha\",\"Comunidad Maya Pixan Ixim\",\"First Acre Milpa\",\"Graham Christensen\",\"Guatemala\",\"la agricultura regenerativa\",\"latino\",\"Latino Center of the Midlands\",\"Maya\",\"Nebraska Indigenous\",\"Noemi Bravo\",\"Omaha\",\"programas para inmigrantes\",\"programas para migrantes\",\"Regenerate Nebraska\",\"South Omaha\"],\"articleSection\":[\"Cultura\",\"Inmigracion\",\"La Vida Americana\",\"Reportaje\"],\"inLanguage\":\"es\",\"potentialAction\":[{\"@type\":\"CommentAction\",\"name\":\"Comment\",\"target\":[\"https:\\\/\\\/el-perico.com\\\/es\\\/los-jovenes-mayas-de-omaha-traen-biodiversidad-a-la-tierra-en-nebraska\\\/#respond\"]}]},{\"@type\":\"WebPage\",\"@id\":\"https:\\\/\\\/el-perico.com\\\/es\\\/los-jovenes-mayas-de-omaha-traen-biodiversidad-a-la-tierra-en-nebraska\\\/\",\"url\":\"https:\\\/\\\/el-perico.com\\\/es\\\/los-jovenes-mayas-de-omaha-traen-biodiversidad-a-la-tierra-en-nebraska\\\/\",\"name\":\"Los j\u00f3venes Mayas de Omaha traen biodiversidad a la tierra en Nebraska\u00a0 - el perico\",\"isPartOf\":{\"@id\":\"https:\\\/\\\/el-perico.com\\\/es\\\/#website\"},\"primaryImageOfPage\":{\"@id\":\"https:\\\/\\\/el-perico.com\\\/es\\\/los-jovenes-mayas-de-omaha-traen-biodiversidad-a-la-tierra-en-nebraska\\\/#primaryimage\"},\"image\":{\"@id\":\"https:\\\/\\\/el-perico.com\\\/es\\\/los-jovenes-mayas-de-omaha-traen-biodiversidad-a-la-tierra-en-nebraska\\\/#primaryimage\"},\"thumbnailUrl\":\"https:\\\/\\\/el-perico.com\\\/wp-content\\\/uploads\\\/2022\\\/11\\\/IMG_5887.jpg\",\"datePublished\":\"2022-11-18T21:35:52+00:00\",\"dateModified\":\"2022-11-18T21:35:53+00:00\",\"breadcrumb\":{\"@id\":\"https:\\\/\\\/el-perico.com\\\/es\\\/los-jovenes-mayas-de-omaha-traen-biodiversidad-a-la-tierra-en-nebraska\\\/#breadcrumb\"},\"inLanguage\":\"es\",\"potentialAction\":[{\"@type\":\"ReadAction\",\"target\":[\"https:\\\/\\\/el-perico.com\\\/es\\\/los-jovenes-mayas-de-omaha-traen-biodiversidad-a-la-tierra-en-nebraska\\\/\"]}]},{\"@type\":\"ImageObject\",\"inLanguage\":\"es\",\"@id\":\"https:\\\/\\\/el-perico.com\\\/es\\\/los-jovenes-mayas-de-omaha-traen-biodiversidad-a-la-tierra-en-nebraska\\\/#primaryimage\",\"url\":\"https:\\\/\\\/el-perico.com\\\/wp-content\\\/uploads\\\/2022\\\/11\\\/IMG_5887.jpg\",\"contentUrl\":\"https:\\\/\\\/el-perico.com\\\/wp-content\\\/uploads\\\/2022\\\/11\\\/IMG_5887.jpg\",\"width\":1170,\"height\":765},{\"@type\":\"BreadcrumbList\",\"@id\":\"https:\\\/\\\/el-perico.com\\\/es\\\/los-jovenes-mayas-de-omaha-traen-biodiversidad-a-la-tierra-en-nebraska\\\/#breadcrumb\",\"itemListElement\":[{\"@type\":\"ListItem\",\"position\":1,\"name\":\"Home\",\"item\":\"https:\\\/\\\/el-perico.com\\\/es\\\/\"},{\"@type\":\"ListItem\",\"position\":2,\"name\":\"Los j\u00f3venes Mayas de Omaha traen biodiversidad a la tierra en Nebraska\u00a0\"}]},{\"@type\":\"WebSite\",\"@id\":\"https:\\\/\\\/el-perico.com\\\/es\\\/#website\",\"url\":\"https:\\\/\\\/el-perico.com\\\/es\\\/\",\"name\":\"el perico\",\"description\":\"La plataforma original de noticias e informaci\u00f3n para la comunidad hispana de Omaha\",\"publisher\":{\"@id\":\"https:\\\/\\\/el-perico.com\\\/es\\\/#organization\"},\"potentialAction\":[{\"@type\":\"SearchAction\",\"target\":{\"@type\":\"EntryPoint\",\"urlTemplate\":\"https:\\\/\\\/el-perico.com\\\/es\\\/?s={search_term_string}\"},\"query-input\":{\"@type\":\"PropertyValueSpecification\",\"valueRequired\":true,\"valueName\":\"search_term_string\"}}],\"inLanguage\":\"es\"},{\"@type\":\"Organization\",\"@id\":\"https:\\\/\\\/el-perico.com\\\/es\\\/#organization\",\"name\":\"el perico\",\"url\":\"https:\\\/\\\/el-perico.com\\\/es\\\/\",\"logo\":{\"@type\":\"ImageObject\",\"inLanguage\":\"es\",\"@id\":\"https:\\\/\\\/el-perico.com\\\/es\\\/#\\\/schema\\\/logo\\\/image\\\/\",\"url\":\"https:\\\/\\\/el-perico.com\\\/wp-content\\\/uploads\\\/2024\\\/05\\\/ElPerico-Logo_NPM-1-e1717102187440.png\",\"contentUrl\":\"https:\\\/\\\/el-perico.com\\\/wp-content\\\/uploads\\\/2024\\\/05\\\/ElPerico-Logo_NPM-1-e1717102187440.png\",\"width\":648,\"height\":216,\"caption\":\"el perico\"},\"image\":{\"@id\":\"https:\\\/\\\/el-perico.com\\\/es\\\/#\\\/schema\\\/logo\\\/image\\\/\"},\"sameAs\":[\"https:\\\/\\\/www.facebook.com\\\/elpericoomaha\"]},{\"@type\":\"Person\",\"@id\":\"https:\\\/\\\/el-perico.com\\\/es\\\/#\\\/schema\\\/person\\\/c3c9a4c7cd6206a5b46fb472eff94bba\",\"name\":\"Bridget Fogarty, Report for America Corps Member\",\"image\":{\"@type\":\"ImageObject\",\"inLanguage\":\"es\",\"@id\":\"https:\\\/\\\/secure.gravatar.com\\\/avatar\\\/cd24cc6ab228b710e2b4d7220545b2b721779200a44f3e80f3c94559fe9a16cb?s=96&d=mm&r=ged5896247ed259e9e7dbf3d4b3b2e52d\",\"url\":\"https:\\\/\\\/secure.gravatar.com\\\/avatar\\\/cd24cc6ab228b710e2b4d7220545b2b721779200a44f3e80f3c94559fe9a16cb?s=96&d=mm&r=g\",\"contentUrl\":\"https:\\\/\\\/secure.gravatar.com\\\/avatar\\\/cd24cc6ab228b710e2b4d7220545b2b721779200a44f3e80f3c94559fe9a16cb?s=96&d=mm&r=g\",\"caption\":\"Bridget Fogarty, Report for America Corps Member\"},\"description\":\"Bridget Fogarty is a Report for America Corps member reporting with El Perico and its English sister publication The Reader.\",\"url\":\"https:\\\/\\\/el-perico.com\\\/es\\\/author\\\/bridget-fogarty\\\/\"}]}<\/script>\n<!-- \/ Yoast SEO plugin. -->","yoast_head_json":{"title":"Los j\u00f3venes Mayas de Omaha traen biodiversidad a la tierra en Nebraska\u00a0 - el perico","robots":{"index":"index","follow":"follow","max-snippet":"max-snippet:-1","max-image-preview":"max-image-preview:large","max-video-preview":"max-video-preview:-1"},"canonical":"https:\/\/el-perico.com\/es\/los-jovenes-mayas-de-omaha-traen-biodiversidad-a-la-tierra-en-nebraska\/","og_locale":"es_ES","og_type":"article","og_title":"Los j\u00f3venes Mayas de Omaha traen biodiversidad a la tierra en Nebraska\u00a0 - el perico","og_description":"En el condado de Burt este verano, hileras de campos de ma\u00edz id\u00e9nticos pintaron un paisaje familiar y por excelencia propio de Nebraska, hasta llegar a un cuarto de acre de tierra repleta de una diversidad de cultivos cerca de Lyons, a unas 70 millas al noroeste de Omaha. Evelyn, de 12 a\u00f1os, cuyo apellido [&hellip;]","og_url":"https:\/\/el-perico.com\/es\/los-jovenes-mayas-de-omaha-traen-biodiversidad-a-la-tierra-en-nebraska\/","og_site_name":"el perico","article_publisher":"https:\/\/www.facebook.com\/elpericoomaha","article_published_time":"2022-11-18T21:35:52+00:00","article_modified_time":"2022-11-18T21:35:53+00:00","og_image":[{"width":1170,"height":765,"url":"https:\/\/el-perico.com\/wp-content\/uploads\/2022\/11\/IMG_5887.jpg","type":"image\/jpeg"}],"author":"Bridget Fogarty, Report for America Corps Member","twitter_card":"summary_large_image","twitter_misc":{"Escrito por":"Bridget Fogarty, Report for America Corps Member","Tiempo de lectura":"11 minutos","Written by":"Bridget Fogarty, Report for America Corps Member"},"schema":{"@context":"https:\/\/schema.org","@graph":[{"@type":"Article","@id":"https:\/\/el-perico.com\/es\/los-jovenes-mayas-de-omaha-traen-biodiversidad-a-la-tierra-en-nebraska\/#article","isPartOf":{"@id":"https:\/\/el-perico.com\/es\/los-jovenes-mayas-de-omaha-traen-biodiversidad-a-la-tierra-en-nebraska\/"},"author":{"name":"Bridget Fogarty, Report for America Corps Member","@id":"https:\/\/el-perico.com\/es\/#\/schema\/person\/c3c9a4c7cd6206a5b46fb472eff94bba"},"headline":"Los j\u00f3venes Mayas de Omaha traen biodiversidad a la tierra en Nebraska\u00a0","datePublished":"2022-11-18T21:35:52+00:00","dateModified":"2022-11-18T21:35:53+00:00","mainEntityOfPage":{"@id":"https:\/\/el-perico.com\/es\/los-jovenes-mayas-de-omaha-traen-biodiversidad-a-la-tierra-en-nebraska\/"},"wordCount":1999,"commentCount":0,"publisher":{"@id":"https:\/\/el-perico.com\/es\/#organization"},"image":{"@id":"https:\/\/el-perico.com\/es\/los-jovenes-mayas-de-omaha-traen-biodiversidad-a-la-tierra-en-nebraska\/#primaryimage"},"thumbnailUrl":"https:\/\/el-perico.com\/wp-content\/uploads\/2022\/11\/IMG_5887.jpg","keywords":["ayuda a inmigrantes","biodiversidad","Comunidad Maya","Comunidad Maya omaha","Comunidad Maya Pixan Ixim","First Acre Milpa","Graham Christensen","Guatemala","la agricultura regenerativa","latino","Latino Center of the Midlands","Maya","Nebraska Indigenous","Noemi Bravo","Omaha","programas para inmigrantes","programas para migrantes","Regenerate Nebraska","South Omaha"],"articleSection":["Cultura","Inmigracion","La Vida Americana","Reportaje"],"inLanguage":"es","potentialAction":[{"@type":"CommentAction","name":"Comment","target":["https:\/\/el-perico.com\/es\/los-jovenes-mayas-de-omaha-traen-biodiversidad-a-la-tierra-en-nebraska\/#respond"]}]},{"@type":"WebPage","@id":"https:\/\/el-perico.com\/es\/los-jovenes-mayas-de-omaha-traen-biodiversidad-a-la-tierra-en-nebraska\/","url":"https:\/\/el-perico.com\/es\/los-jovenes-mayas-de-omaha-traen-biodiversidad-a-la-tierra-en-nebraska\/","name":"Los j\u00f3venes Mayas de Omaha traen biodiversidad a la tierra en Nebraska\u00a0 - el perico","isPartOf":{"@id":"https:\/\/el-perico.com\/es\/#website"},"primaryImageOfPage":{"@id":"https:\/\/el-perico.com\/es\/los-jovenes-mayas-de-omaha-traen-biodiversidad-a-la-tierra-en-nebraska\/#primaryimage"},"image":{"@id":"https:\/\/el-perico.com\/es\/los-jovenes-mayas-de-omaha-traen-biodiversidad-a-la-tierra-en-nebraska\/#primaryimage"},"thumbnailUrl":"https:\/\/el-perico.com\/wp-content\/uploads\/2022\/11\/IMG_5887.jpg","datePublished":"2022-11-18T21:35:52+00:00","dateModified":"2022-11-18T21:35:53+00:00","breadcrumb":{"@id":"https:\/\/el-perico.com\/es\/los-jovenes-mayas-de-omaha-traen-biodiversidad-a-la-tierra-en-nebraska\/#breadcrumb"},"inLanguage":"es","potentialAction":[{"@type":"ReadAction","target":["https:\/\/el-perico.com\/es\/los-jovenes-mayas-de-omaha-traen-biodiversidad-a-la-tierra-en-nebraska\/"]}]},{"@type":"ImageObject","inLanguage":"es","@id":"https:\/\/el-perico.com\/es\/los-jovenes-mayas-de-omaha-traen-biodiversidad-a-la-tierra-en-nebraska\/#primaryimage","url":"https:\/\/el-perico.com\/wp-content\/uploads\/2022\/11\/IMG_5887.jpg","contentUrl":"https:\/\/el-perico.com\/wp-content\/uploads\/2022\/11\/IMG_5887.jpg","width":1170,"height":765},{"@type":"BreadcrumbList","@id":"https:\/\/el-perico.com\/es\/los-jovenes-mayas-de-omaha-traen-biodiversidad-a-la-tierra-en-nebraska\/#breadcrumb","itemListElement":[{"@type":"ListItem","position":1,"name":"Home","item":"https:\/\/el-perico.com\/es\/"},{"@type":"ListItem","position":2,"name":"Los j\u00f3venes Mayas de Omaha traen biodiversidad a la tierra en Nebraska\u00a0"}]},{"@type":"WebSite","@id":"https:\/\/el-perico.com\/es\/#website","url":"https:\/\/el-perico.com\/es\/","name":"el perico","description":"La plataforma original de noticias e informaci\u00f3n para la comunidad hispana de Omaha","publisher":{"@id":"https:\/\/el-perico.com\/es\/#organization"},"potentialAction":[{"@type":"SearchAction","target":{"@type":"EntryPoint","urlTemplate":"https:\/\/el-perico.com\/es\/?s={search_term_string}"},"query-input":{"@type":"PropertyValueSpecification","valueRequired":true,"valueName":"search_term_string"}}],"inLanguage":"es"},{"@type":"Organization","@id":"https:\/\/el-perico.com\/es\/#organization","name":"el perico","url":"https:\/\/el-perico.com\/es\/","logo":{"@type":"ImageObject","inLanguage":"es","@id":"https:\/\/el-perico.com\/es\/#\/schema\/logo\/image\/","url":"https:\/\/el-perico.com\/wp-content\/uploads\/2024\/05\/ElPerico-Logo_NPM-1-e1717102187440.png","contentUrl":"https:\/\/el-perico.com\/wp-content\/uploads\/2024\/05\/ElPerico-Logo_NPM-1-e1717102187440.png","width":648,"height":216,"caption":"el perico"},"image":{"@id":"https:\/\/el-perico.com\/es\/#\/schema\/logo\/image\/"},"sameAs":["https:\/\/www.facebook.com\/elpericoomaha"]},{"@type":"Person","@id":"https:\/\/el-perico.com\/es\/#\/schema\/person\/c3c9a4c7cd6206a5b46fb472eff94bba","name":"Bridget Fogarty, Report for America Corps Member","image":{"@type":"ImageObject","inLanguage":"es","@id":"https:\/\/secure.gravatar.com\/avatar\/cd24cc6ab228b710e2b4d7220545b2b721779200a44f3e80f3c94559fe9a16cb?s=96&d=mm&r=ged5896247ed259e9e7dbf3d4b3b2e52d","url":"https:\/\/secure.gravatar.com\/avatar\/cd24cc6ab228b710e2b4d7220545b2b721779200a44f3e80f3c94559fe9a16cb?s=96&d=mm&r=g","contentUrl":"https:\/\/secure.gravatar.com\/avatar\/cd24cc6ab228b710e2b4d7220545b2b721779200a44f3e80f3c94559fe9a16cb?s=96&d=mm&r=g","caption":"Bridget Fogarty, Report for America Corps Member"},"description":"Bridget Fogarty is a Report for America Corps member reporting with El Perico and its English sister publication The Reader.","url":"https:\/\/el-perico.com\/es\/author\/bridget-fogarty\/"}]}},"_links":{"self":[{"href":"https:\/\/el-perico.com\/es\/wp-json\/wp\/v2\/posts\/8650","targetHints":{"allow":["GET"]}}],"collection":[{"href":"https:\/\/el-perico.com\/es\/wp-json\/wp\/v2\/posts"}],"about":[{"href":"https:\/\/el-perico.com\/es\/wp-json\/wp\/v2\/types\/post"}],"author":[{"embeddable":true,"href":"https:\/\/el-perico.com\/es\/wp-json\/wp\/v2\/users\/26"}],"replies":[{"embeddable":true,"href":"https:\/\/el-perico.com\/es\/wp-json\/wp\/v2\/comments?post=8650"}],"version-history":[{"count":4,"href":"https:\/\/el-perico.com\/es\/wp-json\/wp\/v2\/posts\/8650\/revisions"}],"predecessor-version":[{"id":8696,"href":"https:\/\/el-perico.com\/es\/wp-json\/wp\/v2\/posts\/8650\/revisions\/8696"}],"wp:featuredmedia":[{"embeddable":true,"href":"https:\/\/el-perico.com\/es\/wp-json\/wp\/v2\/media\/8652"}],"wp:attachment":[{"href":"https:\/\/el-perico.com\/es\/wp-json\/wp\/v2\/media?parent=8650"}],"wp:term":[{"taxonomy":"category","embeddable":true,"href":"https:\/\/el-perico.com\/es\/wp-json\/wp\/v2\/categories?post=8650"},{"taxonomy":"post_tag","embeddable":true,"href":"https:\/\/el-perico.com\/es\/wp-json\/wp\/v2\/tags?post=8650"},{"taxonomy":"newspack_spnsrs_tax","embeddable":true,"href":"https:\/\/el-perico.com\/es\/wp-json\/wp\/v2\/newspack_spnsrs_tax?post=8650"},{"taxonomy":"author","embeddable":true,"href":"https:\/\/el-perico.com\/es\/wp-json\/wp\/v2\/coauthors?post=8650"}],"curies":[{"name":"wp","href":"https:\/\/api.w.org\/{rel}","templated":true}]}}