{"id":8499,"date":"2022-09-20T00:18:41","date_gmt":"2022-09-20T04:18:41","guid":{"rendered":"https:\/\/el-perico.com\/?p=8499"},"modified":"2022-09-20T00:18:42","modified_gmt":"2022-09-20T04:18:42","slug":"mas-de-1200-refugiados-deja-huracan-fiona-en-puerto-rico","status":"publish","type":"post","link":"https:\/\/el-perico.com\/es\/mas-de-1200-refugiados-deja-huracan-fiona-en-puerto-rico\/","title":{"rendered":"M\u00e1s de 1200 refugiados deja hurac\u00e1n Fiona en Puerto Rico"},"content":{"rendered":"\n<figure class=\"wp-block-image size-large\"><img loading=\"lazy\" decoding=\"async\" width=\"1024\" height=\"682\" src=\"https:\/\/el-perico.com\/wp-content\/uploads\/2022\/09\/6E3J6BWFWBEU3OX5K2QGFZACNA-1024x682.jpg\" alt=\"\" class=\"wp-image-8500\" srcset=\"https:\/\/el-perico.com\/wp-content\/uploads\/2022\/09\/6E3J6BWFWBEU3OX5K2QGFZACNA-1024x682.jpg 1024w, https:\/\/el-perico.com\/wp-content\/uploads\/2022\/09\/6E3J6BWFWBEU3OX5K2QGFZACNA-300x200.jpg 300w, https:\/\/el-perico.com\/wp-content\/uploads\/2022\/09\/6E3J6BWFWBEU3OX5K2QGFZACNA-768x512.jpg 768w, https:\/\/el-perico.com\/wp-content\/uploads\/2022\/09\/6E3J6BWFWBEU3OX5K2QGFZACNA-1536x1024.jpg 1536w, https:\/\/el-perico.com\/wp-content\/uploads\/2022\/09\/6E3J6BWFWBEU3OX5K2QGFZACNA-1200x800.jpg 1200w, https:\/\/el-perico.com\/wp-content\/uploads\/2022\/09\/6E3J6BWFWBEU3OX5K2QGFZACNA-1568x1045.jpg 1568w, https:\/\/el-perico.com\/wp-content\/uploads\/2022\/09\/6E3J6BWFWBEU3OX5K2QGFZACNA-400x267.jpg 400w, https:\/\/el-perico.com\/wp-content\/uploads\/2022\/09\/6E3J6BWFWBEU3OX5K2QGFZACNA.jpg 1658w\" sizes=\"auto, (max-width: 1024px) 100vw, 1024px\" \/><figcaption>As\u00ed se ven algunos municipios de Puerto Rico tras el paso del hurac\u00e1n Fiona.\u00a0(Dennis M. Rivera Pichardo). Tomada de Elnuevodia.com<\/figcaption><\/figure>\n\n\n\n<p>Puerto Rico qued\u00f3 destrozada luego de que la isla haya sido impactada por el hurac\u00e1n Fiona la tarde del 18 de septiembre, que dej\u00f3 1 325 refugiados en diversas zonas del pa\u00eds que, adem\u00e1s, presenta una emergencia el\u00e9ctrica por los apagones generales  y varios destrosos. <\/p>\n\n\n\n<p> M\u00e1s de<strong>\u00a0<\/strong>tres millones de personas se quedaron sin electricidad\u00a0el domingo en Puerto Rico, donde se report\u00f3 al menos\u00a0un fallecido\u00a0y miles de damnificados, as\u00ed como inundaciones graves, deslaves, caminos bloqueados, \u00e1rboles ca\u00eddos y afectaciones a viviendas y comercios, report\u00f3 la BBC en su sitio web. <\/p>\n\n\n\n<p>Esta ha sido la mayor tormenta que golpea la isla desde el devastador\u00a0hurac\u00e1n Mar\u00eda<strong>\u00a0<\/strong>de 2017 que caus\u00f3 m\u00e1s de 4 500 muertes y da\u00f1os materiales estimados en US$ 100 000 millones. <\/p>\n\n\n\n<h3 class=\"wp-block-heading\">El ojo del hurac\u00e1n<\/h3>\n\n\n\n<p>El Centro Nacional de Huracanes (NHC, en ingl\u00e9s), report\u00f3 que el ojo del hurac\u00e1n Fiona entr\u00f3 por Punta Toc\u00f3n a las 3:20 p.m. con vientos m\u00e1ximos de 85 millas por hora.\u00a0Fue el primer hurac\u00e1n en tocar suelo boricua a solo cinco a\u00f1os de que Mar\u00eda haya arrasado con la isla. <\/p>\n\n\n\n<p>La r\u00e1faga de de 85 millas aumentaron hasta llegar a 103 millas por hora y fueron registradas en en Ponce, detall\u00f3 Ernesto Morales, coordinador de avisos del Servicio Nacional de Meteorolog\u00eda (SNM). A\u00f1adi\u00f3 que las lluvias asociadas al cicl\u00f3n continuar\u00e1n ma\u00f1ana, pudi\u00e9ndose acumular hasta 30 pulgadas de lluvia, rese\u00f1\u00f3 Cubadebate.<\/p>\n\n\n\n<p>Por su parte el presidente Joe Biden declar\u00f3 la situaci\u00f3n como emergencia y permitir\u00e1 que la Agencia Federal para el Manejo de Emergencias (FEMA) asista al gobierno puertorrique\u00f1o como medida para brindar protecci\u00f3n inmediata. De evaluarse los da\u00f1os, pudiera emitirse una declaraci\u00f3n de desastre y as\u00ed asistir a la recuperaci\u00f3n. <\/p>\n\n\n\n<figure class=\"wp-block-image size-full\"><img loading=\"lazy\" decoding=\"async\" width=\"897\" height=\"736\" src=\"https:\/\/el-perico.com\/wp-content\/uploads\/2022\/09\/025241_earliest_reasonable_toa_34.png\" alt=\"\" class=\"wp-image-8502\" srcset=\"https:\/\/el-perico.com\/wp-content\/uploads\/2022\/09\/025241_earliest_reasonable_toa_34.png 897w, https:\/\/el-perico.com\/wp-content\/uploads\/2022\/09\/025241_earliest_reasonable_toa_34-300x246.png 300w, https:\/\/el-perico.com\/wp-content\/uploads\/2022\/09\/025241_earliest_reasonable_toa_34-768x630.png 768w, https:\/\/el-perico.com\/wp-content\/uploads\/2022\/09\/025241_earliest_reasonable_toa_34-400x328.png 400w\" sizes=\"auto, (max-width: 897px) 100vw, 897px\" \/><\/figure>\n\n\n\n<h3 class=\"wp-block-heading\">P\u00e9rdidas<\/h3>\n\n\n\n<p>De acuerdo con la <a href=\"https:\/\/www.bbc.com\/mundo\/noticias-62948539\">BBC<\/a>, las intensas lluvias produjeron\u00a0destrucci\u00f3n parcial o total de viviendas, deslizamientos de tierra, bloqueo de caminos, ca\u00edda de \u00e1rboles.<\/p>\n\n\n\n<p>Un hombre falleci\u00f3 producto de una explosi\u00f3n de una planta el\u00e9ctrica. M\u00e1s de 1 000 personas fueron evacuadas o rescatadas en 25 municipios, principalmente en Toa Baja (norte), Cayey (centro), Ponce, Salinas, Gu\u00e1nica y Guayama, los cuatro \u00faltimos en el sur del pa\u00eds.<\/p>\n\n\n\n<p>En la ciudad de Utuado, en la regi\u00f3n monta\u00f1osa central, un importante puente colaps\u00f3 debido a las inundaciones, inform\u00f3 el gobernador de Puerto Rico, Pedro Pierluisi.<\/p>\n\n\n\n<p>\u00abPuerto Rico ha sido azotado seriamente por el hurac\u00e1n Fiona y desafortunadamente a\u00fan esperamos m\u00e1s lluvias por toda la isla\u2026 Estamos pasando por un momento duro\u00bb, dijo Pierluisi el lunes.<\/p>\n\n\n\n<p>\u00abEn muchas \u00e1reas, que nunca hab\u00edan tenido inundaciones,\u00a0ha habido acumulaci\u00f3n de agua sin precedentes. De hecho, en muchas \u00e1reas ha sido\u00a0mayor que lo que vimos en el hurac\u00e1n Mar\u00eda\u00bb, agreg\u00f3 el gobernador.<\/p>\n\n\n\n<h3 class=\"wp-block-heading\">En Rep\u00fablica Dominicana<\/h3>\n\n\n\n<p>Este lunes Fiona sin haber dejado a\u00fan a Puerto Rico pis\u00f3 tierra dominicana con vientos m\u00e1ximos de 93 millas por hora, y su presi\u00f3n central descendi\u00f3 a 977 hectoPascal, sin embargo sigue siendo un hurac\u00e1n de categor\u00eda uno en la escala Saffir Simpson, de un m\u00e1ximo de cinco, destaca Cubadebate en su sitio web.<\/p>\n\n\n\n<p>Es as\u00ed como a las seis de la ma\u00f1ana el hurac\u00e1n lleg\u00f3 a la punta oriental de la isla La Espa\u00f1ola a unos 40 kil\u00f3metros de Punta Cana. La trayectoria indica que va hacia el noreste.<\/p>\n\n\n\n<p> En las pr\u00f3ximas 12 a 24 horas el centro del hurac\u00e1n Fiona continuar\u00e1 movi\u00e9ndose sobre el Este de Rep\u00fablica Dominica, con similar rumbo y a una velocidad de traslaci\u00f3n de 13 kil\u00f3metros por hora hasta emerger a los mares al norte de este pa\u00eds en la tarde, en donde se espera que contin\u00fae fortaleci\u00e9ndose.<\/p>\n\n\n\n<p>Hasta ahora se desconoce el balance de los da\u00f1os causado. <\/p>\n","protected":false},"excerpt":{"rendered":"<p>Puerto Rico qued\u00f3 destrozada luego de que la isla haya sido impactada por el hurac\u00e1n Fiona la tarde del 18 de septiembre, que dej\u00f3 1 325 refugiados en diversas zonas del pa\u00eds que, adem\u00e1s, presenta una emergencia el\u00e9ctrica por los apagones generales y varios destrosos. M\u00e1s de\u00a0tres millones de personas se quedaron sin electricidad\u00a0el domingo [&hellip;]<\/p>\n","protected":false},"author":33,"featured_media":0,"comment_status":"open","ping_status":"closed","sticky":false,"template":"","format":"standard","meta":{"newspack_ads_suppress_ads":false,"_newspack_byline_active":false,"_newspack_byline":"","newspack_hide_updated_date":false,"newspack_show_updated_date":false,"newspack_content_restriction_is_exempt":false,"newspack_featured_image_position":"","newspack_post_subtitle":"","newspack_article_summary_title":"Overview:","newspack_article_summary":"","footnotes":""},"categories":[46],"tags":[],"newspack_spnsrs_tax":[],"coauthors":[1295],"class_list":["post-8499","post","type-post","status-publish","format-standard","hentry","category-reportaje","entry"],"yoast_head":"<!-- This site is optimized with the Yoast SEO plugin v27.5 - https:\/\/yoast.com\/product\/yoast-seo-wordpress\/ -->\n<title>M\u00e1s de 1200 refugiados deja hurac\u00e1n Fiona en Puerto Rico - el perico<\/title>\n<meta name=\"robots\" content=\"index, follow, max-snippet:-1, max-image-preview:large, max-video-preview:-1\" \/>\n<link rel=\"canonical\" href=\"https:\/\/el-perico.com\/es\/mas-de-1200-refugiados-deja-huracan-fiona-en-puerto-rico\/\" \/>\n<meta property=\"og:locale\" content=\"es_ES\" \/>\n<meta property=\"og:type\" content=\"article\" \/>\n<meta property=\"og:title\" content=\"M\u00e1s de 1200 refugiados deja hurac\u00e1n Fiona en Puerto Rico - el perico\" \/>\n<meta property=\"og:description\" content=\"Puerto Rico qued\u00f3 destrozada luego de que la isla haya sido impactada por el hurac\u00e1n Fiona la tarde del 18 de septiembre, que dej\u00f3 1 325 refugiados en diversas zonas del pa\u00eds que, adem\u00e1s, presenta una emergencia el\u00e9ctrica por los apagones generales y varios destrosos. M\u00e1s de\u00a0tres millones de personas se quedaron sin electricidad\u00a0el domingo [&hellip;]\" \/>\n<meta property=\"og:url\" content=\"https:\/\/el-perico.com\/es\/mas-de-1200-refugiados-deja-huracan-fiona-en-puerto-rico\/\" \/>\n<meta property=\"og:site_name\" content=\"el perico\" \/>\n<meta property=\"article:publisher\" content=\"https:\/\/www.facebook.com\/elpericoomaha\" \/>\n<meta property=\"article:published_time\" content=\"2022-09-20T04:18:41+00:00\" \/>\n<meta property=\"article:modified_time\" content=\"2022-09-20T04:18:42+00:00\" \/>\n<meta property=\"og:image\" content=\"https:\/\/el-perico.com\/wp-content\/uploads\/2022\/09\/6E3J6BWFWBEU3OX5K2QGFZACNA-1024x682.jpg\" \/>\n<meta name=\"author\" content=\"Karlha Vel\u00e1squez\" \/>\n<meta name=\"twitter:card\" content=\"summary_large_image\" \/>\n<meta name=\"twitter:label1\" content=\"Escrito por\" \/>\n\t<meta name=\"twitter:data1\" content=\"Karlha Vel\u00e1squez\" \/>\n\t<meta name=\"twitter:label2\" content=\"Tiempo de lectura\" \/>\n\t<meta name=\"twitter:data2\" content=\"4 minutos\" \/>\n\t<meta name=\"twitter:label3\" content=\"Written by\" \/>\n\t<meta name=\"twitter:data3\" content=\"Karlha Vel\u00e1squez\" \/>\n<script type=\"application\/ld+json\" class=\"yoast-schema-graph\">{\"@context\":\"https:\\\/\\\/schema.org\",\"@graph\":[{\"@type\":\"Article\",\"@id\":\"https:\\\/\\\/el-perico.com\\\/es\\\/mas-de-1200-refugiados-deja-huracan-fiona-en-puerto-rico\\\/#article\",\"isPartOf\":{\"@id\":\"https:\\\/\\\/el-perico.com\\\/es\\\/mas-de-1200-refugiados-deja-huracan-fiona-en-puerto-rico\\\/\"},\"author\":{\"name\":\"Karlha Vel\u00e1squez\",\"@id\":\"https:\\\/\\\/el-perico.com\\\/es\\\/#\\\/schema\\\/person\\\/115c218bc8ba94be5813360b272598b3\"},\"headline\":\"M\u00e1s de 1200 refugiados deja hurac\u00e1n Fiona en Puerto Rico\",\"datePublished\":\"2022-09-20T04:18:41+00:00\",\"dateModified\":\"2022-09-20T04:18:42+00:00\",\"mainEntityOfPage\":{\"@id\":\"https:\\\/\\\/el-perico.com\\\/es\\\/mas-de-1200-refugiados-deja-huracan-fiona-en-puerto-rico\\\/\"},\"wordCount\":678,\"commentCount\":0,\"publisher\":{\"@id\":\"https:\\\/\\\/el-perico.com\\\/es\\\/#organization\"},\"image\":{\"@id\":\"https:\\\/\\\/el-perico.com\\\/es\\\/mas-de-1200-refugiados-deja-huracan-fiona-en-puerto-rico\\\/#primaryimage\"},\"thumbnailUrl\":\"https:\\\/\\\/el-perico.com\\\/wp-content\\\/uploads\\\/2022\\\/09\\\/6E3J6BWFWBEU3OX5K2QGFZACNA-1024x682.jpg\",\"articleSection\":[\"Reportaje\"],\"inLanguage\":\"es\",\"potentialAction\":[{\"@type\":\"CommentAction\",\"name\":\"Comment\",\"target\":[\"https:\\\/\\\/el-perico.com\\\/es\\\/mas-de-1200-refugiados-deja-huracan-fiona-en-puerto-rico\\\/#respond\"]}]},{\"@type\":\"WebPage\",\"@id\":\"https:\\\/\\\/el-perico.com\\\/es\\\/mas-de-1200-refugiados-deja-huracan-fiona-en-puerto-rico\\\/\",\"url\":\"https:\\\/\\\/el-perico.com\\\/es\\\/mas-de-1200-refugiados-deja-huracan-fiona-en-puerto-rico\\\/\",\"name\":\"M\u00e1s de 1200 refugiados deja hurac\u00e1n Fiona en Puerto Rico - el perico\",\"isPartOf\":{\"@id\":\"https:\\\/\\\/el-perico.com\\\/es\\\/#website\"},\"primaryImageOfPage\":{\"@id\":\"https:\\\/\\\/el-perico.com\\\/es\\\/mas-de-1200-refugiados-deja-huracan-fiona-en-puerto-rico\\\/#primaryimage\"},\"image\":{\"@id\":\"https:\\\/\\\/el-perico.com\\\/es\\\/mas-de-1200-refugiados-deja-huracan-fiona-en-puerto-rico\\\/#primaryimage\"},\"thumbnailUrl\":\"https:\\\/\\\/el-perico.com\\\/wp-content\\\/uploads\\\/2022\\\/09\\\/6E3J6BWFWBEU3OX5K2QGFZACNA-1024x682.jpg\",\"datePublished\":\"2022-09-20T04:18:41+00:00\",\"dateModified\":\"2022-09-20T04:18:42+00:00\",\"breadcrumb\":{\"@id\":\"https:\\\/\\\/el-perico.com\\\/es\\\/mas-de-1200-refugiados-deja-huracan-fiona-en-puerto-rico\\\/#breadcrumb\"},\"inLanguage\":\"es\",\"potentialAction\":[{\"@type\":\"ReadAction\",\"target\":[\"https:\\\/\\\/el-perico.com\\\/es\\\/mas-de-1200-refugiados-deja-huracan-fiona-en-puerto-rico\\\/\"]}]},{\"@type\":\"ImageObject\",\"inLanguage\":\"es\",\"@id\":\"https:\\\/\\\/el-perico.com\\\/es\\\/mas-de-1200-refugiados-deja-huracan-fiona-en-puerto-rico\\\/#primaryimage\",\"url\":\"https:\\\/\\\/el-perico.com\\\/wp-content\\\/uploads\\\/2022\\\/09\\\/6E3J6BWFWBEU3OX5K2QGFZACNA-1024x682.jpg\",\"contentUrl\":\"https:\\\/\\\/el-perico.com\\\/wp-content\\\/uploads\\\/2022\\\/09\\\/6E3J6BWFWBEU3OX5K2QGFZACNA-1024x682.jpg\"},{\"@type\":\"BreadcrumbList\",\"@id\":\"https:\\\/\\\/el-perico.com\\\/es\\\/mas-de-1200-refugiados-deja-huracan-fiona-en-puerto-rico\\\/#breadcrumb\",\"itemListElement\":[{\"@type\":\"ListItem\",\"position\":1,\"name\":\"Home\",\"item\":\"https:\\\/\\\/el-perico.com\\\/es\\\/\"},{\"@type\":\"ListItem\",\"position\":2,\"name\":\"M\u00e1s de 1200 refugiados deja hurac\u00e1n Fiona en Puerto Rico\"}]},{\"@type\":\"WebSite\",\"@id\":\"https:\\\/\\\/el-perico.com\\\/es\\\/#website\",\"url\":\"https:\\\/\\\/el-perico.com\\\/es\\\/\",\"name\":\"el perico\",\"description\":\"La plataforma original de noticias e informaci\u00f3n para la comunidad hispana de Omaha\",\"publisher\":{\"@id\":\"https:\\\/\\\/el-perico.com\\\/es\\\/#organization\"},\"potentialAction\":[{\"@type\":\"SearchAction\",\"target\":{\"@type\":\"EntryPoint\",\"urlTemplate\":\"https:\\\/\\\/el-perico.com\\\/es\\\/?s={search_term_string}\"},\"query-input\":{\"@type\":\"PropertyValueSpecification\",\"valueRequired\":true,\"valueName\":\"search_term_string\"}}],\"inLanguage\":\"es\"},{\"@type\":\"Organization\",\"@id\":\"https:\\\/\\\/el-perico.com\\\/es\\\/#organization\",\"name\":\"el perico\",\"url\":\"https:\\\/\\\/el-perico.com\\\/es\\\/\",\"logo\":{\"@type\":\"ImageObject\",\"inLanguage\":\"es\",\"@id\":\"https:\\\/\\\/el-perico.com\\\/es\\\/#\\\/schema\\\/logo\\\/image\\\/\",\"url\":\"https:\\\/\\\/el-perico.com\\\/wp-content\\\/uploads\\\/2024\\\/05\\\/ElPerico-Logo_NPM-1-e1717102187440.png\",\"contentUrl\":\"https:\\\/\\\/el-perico.com\\\/wp-content\\\/uploads\\\/2024\\\/05\\\/ElPerico-Logo_NPM-1-e1717102187440.png\",\"width\":648,\"height\":216,\"caption\":\"el perico\"},\"image\":{\"@id\":\"https:\\\/\\\/el-perico.com\\\/es\\\/#\\\/schema\\\/logo\\\/image\\\/\"},\"sameAs\":[\"https:\\\/\\\/www.facebook.com\\\/elpericoomaha\"]},{\"@type\":\"Person\",\"@id\":\"https:\\\/\\\/el-perico.com\\\/es\\\/#\\\/schema\\\/person\\\/115c218bc8ba94be5813360b272598b3\",\"name\":\"Karlha Vel\u00e1squez\",\"image\":{\"@type\":\"ImageObject\",\"inLanguage\":\"es\",\"@id\":\"https:\\\/\\\/secure.gravatar.com\\\/avatar\\\/8df18265705852ca7839a0fcee6bba22d8ecf5f77c391f99ea1b01ca64f6070e?s=96&d=mm&r=gcd64a394da1ad246b5b1ef8fb99a3b61\",\"url\":\"https:\\\/\\\/secure.gravatar.com\\\/avatar\\\/8df18265705852ca7839a0fcee6bba22d8ecf5f77c391f99ea1b01ca64f6070e?s=96&d=mm&r=g\",\"contentUrl\":\"https:\\\/\\\/secure.gravatar.com\\\/avatar\\\/8df18265705852ca7839a0fcee6bba22d8ecf5f77c391f99ea1b01ca64f6070e?s=96&d=mm&r=g\",\"caption\":\"Karlha Vel\u00e1squez\"},\"url\":\"https:\\\/\\\/el-perico.com\\\/es\\\/author\\\/karlha-velasquez\\\/\"}]}<\/script>\n<!-- \/ Yoast SEO plugin. -->","yoast_head_json":{"title":"M\u00e1s de 1200 refugiados deja hurac\u00e1n Fiona en Puerto Rico - el perico","robots":{"index":"index","follow":"follow","max-snippet":"max-snippet:-1","max-image-preview":"max-image-preview:large","max-video-preview":"max-video-preview:-1"},"canonical":"https:\/\/el-perico.com\/es\/mas-de-1200-refugiados-deja-huracan-fiona-en-puerto-rico\/","og_locale":"es_ES","og_type":"article","og_title":"M\u00e1s de 1200 refugiados deja hurac\u00e1n Fiona en Puerto Rico - el perico","og_description":"Puerto Rico qued\u00f3 destrozada luego de que la isla haya sido impactada por el hurac\u00e1n Fiona la tarde del 18 de septiembre, que dej\u00f3 1 325 refugiados en diversas zonas del pa\u00eds que, adem\u00e1s, presenta una emergencia el\u00e9ctrica por los apagones generales y varios destrosos. M\u00e1s de\u00a0tres millones de personas se quedaron sin electricidad\u00a0el domingo [&hellip;]","og_url":"https:\/\/el-perico.com\/es\/mas-de-1200-refugiados-deja-huracan-fiona-en-puerto-rico\/","og_site_name":"el perico","article_publisher":"https:\/\/www.facebook.com\/elpericoomaha","article_published_time":"2022-09-20T04:18:41+00:00","article_modified_time":"2022-09-20T04:18:42+00:00","og_image":[{"url":"https:\/\/el-perico.com\/wp-content\/uploads\/2022\/09\/6E3J6BWFWBEU3OX5K2QGFZACNA-1024x682.jpg","type":"","width":"","height":""}],"author":"Karlha Vel\u00e1squez","twitter_card":"summary_large_image","twitter_misc":{"Escrito por":"Karlha Vel\u00e1squez","Tiempo de lectura":"4 minutos","Written by":"Karlha Vel\u00e1squez"},"schema":{"@context":"https:\/\/schema.org","@graph":[{"@type":"Article","@id":"https:\/\/el-perico.com\/es\/mas-de-1200-refugiados-deja-huracan-fiona-en-puerto-rico\/#article","isPartOf":{"@id":"https:\/\/el-perico.com\/es\/mas-de-1200-refugiados-deja-huracan-fiona-en-puerto-rico\/"},"author":{"name":"Karlha Vel\u00e1squez","@id":"https:\/\/el-perico.com\/es\/#\/schema\/person\/115c218bc8ba94be5813360b272598b3"},"headline":"M\u00e1s de 1200 refugiados deja hurac\u00e1n Fiona en Puerto Rico","datePublished":"2022-09-20T04:18:41+00:00","dateModified":"2022-09-20T04:18:42+00:00","mainEntityOfPage":{"@id":"https:\/\/el-perico.com\/es\/mas-de-1200-refugiados-deja-huracan-fiona-en-puerto-rico\/"},"wordCount":678,"commentCount":0,"publisher":{"@id":"https:\/\/el-perico.com\/es\/#organization"},"image":{"@id":"https:\/\/el-perico.com\/es\/mas-de-1200-refugiados-deja-huracan-fiona-en-puerto-rico\/#primaryimage"},"thumbnailUrl":"https:\/\/el-perico.com\/wp-content\/uploads\/2022\/09\/6E3J6BWFWBEU3OX5K2QGFZACNA-1024x682.jpg","articleSection":["Reportaje"],"inLanguage":"es","potentialAction":[{"@type":"CommentAction","name":"Comment","target":["https:\/\/el-perico.com\/es\/mas-de-1200-refugiados-deja-huracan-fiona-en-puerto-rico\/#respond"]}]},{"@type":"WebPage","@id":"https:\/\/el-perico.com\/es\/mas-de-1200-refugiados-deja-huracan-fiona-en-puerto-rico\/","url":"https:\/\/el-perico.com\/es\/mas-de-1200-refugiados-deja-huracan-fiona-en-puerto-rico\/","name":"M\u00e1s de 1200 refugiados deja hurac\u00e1n Fiona en Puerto Rico - el perico","isPartOf":{"@id":"https:\/\/el-perico.com\/es\/#website"},"primaryImageOfPage":{"@id":"https:\/\/el-perico.com\/es\/mas-de-1200-refugiados-deja-huracan-fiona-en-puerto-rico\/#primaryimage"},"image":{"@id":"https:\/\/el-perico.com\/es\/mas-de-1200-refugiados-deja-huracan-fiona-en-puerto-rico\/#primaryimage"},"thumbnailUrl":"https:\/\/el-perico.com\/wp-content\/uploads\/2022\/09\/6E3J6BWFWBEU3OX5K2QGFZACNA-1024x682.jpg","datePublished":"2022-09-20T04:18:41+00:00","dateModified":"2022-09-20T04:18:42+00:00","breadcrumb":{"@id":"https:\/\/el-perico.com\/es\/mas-de-1200-refugiados-deja-huracan-fiona-en-puerto-rico\/#breadcrumb"},"inLanguage":"es","potentialAction":[{"@type":"ReadAction","target":["https:\/\/el-perico.com\/es\/mas-de-1200-refugiados-deja-huracan-fiona-en-puerto-rico\/"]}]},{"@type":"ImageObject","inLanguage":"es","@id":"https:\/\/el-perico.com\/es\/mas-de-1200-refugiados-deja-huracan-fiona-en-puerto-rico\/#primaryimage","url":"https:\/\/el-perico.com\/wp-content\/uploads\/2022\/09\/6E3J6BWFWBEU3OX5K2QGFZACNA-1024x682.jpg","contentUrl":"https:\/\/el-perico.com\/wp-content\/uploads\/2022\/09\/6E3J6BWFWBEU3OX5K2QGFZACNA-1024x682.jpg"},{"@type":"BreadcrumbList","@id":"https:\/\/el-perico.com\/es\/mas-de-1200-refugiados-deja-huracan-fiona-en-puerto-rico\/#breadcrumb","itemListElement":[{"@type":"ListItem","position":1,"name":"Home","item":"https:\/\/el-perico.com\/es\/"},{"@type":"ListItem","position":2,"name":"M\u00e1s de 1200 refugiados deja hurac\u00e1n Fiona en Puerto Rico"}]},{"@type":"WebSite","@id":"https:\/\/el-perico.com\/es\/#website","url":"https:\/\/el-perico.com\/es\/","name":"el perico","description":"La plataforma original de noticias e informaci\u00f3n para la comunidad hispana de Omaha","publisher":{"@id":"https:\/\/el-perico.com\/es\/#organization"},"potentialAction":[{"@type":"SearchAction","target":{"@type":"EntryPoint","urlTemplate":"https:\/\/el-perico.com\/es\/?s={search_term_string}"},"query-input":{"@type":"PropertyValueSpecification","valueRequired":true,"valueName":"search_term_string"}}],"inLanguage":"es"},{"@type":"Organization","@id":"https:\/\/el-perico.com\/es\/#organization","name":"el perico","url":"https:\/\/el-perico.com\/es\/","logo":{"@type":"ImageObject","inLanguage":"es","@id":"https:\/\/el-perico.com\/es\/#\/schema\/logo\/image\/","url":"https:\/\/el-perico.com\/wp-content\/uploads\/2024\/05\/ElPerico-Logo_NPM-1-e1717102187440.png","contentUrl":"https:\/\/el-perico.com\/wp-content\/uploads\/2024\/05\/ElPerico-Logo_NPM-1-e1717102187440.png","width":648,"height":216,"caption":"el perico"},"image":{"@id":"https:\/\/el-perico.com\/es\/#\/schema\/logo\/image\/"},"sameAs":["https:\/\/www.facebook.com\/elpericoomaha"]},{"@type":"Person","@id":"https:\/\/el-perico.com\/es\/#\/schema\/person\/115c218bc8ba94be5813360b272598b3","name":"Karlha Vel\u00e1squez","image":{"@type":"ImageObject","inLanguage":"es","@id":"https:\/\/secure.gravatar.com\/avatar\/8df18265705852ca7839a0fcee6bba22d8ecf5f77c391f99ea1b01ca64f6070e?s=96&d=mm&r=gcd64a394da1ad246b5b1ef8fb99a3b61","url":"https:\/\/secure.gravatar.com\/avatar\/8df18265705852ca7839a0fcee6bba22d8ecf5f77c391f99ea1b01ca64f6070e?s=96&d=mm&r=g","contentUrl":"https:\/\/secure.gravatar.com\/avatar\/8df18265705852ca7839a0fcee6bba22d8ecf5f77c391f99ea1b01ca64f6070e?s=96&d=mm&r=g","caption":"Karlha Vel\u00e1squez"},"url":"https:\/\/el-perico.com\/es\/author\/karlha-velasquez\/"}]}},"_links":{"self":[{"href":"https:\/\/el-perico.com\/es\/wp-json\/wp\/v2\/posts\/8499","targetHints":{"allow":["GET"]}}],"collection":[{"href":"https:\/\/el-perico.com\/es\/wp-json\/wp\/v2\/posts"}],"about":[{"href":"https:\/\/el-perico.com\/es\/wp-json\/wp\/v2\/types\/post"}],"author":[{"embeddable":true,"href":"https:\/\/el-perico.com\/es\/wp-json\/wp\/v2\/users\/33"}],"replies":[{"embeddable":true,"href":"https:\/\/el-perico.com\/es\/wp-json\/wp\/v2\/comments?post=8499"}],"version-history":[{"count":1,"href":"https:\/\/el-perico.com\/es\/wp-json\/wp\/v2\/posts\/8499\/revisions"}],"predecessor-version":[{"id":8504,"href":"https:\/\/el-perico.com\/es\/wp-json\/wp\/v2\/posts\/8499\/revisions\/8504"}],"wp:attachment":[{"href":"https:\/\/el-perico.com\/es\/wp-json\/wp\/v2\/media?parent=8499"}],"wp:term":[{"taxonomy":"category","embeddable":true,"href":"https:\/\/el-perico.com\/es\/wp-json\/wp\/v2\/categories?post=8499"},{"taxonomy":"post_tag","embeddable":true,"href":"https:\/\/el-perico.com\/es\/wp-json\/wp\/v2\/tags?post=8499"},{"taxonomy":"newspack_spnsrs_tax","embeddable":true,"href":"https:\/\/el-perico.com\/es\/wp-json\/wp\/v2\/newspack_spnsrs_tax?post=8499"},{"taxonomy":"author","embeddable":true,"href":"https:\/\/el-perico.com\/es\/wp-json\/wp\/v2\/coauthors?post=8499"}],"curies":[{"name":"wp","href":"https:\/\/api.w.org\/{rel}","templated":true}]}}