{"id":80,"date":"2021-12-07T12:18:09","date_gmt":"2021-12-07T17:18:09","guid":{"rendered":"https:\/\/7b433a06f5.nxcli.net\/the-reader-y-el-perico-investigan-el-ajustado-mercado-laboral-de-omaha\/"},"modified":"2022-02-23T11:48:13","modified_gmt":"2022-02-23T16:48:13","slug":"the-reader-y-el-perico-investigan-el-ajustado-mercado-laboral-de-omaha","status":"publish","type":"post","link":"https:\/\/el-perico.com\/es\/the-reader-y-el-perico-investigan-el-ajustado-mercado-laboral-de-omaha\/","title":{"rendered":"The Reader y El Perico investigan el ajustado mercado laboral de Omaha"},"content":{"rendered":"<p>En noviembre, Nebraska ten\u00eda la tasa de desempleo m\u00e1s baja jam\u00e1s registrada por un estado. Entonces, \u00bfpor qu\u00e9 tantas empresas est\u00e1n recortando horas y teniendo problemas para encontrar empleados?<\/p>\n<p>En nuestro n\u00famero de diciembre decidimos examinar m\u00e1s de cerca los elementos que empujan a la gente a salir del mercado laboral y lo que podemos hacer para resolver lo que un economista llama \u201cla cuesti\u00f3n m\u00e1s importante\u201d que enfrenta nuestro Estado.<\/p>\n<h1><a href=\"https:\/\/el-perico.com\/es\/2021\/12\/07\/la-sumatoria-del-ajustado-mercado-laboral-en-nebraska\/\">La sumatoria del ajustado mercado laboral en Nebraska<\/a><\/h1>\n<figure class=\"wp-block-image size-large\"><img decoding=\"async\" loading=\"lazy\" width=\"1024\" height=\"683\" src=\"https:\/\/el-perico.com\/wp-content\/uploads\/2021\/12\/Strike_482-1-1-1024x683.jpg\" alt=\"\" class=\"wp-image-5329\"><figcaption>Foto por Chris Bowling.<\/figcaption><\/figure>\n<h1><a href=\"https:\/\/el-perico.com\/es\/2021\/12\/03\/hacia-un-salario-digno\/\">Hacia un salario digno<\/a><\/h1>\n<figure class=\"wp-block-image size-full\"><img decoding=\"async\" loading=\"lazy\" width=\"768\" height=\"576\" src=\"https:\/\/el-perico.com\/wp-content\/uploads\/2021\/12\/OMAHA-JOBS-AppleSeed-15-hour-min-wage-Photo-1-of-2-LC-202112-PHOTO-edited-1.jpg\" alt=\"\" class=\"wp-image-5330\"><figcaption>Foto por Nebraska Appleseed.<\/figcaption><\/figure>\n<h1><strong><a href=\"https:\/\/el-perico.com\/es\/2021\/12\/07\/la-demanda-por-los-derechos-laborales\/\">La demanda por los derechos laborales<\/a><\/strong><\/h1>\n<figure class=\"wp-block-image size-full\"><img decoding=\"async\" loading=\"lazy\" width=\"768\" height=\"512\" src=\"https:\/\/el-perico.com\/wp-content\/uploads\/2021\/12\/Greed-1.jpg\" alt=\"\" class=\"wp-image-5331\"><figcaption>Foto por Chris Bowling.<\/figcaption><\/figure>\n","protected":false},"excerpt":{"rendered":"<p>En noviembre, Nebraska ten\u00eda la tasa de desempleo m\u00e1s baja jam\u00e1s registrada por un estado. Entonces, \u00bfpor qu\u00e9 tantas empresas est\u00e1n recortando horas y teniendo problemas para encontrar empleados? En nuestro n\u00famero de diciembre decidimos examinar m\u00e1s de cerca los elementos que empujan a la gente a salir del mercado laboral y lo que podemos [&hellip;]<\/p>\n","protected":false},"author":1,"featured_media":81,"comment_status":"open","ping_status":"closed","sticky":false,"template":"","format":"standard","meta":{"newspack_ads_suppress_ads":false,"_newspack_byline_active":false,"_newspack_byline":"","newspack_hide_updated_date":false,"newspack_show_updated_date":false,"newspack_content_restriction_is_exempt":false,"newspack_featured_image_position":"","newspack_post_subtitle":"","newspack_article_summary_title":"Overview:","newspack_article_summary":"","footnotes":""},"categories":[46,1226],"tags":[],"newspack_spnsrs_tax":[],"coauthors":[1233],"class_list":["post-80","post","type-post","status-publish","format-standard","has-post-thumbnail","hentry","category-reportaje","category-sin-categorizar","entry"],"yoast_head":"<!-- This site is optimized with the Yoast SEO plugin v27.5 - https:\/\/yoast.com\/product\/yoast-seo-wordpress\/ -->\n<title>The Reader y El Perico investigan el ajustado mercado laboral de Omaha - el perico<\/title>\n<meta name=\"robots\" content=\"index, follow, max-snippet:-1, max-image-preview:large, max-video-preview:-1\" \/>\n<link rel=\"canonical\" href=\"https:\/\/el-perico.com\/es\/the-reader-y-el-perico-investigan-el-ajustado-mercado-laboral-de-omaha\/\" \/>\n<meta property=\"og:locale\" content=\"es_ES\" \/>\n<meta property=\"og:type\" content=\"article\" \/>\n<meta property=\"og:title\" content=\"The Reader y El Perico investigan el ajustado mercado laboral de Omaha - el perico\" \/>\n<meta property=\"og:description\" content=\"En noviembre, Nebraska ten\u00eda la tasa de desempleo m\u00e1s baja jam\u00e1s registrada por un estado. Entonces, \u00bfpor qu\u00e9 tantas empresas est\u00e1n recortando horas y teniendo problemas para encontrar empleados? En nuestro n\u00famero de diciembre decidimos examinar m\u00e1s de cerca los elementos que empujan a la gente a salir del mercado laboral y lo que podemos [&hellip;]\" \/>\n<meta property=\"og:url\" content=\"https:\/\/el-perico.com\/es\/the-reader-y-el-perico-investigan-el-ajustado-mercado-laboral-de-omaha\/\" \/>\n<meta property=\"og:site_name\" content=\"el perico\" \/>\n<meta property=\"article:publisher\" content=\"https:\/\/www.facebook.com\/elpericoomaha\" \/>\n<meta property=\"article:published_time\" content=\"2021-12-07T17:18:09+00:00\" \/>\n<meta property=\"article:modified_time\" content=\"2022-02-23T16:48:13+00:00\" \/>\n<meta property=\"og:image\" content=\"https:\/\/el-perico.com\/wp-content\/uploads\/2021\/12\/Screen-Shot-2021-12-02-at-4.24.00-PM-1.png\" \/>\n\t<meta property=\"og:image:width\" content=\"423\" \/>\n\t<meta property=\"og:image:height\" content=\"534\" \/>\n\t<meta property=\"og:image:type\" content=\"image\/png\" \/>\n<meta name=\"author\" content=\"El Perico Staff\" \/>\n<meta name=\"twitter:card\" content=\"summary_large_image\" \/>\n<meta name=\"twitter:label1\" content=\"Escrito por\" \/>\n\t<meta name=\"twitter:data1\" content=\"El Perico Staff\" \/>\n\t<meta name=\"twitter:label2\" content=\"Tiempo de lectura\" \/>\n\t<meta name=\"twitter:data2\" content=\"2 minutos\" \/>\n\t<meta name=\"twitter:label3\" content=\"Written by\" \/>\n\t<meta name=\"twitter:data3\" content=\"El Perico Staff\" \/>\n<script type=\"application\/ld+json\" class=\"yoast-schema-graph\">{\"@context\":\"https:\\\/\\\/schema.org\",\"@graph\":[{\"@type\":\"Article\",\"@id\":\"https:\\\/\\\/el-perico.com\\\/es\\\/the-reader-y-el-perico-investigan-el-ajustado-mercado-laboral-de-omaha\\\/#article\",\"isPartOf\":{\"@id\":\"https:\\\/\\\/el-perico.com\\\/es\\\/the-reader-y-el-perico-investigan-el-ajustado-mercado-laboral-de-omaha\\\/\"},\"author\":{\"name\":\"El Perico Staff\",\"@id\":\"https:\\\/\\\/el-perico.com\\\/es\\\/#\\\/schema\\\/person\\\/1956e5e63b94d4bd0daf30675bdf4a93\"},\"headline\":\"The Reader y El Perico investigan el ajustado mercado laboral de Omaha\",\"datePublished\":\"2021-12-07T17:18:09+00:00\",\"dateModified\":\"2022-02-23T16:48:13+00:00\",\"mainEntityOfPage\":{\"@id\":\"https:\\\/\\\/el-perico.com\\\/es\\\/the-reader-y-el-perico-investigan-el-ajustado-mercado-laboral-de-omaha\\\/\"},\"wordCount\":121,\"commentCount\":0,\"publisher\":{\"@id\":\"https:\\\/\\\/el-perico.com\\\/es\\\/#organization\"},\"image\":{\"@id\":\"https:\\\/\\\/el-perico.com\\\/es\\\/the-reader-y-el-perico-investigan-el-ajustado-mercado-laboral-de-omaha\\\/#primaryimage\"},\"thumbnailUrl\":\"https:\\\/\\\/el-perico.com\\\/wp-content\\\/uploads\\\/2021\\\/12\\\/Screen-Shot-2021-12-02-at-4.24.00-PM-1.png\",\"articleSection\":[\"Reportaje\",\"Sin categorizar\"],\"inLanguage\":\"es\",\"potentialAction\":[{\"@type\":\"CommentAction\",\"name\":\"Comment\",\"target\":[\"https:\\\/\\\/el-perico.com\\\/es\\\/the-reader-y-el-perico-investigan-el-ajustado-mercado-laboral-de-omaha\\\/#respond\"]}]},{\"@type\":\"WebPage\",\"@id\":\"https:\\\/\\\/el-perico.com\\\/es\\\/the-reader-y-el-perico-investigan-el-ajustado-mercado-laboral-de-omaha\\\/\",\"url\":\"https:\\\/\\\/el-perico.com\\\/es\\\/the-reader-y-el-perico-investigan-el-ajustado-mercado-laboral-de-omaha\\\/\",\"name\":\"The Reader y El Perico investigan el ajustado mercado laboral de Omaha - el perico\",\"isPartOf\":{\"@id\":\"https:\\\/\\\/el-perico.com\\\/es\\\/#website\"},\"primaryImageOfPage\":{\"@id\":\"https:\\\/\\\/el-perico.com\\\/es\\\/the-reader-y-el-perico-investigan-el-ajustado-mercado-laboral-de-omaha\\\/#primaryimage\"},\"image\":{\"@id\":\"https:\\\/\\\/el-perico.com\\\/es\\\/the-reader-y-el-perico-investigan-el-ajustado-mercado-laboral-de-omaha\\\/#primaryimage\"},\"thumbnailUrl\":\"https:\\\/\\\/el-perico.com\\\/wp-content\\\/uploads\\\/2021\\\/12\\\/Screen-Shot-2021-12-02-at-4.24.00-PM-1.png\",\"datePublished\":\"2021-12-07T17:18:09+00:00\",\"dateModified\":\"2022-02-23T16:48:13+00:00\",\"breadcrumb\":{\"@id\":\"https:\\\/\\\/el-perico.com\\\/es\\\/the-reader-y-el-perico-investigan-el-ajustado-mercado-laboral-de-omaha\\\/#breadcrumb\"},\"inLanguage\":\"es\",\"potentialAction\":[{\"@type\":\"ReadAction\",\"target\":[\"https:\\\/\\\/el-perico.com\\\/es\\\/the-reader-y-el-perico-investigan-el-ajustado-mercado-laboral-de-omaha\\\/\"]}]},{\"@type\":\"ImageObject\",\"inLanguage\":\"es\",\"@id\":\"https:\\\/\\\/el-perico.com\\\/es\\\/the-reader-y-el-perico-investigan-el-ajustado-mercado-laboral-de-omaha\\\/#primaryimage\",\"url\":\"https:\\\/\\\/el-perico.com\\\/wp-content\\\/uploads\\\/2021\\\/12\\\/Screen-Shot-2021-12-02-at-4.24.00-PM-1.png\",\"contentUrl\":\"https:\\\/\\\/el-perico.com\\\/wp-content\\\/uploads\\\/2021\\\/12\\\/Screen-Shot-2021-12-02-at-4.24.00-PM-1.png\",\"width\":423,\"height\":534},{\"@type\":\"BreadcrumbList\",\"@id\":\"https:\\\/\\\/el-perico.com\\\/es\\\/the-reader-y-el-perico-investigan-el-ajustado-mercado-laboral-de-omaha\\\/#breadcrumb\",\"itemListElement\":[{\"@type\":\"ListItem\",\"position\":1,\"name\":\"Home\",\"item\":\"https:\\\/\\\/el-perico.com\\\/es\\\/\"},{\"@type\":\"ListItem\",\"position\":2,\"name\":\"The Reader y El Perico investigan el ajustado mercado laboral de Omaha\"}]},{\"@type\":\"WebSite\",\"@id\":\"https:\\\/\\\/el-perico.com\\\/es\\\/#website\",\"url\":\"https:\\\/\\\/el-perico.com\\\/es\\\/\",\"name\":\"el perico\",\"description\":\"La plataforma original de noticias e informaci\u00f3n para la comunidad hispana de Omaha\",\"publisher\":{\"@id\":\"https:\\\/\\\/el-perico.com\\\/es\\\/#organization\"},\"potentialAction\":[{\"@type\":\"SearchAction\",\"target\":{\"@type\":\"EntryPoint\",\"urlTemplate\":\"https:\\\/\\\/el-perico.com\\\/es\\\/?s={search_term_string}\"},\"query-input\":{\"@type\":\"PropertyValueSpecification\",\"valueRequired\":true,\"valueName\":\"search_term_string\"}}],\"inLanguage\":\"es\"},{\"@type\":\"Organization\",\"@id\":\"https:\\\/\\\/el-perico.com\\\/es\\\/#organization\",\"name\":\"el perico\",\"url\":\"https:\\\/\\\/el-perico.com\\\/es\\\/\",\"logo\":{\"@type\":\"ImageObject\",\"inLanguage\":\"es\",\"@id\":\"https:\\\/\\\/el-perico.com\\\/es\\\/#\\\/schema\\\/logo\\\/image\\\/\",\"url\":\"https:\\\/\\\/el-perico.com\\\/wp-content\\\/uploads\\\/2024\\\/05\\\/ElPerico-Logo_NPM-1-e1717102187440.png\",\"contentUrl\":\"https:\\\/\\\/el-perico.com\\\/wp-content\\\/uploads\\\/2024\\\/05\\\/ElPerico-Logo_NPM-1-e1717102187440.png\",\"width\":648,\"height\":216,\"caption\":\"el perico\"},\"image\":{\"@id\":\"https:\\\/\\\/el-perico.com\\\/es\\\/#\\\/schema\\\/logo\\\/image\\\/\"},\"sameAs\":[\"https:\\\/\\\/www.facebook.com\\\/elpericoomaha\"]},{\"@type\":\"Person\",\"@id\":\"https:\\\/\\\/el-perico.com\\\/es\\\/#\\\/schema\\\/person\\\/1956e5e63b94d4bd0daf30675bdf4a93\",\"name\":\"El Perico Staff\",\"image\":{\"@type\":\"ImageObject\",\"inLanguage\":\"es\",\"@id\":\"https:\\\/\\\/secure.gravatar.com\\\/avatar\\\/701b23c665bfde9fd4d874d31feb4c16bf2ac173b2b0b7224dc39896d4cfc381?s=96&d=mm&r=g80b2efc5844e688a6ffb9340c789e4c4\",\"url\":\"https:\\\/\\\/secure.gravatar.com\\\/avatar\\\/701b23c665bfde9fd4d874d31feb4c16bf2ac173b2b0b7224dc39896d4cfc381?s=96&d=mm&r=g\",\"contentUrl\":\"https:\\\/\\\/secure.gravatar.com\\\/avatar\\\/701b23c665bfde9fd4d874d31feb4c16bf2ac173b2b0b7224dc39896d4cfc381?s=96&d=mm&r=g\",\"caption\":\"El Perico Staff\"},\"sameAs\":[\"https:\\\/\\\/el-perico.com\"],\"url\":\"https:\\\/\\\/el-perico.com\\\/es\\\/author\\\/af6f1d62_admin\\\/\"}]}<\/script>\n<!-- \/ Yoast SEO plugin. -->","yoast_head_json":{"title":"The Reader y El Perico investigan el ajustado mercado laboral de Omaha - el perico","robots":{"index":"index","follow":"follow","max-snippet":"max-snippet:-1","max-image-preview":"max-image-preview:large","max-video-preview":"max-video-preview:-1"},"canonical":"https:\/\/el-perico.com\/es\/the-reader-y-el-perico-investigan-el-ajustado-mercado-laboral-de-omaha\/","og_locale":"es_ES","og_type":"article","og_title":"The Reader y El Perico investigan el ajustado mercado laboral de Omaha - el perico","og_description":"En noviembre, Nebraska ten\u00eda la tasa de desempleo m\u00e1s baja jam\u00e1s registrada por un estado. Entonces, \u00bfpor qu\u00e9 tantas empresas est\u00e1n recortando horas y teniendo problemas para encontrar empleados? En nuestro n\u00famero de diciembre decidimos examinar m\u00e1s de cerca los elementos que empujan a la gente a salir del mercado laboral y lo que podemos [&hellip;]","og_url":"https:\/\/el-perico.com\/es\/the-reader-y-el-perico-investigan-el-ajustado-mercado-laboral-de-omaha\/","og_site_name":"el perico","article_publisher":"https:\/\/www.facebook.com\/elpericoomaha","article_published_time":"2021-12-07T17:18:09+00:00","article_modified_time":"2022-02-23T16:48:13+00:00","og_image":[{"width":423,"height":534,"url":"https:\/\/el-perico.com\/wp-content\/uploads\/2021\/12\/Screen-Shot-2021-12-02-at-4.24.00-PM-1.png","type":"image\/png"}],"author":"El Perico Staff","twitter_card":"summary_large_image","twitter_misc":{"Escrito por":"El Perico Staff","Tiempo de lectura":"2 minutos","Written by":"El Perico Staff"},"schema":{"@context":"https:\/\/schema.org","@graph":[{"@type":"Article","@id":"https:\/\/el-perico.com\/es\/the-reader-y-el-perico-investigan-el-ajustado-mercado-laboral-de-omaha\/#article","isPartOf":{"@id":"https:\/\/el-perico.com\/es\/the-reader-y-el-perico-investigan-el-ajustado-mercado-laboral-de-omaha\/"},"author":{"name":"El Perico Staff","@id":"https:\/\/el-perico.com\/es\/#\/schema\/person\/1956e5e63b94d4bd0daf30675bdf4a93"},"headline":"The Reader y El Perico investigan el ajustado mercado laboral de Omaha","datePublished":"2021-12-07T17:18:09+00:00","dateModified":"2022-02-23T16:48:13+00:00","mainEntityOfPage":{"@id":"https:\/\/el-perico.com\/es\/the-reader-y-el-perico-investigan-el-ajustado-mercado-laboral-de-omaha\/"},"wordCount":121,"commentCount":0,"publisher":{"@id":"https:\/\/el-perico.com\/es\/#organization"},"image":{"@id":"https:\/\/el-perico.com\/es\/the-reader-y-el-perico-investigan-el-ajustado-mercado-laboral-de-omaha\/#primaryimage"},"thumbnailUrl":"https:\/\/el-perico.com\/wp-content\/uploads\/2021\/12\/Screen-Shot-2021-12-02-at-4.24.00-PM-1.png","articleSection":["Reportaje","Sin categorizar"],"inLanguage":"es","potentialAction":[{"@type":"CommentAction","name":"Comment","target":["https:\/\/el-perico.com\/es\/the-reader-y-el-perico-investigan-el-ajustado-mercado-laboral-de-omaha\/#respond"]}]},{"@type":"WebPage","@id":"https:\/\/el-perico.com\/es\/the-reader-y-el-perico-investigan-el-ajustado-mercado-laboral-de-omaha\/","url":"https:\/\/el-perico.com\/es\/the-reader-y-el-perico-investigan-el-ajustado-mercado-laboral-de-omaha\/","name":"The Reader y El Perico investigan el ajustado mercado laboral de Omaha - el perico","isPartOf":{"@id":"https:\/\/el-perico.com\/es\/#website"},"primaryImageOfPage":{"@id":"https:\/\/el-perico.com\/es\/the-reader-y-el-perico-investigan-el-ajustado-mercado-laboral-de-omaha\/#primaryimage"},"image":{"@id":"https:\/\/el-perico.com\/es\/the-reader-y-el-perico-investigan-el-ajustado-mercado-laboral-de-omaha\/#primaryimage"},"thumbnailUrl":"https:\/\/el-perico.com\/wp-content\/uploads\/2021\/12\/Screen-Shot-2021-12-02-at-4.24.00-PM-1.png","datePublished":"2021-12-07T17:18:09+00:00","dateModified":"2022-02-23T16:48:13+00:00","breadcrumb":{"@id":"https:\/\/el-perico.com\/es\/the-reader-y-el-perico-investigan-el-ajustado-mercado-laboral-de-omaha\/#breadcrumb"},"inLanguage":"es","potentialAction":[{"@type":"ReadAction","target":["https:\/\/el-perico.com\/es\/the-reader-y-el-perico-investigan-el-ajustado-mercado-laboral-de-omaha\/"]}]},{"@type":"ImageObject","inLanguage":"es","@id":"https:\/\/el-perico.com\/es\/the-reader-y-el-perico-investigan-el-ajustado-mercado-laboral-de-omaha\/#primaryimage","url":"https:\/\/el-perico.com\/wp-content\/uploads\/2021\/12\/Screen-Shot-2021-12-02-at-4.24.00-PM-1.png","contentUrl":"https:\/\/el-perico.com\/wp-content\/uploads\/2021\/12\/Screen-Shot-2021-12-02-at-4.24.00-PM-1.png","width":423,"height":534},{"@type":"BreadcrumbList","@id":"https:\/\/el-perico.com\/es\/the-reader-y-el-perico-investigan-el-ajustado-mercado-laboral-de-omaha\/#breadcrumb","itemListElement":[{"@type":"ListItem","position":1,"name":"Home","item":"https:\/\/el-perico.com\/es\/"},{"@type":"ListItem","position":2,"name":"The Reader y El Perico investigan el ajustado mercado laboral de Omaha"}]},{"@type":"WebSite","@id":"https:\/\/el-perico.com\/es\/#website","url":"https:\/\/el-perico.com\/es\/","name":"el perico","description":"La plataforma original de noticias e informaci\u00f3n para la comunidad hispana de Omaha","publisher":{"@id":"https:\/\/el-perico.com\/es\/#organization"},"potentialAction":[{"@type":"SearchAction","target":{"@type":"EntryPoint","urlTemplate":"https:\/\/el-perico.com\/es\/?s={search_term_string}"},"query-input":{"@type":"PropertyValueSpecification","valueRequired":true,"valueName":"search_term_string"}}],"inLanguage":"es"},{"@type":"Organization","@id":"https:\/\/el-perico.com\/es\/#organization","name":"el perico","url":"https:\/\/el-perico.com\/es\/","logo":{"@type":"ImageObject","inLanguage":"es","@id":"https:\/\/el-perico.com\/es\/#\/schema\/logo\/image\/","url":"https:\/\/el-perico.com\/wp-content\/uploads\/2024\/05\/ElPerico-Logo_NPM-1-e1717102187440.png","contentUrl":"https:\/\/el-perico.com\/wp-content\/uploads\/2024\/05\/ElPerico-Logo_NPM-1-e1717102187440.png","width":648,"height":216,"caption":"el perico"},"image":{"@id":"https:\/\/el-perico.com\/es\/#\/schema\/logo\/image\/"},"sameAs":["https:\/\/www.facebook.com\/elpericoomaha"]},{"@type":"Person","@id":"https:\/\/el-perico.com\/es\/#\/schema\/person\/1956e5e63b94d4bd0daf30675bdf4a93","name":"El Perico Staff","image":{"@type":"ImageObject","inLanguage":"es","@id":"https:\/\/secure.gravatar.com\/avatar\/701b23c665bfde9fd4d874d31feb4c16bf2ac173b2b0b7224dc39896d4cfc381?s=96&d=mm&r=g80b2efc5844e688a6ffb9340c789e4c4","url":"https:\/\/secure.gravatar.com\/avatar\/701b23c665bfde9fd4d874d31feb4c16bf2ac173b2b0b7224dc39896d4cfc381?s=96&d=mm&r=g","contentUrl":"https:\/\/secure.gravatar.com\/avatar\/701b23c665bfde9fd4d874d31feb4c16bf2ac173b2b0b7224dc39896d4cfc381?s=96&d=mm&r=g","caption":"El Perico Staff"},"sameAs":["https:\/\/el-perico.com"],"url":"https:\/\/el-perico.com\/es\/author\/af6f1d62_admin\/"}]}},"_links":{"self":[{"href":"https:\/\/el-perico.com\/es\/wp-json\/wp\/v2\/posts\/80","targetHints":{"allow":["GET"]}}],"collection":[{"href":"https:\/\/el-perico.com\/es\/wp-json\/wp\/v2\/posts"}],"about":[{"href":"https:\/\/el-perico.com\/es\/wp-json\/wp\/v2\/types\/post"}],"author":[{"embeddable":true,"href":"https:\/\/el-perico.com\/es\/wp-json\/wp\/v2\/users\/1"}],"replies":[{"embeddable":true,"href":"https:\/\/el-perico.com\/es\/wp-json\/wp\/v2\/comments?post=80"}],"version-history":[{"count":1,"href":"https:\/\/el-perico.com\/es\/wp-json\/wp\/v2\/posts\/80\/revisions"}],"predecessor-version":[{"id":5719,"href":"https:\/\/el-perico.com\/es\/wp-json\/wp\/v2\/posts\/80\/revisions\/5719"}],"wp:featuredmedia":[{"embeddable":true,"href":"https:\/\/el-perico.com\/es\/wp-json\/wp\/v2\/media\/81"}],"wp:attachment":[{"href":"https:\/\/el-perico.com\/es\/wp-json\/wp\/v2\/media?parent=80"}],"wp:term":[{"taxonomy":"category","embeddable":true,"href":"https:\/\/el-perico.com\/es\/wp-json\/wp\/v2\/categories?post=80"},{"taxonomy":"post_tag","embeddable":true,"href":"https:\/\/el-perico.com\/es\/wp-json\/wp\/v2\/tags?post=80"},{"taxonomy":"newspack_spnsrs_tax","embeddable":true,"href":"https:\/\/el-perico.com\/es\/wp-json\/wp\/v2\/newspack_spnsrs_tax?post=80"},{"taxonomy":"author","embeddable":true,"href":"https:\/\/el-perico.com\/es\/wp-json\/wp\/v2\/coauthors?post=80"}],"curies":[{"name":"wp","href":"https:\/\/api.w.org\/{rel}","templated":true}]}}