{"id":7978,"date":"2022-04-26T10:48:48","date_gmt":"2022-04-26T14:48:48","guid":{"rendered":"https:\/\/el-perico.com\/?p=7978"},"modified":"2022-04-27T11:10:38","modified_gmt":"2022-04-27T15:10:38","slug":"leah-schneider-moreno-abre-el-centro-hispano-de-arte-en-omaha","status":"publish","type":"post","link":"https:\/\/el-perico.com\/es\/leah-schneider-moreno-abre-el-centro-hispano-de-arte-en-omaha\/","title":{"rendered":"Leah Schneider Moreno abre el Centro Hispano de Arte en Omaha"},"content":{"rendered":"\n<p>Leah Schneider Moreno sab\u00eda que quer\u00eda ser maestra de baile desde su primera clase de danza folcl\u00f3rica mexicana a sus cinco a\u00f1os.<\/p>\n\n\n\n<p>\u00abTienes que agarrar la falda de esa manera &#8230; tienes que poner tu postura de manera diferente\u00bb, les dec\u00eda Moreno a sus compa\u00f1eros mientras aprend\u00edan bailes en su ciudad natal de Pericos, un peque\u00f1o pueblo frente a la costa del Pac\u00edfico en el estado mexicano de Nayarit.<\/p>\n\n\n\n<p>\u00abRecuerdo que mi maestra me dijo: &#8216;T\u00fa tambi\u00e9n tienes que trabajar en tu postura'\u00bb, dijo con una sonrisa.<\/p>\n\n\n\n<p>Cuando Moreno se mud\u00f3 a Omaha en 2001, trajo consigo su amor por la danza tradicional. Ahora, durante casi dos d\u00e9cadas, la mujer de 46 a\u00f1os ha ense\u00f1ado folclore mexicano en toda el \u00e1rea metropolitana, incluso con su Academia Mexicana de Danza de Nebraska ubicada en 1822 Vinton St.<\/p>\n\n\n\n<p>Cuando COVID-19 cerr\u00f3 la academia en marzo de 2020 comenz\u00f3 a so\u00f1ar con su pr\u00f3ximo movimiento, no solo para sus bailarines, sino para toda la comunidad latina. Ahora, le est\u00e1 trayendo a Omaha un nuevo escenario en un edificio similar a un castillo en la esquina de 35th y Center Street.<\/p>\n\n\n\n<p>As\u00ed que decidi\u00f3 abrir en marzo <a href=\"https:\/\/www.facebook.com\/Hispanic-Art-Center-of-Omaha-109960531494154\">el Centro de Arte Hispano de Omaha<\/a> en 3504 Center St (antiguo Teatro Del Centro), un espacio que ofrecer\u00e1 capacitaci\u00f3n en m\u00fasica y teatro para todas las edades.&nbsp;&nbsp;Actualmente est\u00e1 en proceso de ser una organizaci\u00f3n sin fines de lucro (ONG).<\/p>\n\n\n\n<div class=\"wp-block-image\"><figure class=\"aligncenter size-large is-resized\"><img loading=\"lazy\" decoding=\"async\" src=\"https:\/\/el-perico.com\/wp-content\/uploads\/2022\/04\/4-IMG_1355-2-2-1024x683.jpg\" alt=\"\" class=\"wp-image-7979\" width=\"615\" height=\"410\" srcset=\"https:\/\/el-perico.com\/wp-content\/uploads\/2022\/04\/4-IMG_1355-2-2-1024x683.jpg 1024w, https:\/\/el-perico.com\/wp-content\/uploads\/2022\/04\/4-IMG_1355-2-2-300x200.jpg 300w, https:\/\/el-perico.com\/wp-content\/uploads\/2022\/04\/4-IMG_1355-2-2-768x512.jpg 768w, https:\/\/el-perico.com\/wp-content\/uploads\/2022\/04\/4-IMG_1355-2-2-1536x1024.jpg 1536w, https:\/\/el-perico.com\/wp-content\/uploads\/2022\/04\/4-IMG_1355-2-2-2048x1365.jpg 2048w, https:\/\/el-perico.com\/wp-content\/uploads\/2022\/04\/4-IMG_1355-2-2-1200x800.jpg 1200w, https:\/\/el-perico.com\/wp-content\/uploads\/2022\/04\/4-IMG_1355-2-2-1568x1045.jpg 1568w, https:\/\/el-perico.com\/wp-content\/uploads\/2022\/04\/4-IMG_1355-2-2-400x267.jpg 400w\" sizes=\"auto, (max-width: 615px) 100vw, 615px\" \/><figcaption>Leah Schneider Moreno en el Centro de Arte Hispano de Omaha, ubicado en la calle Center 3204. Foto por Bridget Fogarty.<\/figcaption><\/figure><\/div>\n\n\n\n<p>Como a\u00fan est\u00e1 en proceso de acondicionamiento, el espacio contar\u00e1 con un escenario de \u00faltima generaci\u00f3n, un auditorio, un estudio de danza y camerinos.<\/p>\n\n\n\n<p>En cuanto al costo de las clases, Moreno dijo que est\u00e1 por definirse, sin embargo ser\u00e1n complemente amigable al bolsillo de todos, especialmente para los inmigrantes.<\/p>\n\n\n\n<p>\u00abCreo en nuestra comunidad\u00bb, dijo Moreno. \u00abRealmente necesita este tipo de lugar\u00bb.<\/p>\n\n\n\n<h2 class=\"wp-block-heading\"><strong>\u00abLa danza me hace sentir libre\u00bb<\/strong><\/h2>\n\n\n\n<p>Moreno se esfuerza por dar a sus estudiantes lo que la danza le dio cuando era ni\u00f1a: un espacio para sentirse libre, segura y m\u00e1s como ella misma.&nbsp;Desde muy joven supo que era una persona trans. \u00abPero para ser aceptada ten\u00eda que actuar de una manera diferente\u00bb, dijo Moreno.<\/p>\n\n\n\n<p>En la danza folcl\u00f3rica, los hombres deben mostrar fuerza mientras que las mujeres suavizan el ritual con movimientos delicados, dijo Moreno. Pero incluso movi\u00e9ndose dentro de estos tipos binarios, la danza le dio a Moreno una forma de expresarse en un mundo que no aceptaba a la comunidad LGBTQ+.<\/p>\n\n\n\n<p>\u00abComo mujer trans, siempre me he sentido segregada\u00bb, dijo. \u00abMe enamor\u00e9 de la danza, porque la danza me hace sentir libre\u00bb.<\/p>\n\n\n\n<p>En su ciudad costera de Pericos, seguir una carrera como bailarina costoso: la danza y otras formas de arte son m\u00e1s accesibles en una gran ciudad, dijo Moreno. Se mud\u00f3 a Tepic, la capital de Nayarit, para formarse como bailarina profesional e impartir clases de danza, y se le concedi\u00f3 la oportunidad de actuar en una compa\u00f1\u00eda de danza que viajaba por el mundo.<\/p>\n\n\n\n<p>Pero su futuro cambi\u00f3 una noche de agosto de 2001.<\/p>\n\n\n\n<p>Mientras caminaba a casa despu\u00e9s de una boda en un pueblo cerca de su ciudad natal, Moreno fue secuestrada por un grupo de hombres, empujada a un cami\u00f3n y conducida en la oscuridad a un \u00e1rea aislada. Los hombres la ataron a un \u00e1rbol y durante casi tres d\u00edas permaneci\u00f3 all\u00ed, sufriendo violentas agresiones por parte de los hombres debido a su identidad como mujer trans.<\/p>\n\n\n\n<p>Cuando los hombres finalmente la dejaron ir, ella supo que ten\u00eda que irse de M\u00e9xico para protegerse a s\u00ed misma y a su familia. Con su visa de Estados Unidos que le hab\u00edan otorgado para su compa\u00f1\u00eda de danza itinerante, cruz\u00f3 la frontera de M\u00e9xico hacia California y continu\u00f3 hacia Nebraska.<\/p>\n\n\n\n<h2 class=\"wp-block-heading\"><strong>Encontrar hogar en Omaha<\/strong><\/h2>\n\n\n\n<figure class=\"wp-block-image size-large\"><img loading=\"lazy\" decoding=\"async\" width=\"1024\" height=\"683\" src=\"https:\/\/el-perico.com\/wp-content\/uploads\/2022\/04\/LeahMoreno2-1-1024x683.jpg\" alt=\"\" class=\"wp-image-7981\" srcset=\"https:\/\/el-perico.com\/wp-content\/uploads\/2022\/04\/LeahMoreno2-1-1024x683.jpg 1024w, https:\/\/el-perico.com\/wp-content\/uploads\/2022\/04\/LeahMoreno2-1-300x200.jpg 300w, https:\/\/el-perico.com\/wp-content\/uploads\/2022\/04\/LeahMoreno2-1-768x512.jpg 768w, https:\/\/el-perico.com\/wp-content\/uploads\/2022\/04\/LeahMoreno2-1-1536x1024.jpg 1536w, https:\/\/el-perico.com\/wp-content\/uploads\/2022\/04\/LeahMoreno2-1-2048x1366.jpg 2048w, https:\/\/el-perico.com\/wp-content\/uploads\/2022\/04\/LeahMoreno2-1-1200x800.jpg 1200w, https:\/\/el-perico.com\/wp-content\/uploads\/2022\/04\/LeahMoreno2-1-1568x1046.jpg 1568w, https:\/\/el-perico.com\/wp-content\/uploads\/2022\/04\/LeahMoreno2-1-400x267.jpg 400w\" sizes=\"auto, (max-width: 1024px) 100vw, 1024px\" \/><figcaption>Foto por Bridget Fogarty en marzo 2022.<\/figcaption><\/figure>\n\n\n\n<p>Moreno lleg\u00f3 a Nebraska sin hablar ingl\u00e9s y tem\u00eda que llegara m\u00e1s violencia despu\u00e9s de su secuestro. Al comienzo en Omaha, dorm\u00eda en el piso de una amiga con solo una manta y caminaba o tomaba el autob\u00fas hasta el centro de cuidado infantil en el que trabajaba.<\/p>\n\n\n\n<p>Un d\u00eda, mientras le\u00eda El Perico, vio un anuncio para profesores de baile que la llev\u00f3 a tener la oportunidad de ense\u00f1ar con Marcos Mora. Su experiencia como artista la present\u00f3 a otros miembros de la comunidad apasionados por el fortalecimiento de las artes en el sur de Omaha. Durante a\u00f1os, dirigi\u00f3 grupos de baile en los s\u00f3tanos de las tiendas en South 24th Street hasta que finalmente abri\u00f3 la Academia Mexicana de Danza de Nebraska en Vinton Street.<\/p>\n\n\n\n<p>Todas las experiencias de su vida la fortalecieron y la llevaron a donde est\u00e1 hoy. Conoci\u00f3 a su esposo, se convirti\u00f3 en madre de su hijo y ha podido verter su amor por las artes hispanas en la comunidad de Omaha.<\/p>\n\n\n\n<figure class=\"wp-block-image size-large\"><img loading=\"lazy\" decoding=\"async\" width=\"1024\" height=\"827\" src=\"https:\/\/el-perico.com\/wp-content\/uploads\/2022\/04\/LeahMoreno4-2-1024x827.jpg\" alt=\"\" class=\"wp-image-7985\" srcset=\"https:\/\/el-perico.com\/wp-content\/uploads\/2022\/04\/LeahMoreno4-2-1024x827.jpg 1024w, https:\/\/el-perico.com\/wp-content\/uploads\/2022\/04\/LeahMoreno4-2-300x242.jpg 300w, https:\/\/el-perico.com\/wp-content\/uploads\/2022\/04\/LeahMoreno4-2-768x620.jpg 768w, https:\/\/el-perico.com\/wp-content\/uploads\/2022\/04\/LeahMoreno4-2-1536x1240.jpg 1536w, https:\/\/el-perico.com\/wp-content\/uploads\/2022\/04\/LeahMoreno4-2-2048x1654.jpg 2048w, https:\/\/el-perico.com\/wp-content\/uploads\/2022\/04\/LeahMoreno4-2-1200x969.jpg 1200w, https:\/\/el-perico.com\/wp-content\/uploads\/2022\/04\/LeahMoreno4-2-1568x1266.jpg 1568w, https:\/\/el-perico.com\/wp-content\/uploads\/2022\/04\/LeahMoreno4-2-400x323.jpg 400w\" sizes=\"auto, (max-width: 1024px) 100vw, 1024px\" \/><figcaption>Leah Schneider Moreno y su esposo, Milton Schneider, caminan en la nueva sala de baile en el Centro de Arte Hispano de Omaha en marzo 2022. Foto por Bridget Fogarty.<\/figcaption><\/figure>\n\n\n\n<p>\u00abTengo muchas razones para ser feliz en la vida\u00bb, dijo. \u00abEl pasado duro est\u00e1 lejos\u00bb.<\/p>\n\n\n\n<p>Moreno comparte su historia para dar voz a otras personas en Omaha que han sufrido agresiones debido a su g\u00e9nero. Ella lo comparte para otros inmigrantes en Omaha que tambi\u00e9n huyeron de su pa\u00eds debido a la violencia.<\/p>\n\n\n\n<p>Moreno dijo que la comunidad latina de Omaha todav\u00eda tiene un camino por recorrer para aceptar m\u00e1s a la comunidad LGBTQ +.<\/p>\n\n\n\n<h2 class=\"wp-block-heading\"><strong>\u00abSoy una embajadora de mi cultura\u00bb<\/strong><\/h2>\n\n\n\n<p>La t\u00e9cnica y la tradici\u00f3n siempre han sido los focos principales de las clases de baile de Moreno.<\/p>\n\n\n\n<p>Ella y su personal ense\u00f1an a los estudiantes estilos tradicionales de regiones de los estados de M\u00e9xico. Cada estilo difiere en el zapateado, el juego de pies y las t\u00e9cnicas de tapping que se han transmitido a trav\u00e9s de los antepasados de cada regi\u00f3n, ya sean ind\u00edgenas, europeos, afro o mestizos.<\/p>\n\n\n\n<p>\u00abEstamos ense\u00f1ando historia, estamos ense\u00f1ando sobre la danza, c\u00f3mo las diferentes culturas la mezclan\u00bb, dijo. \u00abSiento esa responsabilidad, porque siento que soy un embajador de mi cultura\u00bb.<\/p>\n\n\n\n<p>Ella tambi\u00e9n pasa esa responsabilidad a sus estudiantes, dici\u00e9ndoles: \u00abTe estoy preparando para ser el embajador de las nuevas generaciones\u00bb.<\/p>\n\n\n\n<p>Mar\u00eda Sosa era t\u00edmida cuando comenz\u00f3 a tomar clases de baile con Moreno a los 5 a\u00f1os.<\/p>\n\n\n\n<p>\u00abLeah ayuda a sus estudiantes a salir de ese caparaz\u00f3n\u00bb, dijo Sosa, quien ahora trabaja como maestra de baile en el personal de Moreno. \u00abElla te ayuda a encontrar esa confianza que tienes dentro de ti mismo\u00bb.<\/p>\n\n\n\n<p>Marina Rosado, periodista y presentadora principal de Telemundo Nebraska, conoce a Moreno desde hace casi 20 a\u00f1os como artista, empresaria y amiga.<\/p>\n\n\n\n<p>\u00abEn innumerables ocasiones he visto la forma \u00fanica en que trabaja, la paciencia con la que ense\u00f1a a ni\u00f1os y adultos, y la disciplina que se exige a s\u00ed misma\u00bb, dijo Rosado. \u00abEn todas esas ocasiones, Leah hace magia con muy pocos recursos\u00bb.<\/p>\n\n\n\n<p>El nuevo centro le dar\u00e1 a la comunidad hispana de Omaha la oportunidad de compartir sus talentos y tradiciones de Am\u00e9rica Latina a trav\u00e9s de muchas disciplinas del arte, dijo.<\/p>\n\n\n\n<p>\u00abEstoy muy emocionada de pensar que despu\u00e9s de tocar muchas puertas y trabajar incansablemente, Leah tiene su propio escenario, un escenario que generosamente pone a disposici\u00f3n de cualquiera que comparta su amor por el arte y la cultura, sin etiquetas, ilimitado\u00bb, dijo Rosado.<\/p>\n\n\n\n<figure class=\"wp-block-image size-large\"><img loading=\"lazy\" decoding=\"async\" width=\"1024\" height=\"654\" src=\"https:\/\/el-perico.com\/wp-content\/uploads\/2022\/04\/IMG_9063-2-1024x654.jpg\" alt=\"\" class=\"wp-image-7983\" srcset=\"https:\/\/el-perico.com\/wp-content\/uploads\/2022\/04\/IMG_9063-2-1024x654.jpg 1024w, https:\/\/el-perico.com\/wp-content\/uploads\/2022\/04\/IMG_9063-2-300x192.jpg 300w, https:\/\/el-perico.com\/wp-content\/uploads\/2022\/04\/IMG_9063-2-768x491.jpg 768w, https:\/\/el-perico.com\/wp-content\/uploads\/2022\/04\/IMG_9063-2-1536x982.jpg 1536w, https:\/\/el-perico.com\/wp-content\/uploads\/2022\/04\/IMG_9063-2-2048x1309.jpg 2048w, https:\/\/el-perico.com\/wp-content\/uploads\/2022\/04\/IMG_9063-2-1200x767.jpg 1200w, https:\/\/el-perico.com\/wp-content\/uploads\/2022\/04\/IMG_9063-2-1568x1002.jpg 1568w, https:\/\/el-perico.com\/wp-content\/uploads\/2022\/04\/IMG_9063-2-400x256.jpg 400w\" sizes=\"auto, (max-width: 1024px) 100vw, 1024px\" \/><figcaption>Familias asistieron un evento en marzo para aprender m\u00e1s sobre las clases y los programas que ofrece el Centro de Arte Hispano de Omaha. Foto por Bridget Fogarty.<\/figcaption><\/figure>\n","protected":false},"excerpt":{"rendered":"<p>Leah Schneider Moreno sab\u00eda que quer\u00eda ser maestra de baile desde su primera clase de danza folcl\u00f3rica mexicana a sus cinco a\u00f1os. \u00abTienes que agarrar la falda de esa manera &#8230; tienes que poner tu postura de manera diferente\u00bb, les dec\u00eda Moreno a sus compa\u00f1eros mientras aprend\u00edan bailes en su ciudad natal de Pericos, un [&hellip;]<\/p>\n","protected":false},"author":26,"featured_media":7979,"comment_status":"open","ping_status":"closed","sticky":true,"template":"","format":"standard","meta":{"newspack_ads_suppress_ads":false,"_newspack_byline_active":false,"_newspack_byline":"","newspack_hide_updated_date":false,"newspack_show_updated_date":false,"newspack_content_restriction_is_exempt":false,"newspack_featured_image_position":"behind","newspack_post_subtitle":"","newspack_article_summary_title":"Overview:","newspack_article_summary":"","footnotes":""},"categories":[42,1226],"tags":[1334,1335,1336],"newspack_spnsrs_tax":[],"coauthors":[1297],"class_list":["post-7978","post","type-post","status-publish","format-standard","has-post-thumbnail","hentry","category-cultura","category-sin-categorizar","tag-leah-schneider-moreno-2","tag-omaha","tag-south-omaha-2","entry"],"yoast_head":"<!-- This site is optimized with the Yoast SEO plugin v27.5 - https:\/\/yoast.com\/product\/yoast-seo-wordpress\/ -->\n<title>Leah Schneider Moreno abre el Centro Hispano de Arte en Omaha - el perico<\/title>\n<meta name=\"robots\" content=\"index, follow, max-snippet:-1, max-image-preview:large, max-video-preview:-1\" \/>\n<link rel=\"canonical\" href=\"https:\/\/el-perico.com\/es\/leah-schneider-moreno-abre-el-centro-hispano-de-arte-en-omaha\/\" \/>\n<meta property=\"og:locale\" content=\"es_ES\" \/>\n<meta property=\"og:type\" content=\"article\" \/>\n<meta property=\"og:title\" content=\"Leah Schneider Moreno abre el Centro Hispano de Arte en Omaha - el perico\" \/>\n<meta property=\"og:description\" content=\"Leah Schneider Moreno sab\u00eda que quer\u00eda ser maestra de baile desde su primera clase de danza folcl\u00f3rica mexicana a sus cinco a\u00f1os. \u00abTienes que agarrar la falda de esa manera &#8230; tienes que poner tu postura de manera diferente\u00bb, les dec\u00eda Moreno a sus compa\u00f1eros mientras aprend\u00edan bailes en su ciudad natal de Pericos, un [&hellip;]\" \/>\n<meta property=\"og:url\" content=\"https:\/\/el-perico.com\/es\/leah-schneider-moreno-abre-el-centro-hispano-de-arte-en-omaha\/\" \/>\n<meta property=\"og:site_name\" content=\"el perico\" \/>\n<meta property=\"article:publisher\" content=\"https:\/\/www.facebook.com\/elpericoomaha\" \/>\n<meta property=\"article:published_time\" content=\"2022-04-26T14:48:48+00:00\" \/>\n<meta property=\"article:modified_time\" content=\"2022-04-27T15:10:38+00:00\" \/>\n<meta property=\"og:image\" content=\"https:\/\/el-perico.com\/wp-content\/uploads\/2022\/04\/4-IMG_1355-2-2-scaled.jpg\" \/>\n\t<meta property=\"og:image:width\" content=\"2560\" \/>\n\t<meta property=\"og:image:height\" content=\"1707\" \/>\n\t<meta property=\"og:image:type\" content=\"image\/jpeg\" \/>\n<meta name=\"author\" content=\"Bridget Fogarty, Report for America Corps Member\" \/>\n<meta name=\"twitter:card\" content=\"summary_large_image\" \/>\n<meta name=\"twitter:label1\" content=\"Escrito por\" \/>\n\t<meta name=\"twitter:data1\" content=\"Bridget Fogarty, Report for America Corps Member\" \/>\n\t<meta name=\"twitter:label2\" content=\"Tiempo de lectura\" \/>\n\t<meta name=\"twitter:data2\" content=\"7 minutos\" \/>\n\t<meta name=\"twitter:label3\" content=\"Written by\" \/>\n\t<meta name=\"twitter:data3\" content=\"Bridget Fogarty, Report for America Corps Member\" \/>\n<script type=\"application\/ld+json\" class=\"yoast-schema-graph\">{\"@context\":\"https:\\\/\\\/schema.org\",\"@graph\":[{\"@type\":\"Article\",\"@id\":\"https:\\\/\\\/el-perico.com\\\/es\\\/leah-schneider-moreno-abre-el-centro-hispano-de-arte-en-omaha\\\/#article\",\"isPartOf\":{\"@id\":\"https:\\\/\\\/el-perico.com\\\/es\\\/leah-schneider-moreno-abre-el-centro-hispano-de-arte-en-omaha\\\/\"},\"author\":{\"name\":\"Bridget Fogarty, Report for America Corps Member\",\"@id\":\"https:\\\/\\\/el-perico.com\\\/es\\\/#\\\/schema\\\/person\\\/c3c9a4c7cd6206a5b46fb472eff94bba\"},\"headline\":\"Leah Schneider Moreno abre el Centro Hispano de Arte en Omaha\",\"datePublished\":\"2022-04-26T14:48:48+00:00\",\"dateModified\":\"2022-04-27T15:10:38+00:00\",\"mainEntityOfPage\":{\"@id\":\"https:\\\/\\\/el-perico.com\\\/es\\\/leah-schneider-moreno-abre-el-centro-hispano-de-arte-en-omaha\\\/\"},\"wordCount\":1338,\"commentCount\":0,\"publisher\":{\"@id\":\"https:\\\/\\\/el-perico.com\\\/es\\\/#organization\"},\"image\":{\"@id\":\"https:\\\/\\\/el-perico.com\\\/es\\\/leah-schneider-moreno-abre-el-centro-hispano-de-arte-en-omaha\\\/#primaryimage\"},\"thumbnailUrl\":\"https:\\\/\\\/el-perico.com\\\/wp-content\\\/uploads\\\/2022\\\/04\\\/4-IMG_1355-2-2-scaled.jpg\",\"keywords\":[\"Leah Schneider Moreno\",\"Omaha\",\"South Omaha\"],\"articleSection\":[\"Cultura\",\"Sin categorizar\"],\"inLanguage\":\"es\",\"potentialAction\":[{\"@type\":\"CommentAction\",\"name\":\"Comment\",\"target\":[\"https:\\\/\\\/el-perico.com\\\/es\\\/leah-schneider-moreno-abre-el-centro-hispano-de-arte-en-omaha\\\/#respond\"]}]},{\"@type\":\"WebPage\",\"@id\":\"https:\\\/\\\/el-perico.com\\\/es\\\/leah-schneider-moreno-abre-el-centro-hispano-de-arte-en-omaha\\\/\",\"url\":\"https:\\\/\\\/el-perico.com\\\/es\\\/leah-schneider-moreno-abre-el-centro-hispano-de-arte-en-omaha\\\/\",\"name\":\"Leah Schneider Moreno abre el Centro Hispano de Arte en Omaha - el perico\",\"isPartOf\":{\"@id\":\"https:\\\/\\\/el-perico.com\\\/es\\\/#website\"},\"primaryImageOfPage\":{\"@id\":\"https:\\\/\\\/el-perico.com\\\/es\\\/leah-schneider-moreno-abre-el-centro-hispano-de-arte-en-omaha\\\/#primaryimage\"},\"image\":{\"@id\":\"https:\\\/\\\/el-perico.com\\\/es\\\/leah-schneider-moreno-abre-el-centro-hispano-de-arte-en-omaha\\\/#primaryimage\"},\"thumbnailUrl\":\"https:\\\/\\\/el-perico.com\\\/wp-content\\\/uploads\\\/2022\\\/04\\\/4-IMG_1355-2-2-scaled.jpg\",\"datePublished\":\"2022-04-26T14:48:48+00:00\",\"dateModified\":\"2022-04-27T15:10:38+00:00\",\"breadcrumb\":{\"@id\":\"https:\\\/\\\/el-perico.com\\\/es\\\/leah-schneider-moreno-abre-el-centro-hispano-de-arte-en-omaha\\\/#breadcrumb\"},\"inLanguage\":\"es\",\"potentialAction\":[{\"@type\":\"ReadAction\",\"target\":[\"https:\\\/\\\/el-perico.com\\\/es\\\/leah-schneider-moreno-abre-el-centro-hispano-de-arte-en-omaha\\\/\"]}]},{\"@type\":\"ImageObject\",\"inLanguage\":\"es\",\"@id\":\"https:\\\/\\\/el-perico.com\\\/es\\\/leah-schneider-moreno-abre-el-centro-hispano-de-arte-en-omaha\\\/#primaryimage\",\"url\":\"https:\\\/\\\/el-perico.com\\\/wp-content\\\/uploads\\\/2022\\\/04\\\/4-IMG_1355-2-2-scaled.jpg\",\"contentUrl\":\"https:\\\/\\\/el-perico.com\\\/wp-content\\\/uploads\\\/2022\\\/04\\\/4-IMG_1355-2-2-scaled.jpg\",\"width\":2560,\"height\":1707},{\"@type\":\"BreadcrumbList\",\"@id\":\"https:\\\/\\\/el-perico.com\\\/es\\\/leah-schneider-moreno-abre-el-centro-hispano-de-arte-en-omaha\\\/#breadcrumb\",\"itemListElement\":[{\"@type\":\"ListItem\",\"position\":1,\"name\":\"Home\",\"item\":\"https:\\\/\\\/el-perico.com\\\/es\\\/\"},{\"@type\":\"ListItem\",\"position\":2,\"name\":\"Leah Schneider Moreno abre el Centro Hispano de Arte en Omaha\"}]},{\"@type\":\"WebSite\",\"@id\":\"https:\\\/\\\/el-perico.com\\\/es\\\/#website\",\"url\":\"https:\\\/\\\/el-perico.com\\\/es\\\/\",\"name\":\"el perico\",\"description\":\"La plataforma original de noticias e informaci\u00f3n para la comunidad hispana de Omaha\",\"publisher\":{\"@id\":\"https:\\\/\\\/el-perico.com\\\/es\\\/#organization\"},\"potentialAction\":[{\"@type\":\"SearchAction\",\"target\":{\"@type\":\"EntryPoint\",\"urlTemplate\":\"https:\\\/\\\/el-perico.com\\\/es\\\/?s={search_term_string}\"},\"query-input\":{\"@type\":\"PropertyValueSpecification\",\"valueRequired\":true,\"valueName\":\"search_term_string\"}}],\"inLanguage\":\"es\"},{\"@type\":\"Organization\",\"@id\":\"https:\\\/\\\/el-perico.com\\\/es\\\/#organization\",\"name\":\"el perico\",\"url\":\"https:\\\/\\\/el-perico.com\\\/es\\\/\",\"logo\":{\"@type\":\"ImageObject\",\"inLanguage\":\"es\",\"@id\":\"https:\\\/\\\/el-perico.com\\\/es\\\/#\\\/schema\\\/logo\\\/image\\\/\",\"url\":\"https:\\\/\\\/el-perico.com\\\/wp-content\\\/uploads\\\/2024\\\/05\\\/ElPerico-Logo_NPM-1-e1717102187440.png\",\"contentUrl\":\"https:\\\/\\\/el-perico.com\\\/wp-content\\\/uploads\\\/2024\\\/05\\\/ElPerico-Logo_NPM-1-e1717102187440.png\",\"width\":648,\"height\":216,\"caption\":\"el perico\"},\"image\":{\"@id\":\"https:\\\/\\\/el-perico.com\\\/es\\\/#\\\/schema\\\/logo\\\/image\\\/\"},\"sameAs\":[\"https:\\\/\\\/www.facebook.com\\\/elpericoomaha\"]},{\"@type\":\"Person\",\"@id\":\"https:\\\/\\\/el-perico.com\\\/es\\\/#\\\/schema\\\/person\\\/c3c9a4c7cd6206a5b46fb472eff94bba\",\"name\":\"Bridget Fogarty, Report for America Corps Member\",\"image\":{\"@type\":\"ImageObject\",\"inLanguage\":\"es\",\"@id\":\"https:\\\/\\\/secure.gravatar.com\\\/avatar\\\/cd24cc6ab228b710e2b4d7220545b2b721779200a44f3e80f3c94559fe9a16cb?s=96&d=mm&r=ged5896247ed259e9e7dbf3d4b3b2e52d\",\"url\":\"https:\\\/\\\/secure.gravatar.com\\\/avatar\\\/cd24cc6ab228b710e2b4d7220545b2b721779200a44f3e80f3c94559fe9a16cb?s=96&d=mm&r=g\",\"contentUrl\":\"https:\\\/\\\/secure.gravatar.com\\\/avatar\\\/cd24cc6ab228b710e2b4d7220545b2b721779200a44f3e80f3c94559fe9a16cb?s=96&d=mm&r=g\",\"caption\":\"Bridget Fogarty, Report for America Corps Member\"},\"description\":\"Bridget Fogarty is a Report for America Corps member reporting with El Perico and its English sister publication The Reader.\",\"url\":\"https:\\\/\\\/el-perico.com\\\/es\\\/author\\\/bridget-fogarty\\\/\"}]}<\/script>\n<!-- \/ Yoast SEO plugin. -->","yoast_head_json":{"title":"Leah Schneider Moreno abre el Centro Hispano de Arte en Omaha - el perico","robots":{"index":"index","follow":"follow","max-snippet":"max-snippet:-1","max-image-preview":"max-image-preview:large","max-video-preview":"max-video-preview:-1"},"canonical":"https:\/\/el-perico.com\/es\/leah-schneider-moreno-abre-el-centro-hispano-de-arte-en-omaha\/","og_locale":"es_ES","og_type":"article","og_title":"Leah Schneider Moreno abre el Centro Hispano de Arte en Omaha - el perico","og_description":"Leah Schneider Moreno sab\u00eda que quer\u00eda ser maestra de baile desde su primera clase de danza folcl\u00f3rica mexicana a sus cinco a\u00f1os. \u00abTienes que agarrar la falda de esa manera &#8230; tienes que poner tu postura de manera diferente\u00bb, les dec\u00eda Moreno a sus compa\u00f1eros mientras aprend\u00edan bailes en su ciudad natal de Pericos, un [&hellip;]","og_url":"https:\/\/el-perico.com\/es\/leah-schneider-moreno-abre-el-centro-hispano-de-arte-en-omaha\/","og_site_name":"el perico","article_publisher":"https:\/\/www.facebook.com\/elpericoomaha","article_published_time":"2022-04-26T14:48:48+00:00","article_modified_time":"2022-04-27T15:10:38+00:00","og_image":[{"width":2560,"height":1707,"url":"https:\/\/el-perico.com\/wp-content\/uploads\/2022\/04\/4-IMG_1355-2-2-scaled.jpg","type":"image\/jpeg"}],"author":"Bridget Fogarty, Report for America Corps Member","twitter_card":"summary_large_image","twitter_misc":{"Escrito por":"Bridget Fogarty, Report for America Corps Member","Tiempo de lectura":"7 minutos","Written by":"Bridget Fogarty, Report for America Corps Member"},"schema":{"@context":"https:\/\/schema.org","@graph":[{"@type":"Article","@id":"https:\/\/el-perico.com\/es\/leah-schneider-moreno-abre-el-centro-hispano-de-arte-en-omaha\/#article","isPartOf":{"@id":"https:\/\/el-perico.com\/es\/leah-schneider-moreno-abre-el-centro-hispano-de-arte-en-omaha\/"},"author":{"name":"Bridget Fogarty, Report for America Corps Member","@id":"https:\/\/el-perico.com\/es\/#\/schema\/person\/c3c9a4c7cd6206a5b46fb472eff94bba"},"headline":"Leah Schneider Moreno abre el Centro Hispano de Arte en Omaha","datePublished":"2022-04-26T14:48:48+00:00","dateModified":"2022-04-27T15:10:38+00:00","mainEntityOfPage":{"@id":"https:\/\/el-perico.com\/es\/leah-schneider-moreno-abre-el-centro-hispano-de-arte-en-omaha\/"},"wordCount":1338,"commentCount":0,"publisher":{"@id":"https:\/\/el-perico.com\/es\/#organization"},"image":{"@id":"https:\/\/el-perico.com\/es\/leah-schneider-moreno-abre-el-centro-hispano-de-arte-en-omaha\/#primaryimage"},"thumbnailUrl":"https:\/\/el-perico.com\/wp-content\/uploads\/2022\/04\/4-IMG_1355-2-2-scaled.jpg","keywords":["Leah Schneider Moreno","Omaha","South Omaha"],"articleSection":["Cultura","Sin categorizar"],"inLanguage":"es","potentialAction":[{"@type":"CommentAction","name":"Comment","target":["https:\/\/el-perico.com\/es\/leah-schneider-moreno-abre-el-centro-hispano-de-arte-en-omaha\/#respond"]}]},{"@type":"WebPage","@id":"https:\/\/el-perico.com\/es\/leah-schneider-moreno-abre-el-centro-hispano-de-arte-en-omaha\/","url":"https:\/\/el-perico.com\/es\/leah-schneider-moreno-abre-el-centro-hispano-de-arte-en-omaha\/","name":"Leah Schneider Moreno abre el Centro Hispano de Arte en Omaha - el perico","isPartOf":{"@id":"https:\/\/el-perico.com\/es\/#website"},"primaryImageOfPage":{"@id":"https:\/\/el-perico.com\/es\/leah-schneider-moreno-abre-el-centro-hispano-de-arte-en-omaha\/#primaryimage"},"image":{"@id":"https:\/\/el-perico.com\/es\/leah-schneider-moreno-abre-el-centro-hispano-de-arte-en-omaha\/#primaryimage"},"thumbnailUrl":"https:\/\/el-perico.com\/wp-content\/uploads\/2022\/04\/4-IMG_1355-2-2-scaled.jpg","datePublished":"2022-04-26T14:48:48+00:00","dateModified":"2022-04-27T15:10:38+00:00","breadcrumb":{"@id":"https:\/\/el-perico.com\/es\/leah-schneider-moreno-abre-el-centro-hispano-de-arte-en-omaha\/#breadcrumb"},"inLanguage":"es","potentialAction":[{"@type":"ReadAction","target":["https:\/\/el-perico.com\/es\/leah-schneider-moreno-abre-el-centro-hispano-de-arte-en-omaha\/"]}]},{"@type":"ImageObject","inLanguage":"es","@id":"https:\/\/el-perico.com\/es\/leah-schneider-moreno-abre-el-centro-hispano-de-arte-en-omaha\/#primaryimage","url":"https:\/\/el-perico.com\/wp-content\/uploads\/2022\/04\/4-IMG_1355-2-2-scaled.jpg","contentUrl":"https:\/\/el-perico.com\/wp-content\/uploads\/2022\/04\/4-IMG_1355-2-2-scaled.jpg","width":2560,"height":1707},{"@type":"BreadcrumbList","@id":"https:\/\/el-perico.com\/es\/leah-schneider-moreno-abre-el-centro-hispano-de-arte-en-omaha\/#breadcrumb","itemListElement":[{"@type":"ListItem","position":1,"name":"Home","item":"https:\/\/el-perico.com\/es\/"},{"@type":"ListItem","position":2,"name":"Leah Schneider Moreno abre el Centro Hispano de Arte en Omaha"}]},{"@type":"WebSite","@id":"https:\/\/el-perico.com\/es\/#website","url":"https:\/\/el-perico.com\/es\/","name":"el perico","description":"La plataforma original de noticias e informaci\u00f3n para la comunidad hispana de Omaha","publisher":{"@id":"https:\/\/el-perico.com\/es\/#organization"},"potentialAction":[{"@type":"SearchAction","target":{"@type":"EntryPoint","urlTemplate":"https:\/\/el-perico.com\/es\/?s={search_term_string}"},"query-input":{"@type":"PropertyValueSpecification","valueRequired":true,"valueName":"search_term_string"}}],"inLanguage":"es"},{"@type":"Organization","@id":"https:\/\/el-perico.com\/es\/#organization","name":"el perico","url":"https:\/\/el-perico.com\/es\/","logo":{"@type":"ImageObject","inLanguage":"es","@id":"https:\/\/el-perico.com\/es\/#\/schema\/logo\/image\/","url":"https:\/\/el-perico.com\/wp-content\/uploads\/2024\/05\/ElPerico-Logo_NPM-1-e1717102187440.png","contentUrl":"https:\/\/el-perico.com\/wp-content\/uploads\/2024\/05\/ElPerico-Logo_NPM-1-e1717102187440.png","width":648,"height":216,"caption":"el perico"},"image":{"@id":"https:\/\/el-perico.com\/es\/#\/schema\/logo\/image\/"},"sameAs":["https:\/\/www.facebook.com\/elpericoomaha"]},{"@type":"Person","@id":"https:\/\/el-perico.com\/es\/#\/schema\/person\/c3c9a4c7cd6206a5b46fb472eff94bba","name":"Bridget Fogarty, Report for America Corps Member","image":{"@type":"ImageObject","inLanguage":"es","@id":"https:\/\/secure.gravatar.com\/avatar\/cd24cc6ab228b710e2b4d7220545b2b721779200a44f3e80f3c94559fe9a16cb?s=96&d=mm&r=ged5896247ed259e9e7dbf3d4b3b2e52d","url":"https:\/\/secure.gravatar.com\/avatar\/cd24cc6ab228b710e2b4d7220545b2b721779200a44f3e80f3c94559fe9a16cb?s=96&d=mm&r=g","contentUrl":"https:\/\/secure.gravatar.com\/avatar\/cd24cc6ab228b710e2b4d7220545b2b721779200a44f3e80f3c94559fe9a16cb?s=96&d=mm&r=g","caption":"Bridget Fogarty, Report for America Corps Member"},"description":"Bridget Fogarty is a Report for America Corps member reporting with El Perico and its English sister publication The Reader.","url":"https:\/\/el-perico.com\/es\/author\/bridget-fogarty\/"}]}},"_links":{"self":[{"href":"https:\/\/el-perico.com\/es\/wp-json\/wp\/v2\/posts\/7978","targetHints":{"allow":["GET"]}}],"collection":[{"href":"https:\/\/el-perico.com\/es\/wp-json\/wp\/v2\/posts"}],"about":[{"href":"https:\/\/el-perico.com\/es\/wp-json\/wp\/v2\/types\/post"}],"author":[{"embeddable":true,"href":"https:\/\/el-perico.com\/es\/wp-json\/wp\/v2\/users\/26"}],"replies":[{"embeddable":true,"href":"https:\/\/el-perico.com\/es\/wp-json\/wp\/v2\/comments?post=7978"}],"version-history":[{"count":2,"href":"https:\/\/el-perico.com\/es\/wp-json\/wp\/v2\/posts\/7978\/revisions"}],"predecessor-version":[{"id":7990,"href":"https:\/\/el-perico.com\/es\/wp-json\/wp\/v2\/posts\/7978\/revisions\/7990"}],"wp:featuredmedia":[{"embeddable":true,"href":"https:\/\/el-perico.com\/es\/wp-json\/wp\/v2\/media\/7979"}],"wp:attachment":[{"href":"https:\/\/el-perico.com\/es\/wp-json\/wp\/v2\/media?parent=7978"}],"wp:term":[{"taxonomy":"category","embeddable":true,"href":"https:\/\/el-perico.com\/es\/wp-json\/wp\/v2\/categories?post=7978"},{"taxonomy":"post_tag","embeddable":true,"href":"https:\/\/el-perico.com\/es\/wp-json\/wp\/v2\/tags?post=7978"},{"taxonomy":"newspack_spnsrs_tax","embeddable":true,"href":"https:\/\/el-perico.com\/es\/wp-json\/wp\/v2\/newspack_spnsrs_tax?post=7978"},{"taxonomy":"author","embeddable":true,"href":"https:\/\/el-perico.com\/es\/wp-json\/wp\/v2\/coauthors?post=7978"}],"curies":[{"name":"wp","href":"https:\/\/api.w.org\/{rel}","templated":true}]}}