{"id":5427,"date":"2016-10-11T15:53:23","date_gmt":"2016-10-11T15:53:23","guid":{"rendered":"http:\/\/el-perico.hdnweb.com\/?p=81"},"modified":"2016-10-11T15:53:23","modified_gmt":"2016-10-11T15:53:23","slug":"espanol-sam-wyly-anuncia-la-presentacion-de-the-immigrant-spirit-how-newcomers-enrich-america","status":"publish","type":"post","link":"https:\/\/el-perico.com\/es\/espanol-sam-wyly-anuncia-la-presentacion-de-the-immigrant-spirit-how-newcomers-enrich-america\/","title":{"rendered":"Sam Wyly anuncia la presentaci\u00f3n de \u201cThe Immigrant Spirit: How Newcomers Enrich America\u201d"},"content":{"rendered":"<p>DALLAS, 1 de marzo de 2016 \/PRNewswire-HISPANIC PR WIRE\/ &#8212; El empresario tejano Sam Wyly recientemente public\u00f3 su libro The Immigrant Spirit: How Newcomers Enrich America.<br \/>\n\u00abLa inmigraci\u00f3n es un tema global candente, y mi nuevo libro cuenta poderosas historias de inmigrantes y los muchos aportes que han hecho, y que continuar\u00e1n haciendo, para el m\u00e1s grande de todos los sue\u00f1os, el Sue\u00f1o Americano\u00bb, dijo el se\u00f1or Wyly.<br \/>\n\u00abSi bien hemos enfrentado muchos desaf\u00edos en la empresa que signific\u00f3 la creaci\u00f3n de este libro, me emociona que The Immigrant Spirit ya est\u00e9 disponible en papel y en formato electr\u00f3nico\u00bb, dijo Wyly. Visite WylyBooks.com para obtener los enlaces directos para comprar cualquiera de los dos formatos.<br \/>\nWyly presenta un retrato fascinante y a menudo sorprendente de c\u00f3mo los reci\u00e9n llegados enriquecen a Am\u00e9rica, centr\u00e1ndose en comunidades por todo Estados Unidos, y en personas de todo tipo y de diferentes partes del mundo. Tejiendo an\u00e9cdotas hist\u00f3ricas con realidades del presente, da vida a su especial visi\u00f3n de los inmigrantes.<br \/>\n\u00abLos inmigrantes son audaces e innovadores por naturaleza\u00bb, dijo Wyly. \u00abSon grandes patriotas y emprendedores. Son esenciales en una econom\u00eda s\u00f3lida\u00bb.<br \/>\nIlustrado con im\u00e1genes coloridas, cronogramas, datos y gr\u00e1ficos \u2014y lleno de inspiradoras citas e ideas\u2014The Immigrant Spirit cambiar\u00e1 el modo en que usted piensa sobre qu\u00e9 significa hoy ser americano.<br \/>\nAcerca de The Immigrant Spirit: How Newcomers Enrich America (\u00abEl esp\u00edritu inmigrante: c\u00f3mo los reci\u00e9n llegados enriquecen a Am\u00e9rica\u00bb) de Sam Wyly<br \/>\nEs un libro educativo con historias de inmigrantes que viven el Sue\u00f1o Americano. Publicado por WylyBooks Company, una corporaci\u00f3n tejana sin fines de lucro. Los libros est\u00e1n disponibles en iBooks (US$9.99) y en Amazon (US$40). Adquiera cualquiera de ellos en WylyBooks.com.<br \/>\nAcerca de Sam Wyly<br \/>\nSam Wyly es un experimentado emprendedor y autor. Su primer libro, 1,000 Dollars &amp; An Idea (1,000 d\u00f3lares y una idea), una autobiograf\u00eda, cuenta sus historias en la creaci\u00f3n de compa\u00f1\u00edas, incluso la University Computing, Michaels Arts &amp; Crafts, y Sterling Software. Su segundo libro, Texas Got It Right! (\u00a1Tejas s\u00ed que lo hizo bien!), fue regalado a 450,000 estudiantes, docentes, l\u00edderes del pensamiento y bibliotecarios.<br \/>\nAcerca de aportes de beneficiencia<br \/>\nThe Immigrant Spirit: How Newcomers Enrich America, es un proyecto patrocinado de Fractured Atlas, una organizaci\u00f3n sin fines de lucro de servicios art\u00edsticos. Los aportes para fines de beneficencia de The Immigrant Spirit: How Newcomers Enrich America deben pagarse a \u00abFractured Atlas\u00bb solamente y son desgravables hasta el punto permitido por ley. S\u00edrvase enviar los cheques a WylyBooks, 300 Crescent Court, Oficina 850, Dallas, Texas 75201. Los aportes mediante tarjeta de cr\u00e9dito pueden hacerse en el sitio web de Fractured Atlas: www.bit.ly\/TISFA<\/p>\n","protected":false},"excerpt":{"rendered":"<p>DALLAS, 1 de marzo de 2016 \/PRNewswire-HISPANIC PR WIRE\/ &#8212; El empresario tejano Sam Wyly recientemente public\u00f3 su libro The Immigrant Spirit: How Newcomers Enrich America. \u00abLa inmigraci\u00f3n es un tema global candente, y mi nuevo libro cuenta poderosas historias de inmigrantes y los muchos aportes que han hecho, y que continuar\u00e1n haciendo, para el [&hellip;]<\/p>\n","protected":false},"author":1,"featured_media":85,"comment_status":"open","ping_status":"closed","sticky":false,"template":"","format":"standard","meta":{"newspack_ads_suppress_ads":false,"_newspack_byline_active":false,"_newspack_byline":"","newspack_hide_updated_date":false,"newspack_show_updated_date":false,"newspack_content_restriction_is_exempt":false,"newspack_featured_image_position":"","newspack_post_subtitle":"","newspack_article_summary_title":"Overview:","newspack_article_summary":"","footnotes":""},"categories":[1226],"tags":[],"newspack_spnsrs_tax":[],"coauthors":[],"class_list":["post-5427","post","type-post","status-publish","format-standard","has-post-thumbnail","hentry","category-sin-categorizar","entry"],"yoast_head":"<!-- This site is optimized with the Yoast SEO plugin v27.5 - https:\/\/yoast.com\/product\/yoast-seo-wordpress\/ -->\n<title>Sam Wyly anuncia la presentaci\u00f3n de \u201cThe Immigrant Spirit: How Newcomers Enrich America\u201d - el perico<\/title>\n<meta name=\"robots\" content=\"index, follow, max-snippet:-1, max-image-preview:large, max-video-preview:-1\" \/>\n<link rel=\"canonical\" href=\"https:\/\/el-perico.com\/es\/espanol-sam-wyly-anuncia-la-presentacion-de-the-immigrant-spirit-how-newcomers-enrich-america\/\" \/>\n<meta property=\"og:locale\" content=\"es_ES\" \/>\n<meta property=\"og:type\" content=\"article\" \/>\n<meta property=\"og:title\" content=\"Sam Wyly anuncia la presentaci\u00f3n de \u201cThe Immigrant Spirit: How Newcomers Enrich America\u201d - el perico\" \/>\n<meta property=\"og:description\" content=\"DALLAS, 1 de marzo de 2016 \/PRNewswire-HISPANIC PR WIRE\/ &#8212; El empresario tejano Sam Wyly recientemente public\u00f3 su libro The Immigrant Spirit: How Newcomers Enrich America. \u00abLa inmigraci\u00f3n es un tema global candente, y mi nuevo libro cuenta poderosas historias de inmigrantes y los muchos aportes que han hecho, y que continuar\u00e1n haciendo, para el [&hellip;]\" \/>\n<meta property=\"og:url\" content=\"https:\/\/el-perico.com\/es\/espanol-sam-wyly-anuncia-la-presentacion-de-the-immigrant-spirit-how-newcomers-enrich-america\/\" \/>\n<meta property=\"og:site_name\" content=\"el perico\" \/>\n<meta property=\"article:publisher\" content=\"https:\/\/www.facebook.com\/elpericoomaha\" \/>\n<meta property=\"article:published_time\" content=\"2016-10-11T15:53:23+00:00\" \/>\n<meta property=\"og:image\" content=\"https:\/\/el-perico.com\/wp-content\/uploads\/2022\/02\/newspack-logo.png\" \/>\n\t<meta property=\"og:image:width\" content=\"576\" \/>\n\t<meta property=\"og:image:height\" content=\"576\" \/>\n\t<meta property=\"og:image:type\" content=\"image\/png\" \/>\n<meta name=\"author\" content=\"El Perico Staff\" \/>\n<meta name=\"twitter:card\" content=\"summary_large_image\" \/>\n<meta name=\"twitter:label1\" content=\"Escrito por\" \/>\n\t<meta name=\"twitter:data1\" content=\"El Perico Staff\" \/>\n\t<meta name=\"twitter:label2\" content=\"Tiempo de lectura\" \/>\n\t<meta name=\"twitter:data2\" content=\"2 minutos\" \/>\n\t<meta name=\"twitter:label3\" content=\"Written by\" \/>\n\t<meta name=\"twitter:data3\" content=\"El Perico Staff\" \/>\n<script type=\"application\/ld+json\" class=\"yoast-schema-graph\">{\"@context\":\"https:\\\/\\\/schema.org\",\"@graph\":[{\"@type\":\"Article\",\"@id\":\"https:\\\/\\\/el-perico.com\\\/es\\\/espanol-sam-wyly-anuncia-la-presentacion-de-the-immigrant-spirit-how-newcomers-enrich-america\\\/#article\",\"isPartOf\":{\"@id\":\"https:\\\/\\\/el-perico.com\\\/es\\\/espanol-sam-wyly-anuncia-la-presentacion-de-the-immigrant-spirit-how-newcomers-enrich-america\\\/\"},\"author\":{\"name\":\"El Perico Staff\",\"@id\":\"https:\\\/\\\/el-perico.com\\\/es\\\/#\\\/schema\\\/person\\\/1956e5e63b94d4bd0daf30675bdf4a93\"},\"headline\":\"Sam Wyly anuncia la presentaci\u00f3n de \u201cThe Immigrant Spirit: How Newcomers Enrich America\u201d\",\"datePublished\":\"2016-10-11T15:53:23+00:00\",\"mainEntityOfPage\":{\"@id\":\"https:\\\/\\\/el-perico.com\\\/es\\\/espanol-sam-wyly-anuncia-la-presentacion-de-the-immigrant-spirit-how-newcomers-enrich-america\\\/\"},\"wordCount\":486,\"commentCount\":0,\"publisher\":{\"@id\":\"https:\\\/\\\/el-perico.com\\\/es\\\/#organization\"},\"image\":{\"@id\":\"https:\\\/\\\/el-perico.com\\\/es\\\/espanol-sam-wyly-anuncia-la-presentacion-de-the-immigrant-spirit-how-newcomers-enrich-america\\\/#primaryimage\"},\"thumbnailUrl\":\"https:\\\/\\\/el-perico.com\\\/wp-content\\\/uploads\\\/2022\\\/02\\\/newspack-logo.png\",\"articleSection\":[\"Sin categorizar\"],\"inLanguage\":\"es\",\"potentialAction\":[{\"@type\":\"CommentAction\",\"name\":\"Comment\",\"target\":[\"https:\\\/\\\/el-perico.com\\\/es\\\/espanol-sam-wyly-anuncia-la-presentacion-de-the-immigrant-spirit-how-newcomers-enrich-america\\\/#respond\"]}]},{\"@type\":\"WebPage\",\"@id\":\"https:\\\/\\\/el-perico.com\\\/es\\\/espanol-sam-wyly-anuncia-la-presentacion-de-the-immigrant-spirit-how-newcomers-enrich-america\\\/\",\"url\":\"https:\\\/\\\/el-perico.com\\\/es\\\/espanol-sam-wyly-anuncia-la-presentacion-de-the-immigrant-spirit-how-newcomers-enrich-america\\\/\",\"name\":\"Sam Wyly anuncia la presentaci\u00f3n de \u201cThe Immigrant Spirit: How Newcomers Enrich America\u201d - el perico\",\"isPartOf\":{\"@id\":\"https:\\\/\\\/el-perico.com\\\/es\\\/#website\"},\"primaryImageOfPage\":{\"@id\":\"https:\\\/\\\/el-perico.com\\\/es\\\/espanol-sam-wyly-anuncia-la-presentacion-de-the-immigrant-spirit-how-newcomers-enrich-america\\\/#primaryimage\"},\"image\":{\"@id\":\"https:\\\/\\\/el-perico.com\\\/es\\\/espanol-sam-wyly-anuncia-la-presentacion-de-the-immigrant-spirit-how-newcomers-enrich-america\\\/#primaryimage\"},\"thumbnailUrl\":\"https:\\\/\\\/el-perico.com\\\/wp-content\\\/uploads\\\/2022\\\/02\\\/newspack-logo.png\",\"datePublished\":\"2016-10-11T15:53:23+00:00\",\"breadcrumb\":{\"@id\":\"https:\\\/\\\/el-perico.com\\\/es\\\/espanol-sam-wyly-anuncia-la-presentacion-de-the-immigrant-spirit-how-newcomers-enrich-america\\\/#breadcrumb\"},\"inLanguage\":\"es\",\"potentialAction\":[{\"@type\":\"ReadAction\",\"target\":[\"https:\\\/\\\/el-perico.com\\\/es\\\/espanol-sam-wyly-anuncia-la-presentacion-de-the-immigrant-spirit-how-newcomers-enrich-america\\\/\"]}]},{\"@type\":\"ImageObject\",\"inLanguage\":\"es\",\"@id\":\"https:\\\/\\\/el-perico.com\\\/es\\\/espanol-sam-wyly-anuncia-la-presentacion-de-the-immigrant-spirit-how-newcomers-enrich-america\\\/#primaryimage\",\"url\":\"https:\\\/\\\/el-perico.com\\\/wp-content\\\/uploads\\\/2022\\\/02\\\/newspack-logo.png\",\"contentUrl\":\"https:\\\/\\\/el-perico.com\\\/wp-content\\\/uploads\\\/2022\\\/02\\\/newspack-logo.png\",\"width\":576,\"height\":576},{\"@type\":\"BreadcrumbList\",\"@id\":\"https:\\\/\\\/el-perico.com\\\/es\\\/espanol-sam-wyly-anuncia-la-presentacion-de-the-immigrant-spirit-how-newcomers-enrich-america\\\/#breadcrumb\",\"itemListElement\":[{\"@type\":\"ListItem\",\"position\":1,\"name\":\"Home\",\"item\":\"https:\\\/\\\/el-perico.com\\\/es\\\/\"},{\"@type\":\"ListItem\",\"position\":2,\"name\":\"Sam Wyly anuncia la presentaci\u00f3n de \u201cThe Immigrant Spirit: How Newcomers Enrich America\u201d\"}]},{\"@type\":\"WebSite\",\"@id\":\"https:\\\/\\\/el-perico.com\\\/es\\\/#website\",\"url\":\"https:\\\/\\\/el-perico.com\\\/es\\\/\",\"name\":\"el perico\",\"description\":\"La plataforma original de noticias e informaci\u00f3n para la comunidad hispana de Omaha\",\"publisher\":{\"@id\":\"https:\\\/\\\/el-perico.com\\\/es\\\/#organization\"},\"potentialAction\":[{\"@type\":\"SearchAction\",\"target\":{\"@type\":\"EntryPoint\",\"urlTemplate\":\"https:\\\/\\\/el-perico.com\\\/es\\\/?s={search_term_string}\"},\"query-input\":{\"@type\":\"PropertyValueSpecification\",\"valueRequired\":true,\"valueName\":\"search_term_string\"}}],\"inLanguage\":\"es\"},{\"@type\":\"Organization\",\"@id\":\"https:\\\/\\\/el-perico.com\\\/es\\\/#organization\",\"name\":\"el perico\",\"url\":\"https:\\\/\\\/el-perico.com\\\/es\\\/\",\"logo\":{\"@type\":\"ImageObject\",\"inLanguage\":\"es\",\"@id\":\"https:\\\/\\\/el-perico.com\\\/es\\\/#\\\/schema\\\/logo\\\/image\\\/\",\"url\":\"https:\\\/\\\/el-perico.com\\\/wp-content\\\/uploads\\\/2024\\\/05\\\/ElPerico-Logo_NPM-1-e1717102187440.png\",\"contentUrl\":\"https:\\\/\\\/el-perico.com\\\/wp-content\\\/uploads\\\/2024\\\/05\\\/ElPerico-Logo_NPM-1-e1717102187440.png\",\"width\":648,\"height\":216,\"caption\":\"el perico\"},\"image\":{\"@id\":\"https:\\\/\\\/el-perico.com\\\/es\\\/#\\\/schema\\\/logo\\\/image\\\/\"},\"sameAs\":[\"https:\\\/\\\/www.facebook.com\\\/elpericoomaha\"]},{\"@type\":\"Person\",\"@id\":\"https:\\\/\\\/el-perico.com\\\/es\\\/#\\\/schema\\\/person\\\/1956e5e63b94d4bd0daf30675bdf4a93\",\"name\":\"El Perico Staff\",\"image\":{\"@type\":\"ImageObject\",\"inLanguage\":\"es\",\"@id\":\"https:\\\/\\\/secure.gravatar.com\\\/avatar\\\/701b23c665bfde9fd4d874d31feb4c16bf2ac173b2b0b7224dc39896d4cfc381?s=96&d=mm&r=g80b2efc5844e688a6ffb9340c789e4c4\",\"url\":\"https:\\\/\\\/secure.gravatar.com\\\/avatar\\\/701b23c665bfde9fd4d874d31feb4c16bf2ac173b2b0b7224dc39896d4cfc381?s=96&d=mm&r=g\",\"contentUrl\":\"https:\\\/\\\/secure.gravatar.com\\\/avatar\\\/701b23c665bfde9fd4d874d31feb4c16bf2ac173b2b0b7224dc39896d4cfc381?s=96&d=mm&r=g\",\"caption\":\"El Perico Staff\"},\"sameAs\":[\"https:\\\/\\\/el-perico.com\"],\"url\":\"https:\\\/\\\/el-perico.com\\\/es\\\/author\\\/af6f1d62_admin\\\/\"}]}<\/script>\n<!-- \/ Yoast SEO plugin. -->","yoast_head_json":{"title":"Sam Wyly anuncia la presentaci\u00f3n de \u201cThe Immigrant Spirit: How Newcomers Enrich America\u201d - el perico","robots":{"index":"index","follow":"follow","max-snippet":"max-snippet:-1","max-image-preview":"max-image-preview:large","max-video-preview":"max-video-preview:-1"},"canonical":"https:\/\/el-perico.com\/es\/espanol-sam-wyly-anuncia-la-presentacion-de-the-immigrant-spirit-how-newcomers-enrich-america\/","og_locale":"es_ES","og_type":"article","og_title":"Sam Wyly anuncia la presentaci\u00f3n de \u201cThe Immigrant Spirit: How Newcomers Enrich America\u201d - el perico","og_description":"DALLAS, 1 de marzo de 2016 \/PRNewswire-HISPANIC PR WIRE\/ &#8212; El empresario tejano Sam Wyly recientemente public\u00f3 su libro The Immigrant Spirit: How Newcomers Enrich America. \u00abLa inmigraci\u00f3n es un tema global candente, y mi nuevo libro cuenta poderosas historias de inmigrantes y los muchos aportes que han hecho, y que continuar\u00e1n haciendo, para el [&hellip;]","og_url":"https:\/\/el-perico.com\/es\/espanol-sam-wyly-anuncia-la-presentacion-de-the-immigrant-spirit-how-newcomers-enrich-america\/","og_site_name":"el perico","article_publisher":"https:\/\/www.facebook.com\/elpericoomaha","article_published_time":"2016-10-11T15:53:23+00:00","og_image":[{"width":576,"height":576,"url":"https:\/\/el-perico.com\/wp-content\/uploads\/2022\/02\/newspack-logo.png","type":"image\/png"}],"author":"El Perico Staff","twitter_card":"summary_large_image","twitter_misc":{"Escrito por":"El Perico Staff","Tiempo de lectura":"2 minutos","Written by":"El Perico Staff"},"schema":{"@context":"https:\/\/schema.org","@graph":[{"@type":"Article","@id":"https:\/\/el-perico.com\/es\/espanol-sam-wyly-anuncia-la-presentacion-de-the-immigrant-spirit-how-newcomers-enrich-america\/#article","isPartOf":{"@id":"https:\/\/el-perico.com\/es\/espanol-sam-wyly-anuncia-la-presentacion-de-the-immigrant-spirit-how-newcomers-enrich-america\/"},"author":{"name":"El Perico Staff","@id":"https:\/\/el-perico.com\/es\/#\/schema\/person\/1956e5e63b94d4bd0daf30675bdf4a93"},"headline":"Sam Wyly anuncia la presentaci\u00f3n de \u201cThe Immigrant Spirit: How Newcomers Enrich America\u201d","datePublished":"2016-10-11T15:53:23+00:00","mainEntityOfPage":{"@id":"https:\/\/el-perico.com\/es\/espanol-sam-wyly-anuncia-la-presentacion-de-the-immigrant-spirit-how-newcomers-enrich-america\/"},"wordCount":486,"commentCount":0,"publisher":{"@id":"https:\/\/el-perico.com\/es\/#organization"},"image":{"@id":"https:\/\/el-perico.com\/es\/espanol-sam-wyly-anuncia-la-presentacion-de-the-immigrant-spirit-how-newcomers-enrich-america\/#primaryimage"},"thumbnailUrl":"https:\/\/el-perico.com\/wp-content\/uploads\/2022\/02\/newspack-logo.png","articleSection":["Sin categorizar"],"inLanguage":"es","potentialAction":[{"@type":"CommentAction","name":"Comment","target":["https:\/\/el-perico.com\/es\/espanol-sam-wyly-anuncia-la-presentacion-de-the-immigrant-spirit-how-newcomers-enrich-america\/#respond"]}]},{"@type":"WebPage","@id":"https:\/\/el-perico.com\/es\/espanol-sam-wyly-anuncia-la-presentacion-de-the-immigrant-spirit-how-newcomers-enrich-america\/","url":"https:\/\/el-perico.com\/es\/espanol-sam-wyly-anuncia-la-presentacion-de-the-immigrant-spirit-how-newcomers-enrich-america\/","name":"Sam Wyly anuncia la presentaci\u00f3n de \u201cThe Immigrant Spirit: How Newcomers Enrich America\u201d - el perico","isPartOf":{"@id":"https:\/\/el-perico.com\/es\/#website"},"primaryImageOfPage":{"@id":"https:\/\/el-perico.com\/es\/espanol-sam-wyly-anuncia-la-presentacion-de-the-immigrant-spirit-how-newcomers-enrich-america\/#primaryimage"},"image":{"@id":"https:\/\/el-perico.com\/es\/espanol-sam-wyly-anuncia-la-presentacion-de-the-immigrant-spirit-how-newcomers-enrich-america\/#primaryimage"},"thumbnailUrl":"https:\/\/el-perico.com\/wp-content\/uploads\/2022\/02\/newspack-logo.png","datePublished":"2016-10-11T15:53:23+00:00","breadcrumb":{"@id":"https:\/\/el-perico.com\/es\/espanol-sam-wyly-anuncia-la-presentacion-de-the-immigrant-spirit-how-newcomers-enrich-america\/#breadcrumb"},"inLanguage":"es","potentialAction":[{"@type":"ReadAction","target":["https:\/\/el-perico.com\/es\/espanol-sam-wyly-anuncia-la-presentacion-de-the-immigrant-spirit-how-newcomers-enrich-america\/"]}]},{"@type":"ImageObject","inLanguage":"es","@id":"https:\/\/el-perico.com\/es\/espanol-sam-wyly-anuncia-la-presentacion-de-the-immigrant-spirit-how-newcomers-enrich-america\/#primaryimage","url":"https:\/\/el-perico.com\/wp-content\/uploads\/2022\/02\/newspack-logo.png","contentUrl":"https:\/\/el-perico.com\/wp-content\/uploads\/2022\/02\/newspack-logo.png","width":576,"height":576},{"@type":"BreadcrumbList","@id":"https:\/\/el-perico.com\/es\/espanol-sam-wyly-anuncia-la-presentacion-de-the-immigrant-spirit-how-newcomers-enrich-america\/#breadcrumb","itemListElement":[{"@type":"ListItem","position":1,"name":"Home","item":"https:\/\/el-perico.com\/es\/"},{"@type":"ListItem","position":2,"name":"Sam Wyly anuncia la presentaci\u00f3n de \u201cThe Immigrant Spirit: How Newcomers Enrich America\u201d"}]},{"@type":"WebSite","@id":"https:\/\/el-perico.com\/es\/#website","url":"https:\/\/el-perico.com\/es\/","name":"el perico","description":"La plataforma original de noticias e informaci\u00f3n para la comunidad hispana de Omaha","publisher":{"@id":"https:\/\/el-perico.com\/es\/#organization"},"potentialAction":[{"@type":"SearchAction","target":{"@type":"EntryPoint","urlTemplate":"https:\/\/el-perico.com\/es\/?s={search_term_string}"},"query-input":{"@type":"PropertyValueSpecification","valueRequired":true,"valueName":"search_term_string"}}],"inLanguage":"es"},{"@type":"Organization","@id":"https:\/\/el-perico.com\/es\/#organization","name":"el perico","url":"https:\/\/el-perico.com\/es\/","logo":{"@type":"ImageObject","inLanguage":"es","@id":"https:\/\/el-perico.com\/es\/#\/schema\/logo\/image\/","url":"https:\/\/el-perico.com\/wp-content\/uploads\/2024\/05\/ElPerico-Logo_NPM-1-e1717102187440.png","contentUrl":"https:\/\/el-perico.com\/wp-content\/uploads\/2024\/05\/ElPerico-Logo_NPM-1-e1717102187440.png","width":648,"height":216,"caption":"el perico"},"image":{"@id":"https:\/\/el-perico.com\/es\/#\/schema\/logo\/image\/"},"sameAs":["https:\/\/www.facebook.com\/elpericoomaha"]},{"@type":"Person","@id":"https:\/\/el-perico.com\/es\/#\/schema\/person\/1956e5e63b94d4bd0daf30675bdf4a93","name":"El Perico Staff","image":{"@type":"ImageObject","inLanguage":"es","@id":"https:\/\/secure.gravatar.com\/avatar\/701b23c665bfde9fd4d874d31feb4c16bf2ac173b2b0b7224dc39896d4cfc381?s=96&d=mm&r=g80b2efc5844e688a6ffb9340c789e4c4","url":"https:\/\/secure.gravatar.com\/avatar\/701b23c665bfde9fd4d874d31feb4c16bf2ac173b2b0b7224dc39896d4cfc381?s=96&d=mm&r=g","contentUrl":"https:\/\/secure.gravatar.com\/avatar\/701b23c665bfde9fd4d874d31feb4c16bf2ac173b2b0b7224dc39896d4cfc381?s=96&d=mm&r=g","caption":"El Perico Staff"},"sameAs":["https:\/\/el-perico.com"],"url":"https:\/\/el-perico.com\/es\/author\/af6f1d62_admin\/"}]}},"_links":{"self":[{"href":"https:\/\/el-perico.com\/es\/wp-json\/wp\/v2\/posts\/5427","targetHints":{"allow":["GET"]}}],"collection":[{"href":"https:\/\/el-perico.com\/es\/wp-json\/wp\/v2\/posts"}],"about":[{"href":"https:\/\/el-perico.com\/es\/wp-json\/wp\/v2\/types\/post"}],"author":[{"embeddable":true,"href":"https:\/\/el-perico.com\/es\/wp-json\/wp\/v2\/users\/1"}],"replies":[{"embeddable":true,"href":"https:\/\/el-perico.com\/es\/wp-json\/wp\/v2\/comments?post=5427"}],"version-history":[{"count":0,"href":"https:\/\/el-perico.com\/es\/wp-json\/wp\/v2\/posts\/5427\/revisions"}],"wp:featuredmedia":[{"embeddable":true,"href":"https:\/\/el-perico.com\/es\/wp-json\/wp\/v2\/media\/85"}],"wp:attachment":[{"href":"https:\/\/el-perico.com\/es\/wp-json\/wp\/v2\/media?parent=5427"}],"wp:term":[{"taxonomy":"category","embeddable":true,"href":"https:\/\/el-perico.com\/es\/wp-json\/wp\/v2\/categories?post=5427"},{"taxonomy":"post_tag","embeddable":true,"href":"https:\/\/el-perico.com\/es\/wp-json\/wp\/v2\/tags?post=5427"},{"taxonomy":"newspack_spnsrs_tax","embeddable":true,"href":"https:\/\/el-perico.com\/es\/wp-json\/wp\/v2\/newspack_spnsrs_tax?post=5427"},{"taxonomy":"author","embeddable":true,"href":"https:\/\/el-perico.com\/es\/wp-json\/wp\/v2\/coauthors?post=5427"}],"curies":[{"name":"wp","href":"https:\/\/api.w.org\/{rel}","templated":true}]}}