{"id":5420,"date":"2016-10-11T15:40:42","date_gmt":"2016-10-11T15:40:42","guid":{"rendered":"http:\/\/el-perico.hdnweb.com\/?p=62"},"modified":"2016-10-11T15:40:42","modified_gmt":"2016-10-11T15:40:42","slug":"espanol-nestle-la-lechera-celebra-el-dia-mundial-del-dulce-de-leche","status":"publish","type":"post","link":"https:\/\/el-perico.com\/es\/espanol-nestle-la-lechera-celebra-el-dia-mundial-del-dulce-de-leche\/","title":{"rendered":"NESTL\u00c9\u00ae LA LECHERA\u00ae Celebra el Dia Mundial del Dulce de Leche"},"content":{"rendered":"<p>GLENDALE, California, 11 de octubre de 2016 \/PRNewswire-HISPANIC PR WIRE\/ &#8212; Hoy martes 11 de octubre se celebra el D\u00eda Mundial del Dulce de Leche y NESTL\u00c9\u00ae LA LECHERA\u00ae invita a los consumidores a unirse a la celebraci\u00f3n creando momentos especiales para sus seres queridos inspirados en Dulce de Leche y a compartir sus recetas y creaciones a trav\u00e9s de redes sociales con el hashtag #DulcedeLeche.<br \/>\n\u00abEn las prisas y el apuro del d\u00eda a d\u00eda, es f\u00e1cil olvidar lo importante y valioso que es estar con la familia,\u00bb dijo Ainoa Cuberos, Gerente de Marca de Nestl\u00e9 La Lechera. \u00abEl Dulce de Leche nos da una raz\u00f3n m\u00e1s para celebrar y brindar a nuestra familia amor, tradiciones y deliciosos postres que se han vuelto sin\u00f3nimo de la cultura Latina. De los argentinos a los colombianos, a los Latinos viviendo en los Estados Unidos, el Dulce de Leche tiene un lugar muy especial en nuestra cultura y La Lechera quiere destacar este importante ingrediente tan aut\u00e9ntico a nuestra herencia.\u00bb<br \/>\nYa sea preparando un pastel de Dulce de Leche con la ayuda de sus hijos, o us\u00e1ndolo en una receta familiar, La Lechera invita a los consumidores a que se inspiren y creen momentos memorables para disfrutar con sus seres queridos el D\u00eda del Dulce de Leche. La versatilidad de este ingrediente puede transformar sus recetas favoritas, de un postre como un cheesecake de Dulce de Leche o alfajores a una receta salada innovadora como un jam\u00f3n glaseado con salsa de Dulce de Leche o callos de hacha con mole de Dulce de Leche.<br \/>\nPara m\u00e1s recetas con NESTL\u00c9\u00ae LA LECHERA\u00ae Dulce de Leche, visitar El Mejor Nido y seguir las p\u00e1ginas de Facebook, Pinterest e Instagram de La Lechera. \u00danete a la celebraci\u00f3n usando #DulcedeLecheDay.<br \/>\nSobre NESTL\u00c9\u00ae LA LECHERA\u00ae<br \/>\nNESTL\u00c9\u00ae LA LECHERA\u00ae es la marca No. 1 de Leche Condensada Azucarada en el mundo y ha sido un ingrediente clave en los postres desde 1910. En los Estados Unidos, NESTL\u00c9\u00ae LA LECHERA\u00ae ofrece una gran variedad de productos, incluyendo latas y botellas \u00absirve f\u00e1cil\u00bb de NESTL\u00c9\u00ae LA LECHERA\u00ae Leche Condensada Azucarada, latas y botellas \u00absirve f\u00e1cil\u00bb de NESTL\u00c9\u00ae LA LECHERA\u00ae Dulce de Leche, latas de NESTL\u00c9\u00ae LA LECHERA Sin Grasa, NESTL\u00c9\u00ae LA LECHERA\u00ae 50% menos az\u00facar y NESTL\u00c9\u00ae LA LECHERITA\u00ae. NESTL\u00c9\u00ae LA LECHERA\u00ae es el ingrediente o aderezo clave para una gran variedad de postres como el Flan, Ensalada de Frutas, Tres Leches, Pay de Queso y Gelatinas. NESTL\u00c9\u00ae LA LECHERA\u00ae une a las familias creando experiencias \u00fanicas todos los d\u00edas y momentos memorables. Para m\u00e1s informaci\u00f3n del producto, noticias y recetas visita ElMejorNido.com, Facebook, Pinterest e Instagram.<br \/>\nSobre Nestl\u00e9\u00ae USA<br \/>\nNombrada una de las \u00abCompa\u00f1\u00edas de Comida M\u00e1s Admiradas del Mundo\u00bb por la revista Fortune durante 18 a\u00f1os consecutivos, Nestl\u00e9 provee marcas y productos de calidad que le dan sabor a la vida todos los d\u00edas. Desde comidas nutritivas LEAN CUISINE\u00ae hasta tradiciones horneadas con NESTL\u00c9\u00ae TOLL HOUSE\u00ae, Nestl\u00e9 USA hace productos de comida y bebida deliciosos, convenientes y nutritivos que permiten llevar una buena vida. De eso se trata \u00abNestl\u00e9. Buena Comida, Buena Vida.\u00bb Nestl\u00e9 USA, con ventas en el 2014 de $9.7 billones de d\u00f3lares, es parte de Nestl\u00e9 S.A. en Vevey, Suiza \u2013 la compa\u00f1\u00eda de alimentos m\u00e1s grande del mundo con un enfoque en Nutrici\u00f3n, Salud y Bienestar \u2013 con ventas en el 2014 de $100 billones de d\u00f3lares.<br \/>\nLogo &#8211; http:\/\/photos.prnewswire.com\/prnh\/20161010\/426857LOGO<\/p>\n","protected":false},"excerpt":{"rendered":"<p>GLENDALE, California, 11 de octubre de 2016 \/PRNewswire-HISPANIC PR WIRE\/ &#8212; Hoy martes 11 de octubre se celebra el D\u00eda Mundial del Dulce de Leche y NESTL\u00c9\u00ae LA LECHERA\u00ae invita a los consumidores a unirse a la celebraci\u00f3n creando momentos especiales para sus seres queridos inspirados en Dulce de Leche y a compartir sus recetas [&hellip;]<\/p>\n","protected":false},"author":1,"featured_media":64,"comment_status":"open","ping_status":"closed","sticky":false,"template":"","format":"standard","meta":{"newspack_ads_suppress_ads":false,"_newspack_byline_active":false,"_newspack_byline":"","newspack_hide_updated_date":false,"newspack_show_updated_date":false,"newspack_content_restriction_is_exempt":false,"newspack_featured_image_position":"","newspack_post_subtitle":"","newspack_article_summary_title":"Overview:","newspack_article_summary":"","footnotes":""},"categories":[1226],"tags":[],"newspack_spnsrs_tax":[],"coauthors":[],"class_list":["post-5420","post","type-post","status-publish","format-standard","has-post-thumbnail","hentry","category-sin-categorizar","entry"],"yoast_head":"<!-- This site is optimized with the Yoast SEO plugin v27.5 - https:\/\/yoast.com\/product\/yoast-seo-wordpress\/ -->\n<title>NESTL\u00c9\u00ae LA LECHERA\u00ae Celebra el Dia Mundial del Dulce de Leche - el perico<\/title>\n<meta name=\"robots\" content=\"index, follow, max-snippet:-1, max-image-preview:large, max-video-preview:-1\" \/>\n<link rel=\"canonical\" href=\"https:\/\/el-perico.com\/es\/espanol-nestle-la-lechera-celebra-el-dia-mundial-del-dulce-de-leche\/\" \/>\n<meta property=\"og:locale\" content=\"es_ES\" \/>\n<meta property=\"og:type\" content=\"article\" \/>\n<meta property=\"og:title\" content=\"NESTL\u00c9\u00ae LA LECHERA\u00ae Celebra el Dia Mundial del Dulce de Leche - el perico\" \/>\n<meta property=\"og:description\" content=\"GLENDALE, California, 11 de octubre de 2016 \/PRNewswire-HISPANIC PR WIRE\/ &#8212; Hoy martes 11 de octubre se celebra el D\u00eda Mundial del Dulce de Leche y NESTL\u00c9\u00ae LA LECHERA\u00ae invita a los consumidores a unirse a la celebraci\u00f3n creando momentos especiales para sus seres queridos inspirados en Dulce de Leche y a compartir sus recetas [&hellip;]\" \/>\n<meta property=\"og:url\" content=\"https:\/\/el-perico.com\/es\/espanol-nestle-la-lechera-celebra-el-dia-mundial-del-dulce-de-leche\/\" \/>\n<meta property=\"og:site_name\" content=\"el perico\" \/>\n<meta property=\"article:publisher\" content=\"https:\/\/www.facebook.com\/elpericoomaha\" \/>\n<meta property=\"article:published_time\" content=\"2016-10-11T15:40:42+00:00\" \/>\n<meta property=\"og:image\" content=\"https:\/\/el-perico.com\/wp-content\/uploads\/2022\/01\/VegetablesFoto-2-scaled-1.jpg\" \/>\n\t<meta property=\"og:image:width\" content=\"2560\" \/>\n\t<meta property=\"og:image:height\" content=\"1707\" \/>\n\t<meta property=\"og:image:type\" content=\"image\/jpeg\" \/>\n<meta name=\"author\" content=\"El Perico Staff\" \/>\n<meta name=\"twitter:card\" content=\"summary_large_image\" \/>\n<meta name=\"twitter:label1\" content=\"Escrito por\" \/>\n\t<meta name=\"twitter:data1\" content=\"El Perico Staff\" \/>\n\t<meta name=\"twitter:label2\" content=\"Tiempo de lectura\" \/>\n\t<meta name=\"twitter:data2\" content=\"3 minutos\" \/>\n\t<meta name=\"twitter:label3\" content=\"Written by\" \/>\n\t<meta name=\"twitter:data3\" content=\"El Perico Staff\" \/>\n<script type=\"application\/ld+json\" class=\"yoast-schema-graph\">{\"@context\":\"https:\\\/\\\/schema.org\",\"@graph\":[{\"@type\":\"Article\",\"@id\":\"https:\\\/\\\/el-perico.com\\\/es\\\/espanol-nestle-la-lechera-celebra-el-dia-mundial-del-dulce-de-leche\\\/#article\",\"isPartOf\":{\"@id\":\"https:\\\/\\\/el-perico.com\\\/es\\\/espanol-nestle-la-lechera-celebra-el-dia-mundial-del-dulce-de-leche\\\/\"},\"author\":{\"name\":\"El Perico Staff\",\"@id\":\"https:\\\/\\\/el-perico.com\\\/es\\\/#\\\/schema\\\/person\\\/1956e5e63b94d4bd0daf30675bdf4a93\"},\"headline\":\"NESTL\u00c9\u00ae LA LECHERA\u00ae Celebra el Dia Mundial del Dulce de Leche\",\"datePublished\":\"2016-10-11T15:40:42+00:00\",\"mainEntityOfPage\":{\"@id\":\"https:\\\/\\\/el-perico.com\\\/es\\\/espanol-nestle-la-lechera-celebra-el-dia-mundial-del-dulce-de-leche\\\/\"},\"wordCount\":602,\"commentCount\":0,\"publisher\":{\"@id\":\"https:\\\/\\\/el-perico.com\\\/es\\\/#organization\"},\"image\":{\"@id\":\"https:\\\/\\\/el-perico.com\\\/es\\\/espanol-nestle-la-lechera-celebra-el-dia-mundial-del-dulce-de-leche\\\/#primaryimage\"},\"thumbnailUrl\":\"https:\\\/\\\/el-perico.com\\\/wp-content\\\/uploads\\\/2022\\\/01\\\/VegetablesFoto-2-scaled-1.jpg\",\"articleSection\":[\"Sin categorizar\"],\"inLanguage\":\"es\",\"potentialAction\":[{\"@type\":\"CommentAction\",\"name\":\"Comment\",\"target\":[\"https:\\\/\\\/el-perico.com\\\/es\\\/espanol-nestle-la-lechera-celebra-el-dia-mundial-del-dulce-de-leche\\\/#respond\"]}]},{\"@type\":\"WebPage\",\"@id\":\"https:\\\/\\\/el-perico.com\\\/es\\\/espanol-nestle-la-lechera-celebra-el-dia-mundial-del-dulce-de-leche\\\/\",\"url\":\"https:\\\/\\\/el-perico.com\\\/es\\\/espanol-nestle-la-lechera-celebra-el-dia-mundial-del-dulce-de-leche\\\/\",\"name\":\"NESTL\u00c9\u00ae LA LECHERA\u00ae Celebra el Dia Mundial del Dulce de Leche - el perico\",\"isPartOf\":{\"@id\":\"https:\\\/\\\/el-perico.com\\\/es\\\/#website\"},\"primaryImageOfPage\":{\"@id\":\"https:\\\/\\\/el-perico.com\\\/es\\\/espanol-nestle-la-lechera-celebra-el-dia-mundial-del-dulce-de-leche\\\/#primaryimage\"},\"image\":{\"@id\":\"https:\\\/\\\/el-perico.com\\\/es\\\/espanol-nestle-la-lechera-celebra-el-dia-mundial-del-dulce-de-leche\\\/#primaryimage\"},\"thumbnailUrl\":\"https:\\\/\\\/el-perico.com\\\/wp-content\\\/uploads\\\/2022\\\/01\\\/VegetablesFoto-2-scaled-1.jpg\",\"datePublished\":\"2016-10-11T15:40:42+00:00\",\"breadcrumb\":{\"@id\":\"https:\\\/\\\/el-perico.com\\\/es\\\/espanol-nestle-la-lechera-celebra-el-dia-mundial-del-dulce-de-leche\\\/#breadcrumb\"},\"inLanguage\":\"es\",\"potentialAction\":[{\"@type\":\"ReadAction\",\"target\":[\"https:\\\/\\\/el-perico.com\\\/es\\\/espanol-nestle-la-lechera-celebra-el-dia-mundial-del-dulce-de-leche\\\/\"]}]},{\"@type\":\"ImageObject\",\"inLanguage\":\"es\",\"@id\":\"https:\\\/\\\/el-perico.com\\\/es\\\/espanol-nestle-la-lechera-celebra-el-dia-mundial-del-dulce-de-leche\\\/#primaryimage\",\"url\":\"https:\\\/\\\/el-perico.com\\\/wp-content\\\/uploads\\\/2022\\\/01\\\/VegetablesFoto-2-scaled-1.jpg\",\"contentUrl\":\"https:\\\/\\\/el-perico.com\\\/wp-content\\\/uploads\\\/2022\\\/01\\\/VegetablesFoto-2-scaled-1.jpg\",\"width\":2560,\"height\":1707},{\"@type\":\"BreadcrumbList\",\"@id\":\"https:\\\/\\\/el-perico.com\\\/es\\\/espanol-nestle-la-lechera-celebra-el-dia-mundial-del-dulce-de-leche\\\/#breadcrumb\",\"itemListElement\":[{\"@type\":\"ListItem\",\"position\":1,\"name\":\"Home\",\"item\":\"https:\\\/\\\/el-perico.com\\\/es\\\/\"},{\"@type\":\"ListItem\",\"position\":2,\"name\":\"NESTL\u00c9\u00ae LA LECHERA\u00ae Celebra el Dia Mundial del Dulce de Leche\"}]},{\"@type\":\"WebSite\",\"@id\":\"https:\\\/\\\/el-perico.com\\\/es\\\/#website\",\"url\":\"https:\\\/\\\/el-perico.com\\\/es\\\/\",\"name\":\"el perico\",\"description\":\"La plataforma original de noticias e informaci\u00f3n para la comunidad hispana de Omaha\",\"publisher\":{\"@id\":\"https:\\\/\\\/el-perico.com\\\/es\\\/#organization\"},\"potentialAction\":[{\"@type\":\"SearchAction\",\"target\":{\"@type\":\"EntryPoint\",\"urlTemplate\":\"https:\\\/\\\/el-perico.com\\\/es\\\/?s={search_term_string}\"},\"query-input\":{\"@type\":\"PropertyValueSpecification\",\"valueRequired\":true,\"valueName\":\"search_term_string\"}}],\"inLanguage\":\"es\"},{\"@type\":\"Organization\",\"@id\":\"https:\\\/\\\/el-perico.com\\\/es\\\/#organization\",\"name\":\"el perico\",\"url\":\"https:\\\/\\\/el-perico.com\\\/es\\\/\",\"logo\":{\"@type\":\"ImageObject\",\"inLanguage\":\"es\",\"@id\":\"https:\\\/\\\/el-perico.com\\\/es\\\/#\\\/schema\\\/logo\\\/image\\\/\",\"url\":\"https:\\\/\\\/el-perico.com\\\/wp-content\\\/uploads\\\/2024\\\/05\\\/ElPerico-Logo_NPM-1-e1717102187440.png\",\"contentUrl\":\"https:\\\/\\\/el-perico.com\\\/wp-content\\\/uploads\\\/2024\\\/05\\\/ElPerico-Logo_NPM-1-e1717102187440.png\",\"width\":648,\"height\":216,\"caption\":\"el perico\"},\"image\":{\"@id\":\"https:\\\/\\\/el-perico.com\\\/es\\\/#\\\/schema\\\/logo\\\/image\\\/\"},\"sameAs\":[\"https:\\\/\\\/www.facebook.com\\\/elpericoomaha\"]},{\"@type\":\"Person\",\"@id\":\"https:\\\/\\\/el-perico.com\\\/es\\\/#\\\/schema\\\/person\\\/1956e5e63b94d4bd0daf30675bdf4a93\",\"name\":\"El Perico Staff\",\"image\":{\"@type\":\"ImageObject\",\"inLanguage\":\"es\",\"@id\":\"https:\\\/\\\/secure.gravatar.com\\\/avatar\\\/701b23c665bfde9fd4d874d31feb4c16bf2ac173b2b0b7224dc39896d4cfc381?s=96&d=mm&r=g80b2efc5844e688a6ffb9340c789e4c4\",\"url\":\"https:\\\/\\\/secure.gravatar.com\\\/avatar\\\/701b23c665bfde9fd4d874d31feb4c16bf2ac173b2b0b7224dc39896d4cfc381?s=96&d=mm&r=g\",\"contentUrl\":\"https:\\\/\\\/secure.gravatar.com\\\/avatar\\\/701b23c665bfde9fd4d874d31feb4c16bf2ac173b2b0b7224dc39896d4cfc381?s=96&d=mm&r=g\",\"caption\":\"El Perico Staff\"},\"sameAs\":[\"https:\\\/\\\/el-perico.com\"],\"url\":\"https:\\\/\\\/el-perico.com\\\/es\\\/author\\\/af6f1d62_admin\\\/\"}]}<\/script>\n<!-- \/ Yoast SEO plugin. -->","yoast_head_json":{"title":"NESTL\u00c9\u00ae LA LECHERA\u00ae Celebra el Dia Mundial del Dulce de Leche - el perico","robots":{"index":"index","follow":"follow","max-snippet":"max-snippet:-1","max-image-preview":"max-image-preview:large","max-video-preview":"max-video-preview:-1"},"canonical":"https:\/\/el-perico.com\/es\/espanol-nestle-la-lechera-celebra-el-dia-mundial-del-dulce-de-leche\/","og_locale":"es_ES","og_type":"article","og_title":"NESTL\u00c9\u00ae LA LECHERA\u00ae Celebra el Dia Mundial del Dulce de Leche - el perico","og_description":"GLENDALE, California, 11 de octubre de 2016 \/PRNewswire-HISPANIC PR WIRE\/ &#8212; Hoy martes 11 de octubre se celebra el D\u00eda Mundial del Dulce de Leche y NESTL\u00c9\u00ae LA LECHERA\u00ae invita a los consumidores a unirse a la celebraci\u00f3n creando momentos especiales para sus seres queridos inspirados en Dulce de Leche y a compartir sus recetas [&hellip;]","og_url":"https:\/\/el-perico.com\/es\/espanol-nestle-la-lechera-celebra-el-dia-mundial-del-dulce-de-leche\/","og_site_name":"el perico","article_publisher":"https:\/\/www.facebook.com\/elpericoomaha","article_published_time":"2016-10-11T15:40:42+00:00","og_image":[{"width":2560,"height":1707,"url":"https:\/\/el-perico.com\/wp-content\/uploads\/2022\/01\/VegetablesFoto-2-scaled-1.jpg","type":"image\/jpeg"}],"author":"El Perico Staff","twitter_card":"summary_large_image","twitter_misc":{"Escrito por":"El Perico Staff","Tiempo de lectura":"3 minutos","Written by":"El Perico Staff"},"schema":{"@context":"https:\/\/schema.org","@graph":[{"@type":"Article","@id":"https:\/\/el-perico.com\/es\/espanol-nestle-la-lechera-celebra-el-dia-mundial-del-dulce-de-leche\/#article","isPartOf":{"@id":"https:\/\/el-perico.com\/es\/espanol-nestle-la-lechera-celebra-el-dia-mundial-del-dulce-de-leche\/"},"author":{"name":"El Perico Staff","@id":"https:\/\/el-perico.com\/es\/#\/schema\/person\/1956e5e63b94d4bd0daf30675bdf4a93"},"headline":"NESTL\u00c9\u00ae LA LECHERA\u00ae Celebra el Dia Mundial del Dulce de Leche","datePublished":"2016-10-11T15:40:42+00:00","mainEntityOfPage":{"@id":"https:\/\/el-perico.com\/es\/espanol-nestle-la-lechera-celebra-el-dia-mundial-del-dulce-de-leche\/"},"wordCount":602,"commentCount":0,"publisher":{"@id":"https:\/\/el-perico.com\/es\/#organization"},"image":{"@id":"https:\/\/el-perico.com\/es\/espanol-nestle-la-lechera-celebra-el-dia-mundial-del-dulce-de-leche\/#primaryimage"},"thumbnailUrl":"https:\/\/el-perico.com\/wp-content\/uploads\/2022\/01\/VegetablesFoto-2-scaled-1.jpg","articleSection":["Sin categorizar"],"inLanguage":"es","potentialAction":[{"@type":"CommentAction","name":"Comment","target":["https:\/\/el-perico.com\/es\/espanol-nestle-la-lechera-celebra-el-dia-mundial-del-dulce-de-leche\/#respond"]}]},{"@type":"WebPage","@id":"https:\/\/el-perico.com\/es\/espanol-nestle-la-lechera-celebra-el-dia-mundial-del-dulce-de-leche\/","url":"https:\/\/el-perico.com\/es\/espanol-nestle-la-lechera-celebra-el-dia-mundial-del-dulce-de-leche\/","name":"NESTL\u00c9\u00ae LA LECHERA\u00ae Celebra el Dia Mundial del Dulce de Leche - el perico","isPartOf":{"@id":"https:\/\/el-perico.com\/es\/#website"},"primaryImageOfPage":{"@id":"https:\/\/el-perico.com\/es\/espanol-nestle-la-lechera-celebra-el-dia-mundial-del-dulce-de-leche\/#primaryimage"},"image":{"@id":"https:\/\/el-perico.com\/es\/espanol-nestle-la-lechera-celebra-el-dia-mundial-del-dulce-de-leche\/#primaryimage"},"thumbnailUrl":"https:\/\/el-perico.com\/wp-content\/uploads\/2022\/01\/VegetablesFoto-2-scaled-1.jpg","datePublished":"2016-10-11T15:40:42+00:00","breadcrumb":{"@id":"https:\/\/el-perico.com\/es\/espanol-nestle-la-lechera-celebra-el-dia-mundial-del-dulce-de-leche\/#breadcrumb"},"inLanguage":"es","potentialAction":[{"@type":"ReadAction","target":["https:\/\/el-perico.com\/es\/espanol-nestle-la-lechera-celebra-el-dia-mundial-del-dulce-de-leche\/"]}]},{"@type":"ImageObject","inLanguage":"es","@id":"https:\/\/el-perico.com\/es\/espanol-nestle-la-lechera-celebra-el-dia-mundial-del-dulce-de-leche\/#primaryimage","url":"https:\/\/el-perico.com\/wp-content\/uploads\/2022\/01\/VegetablesFoto-2-scaled-1.jpg","contentUrl":"https:\/\/el-perico.com\/wp-content\/uploads\/2022\/01\/VegetablesFoto-2-scaled-1.jpg","width":2560,"height":1707},{"@type":"BreadcrumbList","@id":"https:\/\/el-perico.com\/es\/espanol-nestle-la-lechera-celebra-el-dia-mundial-del-dulce-de-leche\/#breadcrumb","itemListElement":[{"@type":"ListItem","position":1,"name":"Home","item":"https:\/\/el-perico.com\/es\/"},{"@type":"ListItem","position":2,"name":"NESTL\u00c9\u00ae LA LECHERA\u00ae Celebra el Dia Mundial del Dulce de Leche"}]},{"@type":"WebSite","@id":"https:\/\/el-perico.com\/es\/#website","url":"https:\/\/el-perico.com\/es\/","name":"el perico","description":"La plataforma original de noticias e informaci\u00f3n para la comunidad hispana de Omaha","publisher":{"@id":"https:\/\/el-perico.com\/es\/#organization"},"potentialAction":[{"@type":"SearchAction","target":{"@type":"EntryPoint","urlTemplate":"https:\/\/el-perico.com\/es\/?s={search_term_string}"},"query-input":{"@type":"PropertyValueSpecification","valueRequired":true,"valueName":"search_term_string"}}],"inLanguage":"es"},{"@type":"Organization","@id":"https:\/\/el-perico.com\/es\/#organization","name":"el perico","url":"https:\/\/el-perico.com\/es\/","logo":{"@type":"ImageObject","inLanguage":"es","@id":"https:\/\/el-perico.com\/es\/#\/schema\/logo\/image\/","url":"https:\/\/el-perico.com\/wp-content\/uploads\/2024\/05\/ElPerico-Logo_NPM-1-e1717102187440.png","contentUrl":"https:\/\/el-perico.com\/wp-content\/uploads\/2024\/05\/ElPerico-Logo_NPM-1-e1717102187440.png","width":648,"height":216,"caption":"el perico"},"image":{"@id":"https:\/\/el-perico.com\/es\/#\/schema\/logo\/image\/"},"sameAs":["https:\/\/www.facebook.com\/elpericoomaha"]},{"@type":"Person","@id":"https:\/\/el-perico.com\/es\/#\/schema\/person\/1956e5e63b94d4bd0daf30675bdf4a93","name":"El Perico Staff","image":{"@type":"ImageObject","inLanguage":"es","@id":"https:\/\/secure.gravatar.com\/avatar\/701b23c665bfde9fd4d874d31feb4c16bf2ac173b2b0b7224dc39896d4cfc381?s=96&d=mm&r=g80b2efc5844e688a6ffb9340c789e4c4","url":"https:\/\/secure.gravatar.com\/avatar\/701b23c665bfde9fd4d874d31feb4c16bf2ac173b2b0b7224dc39896d4cfc381?s=96&d=mm&r=g","contentUrl":"https:\/\/secure.gravatar.com\/avatar\/701b23c665bfde9fd4d874d31feb4c16bf2ac173b2b0b7224dc39896d4cfc381?s=96&d=mm&r=g","caption":"El Perico Staff"},"sameAs":["https:\/\/el-perico.com"],"url":"https:\/\/el-perico.com\/es\/author\/af6f1d62_admin\/"}]}},"_links":{"self":[{"href":"https:\/\/el-perico.com\/es\/wp-json\/wp\/v2\/posts\/5420","targetHints":{"allow":["GET"]}}],"collection":[{"href":"https:\/\/el-perico.com\/es\/wp-json\/wp\/v2\/posts"}],"about":[{"href":"https:\/\/el-perico.com\/es\/wp-json\/wp\/v2\/types\/post"}],"author":[{"embeddable":true,"href":"https:\/\/el-perico.com\/es\/wp-json\/wp\/v2\/users\/1"}],"replies":[{"embeddable":true,"href":"https:\/\/el-perico.com\/es\/wp-json\/wp\/v2\/comments?post=5420"}],"version-history":[{"count":0,"href":"https:\/\/el-perico.com\/es\/wp-json\/wp\/v2\/posts\/5420\/revisions"}],"wp:featuredmedia":[{"embeddable":true,"href":"https:\/\/el-perico.com\/es\/wp-json\/wp\/v2\/media\/64"}],"wp:attachment":[{"href":"https:\/\/el-perico.com\/es\/wp-json\/wp\/v2\/media?parent=5420"}],"wp:term":[{"taxonomy":"category","embeddable":true,"href":"https:\/\/el-perico.com\/es\/wp-json\/wp\/v2\/categories?post=5420"},{"taxonomy":"post_tag","embeddable":true,"href":"https:\/\/el-perico.com\/es\/wp-json\/wp\/v2\/tags?post=5420"},{"taxonomy":"newspack_spnsrs_tax","embeddable":true,"href":"https:\/\/el-perico.com\/es\/wp-json\/wp\/v2\/newspack_spnsrs_tax?post=5420"},{"taxonomy":"author","embeddable":true,"href":"https:\/\/el-perico.com\/es\/wp-json\/wp\/v2\/coauthors?post=5420"}],"curies":[{"name":"wp","href":"https:\/\/api.w.org\/{rel}","templated":true}]}}