{"id":4770,"date":"2021-06-10T16:30:00","date_gmt":"2021-06-10T21:30:00","guid":{"rendered":"https:\/\/el-perico.com\/?p=4770"},"modified":"2022-03-02T23:31:49","modified_gmt":"2022-03-03T04:31:49","slug":"podra-obtener-una-vacuna-contra-el-covid-19-en-el-festival-del-cinco-de-mayo-este-sabado","status":"publish","type":"post","link":"https:\/\/el-perico.com\/es\/podra-obtener-una-vacuna-contra-el-covid-19-en-el-festival-del-cinco-de-mayo-este-sabado\/","title":{"rendered":"La gente podr\u00e1 obtener una vacuna contra el COVID-19 en el Festival de Cinco de Mayo este s\u00e1bado"},"content":{"rendered":"\n<div class=\"wp-block-image\"><figure class=\"alignright size-large is-resized\"><img loading=\"lazy\" decoding=\"async\" src=\"https:\/\/el-perico.com\/wp-content\/uploads\/2021\/06\/steven-cornfield-jWPNYZdGz78-unsplash-3-1024x683.jpg\" alt=\"\" class=\"wp-image-4778\" width=\"426\" height=\"284\"\/><figcaption>Las vacunas contra el COVID-19 son seguras y eficaces, seg\u00fan los Centros para el Control y la Prevenci\u00f3n de Enfermedades.\/Foto referencial por Steven Cornfield.<\/figcaption><\/figure><\/div>\n\n\n\n<p>Junto a las celebraciones del <a href=\"http:\/\/www.cincodemayoomaha.com\/\">festival de Cinco De Mayo<\/a> en el Sur de Omaha este fin de semana, la gente tendr\u00e1 la oportunidad de obtener la vacuna gratuita contra el COVID-19.<\/p>\n\n\n\n<p>Desde 11 a.m. hasta 4 p.m. este s\u00e1bado, cualquier persona mayor de 18 a\u00f1os podr\u00e1 acudir al <a href=\"https:\/\/www.pixanixim.org\/\">Centro de la Comunidad Maya Pixan Ixim<\/a>, ubicado frente a la Plaza de la Raza en 4913 S. 25 St., para ser vacunado.<\/p>\n\n\n\n<p>El evento est\u00e1 patrocinado por La Casa del Pueblo, el Departamento de Salud del Condado de Douglas y los proveedores de atenci\u00f3n m\u00e9dica locales. Trabajadores del departamento de salud del condado administrar\u00e1n la vacuna de Johnson &amp; Johnson.<\/p>\n\n\n\n<p>Las vacunas contra el COVID-19 son seguras, eficaces y recomendados como la forma m\u00e1s eficaz de detener la propagaci\u00f3n del virus, seg\u00fan <a href=\"https:\/\/espanol.cdc.gov\/coronavirus\/2019-ncov\/vaccines\/safety.html\">los Centros para el Control y la Prevenci\u00f3n de Enfermedades<\/a>.<\/p>\n\n\n\n<p>Aunque la vacuna est\u00e1 disponible para cualquier persona mayor de edad, aquellos que tienen 18 a\u00f1os deben estar acompa\u00f1ados por su padre o tutor legal. No se requiere el seguro m\u00e9dico para la vacunaci\u00f3n gratuita, y adem\u00e1s cuentan con personal biling\u00fce (ingl\u00e9s-espa\u00f1ol) que estar\u00e1n disponibles para ayudar a la gente.<\/p>\n\n\n\n<p>\u201cNosotros vemos esto como un esfuerzo del servicio de asistencia a la comunidad incre\u00edblemente importante\u201d, dijo Phil Rooney, Especialista en Recursos del Departamento de Salud del Condado de Douglas. <\/p>\n\n\n\n<p>En todo el condado, muchas cl\u00ednicas comunitarias est\u00e1n ofreciendo vacunas gratuitas regularmente. Usted puede encontrar uno cerca de usted en <a href=\"https:\/\/experience.arcgis.com\/experience\/8fff6357e90548da8a97e64a2d0338b4\/\">este mapa.<\/a> <\/p>\n\n\n\n<p>Puede encontrar m\u00e1s informaci\u00f3n sobre la vacuna COVID-19 en <a href=\"https:\/\/www.douglascountyhealth.com\/covid-19\/109-covid-19\/805-covid-19-vaccine-faq\">el sitio web<\/a> Departamento de Salud del Condado de Douglas. O bien puede comunicarse al 402-444-3400.<\/p>\n","protected":false},"excerpt":{"rendered":"<p>Junto a las celebraciones del festival de Cinco De Mayo en el Sur de Omaha este fin de semana, la gente tendr\u00e1 la oportunidad de obtener la vacuna gratuita contra el COVID-19. Desde 11 a.m. hasta 4 p.m. este s\u00e1bado, cualquier persona mayor de 18 a\u00f1os podr\u00e1 acudir al Centro de la Comunidad Maya Pixan [&hellip;]<\/p>\n","protected":false},"author":1,"featured_media":4778,"comment_status":"open","ping_status":"closed","sticky":false,"template":"","format":"standard","meta":{"newspack_ads_suppress_ads":false,"_newspack_byline_active":false,"_newspack_byline":"","newspack_hide_updated_date":false,"newspack_show_updated_date":false,"newspack_content_restriction_is_exempt":false,"newspack_featured_image_position":"","newspack_post_subtitle":"","newspack_article_summary_title":"Overview:","newspack_article_summary":"","footnotes":""},"categories":[46,45],"tags":[374,375,15,376],"newspack_spnsrs_tax":[],"coauthors":[1233],"class_list":["post-4770","post","type-post","status-publish","format-standard","has-post-thumbnail","hentry","category-reportaje","category-salud","tag-cinco-de-mayo-omaha","tag-latinoenomaha","tag-omaha-en","tag-vacunas-contra-covid-19","entry"],"yoast_head":"<!-- This site is optimized with the Yoast SEO plugin v27.5 - https:\/\/yoast.com\/product\/yoast-seo-wordpress\/ -->\n<title>La gente podr\u00e1 obtener una vacuna contra el COVID-19 en el Festival de Cinco de Mayo este s\u00e1bado - el perico<\/title>\n<meta name=\"description\" content=\"La cl\u00ednica contar\u00e1 con vacunaci\u00f3n gratuita contra el COVID-19 para cualquier persona mayor de 18 a\u00f1os, y estar\u00e1 ubicada cerca de la Plaza de la Raza.\" \/>\n<meta name=\"robots\" content=\"index, follow, max-snippet:-1, max-image-preview:large, max-video-preview:-1\" \/>\n<link rel=\"canonical\" href=\"https:\/\/el-perico.com\/es\/podra-obtener-una-vacuna-contra-el-covid-19-en-el-festival-del-cinco-de-mayo-este-sabado\/\" \/>\n<meta property=\"og:locale\" content=\"es_ES\" \/>\n<meta property=\"og:type\" content=\"article\" \/>\n<meta property=\"og:title\" content=\"La gente podr\u00e1 obtener una vacuna contra el COVID-19 en el Festival de Cinco de Mayo este s\u00e1bado - el perico\" \/>\n<meta property=\"og:description\" content=\"La cl\u00ednica contar\u00e1 con vacunaci\u00f3n gratuita contra el COVID-19 para cualquier persona mayor de 18 a\u00f1os, y estar\u00e1 ubicada cerca de la Plaza de la Raza.\" \/>\n<meta property=\"og:url\" content=\"https:\/\/el-perico.com\/es\/podra-obtener-una-vacuna-contra-el-covid-19-en-el-festival-del-cinco-de-mayo-este-sabado\/\" \/>\n<meta property=\"og:site_name\" content=\"el perico\" \/>\n<meta property=\"article:publisher\" content=\"https:\/\/www.facebook.com\/elpericoomaha\" \/>\n<meta property=\"article:published_time\" content=\"2021-06-10T21:30:00+00:00\" \/>\n<meta property=\"article:modified_time\" content=\"2022-03-03T04:31:49+00:00\" \/>\n<meta name=\"author\" content=\"El Perico Staff\" \/>\n<meta name=\"twitter:card\" content=\"summary_large_image\" \/>\n<meta name=\"twitter:label1\" content=\"Escrito por\" \/>\n\t<meta name=\"twitter:data1\" content=\"El Perico Staff\" \/>\n\t<meta name=\"twitter:label2\" content=\"Tiempo de lectura\" \/>\n\t<meta name=\"twitter:data2\" content=\"2 minutos\" \/>\n\t<meta name=\"twitter:label3\" content=\"Written by\" \/>\n\t<meta name=\"twitter:data3\" content=\"El Perico Staff\" \/>\n<script type=\"application\/ld+json\" class=\"yoast-schema-graph\">{\"@context\":\"https:\\\/\\\/schema.org\",\"@graph\":[{\"@type\":\"Article\",\"@id\":\"https:\\\/\\\/el-perico.com\\\/es\\\/podra-obtener-una-vacuna-contra-el-covid-19-en-el-festival-del-cinco-de-mayo-este-sabado\\\/#article\",\"isPartOf\":{\"@id\":\"https:\\\/\\\/el-perico.com\\\/es\\\/podra-obtener-una-vacuna-contra-el-covid-19-en-el-festival-del-cinco-de-mayo-este-sabado\\\/\"},\"author\":{\"name\":\"El Perico Staff\",\"@id\":\"https:\\\/\\\/el-perico.com\\\/es\\\/#\\\/schema\\\/person\\\/1956e5e63b94d4bd0daf30675bdf4a93\"},\"headline\":\"La gente podr\u00e1 obtener una vacuna contra el COVID-19 en el Festival de Cinco de Mayo este s\u00e1bado\",\"datePublished\":\"2021-06-10T21:30:00+00:00\",\"dateModified\":\"2022-03-03T04:31:49+00:00\",\"mainEntityOfPage\":{\"@id\":\"https:\\\/\\\/el-perico.com\\\/es\\\/podra-obtener-una-vacuna-contra-el-covid-19-en-el-festival-del-cinco-de-mayo-este-sabado\\\/\"},\"wordCount\":334,\"commentCount\":0,\"publisher\":{\"@id\":\"https:\\\/\\\/el-perico.com\\\/es\\\/#organization\"},\"image\":{\"@id\":\"https:\\\/\\\/el-perico.com\\\/es\\\/podra-obtener-una-vacuna-contra-el-covid-19-en-el-festival-del-cinco-de-mayo-este-sabado\\\/#primaryimage\"},\"thumbnailUrl\":\"\",\"keywords\":[\"Cinco de Mayo Omaha\",\"latinoenomaha\",\"omaha\",\"vacunas contra COVID-19\"],\"articleSection\":[\"Reportaje\",\"Salud\"],\"inLanguage\":\"es\",\"potentialAction\":[{\"@type\":\"CommentAction\",\"name\":\"Comment\",\"target\":[\"https:\\\/\\\/el-perico.com\\\/es\\\/podra-obtener-una-vacuna-contra-el-covid-19-en-el-festival-del-cinco-de-mayo-este-sabado\\\/#respond\"]}]},{\"@type\":\"WebPage\",\"@id\":\"https:\\\/\\\/el-perico.com\\\/es\\\/podra-obtener-una-vacuna-contra-el-covid-19-en-el-festival-del-cinco-de-mayo-este-sabado\\\/\",\"url\":\"https:\\\/\\\/el-perico.com\\\/es\\\/podra-obtener-una-vacuna-contra-el-covid-19-en-el-festival-del-cinco-de-mayo-este-sabado\\\/\",\"name\":\"La gente podr\u00e1 obtener una vacuna contra el COVID-19 en el Festival de Cinco de Mayo este s\u00e1bado - el perico\",\"isPartOf\":{\"@id\":\"https:\\\/\\\/el-perico.com\\\/es\\\/#website\"},\"primaryImageOfPage\":{\"@id\":\"https:\\\/\\\/el-perico.com\\\/es\\\/podra-obtener-una-vacuna-contra-el-covid-19-en-el-festival-del-cinco-de-mayo-este-sabado\\\/#primaryimage\"},\"image\":{\"@id\":\"https:\\\/\\\/el-perico.com\\\/es\\\/podra-obtener-una-vacuna-contra-el-covid-19-en-el-festival-del-cinco-de-mayo-este-sabado\\\/#primaryimage\"},\"thumbnailUrl\":\"\",\"datePublished\":\"2021-06-10T21:30:00+00:00\",\"dateModified\":\"2022-03-03T04:31:49+00:00\",\"description\":\"La cl\u00ednica contar\u00e1 con vacunaci\u00f3n gratuita contra el COVID-19 para cualquier persona mayor de 18 a\u00f1os, y estar\u00e1 ubicada cerca de la Plaza de la Raza.\",\"breadcrumb\":{\"@id\":\"https:\\\/\\\/el-perico.com\\\/es\\\/podra-obtener-una-vacuna-contra-el-covid-19-en-el-festival-del-cinco-de-mayo-este-sabado\\\/#breadcrumb\"},\"inLanguage\":\"es\",\"potentialAction\":[{\"@type\":\"ReadAction\",\"target\":[\"https:\\\/\\\/el-perico.com\\\/es\\\/podra-obtener-una-vacuna-contra-el-covid-19-en-el-festival-del-cinco-de-mayo-este-sabado\\\/\"]}]},{\"@type\":\"ImageObject\",\"inLanguage\":\"es\",\"@id\":\"https:\\\/\\\/el-perico.com\\\/es\\\/podra-obtener-una-vacuna-contra-el-covid-19-en-el-festival-del-cinco-de-mayo-este-sabado\\\/#primaryimage\",\"url\":\"\",\"contentUrl\":\"\"},{\"@type\":\"BreadcrumbList\",\"@id\":\"https:\\\/\\\/el-perico.com\\\/es\\\/podra-obtener-una-vacuna-contra-el-covid-19-en-el-festival-del-cinco-de-mayo-este-sabado\\\/#breadcrumb\",\"itemListElement\":[{\"@type\":\"ListItem\",\"position\":1,\"name\":\"Home\",\"item\":\"https:\\\/\\\/el-perico.com\\\/es\\\/\"},{\"@type\":\"ListItem\",\"position\":2,\"name\":\"La gente podr\u00e1 obtener una vacuna contra el COVID-19 en el Festival de Cinco de Mayo este s\u00e1bado\"}]},{\"@type\":\"WebSite\",\"@id\":\"https:\\\/\\\/el-perico.com\\\/es\\\/#website\",\"url\":\"https:\\\/\\\/el-perico.com\\\/es\\\/\",\"name\":\"el perico\",\"description\":\"La plataforma original de noticias e informaci\u00f3n para la comunidad hispana de Omaha\",\"publisher\":{\"@id\":\"https:\\\/\\\/el-perico.com\\\/es\\\/#organization\"},\"potentialAction\":[{\"@type\":\"SearchAction\",\"target\":{\"@type\":\"EntryPoint\",\"urlTemplate\":\"https:\\\/\\\/el-perico.com\\\/es\\\/?s={search_term_string}\"},\"query-input\":{\"@type\":\"PropertyValueSpecification\",\"valueRequired\":true,\"valueName\":\"search_term_string\"}}],\"inLanguage\":\"es\"},{\"@type\":\"Organization\",\"@id\":\"https:\\\/\\\/el-perico.com\\\/es\\\/#organization\",\"name\":\"el perico\",\"url\":\"https:\\\/\\\/el-perico.com\\\/es\\\/\",\"logo\":{\"@type\":\"ImageObject\",\"inLanguage\":\"es\",\"@id\":\"https:\\\/\\\/el-perico.com\\\/es\\\/#\\\/schema\\\/logo\\\/image\\\/\",\"url\":\"https:\\\/\\\/el-perico.com\\\/wp-content\\\/uploads\\\/2024\\\/05\\\/ElPerico-Logo_NPM-1-e1717102187440.png\",\"contentUrl\":\"https:\\\/\\\/el-perico.com\\\/wp-content\\\/uploads\\\/2024\\\/05\\\/ElPerico-Logo_NPM-1-e1717102187440.png\",\"width\":648,\"height\":216,\"caption\":\"el perico\"},\"image\":{\"@id\":\"https:\\\/\\\/el-perico.com\\\/es\\\/#\\\/schema\\\/logo\\\/image\\\/\"},\"sameAs\":[\"https:\\\/\\\/www.facebook.com\\\/elpericoomaha\"]},{\"@type\":\"Person\",\"@id\":\"https:\\\/\\\/el-perico.com\\\/es\\\/#\\\/schema\\\/person\\\/1956e5e63b94d4bd0daf30675bdf4a93\",\"name\":\"El Perico Staff\",\"image\":{\"@type\":\"ImageObject\",\"inLanguage\":\"es\",\"@id\":\"https:\\\/\\\/secure.gravatar.com\\\/avatar\\\/701b23c665bfde9fd4d874d31feb4c16bf2ac173b2b0b7224dc39896d4cfc381?s=96&d=mm&r=g80b2efc5844e688a6ffb9340c789e4c4\",\"url\":\"https:\\\/\\\/secure.gravatar.com\\\/avatar\\\/701b23c665bfde9fd4d874d31feb4c16bf2ac173b2b0b7224dc39896d4cfc381?s=96&d=mm&r=g\",\"contentUrl\":\"https:\\\/\\\/secure.gravatar.com\\\/avatar\\\/701b23c665bfde9fd4d874d31feb4c16bf2ac173b2b0b7224dc39896d4cfc381?s=96&d=mm&r=g\",\"caption\":\"El Perico Staff\"},\"sameAs\":[\"https:\\\/\\\/el-perico.com\"],\"url\":\"https:\\\/\\\/el-perico.com\\\/es\\\/author\\\/af6f1d62_admin\\\/\"}]}<\/script>\n<!-- \/ Yoast SEO plugin. -->","yoast_head_json":{"title":"La gente podr\u00e1 obtener una vacuna contra el COVID-19 en el Festival de Cinco de Mayo este s\u00e1bado - el perico","description":"La cl\u00ednica contar\u00e1 con vacunaci\u00f3n gratuita contra el COVID-19 para cualquier persona mayor de 18 a\u00f1os, y estar\u00e1 ubicada cerca de la Plaza de la Raza.","robots":{"index":"index","follow":"follow","max-snippet":"max-snippet:-1","max-image-preview":"max-image-preview:large","max-video-preview":"max-video-preview:-1"},"canonical":"https:\/\/el-perico.com\/es\/podra-obtener-una-vacuna-contra-el-covid-19-en-el-festival-del-cinco-de-mayo-este-sabado\/","og_locale":"es_ES","og_type":"article","og_title":"La gente podr\u00e1 obtener una vacuna contra el COVID-19 en el Festival de Cinco de Mayo este s\u00e1bado - el perico","og_description":"La cl\u00ednica contar\u00e1 con vacunaci\u00f3n gratuita contra el COVID-19 para cualquier persona mayor de 18 a\u00f1os, y estar\u00e1 ubicada cerca de la Plaza de la Raza.","og_url":"https:\/\/el-perico.com\/es\/podra-obtener-una-vacuna-contra-el-covid-19-en-el-festival-del-cinco-de-mayo-este-sabado\/","og_site_name":"el perico","article_publisher":"https:\/\/www.facebook.com\/elpericoomaha","article_published_time":"2021-06-10T21:30:00+00:00","article_modified_time":"2022-03-03T04:31:49+00:00","author":"El Perico Staff","twitter_card":"summary_large_image","twitter_misc":{"Escrito por":"El Perico Staff","Tiempo de lectura":"2 minutos","Written by":"El Perico Staff"},"schema":{"@context":"https:\/\/schema.org","@graph":[{"@type":"Article","@id":"https:\/\/el-perico.com\/es\/podra-obtener-una-vacuna-contra-el-covid-19-en-el-festival-del-cinco-de-mayo-este-sabado\/#article","isPartOf":{"@id":"https:\/\/el-perico.com\/es\/podra-obtener-una-vacuna-contra-el-covid-19-en-el-festival-del-cinco-de-mayo-este-sabado\/"},"author":{"name":"El Perico Staff","@id":"https:\/\/el-perico.com\/es\/#\/schema\/person\/1956e5e63b94d4bd0daf30675bdf4a93"},"headline":"La gente podr\u00e1 obtener una vacuna contra el COVID-19 en el Festival de Cinco de Mayo este s\u00e1bado","datePublished":"2021-06-10T21:30:00+00:00","dateModified":"2022-03-03T04:31:49+00:00","mainEntityOfPage":{"@id":"https:\/\/el-perico.com\/es\/podra-obtener-una-vacuna-contra-el-covid-19-en-el-festival-del-cinco-de-mayo-este-sabado\/"},"wordCount":334,"commentCount":0,"publisher":{"@id":"https:\/\/el-perico.com\/es\/#organization"},"image":{"@id":"https:\/\/el-perico.com\/es\/podra-obtener-una-vacuna-contra-el-covid-19-en-el-festival-del-cinco-de-mayo-este-sabado\/#primaryimage"},"thumbnailUrl":"","keywords":["Cinco de Mayo Omaha","latinoenomaha","omaha","vacunas contra COVID-19"],"articleSection":["Reportaje","Salud"],"inLanguage":"es","potentialAction":[{"@type":"CommentAction","name":"Comment","target":["https:\/\/el-perico.com\/es\/podra-obtener-una-vacuna-contra-el-covid-19-en-el-festival-del-cinco-de-mayo-este-sabado\/#respond"]}]},{"@type":"WebPage","@id":"https:\/\/el-perico.com\/es\/podra-obtener-una-vacuna-contra-el-covid-19-en-el-festival-del-cinco-de-mayo-este-sabado\/","url":"https:\/\/el-perico.com\/es\/podra-obtener-una-vacuna-contra-el-covid-19-en-el-festival-del-cinco-de-mayo-este-sabado\/","name":"La gente podr\u00e1 obtener una vacuna contra el COVID-19 en el Festival de Cinco de Mayo este s\u00e1bado - el perico","isPartOf":{"@id":"https:\/\/el-perico.com\/es\/#website"},"primaryImageOfPage":{"@id":"https:\/\/el-perico.com\/es\/podra-obtener-una-vacuna-contra-el-covid-19-en-el-festival-del-cinco-de-mayo-este-sabado\/#primaryimage"},"image":{"@id":"https:\/\/el-perico.com\/es\/podra-obtener-una-vacuna-contra-el-covid-19-en-el-festival-del-cinco-de-mayo-este-sabado\/#primaryimage"},"thumbnailUrl":"","datePublished":"2021-06-10T21:30:00+00:00","dateModified":"2022-03-03T04:31:49+00:00","description":"La cl\u00ednica contar\u00e1 con vacunaci\u00f3n gratuita contra el COVID-19 para cualquier persona mayor de 18 a\u00f1os, y estar\u00e1 ubicada cerca de la Plaza de la Raza.","breadcrumb":{"@id":"https:\/\/el-perico.com\/es\/podra-obtener-una-vacuna-contra-el-covid-19-en-el-festival-del-cinco-de-mayo-este-sabado\/#breadcrumb"},"inLanguage":"es","potentialAction":[{"@type":"ReadAction","target":["https:\/\/el-perico.com\/es\/podra-obtener-una-vacuna-contra-el-covid-19-en-el-festival-del-cinco-de-mayo-este-sabado\/"]}]},{"@type":"ImageObject","inLanguage":"es","@id":"https:\/\/el-perico.com\/es\/podra-obtener-una-vacuna-contra-el-covid-19-en-el-festival-del-cinco-de-mayo-este-sabado\/#primaryimage","url":"","contentUrl":""},{"@type":"BreadcrumbList","@id":"https:\/\/el-perico.com\/es\/podra-obtener-una-vacuna-contra-el-covid-19-en-el-festival-del-cinco-de-mayo-este-sabado\/#breadcrumb","itemListElement":[{"@type":"ListItem","position":1,"name":"Home","item":"https:\/\/el-perico.com\/es\/"},{"@type":"ListItem","position":2,"name":"La gente podr\u00e1 obtener una vacuna contra el COVID-19 en el Festival de Cinco de Mayo este s\u00e1bado"}]},{"@type":"WebSite","@id":"https:\/\/el-perico.com\/es\/#website","url":"https:\/\/el-perico.com\/es\/","name":"el perico","description":"La plataforma original de noticias e informaci\u00f3n para la comunidad hispana de Omaha","publisher":{"@id":"https:\/\/el-perico.com\/es\/#organization"},"potentialAction":[{"@type":"SearchAction","target":{"@type":"EntryPoint","urlTemplate":"https:\/\/el-perico.com\/es\/?s={search_term_string}"},"query-input":{"@type":"PropertyValueSpecification","valueRequired":true,"valueName":"search_term_string"}}],"inLanguage":"es"},{"@type":"Organization","@id":"https:\/\/el-perico.com\/es\/#organization","name":"el perico","url":"https:\/\/el-perico.com\/es\/","logo":{"@type":"ImageObject","inLanguage":"es","@id":"https:\/\/el-perico.com\/es\/#\/schema\/logo\/image\/","url":"https:\/\/el-perico.com\/wp-content\/uploads\/2024\/05\/ElPerico-Logo_NPM-1-e1717102187440.png","contentUrl":"https:\/\/el-perico.com\/wp-content\/uploads\/2024\/05\/ElPerico-Logo_NPM-1-e1717102187440.png","width":648,"height":216,"caption":"el perico"},"image":{"@id":"https:\/\/el-perico.com\/es\/#\/schema\/logo\/image\/"},"sameAs":["https:\/\/www.facebook.com\/elpericoomaha"]},{"@type":"Person","@id":"https:\/\/el-perico.com\/es\/#\/schema\/person\/1956e5e63b94d4bd0daf30675bdf4a93","name":"El Perico Staff","image":{"@type":"ImageObject","inLanguage":"es","@id":"https:\/\/secure.gravatar.com\/avatar\/701b23c665bfde9fd4d874d31feb4c16bf2ac173b2b0b7224dc39896d4cfc381?s=96&d=mm&r=g80b2efc5844e688a6ffb9340c789e4c4","url":"https:\/\/secure.gravatar.com\/avatar\/701b23c665bfde9fd4d874d31feb4c16bf2ac173b2b0b7224dc39896d4cfc381?s=96&d=mm&r=g","contentUrl":"https:\/\/secure.gravatar.com\/avatar\/701b23c665bfde9fd4d874d31feb4c16bf2ac173b2b0b7224dc39896d4cfc381?s=96&d=mm&r=g","caption":"El Perico Staff"},"sameAs":["https:\/\/el-perico.com"],"url":"https:\/\/el-perico.com\/es\/author\/af6f1d62_admin\/"}]}},"_links":{"self":[{"href":"https:\/\/el-perico.com\/es\/wp-json\/wp\/v2\/posts\/4770","targetHints":{"allow":["GET"]}}],"collection":[{"href":"https:\/\/el-perico.com\/es\/wp-json\/wp\/v2\/posts"}],"about":[{"href":"https:\/\/el-perico.com\/es\/wp-json\/wp\/v2\/types\/post"}],"author":[{"embeddable":true,"href":"https:\/\/el-perico.com\/es\/wp-json\/wp\/v2\/users\/1"}],"replies":[{"embeddable":true,"href":"https:\/\/el-perico.com\/es\/wp-json\/wp\/v2\/comments?post=4770"}],"version-history":[{"count":1,"href":"https:\/\/el-perico.com\/es\/wp-json\/wp\/v2\/posts\/4770\/revisions"}],"predecessor-version":[{"id":5889,"href":"https:\/\/el-perico.com\/es\/wp-json\/wp\/v2\/posts\/4770\/revisions\/5889"}],"wp:featuredmedia":[{"embeddable":true,"href":"https:\/\/el-perico.com\/es\/wp-json\/"}],"wp:attachment":[{"href":"https:\/\/el-perico.com\/es\/wp-json\/wp\/v2\/media?parent=4770"}],"wp:term":[{"taxonomy":"category","embeddable":true,"href":"https:\/\/el-perico.com\/es\/wp-json\/wp\/v2\/categories?post=4770"},{"taxonomy":"post_tag","embeddable":true,"href":"https:\/\/el-perico.com\/es\/wp-json\/wp\/v2\/tags?post=4770"},{"taxonomy":"newspack_spnsrs_tax","embeddable":true,"href":"https:\/\/el-perico.com\/es\/wp-json\/wp\/v2\/newspack_spnsrs_tax?post=4770"},{"taxonomy":"author","embeddable":true,"href":"https:\/\/el-perico.com\/es\/wp-json\/wp\/v2\/coauthors?post=4770"}],"curies":[{"name":"wp","href":"https:\/\/api.w.org\/{rel}","templated":true}]}}