{"id":4627,"date":"2021-04-12T18:38:27","date_gmt":"2021-04-12T23:38:27","guid":{"rendered":"https:\/\/el-perico.com\/?p=4627"},"modified":"2022-03-03T00:24:38","modified_gmt":"2022-03-03T05:24:38","slug":"mujeres-a-la-cabeza-del-negocio","status":"publish","type":"post","link":"https:\/\/el-perico.com\/es\/mujeres-a-la-cabeza-del-negocio\/","title":{"rendered":"Mujeres a la cabeza del negocio"},"content":{"rendered":"\n<p>Durante la historia las mujeres han tenido que luchar contra el llamado \u201ctecho de cristal\u201d para acceder a algunos puestos laborales. Sin embargo, algunas deciden ser sus propias jefes a pesar de lidiar con el machismo arraigado en la cultura latina. Aqu\u00ed traemos tres de las tantas historias de hispanas en Omaha que rompieron ese techo y decidieron emprender sus propios negocios.&nbsp;<\/p>\n\n\n\n<p><strong>Del <em>daycare<\/em> a la excavaci\u00f3n<\/strong><\/p>\n\n\n\n<div class=\"wp-block-image\"><figure class=\"alignright size-large is-resized\"><img loading=\"lazy\" decoding=\"async\" src=\"https:\/\/el-perico.com\/wp-content\/uploads\/2021\/04\/Flor-campos-1-1024x738.jpg\" alt=\"\" class=\"wp-image-4628\" width=\"491\" height=\"354\"\/><figcaption>Flor Campo dijo en marzo que acaba de adquirir la nueva excavadora que mejorar\u00e1 el trabajo que actualmente hace. Foto Karlha Vel\u00e1squez. <\/figcaption><\/figure><\/div>\n\n\n\n<p><\/p>\n\n\n\n<p>Flor Campos naci\u00f3 en Texas y creci\u00f3 lejos de sus padres. En 2003, se muda a Omaha donde conoci\u00f3 a Susan Aguilera Robles quien la apoy\u00f3 ofreci\u00e9ndole trabajo y siendo su mentora. En el proceso descubri\u00f3 que quer\u00eda cuidar ni\u00f1os y emprender un negocio. \u201cYo siempre he sido bien atrabancada y me propongo hacer las cosas con organizaci\u00f3n\u201d, dijo<\/p>\n\n\n\n<p>Con un plan de negocio se present\u00f3 al banco para pedir un pr\u00e9stamo y en 2017 mont\u00f3 una guarder\u00eda de 24 horas y sus principales clientes eran trabajadores de la salud y de las empaquetadoras. \u201cMe iba bien. Llegu\u00e9 a cotizar anualmente $55 000 y pagu\u00e9&nbsp;mi&nbsp;deuda\u201d.<\/p>\n\n\n\n<p>Con la pandemia en 2020, Campos tuvo que cerrar la guarder\u00eda. Su actual pareja le propuso crear una empresa de excavaciones. No lo pens\u00f3 mucho y con un plan de negocio&nbsp;en manos y sus buenas referencias logr\u00f3&nbsp;un cr\u00e9dito de $90 000 para la compra de maquinaria adecuada. As\u00ed fund\u00f3&nbsp;Emmpire&nbsp;Underground LLC y su pareja se ali\u00f3.<\/p>\n\n\n\n<p>La empresa se encarga de instalar de ductos subterr\u00e1neos \u2013 con los permisos aprobados &#8211; que sirven de protecci\u00f3n para el cableado de sus contratantes. \u201cTenemos contratos con Verizon y Centurylink&nbsp;por ahora, entre otras empresas. Hemos sido exitosos\u201d, dijo.<\/p>\n\n\n\n<p>Su mayor obst\u00e1culo, cuenta, es que en ocasiones se enfrenta con el machismo latino. \u201cCuando tengo que llamar para conocer el progreso de la obra y me atienden mexicanos, me ponen peros y me piden hablar con el jefe. Entonces debo apersonarme con mi pareja para que me escuchen. Es triste, pero tener la presencia de un hombre al lado es necesaria a la hora de tratar con los obreros. A mi me gusta hacer las cosas bien y profesionalmente\u201d, se\u00f1al\u00f3.<\/p>\n\n\n\n<p>Flor espera reabrir la guarder\u00eda cuando se del escenario y se pueda volver a la normalidad.<\/p>\n\n\n\n<p><strong>El <\/strong><strong>chinchorro boricua <\/strong><strong>en Omaha<\/strong><\/p>\n\n\n\n<div class=\"wp-block-image\"><figure class=\"alignleft size-large is-resized\"><img loading=\"lazy\" decoding=\"async\" src=\"https:\/\/el-perico.com\/wp-content\/uploads\/2021\/04\/Ellis-2-1024x683.jpg\" alt=\"\" class=\"wp-image-4630\" width=\"514\" height=\"342\"\/><figcaption>Debido al Covid Elie tuvo que cerrar su negocio f\u00edsico temporalmente, pero sigue ofreciendo sus mejores platos a sus fieles clientes. Foto hecha en marzo de 2021 por Karlha Vel\u00e1squez.<\/figcaption><\/figure><\/div>\n\n\n\n<p>Tras divorciarse en Puerto Rico, Elie&nbsp;Berchal lleg\u00f3 a Omaha en 2009 para darle un mejor futuro para ella y sus hijos que estaban en la universidad, as\u00ed que consigui\u00f3 trabajo en Omaha Steak, pero debido a los movimientos repetitivos que hac\u00eda dentro de la empaquetadora se lastim\u00f3 la mano y tuvo que dejar ese trabajo. Deb\u00eda apoyar el futuro acad\u00e9mico de sus hijos y tambi\u00e9n de su hija menor que hab\u00eda dado a luz.<\/p>\n\n\n\n<p>\u201cEn este camino uno bota l\u00e1grimas. Estaba soltera y sab\u00eda que ten\u00eda que hacer algo para ayudar a mis hijos. Record\u00e9 las palabras de mi abuela que me dec\u00eda que haga lo que me apasione y que lo haga bien, as\u00ed que decid\u00ed hacer lo que mejor s\u00e9 hacer: cocinar\u201d, dijo.<\/p>\n\n\n\n<p>Berchal&nbsp;promocion\u00f3 sus platos en varias partes, incluyendo en la festividad de Cinco de Mayo, en donde vendi\u00f3 absolutamente todo. Decidi\u00f3 negociar peque\u00f1o espacio en una discoteca para emprender El Chinchorro Boricua. Este operaba de 11 am a 8 pm.<\/p>\n\n\n\n<p>En el argot puertorrique\u00f1o la palabra chinchorro quiere decir un local peque\u00f1o y r\u00fastico que vende comida y la familia comparte y hace peque\u00f1as celebraciones. As\u00ed este ser\u00eda el primer restaurante boricua del estado de Nebraska. Su negocio iba viento en popa al punto que varias empresas le ped\u00edan hacer catering. Pero con la pandemia en 2020&nbsp;cerr\u00f3 el local f\u00edsico, pero El Chinchorro Boricua sigue operando itinerante y todav\u00eda antiguos clientes fieles llaman a Elie por sus maravillosos platos con sabor caribe\u00f1o.<\/p>\n\n\n\n<p><strong>Las sales curativa<\/strong>s<\/p>\n\n\n\n<div class=\"wp-block-image\"><figure class=\"alignright size-large is-resized\"><img loading=\"lazy\" decoding=\"async\" src=\"https:\/\/el-perico.com\/wp-content\/uploads\/2021\/04\/Jenifer-7-1024x773.jpg\" alt=\"\" class=\"wp-image-4631\" width=\"425\" height=\"321\"\/><figcaption>La salvadore\u00f1a Goldstrom lleg\u00f3 a EEUU sin nada en sus manos, ahora tiene en ellas su propio negocio de Spa con sal. Foto Karlha Vel\u00e1squez.<\/figcaption><\/figure><\/div>\n\n\n\n<p>Yesenia Goldstrom&nbsp;lleg\u00f3 como indocumentada a Estados Unidos a finales de los 90 en busca de mejor vida. Con poco dominio del ingl\u00e9s estudi\u00f3 en la escuela de masajista en Omaha. Y cuenta que durante ese periodo hab\u00eda recibido muchas cr\u00edticas por parte de algunos latinos. \u201cMe dec\u00edan que era una ilegal y que por eso me dieron papeles y que \u2018yo hice lo correcto y a m\u00ed me ha costado\u2019\u201d.<\/p>\n\n\n\n<p>Las cr\u00edticas no amilanaron a Goldstrom, y continu\u00f3 sus estudios con el apoyo de su esposo, hasta que se gradu\u00f3. Tuvo que presentar un examen nacional en ingl\u00e9s para poder ejercer como masajista terapeuta. Su marido la inst\u00f3 a sacarle provecho a la fuerza de sus manos y a todo el conocimiento adquirido. As\u00ed que alquil\u00f3 un cuarto peque\u00f1o en una tienda que estaba ubicada en entre las calles Leavenworth y 37th.<\/p>\n\n\n\n<p>Pero quer\u00eda buscar espacios m\u00e1s grandes pero esta vez con algo novedoso. Decidi\u00f3 usar terapias de sal con fines homeop\u00e1ticos usada desde la antig\u00fcedad. Fue as\u00ed que acondicion\u00f3 un local de manera que todo quedase en armon\u00eda y fund\u00f3 Salt and Spa en 2016. La salvadore\u00f1a cuid\u00f3 los detalles de su nuevo local y ofrece un servicio de punta con un cat\u00e1logo amplio de opciones para el cuidado f\u00edsico. El lugar fue decorado cuidando la armon\u00eda de los colores, olores, muebler\u00eda y adem\u00e1s bloques de sal en paredes, l\u00e1mparas, que tambi\u00e9n forman parte de su tratamiento.&nbsp;Aparte de los masajes, tambi\u00e9n ofrece asesoramiento con productos para el cuidado de la piel. Actualmente el local est\u00e1 ubicado en&nbsp;7822 Wakeley Plaza Omaha.<\/p>\n\n\n\n<div class=\"wp-block-image\"><figure class=\"aligncenter size-large is-resized\"><img loading=\"lazy\" decoding=\"async\" src=\"https:\/\/el-perico.com\/wp-content\/uploads\/2021\/04\/Jenifer-13-1024x683.jpg\" alt=\"\" class=\"wp-image-4632\" width=\"647\" height=\"431\"\/><figcaption>Sala de espera a la entrada del Spa.<\/figcaption><\/figure><\/div>\n\n\n\n<p><\/p>\n","protected":false},"excerpt":{"rendered":"<p>Durante la historia las mujeres han tenido que luchar contra el llamado \u201ctecho de cristal\u201d para acceder a algunos puestos laborales. Sin embargo, algunas deciden ser sus propias jefes a pesar de lidiar con el machismo arraigado en la cultura latina. Aqu\u00ed traemos tres de las tantas historias de hispanas en Omaha que rompieron ese [&hellip;]<\/p>\n","protected":false},"author":1,"featured_media":4628,"comment_status":"open","ping_status":"closed","sticky":false,"template":"","format":"standard","meta":{"newspack_ads_suppress_ads":false,"_newspack_byline_active":false,"_newspack_byline":"","newspack_hide_updated_date":false,"newspack_show_updated_date":false,"newspack_content_restriction_is_exempt":false,"newspack_featured_image_position":"","newspack_post_subtitle":"","newspack_article_summary_title":"Overview:","newspack_article_summary":"","footnotes":""},"categories":[39,46],"tags":[50,343,344,213,345,12,346,15,347],"newspack_spnsrs_tax":[],"coauthors":[1233],"class_list":["post-4627","post","type-post","status-publish","format-standard","has-post-thumbnail","hentry","category-comunidad","category-reportaje","tag-covid-19","tag-emprendedoras","tag-entrepreneurs","tag-hispanos","tag-latinas","tag-latinos-en","tag-mujeres","tag-omaha-en","tag-women","entry"],"yoast_head":"<!-- This site is optimized with the Yoast SEO plugin v27.5 - https:\/\/yoast.com\/product\/yoast-seo-wordpress\/ -->\n<title>Mujeres a la cabeza del negocio - el perico<\/title>\n<meta name=\"robots\" content=\"index, follow, max-snippet:-1, max-image-preview:large, max-video-preview:-1\" \/>\n<link rel=\"canonical\" href=\"https:\/\/el-perico.com\/es\/mujeres-a-la-cabeza-del-negocio\/\" \/>\n<meta property=\"og:locale\" content=\"es_ES\" \/>\n<meta property=\"og:type\" content=\"article\" \/>\n<meta property=\"og:title\" content=\"Mujeres a la cabeza del negocio - el perico\" \/>\n<meta property=\"og:description\" content=\"Durante la historia las mujeres han tenido que luchar contra el llamado \u201ctecho de cristal\u201d para acceder a algunos puestos laborales. Sin embargo, algunas deciden ser sus propias jefes a pesar de lidiar con el machismo arraigado en la cultura latina. Aqu\u00ed traemos tres de las tantas historias de hispanas en Omaha que rompieron ese [&hellip;]\" \/>\n<meta property=\"og:url\" content=\"https:\/\/el-perico.com\/es\/mujeres-a-la-cabeza-del-negocio\/\" \/>\n<meta property=\"og:site_name\" content=\"el perico\" \/>\n<meta property=\"article:publisher\" content=\"https:\/\/www.facebook.com\/elpericoomaha\" \/>\n<meta property=\"article:published_time\" content=\"2021-04-12T23:38:27+00:00\" \/>\n<meta property=\"article:modified_time\" content=\"2022-03-03T05:24:38+00:00\" \/>\n<meta name=\"author\" content=\"El Perico Staff\" \/>\n<meta name=\"twitter:card\" content=\"summary_large_image\" \/>\n<meta name=\"twitter:label1\" content=\"Escrito por\" \/>\n\t<meta name=\"twitter:data1\" content=\"El Perico Staff\" \/>\n\t<meta name=\"twitter:label2\" content=\"Tiempo de lectura\" \/>\n\t<meta name=\"twitter:data2\" content=\"6 minutos\" \/>\n\t<meta name=\"twitter:label3\" content=\"Written by\" \/>\n\t<meta name=\"twitter:data3\" content=\"El Perico Staff\" \/>\n<script type=\"application\/ld+json\" class=\"yoast-schema-graph\">{\"@context\":\"https:\\\/\\\/schema.org\",\"@graph\":[{\"@type\":\"Article\",\"@id\":\"https:\\\/\\\/el-perico.com\\\/es\\\/mujeres-a-la-cabeza-del-negocio\\\/#article\",\"isPartOf\":{\"@id\":\"https:\\\/\\\/el-perico.com\\\/es\\\/mujeres-a-la-cabeza-del-negocio\\\/\"},\"author\":{\"name\":\"El Perico Staff\",\"@id\":\"https:\\\/\\\/el-perico.com\\\/es\\\/#\\\/schema\\\/person\\\/1956e5e63b94d4bd0daf30675bdf4a93\"},\"headline\":\"Mujeres a la cabeza del negocio\",\"datePublished\":\"2021-04-12T23:38:27+00:00\",\"dateModified\":\"2022-03-03T05:24:38+00:00\",\"mainEntityOfPage\":{\"@id\":\"https:\\\/\\\/el-perico.com\\\/es\\\/mujeres-a-la-cabeza-del-negocio\\\/\"},\"wordCount\":1038,\"commentCount\":0,\"publisher\":{\"@id\":\"https:\\\/\\\/el-perico.com\\\/es\\\/#organization\"},\"image\":{\"@id\":\"https:\\\/\\\/el-perico.com\\\/es\\\/mujeres-a-la-cabeza-del-negocio\\\/#primaryimage\"},\"thumbnailUrl\":\"\",\"keywords\":[\"COVID-19\",\"emprendedoras\",\"entrepreneurs\",\"hispanos\",\"latinas\",\"latinos\",\"mujeres\",\"omaha\",\"women\"],\"articleSection\":[\"Comunidad\",\"Reportaje\"],\"inLanguage\":\"es\",\"potentialAction\":[{\"@type\":\"CommentAction\",\"name\":\"Comment\",\"target\":[\"https:\\\/\\\/el-perico.com\\\/es\\\/mujeres-a-la-cabeza-del-negocio\\\/#respond\"]}]},{\"@type\":\"WebPage\",\"@id\":\"https:\\\/\\\/el-perico.com\\\/es\\\/mujeres-a-la-cabeza-del-negocio\\\/\",\"url\":\"https:\\\/\\\/el-perico.com\\\/es\\\/mujeres-a-la-cabeza-del-negocio\\\/\",\"name\":\"Mujeres a la cabeza del negocio - el perico\",\"isPartOf\":{\"@id\":\"https:\\\/\\\/el-perico.com\\\/es\\\/#website\"},\"primaryImageOfPage\":{\"@id\":\"https:\\\/\\\/el-perico.com\\\/es\\\/mujeres-a-la-cabeza-del-negocio\\\/#primaryimage\"},\"image\":{\"@id\":\"https:\\\/\\\/el-perico.com\\\/es\\\/mujeres-a-la-cabeza-del-negocio\\\/#primaryimage\"},\"thumbnailUrl\":\"\",\"datePublished\":\"2021-04-12T23:38:27+00:00\",\"dateModified\":\"2022-03-03T05:24:38+00:00\",\"breadcrumb\":{\"@id\":\"https:\\\/\\\/el-perico.com\\\/es\\\/mujeres-a-la-cabeza-del-negocio\\\/#breadcrumb\"},\"inLanguage\":\"es\",\"potentialAction\":[{\"@type\":\"ReadAction\",\"target\":[\"https:\\\/\\\/el-perico.com\\\/es\\\/mujeres-a-la-cabeza-del-negocio\\\/\"]}]},{\"@type\":\"ImageObject\",\"inLanguage\":\"es\",\"@id\":\"https:\\\/\\\/el-perico.com\\\/es\\\/mujeres-a-la-cabeza-del-negocio\\\/#primaryimage\",\"url\":\"\",\"contentUrl\":\"\"},{\"@type\":\"BreadcrumbList\",\"@id\":\"https:\\\/\\\/el-perico.com\\\/es\\\/mujeres-a-la-cabeza-del-negocio\\\/#breadcrumb\",\"itemListElement\":[{\"@type\":\"ListItem\",\"position\":1,\"name\":\"Home\",\"item\":\"https:\\\/\\\/el-perico.com\\\/es\\\/\"},{\"@type\":\"ListItem\",\"position\":2,\"name\":\"Mujeres a la cabeza del negocio\"}]},{\"@type\":\"WebSite\",\"@id\":\"https:\\\/\\\/el-perico.com\\\/es\\\/#website\",\"url\":\"https:\\\/\\\/el-perico.com\\\/es\\\/\",\"name\":\"el perico\",\"description\":\"La plataforma original de noticias e informaci\u00f3n para la comunidad hispana de Omaha\",\"publisher\":{\"@id\":\"https:\\\/\\\/el-perico.com\\\/es\\\/#organization\"},\"potentialAction\":[{\"@type\":\"SearchAction\",\"target\":{\"@type\":\"EntryPoint\",\"urlTemplate\":\"https:\\\/\\\/el-perico.com\\\/es\\\/?s={search_term_string}\"},\"query-input\":{\"@type\":\"PropertyValueSpecification\",\"valueRequired\":true,\"valueName\":\"search_term_string\"}}],\"inLanguage\":\"es\"},{\"@type\":\"Organization\",\"@id\":\"https:\\\/\\\/el-perico.com\\\/es\\\/#organization\",\"name\":\"el perico\",\"url\":\"https:\\\/\\\/el-perico.com\\\/es\\\/\",\"logo\":{\"@type\":\"ImageObject\",\"inLanguage\":\"es\",\"@id\":\"https:\\\/\\\/el-perico.com\\\/es\\\/#\\\/schema\\\/logo\\\/image\\\/\",\"url\":\"https:\\\/\\\/el-perico.com\\\/wp-content\\\/uploads\\\/2024\\\/05\\\/ElPerico-Logo_NPM-1-e1717102187440.png\",\"contentUrl\":\"https:\\\/\\\/el-perico.com\\\/wp-content\\\/uploads\\\/2024\\\/05\\\/ElPerico-Logo_NPM-1-e1717102187440.png\",\"width\":648,\"height\":216,\"caption\":\"el perico\"},\"image\":{\"@id\":\"https:\\\/\\\/el-perico.com\\\/es\\\/#\\\/schema\\\/logo\\\/image\\\/\"},\"sameAs\":[\"https:\\\/\\\/www.facebook.com\\\/elpericoomaha\"]},{\"@type\":\"Person\",\"@id\":\"https:\\\/\\\/el-perico.com\\\/es\\\/#\\\/schema\\\/person\\\/1956e5e63b94d4bd0daf30675bdf4a93\",\"name\":\"El Perico Staff\",\"image\":{\"@type\":\"ImageObject\",\"inLanguage\":\"es\",\"@id\":\"https:\\\/\\\/secure.gravatar.com\\\/avatar\\\/701b23c665bfde9fd4d874d31feb4c16bf2ac173b2b0b7224dc39896d4cfc381?s=96&d=mm&r=g80b2efc5844e688a6ffb9340c789e4c4\",\"url\":\"https:\\\/\\\/secure.gravatar.com\\\/avatar\\\/701b23c665bfde9fd4d874d31feb4c16bf2ac173b2b0b7224dc39896d4cfc381?s=96&d=mm&r=g\",\"contentUrl\":\"https:\\\/\\\/secure.gravatar.com\\\/avatar\\\/701b23c665bfde9fd4d874d31feb4c16bf2ac173b2b0b7224dc39896d4cfc381?s=96&d=mm&r=g\",\"caption\":\"El Perico Staff\"},\"sameAs\":[\"https:\\\/\\\/el-perico.com\"],\"url\":\"https:\\\/\\\/el-perico.com\\\/es\\\/author\\\/af6f1d62_admin\\\/\"}]}<\/script>\n<!-- \/ Yoast SEO plugin. -->","yoast_head_json":{"title":"Mujeres a la cabeza del negocio - el perico","robots":{"index":"index","follow":"follow","max-snippet":"max-snippet:-1","max-image-preview":"max-image-preview:large","max-video-preview":"max-video-preview:-1"},"canonical":"https:\/\/el-perico.com\/es\/mujeres-a-la-cabeza-del-negocio\/","og_locale":"es_ES","og_type":"article","og_title":"Mujeres a la cabeza del negocio - el perico","og_description":"Durante la historia las mujeres han tenido que luchar contra el llamado \u201ctecho de cristal\u201d para acceder a algunos puestos laborales. Sin embargo, algunas deciden ser sus propias jefes a pesar de lidiar con el machismo arraigado en la cultura latina. Aqu\u00ed traemos tres de las tantas historias de hispanas en Omaha que rompieron ese [&hellip;]","og_url":"https:\/\/el-perico.com\/es\/mujeres-a-la-cabeza-del-negocio\/","og_site_name":"el perico","article_publisher":"https:\/\/www.facebook.com\/elpericoomaha","article_published_time":"2021-04-12T23:38:27+00:00","article_modified_time":"2022-03-03T05:24:38+00:00","author":"El Perico Staff","twitter_card":"summary_large_image","twitter_misc":{"Escrito por":"El Perico Staff","Tiempo de lectura":"6 minutos","Written by":"El Perico Staff"},"schema":{"@context":"https:\/\/schema.org","@graph":[{"@type":"Article","@id":"https:\/\/el-perico.com\/es\/mujeres-a-la-cabeza-del-negocio\/#article","isPartOf":{"@id":"https:\/\/el-perico.com\/es\/mujeres-a-la-cabeza-del-negocio\/"},"author":{"name":"El Perico Staff","@id":"https:\/\/el-perico.com\/es\/#\/schema\/person\/1956e5e63b94d4bd0daf30675bdf4a93"},"headline":"Mujeres a la cabeza del negocio","datePublished":"2021-04-12T23:38:27+00:00","dateModified":"2022-03-03T05:24:38+00:00","mainEntityOfPage":{"@id":"https:\/\/el-perico.com\/es\/mujeres-a-la-cabeza-del-negocio\/"},"wordCount":1038,"commentCount":0,"publisher":{"@id":"https:\/\/el-perico.com\/es\/#organization"},"image":{"@id":"https:\/\/el-perico.com\/es\/mujeres-a-la-cabeza-del-negocio\/#primaryimage"},"thumbnailUrl":"","keywords":["COVID-19","emprendedoras","entrepreneurs","hispanos","latinas","latinos","mujeres","omaha","women"],"articleSection":["Comunidad","Reportaje"],"inLanguage":"es","potentialAction":[{"@type":"CommentAction","name":"Comment","target":["https:\/\/el-perico.com\/es\/mujeres-a-la-cabeza-del-negocio\/#respond"]}]},{"@type":"WebPage","@id":"https:\/\/el-perico.com\/es\/mujeres-a-la-cabeza-del-negocio\/","url":"https:\/\/el-perico.com\/es\/mujeres-a-la-cabeza-del-negocio\/","name":"Mujeres a la cabeza del negocio - el perico","isPartOf":{"@id":"https:\/\/el-perico.com\/es\/#website"},"primaryImageOfPage":{"@id":"https:\/\/el-perico.com\/es\/mujeres-a-la-cabeza-del-negocio\/#primaryimage"},"image":{"@id":"https:\/\/el-perico.com\/es\/mujeres-a-la-cabeza-del-negocio\/#primaryimage"},"thumbnailUrl":"","datePublished":"2021-04-12T23:38:27+00:00","dateModified":"2022-03-03T05:24:38+00:00","breadcrumb":{"@id":"https:\/\/el-perico.com\/es\/mujeres-a-la-cabeza-del-negocio\/#breadcrumb"},"inLanguage":"es","potentialAction":[{"@type":"ReadAction","target":["https:\/\/el-perico.com\/es\/mujeres-a-la-cabeza-del-negocio\/"]}]},{"@type":"ImageObject","inLanguage":"es","@id":"https:\/\/el-perico.com\/es\/mujeres-a-la-cabeza-del-negocio\/#primaryimage","url":"","contentUrl":""},{"@type":"BreadcrumbList","@id":"https:\/\/el-perico.com\/es\/mujeres-a-la-cabeza-del-negocio\/#breadcrumb","itemListElement":[{"@type":"ListItem","position":1,"name":"Home","item":"https:\/\/el-perico.com\/es\/"},{"@type":"ListItem","position":2,"name":"Mujeres a la cabeza del negocio"}]},{"@type":"WebSite","@id":"https:\/\/el-perico.com\/es\/#website","url":"https:\/\/el-perico.com\/es\/","name":"el perico","description":"La plataforma original de noticias e informaci\u00f3n para la comunidad hispana de Omaha","publisher":{"@id":"https:\/\/el-perico.com\/es\/#organization"},"potentialAction":[{"@type":"SearchAction","target":{"@type":"EntryPoint","urlTemplate":"https:\/\/el-perico.com\/es\/?s={search_term_string}"},"query-input":{"@type":"PropertyValueSpecification","valueRequired":true,"valueName":"search_term_string"}}],"inLanguage":"es"},{"@type":"Organization","@id":"https:\/\/el-perico.com\/es\/#organization","name":"el perico","url":"https:\/\/el-perico.com\/es\/","logo":{"@type":"ImageObject","inLanguage":"es","@id":"https:\/\/el-perico.com\/es\/#\/schema\/logo\/image\/","url":"https:\/\/el-perico.com\/wp-content\/uploads\/2024\/05\/ElPerico-Logo_NPM-1-e1717102187440.png","contentUrl":"https:\/\/el-perico.com\/wp-content\/uploads\/2024\/05\/ElPerico-Logo_NPM-1-e1717102187440.png","width":648,"height":216,"caption":"el perico"},"image":{"@id":"https:\/\/el-perico.com\/es\/#\/schema\/logo\/image\/"},"sameAs":["https:\/\/www.facebook.com\/elpericoomaha"]},{"@type":"Person","@id":"https:\/\/el-perico.com\/es\/#\/schema\/person\/1956e5e63b94d4bd0daf30675bdf4a93","name":"El Perico Staff","image":{"@type":"ImageObject","inLanguage":"es","@id":"https:\/\/secure.gravatar.com\/avatar\/701b23c665bfde9fd4d874d31feb4c16bf2ac173b2b0b7224dc39896d4cfc381?s=96&d=mm&r=g80b2efc5844e688a6ffb9340c789e4c4","url":"https:\/\/secure.gravatar.com\/avatar\/701b23c665bfde9fd4d874d31feb4c16bf2ac173b2b0b7224dc39896d4cfc381?s=96&d=mm&r=g","contentUrl":"https:\/\/secure.gravatar.com\/avatar\/701b23c665bfde9fd4d874d31feb4c16bf2ac173b2b0b7224dc39896d4cfc381?s=96&d=mm&r=g","caption":"El Perico Staff"},"sameAs":["https:\/\/el-perico.com"],"url":"https:\/\/el-perico.com\/es\/author\/af6f1d62_admin\/"}]}},"_links":{"self":[{"href":"https:\/\/el-perico.com\/es\/wp-json\/wp\/v2\/posts\/4627","targetHints":{"allow":["GET"]}}],"collection":[{"href":"https:\/\/el-perico.com\/es\/wp-json\/wp\/v2\/posts"}],"about":[{"href":"https:\/\/el-perico.com\/es\/wp-json\/wp\/v2\/types\/post"}],"author":[{"embeddable":true,"href":"https:\/\/el-perico.com\/es\/wp-json\/wp\/v2\/users\/1"}],"replies":[{"embeddable":true,"href":"https:\/\/el-perico.com\/es\/wp-json\/wp\/v2\/comments?post=4627"}],"version-history":[{"count":1,"href":"https:\/\/el-perico.com\/es\/wp-json\/wp\/v2\/posts\/4627\/revisions"}],"predecessor-version":[{"id":5908,"href":"https:\/\/el-perico.com\/es\/wp-json\/wp\/v2\/posts\/4627\/revisions\/5908"}],"wp:featuredmedia":[{"embeddable":true,"href":"https:\/\/el-perico.com\/es\/wp-json\/"}],"wp:attachment":[{"href":"https:\/\/el-perico.com\/es\/wp-json\/wp\/v2\/media?parent=4627"}],"wp:term":[{"taxonomy":"category","embeddable":true,"href":"https:\/\/el-perico.com\/es\/wp-json\/wp\/v2\/categories?post=4627"},{"taxonomy":"post_tag","embeddable":true,"href":"https:\/\/el-perico.com\/es\/wp-json\/wp\/v2\/tags?post=4627"},{"taxonomy":"newspack_spnsrs_tax","embeddable":true,"href":"https:\/\/el-perico.com\/es\/wp-json\/wp\/v2\/newspack_spnsrs_tax?post=4627"},{"taxonomy":"author","embeddable":true,"href":"https:\/\/el-perico.com\/es\/wp-json\/wp\/v2\/coauthors?post=4627"}],"curies":[{"name":"wp","href":"https:\/\/api.w.org\/{rel}","templated":true}]}}