{"id":4561,"date":"2021-04-01T14:27:46","date_gmt":"2021-04-01T19:27:46","guid":{"rendered":"https:\/\/el-perico.com\/?p=4561"},"modified":"2021-04-01T14:27:46","modified_gmt":"2021-04-01T19:27:46","slug":"atencion-mexicanos-en-el-exterior-perderan-sus-propiedades","status":"publish","type":"post","link":"https:\/\/el-perico.com\/es\/atencion-mexicanos-en-el-exterior-perderan-sus-propiedades\/","title":{"rendered":"ATENCI\u00d3N: Mexicanos en el exterior perder\u00e1n sus propiedades"},"content":{"rendered":"<p><em><strong>Por Bernardo Montoya<\/strong><\/em><br \/>\n<img loading=\"lazy\" decoding=\"async\" class=\"wp-image-4563 alignleft\" src=\"https:\/\/el-perico.com\/wp-content\/uploads\/2021\/04\/EXPROPIADO-1-300x251.jpg\" alt=\"\" width=\"376\" height=\"315\" \/>Sorpresivamente el presidente mexicano Andr\u00e9s Manuel L\u00f3pez obrador anunci\u00f3 esta ma\u00f1ana los ajustes a la nueva ley de expropiaci\u00f3n, publicada en el diario oficial de la Federaci\u00f3n, en la cual se detalla, entre otras cosas, la expropiaci\u00f3n de todas las propiedades de los mexicanos que actualmente est\u00e9n viviendo en el extranjero.<br \/>\nDe acuerdo con el presidente, el H. Congreso de La Uni\u00f3n decreta la nueva reforma a la ley de expropiaci\u00f3n Y es ah\u00ed donde se detalla el objetivo de dicha ley.<br \/>\nDe esta forma y seg\u00fan dio a conocer el mandatario, \u00absi usted tiene una propiedad en M\u00e9xico, pero vive en el extranjero, se expropiar\u00e1 el inmueble como una causa de utilidad p\u00fablica, para satisfacci\u00f3n de necesidades colectivas de vivienda de ciudades o centros de poblaci\u00f3n\u201d.<br \/>\nDe esta forma, una vez que las propiedades sean reclamadas por el gobierno, bajo el argumento de \u201ccausa de utilidad p\u00fablica\u00bb, se anunciar\u00e1 en el Diario Oficial de la Federaci\u00f3n, dando as\u00ed aviso a los propietarios actuales. Si no hay respuesta de ning\u00fan titular, se har\u00e1 una segunda publicaci\u00f3n a los 5 d\u00edas h\u00e1biles de la primera.<br \/>\nLos interesados tendr\u00e1n un periodo de 15 d\u00edas h\u00e1biles a partir de la fecha de la segunda notificaci\u00f3n para manifestarse ante la Secretar\u00eda de Estado y demostrar que s\u00ed est\u00e1n viviendo en territorio mexicano.<br \/>\nAndr\u00e9s Manuel explic\u00f3 que las autoridades citar\u00e1n a una audiencia para el desahogo de pruebas y a partir de ah\u00ed se tendr\u00e1n 10 d\u00edas h\u00e1biles para confirmar, modificar o revocar la declaratoria de expropiaci\u00f3n.\u00a0 Entonces, el gobierno proceder\u00e1 a la ocupaci\u00f3n temporal, ya sea total o parcial, de forma inmediata.<br \/>\nDe acuerdo con el presidente de la Rep\u00fablica, esta resoluci\u00f3n no admitir\u00e1 recurso administrativo alguno y solamente podr\u00e1 ser impugnada a trav\u00e9s del juicio de amparo.<br \/>\nEstas medidas no requerir\u00e1n formalizarse en escritura p\u00fablica. Es decir, si su propiedad es expropiada el gobierno solo har\u00e1 un decreto en el registro p\u00fablico de la propiedad federal.<br \/>\nDe esta forma, el presidente Andr\u00e9s Manuel L\u00f3pez obrador busca dar vivienda a los mexicanos de bajos recursos con lo cual estar\u00e1 cumpliendo una de sus promesas de campa\u00f1a.<br \/>\nPara m\u00e1s informaci\u00f3n\u00a0 visite el sitio web www.caistediadelosinocentes.com\/fool&#8217;sday\/<\/p>\n","protected":false},"excerpt":{"rendered":"<p>Por Bernardo Montoya Sorpresivamente el presidente mexicano Andr\u00e9s Manuel L\u00f3pez obrador anunci\u00f3 esta ma\u00f1ana los ajustes a la nueva ley de expropiaci\u00f3n, publicada en el diario oficial de la Federaci\u00f3n, en la cual se detalla, entre otras cosas, la expropiaci\u00f3n de todas las propiedades de los mexicanos que actualmente est\u00e9n viviendo en el extranjero. De [&hellip;]<\/p>\n","protected":false},"author":1,"featured_media":4563,"comment_status":"open","ping_status":"closed","sticky":false,"template":"","format":"standard","meta":{"newspack_ads_suppress_ads":false,"_newspack_byline_active":false,"_newspack_byline":"","newspack_hide_updated_date":false,"newspack_show_updated_date":false,"newspack_content_restriction_is_exempt":false,"newspack_featured_image_position":"","newspack_post_subtitle":"","newspack_article_summary_title":"Overview:","newspack_article_summary":"","footnotes":""},"categories":[39,46],"tags":[322,323,324,205,15],"newspack_spnsrs_tax":[],"coauthors":[],"class_list":["post-4561","post","type-post","status-publish","format-standard","has-post-thumbnail","hentry","category-comunidad","category-reportaje","tag-expropiacion","tag-fools-day","tag-foolsday","tag-mexico","tag-omaha-en","entry"],"yoast_head":"<!-- This site is optimized with the Yoast SEO plugin v27.5 - https:\/\/yoast.com\/product\/yoast-seo-wordpress\/ -->\n<title>ATENCI\u00d3N: Mexicanos en el exterior perder\u00e1n sus propiedades - el perico<\/title>\n<meta name=\"robots\" content=\"index, follow, max-snippet:-1, max-image-preview:large, max-video-preview:-1\" \/>\n<link rel=\"canonical\" href=\"https:\/\/el-perico.com\/es\/atencion-mexicanos-en-el-exterior-perderan-sus-propiedades\/\" \/>\n<meta property=\"og:locale\" content=\"es_ES\" \/>\n<meta property=\"og:type\" content=\"article\" \/>\n<meta property=\"og:title\" content=\"ATENCI\u00d3N: Mexicanos en el exterior perder\u00e1n sus propiedades - el perico\" \/>\n<meta property=\"og:description\" content=\"Por Bernardo Montoya Sorpresivamente el presidente mexicano Andr\u00e9s Manuel L\u00f3pez obrador anunci\u00f3 esta ma\u00f1ana los ajustes a la nueva ley de expropiaci\u00f3n, publicada en el diario oficial de la Federaci\u00f3n, en la cual se detalla, entre otras cosas, la expropiaci\u00f3n de todas las propiedades de los mexicanos que actualmente est\u00e9n viviendo en el extranjero. De [&hellip;]\" \/>\n<meta property=\"og:url\" content=\"https:\/\/el-perico.com\/es\/atencion-mexicanos-en-el-exterior-perderan-sus-propiedades\/\" \/>\n<meta property=\"og:site_name\" content=\"el perico\" \/>\n<meta property=\"article:publisher\" content=\"https:\/\/www.facebook.com\/elpericoomaha\" \/>\n<meta property=\"article:published_time\" content=\"2021-04-01T19:27:46+00:00\" \/>\n<meta name=\"author\" content=\"El Perico Staff\" \/>\n<meta name=\"twitter:card\" content=\"summary_large_image\" \/>\n<meta name=\"twitter:label1\" content=\"Escrito por\" \/>\n\t<meta name=\"twitter:data1\" content=\"El Perico Staff\" \/>\n\t<meta name=\"twitter:label2\" content=\"Tiempo de lectura\" \/>\n\t<meta name=\"twitter:data2\" content=\"2 minutos\" \/>\n\t<meta name=\"twitter:label3\" content=\"Written by\" \/>\n\t<meta name=\"twitter:data3\" content=\"El Perico Staff\" \/>\n<script type=\"application\/ld+json\" class=\"yoast-schema-graph\">{\"@context\":\"https:\\\/\\\/schema.org\",\"@graph\":[{\"@type\":\"Article\",\"@id\":\"https:\\\/\\\/el-perico.com\\\/es\\\/atencion-mexicanos-en-el-exterior-perderan-sus-propiedades\\\/#article\",\"isPartOf\":{\"@id\":\"https:\\\/\\\/el-perico.com\\\/es\\\/atencion-mexicanos-en-el-exterior-perderan-sus-propiedades\\\/\"},\"author\":{\"name\":\"El Perico Staff\",\"@id\":\"https:\\\/\\\/el-perico.com\\\/es\\\/#\\\/schema\\\/person\\\/1956e5e63b94d4bd0daf30675bdf4a93\"},\"headline\":\"ATENCI\u00d3N: Mexicanos en el exterior perder\u00e1n sus propiedades\",\"datePublished\":\"2021-04-01T19:27:46+00:00\",\"mainEntityOfPage\":{\"@id\":\"https:\\\/\\\/el-perico.com\\\/es\\\/atencion-mexicanos-en-el-exterior-perderan-sus-propiedades\\\/\"},\"wordCount\":418,\"commentCount\":0,\"publisher\":{\"@id\":\"https:\\\/\\\/el-perico.com\\\/es\\\/#organization\"},\"image\":{\"@id\":\"https:\\\/\\\/el-perico.com\\\/es\\\/atencion-mexicanos-en-el-exterior-perderan-sus-propiedades\\\/#primaryimage\"},\"thumbnailUrl\":\"\",\"keywords\":[\"expropiaci\u00f3n\",\"fool's day\",\"foolsday\",\"mexico\",\"omaha\"],\"articleSection\":[\"Comunidad\",\"Reportaje\"],\"inLanguage\":\"es\",\"potentialAction\":[{\"@type\":\"CommentAction\",\"name\":\"Comment\",\"target\":[\"https:\\\/\\\/el-perico.com\\\/es\\\/atencion-mexicanos-en-el-exterior-perderan-sus-propiedades\\\/#respond\"]}]},{\"@type\":\"WebPage\",\"@id\":\"https:\\\/\\\/el-perico.com\\\/es\\\/atencion-mexicanos-en-el-exterior-perderan-sus-propiedades\\\/\",\"url\":\"https:\\\/\\\/el-perico.com\\\/es\\\/atencion-mexicanos-en-el-exterior-perderan-sus-propiedades\\\/\",\"name\":\"ATENCI\u00d3N: Mexicanos en el exterior perder\u00e1n sus propiedades - el perico\",\"isPartOf\":{\"@id\":\"https:\\\/\\\/el-perico.com\\\/es\\\/#website\"},\"primaryImageOfPage\":{\"@id\":\"https:\\\/\\\/el-perico.com\\\/es\\\/atencion-mexicanos-en-el-exterior-perderan-sus-propiedades\\\/#primaryimage\"},\"image\":{\"@id\":\"https:\\\/\\\/el-perico.com\\\/es\\\/atencion-mexicanos-en-el-exterior-perderan-sus-propiedades\\\/#primaryimage\"},\"thumbnailUrl\":\"\",\"datePublished\":\"2021-04-01T19:27:46+00:00\",\"breadcrumb\":{\"@id\":\"https:\\\/\\\/el-perico.com\\\/es\\\/atencion-mexicanos-en-el-exterior-perderan-sus-propiedades\\\/#breadcrumb\"},\"inLanguage\":\"es\",\"potentialAction\":[{\"@type\":\"ReadAction\",\"target\":[\"https:\\\/\\\/el-perico.com\\\/es\\\/atencion-mexicanos-en-el-exterior-perderan-sus-propiedades\\\/\"]}]},{\"@type\":\"ImageObject\",\"inLanguage\":\"es\",\"@id\":\"https:\\\/\\\/el-perico.com\\\/es\\\/atencion-mexicanos-en-el-exterior-perderan-sus-propiedades\\\/#primaryimage\",\"url\":\"\",\"contentUrl\":\"\"},{\"@type\":\"BreadcrumbList\",\"@id\":\"https:\\\/\\\/el-perico.com\\\/es\\\/atencion-mexicanos-en-el-exterior-perderan-sus-propiedades\\\/#breadcrumb\",\"itemListElement\":[{\"@type\":\"ListItem\",\"position\":1,\"name\":\"Home\",\"item\":\"https:\\\/\\\/el-perico.com\\\/es\\\/\"},{\"@type\":\"ListItem\",\"position\":2,\"name\":\"ATENCI\u00d3N: Mexicanos en el exterior perder\u00e1n sus propiedades\"}]},{\"@type\":\"WebSite\",\"@id\":\"https:\\\/\\\/el-perico.com\\\/es\\\/#website\",\"url\":\"https:\\\/\\\/el-perico.com\\\/es\\\/\",\"name\":\"el perico\",\"description\":\"La plataforma original de noticias e informaci\u00f3n para la comunidad hispana de Omaha\",\"publisher\":{\"@id\":\"https:\\\/\\\/el-perico.com\\\/es\\\/#organization\"},\"potentialAction\":[{\"@type\":\"SearchAction\",\"target\":{\"@type\":\"EntryPoint\",\"urlTemplate\":\"https:\\\/\\\/el-perico.com\\\/es\\\/?s={search_term_string}\"},\"query-input\":{\"@type\":\"PropertyValueSpecification\",\"valueRequired\":true,\"valueName\":\"search_term_string\"}}],\"inLanguage\":\"es\"},{\"@type\":\"Organization\",\"@id\":\"https:\\\/\\\/el-perico.com\\\/es\\\/#organization\",\"name\":\"el perico\",\"url\":\"https:\\\/\\\/el-perico.com\\\/es\\\/\",\"logo\":{\"@type\":\"ImageObject\",\"inLanguage\":\"es\",\"@id\":\"https:\\\/\\\/el-perico.com\\\/es\\\/#\\\/schema\\\/logo\\\/image\\\/\",\"url\":\"https:\\\/\\\/el-perico.com\\\/wp-content\\\/uploads\\\/2024\\\/05\\\/ElPerico-Logo_NPM-1-e1717102187440.png\",\"contentUrl\":\"https:\\\/\\\/el-perico.com\\\/wp-content\\\/uploads\\\/2024\\\/05\\\/ElPerico-Logo_NPM-1-e1717102187440.png\",\"width\":648,\"height\":216,\"caption\":\"el perico\"},\"image\":{\"@id\":\"https:\\\/\\\/el-perico.com\\\/es\\\/#\\\/schema\\\/logo\\\/image\\\/\"},\"sameAs\":[\"https:\\\/\\\/www.facebook.com\\\/elpericoomaha\"]},{\"@type\":\"Person\",\"@id\":\"https:\\\/\\\/el-perico.com\\\/es\\\/#\\\/schema\\\/person\\\/1956e5e63b94d4bd0daf30675bdf4a93\",\"name\":\"El Perico Staff\",\"image\":{\"@type\":\"ImageObject\",\"inLanguage\":\"es\",\"@id\":\"https:\\\/\\\/secure.gravatar.com\\\/avatar\\\/701b23c665bfde9fd4d874d31feb4c16bf2ac173b2b0b7224dc39896d4cfc381?s=96&d=mm&r=g80b2efc5844e688a6ffb9340c789e4c4\",\"url\":\"https:\\\/\\\/secure.gravatar.com\\\/avatar\\\/701b23c665bfde9fd4d874d31feb4c16bf2ac173b2b0b7224dc39896d4cfc381?s=96&d=mm&r=g\",\"contentUrl\":\"https:\\\/\\\/secure.gravatar.com\\\/avatar\\\/701b23c665bfde9fd4d874d31feb4c16bf2ac173b2b0b7224dc39896d4cfc381?s=96&d=mm&r=g\",\"caption\":\"El Perico Staff\"},\"sameAs\":[\"https:\\\/\\\/el-perico.com\"],\"url\":\"https:\\\/\\\/el-perico.com\\\/es\\\/author\\\/af6f1d62_admin\\\/\"}]}<\/script>\n<!-- \/ Yoast SEO plugin. -->","yoast_head_json":{"title":"ATENCI\u00d3N: Mexicanos en el exterior perder\u00e1n sus propiedades - el perico","robots":{"index":"index","follow":"follow","max-snippet":"max-snippet:-1","max-image-preview":"max-image-preview:large","max-video-preview":"max-video-preview:-1"},"canonical":"https:\/\/el-perico.com\/es\/atencion-mexicanos-en-el-exterior-perderan-sus-propiedades\/","og_locale":"es_ES","og_type":"article","og_title":"ATENCI\u00d3N: Mexicanos en el exterior perder\u00e1n sus propiedades - el perico","og_description":"Por Bernardo Montoya Sorpresivamente el presidente mexicano Andr\u00e9s Manuel L\u00f3pez obrador anunci\u00f3 esta ma\u00f1ana los ajustes a la nueva ley de expropiaci\u00f3n, publicada en el diario oficial de la Federaci\u00f3n, en la cual se detalla, entre otras cosas, la expropiaci\u00f3n de todas las propiedades de los mexicanos que actualmente est\u00e9n viviendo en el extranjero. De [&hellip;]","og_url":"https:\/\/el-perico.com\/es\/atencion-mexicanos-en-el-exterior-perderan-sus-propiedades\/","og_site_name":"el perico","article_publisher":"https:\/\/www.facebook.com\/elpericoomaha","article_published_time":"2021-04-01T19:27:46+00:00","author":"El Perico Staff","twitter_card":"summary_large_image","twitter_misc":{"Escrito por":"El Perico Staff","Tiempo de lectura":"2 minutos","Written by":"El Perico Staff"},"schema":{"@context":"https:\/\/schema.org","@graph":[{"@type":"Article","@id":"https:\/\/el-perico.com\/es\/atencion-mexicanos-en-el-exterior-perderan-sus-propiedades\/#article","isPartOf":{"@id":"https:\/\/el-perico.com\/es\/atencion-mexicanos-en-el-exterior-perderan-sus-propiedades\/"},"author":{"name":"El Perico Staff","@id":"https:\/\/el-perico.com\/es\/#\/schema\/person\/1956e5e63b94d4bd0daf30675bdf4a93"},"headline":"ATENCI\u00d3N: Mexicanos en el exterior perder\u00e1n sus propiedades","datePublished":"2021-04-01T19:27:46+00:00","mainEntityOfPage":{"@id":"https:\/\/el-perico.com\/es\/atencion-mexicanos-en-el-exterior-perderan-sus-propiedades\/"},"wordCount":418,"commentCount":0,"publisher":{"@id":"https:\/\/el-perico.com\/es\/#organization"},"image":{"@id":"https:\/\/el-perico.com\/es\/atencion-mexicanos-en-el-exterior-perderan-sus-propiedades\/#primaryimage"},"thumbnailUrl":"","keywords":["expropiaci\u00f3n","fool's day","foolsday","mexico","omaha"],"articleSection":["Comunidad","Reportaje"],"inLanguage":"es","potentialAction":[{"@type":"CommentAction","name":"Comment","target":["https:\/\/el-perico.com\/es\/atencion-mexicanos-en-el-exterior-perderan-sus-propiedades\/#respond"]}]},{"@type":"WebPage","@id":"https:\/\/el-perico.com\/es\/atencion-mexicanos-en-el-exterior-perderan-sus-propiedades\/","url":"https:\/\/el-perico.com\/es\/atencion-mexicanos-en-el-exterior-perderan-sus-propiedades\/","name":"ATENCI\u00d3N: Mexicanos en el exterior perder\u00e1n sus propiedades - el perico","isPartOf":{"@id":"https:\/\/el-perico.com\/es\/#website"},"primaryImageOfPage":{"@id":"https:\/\/el-perico.com\/es\/atencion-mexicanos-en-el-exterior-perderan-sus-propiedades\/#primaryimage"},"image":{"@id":"https:\/\/el-perico.com\/es\/atencion-mexicanos-en-el-exterior-perderan-sus-propiedades\/#primaryimage"},"thumbnailUrl":"","datePublished":"2021-04-01T19:27:46+00:00","breadcrumb":{"@id":"https:\/\/el-perico.com\/es\/atencion-mexicanos-en-el-exterior-perderan-sus-propiedades\/#breadcrumb"},"inLanguage":"es","potentialAction":[{"@type":"ReadAction","target":["https:\/\/el-perico.com\/es\/atencion-mexicanos-en-el-exterior-perderan-sus-propiedades\/"]}]},{"@type":"ImageObject","inLanguage":"es","@id":"https:\/\/el-perico.com\/es\/atencion-mexicanos-en-el-exterior-perderan-sus-propiedades\/#primaryimage","url":"","contentUrl":""},{"@type":"BreadcrumbList","@id":"https:\/\/el-perico.com\/es\/atencion-mexicanos-en-el-exterior-perderan-sus-propiedades\/#breadcrumb","itemListElement":[{"@type":"ListItem","position":1,"name":"Home","item":"https:\/\/el-perico.com\/es\/"},{"@type":"ListItem","position":2,"name":"ATENCI\u00d3N: Mexicanos en el exterior perder\u00e1n sus propiedades"}]},{"@type":"WebSite","@id":"https:\/\/el-perico.com\/es\/#website","url":"https:\/\/el-perico.com\/es\/","name":"el perico","description":"La plataforma original de noticias e informaci\u00f3n para la comunidad hispana de Omaha","publisher":{"@id":"https:\/\/el-perico.com\/es\/#organization"},"potentialAction":[{"@type":"SearchAction","target":{"@type":"EntryPoint","urlTemplate":"https:\/\/el-perico.com\/es\/?s={search_term_string}"},"query-input":{"@type":"PropertyValueSpecification","valueRequired":true,"valueName":"search_term_string"}}],"inLanguage":"es"},{"@type":"Organization","@id":"https:\/\/el-perico.com\/es\/#organization","name":"el perico","url":"https:\/\/el-perico.com\/es\/","logo":{"@type":"ImageObject","inLanguage":"es","@id":"https:\/\/el-perico.com\/es\/#\/schema\/logo\/image\/","url":"https:\/\/el-perico.com\/wp-content\/uploads\/2024\/05\/ElPerico-Logo_NPM-1-e1717102187440.png","contentUrl":"https:\/\/el-perico.com\/wp-content\/uploads\/2024\/05\/ElPerico-Logo_NPM-1-e1717102187440.png","width":648,"height":216,"caption":"el perico"},"image":{"@id":"https:\/\/el-perico.com\/es\/#\/schema\/logo\/image\/"},"sameAs":["https:\/\/www.facebook.com\/elpericoomaha"]},{"@type":"Person","@id":"https:\/\/el-perico.com\/es\/#\/schema\/person\/1956e5e63b94d4bd0daf30675bdf4a93","name":"El Perico Staff","image":{"@type":"ImageObject","inLanguage":"es","@id":"https:\/\/secure.gravatar.com\/avatar\/701b23c665bfde9fd4d874d31feb4c16bf2ac173b2b0b7224dc39896d4cfc381?s=96&d=mm&r=g80b2efc5844e688a6ffb9340c789e4c4","url":"https:\/\/secure.gravatar.com\/avatar\/701b23c665bfde9fd4d874d31feb4c16bf2ac173b2b0b7224dc39896d4cfc381?s=96&d=mm&r=g","contentUrl":"https:\/\/secure.gravatar.com\/avatar\/701b23c665bfde9fd4d874d31feb4c16bf2ac173b2b0b7224dc39896d4cfc381?s=96&d=mm&r=g","caption":"El Perico Staff"},"sameAs":["https:\/\/el-perico.com"],"url":"https:\/\/el-perico.com\/es\/author\/af6f1d62_admin\/"}]}},"_links":{"self":[{"href":"https:\/\/el-perico.com\/es\/wp-json\/wp\/v2\/posts\/4561","targetHints":{"allow":["GET"]}}],"collection":[{"href":"https:\/\/el-perico.com\/es\/wp-json\/wp\/v2\/posts"}],"about":[{"href":"https:\/\/el-perico.com\/es\/wp-json\/wp\/v2\/types\/post"}],"author":[{"embeddable":true,"href":"https:\/\/el-perico.com\/es\/wp-json\/wp\/v2\/users\/1"}],"replies":[{"embeddable":true,"href":"https:\/\/el-perico.com\/es\/wp-json\/wp\/v2\/comments?post=4561"}],"version-history":[{"count":0,"href":"https:\/\/el-perico.com\/es\/wp-json\/wp\/v2\/posts\/4561\/revisions"}],"wp:featuredmedia":[{"embeddable":true,"href":"https:\/\/el-perico.com\/es\/wp-json\/"}],"wp:attachment":[{"href":"https:\/\/el-perico.com\/es\/wp-json\/wp\/v2\/media?parent=4561"}],"wp:term":[{"taxonomy":"category","embeddable":true,"href":"https:\/\/el-perico.com\/es\/wp-json\/wp\/v2\/categories?post=4561"},{"taxonomy":"post_tag","embeddable":true,"href":"https:\/\/el-perico.com\/es\/wp-json\/wp\/v2\/tags?post=4561"},{"taxonomy":"newspack_spnsrs_tax","embeddable":true,"href":"https:\/\/el-perico.com\/es\/wp-json\/wp\/v2\/newspack_spnsrs_tax?post=4561"},{"taxonomy":"author","embeddable":true,"href":"https:\/\/el-perico.com\/es\/wp-json\/wp\/v2\/coauthors?post=4561"}],"curies":[{"name":"wp","href":"https:\/\/api.w.org\/{rel}","templated":true}]}}