{"id":4475,"date":"2021-02-16T13:21:41","date_gmt":"2021-02-16T18:21:41","guid":{"rendered":"https:\/\/el-perico.com\/?p=4475"},"modified":"2021-02-16T13:21:41","modified_gmt":"2021-02-16T18:21:41","slug":"oppd-alerta-sobre-posibles-cortes-en-pleno-invierno-debido-al-alto-consumo-electrico","status":"publish","type":"post","link":"https:\/\/el-perico.com\/es\/oppd-alerta-sobre-posibles-cortes-en-pleno-invierno-debido-al-alto-consumo-electrico\/","title":{"rendered":"OPPD alerta sobre posibles cortes en pleno invierno debido al alto consumo el\u00e9ctrico"},"content":{"rendered":"<p><figure id=\"attachment_4476\" aria-describedby=\"caption-attachment-4476\" style=\"width: 731px\" class=\"wp-caption alignnone\"><img loading=\"lazy\" decoding=\"async\" class=\" wp-image-4476\" src=\"https:\/\/el-perico.com\/wp-content\/uploads\/2021\/02\/cnee-300x170.jpg\" alt=\"\" width=\"731\" height=\"414\" \/><figcaption id=\"caption-attachment-4476\" class=\"wp-caption-text\"><span style=\"color: #808080;\"><em>La empresa el\u00e9ctrica pide que baje de dos a cuatro grados el termostato para reducir el consumo.\u00a0<\/em><\/span><\/figcaption><\/figure><br \/>\nEl frente polar de estas semanas ha obligado a las personas a mantenerses calentitos, pero para quienes tienen calefacci\u00f3n el\u00e9ctrica podr\u00edan estar experimentando algunos cortes el\u00e9ctricos debido a la alta demanda en varios sectores de Omaha. Y una de las peticiones de la empresa OPPD es que reduzcan entre 2 y 4 grados el termostato de sus casas.<br \/>\nEn un comunidado OPPD alert\u00f3 a sus usuarios sobre la posible interrupci\u00f3n del servicio para conservar energ\u00eda el\u00e9ctrica y aclar\u00f3 que su intenci\u00f3n no es interrumpir la energ\u00eda, \u00aba menos que fuera absolutamente necesario\u201d.<br \/>\nEl bolet\u00edn, enviado por correo electr\u00f3nico, explica que debido a las bajas temperaturas producidas por un frente polar se ha incrementado el consumo el\u00e9ctrico y con la medida pretenden \u00abconservar la energ\u00eda hasta que el clima se normalice para reducir la necesidad de interrupciones controladas del servicio\u201d.<br \/>\nEn un <a href=\"https:\/\/a17237.actonservice.com\/acton\/ct\/17237\/s-013e-2102\/Bct\/q-0163\/l-0001:65655\/ct0_0\/1\/l?sid=TV2%3AePexfuyaE\">\u00a0video el CEO de<\/a> OPPD, Tim Burke dice: \u201csi no todos hacemos nuestra parte, es posible realizar m\u00e1s interrupciones en incrementos de aproximadamente 1 hora. Las interrupciones de energ\u00eda nos afectan a todos, pero tienen mayores impactos en nuestros vecinos ancianos y en aquellos que lo necesitan m\u00e9dicamente\u201d.<br \/>\nEn este sentido sugiri\u00f3 a las personas cuya vida dependa del funcionamiento el\u00e9ctrico, elaboraren un plan para atender como tener bater\u00edas cargadas alternas, y si existe alguna emergencia llamar al 911.<br \/>\nLa compa\u00f1\u00eda enumer\u00f3 algunas sugerencias:<\/p>\n<ul>\n<li>Bajar el termostato entre 2 y 4 grados, y vestirse con ropa m\u00e1s c\u00e1lida. Use mantas adicionales para mantenerse c\u00f3modo. Esto puede reducir su consumo de energ\u00eda en un 1-3% para cada grado.<\/li>\n<li>Cierre las ventanillas de la chimenea cuando no est\u00e9 en uso para evitar perder calor a trav\u00e9s de \u00e9sta.<\/li>\n<li>No utilice una chimenea de le\u00f1a para calefacci\u00f3n suplementaria, ya que extrae aire caliente de una casa a trav\u00e9s del orificio de la chimenea con el fin de alimentar el fuego.<\/li>\n<li>Selle las ventanas y las puertas externas.<\/li>\n<li>Evite lavar y secar la ropa o el funcionamiento de los lavavajillas durante las partes m\u00e1s fr\u00edas del d\u00eda, por lo general a altas horas de la noche y temprano en la ma\u00f1ana.<\/li>\n<li>Evite la p\u00e9rdida de energ\u00eda \u00abfantasma\u00bb:\n<ul>\n<li>Coloque las computadoras y monitores en modo de suspensi\u00f3n cuando no est\u00e9 en uso.<\/li>\n<li>Apague los monitores del ordenador cuando no est\u00e9 en uso.<\/li>\n<li>Desconecte los aparatos electr\u00f3nicos si no est\u00e1n en uso.<\/li>\n<li>Una regleta de alimentaci\u00f3n central le permite apagar varios dispositivos a la vez.<\/li>\n<\/ul>\n<\/li>\n<\/ul>\n<p>Por otro lado tambi\u00e9n aconsejan que:<\/p>\n<ul>\n<li>Nunca deje una vela encendida desatendida y no la encienda cerca de cosas que puedan quemarse.<\/li>\n<li>Deje las puertas del armario del fregadero abiertas. Esto ayuda a que las tuber\u00edas debajo obtener algo del calor de la casa. Esto es especialmente importante y \u00fatil si esas tuber\u00edas est\u00e1n cerca de una pared exterior.<\/li>\n<li>Evite la intoxicaci\u00f3n por mon\u00f3xido de carbono.\n<ul>\n<li>Los generadores, estufas de campamento o parrillas de carb\u00f3n deben utilizarse siempre al aire libre y al menos a 20 pies de distancia de las ventanas.<\/li>\n<li>Nunca use una estufa de gas o un horno para calentar su hogar.<\/li>\n<\/ul>\n<\/li>\n<\/ul>\n<p>Puede visitar <a href=\"https:\/\/a17237.actonservice.com\/acton\/ct\/17237\/s-013e-2102\/Bct\/q-0163\/l-0001:65655\/ct1_0\/1\/l?sid=TV2%3AePexfuyaE\">http:\/\/www.OPPD.com\/ee<\/a> para mayor informaci\u00f3n. Para prepararse para una interrupci\u00f3n del servicio, consulte <a href=\"https:\/\/a17237.actonservice.com\/acton\/ct\/17237\/s-013e-2102\/Bct\/q-0163\/l-0001:65655\/ct2_0\/1\/l?sid=TV2%3AePexfuyaE\">stormandoutage.com<\/a><\/p>\n","protected":false},"excerpt":{"rendered":"<p>El frente polar de estas semanas ha obligado a las personas a mantenerses calentitos, pero para quienes tienen calefacci\u00f3n el\u00e9ctrica podr\u00edan estar experimentando algunos cortes el\u00e9ctricos debido a la alta demanda en varios sectores de Omaha. Y una de las peticiones de la empresa OPPD es que reduzcan entre 2 y 4 grados el termostato [&hellip;]<\/p>\n","protected":false},"author":1,"featured_media":4476,"comment_status":"open","ping_status":"closed","sticky":false,"template":"","format":"standard","meta":{"newspack_ads_suppress_ads":false,"_newspack_byline_active":false,"_newspack_byline":"","newspack_hide_updated_date":false,"newspack_show_updated_date":false,"newspack_content_restriction_is_exempt":false,"newspack_featured_image_position":"","newspack_post_subtitle":"","newspack_article_summary_title":"Overview:","newspack_article_summary":"","footnotes":""},"categories":[39,46],"tags":[],"newspack_spnsrs_tax":[],"coauthors":[],"class_list":["post-4475","post","type-post","status-publish","format-standard","has-post-thumbnail","hentry","category-comunidad","category-reportaje","entry"],"yoast_head":"<!-- This site is optimized with the Yoast SEO plugin v27.5 - https:\/\/yoast.com\/product\/yoast-seo-wordpress\/ -->\n<title>OPPD alerta sobre posibles cortes en pleno invierno debido al alto consumo el\u00e9ctrico - el perico<\/title>\n<meta name=\"robots\" content=\"index, follow, max-snippet:-1, max-image-preview:large, max-video-preview:-1\" \/>\n<link rel=\"canonical\" href=\"https:\/\/el-perico.com\/es\/oppd-alerta-sobre-posibles-cortes-en-pleno-invierno-debido-al-alto-consumo-electrico\/\" \/>\n<meta property=\"og:locale\" content=\"es_ES\" \/>\n<meta property=\"og:type\" content=\"article\" \/>\n<meta property=\"og:title\" content=\"OPPD alerta sobre posibles cortes en pleno invierno debido al alto consumo el\u00e9ctrico - el perico\" \/>\n<meta property=\"og:description\" content=\"El frente polar de estas semanas ha obligado a las personas a mantenerses calentitos, pero para quienes tienen calefacci\u00f3n el\u00e9ctrica podr\u00edan estar experimentando algunos cortes el\u00e9ctricos debido a la alta demanda en varios sectores de Omaha. Y una de las peticiones de la empresa OPPD es que reduzcan entre 2 y 4 grados el termostato [&hellip;]\" \/>\n<meta property=\"og:url\" content=\"https:\/\/el-perico.com\/es\/oppd-alerta-sobre-posibles-cortes-en-pleno-invierno-debido-al-alto-consumo-electrico\/\" \/>\n<meta property=\"og:site_name\" content=\"el perico\" \/>\n<meta property=\"article:publisher\" content=\"https:\/\/www.facebook.com\/elpericoomaha\" \/>\n<meta property=\"article:published_time\" content=\"2021-02-16T18:21:41+00:00\" \/>\n<meta name=\"author\" content=\"El Perico Staff\" \/>\n<meta name=\"twitter:card\" content=\"summary_large_image\" \/>\n<meta name=\"twitter:label1\" content=\"Escrito por\" \/>\n\t<meta name=\"twitter:data1\" content=\"El Perico Staff\" \/>\n\t<meta name=\"twitter:label2\" content=\"Tiempo de lectura\" \/>\n\t<meta name=\"twitter:data2\" content=\"3 minutos\" \/>\n\t<meta name=\"twitter:label3\" content=\"Written by\" \/>\n\t<meta name=\"twitter:data3\" content=\"El Perico Staff\" \/>\n<script type=\"application\/ld+json\" class=\"yoast-schema-graph\">{\"@context\":\"https:\\\/\\\/schema.org\",\"@graph\":[{\"@type\":\"Article\",\"@id\":\"https:\\\/\\\/el-perico.com\\\/es\\\/oppd-alerta-sobre-posibles-cortes-en-pleno-invierno-debido-al-alto-consumo-electrico\\\/#article\",\"isPartOf\":{\"@id\":\"https:\\\/\\\/el-perico.com\\\/es\\\/oppd-alerta-sobre-posibles-cortes-en-pleno-invierno-debido-al-alto-consumo-electrico\\\/\"},\"author\":{\"name\":\"El Perico Staff\",\"@id\":\"https:\\\/\\\/el-perico.com\\\/es\\\/#\\\/schema\\\/person\\\/1956e5e63b94d4bd0daf30675bdf4a93\"},\"headline\":\"OPPD alerta sobre posibles cortes en pleno invierno debido al alto consumo el\u00e9ctrico\",\"datePublished\":\"2021-02-16T18:21:41+00:00\",\"mainEntityOfPage\":{\"@id\":\"https:\\\/\\\/el-perico.com\\\/es\\\/oppd-alerta-sobre-posibles-cortes-en-pleno-invierno-debido-al-alto-consumo-electrico\\\/\"},\"wordCount\":603,\"commentCount\":0,\"publisher\":{\"@id\":\"https:\\\/\\\/el-perico.com\\\/es\\\/#organization\"},\"image\":{\"@id\":\"https:\\\/\\\/el-perico.com\\\/es\\\/oppd-alerta-sobre-posibles-cortes-en-pleno-invierno-debido-al-alto-consumo-electrico\\\/#primaryimage\"},\"thumbnailUrl\":\"\",\"articleSection\":[\"Comunidad\",\"Reportaje\"],\"inLanguage\":\"es\",\"potentialAction\":[{\"@type\":\"CommentAction\",\"name\":\"Comment\",\"target\":[\"https:\\\/\\\/el-perico.com\\\/es\\\/oppd-alerta-sobre-posibles-cortes-en-pleno-invierno-debido-al-alto-consumo-electrico\\\/#respond\"]}]},{\"@type\":\"WebPage\",\"@id\":\"https:\\\/\\\/el-perico.com\\\/es\\\/oppd-alerta-sobre-posibles-cortes-en-pleno-invierno-debido-al-alto-consumo-electrico\\\/\",\"url\":\"https:\\\/\\\/el-perico.com\\\/es\\\/oppd-alerta-sobre-posibles-cortes-en-pleno-invierno-debido-al-alto-consumo-electrico\\\/\",\"name\":\"OPPD alerta sobre posibles cortes en pleno invierno debido al alto consumo el\u00e9ctrico - el perico\",\"isPartOf\":{\"@id\":\"https:\\\/\\\/el-perico.com\\\/es\\\/#website\"},\"primaryImageOfPage\":{\"@id\":\"https:\\\/\\\/el-perico.com\\\/es\\\/oppd-alerta-sobre-posibles-cortes-en-pleno-invierno-debido-al-alto-consumo-electrico\\\/#primaryimage\"},\"image\":{\"@id\":\"https:\\\/\\\/el-perico.com\\\/es\\\/oppd-alerta-sobre-posibles-cortes-en-pleno-invierno-debido-al-alto-consumo-electrico\\\/#primaryimage\"},\"thumbnailUrl\":\"\",\"datePublished\":\"2021-02-16T18:21:41+00:00\",\"breadcrumb\":{\"@id\":\"https:\\\/\\\/el-perico.com\\\/es\\\/oppd-alerta-sobre-posibles-cortes-en-pleno-invierno-debido-al-alto-consumo-electrico\\\/#breadcrumb\"},\"inLanguage\":\"es\",\"potentialAction\":[{\"@type\":\"ReadAction\",\"target\":[\"https:\\\/\\\/el-perico.com\\\/es\\\/oppd-alerta-sobre-posibles-cortes-en-pleno-invierno-debido-al-alto-consumo-electrico\\\/\"]}]},{\"@type\":\"ImageObject\",\"inLanguage\":\"es\",\"@id\":\"https:\\\/\\\/el-perico.com\\\/es\\\/oppd-alerta-sobre-posibles-cortes-en-pleno-invierno-debido-al-alto-consumo-electrico\\\/#primaryimage\",\"url\":\"\",\"contentUrl\":\"\"},{\"@type\":\"BreadcrumbList\",\"@id\":\"https:\\\/\\\/el-perico.com\\\/es\\\/oppd-alerta-sobre-posibles-cortes-en-pleno-invierno-debido-al-alto-consumo-electrico\\\/#breadcrumb\",\"itemListElement\":[{\"@type\":\"ListItem\",\"position\":1,\"name\":\"Home\",\"item\":\"https:\\\/\\\/el-perico.com\\\/es\\\/\"},{\"@type\":\"ListItem\",\"position\":2,\"name\":\"OPPD alerta sobre posibles cortes en pleno invierno debido al alto consumo el\u00e9ctrico\"}]},{\"@type\":\"WebSite\",\"@id\":\"https:\\\/\\\/el-perico.com\\\/es\\\/#website\",\"url\":\"https:\\\/\\\/el-perico.com\\\/es\\\/\",\"name\":\"el perico\",\"description\":\"La plataforma original de noticias e informaci\u00f3n para la comunidad hispana de Omaha\",\"publisher\":{\"@id\":\"https:\\\/\\\/el-perico.com\\\/es\\\/#organization\"},\"potentialAction\":[{\"@type\":\"SearchAction\",\"target\":{\"@type\":\"EntryPoint\",\"urlTemplate\":\"https:\\\/\\\/el-perico.com\\\/es\\\/?s={search_term_string}\"},\"query-input\":{\"@type\":\"PropertyValueSpecification\",\"valueRequired\":true,\"valueName\":\"search_term_string\"}}],\"inLanguage\":\"es\"},{\"@type\":\"Organization\",\"@id\":\"https:\\\/\\\/el-perico.com\\\/es\\\/#organization\",\"name\":\"el perico\",\"url\":\"https:\\\/\\\/el-perico.com\\\/es\\\/\",\"logo\":{\"@type\":\"ImageObject\",\"inLanguage\":\"es\",\"@id\":\"https:\\\/\\\/el-perico.com\\\/es\\\/#\\\/schema\\\/logo\\\/image\\\/\",\"url\":\"https:\\\/\\\/el-perico.com\\\/wp-content\\\/uploads\\\/2024\\\/05\\\/ElPerico-Logo_NPM-1-e1717102187440.png\",\"contentUrl\":\"https:\\\/\\\/el-perico.com\\\/wp-content\\\/uploads\\\/2024\\\/05\\\/ElPerico-Logo_NPM-1-e1717102187440.png\",\"width\":648,\"height\":216,\"caption\":\"el perico\"},\"image\":{\"@id\":\"https:\\\/\\\/el-perico.com\\\/es\\\/#\\\/schema\\\/logo\\\/image\\\/\"},\"sameAs\":[\"https:\\\/\\\/www.facebook.com\\\/elpericoomaha\"]},{\"@type\":\"Person\",\"@id\":\"https:\\\/\\\/el-perico.com\\\/es\\\/#\\\/schema\\\/person\\\/1956e5e63b94d4bd0daf30675bdf4a93\",\"name\":\"El Perico Staff\",\"image\":{\"@type\":\"ImageObject\",\"inLanguage\":\"es\",\"@id\":\"https:\\\/\\\/secure.gravatar.com\\\/avatar\\\/701b23c665bfde9fd4d874d31feb4c16bf2ac173b2b0b7224dc39896d4cfc381?s=96&d=mm&r=g80b2efc5844e688a6ffb9340c789e4c4\",\"url\":\"https:\\\/\\\/secure.gravatar.com\\\/avatar\\\/701b23c665bfde9fd4d874d31feb4c16bf2ac173b2b0b7224dc39896d4cfc381?s=96&d=mm&r=g\",\"contentUrl\":\"https:\\\/\\\/secure.gravatar.com\\\/avatar\\\/701b23c665bfde9fd4d874d31feb4c16bf2ac173b2b0b7224dc39896d4cfc381?s=96&d=mm&r=g\",\"caption\":\"El Perico Staff\"},\"sameAs\":[\"https:\\\/\\\/el-perico.com\"],\"url\":\"https:\\\/\\\/el-perico.com\\\/es\\\/author\\\/af6f1d62_admin\\\/\"}]}<\/script>\n<!-- \/ Yoast SEO plugin. -->","yoast_head_json":{"title":"OPPD alerta sobre posibles cortes en pleno invierno debido al alto consumo el\u00e9ctrico - el perico","robots":{"index":"index","follow":"follow","max-snippet":"max-snippet:-1","max-image-preview":"max-image-preview:large","max-video-preview":"max-video-preview:-1"},"canonical":"https:\/\/el-perico.com\/es\/oppd-alerta-sobre-posibles-cortes-en-pleno-invierno-debido-al-alto-consumo-electrico\/","og_locale":"es_ES","og_type":"article","og_title":"OPPD alerta sobre posibles cortes en pleno invierno debido al alto consumo el\u00e9ctrico - el perico","og_description":"El frente polar de estas semanas ha obligado a las personas a mantenerses calentitos, pero para quienes tienen calefacci\u00f3n el\u00e9ctrica podr\u00edan estar experimentando algunos cortes el\u00e9ctricos debido a la alta demanda en varios sectores de Omaha. Y una de las peticiones de la empresa OPPD es que reduzcan entre 2 y 4 grados el termostato [&hellip;]","og_url":"https:\/\/el-perico.com\/es\/oppd-alerta-sobre-posibles-cortes-en-pleno-invierno-debido-al-alto-consumo-electrico\/","og_site_name":"el perico","article_publisher":"https:\/\/www.facebook.com\/elpericoomaha","article_published_time":"2021-02-16T18:21:41+00:00","author":"El Perico Staff","twitter_card":"summary_large_image","twitter_misc":{"Escrito por":"El Perico Staff","Tiempo de lectura":"3 minutos","Written by":"El Perico Staff"},"schema":{"@context":"https:\/\/schema.org","@graph":[{"@type":"Article","@id":"https:\/\/el-perico.com\/es\/oppd-alerta-sobre-posibles-cortes-en-pleno-invierno-debido-al-alto-consumo-electrico\/#article","isPartOf":{"@id":"https:\/\/el-perico.com\/es\/oppd-alerta-sobre-posibles-cortes-en-pleno-invierno-debido-al-alto-consumo-electrico\/"},"author":{"name":"El Perico Staff","@id":"https:\/\/el-perico.com\/es\/#\/schema\/person\/1956e5e63b94d4bd0daf30675bdf4a93"},"headline":"OPPD alerta sobre posibles cortes en pleno invierno debido al alto consumo el\u00e9ctrico","datePublished":"2021-02-16T18:21:41+00:00","mainEntityOfPage":{"@id":"https:\/\/el-perico.com\/es\/oppd-alerta-sobre-posibles-cortes-en-pleno-invierno-debido-al-alto-consumo-electrico\/"},"wordCount":603,"commentCount":0,"publisher":{"@id":"https:\/\/el-perico.com\/es\/#organization"},"image":{"@id":"https:\/\/el-perico.com\/es\/oppd-alerta-sobre-posibles-cortes-en-pleno-invierno-debido-al-alto-consumo-electrico\/#primaryimage"},"thumbnailUrl":"","articleSection":["Comunidad","Reportaje"],"inLanguage":"es","potentialAction":[{"@type":"CommentAction","name":"Comment","target":["https:\/\/el-perico.com\/es\/oppd-alerta-sobre-posibles-cortes-en-pleno-invierno-debido-al-alto-consumo-electrico\/#respond"]}]},{"@type":"WebPage","@id":"https:\/\/el-perico.com\/es\/oppd-alerta-sobre-posibles-cortes-en-pleno-invierno-debido-al-alto-consumo-electrico\/","url":"https:\/\/el-perico.com\/es\/oppd-alerta-sobre-posibles-cortes-en-pleno-invierno-debido-al-alto-consumo-electrico\/","name":"OPPD alerta sobre posibles cortes en pleno invierno debido al alto consumo el\u00e9ctrico - el perico","isPartOf":{"@id":"https:\/\/el-perico.com\/es\/#website"},"primaryImageOfPage":{"@id":"https:\/\/el-perico.com\/es\/oppd-alerta-sobre-posibles-cortes-en-pleno-invierno-debido-al-alto-consumo-electrico\/#primaryimage"},"image":{"@id":"https:\/\/el-perico.com\/es\/oppd-alerta-sobre-posibles-cortes-en-pleno-invierno-debido-al-alto-consumo-electrico\/#primaryimage"},"thumbnailUrl":"","datePublished":"2021-02-16T18:21:41+00:00","breadcrumb":{"@id":"https:\/\/el-perico.com\/es\/oppd-alerta-sobre-posibles-cortes-en-pleno-invierno-debido-al-alto-consumo-electrico\/#breadcrumb"},"inLanguage":"es","potentialAction":[{"@type":"ReadAction","target":["https:\/\/el-perico.com\/es\/oppd-alerta-sobre-posibles-cortes-en-pleno-invierno-debido-al-alto-consumo-electrico\/"]}]},{"@type":"ImageObject","inLanguage":"es","@id":"https:\/\/el-perico.com\/es\/oppd-alerta-sobre-posibles-cortes-en-pleno-invierno-debido-al-alto-consumo-electrico\/#primaryimage","url":"","contentUrl":""},{"@type":"BreadcrumbList","@id":"https:\/\/el-perico.com\/es\/oppd-alerta-sobre-posibles-cortes-en-pleno-invierno-debido-al-alto-consumo-electrico\/#breadcrumb","itemListElement":[{"@type":"ListItem","position":1,"name":"Home","item":"https:\/\/el-perico.com\/es\/"},{"@type":"ListItem","position":2,"name":"OPPD alerta sobre posibles cortes en pleno invierno debido al alto consumo el\u00e9ctrico"}]},{"@type":"WebSite","@id":"https:\/\/el-perico.com\/es\/#website","url":"https:\/\/el-perico.com\/es\/","name":"el perico","description":"La plataforma original de noticias e informaci\u00f3n para la comunidad hispana de Omaha","publisher":{"@id":"https:\/\/el-perico.com\/es\/#organization"},"potentialAction":[{"@type":"SearchAction","target":{"@type":"EntryPoint","urlTemplate":"https:\/\/el-perico.com\/es\/?s={search_term_string}"},"query-input":{"@type":"PropertyValueSpecification","valueRequired":true,"valueName":"search_term_string"}}],"inLanguage":"es"},{"@type":"Organization","@id":"https:\/\/el-perico.com\/es\/#organization","name":"el perico","url":"https:\/\/el-perico.com\/es\/","logo":{"@type":"ImageObject","inLanguage":"es","@id":"https:\/\/el-perico.com\/es\/#\/schema\/logo\/image\/","url":"https:\/\/el-perico.com\/wp-content\/uploads\/2024\/05\/ElPerico-Logo_NPM-1-e1717102187440.png","contentUrl":"https:\/\/el-perico.com\/wp-content\/uploads\/2024\/05\/ElPerico-Logo_NPM-1-e1717102187440.png","width":648,"height":216,"caption":"el perico"},"image":{"@id":"https:\/\/el-perico.com\/es\/#\/schema\/logo\/image\/"},"sameAs":["https:\/\/www.facebook.com\/elpericoomaha"]},{"@type":"Person","@id":"https:\/\/el-perico.com\/es\/#\/schema\/person\/1956e5e63b94d4bd0daf30675bdf4a93","name":"El Perico Staff","image":{"@type":"ImageObject","inLanguage":"es","@id":"https:\/\/secure.gravatar.com\/avatar\/701b23c665bfde9fd4d874d31feb4c16bf2ac173b2b0b7224dc39896d4cfc381?s=96&d=mm&r=g80b2efc5844e688a6ffb9340c789e4c4","url":"https:\/\/secure.gravatar.com\/avatar\/701b23c665bfde9fd4d874d31feb4c16bf2ac173b2b0b7224dc39896d4cfc381?s=96&d=mm&r=g","contentUrl":"https:\/\/secure.gravatar.com\/avatar\/701b23c665bfde9fd4d874d31feb4c16bf2ac173b2b0b7224dc39896d4cfc381?s=96&d=mm&r=g","caption":"El Perico Staff"},"sameAs":["https:\/\/el-perico.com"],"url":"https:\/\/el-perico.com\/es\/author\/af6f1d62_admin\/"}]}},"_links":{"self":[{"href":"https:\/\/el-perico.com\/es\/wp-json\/wp\/v2\/posts\/4475","targetHints":{"allow":["GET"]}}],"collection":[{"href":"https:\/\/el-perico.com\/es\/wp-json\/wp\/v2\/posts"}],"about":[{"href":"https:\/\/el-perico.com\/es\/wp-json\/wp\/v2\/types\/post"}],"author":[{"embeddable":true,"href":"https:\/\/el-perico.com\/es\/wp-json\/wp\/v2\/users\/1"}],"replies":[{"embeddable":true,"href":"https:\/\/el-perico.com\/es\/wp-json\/wp\/v2\/comments?post=4475"}],"version-history":[{"count":0,"href":"https:\/\/el-perico.com\/es\/wp-json\/wp\/v2\/posts\/4475\/revisions"}],"wp:featuredmedia":[{"embeddable":true,"href":"https:\/\/el-perico.com\/es\/wp-json\/"}],"wp:attachment":[{"href":"https:\/\/el-perico.com\/es\/wp-json\/wp\/v2\/media?parent=4475"}],"wp:term":[{"taxonomy":"category","embeddable":true,"href":"https:\/\/el-perico.com\/es\/wp-json\/wp\/v2\/categories?post=4475"},{"taxonomy":"post_tag","embeddable":true,"href":"https:\/\/el-perico.com\/es\/wp-json\/wp\/v2\/tags?post=4475"},{"taxonomy":"newspack_spnsrs_tax","embeddable":true,"href":"https:\/\/el-perico.com\/es\/wp-json\/wp\/v2\/newspack_spnsrs_tax?post=4475"},{"taxonomy":"author","embeddable":true,"href":"https:\/\/el-perico.com\/es\/wp-json\/wp\/v2\/coauthors?post=4475"}],"curies":[{"name":"wp","href":"https:\/\/api.w.org\/{rel}","templated":true}]}}