{"id":4282,"date":"2020-11-16T21:34:13","date_gmt":"2020-11-17T02:34:13","guid":{"rendered":"https:\/\/el-perico.com\/?p=4282"},"modified":"2022-03-18T16:38:08","modified_gmt":"2022-03-18T20:38:08","slug":"doctores-se-unen-para-hablar-sobre-el-covid-19-este-miercoles-18-de-noviembre","status":"publish","type":"post","link":"https:\/\/el-perico.com\/es\/doctores-se-unen-para-hablar-sobre-el-covid-19-este-miercoles-18-de-noviembre\/","title":{"rendered":"Doctores se unen para hablar sobre el Covid-19 este mi\u00e9rcoles 18 de noviembre"},"content":{"rendered":"<p><img loading=\"lazy\" decoding=\"async\" class=\"wp-image-4283 alignleft\" src=\"https:\/\/el-perico.com\/wp-content\/uploads\/2020\/11\/SALUD-300x220.jpg\" alt=\"\" width=\"399\" height=\"292\"><br \/>\nEl mi\u00e9rcoles 18 de noviembre a las 12 del mediod\u00eda se llevar\u00e1 a cabo un foro virtual en espa\u00f1ol titulado <em>\u201c\u00a1S\u00famate! Doctores Unidos Contra el Covid\u201d <\/em>con expertos en medicina sobre el Covid-19 y los estragos que est\u00e1 causando en la sociedad y en especial a la comunidad de habla hispana en el Condado de Douglas y ciudades adyacentes.<br \/>\nEl evento organizado por Departamento de Salud del Condado de Douglas y la tienda de abarrotes La Casa del Pueblo, contar\u00e1 con la presencia de cinco expertos de la salud que responder\u00e1n varias preguntas hechas por la comunidad sobre el Covid-19.<br \/>\nEntre las preguntas recogidas est\u00e1n aquellas sobre la vacuna, los remedios que se pueden tener en casa, adem\u00e1s de los casos en donde un miembro de la familia resulta positivo mientras que el resto negativo, tasa de infecciones y hospitalizaciones entre otros.<br \/>\nEn este sentido, la conferencia <em>\u201c\u00a1S\u00famate! Doctores Unidos Contra el Covid\u201d<\/em> se har\u00e1 en espa\u00f1ol a trav\u00e9s de la plataforma Zoom y retrasmitida por Facebook el mi\u00e9rcoles 18 de noviembre a las 12 m. En el panel estar\u00e1n los m\u00e9dicos: Armando De Alba Rosales (Centro M\u00e9dico de la Universidad de Nebraska), Sara Hurtado Bares (Centro M\u00e9dico de la Universidad de Nebraska), Shirley F. Delair (Pediatra de enfermedades infecciosas del Hospital de Ni\u00f1os y Centro M\u00e9dico), Alhel\u00ed Gastelum (internista de la Universidad de Medicina de Creighton), Eduardo Herrera Lirio (ginec\u00f3logo y obstetra del <em>CHI Health Clinic<\/em>).<br \/>\nAs\u00ed la invitaci\u00f3n se extiende a la comunidad latina que puede acceder haciendo haciendo clic a estos enlaces: <a href=\"https:\/\/mundolatinonetwork.us3.list-manage.com\/track\/click?u=e94453a6bd38b4507ba3f317a&amp;id=1c158ae0cc&amp;e=9cf2f4f0ef\">www.facebook.com\/DouglasCountyHealth<\/a> o <a href=\"https:\/\/mundolatinonetwork.us3.list-manage.com\/track\/click?u=e94453a6bd38b4507ba3f317a&amp;id=d590a3ab89&amp;e=9cf2f4f0ef\">www.facebook.com\/DouglasCountyNE<\/a><br \/>\nPara mayor informaci\u00f3n y enviar m\u00e1s preguntas al panel puede hacerlo a trav\u00e9s de los correos de Ben Salazar <em>nuestromundinewspaper@cox.net<\/em> y Abril Garc\u00eda<em> abril@mundolatinonetwork.com.<\/em><br \/>\n&nbsp;<\/p>\n<h3><\/h3>\n","protected":false},"excerpt":{"rendered":"<p>El mi\u00e9rcoles 18 de noviembre a las 12 del mediod\u00eda se llevar\u00e1 a cabo un foro virtual en espa\u00f1ol titulado \u201c\u00a1S\u00famate! Doctores Unidos Contra el Covid\u201d con expertos en medicina sobre el Covid-19 y los estragos que est\u00e1 causando en la sociedad y en especial a la comunidad de habla hispana en el Condado de [&hellip;]<\/p>\n","protected":false},"author":1,"featured_media":4283,"comment_status":"open","ping_status":"closed","sticky":false,"template":"","format":"standard","meta":{"newspack_ads_suppress_ads":false,"_newspack_byline_active":false,"_newspack_byline":"","newspack_hide_updated_date":false,"newspack_show_updated_date":false,"newspack_content_restriction_is_exempt":false,"newspack_featured_image_position":"","newspack_post_subtitle":"","newspack_article_summary_title":"Overview:","newspack_article_summary":"","footnotes":""},"categories":[46,45],"tags":[254,50,1852],"newspack_spnsrs_tax":[],"coauthors":[1233],"class_list":["post-4282","post","type-post","status-publish","format-standard","has-post-thumbnail","hentry","category-reportaje","category-salud","tag-comundiad-latina","tag-covid-19","tag-omaha-es","entry"],"yoast_head":"<!-- This site is optimized with the Yoast SEO plugin v27.5 - https:\/\/yoast.com\/product\/yoast-seo-wordpress\/ -->\n<title>Doctores se unen para hablar sobre el Covid-19 este mi\u00e9rcoles 18 de noviembre - el perico<\/title>\n<meta name=\"robots\" content=\"index, follow, max-snippet:-1, max-image-preview:large, max-video-preview:-1\" \/>\n<link rel=\"canonical\" href=\"https:\/\/el-perico.com\/es\/doctores-se-unen-para-hablar-sobre-el-covid-19-este-miercoles-18-de-noviembre\/\" \/>\n<meta property=\"og:locale\" content=\"es_ES\" \/>\n<meta property=\"og:type\" content=\"article\" \/>\n<meta property=\"og:title\" content=\"Doctores se unen para hablar sobre el Covid-19 este mi\u00e9rcoles 18 de noviembre - el perico\" \/>\n<meta property=\"og:description\" content=\"El mi\u00e9rcoles 18 de noviembre a las 12 del mediod\u00eda se llevar\u00e1 a cabo un foro virtual en espa\u00f1ol titulado \u201c\u00a1S\u00famate! Doctores Unidos Contra el Covid\u201d con expertos en medicina sobre el Covid-19 y los estragos que est\u00e1 causando en la sociedad y en especial a la comunidad de habla hispana en el Condado de [&hellip;]\" \/>\n<meta property=\"og:url\" content=\"https:\/\/el-perico.com\/es\/doctores-se-unen-para-hablar-sobre-el-covid-19-este-miercoles-18-de-noviembre\/\" \/>\n<meta property=\"og:site_name\" content=\"el perico\" \/>\n<meta property=\"article:publisher\" content=\"https:\/\/www.facebook.com\/elpericoomaha\" \/>\n<meta property=\"article:published_time\" content=\"2020-11-17T02:34:13+00:00\" \/>\n<meta property=\"article:modified_time\" content=\"2022-03-18T20:38:08+00:00\" \/>\n<meta name=\"author\" content=\"El Perico Staff\" \/>\n<meta name=\"twitter:card\" content=\"summary_large_image\" \/>\n<meta name=\"twitter:label1\" content=\"Escrito por\" \/>\n\t<meta name=\"twitter:data1\" content=\"El Perico Staff\" \/>\n\t<meta name=\"twitter:label2\" content=\"Tiempo de lectura\" \/>\n\t<meta name=\"twitter:data2\" content=\"2 minutos\" \/>\n\t<meta name=\"twitter:label3\" content=\"Written by\" \/>\n\t<meta name=\"twitter:data3\" content=\"El Perico Staff\" \/>\n<script type=\"application\/ld+json\" class=\"yoast-schema-graph\">{\"@context\":\"https:\\\/\\\/schema.org\",\"@graph\":[{\"@type\":\"Article\",\"@id\":\"https:\\\/\\\/el-perico.com\\\/es\\\/doctores-se-unen-para-hablar-sobre-el-covid-19-este-miercoles-18-de-noviembre\\\/#article\",\"isPartOf\":{\"@id\":\"https:\\\/\\\/el-perico.com\\\/es\\\/doctores-se-unen-para-hablar-sobre-el-covid-19-este-miercoles-18-de-noviembre\\\/\"},\"author\":{\"name\":\"El Perico Staff\",\"@id\":\"https:\\\/\\\/el-perico.com\\\/es\\\/#\\\/schema\\\/person\\\/1956e5e63b94d4bd0daf30675bdf4a93\"},\"headline\":\"Doctores se unen para hablar sobre el Covid-19 este mi\u00e9rcoles 18 de noviembre\",\"datePublished\":\"2020-11-17T02:34:13+00:00\",\"dateModified\":\"2022-03-18T20:38:08+00:00\",\"mainEntityOfPage\":{\"@id\":\"https:\\\/\\\/el-perico.com\\\/es\\\/doctores-se-unen-para-hablar-sobre-el-covid-19-este-miercoles-18-de-noviembre\\\/\"},\"wordCount\":325,\"commentCount\":0,\"publisher\":{\"@id\":\"https:\\\/\\\/el-perico.com\\\/es\\\/#organization\"},\"image\":{\"@id\":\"https:\\\/\\\/el-perico.com\\\/es\\\/doctores-se-unen-para-hablar-sobre-el-covid-19-este-miercoles-18-de-noviembre\\\/#primaryimage\"},\"thumbnailUrl\":\"\",\"keywords\":[\"comundiad latina\",\"COVID-19\",\"omaha\"],\"articleSection\":[\"Reportaje\",\"Salud\"],\"inLanguage\":\"es\",\"potentialAction\":[{\"@type\":\"CommentAction\",\"name\":\"Comment\",\"target\":[\"https:\\\/\\\/el-perico.com\\\/es\\\/doctores-se-unen-para-hablar-sobre-el-covid-19-este-miercoles-18-de-noviembre\\\/#respond\"]}]},{\"@type\":\"WebPage\",\"@id\":\"https:\\\/\\\/el-perico.com\\\/es\\\/doctores-se-unen-para-hablar-sobre-el-covid-19-este-miercoles-18-de-noviembre\\\/\",\"url\":\"https:\\\/\\\/el-perico.com\\\/es\\\/doctores-se-unen-para-hablar-sobre-el-covid-19-este-miercoles-18-de-noviembre\\\/\",\"name\":\"Doctores se unen para hablar sobre el Covid-19 este mi\u00e9rcoles 18 de noviembre - el perico\",\"isPartOf\":{\"@id\":\"https:\\\/\\\/el-perico.com\\\/es\\\/#website\"},\"primaryImageOfPage\":{\"@id\":\"https:\\\/\\\/el-perico.com\\\/es\\\/doctores-se-unen-para-hablar-sobre-el-covid-19-este-miercoles-18-de-noviembre\\\/#primaryimage\"},\"image\":{\"@id\":\"https:\\\/\\\/el-perico.com\\\/es\\\/doctores-se-unen-para-hablar-sobre-el-covid-19-este-miercoles-18-de-noviembre\\\/#primaryimage\"},\"thumbnailUrl\":\"\",\"datePublished\":\"2020-11-17T02:34:13+00:00\",\"dateModified\":\"2022-03-18T20:38:08+00:00\",\"breadcrumb\":{\"@id\":\"https:\\\/\\\/el-perico.com\\\/es\\\/doctores-se-unen-para-hablar-sobre-el-covid-19-este-miercoles-18-de-noviembre\\\/#breadcrumb\"},\"inLanguage\":\"es\",\"potentialAction\":[{\"@type\":\"ReadAction\",\"target\":[\"https:\\\/\\\/el-perico.com\\\/es\\\/doctores-se-unen-para-hablar-sobre-el-covid-19-este-miercoles-18-de-noviembre\\\/\"]}]},{\"@type\":\"ImageObject\",\"inLanguage\":\"es\",\"@id\":\"https:\\\/\\\/el-perico.com\\\/es\\\/doctores-se-unen-para-hablar-sobre-el-covid-19-este-miercoles-18-de-noviembre\\\/#primaryimage\",\"url\":\"\",\"contentUrl\":\"\"},{\"@type\":\"BreadcrumbList\",\"@id\":\"https:\\\/\\\/el-perico.com\\\/es\\\/doctores-se-unen-para-hablar-sobre-el-covid-19-este-miercoles-18-de-noviembre\\\/#breadcrumb\",\"itemListElement\":[{\"@type\":\"ListItem\",\"position\":1,\"name\":\"Home\",\"item\":\"https:\\\/\\\/el-perico.com\\\/es\\\/\"},{\"@type\":\"ListItem\",\"position\":2,\"name\":\"Doctores se unen para hablar sobre el Covid-19 este mi\u00e9rcoles 18 de noviembre\"}]},{\"@type\":\"WebSite\",\"@id\":\"https:\\\/\\\/el-perico.com\\\/es\\\/#website\",\"url\":\"https:\\\/\\\/el-perico.com\\\/es\\\/\",\"name\":\"el perico\",\"description\":\"La plataforma original de noticias e informaci\u00f3n para la comunidad hispana de Omaha\",\"publisher\":{\"@id\":\"https:\\\/\\\/el-perico.com\\\/es\\\/#organization\"},\"potentialAction\":[{\"@type\":\"SearchAction\",\"target\":{\"@type\":\"EntryPoint\",\"urlTemplate\":\"https:\\\/\\\/el-perico.com\\\/es\\\/?s={search_term_string}\"},\"query-input\":{\"@type\":\"PropertyValueSpecification\",\"valueRequired\":true,\"valueName\":\"search_term_string\"}}],\"inLanguage\":\"es\"},{\"@type\":\"Organization\",\"@id\":\"https:\\\/\\\/el-perico.com\\\/es\\\/#organization\",\"name\":\"el perico\",\"url\":\"https:\\\/\\\/el-perico.com\\\/es\\\/\",\"logo\":{\"@type\":\"ImageObject\",\"inLanguage\":\"es\",\"@id\":\"https:\\\/\\\/el-perico.com\\\/es\\\/#\\\/schema\\\/logo\\\/image\\\/\",\"url\":\"https:\\\/\\\/el-perico.com\\\/wp-content\\\/uploads\\\/2024\\\/05\\\/ElPerico-Logo_NPM-1-e1717102187440.png\",\"contentUrl\":\"https:\\\/\\\/el-perico.com\\\/wp-content\\\/uploads\\\/2024\\\/05\\\/ElPerico-Logo_NPM-1-e1717102187440.png\",\"width\":648,\"height\":216,\"caption\":\"el perico\"},\"image\":{\"@id\":\"https:\\\/\\\/el-perico.com\\\/es\\\/#\\\/schema\\\/logo\\\/image\\\/\"},\"sameAs\":[\"https:\\\/\\\/www.facebook.com\\\/elpericoomaha\"]},{\"@type\":\"Person\",\"@id\":\"https:\\\/\\\/el-perico.com\\\/es\\\/#\\\/schema\\\/person\\\/1956e5e63b94d4bd0daf30675bdf4a93\",\"name\":\"El Perico Staff\",\"image\":{\"@type\":\"ImageObject\",\"inLanguage\":\"es\",\"@id\":\"https:\\\/\\\/secure.gravatar.com\\\/avatar\\\/701b23c665bfde9fd4d874d31feb4c16bf2ac173b2b0b7224dc39896d4cfc381?s=96&d=mm&r=g80b2efc5844e688a6ffb9340c789e4c4\",\"url\":\"https:\\\/\\\/secure.gravatar.com\\\/avatar\\\/701b23c665bfde9fd4d874d31feb4c16bf2ac173b2b0b7224dc39896d4cfc381?s=96&d=mm&r=g\",\"contentUrl\":\"https:\\\/\\\/secure.gravatar.com\\\/avatar\\\/701b23c665bfde9fd4d874d31feb4c16bf2ac173b2b0b7224dc39896d4cfc381?s=96&d=mm&r=g\",\"caption\":\"El Perico Staff\"},\"sameAs\":[\"https:\\\/\\\/el-perico.com\"],\"url\":\"https:\\\/\\\/el-perico.com\\\/es\\\/author\\\/af6f1d62_admin\\\/\"}]}<\/script>\n<!-- \/ Yoast SEO plugin. -->","yoast_head_json":{"title":"Doctores se unen para hablar sobre el Covid-19 este mi\u00e9rcoles 18 de noviembre - el perico","robots":{"index":"index","follow":"follow","max-snippet":"max-snippet:-1","max-image-preview":"max-image-preview:large","max-video-preview":"max-video-preview:-1"},"canonical":"https:\/\/el-perico.com\/es\/doctores-se-unen-para-hablar-sobre-el-covid-19-este-miercoles-18-de-noviembre\/","og_locale":"es_ES","og_type":"article","og_title":"Doctores se unen para hablar sobre el Covid-19 este mi\u00e9rcoles 18 de noviembre - el perico","og_description":"El mi\u00e9rcoles 18 de noviembre a las 12 del mediod\u00eda se llevar\u00e1 a cabo un foro virtual en espa\u00f1ol titulado \u201c\u00a1S\u00famate! Doctores Unidos Contra el Covid\u201d con expertos en medicina sobre el Covid-19 y los estragos que est\u00e1 causando en la sociedad y en especial a la comunidad de habla hispana en el Condado de [&hellip;]","og_url":"https:\/\/el-perico.com\/es\/doctores-se-unen-para-hablar-sobre-el-covid-19-este-miercoles-18-de-noviembre\/","og_site_name":"el perico","article_publisher":"https:\/\/www.facebook.com\/elpericoomaha","article_published_time":"2020-11-17T02:34:13+00:00","article_modified_time":"2022-03-18T20:38:08+00:00","author":"El Perico Staff","twitter_card":"summary_large_image","twitter_misc":{"Escrito por":"El Perico Staff","Tiempo de lectura":"2 minutos","Written by":"El Perico Staff"},"schema":{"@context":"https:\/\/schema.org","@graph":[{"@type":"Article","@id":"https:\/\/el-perico.com\/es\/doctores-se-unen-para-hablar-sobre-el-covid-19-este-miercoles-18-de-noviembre\/#article","isPartOf":{"@id":"https:\/\/el-perico.com\/es\/doctores-se-unen-para-hablar-sobre-el-covid-19-este-miercoles-18-de-noviembre\/"},"author":{"name":"El Perico Staff","@id":"https:\/\/el-perico.com\/es\/#\/schema\/person\/1956e5e63b94d4bd0daf30675bdf4a93"},"headline":"Doctores se unen para hablar sobre el Covid-19 este mi\u00e9rcoles 18 de noviembre","datePublished":"2020-11-17T02:34:13+00:00","dateModified":"2022-03-18T20:38:08+00:00","mainEntityOfPage":{"@id":"https:\/\/el-perico.com\/es\/doctores-se-unen-para-hablar-sobre-el-covid-19-este-miercoles-18-de-noviembre\/"},"wordCount":325,"commentCount":0,"publisher":{"@id":"https:\/\/el-perico.com\/es\/#organization"},"image":{"@id":"https:\/\/el-perico.com\/es\/doctores-se-unen-para-hablar-sobre-el-covid-19-este-miercoles-18-de-noviembre\/#primaryimage"},"thumbnailUrl":"","keywords":["comundiad latina","COVID-19","omaha"],"articleSection":["Reportaje","Salud"],"inLanguage":"es","potentialAction":[{"@type":"CommentAction","name":"Comment","target":["https:\/\/el-perico.com\/es\/doctores-se-unen-para-hablar-sobre-el-covid-19-este-miercoles-18-de-noviembre\/#respond"]}]},{"@type":"WebPage","@id":"https:\/\/el-perico.com\/es\/doctores-se-unen-para-hablar-sobre-el-covid-19-este-miercoles-18-de-noviembre\/","url":"https:\/\/el-perico.com\/es\/doctores-se-unen-para-hablar-sobre-el-covid-19-este-miercoles-18-de-noviembre\/","name":"Doctores se unen para hablar sobre el Covid-19 este mi\u00e9rcoles 18 de noviembre - el perico","isPartOf":{"@id":"https:\/\/el-perico.com\/es\/#website"},"primaryImageOfPage":{"@id":"https:\/\/el-perico.com\/es\/doctores-se-unen-para-hablar-sobre-el-covid-19-este-miercoles-18-de-noviembre\/#primaryimage"},"image":{"@id":"https:\/\/el-perico.com\/es\/doctores-se-unen-para-hablar-sobre-el-covid-19-este-miercoles-18-de-noviembre\/#primaryimage"},"thumbnailUrl":"","datePublished":"2020-11-17T02:34:13+00:00","dateModified":"2022-03-18T20:38:08+00:00","breadcrumb":{"@id":"https:\/\/el-perico.com\/es\/doctores-se-unen-para-hablar-sobre-el-covid-19-este-miercoles-18-de-noviembre\/#breadcrumb"},"inLanguage":"es","potentialAction":[{"@type":"ReadAction","target":["https:\/\/el-perico.com\/es\/doctores-se-unen-para-hablar-sobre-el-covid-19-este-miercoles-18-de-noviembre\/"]}]},{"@type":"ImageObject","inLanguage":"es","@id":"https:\/\/el-perico.com\/es\/doctores-se-unen-para-hablar-sobre-el-covid-19-este-miercoles-18-de-noviembre\/#primaryimage","url":"","contentUrl":""},{"@type":"BreadcrumbList","@id":"https:\/\/el-perico.com\/es\/doctores-se-unen-para-hablar-sobre-el-covid-19-este-miercoles-18-de-noviembre\/#breadcrumb","itemListElement":[{"@type":"ListItem","position":1,"name":"Home","item":"https:\/\/el-perico.com\/es\/"},{"@type":"ListItem","position":2,"name":"Doctores se unen para hablar sobre el Covid-19 este mi\u00e9rcoles 18 de noviembre"}]},{"@type":"WebSite","@id":"https:\/\/el-perico.com\/es\/#website","url":"https:\/\/el-perico.com\/es\/","name":"el perico","description":"La plataforma original de noticias e informaci\u00f3n para la comunidad hispana de Omaha","publisher":{"@id":"https:\/\/el-perico.com\/es\/#organization"},"potentialAction":[{"@type":"SearchAction","target":{"@type":"EntryPoint","urlTemplate":"https:\/\/el-perico.com\/es\/?s={search_term_string}"},"query-input":{"@type":"PropertyValueSpecification","valueRequired":true,"valueName":"search_term_string"}}],"inLanguage":"es"},{"@type":"Organization","@id":"https:\/\/el-perico.com\/es\/#organization","name":"el perico","url":"https:\/\/el-perico.com\/es\/","logo":{"@type":"ImageObject","inLanguage":"es","@id":"https:\/\/el-perico.com\/es\/#\/schema\/logo\/image\/","url":"https:\/\/el-perico.com\/wp-content\/uploads\/2024\/05\/ElPerico-Logo_NPM-1-e1717102187440.png","contentUrl":"https:\/\/el-perico.com\/wp-content\/uploads\/2024\/05\/ElPerico-Logo_NPM-1-e1717102187440.png","width":648,"height":216,"caption":"el perico"},"image":{"@id":"https:\/\/el-perico.com\/es\/#\/schema\/logo\/image\/"},"sameAs":["https:\/\/www.facebook.com\/elpericoomaha"]},{"@type":"Person","@id":"https:\/\/el-perico.com\/es\/#\/schema\/person\/1956e5e63b94d4bd0daf30675bdf4a93","name":"El Perico Staff","image":{"@type":"ImageObject","inLanguage":"es","@id":"https:\/\/secure.gravatar.com\/avatar\/701b23c665bfde9fd4d874d31feb4c16bf2ac173b2b0b7224dc39896d4cfc381?s=96&d=mm&r=g80b2efc5844e688a6ffb9340c789e4c4","url":"https:\/\/secure.gravatar.com\/avatar\/701b23c665bfde9fd4d874d31feb4c16bf2ac173b2b0b7224dc39896d4cfc381?s=96&d=mm&r=g","contentUrl":"https:\/\/secure.gravatar.com\/avatar\/701b23c665bfde9fd4d874d31feb4c16bf2ac173b2b0b7224dc39896d4cfc381?s=96&d=mm&r=g","caption":"El Perico Staff"},"sameAs":["https:\/\/el-perico.com"],"url":"https:\/\/el-perico.com\/es\/author\/af6f1d62_admin\/"}]}},"_links":{"self":[{"href":"https:\/\/el-perico.com\/es\/wp-json\/wp\/v2\/posts\/4282","targetHints":{"allow":["GET"]}}],"collection":[{"href":"https:\/\/el-perico.com\/es\/wp-json\/wp\/v2\/posts"}],"about":[{"href":"https:\/\/el-perico.com\/es\/wp-json\/wp\/v2\/types\/post"}],"author":[{"embeddable":true,"href":"https:\/\/el-perico.com\/es\/wp-json\/wp\/v2\/users\/1"}],"replies":[{"embeddable":true,"href":"https:\/\/el-perico.com\/es\/wp-json\/wp\/v2\/comments?post=4282"}],"version-history":[{"count":1,"href":"https:\/\/el-perico.com\/es\/wp-json\/wp\/v2\/posts\/4282\/revisions"}],"predecessor-version":[{"id":5976,"href":"https:\/\/el-perico.com\/es\/wp-json\/wp\/v2\/posts\/4282\/revisions\/5976"}],"wp:featuredmedia":[{"embeddable":true,"href":"https:\/\/el-perico.com\/es\/wp-json\/"}],"wp:attachment":[{"href":"https:\/\/el-perico.com\/es\/wp-json\/wp\/v2\/media?parent=4282"}],"wp:term":[{"taxonomy":"category","embeddable":true,"href":"https:\/\/el-perico.com\/es\/wp-json\/wp\/v2\/categories?post=4282"},{"taxonomy":"post_tag","embeddable":true,"href":"https:\/\/el-perico.com\/es\/wp-json\/wp\/v2\/tags?post=4282"},{"taxonomy":"newspack_spnsrs_tax","embeddable":true,"href":"https:\/\/el-perico.com\/es\/wp-json\/wp\/v2\/newspack_spnsrs_tax?post=4282"},{"taxonomy":"author","embeddable":true,"href":"https:\/\/el-perico.com\/es\/wp-json\/wp\/v2\/coauthors?post=4282"}],"curies":[{"name":"wp","href":"https:\/\/api.w.org\/{rel}","templated":true}]}}