{"id":3967,"date":"2020-09-08T19:15:44","date_gmt":"2020-09-09T00:15:44","guid":{"rendered":"https:\/\/el-perico.com\/?p=3967"},"modified":"2022-03-04T17:34:58","modified_gmt":"2022-03-04T22:34:58","slug":"ayudanos-a-contar-las-historias-de-los-nebrasquenos-que-hemos-perdido-por-el-covid-19","status":"publish","type":"post","link":"https:\/\/el-perico.com\/es\/ayudanos-a-contar-las-historias-de-los-nebrasquenos-que-hemos-perdido-por-el-covid-19\/","title":{"rendered":"Ay\u00fadanos a contar las historias de los nebrasque\u00f1os que hemos perdido por el COVID-19"},"content":{"rendered":"<p><img loading=\"lazy\" decoding=\"async\" class=\"wp-image-3968 alignleft\" src=\"https:\/\/el-perico.com\/wp-content\/uploads\/2020\/09\/Ayudanos-a-contar-2-300x251.png\" alt=\"\" width=\"433\" height=\"362\"><br \/>\n<em>Introducci\u00f3n de Will Bauer<\/em><br \/>\nCasi 400 nebrasque\u00f1os han muerto durante la pandemia, pero no sabemos mucho sobre ellos. Todos los d\u00edas, el departamento de salud del estado emite un comunicado de prensa que dice que un hombre o una mujer de tal edad muri\u00f3.<br \/>\nPero no m\u00e1s.<br \/>\nEstas personas son madres y padres, hermanos y hermanas, amigos, vecinos, miembros de nuestra comunidad. Y sabemos muy poco de ellos.<br \/>\nEn cualquier otro momento, tendr\u00edamos que recordar a nuestros muertos. Lo que intentamos hacer es arreglar eso. Queremos ayudar a Nebraska a recordar a los perdidos por COVID-19. Y necesitamos de tu ayuda.<br \/>\nNos gustar\u00eda crear una lista de todos los que hemos perdido, su nombre, de d\u00f3nde son, saber un poco sobre ellos. Idealmente, nos gustar\u00eda hablar con personas que los conocen y pueden decirnos m\u00e1s. Estamos recopilando esta informaci\u00f3n para organizaciones de noticias de todo el estado para que las comunidades puedan recordar a sus vecinos.<br \/>\n\u00bfConoces a alguien? H\u00e1ganoslo saber <a href=\"https:\/\/roperdatalab.github.io\/blog\/2020\/06\/24\/remembering-nebraksans-covid19\/\">rellenando el formulario.<\/a><br \/>\nLos hispanohablantes pueden <a href=\"https:\/\/docs.google.com\/forms\/d\/e\/1FAIpQLSfe_uMNQkRF_ieAMcmtk3fIJTnz4r0LnyBQN-uRLg79Gd60Qw\/viewform\">rellenar este formulario.<\/a><br \/>\n<em>Esta es una colaboraci\u00f3n entre medios locales liderados por el Laboratorio Roper de la Universidad de Nebraska-Lincoln.<\/em><br \/>\n<em>Para preguntas, p\u00f3ngase en contacto con chris@thereader.com<\/em><\/p>\n","protected":false},"excerpt":{"rendered":"<p>Introducci\u00f3n de Will Bauer Casi 400 nebrasque\u00f1os han muerto durante la pandemia, pero no sabemos mucho sobre ellos. Todos los d\u00edas, el departamento de salud del estado emite un comunicado de prensa que dice que un hombre o una mujer de tal edad muri\u00f3. Pero no m\u00e1s. Estas personas son madres y padres, hermanos y [&hellip;]<\/p>\n","protected":false},"author":1,"featured_media":3968,"comment_status":"open","ping_status":"closed","sticky":false,"template":"","format":"standard","meta":{"newspack_ads_suppress_ads":false,"_newspack_byline_active":false,"_newspack_byline":"","newspack_hide_updated_date":false,"newspack_show_updated_date":false,"newspack_content_restriction_is_exempt":false,"newspack_featured_image_position":"","newspack_post_subtitle":"","newspack_article_summary_title":"Overview:","newspack_article_summary":"","footnotes":""},"categories":[46,45],"tags":[50,213,1856],"newspack_spnsrs_tax":[],"coauthors":[1233],"class_list":["post-3967","post","type-post","status-publish","format-standard","has-post-thumbnail","hentry","category-reportaje","category-salud","tag-covid-19","tag-hispanos","tag-nebraska-es-2","entry"],"yoast_head":"<!-- This site is optimized with the Yoast SEO plugin v27.5 - https:\/\/yoast.com\/product\/yoast-seo-wordpress\/ -->\n<title>Ay\u00fadanos a contar las historias de los nebrasque\u00f1os que hemos perdido por el COVID-19 - el perico<\/title>\n<meta name=\"robots\" content=\"index, follow, max-snippet:-1, max-image-preview:large, max-video-preview:-1\" \/>\n<link rel=\"canonical\" href=\"https:\/\/el-perico.com\/es\/ayudanos-a-contar-las-historias-de-los-nebrasquenos-que-hemos-perdido-por-el-covid-19\/\" \/>\n<meta property=\"og:locale\" content=\"es_ES\" \/>\n<meta property=\"og:type\" content=\"article\" \/>\n<meta property=\"og:title\" content=\"Ay\u00fadanos a contar las historias de los nebrasque\u00f1os que hemos perdido por el COVID-19 - el perico\" \/>\n<meta property=\"og:description\" content=\"Introducci\u00f3n de Will Bauer Casi 400 nebrasque\u00f1os han muerto durante la pandemia, pero no sabemos mucho sobre ellos. Todos los d\u00edas, el departamento de salud del estado emite un comunicado de prensa que dice que un hombre o una mujer de tal edad muri\u00f3. Pero no m\u00e1s. Estas personas son madres y padres, hermanos y [&hellip;]\" \/>\n<meta property=\"og:url\" content=\"https:\/\/el-perico.com\/es\/ayudanos-a-contar-las-historias-de-los-nebrasquenos-que-hemos-perdido-por-el-covid-19\/\" \/>\n<meta property=\"og:site_name\" content=\"el perico\" \/>\n<meta property=\"article:publisher\" content=\"https:\/\/www.facebook.com\/elpericoomaha\" \/>\n<meta property=\"article:published_time\" content=\"2020-09-09T00:15:44+00:00\" \/>\n<meta property=\"article:modified_time\" content=\"2022-03-04T22:34:58+00:00\" \/>\n<meta name=\"author\" content=\"El Perico Staff\" \/>\n<meta name=\"twitter:card\" content=\"summary_large_image\" \/>\n<meta name=\"twitter:label1\" content=\"Escrito por\" \/>\n\t<meta name=\"twitter:data1\" content=\"El Perico Staff\" \/>\n\t<meta name=\"twitter:label2\" content=\"Tiempo de lectura\" \/>\n\t<meta name=\"twitter:data2\" content=\"2 minutos\" \/>\n\t<meta name=\"twitter:label3\" content=\"Written by\" \/>\n\t<meta name=\"twitter:data3\" content=\"El Perico Staff\" \/>\n<script type=\"application\/ld+json\" class=\"yoast-schema-graph\">{\"@context\":\"https:\\\/\\\/schema.org\",\"@graph\":[{\"@type\":\"Article\",\"@id\":\"https:\\\/\\\/el-perico.com\\\/es\\\/ayudanos-a-contar-las-historias-de-los-nebrasquenos-que-hemos-perdido-por-el-covid-19\\\/#article\",\"isPartOf\":{\"@id\":\"https:\\\/\\\/el-perico.com\\\/es\\\/ayudanos-a-contar-las-historias-de-los-nebrasquenos-que-hemos-perdido-por-el-covid-19\\\/\"},\"author\":{\"name\":\"El Perico Staff\",\"@id\":\"https:\\\/\\\/el-perico.com\\\/es\\\/#\\\/schema\\\/person\\\/1956e5e63b94d4bd0daf30675bdf4a93\"},\"headline\":\"Ay\u00fadanos a contar las historias de los nebrasque\u00f1os que hemos perdido por el COVID-19\",\"datePublished\":\"2020-09-09T00:15:44+00:00\",\"dateModified\":\"2022-03-04T22:34:58+00:00\",\"mainEntityOfPage\":{\"@id\":\"https:\\\/\\\/el-perico.com\\\/es\\\/ayudanos-a-contar-las-historias-de-los-nebrasquenos-que-hemos-perdido-por-el-covid-19\\\/\"},\"wordCount\":224,\"commentCount\":0,\"publisher\":{\"@id\":\"https:\\\/\\\/el-perico.com\\\/es\\\/#organization\"},\"image\":{\"@id\":\"https:\\\/\\\/el-perico.com\\\/es\\\/ayudanos-a-contar-las-historias-de-los-nebrasquenos-que-hemos-perdido-por-el-covid-19\\\/#primaryimage\"},\"thumbnailUrl\":\"\",\"keywords\":[\"COVID-19\",\"hispanos\",\"nebraska\"],\"articleSection\":[\"Reportaje\",\"Salud\"],\"inLanguage\":\"es\",\"potentialAction\":[{\"@type\":\"CommentAction\",\"name\":\"Comment\",\"target\":[\"https:\\\/\\\/el-perico.com\\\/es\\\/ayudanos-a-contar-las-historias-de-los-nebrasquenos-que-hemos-perdido-por-el-covid-19\\\/#respond\"]}]},{\"@type\":\"WebPage\",\"@id\":\"https:\\\/\\\/el-perico.com\\\/es\\\/ayudanos-a-contar-las-historias-de-los-nebrasquenos-que-hemos-perdido-por-el-covid-19\\\/\",\"url\":\"https:\\\/\\\/el-perico.com\\\/es\\\/ayudanos-a-contar-las-historias-de-los-nebrasquenos-que-hemos-perdido-por-el-covid-19\\\/\",\"name\":\"Ay\u00fadanos a contar las historias de los nebrasque\u00f1os que hemos perdido por el COVID-19 - el perico\",\"isPartOf\":{\"@id\":\"https:\\\/\\\/el-perico.com\\\/es\\\/#website\"},\"primaryImageOfPage\":{\"@id\":\"https:\\\/\\\/el-perico.com\\\/es\\\/ayudanos-a-contar-las-historias-de-los-nebrasquenos-que-hemos-perdido-por-el-covid-19\\\/#primaryimage\"},\"image\":{\"@id\":\"https:\\\/\\\/el-perico.com\\\/es\\\/ayudanos-a-contar-las-historias-de-los-nebrasquenos-que-hemos-perdido-por-el-covid-19\\\/#primaryimage\"},\"thumbnailUrl\":\"\",\"datePublished\":\"2020-09-09T00:15:44+00:00\",\"dateModified\":\"2022-03-04T22:34:58+00:00\",\"breadcrumb\":{\"@id\":\"https:\\\/\\\/el-perico.com\\\/es\\\/ayudanos-a-contar-las-historias-de-los-nebrasquenos-que-hemos-perdido-por-el-covid-19\\\/#breadcrumb\"},\"inLanguage\":\"es\",\"potentialAction\":[{\"@type\":\"ReadAction\",\"target\":[\"https:\\\/\\\/el-perico.com\\\/es\\\/ayudanos-a-contar-las-historias-de-los-nebrasquenos-que-hemos-perdido-por-el-covid-19\\\/\"]}]},{\"@type\":\"ImageObject\",\"inLanguage\":\"es\",\"@id\":\"https:\\\/\\\/el-perico.com\\\/es\\\/ayudanos-a-contar-las-historias-de-los-nebrasquenos-que-hemos-perdido-por-el-covid-19\\\/#primaryimage\",\"url\":\"\",\"contentUrl\":\"\"},{\"@type\":\"BreadcrumbList\",\"@id\":\"https:\\\/\\\/el-perico.com\\\/es\\\/ayudanos-a-contar-las-historias-de-los-nebrasquenos-que-hemos-perdido-por-el-covid-19\\\/#breadcrumb\",\"itemListElement\":[{\"@type\":\"ListItem\",\"position\":1,\"name\":\"Home\",\"item\":\"https:\\\/\\\/el-perico.com\\\/es\\\/\"},{\"@type\":\"ListItem\",\"position\":2,\"name\":\"Ay\u00fadanos a contar las historias de los nebrasque\u00f1os que hemos perdido por el COVID-19\"}]},{\"@type\":\"WebSite\",\"@id\":\"https:\\\/\\\/el-perico.com\\\/es\\\/#website\",\"url\":\"https:\\\/\\\/el-perico.com\\\/es\\\/\",\"name\":\"el perico\",\"description\":\"La plataforma original de noticias e informaci\u00f3n para la comunidad hispana de Omaha\",\"publisher\":{\"@id\":\"https:\\\/\\\/el-perico.com\\\/es\\\/#organization\"},\"potentialAction\":[{\"@type\":\"SearchAction\",\"target\":{\"@type\":\"EntryPoint\",\"urlTemplate\":\"https:\\\/\\\/el-perico.com\\\/es\\\/?s={search_term_string}\"},\"query-input\":{\"@type\":\"PropertyValueSpecification\",\"valueRequired\":true,\"valueName\":\"search_term_string\"}}],\"inLanguage\":\"es\"},{\"@type\":\"Organization\",\"@id\":\"https:\\\/\\\/el-perico.com\\\/es\\\/#organization\",\"name\":\"el perico\",\"url\":\"https:\\\/\\\/el-perico.com\\\/es\\\/\",\"logo\":{\"@type\":\"ImageObject\",\"inLanguage\":\"es\",\"@id\":\"https:\\\/\\\/el-perico.com\\\/es\\\/#\\\/schema\\\/logo\\\/image\\\/\",\"url\":\"https:\\\/\\\/el-perico.com\\\/wp-content\\\/uploads\\\/2024\\\/05\\\/ElPerico-Logo_NPM-1-e1717102187440.png\",\"contentUrl\":\"https:\\\/\\\/el-perico.com\\\/wp-content\\\/uploads\\\/2024\\\/05\\\/ElPerico-Logo_NPM-1-e1717102187440.png\",\"width\":648,\"height\":216,\"caption\":\"el perico\"},\"image\":{\"@id\":\"https:\\\/\\\/el-perico.com\\\/es\\\/#\\\/schema\\\/logo\\\/image\\\/\"},\"sameAs\":[\"https:\\\/\\\/www.facebook.com\\\/elpericoomaha\"]},{\"@type\":\"Person\",\"@id\":\"https:\\\/\\\/el-perico.com\\\/es\\\/#\\\/schema\\\/person\\\/1956e5e63b94d4bd0daf30675bdf4a93\",\"name\":\"El Perico Staff\",\"image\":{\"@type\":\"ImageObject\",\"inLanguage\":\"es\",\"@id\":\"https:\\\/\\\/secure.gravatar.com\\\/avatar\\\/701b23c665bfde9fd4d874d31feb4c16bf2ac173b2b0b7224dc39896d4cfc381?s=96&d=mm&r=g80b2efc5844e688a6ffb9340c789e4c4\",\"url\":\"https:\\\/\\\/secure.gravatar.com\\\/avatar\\\/701b23c665bfde9fd4d874d31feb4c16bf2ac173b2b0b7224dc39896d4cfc381?s=96&d=mm&r=g\",\"contentUrl\":\"https:\\\/\\\/secure.gravatar.com\\\/avatar\\\/701b23c665bfde9fd4d874d31feb4c16bf2ac173b2b0b7224dc39896d4cfc381?s=96&d=mm&r=g\",\"caption\":\"El Perico Staff\"},\"sameAs\":[\"https:\\\/\\\/el-perico.com\"],\"url\":\"https:\\\/\\\/el-perico.com\\\/es\\\/author\\\/af6f1d62_admin\\\/\"}]}<\/script>\n<!-- \/ Yoast SEO plugin. -->","yoast_head_json":{"title":"Ay\u00fadanos a contar las historias de los nebrasque\u00f1os que hemos perdido por el COVID-19 - el perico","robots":{"index":"index","follow":"follow","max-snippet":"max-snippet:-1","max-image-preview":"max-image-preview:large","max-video-preview":"max-video-preview:-1"},"canonical":"https:\/\/el-perico.com\/es\/ayudanos-a-contar-las-historias-de-los-nebrasquenos-que-hemos-perdido-por-el-covid-19\/","og_locale":"es_ES","og_type":"article","og_title":"Ay\u00fadanos a contar las historias de los nebrasque\u00f1os que hemos perdido por el COVID-19 - el perico","og_description":"Introducci\u00f3n de Will Bauer Casi 400 nebrasque\u00f1os han muerto durante la pandemia, pero no sabemos mucho sobre ellos. Todos los d\u00edas, el departamento de salud del estado emite un comunicado de prensa que dice que un hombre o una mujer de tal edad muri\u00f3. Pero no m\u00e1s. Estas personas son madres y padres, hermanos y [&hellip;]","og_url":"https:\/\/el-perico.com\/es\/ayudanos-a-contar-las-historias-de-los-nebrasquenos-que-hemos-perdido-por-el-covid-19\/","og_site_name":"el perico","article_publisher":"https:\/\/www.facebook.com\/elpericoomaha","article_published_time":"2020-09-09T00:15:44+00:00","article_modified_time":"2022-03-04T22:34:58+00:00","author":"El Perico Staff","twitter_card":"summary_large_image","twitter_misc":{"Escrito por":"El Perico Staff","Tiempo de lectura":"2 minutos","Written by":"El Perico Staff"},"schema":{"@context":"https:\/\/schema.org","@graph":[{"@type":"Article","@id":"https:\/\/el-perico.com\/es\/ayudanos-a-contar-las-historias-de-los-nebrasquenos-que-hemos-perdido-por-el-covid-19\/#article","isPartOf":{"@id":"https:\/\/el-perico.com\/es\/ayudanos-a-contar-las-historias-de-los-nebrasquenos-que-hemos-perdido-por-el-covid-19\/"},"author":{"name":"El Perico Staff","@id":"https:\/\/el-perico.com\/es\/#\/schema\/person\/1956e5e63b94d4bd0daf30675bdf4a93"},"headline":"Ay\u00fadanos a contar las historias de los nebrasque\u00f1os que hemos perdido por el COVID-19","datePublished":"2020-09-09T00:15:44+00:00","dateModified":"2022-03-04T22:34:58+00:00","mainEntityOfPage":{"@id":"https:\/\/el-perico.com\/es\/ayudanos-a-contar-las-historias-de-los-nebrasquenos-que-hemos-perdido-por-el-covid-19\/"},"wordCount":224,"commentCount":0,"publisher":{"@id":"https:\/\/el-perico.com\/es\/#organization"},"image":{"@id":"https:\/\/el-perico.com\/es\/ayudanos-a-contar-las-historias-de-los-nebrasquenos-que-hemos-perdido-por-el-covid-19\/#primaryimage"},"thumbnailUrl":"","keywords":["COVID-19","hispanos","nebraska"],"articleSection":["Reportaje","Salud"],"inLanguage":"es","potentialAction":[{"@type":"CommentAction","name":"Comment","target":["https:\/\/el-perico.com\/es\/ayudanos-a-contar-las-historias-de-los-nebrasquenos-que-hemos-perdido-por-el-covid-19\/#respond"]}]},{"@type":"WebPage","@id":"https:\/\/el-perico.com\/es\/ayudanos-a-contar-las-historias-de-los-nebrasquenos-que-hemos-perdido-por-el-covid-19\/","url":"https:\/\/el-perico.com\/es\/ayudanos-a-contar-las-historias-de-los-nebrasquenos-que-hemos-perdido-por-el-covid-19\/","name":"Ay\u00fadanos a contar las historias de los nebrasque\u00f1os que hemos perdido por el COVID-19 - el perico","isPartOf":{"@id":"https:\/\/el-perico.com\/es\/#website"},"primaryImageOfPage":{"@id":"https:\/\/el-perico.com\/es\/ayudanos-a-contar-las-historias-de-los-nebrasquenos-que-hemos-perdido-por-el-covid-19\/#primaryimage"},"image":{"@id":"https:\/\/el-perico.com\/es\/ayudanos-a-contar-las-historias-de-los-nebrasquenos-que-hemos-perdido-por-el-covid-19\/#primaryimage"},"thumbnailUrl":"","datePublished":"2020-09-09T00:15:44+00:00","dateModified":"2022-03-04T22:34:58+00:00","breadcrumb":{"@id":"https:\/\/el-perico.com\/es\/ayudanos-a-contar-las-historias-de-los-nebrasquenos-que-hemos-perdido-por-el-covid-19\/#breadcrumb"},"inLanguage":"es","potentialAction":[{"@type":"ReadAction","target":["https:\/\/el-perico.com\/es\/ayudanos-a-contar-las-historias-de-los-nebrasquenos-que-hemos-perdido-por-el-covid-19\/"]}]},{"@type":"ImageObject","inLanguage":"es","@id":"https:\/\/el-perico.com\/es\/ayudanos-a-contar-las-historias-de-los-nebrasquenos-que-hemos-perdido-por-el-covid-19\/#primaryimage","url":"","contentUrl":""},{"@type":"BreadcrumbList","@id":"https:\/\/el-perico.com\/es\/ayudanos-a-contar-las-historias-de-los-nebrasquenos-que-hemos-perdido-por-el-covid-19\/#breadcrumb","itemListElement":[{"@type":"ListItem","position":1,"name":"Home","item":"https:\/\/el-perico.com\/es\/"},{"@type":"ListItem","position":2,"name":"Ay\u00fadanos a contar las historias de los nebrasque\u00f1os que hemos perdido por el COVID-19"}]},{"@type":"WebSite","@id":"https:\/\/el-perico.com\/es\/#website","url":"https:\/\/el-perico.com\/es\/","name":"el perico","description":"La plataforma original de noticias e informaci\u00f3n para la comunidad hispana de Omaha","publisher":{"@id":"https:\/\/el-perico.com\/es\/#organization"},"potentialAction":[{"@type":"SearchAction","target":{"@type":"EntryPoint","urlTemplate":"https:\/\/el-perico.com\/es\/?s={search_term_string}"},"query-input":{"@type":"PropertyValueSpecification","valueRequired":true,"valueName":"search_term_string"}}],"inLanguage":"es"},{"@type":"Organization","@id":"https:\/\/el-perico.com\/es\/#organization","name":"el perico","url":"https:\/\/el-perico.com\/es\/","logo":{"@type":"ImageObject","inLanguage":"es","@id":"https:\/\/el-perico.com\/es\/#\/schema\/logo\/image\/","url":"https:\/\/el-perico.com\/wp-content\/uploads\/2024\/05\/ElPerico-Logo_NPM-1-e1717102187440.png","contentUrl":"https:\/\/el-perico.com\/wp-content\/uploads\/2024\/05\/ElPerico-Logo_NPM-1-e1717102187440.png","width":648,"height":216,"caption":"el perico"},"image":{"@id":"https:\/\/el-perico.com\/es\/#\/schema\/logo\/image\/"},"sameAs":["https:\/\/www.facebook.com\/elpericoomaha"]},{"@type":"Person","@id":"https:\/\/el-perico.com\/es\/#\/schema\/person\/1956e5e63b94d4bd0daf30675bdf4a93","name":"El Perico Staff","image":{"@type":"ImageObject","inLanguage":"es","@id":"https:\/\/secure.gravatar.com\/avatar\/701b23c665bfde9fd4d874d31feb4c16bf2ac173b2b0b7224dc39896d4cfc381?s=96&d=mm&r=g80b2efc5844e688a6ffb9340c789e4c4","url":"https:\/\/secure.gravatar.com\/avatar\/701b23c665bfde9fd4d874d31feb4c16bf2ac173b2b0b7224dc39896d4cfc381?s=96&d=mm&r=g","contentUrl":"https:\/\/secure.gravatar.com\/avatar\/701b23c665bfde9fd4d874d31feb4c16bf2ac173b2b0b7224dc39896d4cfc381?s=96&d=mm&r=g","caption":"El Perico Staff"},"sameAs":["https:\/\/el-perico.com"],"url":"https:\/\/el-perico.com\/es\/author\/af6f1d62_admin\/"}]}},"_links":{"self":[{"href":"https:\/\/el-perico.com\/es\/wp-json\/wp\/v2\/posts\/3967","targetHints":{"allow":["GET"]}}],"collection":[{"href":"https:\/\/el-perico.com\/es\/wp-json\/wp\/v2\/posts"}],"about":[{"href":"https:\/\/el-perico.com\/es\/wp-json\/wp\/v2\/types\/post"}],"author":[{"embeddable":true,"href":"https:\/\/el-perico.com\/es\/wp-json\/wp\/v2\/users\/1"}],"replies":[{"embeddable":true,"href":"https:\/\/el-perico.com\/es\/wp-json\/wp\/v2\/comments?post=3967"}],"version-history":[{"count":1,"href":"https:\/\/el-perico.com\/es\/wp-json\/wp\/v2\/posts\/3967\/revisions"}],"predecessor-version":[{"id":6030,"href":"https:\/\/el-perico.com\/es\/wp-json\/wp\/v2\/posts\/3967\/revisions\/6030"}],"wp:featuredmedia":[{"embeddable":true,"href":"https:\/\/el-perico.com\/es\/wp-json\/"}],"wp:attachment":[{"href":"https:\/\/el-perico.com\/es\/wp-json\/wp\/v2\/media?parent=3967"}],"wp:term":[{"taxonomy":"category","embeddable":true,"href":"https:\/\/el-perico.com\/es\/wp-json\/wp\/v2\/categories?post=3967"},{"taxonomy":"post_tag","embeddable":true,"href":"https:\/\/el-perico.com\/es\/wp-json\/wp\/v2\/tags?post=3967"},{"taxonomy":"newspack_spnsrs_tax","embeddable":true,"href":"https:\/\/el-perico.com\/es\/wp-json\/wp\/v2\/newspack_spnsrs_tax?post=3967"},{"taxonomy":"author","embeddable":true,"href":"https:\/\/el-perico.com\/es\/wp-json\/wp\/v2\/coauthors?post=3967"}],"curies":[{"name":"wp","href":"https:\/\/api.w.org\/{rel}","templated":true}]}}