{"id":3640,"date":"2020-05-06T22:36:20","date_gmt":"2020-05-07T03:36:20","guid":{"rendered":"https:\/\/el-perico.com\/?p=3640"},"modified":"2020-05-06T22:36:20","modified_gmt":"2020-05-07T03:36:20","slug":"cuidado-con-las-llamadas-fraudulentas-de-cobro-de-luz","status":"publish","type":"post","link":"https:\/\/el-perico.com\/es\/cuidado-con-las-llamadas-fraudulentas-de-cobro-de-luz\/","title":{"rendered":"Cuidado con las llamadas fraudulentas de cobro de luz"},"content":{"rendered":"<p><img loading=\"lazy\" decoding=\"async\" class=\"wp-image-3641 alignleft\" src=\"https:\/\/el-perico.com\/wp-content\/uploads\/2020\/05\/Dise\u00f1o-sin-t\u00edtulo-300x251.png\" alt=\"\" width=\"395\" height=\"331\" \/><br \/>\nLos servicios p\u00fablicos no lo van a llamar para que acelere un pago y evitar la desconexi\u00f3n, as\u00ed asegur\u00f3 Yesenia Peck, gerente de diversidad e inclusi\u00f3n del Distrito del Energ\u00eda P\u00fablico de Nebraska (NPPD).<br \/>\nEn una conferencia de prensa, celebrada el pasado martes, Peck advirti\u00f3 que hay personas inescrupulosas que tratan de enga\u00f1ar a la poblaci\u00f3n amenaz\u00e1ndola de cortar el servicio el\u00e9ctrico si no pagan de inmediato.<br \/>\nAnte la preocupaci\u00f3n la funcionaria sugiri\u00f3 que de ocurrir tal cosa pregunte el n\u00famero de tel\u00e9fono \u201cy d\u00edgale que le van a devolver la llamada. Luego de colgar, llame a su compa\u00f1\u00eda de electricidad\u201d, dijo. \u201cEso dar\u00e1 tiempo para poder alertar a la comunidad sobre este tipo de actividades\u201d, y se publicar\u00e1 por las redes sociales y medios de comunicaci\u00f3n, agreg\u00f3.<br \/>\nPor otra parte Peck record\u00f3 que desde el pasado 20 de marzo se suspendieron las desconexiones de energ\u00eda el\u00e9ctrica por falta de pago, y a partir del 13 de abril no se hacen recargos por pagos atrasados.<br \/>\nNo obstante, dado que no se trata de un servicio gratuito, insta a la comunidad a ponerse al d\u00eda de \u201cpoquito a poquito\u201d, para evitar acumular deudas. \u201cCuando se reanuden los procesos normales ser\u00e1 dif\u00edcil ponerse al d\u00eda\u201d, acot\u00f3.<br \/>\nAdem\u00e1s, inform\u00f3 qu\u00e9 las personas que no puedan realizar los pagos deben comunicarse con su compa\u00f1\u00eda proveedora para que est\u00e9n al tanto y se busque una soluci\u00f3n al respecto.<br \/>\nMotivamos a los clientes para que paguen lo que puedan y que se contacten con servicio al cliente para hacer los arreglos de pago porque no se deben atrasar mucho tiempo porque cuando se reanuden los procesos normales ser\u00e1 dif\u00edcil ponerse al d\u00eda.<br \/>\nLas personas que presentan alg\u00fan inconveniente con el pago de la factura de luz pueden comunicarse al n\u00famero 1 877 275 6773, y pueden optar por el programa de NPPD llamado <a href=\"https:\/\/www.nppd.com\/in-your-neighborhood\/community\/pennies-power?locale=es\">Centavus<\/a>, un fondo de asistencia energ\u00e9tica para ayudar a las familias desfavorecidas a pagar la cuenta de luz, el cual es financiado por clientes y empleados.<br \/>\nVale mencionar que el NPPD una empresa de servicios p\u00fablicos y subdivisi\u00f3n pol\u00edtica que presta servicio el\u00e9ctrico al estado de Nebraska a trav\u00e9s de sus proveedores adscritos.<\/p>\n","protected":false},"excerpt":{"rendered":"<p>Los servicios p\u00fablicos no lo van a llamar para que acelere un pago y evitar la desconexi\u00f3n, as\u00ed asegur\u00f3 Yesenia Peck, gerente de diversidad e inclusi\u00f3n del Distrito del Energ\u00eda P\u00fablico de Nebraska (NPPD). En una conferencia de prensa, celebrada el pasado martes, Peck advirti\u00f3 que hay personas inescrupulosas que tratan de enga\u00f1ar a la [&hellip;]<\/p>\n","protected":false},"author":1,"featured_media":3641,"comment_status":"open","ping_status":"closed","sticky":false,"template":"","format":"standard","meta":{"newspack_ads_suppress_ads":false,"_newspack_byline_active":false,"_newspack_byline":"","newspack_hide_updated_date":false,"newspack_show_updated_date":false,"newspack_content_restriction_is_exempt":false,"newspack_featured_image_position":"","newspack_post_subtitle":"","newspack_article_summary_title":"Overview:","newspack_article_summary":"","footnotes":""},"categories":[46],"tags":[],"newspack_spnsrs_tax":[],"coauthors":[],"class_list":["post-3640","post","type-post","status-publish","format-standard","has-post-thumbnail","hentry","category-reportaje","entry"],"yoast_head":"<!-- This site is optimized with the Yoast SEO plugin v27.5 - https:\/\/yoast.com\/product\/yoast-seo-wordpress\/ -->\n<title>Cuidado con las llamadas fraudulentas de cobro de luz - el perico<\/title>\n<meta name=\"robots\" content=\"index, follow, max-snippet:-1, max-image-preview:large, max-video-preview:-1\" \/>\n<link rel=\"canonical\" href=\"https:\/\/el-perico.com\/es\/cuidado-con-las-llamadas-fraudulentas-de-cobro-de-luz\/\" \/>\n<meta property=\"og:locale\" content=\"es_ES\" \/>\n<meta property=\"og:type\" content=\"article\" \/>\n<meta property=\"og:title\" content=\"Cuidado con las llamadas fraudulentas de cobro de luz - el perico\" \/>\n<meta property=\"og:description\" content=\"Los servicios p\u00fablicos no lo van a llamar para que acelere un pago y evitar la desconexi\u00f3n, as\u00ed asegur\u00f3 Yesenia Peck, gerente de diversidad e inclusi\u00f3n del Distrito del Energ\u00eda P\u00fablico de Nebraska (NPPD). En una conferencia de prensa, celebrada el pasado martes, Peck advirti\u00f3 que hay personas inescrupulosas que tratan de enga\u00f1ar a la [&hellip;]\" \/>\n<meta property=\"og:url\" content=\"https:\/\/el-perico.com\/es\/cuidado-con-las-llamadas-fraudulentas-de-cobro-de-luz\/\" \/>\n<meta property=\"og:site_name\" content=\"el perico\" \/>\n<meta property=\"article:publisher\" content=\"https:\/\/www.facebook.com\/elpericoomaha\" \/>\n<meta property=\"article:published_time\" content=\"2020-05-07T03:36:20+00:00\" \/>\n<meta name=\"author\" content=\"El Perico Staff\" \/>\n<meta name=\"twitter:card\" content=\"summary_large_image\" \/>\n<meta name=\"twitter:label1\" content=\"Escrito por\" \/>\n\t<meta name=\"twitter:data1\" content=\"El Perico Staff\" \/>\n\t<meta name=\"twitter:label2\" content=\"Tiempo de lectura\" \/>\n\t<meta name=\"twitter:data2\" content=\"2 minutos\" \/>\n\t<meta name=\"twitter:label3\" content=\"Written by\" \/>\n\t<meta name=\"twitter:data3\" content=\"El Perico Staff\" \/>\n<script type=\"application\/ld+json\" class=\"yoast-schema-graph\">{\"@context\":\"https:\\\/\\\/schema.org\",\"@graph\":[{\"@type\":\"Article\",\"@id\":\"https:\\\/\\\/el-perico.com\\\/es\\\/cuidado-con-las-llamadas-fraudulentas-de-cobro-de-luz\\\/#article\",\"isPartOf\":{\"@id\":\"https:\\\/\\\/el-perico.com\\\/es\\\/cuidado-con-las-llamadas-fraudulentas-de-cobro-de-luz\\\/\"},\"author\":{\"name\":\"El Perico Staff\",\"@id\":\"https:\\\/\\\/el-perico.com\\\/es\\\/#\\\/schema\\\/person\\\/1956e5e63b94d4bd0daf30675bdf4a93\"},\"headline\":\"Cuidado con las llamadas fraudulentas de cobro de luz\",\"datePublished\":\"2020-05-07T03:36:20+00:00\",\"mainEntityOfPage\":{\"@id\":\"https:\\\/\\\/el-perico.com\\\/es\\\/cuidado-con-las-llamadas-fraudulentas-de-cobro-de-luz\\\/\"},\"wordCount\":397,\"commentCount\":0,\"publisher\":{\"@id\":\"https:\\\/\\\/el-perico.com\\\/es\\\/#organization\"},\"image\":{\"@id\":\"https:\\\/\\\/el-perico.com\\\/es\\\/cuidado-con-las-llamadas-fraudulentas-de-cobro-de-luz\\\/#primaryimage\"},\"thumbnailUrl\":\"\",\"articleSection\":[\"Reportaje\"],\"inLanguage\":\"es\",\"potentialAction\":[{\"@type\":\"CommentAction\",\"name\":\"Comment\",\"target\":[\"https:\\\/\\\/el-perico.com\\\/es\\\/cuidado-con-las-llamadas-fraudulentas-de-cobro-de-luz\\\/#respond\"]}]},{\"@type\":\"WebPage\",\"@id\":\"https:\\\/\\\/el-perico.com\\\/es\\\/cuidado-con-las-llamadas-fraudulentas-de-cobro-de-luz\\\/\",\"url\":\"https:\\\/\\\/el-perico.com\\\/es\\\/cuidado-con-las-llamadas-fraudulentas-de-cobro-de-luz\\\/\",\"name\":\"Cuidado con las llamadas fraudulentas de cobro de luz - el perico\",\"isPartOf\":{\"@id\":\"https:\\\/\\\/el-perico.com\\\/es\\\/#website\"},\"primaryImageOfPage\":{\"@id\":\"https:\\\/\\\/el-perico.com\\\/es\\\/cuidado-con-las-llamadas-fraudulentas-de-cobro-de-luz\\\/#primaryimage\"},\"image\":{\"@id\":\"https:\\\/\\\/el-perico.com\\\/es\\\/cuidado-con-las-llamadas-fraudulentas-de-cobro-de-luz\\\/#primaryimage\"},\"thumbnailUrl\":\"\",\"datePublished\":\"2020-05-07T03:36:20+00:00\",\"breadcrumb\":{\"@id\":\"https:\\\/\\\/el-perico.com\\\/es\\\/cuidado-con-las-llamadas-fraudulentas-de-cobro-de-luz\\\/#breadcrumb\"},\"inLanguage\":\"es\",\"potentialAction\":[{\"@type\":\"ReadAction\",\"target\":[\"https:\\\/\\\/el-perico.com\\\/es\\\/cuidado-con-las-llamadas-fraudulentas-de-cobro-de-luz\\\/\"]}]},{\"@type\":\"ImageObject\",\"inLanguage\":\"es\",\"@id\":\"https:\\\/\\\/el-perico.com\\\/es\\\/cuidado-con-las-llamadas-fraudulentas-de-cobro-de-luz\\\/#primaryimage\",\"url\":\"\",\"contentUrl\":\"\"},{\"@type\":\"BreadcrumbList\",\"@id\":\"https:\\\/\\\/el-perico.com\\\/es\\\/cuidado-con-las-llamadas-fraudulentas-de-cobro-de-luz\\\/#breadcrumb\",\"itemListElement\":[{\"@type\":\"ListItem\",\"position\":1,\"name\":\"Home\",\"item\":\"https:\\\/\\\/el-perico.com\\\/es\\\/\"},{\"@type\":\"ListItem\",\"position\":2,\"name\":\"Cuidado con las llamadas fraudulentas de cobro de luz\"}]},{\"@type\":\"WebSite\",\"@id\":\"https:\\\/\\\/el-perico.com\\\/es\\\/#website\",\"url\":\"https:\\\/\\\/el-perico.com\\\/es\\\/\",\"name\":\"el perico\",\"description\":\"La plataforma original de noticias e informaci\u00f3n para la comunidad hispana de Omaha\",\"publisher\":{\"@id\":\"https:\\\/\\\/el-perico.com\\\/es\\\/#organization\"},\"potentialAction\":[{\"@type\":\"SearchAction\",\"target\":{\"@type\":\"EntryPoint\",\"urlTemplate\":\"https:\\\/\\\/el-perico.com\\\/es\\\/?s={search_term_string}\"},\"query-input\":{\"@type\":\"PropertyValueSpecification\",\"valueRequired\":true,\"valueName\":\"search_term_string\"}}],\"inLanguage\":\"es\"},{\"@type\":\"Organization\",\"@id\":\"https:\\\/\\\/el-perico.com\\\/es\\\/#organization\",\"name\":\"el perico\",\"url\":\"https:\\\/\\\/el-perico.com\\\/es\\\/\",\"logo\":{\"@type\":\"ImageObject\",\"inLanguage\":\"es\",\"@id\":\"https:\\\/\\\/el-perico.com\\\/es\\\/#\\\/schema\\\/logo\\\/image\\\/\",\"url\":\"https:\\\/\\\/el-perico.com\\\/wp-content\\\/uploads\\\/2024\\\/05\\\/ElPerico-Logo_NPM-1-e1717102187440.png\",\"contentUrl\":\"https:\\\/\\\/el-perico.com\\\/wp-content\\\/uploads\\\/2024\\\/05\\\/ElPerico-Logo_NPM-1-e1717102187440.png\",\"width\":648,\"height\":216,\"caption\":\"el perico\"},\"image\":{\"@id\":\"https:\\\/\\\/el-perico.com\\\/es\\\/#\\\/schema\\\/logo\\\/image\\\/\"},\"sameAs\":[\"https:\\\/\\\/www.facebook.com\\\/elpericoomaha\"]},{\"@type\":\"Person\",\"@id\":\"https:\\\/\\\/el-perico.com\\\/es\\\/#\\\/schema\\\/person\\\/1956e5e63b94d4bd0daf30675bdf4a93\",\"name\":\"El Perico Staff\",\"image\":{\"@type\":\"ImageObject\",\"inLanguage\":\"es\",\"@id\":\"https:\\\/\\\/secure.gravatar.com\\\/avatar\\\/701b23c665bfde9fd4d874d31feb4c16bf2ac173b2b0b7224dc39896d4cfc381?s=96&d=mm&r=g80b2efc5844e688a6ffb9340c789e4c4\",\"url\":\"https:\\\/\\\/secure.gravatar.com\\\/avatar\\\/701b23c665bfde9fd4d874d31feb4c16bf2ac173b2b0b7224dc39896d4cfc381?s=96&d=mm&r=g\",\"contentUrl\":\"https:\\\/\\\/secure.gravatar.com\\\/avatar\\\/701b23c665bfde9fd4d874d31feb4c16bf2ac173b2b0b7224dc39896d4cfc381?s=96&d=mm&r=g\",\"caption\":\"El Perico Staff\"},\"sameAs\":[\"https:\\\/\\\/el-perico.com\"],\"url\":\"https:\\\/\\\/el-perico.com\\\/es\\\/author\\\/af6f1d62_admin\\\/\"}]}<\/script>\n<!-- \/ Yoast SEO plugin. -->","yoast_head_json":{"title":"Cuidado con las llamadas fraudulentas de cobro de luz - el perico","robots":{"index":"index","follow":"follow","max-snippet":"max-snippet:-1","max-image-preview":"max-image-preview:large","max-video-preview":"max-video-preview:-1"},"canonical":"https:\/\/el-perico.com\/es\/cuidado-con-las-llamadas-fraudulentas-de-cobro-de-luz\/","og_locale":"es_ES","og_type":"article","og_title":"Cuidado con las llamadas fraudulentas de cobro de luz - el perico","og_description":"Los servicios p\u00fablicos no lo van a llamar para que acelere un pago y evitar la desconexi\u00f3n, as\u00ed asegur\u00f3 Yesenia Peck, gerente de diversidad e inclusi\u00f3n del Distrito del Energ\u00eda P\u00fablico de Nebraska (NPPD). En una conferencia de prensa, celebrada el pasado martes, Peck advirti\u00f3 que hay personas inescrupulosas que tratan de enga\u00f1ar a la [&hellip;]","og_url":"https:\/\/el-perico.com\/es\/cuidado-con-las-llamadas-fraudulentas-de-cobro-de-luz\/","og_site_name":"el perico","article_publisher":"https:\/\/www.facebook.com\/elpericoomaha","article_published_time":"2020-05-07T03:36:20+00:00","author":"El Perico Staff","twitter_card":"summary_large_image","twitter_misc":{"Escrito por":"El Perico Staff","Tiempo de lectura":"2 minutos","Written by":"El Perico Staff"},"schema":{"@context":"https:\/\/schema.org","@graph":[{"@type":"Article","@id":"https:\/\/el-perico.com\/es\/cuidado-con-las-llamadas-fraudulentas-de-cobro-de-luz\/#article","isPartOf":{"@id":"https:\/\/el-perico.com\/es\/cuidado-con-las-llamadas-fraudulentas-de-cobro-de-luz\/"},"author":{"name":"El Perico Staff","@id":"https:\/\/el-perico.com\/es\/#\/schema\/person\/1956e5e63b94d4bd0daf30675bdf4a93"},"headline":"Cuidado con las llamadas fraudulentas de cobro de luz","datePublished":"2020-05-07T03:36:20+00:00","mainEntityOfPage":{"@id":"https:\/\/el-perico.com\/es\/cuidado-con-las-llamadas-fraudulentas-de-cobro-de-luz\/"},"wordCount":397,"commentCount":0,"publisher":{"@id":"https:\/\/el-perico.com\/es\/#organization"},"image":{"@id":"https:\/\/el-perico.com\/es\/cuidado-con-las-llamadas-fraudulentas-de-cobro-de-luz\/#primaryimage"},"thumbnailUrl":"","articleSection":["Reportaje"],"inLanguage":"es","potentialAction":[{"@type":"CommentAction","name":"Comment","target":["https:\/\/el-perico.com\/es\/cuidado-con-las-llamadas-fraudulentas-de-cobro-de-luz\/#respond"]}]},{"@type":"WebPage","@id":"https:\/\/el-perico.com\/es\/cuidado-con-las-llamadas-fraudulentas-de-cobro-de-luz\/","url":"https:\/\/el-perico.com\/es\/cuidado-con-las-llamadas-fraudulentas-de-cobro-de-luz\/","name":"Cuidado con las llamadas fraudulentas de cobro de luz - el perico","isPartOf":{"@id":"https:\/\/el-perico.com\/es\/#website"},"primaryImageOfPage":{"@id":"https:\/\/el-perico.com\/es\/cuidado-con-las-llamadas-fraudulentas-de-cobro-de-luz\/#primaryimage"},"image":{"@id":"https:\/\/el-perico.com\/es\/cuidado-con-las-llamadas-fraudulentas-de-cobro-de-luz\/#primaryimage"},"thumbnailUrl":"","datePublished":"2020-05-07T03:36:20+00:00","breadcrumb":{"@id":"https:\/\/el-perico.com\/es\/cuidado-con-las-llamadas-fraudulentas-de-cobro-de-luz\/#breadcrumb"},"inLanguage":"es","potentialAction":[{"@type":"ReadAction","target":["https:\/\/el-perico.com\/es\/cuidado-con-las-llamadas-fraudulentas-de-cobro-de-luz\/"]}]},{"@type":"ImageObject","inLanguage":"es","@id":"https:\/\/el-perico.com\/es\/cuidado-con-las-llamadas-fraudulentas-de-cobro-de-luz\/#primaryimage","url":"","contentUrl":""},{"@type":"BreadcrumbList","@id":"https:\/\/el-perico.com\/es\/cuidado-con-las-llamadas-fraudulentas-de-cobro-de-luz\/#breadcrumb","itemListElement":[{"@type":"ListItem","position":1,"name":"Home","item":"https:\/\/el-perico.com\/es\/"},{"@type":"ListItem","position":2,"name":"Cuidado con las llamadas fraudulentas de cobro de luz"}]},{"@type":"WebSite","@id":"https:\/\/el-perico.com\/es\/#website","url":"https:\/\/el-perico.com\/es\/","name":"el perico","description":"La plataforma original de noticias e informaci\u00f3n para la comunidad hispana de Omaha","publisher":{"@id":"https:\/\/el-perico.com\/es\/#organization"},"potentialAction":[{"@type":"SearchAction","target":{"@type":"EntryPoint","urlTemplate":"https:\/\/el-perico.com\/es\/?s={search_term_string}"},"query-input":{"@type":"PropertyValueSpecification","valueRequired":true,"valueName":"search_term_string"}}],"inLanguage":"es"},{"@type":"Organization","@id":"https:\/\/el-perico.com\/es\/#organization","name":"el perico","url":"https:\/\/el-perico.com\/es\/","logo":{"@type":"ImageObject","inLanguage":"es","@id":"https:\/\/el-perico.com\/es\/#\/schema\/logo\/image\/","url":"https:\/\/el-perico.com\/wp-content\/uploads\/2024\/05\/ElPerico-Logo_NPM-1-e1717102187440.png","contentUrl":"https:\/\/el-perico.com\/wp-content\/uploads\/2024\/05\/ElPerico-Logo_NPM-1-e1717102187440.png","width":648,"height":216,"caption":"el perico"},"image":{"@id":"https:\/\/el-perico.com\/es\/#\/schema\/logo\/image\/"},"sameAs":["https:\/\/www.facebook.com\/elpericoomaha"]},{"@type":"Person","@id":"https:\/\/el-perico.com\/es\/#\/schema\/person\/1956e5e63b94d4bd0daf30675bdf4a93","name":"El Perico Staff","image":{"@type":"ImageObject","inLanguage":"es","@id":"https:\/\/secure.gravatar.com\/avatar\/701b23c665bfde9fd4d874d31feb4c16bf2ac173b2b0b7224dc39896d4cfc381?s=96&d=mm&r=g80b2efc5844e688a6ffb9340c789e4c4","url":"https:\/\/secure.gravatar.com\/avatar\/701b23c665bfde9fd4d874d31feb4c16bf2ac173b2b0b7224dc39896d4cfc381?s=96&d=mm&r=g","contentUrl":"https:\/\/secure.gravatar.com\/avatar\/701b23c665bfde9fd4d874d31feb4c16bf2ac173b2b0b7224dc39896d4cfc381?s=96&d=mm&r=g","caption":"El Perico Staff"},"sameAs":["https:\/\/el-perico.com"],"url":"https:\/\/el-perico.com\/es\/author\/af6f1d62_admin\/"}]}},"_links":{"self":[{"href":"https:\/\/el-perico.com\/es\/wp-json\/wp\/v2\/posts\/3640","targetHints":{"allow":["GET"]}}],"collection":[{"href":"https:\/\/el-perico.com\/es\/wp-json\/wp\/v2\/posts"}],"about":[{"href":"https:\/\/el-perico.com\/es\/wp-json\/wp\/v2\/types\/post"}],"author":[{"embeddable":true,"href":"https:\/\/el-perico.com\/es\/wp-json\/wp\/v2\/users\/1"}],"replies":[{"embeddable":true,"href":"https:\/\/el-perico.com\/es\/wp-json\/wp\/v2\/comments?post=3640"}],"version-history":[{"count":0,"href":"https:\/\/el-perico.com\/es\/wp-json\/wp\/v2\/posts\/3640\/revisions"}],"wp:featuredmedia":[{"embeddable":true,"href":"https:\/\/el-perico.com\/es\/wp-json\/"}],"wp:attachment":[{"href":"https:\/\/el-perico.com\/es\/wp-json\/wp\/v2\/media?parent=3640"}],"wp:term":[{"taxonomy":"category","embeddable":true,"href":"https:\/\/el-perico.com\/es\/wp-json\/wp\/v2\/categories?post=3640"},{"taxonomy":"post_tag","embeddable":true,"href":"https:\/\/el-perico.com\/es\/wp-json\/wp\/v2\/tags?post=3640"},{"taxonomy":"newspack_spnsrs_tax","embeddable":true,"href":"https:\/\/el-perico.com\/es\/wp-json\/wp\/v2\/newspack_spnsrs_tax?post=3640"},{"taxonomy":"author","embeddable":true,"href":"https:\/\/el-perico.com\/es\/wp-json\/wp\/v2\/coauthors?post=3640"}],"curies":[{"name":"wp","href":"https:\/\/api.w.org\/{rel}","templated":true}]}}