{"id":3554,"date":"2020-04-22T13:14:53","date_gmt":"2020-04-22T18:14:53","guid":{"rendered":"https:\/\/el-perico.com\/?p=3554"},"modified":"2020-04-22T13:14:53","modified_gmt":"2020-04-22T18:14:53","slug":"ricketts-reitera-llamado-del-distanciamiento-social-a-la-comunidad-latina-para-detener-los-contagios-de-covid-19-2","status":"publish","type":"post","link":"https:\/\/el-perico.com\/es\/ricketts-reitera-llamado-del-distanciamiento-social-a-la-comunidad-latina-para-detener-los-contagios-de-covid-19-2\/","title":{"rendered":"Ricketts reitera llamado del distanciamiento social a la comunidad latina para detener los contagios de COVID-19"},"content":{"rendered":"<p><figure id=\"attachment_3543\" aria-describedby=\"caption-attachment-3543\" style=\"width: 712px\" class=\"wp-caption alignnone\"><img loading=\"lazy\" decoding=\"async\" class=\"wp-image-3543\" src=\"https:\/\/el-perico.com\/wp-content\/uploads\/2020\/04\/rickett-300x168.jpg\" alt=\"\" width=\"712\" height=\"399\" \/><figcaption id=\"caption-attachment-3543\" class=\"wp-caption-text\"><span style=\"color: #999999;\"><em>El Gobernador se dirigi\u00f3 a la comunidad hispana. Conferencia de prensa del 21 de abril de 2020. Captura de pantalla.<\/em><\/span><\/figcaption><\/figure><br \/>\nEl Gobernador de Nebraska Pete Ricketts reiter\u00f3 el llamado a la sociedad hispana a mantener el distanciamiento social y cumplir con las medidas de prevenci\u00f3n para evitar que suba la curva de casos de Covid-19.<br \/>\nEn una conferencia de prensa celebrada en Omaha la m\u00e1xima autoridad estatal record\u00f3 que el Nebraska mantiene su campa\u00f1a de \u201cEstar en Casa, Estar sano y Estar Conectados\u201d (Stay home, Stay Healthy and Stay Connected), \u201cla idea es que no salgamos para no esparcir el virus\u201d, dijo.<br \/>\nLa campa\u00f1a contempla 6 reglas:<\/p>\n<ol>\n<li>Quedarse en casa. Si debes salir que sea por cosas puntuales y no hagas reuniones sociales. Respeta el l\u00edmite de diez personas.<\/li>\n<li>Toma distancia social en tu trabajo. Si puede trabajar desde su casa, h\u00e1galo. Si no, use la regla de los seis pies tanto como sea posible en el lugar de trabajo.<\/li>\n<li>Compre solo y una vez por semana. No lleves a la familia contigo.<\/li>\n<li>Ayude a los ni\u00f1os a seguir el distanciamiento social. Jugar en casa y sin deportes grupales. Ya no hay parques infantiles.<\/li>\n<li>Ayude a las personas mayores a quedarse en casa compr\u00e1ndolas. Evite visitar centros para ancianos por largo tiempo.<\/li>\n<li>Haga ejercicio todos los d\u00edas en casa o con una actividad socialmente alejada.<\/li>\n<\/ol>\n<p>Ricketts explic\u00f3 que el distanciamiento social consiste en evitar saludos de mano, abrazos y mantener 6 pies de distancia entre una persona y otra. Adem\u00e1s, insisti\u00f3 en el ritual de lavarse las manos por 20 segundos. \u201cSi se canta el cumplea\u00f1os dos veces durante el proceso puede lavado de manos, da el tiempo sugerido\u201d, refiri\u00f3.<br \/>\nApunt\u00f3 que hay que prestar atenci\u00f3n a si se presenta s\u00edntomas de fiebre, tos o dificultad respiratoria a alg\u00fan miembro de la familia, lo mejor es quedarse en casa y llamar a la cl\u00ednica si se requiere atenci\u00f3n.<br \/>\nAl respecto, anunci\u00f3 el lanzamiento de <a href=\"https:\/\/www.testnebraska.com\/\">TestNebraska.com<\/a>, una plataforma digital en la que las personas que desean hacerse la prueba del COVID-19 se registran, contestan un cuestionario y quedan en una especie de lista de espera, y luego sean llamados y as\u00ed acudir a los centros asignados para hacerse el test.<br \/>\nEl Gobernador afirm\u00f3 que a trav\u00e9s de la plataforma se har\u00e1 seguimiento a los casos de COVID-19, adem\u00e1s dijo que se incrementaron de 600 a 800 pruebas diarias y espera que en cinco semana se llegue a 3.000. Adem\u00e1s, asegur\u00f3 que la prueba es gratuita para todos y no tiene que ver con estatus migratorios.<br \/>\n\u201cEsto no es para hacer alg\u00fan reporte para inmigraci\u00f3n. Inmigraci\u00f3n no revisar\u00e1 estos datos\u201d, dijo.<br \/>\n<strong>M\u00e1s informaci\u00f3n a la comunidad hispana<\/strong><br \/>\nEn aras de acercarse m\u00e1s a la comunidad latina el gobernador Ricketts dijo que se har\u00e1n m\u00e1s informes los d\u00edas jueves en espa\u00f1ol, a trav\u00e9s de su despacho de gobierno.<br \/>\nDurante la rueda de prensa, estuvieron presentes los doctores Armando De Alba, del Centro M\u00e9dico de la Universidad de Nebraska y Eduardo Herrera del CHI Health. Ambos hablaron informaron sobre la enfermedad que aun est\u00e1 en estudio y sugirieron mantener la calma, adem\u00e1s de cumplir el protocolo para evitar contagiar y ser contagiado.<br \/>\nDe Alba, refiri\u00f3 que la comunidad latina debe tener en cuenta las medidas individuales y las colectivas. En cuanto a las individuales dijo que se hacen en casa \u201clav\u00e1ndose las manos por 20 segundos, usar los cubrebocas y limpiar las superficies ya que las part\u00edculas de virus se pueden quedar alojadas en las superficies que tocamos, incluyendo las suelas de los zapatos.<br \/>\n\u201cPara las medidas colectivas: hasta que no haya una vacuna o medicamento la mejor forma de combatir el virus es a trav\u00e9s de las medidas antes mencionadas, es la recomendaci\u00f3n de todos quienes cuidan la salud y no podemos hacerlo solos. Esta batalla no empieza en los hospitales o cl\u00ednicas sino en las comunidades\u201d, apunt\u00f3 el galeno.<br \/>\nContinu\u00f3: \u201csi ustedes se cuidan pueden disminuir los casos de enfermos. Necesitamos de ustedes. Sin importar la raza, nacionalidad o que ideolog\u00eda tenemos. Es tiempo de estar juntos\u201d.<br \/>\n<figure id=\"attachment_3545\" aria-describedby=\"caption-attachment-3545\" style=\"width: 413px\" class=\"wp-caption alignleft\"><img loading=\"lazy\" decoding=\"async\" class=\"wp-image-3545\" src=\"https:\/\/el-perico.com\/wp-content\/uploads\/2020\/04\/ARMANDODEALBApeque\u00f1o-300x169.jpg\" alt=\"\" width=\"413\" height=\"233\" \/><figcaption id=\"caption-attachment-3545\" class=\"wp-caption-text\"><span style=\"color: #999999;\"><em>Doctor Armando de Alba, al fondo el gobernador Pete Ricketts. Captura de pantalla. <\/em><\/span><\/figcaption><\/figure><br \/>\n<strong>Aislamiento vs cuarentena<\/strong><br \/>\nEl doctor De Alba explic\u00f3 que hay una diferencia entre los t\u00e9rminos de aislamiento y cuarentena.<br \/>\nExplic\u00f3 que el aislamiento es cuando apartamos a las personas de nuestro entorno social, para protegernos y proteger a las personas. Si en el grupo familiar hay una persona con COVID-19 lo ideal es que est\u00e9 sola en una habitaci\u00f3n y que use sus propio utensilios de comida para no afectar a otros.<br \/>\nMientras que la cuarentena, se refiere a mantenerse limitado de salidas en una casa y limitar las interacciones con la familia<br \/>\n<strong>Comunidad latina vulnerable<\/strong><br \/>\nSeg\u00fan las estad\u00edsticas recogidas recientemente por Ricketts, en Omaha el 11% de los infectados con el virus est\u00e1n relacionados con los hispanos, es por ello que De Alba advirti\u00f3 que se trata de una comunidad vulnerable.<br \/>\n\u201cTenemos que tener en cuenta que somos un grupo vulnerable ante el COVID-19, no solo los adultos sino los j\u00f3venes. Las enfermedades agregadas a la comunidad latina son la presi\u00f3n arterial alta y el c\u00e1ncer\u201d, estas enfermedades son las principales causas de muertes en los Estados Unidos.<br \/>\nAgreg\u00f3 que los fumadores y la obesidad tambi\u00e9n pueden contribuir a que las personas puedan ser vulnerables al virus. \u201cNecesitamos de ustedes, sean nuestro escudo para combatir la pandemia\u201d, dijo.<br \/>\nAdem\u00e1s, dijo que si las personas tienen citas programadas de control de salud, que llamen primero para saber si es necesario acudir al centro m\u00e9dico o bien puede hacer una consulta por videollamada para hacerle el seguimiento adecuado a la patolog\u00eda.<br \/>\n<figure id=\"attachment_3546\" aria-describedby=\"caption-attachment-3546\" style=\"width: 402px\" class=\"wp-caption alignright\"><img loading=\"lazy\" decoding=\"async\" class=\"wp-image-3546\" src=\"https:\/\/el-perico.com\/wp-content\/uploads\/2020\/04\/EDUARDO-300x168.jpg\" alt=\"\" width=\"402\" height=\"225\" \/><figcaption id=\"caption-attachment-3546\" class=\"wp-caption-text\"><em>El ginec\u00f3logo Herrara garantiz\u00f3 que las mujeres embarazadas contin\u00faan con su control.<\/em><\/figcaption><\/figure><br \/>\nPor su parte, el doctor Eduardo Herrera, afirm\u00f3 que las mujeres embarazadas pueden estar tranquilas con su control prenatal ya que se est\u00e1n tomando medidas de protocolo para evitar el contacto de personas infectadas con los pacientes sanos.<br \/>\nHerrera dijo que en las cl\u00ednicas hay un acceso solo para los pacientes que se hayan reportado con COVID-19 y otro para los pacientes que van por control.<br \/>\n\u201cLas visitas m\u00e9dicas se hacen con mayor cuidado. Sabemos que las enfermedades respiratorias podr\u00edan afectar a las mujeres embarazadas\u201d, dijo.<br \/>\nAgreg\u00f3 es necesario entender la importancia de quedarse en casa: \u201ctodos tenemos un cumplea\u00f1os que queremos celebrar, una fiesta, queremos juntarnos con nuestros amigos, pero este es el momento de tomarnos con la responsabilidad c\u00edvica de quedarnos en casa y hacer el sacrificio. S\u00e9 que pronto volveremos\u00a0 a hacer la fiesta que queremos, es importante que todos pongamos de nuestra parte y que luchemos contra la pandemia\u201d.<br \/>\nVea la conferencia completa:<br \/>\nhttps:\/\/www.facebook.com\/GovernorPeteRicketts\/videos\/2643458719264144\/<br \/>\nhttps:\/\/www.facebook.com\/GovernorPeteRicketts\/videos\/2643458719264144\/<\/p>\n","protected":false},"excerpt":{"rendered":"<p>El Gobernador de Nebraska Pete Ricketts reiter\u00f3 el llamado a la sociedad hispana a mantener el distanciamiento social y cumplir con las medidas de prevenci\u00f3n para evitar que suba la curva de casos de Covid-19. En una conferencia de prensa celebrada en Omaha la m\u00e1xima autoridad estatal record\u00f3 que el Nebraska mantiene su campa\u00f1a de [&hellip;]<\/p>\n","protected":false},"author":1,"featured_media":3555,"comment_status":"open","ping_status":"closed","sticky":false,"template":"","format":"standard","meta":{"newspack_ads_suppress_ads":false,"_newspack_byline_active":false,"_newspack_byline":"","newspack_hide_updated_date":false,"newspack_show_updated_date":false,"newspack_content_restriction_is_exempt":false,"newspack_featured_image_position":"","newspack_post_subtitle":"","newspack_article_summary_title":"Overview:","newspack_article_summary":"","footnotes":""},"categories":[39,42,46],"tags":[],"newspack_spnsrs_tax":[],"coauthors":[],"class_list":["post-3554","post","type-post","status-publish","format-standard","has-post-thumbnail","hentry","category-comunidad","category-cultura","category-reportaje","entry"],"yoast_head":"<!-- This site is optimized with the Yoast SEO plugin v27.5 - https:\/\/yoast.com\/product\/yoast-seo-wordpress\/ -->\n<title>Ricketts reitera llamado del distanciamiento social a la comunidad latina para detener los contagios de COVID-19 - el perico<\/title>\n<meta name=\"robots\" content=\"index, follow, max-snippet:-1, max-image-preview:large, max-video-preview:-1\" \/>\n<link rel=\"canonical\" href=\"https:\/\/el-perico.com\/es\/ricketts-reitera-llamado-del-distanciamiento-social-a-la-comunidad-latina-para-detener-los-contagios-de-covid-19-2\/\" \/>\n<meta property=\"og:locale\" content=\"es_ES\" \/>\n<meta property=\"og:type\" content=\"article\" \/>\n<meta property=\"og:title\" content=\"Ricketts reitera llamado del distanciamiento social a la comunidad latina para detener los contagios de COVID-19 - el perico\" \/>\n<meta property=\"og:description\" content=\"El Gobernador de Nebraska Pete Ricketts reiter\u00f3 el llamado a la sociedad hispana a mantener el distanciamiento social y cumplir con las medidas de prevenci\u00f3n para evitar que suba la curva de casos de Covid-19. En una conferencia de prensa celebrada en Omaha la m\u00e1xima autoridad estatal record\u00f3 que el Nebraska mantiene su campa\u00f1a de [&hellip;]\" \/>\n<meta property=\"og:url\" content=\"https:\/\/el-perico.com\/es\/ricketts-reitera-llamado-del-distanciamiento-social-a-la-comunidad-latina-para-detener-los-contagios-de-covid-19-2\/\" \/>\n<meta property=\"og:site_name\" content=\"el perico\" \/>\n<meta property=\"article:publisher\" content=\"https:\/\/www.facebook.com\/elpericoomaha\" \/>\n<meta property=\"article:published_time\" content=\"2020-04-22T18:14:53+00:00\" \/>\n<meta name=\"author\" content=\"El Perico Staff\" \/>\n<meta name=\"twitter:card\" content=\"summary_large_image\" \/>\n<meta name=\"twitter:label1\" content=\"Escrito por\" \/>\n\t<meta name=\"twitter:data1\" content=\"El Perico Staff\" \/>\n\t<meta name=\"twitter:label2\" content=\"Tiempo de lectura\" \/>\n\t<meta name=\"twitter:data2\" content=\"6 minutos\" \/>\n\t<meta name=\"twitter:label3\" content=\"Written by\" \/>\n\t<meta name=\"twitter:data3\" content=\"El Perico Staff\" \/>\n<script type=\"application\/ld+json\" class=\"yoast-schema-graph\">{\"@context\":\"https:\\\/\\\/schema.org\",\"@graph\":[{\"@type\":\"Article\",\"@id\":\"https:\\\/\\\/el-perico.com\\\/es\\\/ricketts-reitera-llamado-del-distanciamiento-social-a-la-comunidad-latina-para-detener-los-contagios-de-covid-19-2\\\/#article\",\"isPartOf\":{\"@id\":\"https:\\\/\\\/el-perico.com\\\/es\\\/ricketts-reitera-llamado-del-distanciamiento-social-a-la-comunidad-latina-para-detener-los-contagios-de-covid-19-2\\\/\"},\"author\":{\"name\":\"El Perico Staff\",\"@id\":\"https:\\\/\\\/el-perico.com\\\/es\\\/#\\\/schema\\\/person\\\/1956e5e63b94d4bd0daf30675bdf4a93\"},\"headline\":\"Ricketts reitera llamado del distanciamiento social a la comunidad latina para detener los contagios de COVID-19\",\"datePublished\":\"2020-04-22T18:14:53+00:00\",\"mainEntityOfPage\":{\"@id\":\"https:\\\/\\\/el-perico.com\\\/es\\\/ricketts-reitera-llamado-del-distanciamiento-social-a-la-comunidad-latina-para-detener-los-contagios-de-covid-19-2\\\/\"},\"wordCount\":1205,\"commentCount\":0,\"publisher\":{\"@id\":\"https:\\\/\\\/el-perico.com\\\/es\\\/#organization\"},\"image\":{\"@id\":\"https:\\\/\\\/el-perico.com\\\/es\\\/ricketts-reitera-llamado-del-distanciamiento-social-a-la-comunidad-latina-para-detener-los-contagios-de-covid-19-2\\\/#primaryimage\"},\"thumbnailUrl\":\"\",\"articleSection\":[\"Comunidad\",\"Cultura\",\"Reportaje\"],\"inLanguage\":\"es\",\"potentialAction\":[{\"@type\":\"CommentAction\",\"name\":\"Comment\",\"target\":[\"https:\\\/\\\/el-perico.com\\\/es\\\/ricketts-reitera-llamado-del-distanciamiento-social-a-la-comunidad-latina-para-detener-los-contagios-de-covid-19-2\\\/#respond\"]}]},{\"@type\":\"WebPage\",\"@id\":\"https:\\\/\\\/el-perico.com\\\/es\\\/ricketts-reitera-llamado-del-distanciamiento-social-a-la-comunidad-latina-para-detener-los-contagios-de-covid-19-2\\\/\",\"url\":\"https:\\\/\\\/el-perico.com\\\/es\\\/ricketts-reitera-llamado-del-distanciamiento-social-a-la-comunidad-latina-para-detener-los-contagios-de-covid-19-2\\\/\",\"name\":\"Ricketts reitera llamado del distanciamiento social a la comunidad latina para detener los contagios de COVID-19 - el perico\",\"isPartOf\":{\"@id\":\"https:\\\/\\\/el-perico.com\\\/es\\\/#website\"},\"primaryImageOfPage\":{\"@id\":\"https:\\\/\\\/el-perico.com\\\/es\\\/ricketts-reitera-llamado-del-distanciamiento-social-a-la-comunidad-latina-para-detener-los-contagios-de-covid-19-2\\\/#primaryimage\"},\"image\":{\"@id\":\"https:\\\/\\\/el-perico.com\\\/es\\\/ricketts-reitera-llamado-del-distanciamiento-social-a-la-comunidad-latina-para-detener-los-contagios-de-covid-19-2\\\/#primaryimage\"},\"thumbnailUrl\":\"\",\"datePublished\":\"2020-04-22T18:14:53+00:00\",\"breadcrumb\":{\"@id\":\"https:\\\/\\\/el-perico.com\\\/es\\\/ricketts-reitera-llamado-del-distanciamiento-social-a-la-comunidad-latina-para-detener-los-contagios-de-covid-19-2\\\/#breadcrumb\"},\"inLanguage\":\"es\",\"potentialAction\":[{\"@type\":\"ReadAction\",\"target\":[\"https:\\\/\\\/el-perico.com\\\/es\\\/ricketts-reitera-llamado-del-distanciamiento-social-a-la-comunidad-latina-para-detener-los-contagios-de-covid-19-2\\\/\"]}]},{\"@type\":\"ImageObject\",\"inLanguage\":\"es\",\"@id\":\"https:\\\/\\\/el-perico.com\\\/es\\\/ricketts-reitera-llamado-del-distanciamiento-social-a-la-comunidad-latina-para-detener-los-contagios-de-covid-19-2\\\/#primaryimage\",\"url\":\"\",\"contentUrl\":\"\"},{\"@type\":\"BreadcrumbList\",\"@id\":\"https:\\\/\\\/el-perico.com\\\/es\\\/ricketts-reitera-llamado-del-distanciamiento-social-a-la-comunidad-latina-para-detener-los-contagios-de-covid-19-2\\\/#breadcrumb\",\"itemListElement\":[{\"@type\":\"ListItem\",\"position\":1,\"name\":\"Home\",\"item\":\"https:\\\/\\\/el-perico.com\\\/es\\\/\"},{\"@type\":\"ListItem\",\"position\":2,\"name\":\"Ricketts reitera llamado del distanciamiento social a la comunidad latina para detener los contagios de COVID-19\"}]},{\"@type\":\"WebSite\",\"@id\":\"https:\\\/\\\/el-perico.com\\\/es\\\/#website\",\"url\":\"https:\\\/\\\/el-perico.com\\\/es\\\/\",\"name\":\"el perico\",\"description\":\"La plataforma original de noticias e informaci\u00f3n para la comunidad hispana de Omaha\",\"publisher\":{\"@id\":\"https:\\\/\\\/el-perico.com\\\/es\\\/#organization\"},\"potentialAction\":[{\"@type\":\"SearchAction\",\"target\":{\"@type\":\"EntryPoint\",\"urlTemplate\":\"https:\\\/\\\/el-perico.com\\\/es\\\/?s={search_term_string}\"},\"query-input\":{\"@type\":\"PropertyValueSpecification\",\"valueRequired\":true,\"valueName\":\"search_term_string\"}}],\"inLanguage\":\"es\"},{\"@type\":\"Organization\",\"@id\":\"https:\\\/\\\/el-perico.com\\\/es\\\/#organization\",\"name\":\"el perico\",\"url\":\"https:\\\/\\\/el-perico.com\\\/es\\\/\",\"logo\":{\"@type\":\"ImageObject\",\"inLanguage\":\"es\",\"@id\":\"https:\\\/\\\/el-perico.com\\\/es\\\/#\\\/schema\\\/logo\\\/image\\\/\",\"url\":\"https:\\\/\\\/el-perico.com\\\/wp-content\\\/uploads\\\/2024\\\/05\\\/ElPerico-Logo_NPM-1-e1717102187440.png\",\"contentUrl\":\"https:\\\/\\\/el-perico.com\\\/wp-content\\\/uploads\\\/2024\\\/05\\\/ElPerico-Logo_NPM-1-e1717102187440.png\",\"width\":648,\"height\":216,\"caption\":\"el perico\"},\"image\":{\"@id\":\"https:\\\/\\\/el-perico.com\\\/es\\\/#\\\/schema\\\/logo\\\/image\\\/\"},\"sameAs\":[\"https:\\\/\\\/www.facebook.com\\\/elpericoomaha\"]},{\"@type\":\"Person\",\"@id\":\"https:\\\/\\\/el-perico.com\\\/es\\\/#\\\/schema\\\/person\\\/1956e5e63b94d4bd0daf30675bdf4a93\",\"name\":\"El Perico Staff\",\"image\":{\"@type\":\"ImageObject\",\"inLanguage\":\"es\",\"@id\":\"https:\\\/\\\/secure.gravatar.com\\\/avatar\\\/701b23c665bfde9fd4d874d31feb4c16bf2ac173b2b0b7224dc39896d4cfc381?s=96&d=mm&r=g80b2efc5844e688a6ffb9340c789e4c4\",\"url\":\"https:\\\/\\\/secure.gravatar.com\\\/avatar\\\/701b23c665bfde9fd4d874d31feb4c16bf2ac173b2b0b7224dc39896d4cfc381?s=96&d=mm&r=g\",\"contentUrl\":\"https:\\\/\\\/secure.gravatar.com\\\/avatar\\\/701b23c665bfde9fd4d874d31feb4c16bf2ac173b2b0b7224dc39896d4cfc381?s=96&d=mm&r=g\",\"caption\":\"El Perico Staff\"},\"sameAs\":[\"https:\\\/\\\/el-perico.com\"],\"url\":\"https:\\\/\\\/el-perico.com\\\/es\\\/author\\\/af6f1d62_admin\\\/\"}]}<\/script>\n<!-- \/ Yoast SEO plugin. -->","yoast_head_json":{"title":"Ricketts reitera llamado del distanciamiento social a la comunidad latina para detener los contagios de COVID-19 - el perico","robots":{"index":"index","follow":"follow","max-snippet":"max-snippet:-1","max-image-preview":"max-image-preview:large","max-video-preview":"max-video-preview:-1"},"canonical":"https:\/\/el-perico.com\/es\/ricketts-reitera-llamado-del-distanciamiento-social-a-la-comunidad-latina-para-detener-los-contagios-de-covid-19-2\/","og_locale":"es_ES","og_type":"article","og_title":"Ricketts reitera llamado del distanciamiento social a la comunidad latina para detener los contagios de COVID-19 - el perico","og_description":"El Gobernador de Nebraska Pete Ricketts reiter\u00f3 el llamado a la sociedad hispana a mantener el distanciamiento social y cumplir con las medidas de prevenci\u00f3n para evitar que suba la curva de casos de Covid-19. En una conferencia de prensa celebrada en Omaha la m\u00e1xima autoridad estatal record\u00f3 que el Nebraska mantiene su campa\u00f1a de [&hellip;]","og_url":"https:\/\/el-perico.com\/es\/ricketts-reitera-llamado-del-distanciamiento-social-a-la-comunidad-latina-para-detener-los-contagios-de-covid-19-2\/","og_site_name":"el perico","article_publisher":"https:\/\/www.facebook.com\/elpericoomaha","article_published_time":"2020-04-22T18:14:53+00:00","author":"El Perico Staff","twitter_card":"summary_large_image","twitter_misc":{"Escrito por":"El Perico Staff","Tiempo de lectura":"6 minutos","Written by":"El Perico Staff"},"schema":{"@context":"https:\/\/schema.org","@graph":[{"@type":"Article","@id":"https:\/\/el-perico.com\/es\/ricketts-reitera-llamado-del-distanciamiento-social-a-la-comunidad-latina-para-detener-los-contagios-de-covid-19-2\/#article","isPartOf":{"@id":"https:\/\/el-perico.com\/es\/ricketts-reitera-llamado-del-distanciamiento-social-a-la-comunidad-latina-para-detener-los-contagios-de-covid-19-2\/"},"author":{"name":"El Perico Staff","@id":"https:\/\/el-perico.com\/es\/#\/schema\/person\/1956e5e63b94d4bd0daf30675bdf4a93"},"headline":"Ricketts reitera llamado del distanciamiento social a la comunidad latina para detener los contagios de COVID-19","datePublished":"2020-04-22T18:14:53+00:00","mainEntityOfPage":{"@id":"https:\/\/el-perico.com\/es\/ricketts-reitera-llamado-del-distanciamiento-social-a-la-comunidad-latina-para-detener-los-contagios-de-covid-19-2\/"},"wordCount":1205,"commentCount":0,"publisher":{"@id":"https:\/\/el-perico.com\/es\/#organization"},"image":{"@id":"https:\/\/el-perico.com\/es\/ricketts-reitera-llamado-del-distanciamiento-social-a-la-comunidad-latina-para-detener-los-contagios-de-covid-19-2\/#primaryimage"},"thumbnailUrl":"","articleSection":["Comunidad","Cultura","Reportaje"],"inLanguage":"es","potentialAction":[{"@type":"CommentAction","name":"Comment","target":["https:\/\/el-perico.com\/es\/ricketts-reitera-llamado-del-distanciamiento-social-a-la-comunidad-latina-para-detener-los-contagios-de-covid-19-2\/#respond"]}]},{"@type":"WebPage","@id":"https:\/\/el-perico.com\/es\/ricketts-reitera-llamado-del-distanciamiento-social-a-la-comunidad-latina-para-detener-los-contagios-de-covid-19-2\/","url":"https:\/\/el-perico.com\/es\/ricketts-reitera-llamado-del-distanciamiento-social-a-la-comunidad-latina-para-detener-los-contagios-de-covid-19-2\/","name":"Ricketts reitera llamado del distanciamiento social a la comunidad latina para detener los contagios de COVID-19 - el perico","isPartOf":{"@id":"https:\/\/el-perico.com\/es\/#website"},"primaryImageOfPage":{"@id":"https:\/\/el-perico.com\/es\/ricketts-reitera-llamado-del-distanciamiento-social-a-la-comunidad-latina-para-detener-los-contagios-de-covid-19-2\/#primaryimage"},"image":{"@id":"https:\/\/el-perico.com\/es\/ricketts-reitera-llamado-del-distanciamiento-social-a-la-comunidad-latina-para-detener-los-contagios-de-covid-19-2\/#primaryimage"},"thumbnailUrl":"","datePublished":"2020-04-22T18:14:53+00:00","breadcrumb":{"@id":"https:\/\/el-perico.com\/es\/ricketts-reitera-llamado-del-distanciamiento-social-a-la-comunidad-latina-para-detener-los-contagios-de-covid-19-2\/#breadcrumb"},"inLanguage":"es","potentialAction":[{"@type":"ReadAction","target":["https:\/\/el-perico.com\/es\/ricketts-reitera-llamado-del-distanciamiento-social-a-la-comunidad-latina-para-detener-los-contagios-de-covid-19-2\/"]}]},{"@type":"ImageObject","inLanguage":"es","@id":"https:\/\/el-perico.com\/es\/ricketts-reitera-llamado-del-distanciamiento-social-a-la-comunidad-latina-para-detener-los-contagios-de-covid-19-2\/#primaryimage","url":"","contentUrl":""},{"@type":"BreadcrumbList","@id":"https:\/\/el-perico.com\/es\/ricketts-reitera-llamado-del-distanciamiento-social-a-la-comunidad-latina-para-detener-los-contagios-de-covid-19-2\/#breadcrumb","itemListElement":[{"@type":"ListItem","position":1,"name":"Home","item":"https:\/\/el-perico.com\/es\/"},{"@type":"ListItem","position":2,"name":"Ricketts reitera llamado del distanciamiento social a la comunidad latina para detener los contagios de COVID-19"}]},{"@type":"WebSite","@id":"https:\/\/el-perico.com\/es\/#website","url":"https:\/\/el-perico.com\/es\/","name":"el perico","description":"La plataforma original de noticias e informaci\u00f3n para la comunidad hispana de Omaha","publisher":{"@id":"https:\/\/el-perico.com\/es\/#organization"},"potentialAction":[{"@type":"SearchAction","target":{"@type":"EntryPoint","urlTemplate":"https:\/\/el-perico.com\/es\/?s={search_term_string}"},"query-input":{"@type":"PropertyValueSpecification","valueRequired":true,"valueName":"search_term_string"}}],"inLanguage":"es"},{"@type":"Organization","@id":"https:\/\/el-perico.com\/es\/#organization","name":"el perico","url":"https:\/\/el-perico.com\/es\/","logo":{"@type":"ImageObject","inLanguage":"es","@id":"https:\/\/el-perico.com\/es\/#\/schema\/logo\/image\/","url":"https:\/\/el-perico.com\/wp-content\/uploads\/2024\/05\/ElPerico-Logo_NPM-1-e1717102187440.png","contentUrl":"https:\/\/el-perico.com\/wp-content\/uploads\/2024\/05\/ElPerico-Logo_NPM-1-e1717102187440.png","width":648,"height":216,"caption":"el perico"},"image":{"@id":"https:\/\/el-perico.com\/es\/#\/schema\/logo\/image\/"},"sameAs":["https:\/\/www.facebook.com\/elpericoomaha"]},{"@type":"Person","@id":"https:\/\/el-perico.com\/es\/#\/schema\/person\/1956e5e63b94d4bd0daf30675bdf4a93","name":"El Perico Staff","image":{"@type":"ImageObject","inLanguage":"es","@id":"https:\/\/secure.gravatar.com\/avatar\/701b23c665bfde9fd4d874d31feb4c16bf2ac173b2b0b7224dc39896d4cfc381?s=96&d=mm&r=g80b2efc5844e688a6ffb9340c789e4c4","url":"https:\/\/secure.gravatar.com\/avatar\/701b23c665bfde9fd4d874d31feb4c16bf2ac173b2b0b7224dc39896d4cfc381?s=96&d=mm&r=g","contentUrl":"https:\/\/secure.gravatar.com\/avatar\/701b23c665bfde9fd4d874d31feb4c16bf2ac173b2b0b7224dc39896d4cfc381?s=96&d=mm&r=g","caption":"El Perico Staff"},"sameAs":["https:\/\/el-perico.com"],"url":"https:\/\/el-perico.com\/es\/author\/af6f1d62_admin\/"}]}},"_links":{"self":[{"href":"https:\/\/el-perico.com\/es\/wp-json\/wp\/v2\/posts\/3554","targetHints":{"allow":["GET"]}}],"collection":[{"href":"https:\/\/el-perico.com\/es\/wp-json\/wp\/v2\/posts"}],"about":[{"href":"https:\/\/el-perico.com\/es\/wp-json\/wp\/v2\/types\/post"}],"author":[{"embeddable":true,"href":"https:\/\/el-perico.com\/es\/wp-json\/wp\/v2\/users\/1"}],"replies":[{"embeddable":true,"href":"https:\/\/el-perico.com\/es\/wp-json\/wp\/v2\/comments?post=3554"}],"version-history":[{"count":0,"href":"https:\/\/el-perico.com\/es\/wp-json\/wp\/v2\/posts\/3554\/revisions"}],"wp:featuredmedia":[{"embeddable":true,"href":"https:\/\/el-perico.com\/es\/wp-json\/"}],"wp:attachment":[{"href":"https:\/\/el-perico.com\/es\/wp-json\/wp\/v2\/media?parent=3554"}],"wp:term":[{"taxonomy":"category","embeddable":true,"href":"https:\/\/el-perico.com\/es\/wp-json\/wp\/v2\/categories?post=3554"},{"taxonomy":"post_tag","embeddable":true,"href":"https:\/\/el-perico.com\/es\/wp-json\/wp\/v2\/tags?post=3554"},{"taxonomy":"newspack_spnsrs_tax","embeddable":true,"href":"https:\/\/el-perico.com\/es\/wp-json\/wp\/v2\/newspack_spnsrs_tax?post=3554"},{"taxonomy":"author","embeddable":true,"href":"https:\/\/el-perico.com\/es\/wp-json\/wp\/v2\/coauthors?post=3554"}],"curies":[{"name":"wp","href":"https:\/\/api.w.org\/{rel}","templated":true}]}}