{"id":3472,"date":"2020-04-17T16:19:41","date_gmt":"2020-04-17T21:19:41","guid":{"rendered":"https:\/\/el-perico.com\/?p=3472"},"modified":"2020-04-17T16:19:41","modified_gmt":"2020-04-17T21:19:41","slug":"mlcdc-abre-amplia-cursos-en-linea-para-ser-latinos-emprendedores","status":"publish","type":"post","link":"https:\/\/el-perico.com\/es\/mlcdc-abre-amplia-cursos-en-linea-para-ser-latinos-emprendedores\/","title":{"rendered":"MLCDC abre m\u00e1s cursos en l\u00ednea para los latinos emprendedores"},"content":{"rendered":"<p><img loading=\"lazy\" decoding=\"async\" class=\"wp-image-3317 alignleft\" src=\"https:\/\/el-perico.com\/wp-content\/uploads\/2020\/04\/MIDLAND-300x300.png\" alt=\"\" width=\"364\" height=\"364\" \/>El Midlands Latino Community Development Corporation (MLCDC) ampl\u00eda la gama de cursos en l\u00ednea para los latinos que deseen continuar explorando en el mundo de los negocios durante este periodo de pandemia.<br \/>\nEste s\u00e1bado 18 de abril comenzar\u00e1 con el curso \u201c<strong>C\u00f3mo Empezar un Negocio Exitoso<\/strong>\u201d, 1:00 p.m. a 3:30 p.m. y ser\u00e1 por 5 s\u00e1bados. Este curso tiene una inversi\u00f3n de $50. Para asistir a este curso deber\u00e1 inscribirse en el este <a href=\"https:\/\/docs.google.com\/forms\/d\/e\/1FAIpQLSezMt0ZPDwU_2r5hykB0CbB8EadXdjRKCFSxT4g76cvIIifMg\/viewform\">enlace<\/a>, o\u00a0mandar un mensaje de texto al (402) 644-1944. Una vez inscrito se le dar\u00e1 ese primer d\u00eda las instrucciones y lo que aprender\u00e1 sobre el curso.<br \/>\nLas clases se imparten a trav\u00e9s de la plataforma de videollamadas Zoom, por lo que si no la tiene instalada en su tel\u00e9fono o computador puede descargarla <a href=\"https:\/\/zoom.us\/\">aqu\u00ed<\/a>. Este entrenamiento es auspiciado por U.S. Bank.<\/p>\n<h5>Otros cursos sabatinos<\/h5>\n<p>El MLCDC tambi\u00e9n traslad\u00f3 sus cursos a clases virtuales por los que puede acceder a trav\u00e9s de su p\u00e1gina web para inscribirse en los siguientes cursos que tambi\u00e9n se realizar\u00e1n los s\u00e1bados, inform\u00f3 por un correo electr\u00f3nico Juan Montoya, director ejecutivo interino de la organizaci\u00f3n.<\/p>\n<ul>\n<li>9:00 a.m. Presupuestos (todos los s\u00e1bados de abril. El s\u00e1bado 25 de Abril empezar\u00e1n las clases en ingl\u00e9s y \u00e1rabe para refugiados)<\/li>\n<li>10:00 a.m. Pr\u00e9stamos y Cr\u00e9ditos (todos los s\u00e1bados)<\/li>\n<\/ul>\n<p>Adem\u00e1s, tienen previsto incluir una hora de entrenamiento sobre compra y renta de casas, t\u00e9rminos para comprar un carro, p\u00f3lizas de seguro de vida y retiro. Sobre los costos de los mismos, los invitamos a enviar un mensaje de texto al <strong>402-6441944<\/strong> o enviar un correo electr\u00f3nico al <em>info@midlandslatinocdc.org<\/em>.<\/p>\n<h5>Mayo de emprendedoras<\/h5>\n<p>De acuerdo con la p\u00e1gina de <span style=\"color: #0000ff;\"><a style=\"color: #0000ff;\" href=\"https:\/\/www.facebook.com\/MidlandsLatinoCDC\">Facebook<\/a> <\/span>del MLCDC, en mayo abren las clases \u201c<strong>Entrenando a Emprendedoras<\/strong>\u201d (posiblemente comienza el 9 de mayo) un programa enfocado en desarrollar el potencial de la mujer Latina como l\u00edderes para obtener un futuro financiero sostenible.<br \/>\nParte del entrenamiento es aprender de los tipos de seguros necesarios para la familia y los negocios. En las clases participar\u00e1 como orientadora <a href=\"https:\/\/www.facebook.com\/SolteroAgent\/?__cft__%5b0%5d=AZVdomiM0v1ACkvn6kg6ZtXwmLJECqAu5SDUycXtSSVD9lp6uCeLm45_SeNoit-_ZDj_NQ5iLTsCn_ZITnvdUacqq2Bozz6RQq5HonJX8snFMZCt5mxAPKJZVr4w_kSoQUqbUq3AvLd6i4HSVSU8-34AuFN3nSWs1THNuadHPyjK9Q&amp;__tn__=kK-R\">Silvia Sotendo-Zepeda<\/a>, agente de servicios financieros de Farm Bureau.<br \/>\n&nbsp;<\/p>\n","protected":false},"excerpt":{"rendered":"<p>El Midlands Latino Community Development Corporation (MLCDC) ampl\u00eda la gama de cursos en l\u00ednea para los latinos que deseen continuar explorando en el mundo de los negocios durante este periodo de pandemia. Este s\u00e1bado 18 de abril comenzar\u00e1 con el curso \u201cC\u00f3mo Empezar un Negocio Exitoso\u201d, 1:00 p.m. a 3:30 p.m. y ser\u00e1 por 5 [&hellip;]<\/p>\n","protected":false},"author":1,"featured_media":3317,"comment_status":"open","ping_status":"closed","sticky":false,"template":"","format":"standard","meta":{"newspack_ads_suppress_ads":false,"_newspack_byline_active":false,"_newspack_byline":"","newspack_hide_updated_date":false,"newspack_show_updated_date":false,"newspack_content_restriction_is_exempt":false,"newspack_featured_image_position":"","newspack_post_subtitle":"","newspack_article_summary_title":"Overview:","newspack_article_summary":"","footnotes":""},"categories":[39,46],"tags":[50,109,12],"newspack_spnsrs_tax":[],"coauthors":[],"class_list":["post-3472","post","type-post","status-publish","format-standard","has-post-thumbnail","hentry","category-comunidad","category-reportaje","tag-covid-19","tag-emprendedores","tag-latinos-en","entry"],"yoast_head":"<!-- This site is optimized with the Yoast SEO plugin v27.5 - https:\/\/yoast.com\/product\/yoast-seo-wordpress\/ -->\n<title>MLCDC abre m\u00e1s cursos en l\u00ednea para los latinos emprendedores - el perico<\/title>\n<meta name=\"description\" content=\"(MLCDC) ampl\u00eda la gama de cursos en l\u00ednea para los latinos que deseen continuar explorando en el mundo de los negocios durante este periodo de pandemia\" \/>\n<meta name=\"robots\" content=\"index, follow, max-snippet:-1, max-image-preview:large, max-video-preview:-1\" \/>\n<link rel=\"canonical\" href=\"https:\/\/el-perico.com\/es\/mlcdc-abre-amplia-cursos-en-linea-para-ser-latinos-emprendedores\/\" \/>\n<meta property=\"og:locale\" content=\"es_ES\" \/>\n<meta property=\"og:type\" content=\"article\" \/>\n<meta property=\"og:title\" content=\"MLCDC abre m\u00e1s cursos en l\u00ednea para los latinos emprendedores - el perico\" \/>\n<meta property=\"og:description\" content=\"(MLCDC) ampl\u00eda la gama de cursos en l\u00ednea para los latinos que deseen continuar explorando en el mundo de los negocios durante este periodo de pandemia\" \/>\n<meta property=\"og:url\" content=\"https:\/\/el-perico.com\/es\/mlcdc-abre-amplia-cursos-en-linea-para-ser-latinos-emprendedores\/\" \/>\n<meta property=\"og:site_name\" content=\"el perico\" \/>\n<meta property=\"article:publisher\" content=\"https:\/\/www.facebook.com\/elpericoomaha\" \/>\n<meta property=\"article:published_time\" content=\"2020-04-17T21:19:41+00:00\" \/>\n<meta name=\"author\" content=\"El Perico Staff\" \/>\n<meta name=\"twitter:card\" content=\"summary_large_image\" \/>\n<meta name=\"twitter:label1\" content=\"Escrito por\" \/>\n\t<meta name=\"twitter:data1\" content=\"El Perico Staff\" \/>\n\t<meta name=\"twitter:label2\" content=\"Tiempo de lectura\" \/>\n\t<meta name=\"twitter:data2\" content=\"2 minutos\" \/>\n\t<meta name=\"twitter:label3\" content=\"Written by\" \/>\n\t<meta name=\"twitter:data3\" content=\"El Perico Staff\" \/>\n<script type=\"application\/ld+json\" class=\"yoast-schema-graph\">{\"@context\":\"https:\\\/\\\/schema.org\",\"@graph\":[{\"@type\":\"Article\",\"@id\":\"https:\\\/\\\/el-perico.com\\\/es\\\/mlcdc-abre-amplia-cursos-en-linea-para-ser-latinos-emprendedores\\\/#article\",\"isPartOf\":{\"@id\":\"https:\\\/\\\/el-perico.com\\\/es\\\/mlcdc-abre-amplia-cursos-en-linea-para-ser-latinos-emprendedores\\\/\"},\"author\":{\"name\":\"El Perico Staff\",\"@id\":\"https:\\\/\\\/el-perico.com\\\/es\\\/#\\\/schema\\\/person\\\/1956e5e63b94d4bd0daf30675bdf4a93\"},\"headline\":\"MLCDC abre m\u00e1s cursos en l\u00ednea para los latinos emprendedores\",\"datePublished\":\"2020-04-17T21:19:41+00:00\",\"mainEntityOfPage\":{\"@id\":\"https:\\\/\\\/el-perico.com\\\/es\\\/mlcdc-abre-amplia-cursos-en-linea-para-ser-latinos-emprendedores\\\/\"},\"wordCount\":380,\"commentCount\":0,\"publisher\":{\"@id\":\"https:\\\/\\\/el-perico.com\\\/es\\\/#organization\"},\"image\":{\"@id\":\"https:\\\/\\\/el-perico.com\\\/es\\\/mlcdc-abre-amplia-cursos-en-linea-para-ser-latinos-emprendedores\\\/#primaryimage\"},\"thumbnailUrl\":\"\",\"keywords\":[\"COVID-19\",\"emprendedores\",\"latinos\"],\"articleSection\":[\"Comunidad\",\"Reportaje\"],\"inLanguage\":\"es\",\"potentialAction\":[{\"@type\":\"CommentAction\",\"name\":\"Comment\",\"target\":[\"https:\\\/\\\/el-perico.com\\\/es\\\/mlcdc-abre-amplia-cursos-en-linea-para-ser-latinos-emprendedores\\\/#respond\"]}]},{\"@type\":\"WebPage\",\"@id\":\"https:\\\/\\\/el-perico.com\\\/es\\\/mlcdc-abre-amplia-cursos-en-linea-para-ser-latinos-emprendedores\\\/\",\"url\":\"https:\\\/\\\/el-perico.com\\\/es\\\/mlcdc-abre-amplia-cursos-en-linea-para-ser-latinos-emprendedores\\\/\",\"name\":\"MLCDC abre m\u00e1s cursos en l\u00ednea para los latinos emprendedores - el perico\",\"isPartOf\":{\"@id\":\"https:\\\/\\\/el-perico.com\\\/es\\\/#website\"},\"primaryImageOfPage\":{\"@id\":\"https:\\\/\\\/el-perico.com\\\/es\\\/mlcdc-abre-amplia-cursos-en-linea-para-ser-latinos-emprendedores\\\/#primaryimage\"},\"image\":{\"@id\":\"https:\\\/\\\/el-perico.com\\\/es\\\/mlcdc-abre-amplia-cursos-en-linea-para-ser-latinos-emprendedores\\\/#primaryimage\"},\"thumbnailUrl\":\"\",\"datePublished\":\"2020-04-17T21:19:41+00:00\",\"description\":\"(MLCDC) ampl\u00eda la gama de cursos en l\u00ednea para los latinos que deseen continuar explorando en el mundo de los negocios durante este periodo de pandemia\",\"breadcrumb\":{\"@id\":\"https:\\\/\\\/el-perico.com\\\/es\\\/mlcdc-abre-amplia-cursos-en-linea-para-ser-latinos-emprendedores\\\/#breadcrumb\"},\"inLanguage\":\"es\",\"potentialAction\":[{\"@type\":\"ReadAction\",\"target\":[\"https:\\\/\\\/el-perico.com\\\/es\\\/mlcdc-abre-amplia-cursos-en-linea-para-ser-latinos-emprendedores\\\/\"]}]},{\"@type\":\"ImageObject\",\"inLanguage\":\"es\",\"@id\":\"https:\\\/\\\/el-perico.com\\\/es\\\/mlcdc-abre-amplia-cursos-en-linea-para-ser-latinos-emprendedores\\\/#primaryimage\",\"url\":\"\",\"contentUrl\":\"\"},{\"@type\":\"BreadcrumbList\",\"@id\":\"https:\\\/\\\/el-perico.com\\\/es\\\/mlcdc-abre-amplia-cursos-en-linea-para-ser-latinos-emprendedores\\\/#breadcrumb\",\"itemListElement\":[{\"@type\":\"ListItem\",\"position\":1,\"name\":\"Home\",\"item\":\"https:\\\/\\\/el-perico.com\\\/es\\\/\"},{\"@type\":\"ListItem\",\"position\":2,\"name\":\"MLCDC abre m\u00e1s cursos en l\u00ednea para los latinos emprendedores\"}]},{\"@type\":\"WebSite\",\"@id\":\"https:\\\/\\\/el-perico.com\\\/es\\\/#website\",\"url\":\"https:\\\/\\\/el-perico.com\\\/es\\\/\",\"name\":\"el perico\",\"description\":\"La plataforma original de noticias e informaci\u00f3n para la comunidad hispana de Omaha\",\"publisher\":{\"@id\":\"https:\\\/\\\/el-perico.com\\\/es\\\/#organization\"},\"potentialAction\":[{\"@type\":\"SearchAction\",\"target\":{\"@type\":\"EntryPoint\",\"urlTemplate\":\"https:\\\/\\\/el-perico.com\\\/es\\\/?s={search_term_string}\"},\"query-input\":{\"@type\":\"PropertyValueSpecification\",\"valueRequired\":true,\"valueName\":\"search_term_string\"}}],\"inLanguage\":\"es\"},{\"@type\":\"Organization\",\"@id\":\"https:\\\/\\\/el-perico.com\\\/es\\\/#organization\",\"name\":\"el perico\",\"url\":\"https:\\\/\\\/el-perico.com\\\/es\\\/\",\"logo\":{\"@type\":\"ImageObject\",\"inLanguage\":\"es\",\"@id\":\"https:\\\/\\\/el-perico.com\\\/es\\\/#\\\/schema\\\/logo\\\/image\\\/\",\"url\":\"https:\\\/\\\/el-perico.com\\\/wp-content\\\/uploads\\\/2024\\\/05\\\/ElPerico-Logo_NPM-1-e1717102187440.png\",\"contentUrl\":\"https:\\\/\\\/el-perico.com\\\/wp-content\\\/uploads\\\/2024\\\/05\\\/ElPerico-Logo_NPM-1-e1717102187440.png\",\"width\":648,\"height\":216,\"caption\":\"el perico\"},\"image\":{\"@id\":\"https:\\\/\\\/el-perico.com\\\/es\\\/#\\\/schema\\\/logo\\\/image\\\/\"},\"sameAs\":[\"https:\\\/\\\/www.facebook.com\\\/elpericoomaha\"]},{\"@type\":\"Person\",\"@id\":\"https:\\\/\\\/el-perico.com\\\/es\\\/#\\\/schema\\\/person\\\/1956e5e63b94d4bd0daf30675bdf4a93\",\"name\":\"El Perico Staff\",\"image\":{\"@type\":\"ImageObject\",\"inLanguage\":\"es\",\"@id\":\"https:\\\/\\\/secure.gravatar.com\\\/avatar\\\/701b23c665bfde9fd4d874d31feb4c16bf2ac173b2b0b7224dc39896d4cfc381?s=96&d=mm&r=g80b2efc5844e688a6ffb9340c789e4c4\",\"url\":\"https:\\\/\\\/secure.gravatar.com\\\/avatar\\\/701b23c665bfde9fd4d874d31feb4c16bf2ac173b2b0b7224dc39896d4cfc381?s=96&d=mm&r=g\",\"contentUrl\":\"https:\\\/\\\/secure.gravatar.com\\\/avatar\\\/701b23c665bfde9fd4d874d31feb4c16bf2ac173b2b0b7224dc39896d4cfc381?s=96&d=mm&r=g\",\"caption\":\"El Perico Staff\"},\"sameAs\":[\"https:\\\/\\\/el-perico.com\"],\"url\":\"https:\\\/\\\/el-perico.com\\\/es\\\/author\\\/af6f1d62_admin\\\/\"}]}<\/script>\n<!-- \/ Yoast SEO plugin. -->","yoast_head_json":{"title":"MLCDC abre m\u00e1s cursos en l\u00ednea para los latinos emprendedores - el perico","description":"(MLCDC) ampl\u00eda la gama de cursos en l\u00ednea para los latinos que deseen continuar explorando en el mundo de los negocios durante este periodo de pandemia","robots":{"index":"index","follow":"follow","max-snippet":"max-snippet:-1","max-image-preview":"max-image-preview:large","max-video-preview":"max-video-preview:-1"},"canonical":"https:\/\/el-perico.com\/es\/mlcdc-abre-amplia-cursos-en-linea-para-ser-latinos-emprendedores\/","og_locale":"es_ES","og_type":"article","og_title":"MLCDC abre m\u00e1s cursos en l\u00ednea para los latinos emprendedores - el perico","og_description":"(MLCDC) ampl\u00eda la gama de cursos en l\u00ednea para los latinos que deseen continuar explorando en el mundo de los negocios durante este periodo de pandemia","og_url":"https:\/\/el-perico.com\/es\/mlcdc-abre-amplia-cursos-en-linea-para-ser-latinos-emprendedores\/","og_site_name":"el perico","article_publisher":"https:\/\/www.facebook.com\/elpericoomaha","article_published_time":"2020-04-17T21:19:41+00:00","author":"El Perico Staff","twitter_card":"summary_large_image","twitter_misc":{"Escrito por":"El Perico Staff","Tiempo de lectura":"2 minutos","Written by":"El Perico Staff"},"schema":{"@context":"https:\/\/schema.org","@graph":[{"@type":"Article","@id":"https:\/\/el-perico.com\/es\/mlcdc-abre-amplia-cursos-en-linea-para-ser-latinos-emprendedores\/#article","isPartOf":{"@id":"https:\/\/el-perico.com\/es\/mlcdc-abre-amplia-cursos-en-linea-para-ser-latinos-emprendedores\/"},"author":{"name":"El Perico Staff","@id":"https:\/\/el-perico.com\/es\/#\/schema\/person\/1956e5e63b94d4bd0daf30675bdf4a93"},"headline":"MLCDC abre m\u00e1s cursos en l\u00ednea para los latinos emprendedores","datePublished":"2020-04-17T21:19:41+00:00","mainEntityOfPage":{"@id":"https:\/\/el-perico.com\/es\/mlcdc-abre-amplia-cursos-en-linea-para-ser-latinos-emprendedores\/"},"wordCount":380,"commentCount":0,"publisher":{"@id":"https:\/\/el-perico.com\/es\/#organization"},"image":{"@id":"https:\/\/el-perico.com\/es\/mlcdc-abre-amplia-cursos-en-linea-para-ser-latinos-emprendedores\/#primaryimage"},"thumbnailUrl":"","keywords":["COVID-19","emprendedores","latinos"],"articleSection":["Comunidad","Reportaje"],"inLanguage":"es","potentialAction":[{"@type":"CommentAction","name":"Comment","target":["https:\/\/el-perico.com\/es\/mlcdc-abre-amplia-cursos-en-linea-para-ser-latinos-emprendedores\/#respond"]}]},{"@type":"WebPage","@id":"https:\/\/el-perico.com\/es\/mlcdc-abre-amplia-cursos-en-linea-para-ser-latinos-emprendedores\/","url":"https:\/\/el-perico.com\/es\/mlcdc-abre-amplia-cursos-en-linea-para-ser-latinos-emprendedores\/","name":"MLCDC abre m\u00e1s cursos en l\u00ednea para los latinos emprendedores - el perico","isPartOf":{"@id":"https:\/\/el-perico.com\/es\/#website"},"primaryImageOfPage":{"@id":"https:\/\/el-perico.com\/es\/mlcdc-abre-amplia-cursos-en-linea-para-ser-latinos-emprendedores\/#primaryimage"},"image":{"@id":"https:\/\/el-perico.com\/es\/mlcdc-abre-amplia-cursos-en-linea-para-ser-latinos-emprendedores\/#primaryimage"},"thumbnailUrl":"","datePublished":"2020-04-17T21:19:41+00:00","description":"(MLCDC) ampl\u00eda la gama de cursos en l\u00ednea para los latinos que deseen continuar explorando en el mundo de los negocios durante este periodo de pandemia","breadcrumb":{"@id":"https:\/\/el-perico.com\/es\/mlcdc-abre-amplia-cursos-en-linea-para-ser-latinos-emprendedores\/#breadcrumb"},"inLanguage":"es","potentialAction":[{"@type":"ReadAction","target":["https:\/\/el-perico.com\/es\/mlcdc-abre-amplia-cursos-en-linea-para-ser-latinos-emprendedores\/"]}]},{"@type":"ImageObject","inLanguage":"es","@id":"https:\/\/el-perico.com\/es\/mlcdc-abre-amplia-cursos-en-linea-para-ser-latinos-emprendedores\/#primaryimage","url":"","contentUrl":""},{"@type":"BreadcrumbList","@id":"https:\/\/el-perico.com\/es\/mlcdc-abre-amplia-cursos-en-linea-para-ser-latinos-emprendedores\/#breadcrumb","itemListElement":[{"@type":"ListItem","position":1,"name":"Home","item":"https:\/\/el-perico.com\/es\/"},{"@type":"ListItem","position":2,"name":"MLCDC abre m\u00e1s cursos en l\u00ednea para los latinos emprendedores"}]},{"@type":"WebSite","@id":"https:\/\/el-perico.com\/es\/#website","url":"https:\/\/el-perico.com\/es\/","name":"el perico","description":"La plataforma original de noticias e informaci\u00f3n para la comunidad hispana de Omaha","publisher":{"@id":"https:\/\/el-perico.com\/es\/#organization"},"potentialAction":[{"@type":"SearchAction","target":{"@type":"EntryPoint","urlTemplate":"https:\/\/el-perico.com\/es\/?s={search_term_string}"},"query-input":{"@type":"PropertyValueSpecification","valueRequired":true,"valueName":"search_term_string"}}],"inLanguage":"es"},{"@type":"Organization","@id":"https:\/\/el-perico.com\/es\/#organization","name":"el perico","url":"https:\/\/el-perico.com\/es\/","logo":{"@type":"ImageObject","inLanguage":"es","@id":"https:\/\/el-perico.com\/es\/#\/schema\/logo\/image\/","url":"https:\/\/el-perico.com\/wp-content\/uploads\/2024\/05\/ElPerico-Logo_NPM-1-e1717102187440.png","contentUrl":"https:\/\/el-perico.com\/wp-content\/uploads\/2024\/05\/ElPerico-Logo_NPM-1-e1717102187440.png","width":648,"height":216,"caption":"el perico"},"image":{"@id":"https:\/\/el-perico.com\/es\/#\/schema\/logo\/image\/"},"sameAs":["https:\/\/www.facebook.com\/elpericoomaha"]},{"@type":"Person","@id":"https:\/\/el-perico.com\/es\/#\/schema\/person\/1956e5e63b94d4bd0daf30675bdf4a93","name":"El Perico Staff","image":{"@type":"ImageObject","inLanguage":"es","@id":"https:\/\/secure.gravatar.com\/avatar\/701b23c665bfde9fd4d874d31feb4c16bf2ac173b2b0b7224dc39896d4cfc381?s=96&d=mm&r=g80b2efc5844e688a6ffb9340c789e4c4","url":"https:\/\/secure.gravatar.com\/avatar\/701b23c665bfde9fd4d874d31feb4c16bf2ac173b2b0b7224dc39896d4cfc381?s=96&d=mm&r=g","contentUrl":"https:\/\/secure.gravatar.com\/avatar\/701b23c665bfde9fd4d874d31feb4c16bf2ac173b2b0b7224dc39896d4cfc381?s=96&d=mm&r=g","caption":"El Perico Staff"},"sameAs":["https:\/\/el-perico.com"],"url":"https:\/\/el-perico.com\/es\/author\/af6f1d62_admin\/"}]}},"_links":{"self":[{"href":"https:\/\/el-perico.com\/es\/wp-json\/wp\/v2\/posts\/3472","targetHints":{"allow":["GET"]}}],"collection":[{"href":"https:\/\/el-perico.com\/es\/wp-json\/wp\/v2\/posts"}],"about":[{"href":"https:\/\/el-perico.com\/es\/wp-json\/wp\/v2\/types\/post"}],"author":[{"embeddable":true,"href":"https:\/\/el-perico.com\/es\/wp-json\/wp\/v2\/users\/1"}],"replies":[{"embeddable":true,"href":"https:\/\/el-perico.com\/es\/wp-json\/wp\/v2\/comments?post=3472"}],"version-history":[{"count":0,"href":"https:\/\/el-perico.com\/es\/wp-json\/wp\/v2\/posts\/3472\/revisions"}],"wp:featuredmedia":[{"embeddable":true,"href":"https:\/\/el-perico.com\/es\/wp-json\/"}],"wp:attachment":[{"href":"https:\/\/el-perico.com\/es\/wp-json\/wp\/v2\/media?parent=3472"}],"wp:term":[{"taxonomy":"category","embeddable":true,"href":"https:\/\/el-perico.com\/es\/wp-json\/wp\/v2\/categories?post=3472"},{"taxonomy":"post_tag","embeddable":true,"href":"https:\/\/el-perico.com\/es\/wp-json\/wp\/v2\/tags?post=3472"},{"taxonomy":"newspack_spnsrs_tax","embeddable":true,"href":"https:\/\/el-perico.com\/es\/wp-json\/wp\/v2\/newspack_spnsrs_tax?post=3472"},{"taxonomy":"author","embeddable":true,"href":"https:\/\/el-perico.com\/es\/wp-json\/wp\/v2\/coauthors?post=3472"}],"curies":[{"name":"wp","href":"https:\/\/api.w.org\/{rel}","templated":true}]}}