{"id":3399,"date":"2020-04-14T17:31:31","date_gmt":"2020-04-14T22:31:31","guid":{"rendered":"https:\/\/el-perico.com\/?p=3399"},"modified":"2020-04-14T17:31:31","modified_gmt":"2020-04-14T22:31:31","slug":"se-parte-de-la-memoria-de-omaha-escribe-tu-historia-para-el-perico","status":"publish","type":"post","link":"https:\/\/el-perico.com\/es\/se-parte-de-la-memoria-de-omaha-escribe-tu-historia-para-el-perico\/","title":{"rendered":"S\u00e9 parte de la memoria de Omaha, escribe tu historia para El Perico"},"content":{"rendered":"<p><figure id=\"attachment_3400\" aria-describedby=\"caption-attachment-3400\" style=\"width: 359px\" class=\"wp-caption alignleft\"><img loading=\"lazy\" decoding=\"async\" class=\"wp-image-3400\" src=\"https:\/\/el-perico.com\/wp-content\/uploads\/2020\/04\/escritor.jpeg\" alt=\"\" width=\"359\" height=\"239\" \/><figcaption id=\"caption-attachment-3400\" class=\"wp-caption-text\"><span style=\"color: #999999;\"><em>Foto referencia tomada de Google.<\/em> <\/span><\/figcaption><\/figure><br \/>\nYa va m\u00e1s de un mes desde que en EEUU se sugiri\u00f3 resguardarse para evitar sen infectado con el virus COVID-19, un hecho sin precedente que ha dejado a varias personas en ascuas sin saber en qu\u00e9 momento podr\u00e1 volver todo a la \u00abnormalidad\u00bb. Es cierto que muchas personas han perdido sus trabajos y han buscado la manera de sobrevivir como pueden. La ansiedad y la incertidumbre se juntan mientras algunos esperan el cheque de est\u00edmulo, conseguir comida en alguna despensa, ser atendido por alguna fundaci\u00f3n.<br \/>\nSon casi 470 mil historias (poblaci\u00f3n en Omaha), que se podr\u00edan contar y quedar plasmado en la historia de Omaha de c\u00f3mo se ha vivido esta pandemia. Tambi\u00e9n quien suscribe este art\u00edculo, y tambi\u00e9n es inmigrante, tiene tambi\u00e9n la suya, y es por ello que el equipo de <strong>El Perico<\/strong> quiere que <strong>tu historia<\/strong> forme parte de esta <strong>nueva edici\u00f3n de mayo<\/strong>, que esto se quede en la memoria de todos y que sepan que los hispanohablantes tambi\u00e9n padecen las consecuencias de todas las medidas tomadas en el pa\u00eds para no ser afectados por el virus.<br \/>\nSi quieres contribuir a contarnos toda esa experiencia, descargar todo lo que puedes sentir, frutraciones, miedos, o bien dejarnos a tu hogar desde tu escrito solo hazlo. S\u00e9 parte de <strong>las cr\u00f3nicas del confinamiento en Omaha<\/strong>, s\u00e9 parte de la versi\u00f3n impresa.<\/p>\n<div class=\"kpd-le VL3Djb z5l8we\">\n<div class=\"nNvvOd kno-fb-ctx\">\n<div><strong>PARA TOMAR EN CUENTA:<\/strong><\/div>\n<ul>\n<li>La fecha l\u00edmite para entregar su historia es el 20 de este mes.<\/li>\n<li>TODAS LAS HISTORIAS SON V\u00c1LIDAS E IMPORTANTES PARA NOSOTROS.<\/li>\n<li class=\"kpd-lv\" style=\"min-height: 32px;\">\u200cNo hay l\u00edmite de p\u00e1ginas o palabras, pero s\u00ed recomendamos m\u00e1s de 200 palabras.<\/li>\n<li>Puede ser en formato .doc, .pdf, o puede usar tambi\u00e9n directo por correo electr\u00f3nico, Facabook, o bien Whatsapp.<\/li>\n<li>Puede ponerle t\u00edtulo.<\/li>\n<li>Cualquier edad puede participar.<\/li>\n<li>Puede ir con o sin foto referencial.<\/li>\n<li>\u00a0Si no sabes como escribirlo o expresarlo, no te preocupes, env\u00edanos un correo electr\u00f3nico y te orientaremos.<\/li>\n<li>No se necesita ser experto en escritura, nosotros nos encargamos de editarlo.<\/li>\n<\/ul>\n<\/div>\n<div><\/div>\n<\/div>\n<div>Cualquier otra duda que tenga puede escribir a<strong> Karlha@el-perico.com<\/strong><\/div>\n<div class=\"kpd-le VL3Djb z5l8we\">\n<div class=\"nNvvOd kno-fb-ctx\">\n<div><\/div>\n<div><\/div>\n<div><\/div>\n<\/div>\n<\/div>\n<div class=\"kpd-le R7PsUe N9bsbe\"><\/div>\n","protected":false},"excerpt":{"rendered":"<p>Ya va m\u00e1s de un mes desde que en EEUU se sugiri\u00f3 resguardarse para evitar sen infectado con el virus COVID-19, un hecho sin precedente que ha dejado a varias personas en ascuas sin saber en qu\u00e9 momento podr\u00e1 volver todo a la \u00abnormalidad\u00bb. Es cierto que muchas personas han perdido sus trabajos y han [&hellip;]<\/p>\n","protected":false},"author":1,"featured_media":3401,"comment_status":"open","ping_status":"closed","sticky":false,"template":"","format":"standard","meta":{"newspack_ads_suppress_ads":false,"_newspack_byline_active":false,"_newspack_byline":"","newspack_hide_updated_date":false,"newspack_show_updated_date":false,"newspack_content_restriction_is_exempt":false,"newspack_featured_image_position":"","newspack_post_subtitle":"","newspack_article_summary_title":"Overview:","newspack_article_summary":"","footnotes":""},"categories":[39,46],"tags":[],"newspack_spnsrs_tax":[],"coauthors":[],"class_list":["post-3399","post","type-post","status-publish","format-standard","has-post-thumbnail","hentry","category-comunidad","category-reportaje","entry"],"yoast_head":"<!-- This site is optimized with the Yoast SEO plugin v27.5 - https:\/\/yoast.com\/product\/yoast-seo-wordpress\/ -->\n<title>S\u00e9 parte de la memoria de Omaha, escribe tu historia para El Perico - el perico<\/title>\n<meta name=\"description\" content=\"El perico abre sus p\u00e1ginas a los nuevos cronistas de la ciudad, sus habitantes, quienes podr\u00e1n dejar en la memoria sus experiencias de la cuarentena.\" \/>\n<meta name=\"robots\" content=\"index, follow, max-snippet:-1, max-image-preview:large, max-video-preview:-1\" \/>\n<link rel=\"canonical\" href=\"https:\/\/el-perico.com\/es\/se-parte-de-la-memoria-de-omaha-escribe-tu-historia-para-el-perico\/\" \/>\n<meta property=\"og:locale\" content=\"es_ES\" \/>\n<meta property=\"og:type\" content=\"article\" \/>\n<meta property=\"og:title\" content=\"S\u00e9 parte de la memoria de Omaha, escribe tu historia para El Perico - el perico\" \/>\n<meta property=\"og:description\" content=\"El perico abre sus p\u00e1ginas a los nuevos cronistas de la ciudad, sus habitantes, quienes podr\u00e1n dejar en la memoria sus experiencias de la cuarentena.\" \/>\n<meta property=\"og:url\" content=\"https:\/\/el-perico.com\/es\/se-parte-de-la-memoria-de-omaha-escribe-tu-historia-para-el-perico\/\" \/>\n<meta property=\"og:site_name\" content=\"el perico\" \/>\n<meta property=\"article:publisher\" content=\"https:\/\/www.facebook.com\/elpericoomaha\" \/>\n<meta property=\"article:published_time\" content=\"2020-04-14T22:31:31+00:00\" \/>\n<meta name=\"author\" content=\"El Perico Staff\" \/>\n<meta name=\"twitter:card\" content=\"summary_large_image\" \/>\n<meta name=\"twitter:label1\" content=\"Escrito por\" \/>\n\t<meta name=\"twitter:data1\" content=\"El Perico Staff\" \/>\n\t<meta name=\"twitter:label2\" content=\"Tiempo de lectura\" \/>\n\t<meta name=\"twitter:data2\" content=\"2 minutos\" \/>\n\t<meta name=\"twitter:label3\" content=\"Written by\" \/>\n\t<meta name=\"twitter:data3\" content=\"El Perico Staff\" \/>\n<script type=\"application\/ld+json\" class=\"yoast-schema-graph\">{\"@context\":\"https:\\\/\\\/schema.org\",\"@graph\":[{\"@type\":\"Article\",\"@id\":\"https:\\\/\\\/el-perico.com\\\/es\\\/se-parte-de-la-memoria-de-omaha-escribe-tu-historia-para-el-perico\\\/#article\",\"isPartOf\":{\"@id\":\"https:\\\/\\\/el-perico.com\\\/es\\\/se-parte-de-la-memoria-de-omaha-escribe-tu-historia-para-el-perico\\\/\"},\"author\":{\"name\":\"El Perico Staff\",\"@id\":\"https:\\\/\\\/el-perico.com\\\/es\\\/#\\\/schema\\\/person\\\/1956e5e63b94d4bd0daf30675bdf4a93\"},\"headline\":\"S\u00e9 parte de la memoria de Omaha, escribe tu historia para El Perico\",\"datePublished\":\"2020-04-14T22:31:31+00:00\",\"mainEntityOfPage\":{\"@id\":\"https:\\\/\\\/el-perico.com\\\/es\\\/se-parte-de-la-memoria-de-omaha-escribe-tu-historia-para-el-perico\\\/\"},\"wordCount\":383,\"commentCount\":0,\"publisher\":{\"@id\":\"https:\\\/\\\/el-perico.com\\\/es\\\/#organization\"},\"image\":{\"@id\":\"https:\\\/\\\/el-perico.com\\\/es\\\/se-parte-de-la-memoria-de-omaha-escribe-tu-historia-para-el-perico\\\/#primaryimage\"},\"thumbnailUrl\":\"\",\"articleSection\":[\"Comunidad\",\"Reportaje\"],\"inLanguage\":\"es\",\"potentialAction\":[{\"@type\":\"CommentAction\",\"name\":\"Comment\",\"target\":[\"https:\\\/\\\/el-perico.com\\\/es\\\/se-parte-de-la-memoria-de-omaha-escribe-tu-historia-para-el-perico\\\/#respond\"]}]},{\"@type\":\"WebPage\",\"@id\":\"https:\\\/\\\/el-perico.com\\\/es\\\/se-parte-de-la-memoria-de-omaha-escribe-tu-historia-para-el-perico\\\/\",\"url\":\"https:\\\/\\\/el-perico.com\\\/es\\\/se-parte-de-la-memoria-de-omaha-escribe-tu-historia-para-el-perico\\\/\",\"name\":\"S\u00e9 parte de la memoria de Omaha, escribe tu historia para El Perico - el perico\",\"isPartOf\":{\"@id\":\"https:\\\/\\\/el-perico.com\\\/es\\\/#website\"},\"primaryImageOfPage\":{\"@id\":\"https:\\\/\\\/el-perico.com\\\/es\\\/se-parte-de-la-memoria-de-omaha-escribe-tu-historia-para-el-perico\\\/#primaryimage\"},\"image\":{\"@id\":\"https:\\\/\\\/el-perico.com\\\/es\\\/se-parte-de-la-memoria-de-omaha-escribe-tu-historia-para-el-perico\\\/#primaryimage\"},\"thumbnailUrl\":\"\",\"datePublished\":\"2020-04-14T22:31:31+00:00\",\"description\":\"El perico abre sus p\u00e1ginas a los nuevos cronistas de la ciudad, sus habitantes, quienes podr\u00e1n dejar en la memoria sus experiencias de la cuarentena.\",\"breadcrumb\":{\"@id\":\"https:\\\/\\\/el-perico.com\\\/es\\\/se-parte-de-la-memoria-de-omaha-escribe-tu-historia-para-el-perico\\\/#breadcrumb\"},\"inLanguage\":\"es\",\"potentialAction\":[{\"@type\":\"ReadAction\",\"target\":[\"https:\\\/\\\/el-perico.com\\\/es\\\/se-parte-de-la-memoria-de-omaha-escribe-tu-historia-para-el-perico\\\/\"]}]},{\"@type\":\"ImageObject\",\"inLanguage\":\"es\",\"@id\":\"https:\\\/\\\/el-perico.com\\\/es\\\/se-parte-de-la-memoria-de-omaha-escribe-tu-historia-para-el-perico\\\/#primaryimage\",\"url\":\"\",\"contentUrl\":\"\"},{\"@type\":\"BreadcrumbList\",\"@id\":\"https:\\\/\\\/el-perico.com\\\/es\\\/se-parte-de-la-memoria-de-omaha-escribe-tu-historia-para-el-perico\\\/#breadcrumb\",\"itemListElement\":[{\"@type\":\"ListItem\",\"position\":1,\"name\":\"Home\",\"item\":\"https:\\\/\\\/el-perico.com\\\/es\\\/\"},{\"@type\":\"ListItem\",\"position\":2,\"name\":\"S\u00e9 parte de la memoria de Omaha, escribe tu historia para El Perico\"}]},{\"@type\":\"WebSite\",\"@id\":\"https:\\\/\\\/el-perico.com\\\/es\\\/#website\",\"url\":\"https:\\\/\\\/el-perico.com\\\/es\\\/\",\"name\":\"el perico\",\"description\":\"La plataforma original de noticias e informaci\u00f3n para la comunidad hispana de Omaha\",\"publisher\":{\"@id\":\"https:\\\/\\\/el-perico.com\\\/es\\\/#organization\"},\"potentialAction\":[{\"@type\":\"SearchAction\",\"target\":{\"@type\":\"EntryPoint\",\"urlTemplate\":\"https:\\\/\\\/el-perico.com\\\/es\\\/?s={search_term_string}\"},\"query-input\":{\"@type\":\"PropertyValueSpecification\",\"valueRequired\":true,\"valueName\":\"search_term_string\"}}],\"inLanguage\":\"es\"},{\"@type\":\"Organization\",\"@id\":\"https:\\\/\\\/el-perico.com\\\/es\\\/#organization\",\"name\":\"el perico\",\"url\":\"https:\\\/\\\/el-perico.com\\\/es\\\/\",\"logo\":{\"@type\":\"ImageObject\",\"inLanguage\":\"es\",\"@id\":\"https:\\\/\\\/el-perico.com\\\/es\\\/#\\\/schema\\\/logo\\\/image\\\/\",\"url\":\"https:\\\/\\\/el-perico.com\\\/wp-content\\\/uploads\\\/2024\\\/05\\\/ElPerico-Logo_NPM-1-e1717102187440.png\",\"contentUrl\":\"https:\\\/\\\/el-perico.com\\\/wp-content\\\/uploads\\\/2024\\\/05\\\/ElPerico-Logo_NPM-1-e1717102187440.png\",\"width\":648,\"height\":216,\"caption\":\"el perico\"},\"image\":{\"@id\":\"https:\\\/\\\/el-perico.com\\\/es\\\/#\\\/schema\\\/logo\\\/image\\\/\"},\"sameAs\":[\"https:\\\/\\\/www.facebook.com\\\/elpericoomaha\"]},{\"@type\":\"Person\",\"@id\":\"https:\\\/\\\/el-perico.com\\\/es\\\/#\\\/schema\\\/person\\\/1956e5e63b94d4bd0daf30675bdf4a93\",\"name\":\"El Perico Staff\",\"image\":{\"@type\":\"ImageObject\",\"inLanguage\":\"es\",\"@id\":\"https:\\\/\\\/secure.gravatar.com\\\/avatar\\\/701b23c665bfde9fd4d874d31feb4c16bf2ac173b2b0b7224dc39896d4cfc381?s=96&d=mm&r=g80b2efc5844e688a6ffb9340c789e4c4\",\"url\":\"https:\\\/\\\/secure.gravatar.com\\\/avatar\\\/701b23c665bfde9fd4d874d31feb4c16bf2ac173b2b0b7224dc39896d4cfc381?s=96&d=mm&r=g\",\"contentUrl\":\"https:\\\/\\\/secure.gravatar.com\\\/avatar\\\/701b23c665bfde9fd4d874d31feb4c16bf2ac173b2b0b7224dc39896d4cfc381?s=96&d=mm&r=g\",\"caption\":\"El Perico Staff\"},\"sameAs\":[\"https:\\\/\\\/el-perico.com\"],\"url\":\"https:\\\/\\\/el-perico.com\\\/es\\\/author\\\/af6f1d62_admin\\\/\"}]}<\/script>\n<!-- \/ Yoast SEO plugin. -->","yoast_head_json":{"title":"S\u00e9 parte de la memoria de Omaha, escribe tu historia para El Perico - el perico","description":"El perico abre sus p\u00e1ginas a los nuevos cronistas de la ciudad, sus habitantes, quienes podr\u00e1n dejar en la memoria sus experiencias de la cuarentena.","robots":{"index":"index","follow":"follow","max-snippet":"max-snippet:-1","max-image-preview":"max-image-preview:large","max-video-preview":"max-video-preview:-1"},"canonical":"https:\/\/el-perico.com\/es\/se-parte-de-la-memoria-de-omaha-escribe-tu-historia-para-el-perico\/","og_locale":"es_ES","og_type":"article","og_title":"S\u00e9 parte de la memoria de Omaha, escribe tu historia para El Perico - el perico","og_description":"El perico abre sus p\u00e1ginas a los nuevos cronistas de la ciudad, sus habitantes, quienes podr\u00e1n dejar en la memoria sus experiencias de la cuarentena.","og_url":"https:\/\/el-perico.com\/es\/se-parte-de-la-memoria-de-omaha-escribe-tu-historia-para-el-perico\/","og_site_name":"el perico","article_publisher":"https:\/\/www.facebook.com\/elpericoomaha","article_published_time":"2020-04-14T22:31:31+00:00","author":"El Perico Staff","twitter_card":"summary_large_image","twitter_misc":{"Escrito por":"El Perico Staff","Tiempo de lectura":"2 minutos","Written by":"El Perico Staff"},"schema":{"@context":"https:\/\/schema.org","@graph":[{"@type":"Article","@id":"https:\/\/el-perico.com\/es\/se-parte-de-la-memoria-de-omaha-escribe-tu-historia-para-el-perico\/#article","isPartOf":{"@id":"https:\/\/el-perico.com\/es\/se-parte-de-la-memoria-de-omaha-escribe-tu-historia-para-el-perico\/"},"author":{"name":"El Perico Staff","@id":"https:\/\/el-perico.com\/es\/#\/schema\/person\/1956e5e63b94d4bd0daf30675bdf4a93"},"headline":"S\u00e9 parte de la memoria de Omaha, escribe tu historia para El Perico","datePublished":"2020-04-14T22:31:31+00:00","mainEntityOfPage":{"@id":"https:\/\/el-perico.com\/es\/se-parte-de-la-memoria-de-omaha-escribe-tu-historia-para-el-perico\/"},"wordCount":383,"commentCount":0,"publisher":{"@id":"https:\/\/el-perico.com\/es\/#organization"},"image":{"@id":"https:\/\/el-perico.com\/es\/se-parte-de-la-memoria-de-omaha-escribe-tu-historia-para-el-perico\/#primaryimage"},"thumbnailUrl":"","articleSection":["Comunidad","Reportaje"],"inLanguage":"es","potentialAction":[{"@type":"CommentAction","name":"Comment","target":["https:\/\/el-perico.com\/es\/se-parte-de-la-memoria-de-omaha-escribe-tu-historia-para-el-perico\/#respond"]}]},{"@type":"WebPage","@id":"https:\/\/el-perico.com\/es\/se-parte-de-la-memoria-de-omaha-escribe-tu-historia-para-el-perico\/","url":"https:\/\/el-perico.com\/es\/se-parte-de-la-memoria-de-omaha-escribe-tu-historia-para-el-perico\/","name":"S\u00e9 parte de la memoria de Omaha, escribe tu historia para El Perico - el perico","isPartOf":{"@id":"https:\/\/el-perico.com\/es\/#website"},"primaryImageOfPage":{"@id":"https:\/\/el-perico.com\/es\/se-parte-de-la-memoria-de-omaha-escribe-tu-historia-para-el-perico\/#primaryimage"},"image":{"@id":"https:\/\/el-perico.com\/es\/se-parte-de-la-memoria-de-omaha-escribe-tu-historia-para-el-perico\/#primaryimage"},"thumbnailUrl":"","datePublished":"2020-04-14T22:31:31+00:00","description":"El perico abre sus p\u00e1ginas a los nuevos cronistas de la ciudad, sus habitantes, quienes podr\u00e1n dejar en la memoria sus experiencias de la cuarentena.","breadcrumb":{"@id":"https:\/\/el-perico.com\/es\/se-parte-de-la-memoria-de-omaha-escribe-tu-historia-para-el-perico\/#breadcrumb"},"inLanguage":"es","potentialAction":[{"@type":"ReadAction","target":["https:\/\/el-perico.com\/es\/se-parte-de-la-memoria-de-omaha-escribe-tu-historia-para-el-perico\/"]}]},{"@type":"ImageObject","inLanguage":"es","@id":"https:\/\/el-perico.com\/es\/se-parte-de-la-memoria-de-omaha-escribe-tu-historia-para-el-perico\/#primaryimage","url":"","contentUrl":""},{"@type":"BreadcrumbList","@id":"https:\/\/el-perico.com\/es\/se-parte-de-la-memoria-de-omaha-escribe-tu-historia-para-el-perico\/#breadcrumb","itemListElement":[{"@type":"ListItem","position":1,"name":"Home","item":"https:\/\/el-perico.com\/es\/"},{"@type":"ListItem","position":2,"name":"S\u00e9 parte de la memoria de Omaha, escribe tu historia para El Perico"}]},{"@type":"WebSite","@id":"https:\/\/el-perico.com\/es\/#website","url":"https:\/\/el-perico.com\/es\/","name":"el perico","description":"La plataforma original de noticias e informaci\u00f3n para la comunidad hispana de Omaha","publisher":{"@id":"https:\/\/el-perico.com\/es\/#organization"},"potentialAction":[{"@type":"SearchAction","target":{"@type":"EntryPoint","urlTemplate":"https:\/\/el-perico.com\/es\/?s={search_term_string}"},"query-input":{"@type":"PropertyValueSpecification","valueRequired":true,"valueName":"search_term_string"}}],"inLanguage":"es"},{"@type":"Organization","@id":"https:\/\/el-perico.com\/es\/#organization","name":"el perico","url":"https:\/\/el-perico.com\/es\/","logo":{"@type":"ImageObject","inLanguage":"es","@id":"https:\/\/el-perico.com\/es\/#\/schema\/logo\/image\/","url":"https:\/\/el-perico.com\/wp-content\/uploads\/2024\/05\/ElPerico-Logo_NPM-1-e1717102187440.png","contentUrl":"https:\/\/el-perico.com\/wp-content\/uploads\/2024\/05\/ElPerico-Logo_NPM-1-e1717102187440.png","width":648,"height":216,"caption":"el perico"},"image":{"@id":"https:\/\/el-perico.com\/es\/#\/schema\/logo\/image\/"},"sameAs":["https:\/\/www.facebook.com\/elpericoomaha"]},{"@type":"Person","@id":"https:\/\/el-perico.com\/es\/#\/schema\/person\/1956e5e63b94d4bd0daf30675bdf4a93","name":"El Perico Staff","image":{"@type":"ImageObject","inLanguage":"es","@id":"https:\/\/secure.gravatar.com\/avatar\/701b23c665bfde9fd4d874d31feb4c16bf2ac173b2b0b7224dc39896d4cfc381?s=96&d=mm&r=g80b2efc5844e688a6ffb9340c789e4c4","url":"https:\/\/secure.gravatar.com\/avatar\/701b23c665bfde9fd4d874d31feb4c16bf2ac173b2b0b7224dc39896d4cfc381?s=96&d=mm&r=g","contentUrl":"https:\/\/secure.gravatar.com\/avatar\/701b23c665bfde9fd4d874d31feb4c16bf2ac173b2b0b7224dc39896d4cfc381?s=96&d=mm&r=g","caption":"El Perico Staff"},"sameAs":["https:\/\/el-perico.com"],"url":"https:\/\/el-perico.com\/es\/author\/af6f1d62_admin\/"}]}},"_links":{"self":[{"href":"https:\/\/el-perico.com\/es\/wp-json\/wp\/v2\/posts\/3399","targetHints":{"allow":["GET"]}}],"collection":[{"href":"https:\/\/el-perico.com\/es\/wp-json\/wp\/v2\/posts"}],"about":[{"href":"https:\/\/el-perico.com\/es\/wp-json\/wp\/v2\/types\/post"}],"author":[{"embeddable":true,"href":"https:\/\/el-perico.com\/es\/wp-json\/wp\/v2\/users\/1"}],"replies":[{"embeddable":true,"href":"https:\/\/el-perico.com\/es\/wp-json\/wp\/v2\/comments?post=3399"}],"version-history":[{"count":0,"href":"https:\/\/el-perico.com\/es\/wp-json\/wp\/v2\/posts\/3399\/revisions"}],"wp:featuredmedia":[{"embeddable":true,"href":"https:\/\/el-perico.com\/es\/wp-json\/"}],"wp:attachment":[{"href":"https:\/\/el-perico.com\/es\/wp-json\/wp\/v2\/media?parent=3399"}],"wp:term":[{"taxonomy":"category","embeddable":true,"href":"https:\/\/el-perico.com\/es\/wp-json\/wp\/v2\/categories?post=3399"},{"taxonomy":"post_tag","embeddable":true,"href":"https:\/\/el-perico.com\/es\/wp-json\/wp\/v2\/tags?post=3399"},{"taxonomy":"newspack_spnsrs_tax","embeddable":true,"href":"https:\/\/el-perico.com\/es\/wp-json\/wp\/v2\/newspack_spnsrs_tax?post=3399"},{"taxonomy":"author","embeddable":true,"href":"https:\/\/el-perico.com\/es\/wp-json\/wp\/v2\/coauthors?post=3399"}],"curies":[{"name":"wp","href":"https:\/\/api.w.org\/{rel}","templated":true}]}}