{"id":33,"date":"2022-01-21T08:00:00","date_gmt":"2022-01-21T13:00:00","guid":{"rendered":"https:\/\/7b433a06f5.nxcli.net\/va-una-reforma-migratoria-en-2022\/"},"modified":"2022-02-23T11:19:47","modified_gmt":"2022-02-23T16:19:47","slug":"va-una-reforma-migratoria-en-2022","status":"publish","type":"post","link":"https:\/\/el-perico.com\/es\/va-una-reforma-migratoria-en-2022\/","title":{"rendered":"\u00bfVa una reforma migratoria en 2022?"},"content":{"rendered":"<figure class=\"wp-block-image size-large\"><img decoding=\"async\" loading=\"lazy\" width=\"1024\" height=\"683\" src=\"https:\/\/el-perico.com\/wp-content\/uploads\/2022\/01\/05E5B17C-629B-4A58-ABEE-6E3A5AC78318-1024x683.jpeg\" alt=\"\" class=\"wp-image-5593\"><figcaption>Foto por Bridget Fogarty.<\/figcaption><\/figure>\n<p>El sistema de inmigraci\u00f3n de los EEUU puede ser dif\u00edcil de comprender y un tanto abrumador, especialmente cuando se mira un poco el \u00faltimo a\u00f1o a las acciones a nivel estatal y federal.<\/p>\n<p>Las pol\u00edticas de inmigraci\u00f3n tienen un impacto real a nivel local en Omaha, ya que en 2019 las personas nacidas en el extranjero conformaban un 10,6% de la poblaci\u00f3n, as\u00ed como en Nebraska, en donde la fuerza laboral se apoya en gran parte en los inmigrantes.<\/p>\n<p>En 2022, queremos brindar a los lectores un vistazo de los momentos del 2021 de mayor impacto en inmigraci\u00f3n, as\u00ed como un vistazo a lo que traer\u00e1 el futuro.<\/p>\n<h3><strong>\u00bfQu\u00e9 pas\u00f3 en el 2021 con las pol\u00edticas de inmigraci\u00f3n a nivel federal?<\/strong><\/h3>\n<p>El inicio del 2021 trajo algo de esperanza de grandes cambios en el sistema de inmigraci\u00f3n del pa\u00eds. El presidente Joe Biden comenz\u00f3 su mandato con la meta de mejorar el sistema de inmigraci\u00f3n de EEUU. Lo primero en plan era revertir las da\u00f1inas pol\u00edticas implementadas por la anterior administraci\u00f3n de Trump.<\/p>\n<p>Durante sus primeros d\u00edas en el cargo, Biden emiti\u00f3 varias \u00f3rdenes ejecutivas relacionadas con pol\u00edticas de inmigraci\u00f3n, incluyendo restablecer el programa de Acci\u00f3n Diferida para los Llegados a la Infancia (DACA). Tambi\u00e9n present\u00f3 ante el Congreso la <a href=\"https:\/\/www.whitehouse.gov\/briefing-room\/statements-releases\/2021\/01\/20\/fact-sheet-president-biden-sends-immigration-bill-to-congress-as-part-of-his-commitment-to-modernize-our-immigration-system\/\">Ley de Ciudadan\u00eda de los EEUU del 2021<\/a>, un proyecto de Ley que crear\u00eda un camino hacia la ciudadan\u00eda para ciertos inmigrantes.<\/p>\n<p>A principios de 2021, Biden anunci\u00f3 la Ley Build Back Better, un plan de gasto social que inclu\u00eda cambios que podr\u00edan proteger a aproximadamente 7 millones de inmigrantes indocumentados. Pero a partir de diciembre, esos cambios no vendr\u00e1n a trav\u00e9s de la Ley Build Back Better, ya que un parlamentario del Senado rechaz\u00f3 la reforma migratoria incluida en el proyecto de ley.<\/p>\n<div class=\"wp-block-image\">\n<figure class=\"alignright size-full is-resized\"><img decoding=\"async\" loading=\"lazy\" src=\"https:\/\/el-perico.com\/wp-content\/uploads\/2022\/01\/JaneSeuACLU-1.jpeg\" alt=\"\" class=\"wp-image-5588\" width=\"233\" height=\"349\"><figcaption>Jane Seu, investigadora legal de inmigraci\u00f3n en la ACLU de Nebraska. Foto cortes\u00eda de la ACLU de Nebraska.<\/figcaption><\/figure>\n<\/div>\n<h3><strong>\u00bfY la legislaci\u00f3n sobre inmigraci\u00f3n a nivel local y estatal?<\/strong><\/h3>\n<p>En 2021, los legisladores de Nebraska presentaron pocos proyectos de ley expl\u00edcitamente relacionados con la inmigraci\u00f3n. Pero s\u00ed se avanz\u00f3 en intenciones que se convirtieron en ley, que aborda problemas que afectan a las comunidades afroamericanas, asi\u00e1ticos y latinos de Nebraska. Estas incluyen: el <a href=\"https:\/\/nebraskalegislature.gov\/bills\/view_bill.php?DocumentID=43705\">LB451<\/a>, que dice que es ilegal discriminar en base a la textura y estilo del cabello en el lugar de trabajo, y el <a href=\"https:\/\/www.billtrack50.com\/BillDetail\/1260159\">LB51<\/a>, que proh\u00edbe el uso de estrangulamiento por parte de las fuerzas policiales.<\/p>\n<p>\u201cLos problemas de los derechos de los inmigrantes se cruzan naturalmente con las cuestiones de justicia racial\u201d, comenta Jane Seu, investigadora legal de inmigraci\u00f3n en la ACLU de Nebraska. Cuando las decisiones legislativas elevan a las comunidades marginadas y a las voces y los derechos de las personas de color, apoyan e incluyen a las comunidades de inmigrantes, nos dijo.<\/p>\n<p>El proyecto de Ley del senador de Nebraska Tony Vargas LB 241 habr\u00eda adoptado una regulaci\u00f3n para proteger a los trabajadores de las empacadoras de carne, muchos de los cuales son inmigrantes y, otros son trabajadores esenciales que est\u00e1n bajo peligro por la pandemia de COVID-19. El proyecto de Ley no avanz\u00f3 durante la sesi\u00f3n final del 2021, pero hay quienes anticipan que este tema puede ser revisado de nuevo en la sesi\u00f3n de 2022. El senador Vargas estar\u00e1 en campa\u00f1a durante mayo para el puesto en el Congreso de Representantes de Don Bacon.<\/p>\n<p>Los habitantes de Nebraska tambi\u00e9n pueden esperar que las y los legisladores discutan la LB 298, el proyecto de Ley para extender los beneficios de desempleo a quienes cuenten con DACA y Estatus de Protecci\u00f3n Temporal.<\/p>\n<p>\u201cSomos el \u00fanico Estado que no extiende estos beneficios a dichas personas, por lo que nos pondr\u00eda en un nivel de igualdad con el resto del pa\u00eds\u201d, dijo Seu.<\/p>\n<h3><strong>En el 2021, hubo un aumento en el apoyo para los inmigrantes a nivel comunidad, dicen los defensores.<\/strong><\/h3>\n<p>No sorprende a Darcy Tromanhauser&nbsp;que los legisladores no realizaren grandes cambios a las pol\u00edticas de inmigraci\u00f3n en el 2021.<\/p>\n<p>\u201cHan pasado m\u00e1s de 35 a\u00f1os desde que el Congreso ha actuado para la emisi\u00f3n de Leyes de inmigraci\u00f3n, lo cual est\u00e1 ocasionando un da\u00f1o innecesario a las familias de Nebraska y a comunidades completas\u201d, dijo Tromanhauser, quien es directora del Programa Nebraska Appleseed\u2019s Immigrants &amp; Communities, una organizaci\u00f3n estatal sin fines de lucro que lucha por la justicia y por brindar una oportunidad para todos los habitantes de Nebraska.<\/p>\n<div class=\"wp-block-image\">\n<figure class=\"alignleft size-full is-resized\"><img decoding=\"async\" loading=\"lazy\" src=\"https:\/\/el-perico.com\/wp-content\/uploads\/2022\/01\/1DarcyTromanhauser-1.jpg\" alt=\"\" class=\"wp-image-5589\" width=\"225\" height=\"281\"><figcaption>Darcy Tromanhauser, la directora del Programa Nebraska Appleseed\u2019s Immigrants &amp; Communities. Foto cortes\u00eda del Nebraska Appleseed.<\/figcaption><\/figure>\n<\/div>\n<p>El apoyo a la comunidad y los cambios positivos en la pol\u00edtica de inmigraci\u00f3n se sinti\u00f3 como un punto alto en Nebraska, coment\u00f3 Tromanhauser. Los miembros de la comunidad realizaron cientos de llamadas telef\u00f3nicas a los legisladores, se reunieron con el Congreso y compartieron sus historias y experiencias personales sobre la inmigraci\u00f3n para tratar de lograr impulsar las pol\u00edticas.<\/p>\n<p>\u201cTenemos miembros de la comunidad que han vivido en Nebraska por d\u00e9cadas, contribuyendo como parte del tejido de las comunidades locales, quienes no tienen una forma de solicitar la residencia y la ciudadan\u00eda\u201d, coment\u00f3. La construcci\u00f3n de un camino hacia la ciudadan\u00eda traer\u00eda estabilidad al Estado, dijo, no solo para los inmigrantes, sino para todas las personas en sus comunidades.<\/p>\n<p>Mientras tanto, si a\u00fan hay quienes esperan un largo tiempo para tener la ciudadan\u00eda \u2013 dijo Tromanhauser \u2013 EEUU solo estar\u00e1 repitiendo los patrones en su historia, de depender de miembros esenciales de la comunidad mientras los excluye de una participaci\u00f3n total.<\/p>\n<p>Por otro lado, Omaha tambi\u00e9n mostr\u00f3 su apoyo a la afluencia de refugiados en 2021. En agosto, se calcul\u00f3 que 50 000 afganos se trasladar\u00edan a EEUU. Muchos de ellos en Nebraska.<\/p>\n<p>Sobre aquellos anuncios, organizaciones sin fines de lucro que atienden a inmigrantes, como el Refugee Empowerment Center, Lutheran Family Services of Nebraska y Restoring Dignity, as\u00ed como comunidades de refugiados de Omaha se movilizaron para satisfacer las necesidades de los que se esperaba que llegara.<\/p>\n<p>Estas necesidades van dirigidas a los art\u00edculos ascensionales en el hogar: muebles, ropa y otros recursos que da el ambiente hogare\u00f1o a quienes perdieron todo producto de las guerras. Ese grano de arena fue dado por la organizaci\u00f3n sin fines de lucro Restaurando la Dignidad, dirigida a atender a los refugiados en Omaha y ofrecen recursos gratuitos a trav\u00e9s de su centro de donaci\u00f3n comunitario en 1205 S 50th St.<\/p>\n<p>Hannah Wyble, fundadora y directora ejecutiva de la organizaci\u00f3n sin fines de lucro, dijo que 416 familias visitaron el centro de donaciones en 2021, y se sabe que en 2022 solo traer\u00e1 m\u00e1s. Anticip\u00e1ndose a esto, <em>Restoring Dignity<\/em> planea trasladar las operaciones a un almac\u00e9n de 18 mil pies cuadrados este a\u00f1o.<\/p>\n<p>\u201cDado que habr\u00e1 cientos de personas de Afganist\u00e1n reasentadas en Omaha, adem\u00e1s de<\/p>\n<p>cientos de refugiados de otros pa\u00edses, un total de m\u00e1s de 1 300 personas estar\u00e1n el pr\u00f3ximo a\u00f1o, sab\u00edamos que ten\u00edamos que expandirnos para poder satisfacer esa necesidad de muebles\u201d, dijo.<\/p>\n<h3><strong>\u00bfC\u00f3mo afectar\u00e1 a las elecciones para Gobernador de Nebraska algo como la inmigraci\u00f3n?<\/strong><\/h3>\n<p>El comienzo del nuevo a\u00f1o significa que faltar\u00e1n once meses hasta las elecciones para Gobernador de Nebraska y la inmigraci\u00f3n ya est\u00e1 preparada para ser un tema candente para los candidatos durante la campa\u00f1a electoral.<\/p>\n<p>Las elecciones primarias dem\u00f3cratas y republicanas para Gobernador de Nebraska se llevar\u00e1n a cabo el 10 de mayo. Carol Blood es actualmente la \u00fanica dem\u00f3crata y Jim Pillen, Brett Lindstrom y Charles Herbster se encuentran entre los candidatos republicanos que se postulan para dicho puesto.<\/p>\n<p>Herbster ya ha construido su plataforma con declaraciones discriminatorias similares a las pol\u00edticas antiinmigraci\u00f3n de Donald Trump. Un anunci\u00f3 present\u00f3 la falsa afirmaci\u00f3n de que los inmigrantes indocumentados en Nebraska \u201ccuestan cada a\u00f1o m\u00e1s de $300 millones a nuestro Estado\u201d.<\/p>\n<div class=\"wp-block-image\">\n<figure class=\"alignright size-full is-resized\"><img decoding=\"async\" loading=\"lazy\" src=\"https:\/\/el-perico.com\/wp-content\/uploads\/2022\/01\/Benjamin-Alvarado-1.jpeg\" alt=\"\" class=\"wp-image-5590\" width=\"210\" height=\"316\"><figcaption>Jonathan Benjam\u00edn-Alvarado, vicerrector de asuntos estudiantiles para la Universidad de Nebraska en Omaha (UNO). Foto cortes\u00eda de la Universidad de Nebraska en Omaha.<\/figcaption><\/figure>\n<\/div>\n<p>La afirmaci\u00f3n de Herbster no est\u00e1 basada en hechos, seg\u00fan comenta Jonathan Benjam\u00edn-Alvarado, profesor de ciencia pol\u00edtica y vicerrector de asuntos estudiantiles para la Universidad de Nebraska en Omaha (UNO). \u201cBorra y minimiza los billones de d\u00f3lares en valor que son tra\u00eddos al Estado por los inmigrantes y la forma en que contribuyen a la comunidad\u201d, nos dijo.<\/p>\n<p>\u201cLos habitantes de Nebraska nacidos en el extranjero pagan mucho m\u00e1s en programas gubernamentales de lo que jam\u00e1s obtendr\u00e1n\u201d, mencion\u00f3 Benjam\u00edn-Alvarado. Las poblaciones de inmigrantes representaron el 5,8% de las contribuciones estatales de los impuestos a la renta, a ventas y a la gasolina y el 5,2% del gasto estatal total en asistencia p\u00fablica, Medicaid y educaci\u00f3n\u201d, seg\u00fan el informe m\u00e1s reciente de la Oficina de Estudios Latinos\/Latinoamericanos de UNO (OLLAS).<\/p>\n<p>Cuando declaraciones generales como las de Herbster no son cuestionadas, es mucho m\u00e1s probable que se conviertan en un tema de conversaci\u00f3n cuya legitimidad no sea preguntado por los votantes, dijo Benjam\u00edn-Alvarado.<\/p>\n<p>\u201cEsto es parte de una desinformaci\u00f3n intencional, una l\u00ednea de b\u00fasqueda de desinformaci\u00f3n que candidatos como \u00e9l tienen m\u00e1s probabilidades de seguir,\u201d dijo Benjam\u00edn-Alvarado. \u201c\u00bfEs ese el tipo de persona que queremos que dirija el Estado?\u201d.<\/p>\n<p>Benjam\u00edn-Alvarado no anticipa muchos cambios en la pol\u00edtica de inmigraci\u00f3n a nivel federal y estatal antes de las elecciones de mayo para gobernador, a pesar de que las encuestas p\u00fablicas sugirieron que el pa\u00eds deber\u00eda tener una reforma migratoria integral.<\/p>\n<p>\u201cNo es la colina en la que nadie quiere morir\u201d, dijo. \u201cTodo el mundo se siente demasiado c\u00f3modo haciendo dinero que se obtiene de la mano de obra inmigrante con poco cuidado de los derechos y el bienestar de los propios inmigrantes \u201c.<\/p>\n<p>Entonces, \u00bfsuceder\u00e1 la reforma migratoria en 2022? Una cosa es segura para muchos miembros de la comunidad: Las decisiones de pol\u00edtica tienen un impacto directo en la vida de todos los habitantes de Nebraska, y la acci\u00f3n es desde hace mucho tiempo.<\/p>\n","protected":false},"excerpt":{"rendered":"<p>Foto por Bridget Fogarty. El sistema de inmigraci\u00f3n de los EEUU puede ser dif\u00edcil de comprender y un tanto abrumador, especialmente cuando se mira un poco el \u00faltimo a\u00f1o a las acciones a nivel estatal y federal. Las pol\u00edticas de inmigraci\u00f3n tienen un impacto real a nivel local en Omaha, ya que en 2019 las [&hellip;]<\/p>\n","protected":false},"author":1,"featured_media":53,"comment_status":"open","ping_status":"closed","sticky":false,"template":"","format":"standard","meta":{"newspack_ads_suppress_ads":false,"_newspack_byline_active":false,"_newspack_byline":"","newspack_hide_updated_date":false,"newspack_show_updated_date":false,"newspack_content_restriction_is_exempt":false,"newspack_featured_image_position":"","newspack_post_subtitle":"","newspack_article_summary_title":"Overview:","newspack_article_summary":"","footnotes":""},"categories":[40,1226],"tags":[592,204,244,593,594],"newspack_spnsrs_tax":[],"coauthors":[1233],"class_list":["post-33","post","type-post","status-publish","format-standard","has-post-thumbnail","hentry","category-inmigracion","category-sin-categorizar","tag-benjamin-alvarado","tag-inmigracion","tag-inmigrantes","tag-omaha-inmigrante","tag-reforma-migratoria","entry"],"yoast_head":"<!-- This site is optimized with the Yoast SEO plugin v27.5 - https:\/\/yoast.com\/product\/yoast-seo-wordpress\/ -->\n<title>\u00bfVa una reforma migratoria en 2022? - el perico<\/title>\n<meta name=\"robots\" content=\"index, follow, max-snippet:-1, max-image-preview:large, max-video-preview:-1\" \/>\n<link rel=\"canonical\" href=\"https:\/\/el-perico.com\/es\/va-una-reforma-migratoria-en-2022\/\" \/>\n<meta property=\"og:locale\" content=\"es_ES\" \/>\n<meta property=\"og:type\" content=\"article\" \/>\n<meta property=\"og:title\" content=\"\u00bfVa una reforma migratoria en 2022? - el perico\" \/>\n<meta property=\"og:description\" content=\"Foto por Bridget Fogarty. El sistema de inmigraci\u00f3n de los EEUU puede ser dif\u00edcil de comprender y un tanto abrumador, especialmente cuando se mira un poco el \u00faltimo a\u00f1o a las acciones a nivel estatal y federal. Las pol\u00edticas de inmigraci\u00f3n tienen un impacto real a nivel local en Omaha, ya que en 2019 las [&hellip;]\" \/>\n<meta property=\"og:url\" content=\"https:\/\/el-perico.com\/es\/va-una-reforma-migratoria-en-2022\/\" \/>\n<meta property=\"og:site_name\" content=\"el perico\" \/>\n<meta property=\"article:publisher\" content=\"https:\/\/www.facebook.com\/elpericoomaha\" \/>\n<meta property=\"article:published_time\" content=\"2022-01-21T13:00:00+00:00\" \/>\n<meta property=\"article:modified_time\" content=\"2022-02-23T16:19:47+00:00\" \/>\n<meta property=\"og:image\" content=\"https:\/\/el-perico.com\/wp-content\/uploads\/2022\/01\/05E5B17C-629B-4A58-ABEE-6E3A5AC78318-scaled-1.jpeg\" \/>\n\t<meta property=\"og:image:width\" content=\"2560\" \/>\n\t<meta property=\"og:image:height\" content=\"1706\" \/>\n\t<meta property=\"og:image:type\" content=\"image\/jpeg\" \/>\n<meta name=\"author\" content=\"El Perico Staff\" \/>\n<meta name=\"twitter:card\" content=\"summary_large_image\" \/>\n<meta name=\"twitter:label1\" content=\"Escrito por\" \/>\n\t<meta name=\"twitter:data1\" content=\"El Perico Staff\" \/>\n\t<meta name=\"twitter:label2\" content=\"Tiempo de lectura\" \/>\n\t<meta name=\"twitter:data2\" content=\"8 minutos\" \/>\n\t<meta name=\"twitter:label3\" content=\"Written by\" \/>\n\t<meta name=\"twitter:data3\" content=\"El Perico Staff\" \/>\n<script type=\"application\/ld+json\" class=\"yoast-schema-graph\">{\"@context\":\"https:\\\/\\\/schema.org\",\"@graph\":[{\"@type\":\"Article\",\"@id\":\"https:\\\/\\\/el-perico.com\\\/es\\\/va-una-reforma-migratoria-en-2022\\\/#article\",\"isPartOf\":{\"@id\":\"https:\\\/\\\/el-perico.com\\\/es\\\/va-una-reforma-migratoria-en-2022\\\/\"},\"author\":{\"name\":\"El Perico Staff\",\"@id\":\"https:\\\/\\\/el-perico.com\\\/es\\\/#\\\/schema\\\/person\\\/1956e5e63b94d4bd0daf30675bdf4a93\"},\"headline\":\"\u00bfVa una reforma migratoria en 2022?\",\"datePublished\":\"2022-01-21T13:00:00+00:00\",\"dateModified\":\"2022-02-23T16:19:47+00:00\",\"mainEntityOfPage\":{\"@id\":\"https:\\\/\\\/el-perico.com\\\/es\\\/va-una-reforma-migratoria-en-2022\\\/\"},\"wordCount\":1742,\"commentCount\":0,\"publisher\":{\"@id\":\"https:\\\/\\\/el-perico.com\\\/es\\\/#organization\"},\"image\":{\"@id\":\"https:\\\/\\\/el-perico.com\\\/es\\\/va-una-reforma-migratoria-en-2022\\\/#primaryimage\"},\"thumbnailUrl\":\"https:\\\/\\\/el-perico.com\\\/wp-content\\\/uploads\\\/2022\\\/01\\\/05E5B17C-629B-4A58-ABEE-6E3A5AC78318-scaled-1.jpeg\",\"keywords\":[\"Benjam\u00edn-Alvarado\",\"inmigraci\u00f3n\",\"inmigrantes\",\"Omaha inmigrante\",\"reforma migratoria\"],\"articleSection\":[\"Inmigracion\",\"Sin categorizar\"],\"inLanguage\":\"es\",\"potentialAction\":[{\"@type\":\"CommentAction\",\"name\":\"Comment\",\"target\":[\"https:\\\/\\\/el-perico.com\\\/es\\\/va-una-reforma-migratoria-en-2022\\\/#respond\"]}]},{\"@type\":\"WebPage\",\"@id\":\"https:\\\/\\\/el-perico.com\\\/es\\\/va-una-reforma-migratoria-en-2022\\\/\",\"url\":\"https:\\\/\\\/el-perico.com\\\/es\\\/va-una-reforma-migratoria-en-2022\\\/\",\"name\":\"\u00bfVa una reforma migratoria en 2022? - el perico\",\"isPartOf\":{\"@id\":\"https:\\\/\\\/el-perico.com\\\/es\\\/#website\"},\"primaryImageOfPage\":{\"@id\":\"https:\\\/\\\/el-perico.com\\\/es\\\/va-una-reforma-migratoria-en-2022\\\/#primaryimage\"},\"image\":{\"@id\":\"https:\\\/\\\/el-perico.com\\\/es\\\/va-una-reforma-migratoria-en-2022\\\/#primaryimage\"},\"thumbnailUrl\":\"https:\\\/\\\/el-perico.com\\\/wp-content\\\/uploads\\\/2022\\\/01\\\/05E5B17C-629B-4A58-ABEE-6E3A5AC78318-scaled-1.jpeg\",\"datePublished\":\"2022-01-21T13:00:00+00:00\",\"dateModified\":\"2022-02-23T16:19:47+00:00\",\"breadcrumb\":{\"@id\":\"https:\\\/\\\/el-perico.com\\\/es\\\/va-una-reforma-migratoria-en-2022\\\/#breadcrumb\"},\"inLanguage\":\"es\",\"potentialAction\":[{\"@type\":\"ReadAction\",\"target\":[\"https:\\\/\\\/el-perico.com\\\/es\\\/va-una-reforma-migratoria-en-2022\\\/\"]}]},{\"@type\":\"ImageObject\",\"inLanguage\":\"es\",\"@id\":\"https:\\\/\\\/el-perico.com\\\/es\\\/va-una-reforma-migratoria-en-2022\\\/#primaryimage\",\"url\":\"https:\\\/\\\/el-perico.com\\\/wp-content\\\/uploads\\\/2022\\\/01\\\/05E5B17C-629B-4A58-ABEE-6E3A5AC78318-scaled-1.jpeg\",\"contentUrl\":\"https:\\\/\\\/el-perico.com\\\/wp-content\\\/uploads\\\/2022\\\/01\\\/05E5B17C-629B-4A58-ABEE-6E3A5AC78318-scaled-1.jpeg\",\"width\":2560,\"height\":1706},{\"@type\":\"BreadcrumbList\",\"@id\":\"https:\\\/\\\/el-perico.com\\\/es\\\/va-una-reforma-migratoria-en-2022\\\/#breadcrumb\",\"itemListElement\":[{\"@type\":\"ListItem\",\"position\":1,\"name\":\"Home\",\"item\":\"https:\\\/\\\/el-perico.com\\\/es\\\/\"},{\"@type\":\"ListItem\",\"position\":2,\"name\":\"\u00bfVa una reforma migratoria en 2022?\"}]},{\"@type\":\"WebSite\",\"@id\":\"https:\\\/\\\/el-perico.com\\\/es\\\/#website\",\"url\":\"https:\\\/\\\/el-perico.com\\\/es\\\/\",\"name\":\"el perico\",\"description\":\"La plataforma original de noticias e informaci\u00f3n para la comunidad hispana de Omaha\",\"publisher\":{\"@id\":\"https:\\\/\\\/el-perico.com\\\/es\\\/#organization\"},\"potentialAction\":[{\"@type\":\"SearchAction\",\"target\":{\"@type\":\"EntryPoint\",\"urlTemplate\":\"https:\\\/\\\/el-perico.com\\\/es\\\/?s={search_term_string}\"},\"query-input\":{\"@type\":\"PropertyValueSpecification\",\"valueRequired\":true,\"valueName\":\"search_term_string\"}}],\"inLanguage\":\"es\"},{\"@type\":\"Organization\",\"@id\":\"https:\\\/\\\/el-perico.com\\\/es\\\/#organization\",\"name\":\"el perico\",\"url\":\"https:\\\/\\\/el-perico.com\\\/es\\\/\",\"logo\":{\"@type\":\"ImageObject\",\"inLanguage\":\"es\",\"@id\":\"https:\\\/\\\/el-perico.com\\\/es\\\/#\\\/schema\\\/logo\\\/image\\\/\",\"url\":\"https:\\\/\\\/el-perico.com\\\/wp-content\\\/uploads\\\/2024\\\/05\\\/ElPerico-Logo_NPM-1-e1717102187440.png\",\"contentUrl\":\"https:\\\/\\\/el-perico.com\\\/wp-content\\\/uploads\\\/2024\\\/05\\\/ElPerico-Logo_NPM-1-e1717102187440.png\",\"width\":648,\"height\":216,\"caption\":\"el perico\"},\"image\":{\"@id\":\"https:\\\/\\\/el-perico.com\\\/es\\\/#\\\/schema\\\/logo\\\/image\\\/\"},\"sameAs\":[\"https:\\\/\\\/www.facebook.com\\\/elpericoomaha\"]},{\"@type\":\"Person\",\"@id\":\"https:\\\/\\\/el-perico.com\\\/es\\\/#\\\/schema\\\/person\\\/1956e5e63b94d4bd0daf30675bdf4a93\",\"name\":\"El Perico Staff\",\"image\":{\"@type\":\"ImageObject\",\"inLanguage\":\"es\",\"@id\":\"https:\\\/\\\/secure.gravatar.com\\\/avatar\\\/701b23c665bfde9fd4d874d31feb4c16bf2ac173b2b0b7224dc39896d4cfc381?s=96&d=mm&r=g80b2efc5844e688a6ffb9340c789e4c4\",\"url\":\"https:\\\/\\\/secure.gravatar.com\\\/avatar\\\/701b23c665bfde9fd4d874d31feb4c16bf2ac173b2b0b7224dc39896d4cfc381?s=96&d=mm&r=g\",\"contentUrl\":\"https:\\\/\\\/secure.gravatar.com\\\/avatar\\\/701b23c665bfde9fd4d874d31feb4c16bf2ac173b2b0b7224dc39896d4cfc381?s=96&d=mm&r=g\",\"caption\":\"El Perico Staff\"},\"sameAs\":[\"https:\\\/\\\/el-perico.com\"],\"url\":\"https:\\\/\\\/el-perico.com\\\/es\\\/author\\\/af6f1d62_admin\\\/\"}]}<\/script>\n<!-- \/ Yoast SEO plugin. -->","yoast_head_json":{"title":"\u00bfVa una reforma migratoria en 2022? - el perico","robots":{"index":"index","follow":"follow","max-snippet":"max-snippet:-1","max-image-preview":"max-image-preview:large","max-video-preview":"max-video-preview:-1"},"canonical":"https:\/\/el-perico.com\/es\/va-una-reforma-migratoria-en-2022\/","og_locale":"es_ES","og_type":"article","og_title":"\u00bfVa una reforma migratoria en 2022? - el perico","og_description":"Foto por Bridget Fogarty. El sistema de inmigraci\u00f3n de los EEUU puede ser dif\u00edcil de comprender y un tanto abrumador, especialmente cuando se mira un poco el \u00faltimo a\u00f1o a las acciones a nivel estatal y federal. Las pol\u00edticas de inmigraci\u00f3n tienen un impacto real a nivel local en Omaha, ya que en 2019 las [&hellip;]","og_url":"https:\/\/el-perico.com\/es\/va-una-reforma-migratoria-en-2022\/","og_site_name":"el perico","article_publisher":"https:\/\/www.facebook.com\/elpericoomaha","article_published_time":"2022-01-21T13:00:00+00:00","article_modified_time":"2022-02-23T16:19:47+00:00","og_image":[{"width":2560,"height":1706,"url":"https:\/\/el-perico.com\/wp-content\/uploads\/2022\/01\/05E5B17C-629B-4A58-ABEE-6E3A5AC78318-scaled-1.jpeg","type":"image\/jpeg"}],"author":"El Perico Staff","twitter_card":"summary_large_image","twitter_misc":{"Escrito por":"El Perico Staff","Tiempo de lectura":"8 minutos","Written by":"El Perico Staff"},"schema":{"@context":"https:\/\/schema.org","@graph":[{"@type":"Article","@id":"https:\/\/el-perico.com\/es\/va-una-reforma-migratoria-en-2022\/#article","isPartOf":{"@id":"https:\/\/el-perico.com\/es\/va-una-reforma-migratoria-en-2022\/"},"author":{"name":"El Perico Staff","@id":"https:\/\/el-perico.com\/es\/#\/schema\/person\/1956e5e63b94d4bd0daf30675bdf4a93"},"headline":"\u00bfVa una reforma migratoria en 2022?","datePublished":"2022-01-21T13:00:00+00:00","dateModified":"2022-02-23T16:19:47+00:00","mainEntityOfPage":{"@id":"https:\/\/el-perico.com\/es\/va-una-reforma-migratoria-en-2022\/"},"wordCount":1742,"commentCount":0,"publisher":{"@id":"https:\/\/el-perico.com\/es\/#organization"},"image":{"@id":"https:\/\/el-perico.com\/es\/va-una-reforma-migratoria-en-2022\/#primaryimage"},"thumbnailUrl":"https:\/\/el-perico.com\/wp-content\/uploads\/2022\/01\/05E5B17C-629B-4A58-ABEE-6E3A5AC78318-scaled-1.jpeg","keywords":["Benjam\u00edn-Alvarado","inmigraci\u00f3n","inmigrantes","Omaha inmigrante","reforma migratoria"],"articleSection":["Inmigracion","Sin categorizar"],"inLanguage":"es","potentialAction":[{"@type":"CommentAction","name":"Comment","target":["https:\/\/el-perico.com\/es\/va-una-reforma-migratoria-en-2022\/#respond"]}]},{"@type":"WebPage","@id":"https:\/\/el-perico.com\/es\/va-una-reforma-migratoria-en-2022\/","url":"https:\/\/el-perico.com\/es\/va-una-reforma-migratoria-en-2022\/","name":"\u00bfVa una reforma migratoria en 2022? - el perico","isPartOf":{"@id":"https:\/\/el-perico.com\/es\/#website"},"primaryImageOfPage":{"@id":"https:\/\/el-perico.com\/es\/va-una-reforma-migratoria-en-2022\/#primaryimage"},"image":{"@id":"https:\/\/el-perico.com\/es\/va-una-reforma-migratoria-en-2022\/#primaryimage"},"thumbnailUrl":"https:\/\/el-perico.com\/wp-content\/uploads\/2022\/01\/05E5B17C-629B-4A58-ABEE-6E3A5AC78318-scaled-1.jpeg","datePublished":"2022-01-21T13:00:00+00:00","dateModified":"2022-02-23T16:19:47+00:00","breadcrumb":{"@id":"https:\/\/el-perico.com\/es\/va-una-reforma-migratoria-en-2022\/#breadcrumb"},"inLanguage":"es","potentialAction":[{"@type":"ReadAction","target":["https:\/\/el-perico.com\/es\/va-una-reforma-migratoria-en-2022\/"]}]},{"@type":"ImageObject","inLanguage":"es","@id":"https:\/\/el-perico.com\/es\/va-una-reforma-migratoria-en-2022\/#primaryimage","url":"https:\/\/el-perico.com\/wp-content\/uploads\/2022\/01\/05E5B17C-629B-4A58-ABEE-6E3A5AC78318-scaled-1.jpeg","contentUrl":"https:\/\/el-perico.com\/wp-content\/uploads\/2022\/01\/05E5B17C-629B-4A58-ABEE-6E3A5AC78318-scaled-1.jpeg","width":2560,"height":1706},{"@type":"BreadcrumbList","@id":"https:\/\/el-perico.com\/es\/va-una-reforma-migratoria-en-2022\/#breadcrumb","itemListElement":[{"@type":"ListItem","position":1,"name":"Home","item":"https:\/\/el-perico.com\/es\/"},{"@type":"ListItem","position":2,"name":"\u00bfVa una reforma migratoria en 2022?"}]},{"@type":"WebSite","@id":"https:\/\/el-perico.com\/es\/#website","url":"https:\/\/el-perico.com\/es\/","name":"el perico","description":"La plataforma original de noticias e informaci\u00f3n para la comunidad hispana de Omaha","publisher":{"@id":"https:\/\/el-perico.com\/es\/#organization"},"potentialAction":[{"@type":"SearchAction","target":{"@type":"EntryPoint","urlTemplate":"https:\/\/el-perico.com\/es\/?s={search_term_string}"},"query-input":{"@type":"PropertyValueSpecification","valueRequired":true,"valueName":"search_term_string"}}],"inLanguage":"es"},{"@type":"Organization","@id":"https:\/\/el-perico.com\/es\/#organization","name":"el perico","url":"https:\/\/el-perico.com\/es\/","logo":{"@type":"ImageObject","inLanguage":"es","@id":"https:\/\/el-perico.com\/es\/#\/schema\/logo\/image\/","url":"https:\/\/el-perico.com\/wp-content\/uploads\/2024\/05\/ElPerico-Logo_NPM-1-e1717102187440.png","contentUrl":"https:\/\/el-perico.com\/wp-content\/uploads\/2024\/05\/ElPerico-Logo_NPM-1-e1717102187440.png","width":648,"height":216,"caption":"el perico"},"image":{"@id":"https:\/\/el-perico.com\/es\/#\/schema\/logo\/image\/"},"sameAs":["https:\/\/www.facebook.com\/elpericoomaha"]},{"@type":"Person","@id":"https:\/\/el-perico.com\/es\/#\/schema\/person\/1956e5e63b94d4bd0daf30675bdf4a93","name":"El Perico Staff","image":{"@type":"ImageObject","inLanguage":"es","@id":"https:\/\/secure.gravatar.com\/avatar\/701b23c665bfde9fd4d874d31feb4c16bf2ac173b2b0b7224dc39896d4cfc381?s=96&d=mm&r=g80b2efc5844e688a6ffb9340c789e4c4","url":"https:\/\/secure.gravatar.com\/avatar\/701b23c665bfde9fd4d874d31feb4c16bf2ac173b2b0b7224dc39896d4cfc381?s=96&d=mm&r=g","contentUrl":"https:\/\/secure.gravatar.com\/avatar\/701b23c665bfde9fd4d874d31feb4c16bf2ac173b2b0b7224dc39896d4cfc381?s=96&d=mm&r=g","caption":"El Perico Staff"},"sameAs":["https:\/\/el-perico.com"],"url":"https:\/\/el-perico.com\/es\/author\/af6f1d62_admin\/"}]}},"_links":{"self":[{"href":"https:\/\/el-perico.com\/es\/wp-json\/wp\/v2\/posts\/33","targetHints":{"allow":["GET"]}}],"collection":[{"href":"https:\/\/el-perico.com\/es\/wp-json\/wp\/v2\/posts"}],"about":[{"href":"https:\/\/el-perico.com\/es\/wp-json\/wp\/v2\/types\/post"}],"author":[{"embeddable":true,"href":"https:\/\/el-perico.com\/es\/wp-json\/wp\/v2\/users\/1"}],"replies":[{"embeddable":true,"href":"https:\/\/el-perico.com\/es\/wp-json\/wp\/v2\/comments?post=33"}],"version-history":[{"count":1,"href":"https:\/\/el-perico.com\/es\/wp-json\/wp\/v2\/posts\/33\/revisions"}],"predecessor-version":[{"id":5708,"href":"https:\/\/el-perico.com\/es\/wp-json\/wp\/v2\/posts\/33\/revisions\/5708"}],"wp:featuredmedia":[{"embeddable":true,"href":"https:\/\/el-perico.com\/es\/wp-json\/wp\/v2\/media\/53"}],"wp:attachment":[{"href":"https:\/\/el-perico.com\/es\/wp-json\/wp\/v2\/media?parent=33"}],"wp:term":[{"taxonomy":"category","embeddable":true,"href":"https:\/\/el-perico.com\/es\/wp-json\/wp\/v2\/categories?post=33"},{"taxonomy":"post_tag","embeddable":true,"href":"https:\/\/el-perico.com\/es\/wp-json\/wp\/v2\/tags?post=33"},{"taxonomy":"newspack_spnsrs_tax","embeddable":true,"href":"https:\/\/el-perico.com\/es\/wp-json\/wp\/v2\/newspack_spnsrs_tax?post=33"},{"taxonomy":"author","embeddable":true,"href":"https:\/\/el-perico.com\/es\/wp-json\/wp\/v2\/coauthors?post=33"}],"curies":[{"name":"wp","href":"https:\/\/api.w.org\/{rel}","templated":true}]}}