{"id":3298,"date":"2020-04-08T00:46:24","date_gmt":"2020-04-08T05:46:24","guid":{"rendered":"https:\/\/el-perico.com\/?p=3298"},"modified":"2020-04-08T00:46:24","modified_gmt":"2020-04-08T05:46:24","slug":"diva-mejias-a-la-cabeza-de-la-camara-de-comercio-hispana-de-nebraska","status":"publish","type":"post","link":"https:\/\/el-perico.com\/es\/diva-mejias-a-la-cabeza-de-la-camara-de-comercio-hispana-de-nebraska\/","title":{"rendered":"Diva Mej\u00edas a la cabeza de la C\u00e1mara de Comercio Hispana de Nebraska"},"content":{"rendered":"<p><img loading=\"lazy\" decoding=\"async\" class=\"wp-image-3299 alignleft\" src=\"https:\/\/el-perico.com\/wp-content\/uploads\/2020\/04\/Hispanic.jpeg\" alt=\"\" width=\"291\" height=\"291\" \/><br \/>\nLa Junta Directiva de la C\u00e1mara de Comercio Hispana de Nebraska (CCHN) nombr\u00f3 a Diva R Mejias como presidenta interina, cargo presidido por Yesenia Pecks, y estar\u00e1 hasta el a\u00f1o 2021, se\u00f1ala un bolet\u00edn de la instituci\u00f3n.<br \/>\nCon 40 a\u00f1os de experiencia en contabilidad y finanzas coorporativa, Mejias velar\u00e1 por mantener el liderazgo y desarrollo econ\u00f3mico de las empresas hispanas y latinas en Nebraska, reza la misi\u00f3n de la <a href=\"https:\/\/nebraskahispanicchamber.org\/about\/\">organizaci\u00f3n empresarial.\u00a0<\/a><br \/>\nDiva es oriunda de Nueva York, obtuvo la licenciatura en Contabilidad en la Universidad de St. Peters en Jersey City, estado de Nueva Jersey. Luego consigui\u00f3 una maestr\u00eda en Administraci\u00f3n de Empresas en la Universidad de Bellevue, Nebraska. Actualmente es propietaria y presidenta de su propia empresa DM Financial Services, Inc, especializada en seguros de propiedad, accidentes, vida y salud.<br \/>\nElla a menudo ofrece orientaci\u00f3n financiera a organizaciones sin fines de lucro. Actualmente es miembro de la Junta Directiva de la Universidad de Bellevue, tesorera de la organizaci\u00f3n <a href=\"https:\/\/www.womenonamissionomaha.org\">Mujeres en una Misi\u00f3n para el Cambio <\/a> y es presidenta de\u00a0 <a href=\"http:\/\/latinasunidasonline.com\/?p=147\">Latinas Unidas de Omaha<\/a>.<br \/>\n<figure id=\"attachment_3300\" aria-describedby=\"caption-attachment-3300\" style=\"width: 214px\" class=\"wp-caption alignright\"><img loading=\"lazy\" decoding=\"async\" class=\"wp-image-3300\" src=\"https:\/\/el-perico.com\/wp-content\/uploads\/2020\/04\/Divamejias.jpeg\" alt=\"\" width=\"214\" height=\"214\" \/><figcaption id=\"caption-attachment-3300\" class=\"wp-caption-text\"><em>Con su amplia experiencia financiera a Diva le apasiona ayudar a las organizaciones\u00a0<\/em><\/figcaption><\/figure><br \/>\nAnteriormente, Diva form\u00f3 parte de las Juntas del Fondo de Mujeres de Omaha, la Fundaci\u00f3n Metropolitan Community College, la Corporaci\u00f3n de Desarrollo Comunitario Latino de Midlands y el Centro de Negocios de Mujeres de Metro Omaha.<br \/>\nEn este sentido, su dedicaci\u00f3n y experiencia permitir\u00e1n que la C\u00e1mara Hispana de Nebraska y su Fundaci\u00f3n contin\u00faen satisfaciendo las necesidades de la comunidad a la que sirve.<\/p>\n<h3>CCHN: 15 a\u00f1os en vanguardia<\/h3>\n<p>El pasado 6 de marzo se celebr\u00f3 el 15 aniversario de la C\u00e1mara de Comercio Hispana de Nebraska, celebrada en la Universidad de Bellevue, y cont\u00f3 con la presencia del gobernador del estado de Nebraska Pete Ricketts.<br \/>\nEn el acto se le entregaron premios a las empresas precesidad por latinos de Nebraska. En su intervenci\u00f3n ante los asistentes, Ricketts reconoci\u00f3 el esfuerzo y el \u00e1rduo trabajo de la comunidad latina para mantener a flote sus negocios y ser parte importante de la econom\u00eda del estado.<br \/>\nTambi\u00e9n a ese evento asistieron otros dignatarios como el senador Anthony Vargas y la asesora del Condado de Douglas, Diane Battiato.<\/p>\n","protected":false},"excerpt":{"rendered":"<p>La Junta Directiva de la C\u00e1mara de Comercio Hispana de Nebraska (CCHN) nombr\u00f3 a Diva R Mejias como presidenta interina, cargo presidido por Yesenia Pecks, y estar\u00e1 hasta el a\u00f1o 2021, se\u00f1ala un bolet\u00edn de la instituci\u00f3n. Con 40 a\u00f1os de experiencia en contabilidad y finanzas coorporativa, Mejias velar\u00e1 por mantener el liderazgo y desarrollo [&hellip;]<\/p>\n","protected":false},"author":1,"featured_media":3299,"comment_status":"open","ping_status":"closed","sticky":false,"template":"","format":"standard","meta":{"newspack_ads_suppress_ads":false,"_newspack_byline_active":false,"_newspack_byline":"","newspack_hide_updated_date":false,"newspack_show_updated_date":false,"newspack_content_restriction_is_exempt":false,"newspack_featured_image_position":"","newspack_post_subtitle":"","newspack_article_summary_title":"Overview:","newspack_article_summary":"","footnotes":""},"categories":[39,42,46],"tags":[89,90,91,92,93,94,95,96,15,97],"newspack_spnsrs_tax":[],"coauthors":[],"class_list":["post-3298","post","type-post","status-publish","format-standard","has-post-thumbnail","hentry","category-comunidad","category-cultura","category-reportaje","tag-camara","tag-chamber","tag-comercio","tag-commerce","tag-diva","tag-hisoanic","tag-hispano","tag-mejias","tag-omaha-en","tag-president","entry"],"yoast_head":"<!-- This site is optimized with the Yoast SEO plugin v27.5 - https:\/\/yoast.com\/product\/yoast-seo-wordpress\/ -->\n<title>Diva Mej\u00edas a la cabeza de la C\u00e1mara de Comercio Hispana de Nebraska - el perico<\/title>\n<meta name=\"description\" content=\"Diva Mej\u00edas fue nombrada presidenta de la C\u00e1mara Hispana de Comercio de Nebraska. Mej\u00edas velara por mantener el liderazgo de empresas latinas en Nebraska\" \/>\n<meta name=\"robots\" content=\"index, follow, max-snippet:-1, max-image-preview:large, max-video-preview:-1\" \/>\n<link rel=\"canonical\" href=\"https:\/\/el-perico.com\/es\/diva-mejias-a-la-cabeza-de-la-camara-de-comercio-hispana-de-nebraska\/\" \/>\n<meta property=\"og:locale\" content=\"es_ES\" \/>\n<meta property=\"og:type\" content=\"article\" \/>\n<meta property=\"og:title\" content=\"Diva Mej\u00edas a la cabeza de la C\u00e1mara de Comercio Hispana de Nebraska - el perico\" \/>\n<meta property=\"og:description\" content=\"Diva Mej\u00edas fue nombrada presidenta de la C\u00e1mara Hispana de Comercio de Nebraska. Mej\u00edas velara por mantener el liderazgo de empresas latinas en Nebraska\" \/>\n<meta property=\"og:url\" content=\"https:\/\/el-perico.com\/es\/diva-mejias-a-la-cabeza-de-la-camara-de-comercio-hispana-de-nebraska\/\" \/>\n<meta property=\"og:site_name\" content=\"el perico\" \/>\n<meta property=\"article:publisher\" content=\"https:\/\/www.facebook.com\/elpericoomaha\" \/>\n<meta property=\"article:published_time\" content=\"2020-04-08T05:46:24+00:00\" \/>\n<meta name=\"author\" content=\"El Perico Staff\" \/>\n<meta name=\"twitter:card\" content=\"summary_large_image\" \/>\n<meta name=\"twitter:label1\" content=\"Escrito por\" \/>\n\t<meta name=\"twitter:data1\" content=\"El Perico Staff\" \/>\n\t<meta name=\"twitter:label2\" content=\"Tiempo de lectura\" \/>\n\t<meta name=\"twitter:data2\" content=\"2 minutos\" \/>\n\t<meta name=\"twitter:label3\" content=\"Written by\" \/>\n\t<meta name=\"twitter:data3\" content=\"El Perico Staff\" \/>\n<script type=\"application\/ld+json\" class=\"yoast-schema-graph\">{\"@context\":\"https:\\\/\\\/schema.org\",\"@graph\":[{\"@type\":\"Article\",\"@id\":\"https:\\\/\\\/el-perico.com\\\/es\\\/diva-mejias-a-la-cabeza-de-la-camara-de-comercio-hispana-de-nebraska\\\/#article\",\"isPartOf\":{\"@id\":\"https:\\\/\\\/el-perico.com\\\/es\\\/diva-mejias-a-la-cabeza-de-la-camara-de-comercio-hispana-de-nebraska\\\/\"},\"author\":{\"name\":\"El Perico Staff\",\"@id\":\"https:\\\/\\\/el-perico.com\\\/es\\\/#\\\/schema\\\/person\\\/1956e5e63b94d4bd0daf30675bdf4a93\"},\"headline\":\"Diva Mej\u00edas a la cabeza de la C\u00e1mara de Comercio Hispana de Nebraska\",\"datePublished\":\"2020-04-08T05:46:24+00:00\",\"mainEntityOfPage\":{\"@id\":\"https:\\\/\\\/el-perico.com\\\/es\\\/diva-mejias-a-la-cabeza-de-la-camara-de-comercio-hispana-de-nebraska\\\/\"},\"wordCount\":405,\"commentCount\":0,\"publisher\":{\"@id\":\"https:\\\/\\\/el-perico.com\\\/es\\\/#organization\"},\"image\":{\"@id\":\"https:\\\/\\\/el-perico.com\\\/es\\\/diva-mejias-a-la-cabeza-de-la-camara-de-comercio-hispana-de-nebraska\\\/#primaryimage\"},\"thumbnailUrl\":\"\",\"keywords\":[\"c\u00e1mara\",\"Chamber\",\"comercio\",\"commerce\",\"Diva\",\"hisoanic\",\"hispano\",\"Mej\u00edas\",\"omaha\",\"president\"],\"articleSection\":[\"Comunidad\",\"Cultura\",\"Reportaje\"],\"inLanguage\":\"es\",\"potentialAction\":[{\"@type\":\"CommentAction\",\"name\":\"Comment\",\"target\":[\"https:\\\/\\\/el-perico.com\\\/es\\\/diva-mejias-a-la-cabeza-de-la-camara-de-comercio-hispana-de-nebraska\\\/#respond\"]}]},{\"@type\":\"WebPage\",\"@id\":\"https:\\\/\\\/el-perico.com\\\/es\\\/diva-mejias-a-la-cabeza-de-la-camara-de-comercio-hispana-de-nebraska\\\/\",\"url\":\"https:\\\/\\\/el-perico.com\\\/es\\\/diva-mejias-a-la-cabeza-de-la-camara-de-comercio-hispana-de-nebraska\\\/\",\"name\":\"Diva Mej\u00edas a la cabeza de la C\u00e1mara de Comercio Hispana de Nebraska - el perico\",\"isPartOf\":{\"@id\":\"https:\\\/\\\/el-perico.com\\\/es\\\/#website\"},\"primaryImageOfPage\":{\"@id\":\"https:\\\/\\\/el-perico.com\\\/es\\\/diva-mejias-a-la-cabeza-de-la-camara-de-comercio-hispana-de-nebraska\\\/#primaryimage\"},\"image\":{\"@id\":\"https:\\\/\\\/el-perico.com\\\/es\\\/diva-mejias-a-la-cabeza-de-la-camara-de-comercio-hispana-de-nebraska\\\/#primaryimage\"},\"thumbnailUrl\":\"\",\"datePublished\":\"2020-04-08T05:46:24+00:00\",\"description\":\"Diva Mej\u00edas fue nombrada presidenta de la C\u00e1mara Hispana de Comercio de Nebraska. Mej\u00edas velara por mantener el liderazgo de empresas latinas en Nebraska\",\"breadcrumb\":{\"@id\":\"https:\\\/\\\/el-perico.com\\\/es\\\/diva-mejias-a-la-cabeza-de-la-camara-de-comercio-hispana-de-nebraska\\\/#breadcrumb\"},\"inLanguage\":\"es\",\"potentialAction\":[{\"@type\":\"ReadAction\",\"target\":[\"https:\\\/\\\/el-perico.com\\\/es\\\/diva-mejias-a-la-cabeza-de-la-camara-de-comercio-hispana-de-nebraska\\\/\"]}]},{\"@type\":\"ImageObject\",\"inLanguage\":\"es\",\"@id\":\"https:\\\/\\\/el-perico.com\\\/es\\\/diva-mejias-a-la-cabeza-de-la-camara-de-comercio-hispana-de-nebraska\\\/#primaryimage\",\"url\":\"\",\"contentUrl\":\"\"},{\"@type\":\"BreadcrumbList\",\"@id\":\"https:\\\/\\\/el-perico.com\\\/es\\\/diva-mejias-a-la-cabeza-de-la-camara-de-comercio-hispana-de-nebraska\\\/#breadcrumb\",\"itemListElement\":[{\"@type\":\"ListItem\",\"position\":1,\"name\":\"Home\",\"item\":\"https:\\\/\\\/el-perico.com\\\/es\\\/\"},{\"@type\":\"ListItem\",\"position\":2,\"name\":\"Diva Mej\u00edas a la cabeza de la C\u00e1mara de Comercio Hispana de Nebraska\"}]},{\"@type\":\"WebSite\",\"@id\":\"https:\\\/\\\/el-perico.com\\\/es\\\/#website\",\"url\":\"https:\\\/\\\/el-perico.com\\\/es\\\/\",\"name\":\"el perico\",\"description\":\"La plataforma original de noticias e informaci\u00f3n para la comunidad hispana de Omaha\",\"publisher\":{\"@id\":\"https:\\\/\\\/el-perico.com\\\/es\\\/#organization\"},\"potentialAction\":[{\"@type\":\"SearchAction\",\"target\":{\"@type\":\"EntryPoint\",\"urlTemplate\":\"https:\\\/\\\/el-perico.com\\\/es\\\/?s={search_term_string}\"},\"query-input\":{\"@type\":\"PropertyValueSpecification\",\"valueRequired\":true,\"valueName\":\"search_term_string\"}}],\"inLanguage\":\"es\"},{\"@type\":\"Organization\",\"@id\":\"https:\\\/\\\/el-perico.com\\\/es\\\/#organization\",\"name\":\"el perico\",\"url\":\"https:\\\/\\\/el-perico.com\\\/es\\\/\",\"logo\":{\"@type\":\"ImageObject\",\"inLanguage\":\"es\",\"@id\":\"https:\\\/\\\/el-perico.com\\\/es\\\/#\\\/schema\\\/logo\\\/image\\\/\",\"url\":\"https:\\\/\\\/el-perico.com\\\/wp-content\\\/uploads\\\/2024\\\/05\\\/ElPerico-Logo_NPM-1-e1717102187440.png\",\"contentUrl\":\"https:\\\/\\\/el-perico.com\\\/wp-content\\\/uploads\\\/2024\\\/05\\\/ElPerico-Logo_NPM-1-e1717102187440.png\",\"width\":648,\"height\":216,\"caption\":\"el perico\"},\"image\":{\"@id\":\"https:\\\/\\\/el-perico.com\\\/es\\\/#\\\/schema\\\/logo\\\/image\\\/\"},\"sameAs\":[\"https:\\\/\\\/www.facebook.com\\\/elpericoomaha\"]},{\"@type\":\"Person\",\"@id\":\"https:\\\/\\\/el-perico.com\\\/es\\\/#\\\/schema\\\/person\\\/1956e5e63b94d4bd0daf30675bdf4a93\",\"name\":\"El Perico Staff\",\"image\":{\"@type\":\"ImageObject\",\"inLanguage\":\"es\",\"@id\":\"https:\\\/\\\/secure.gravatar.com\\\/avatar\\\/701b23c665bfde9fd4d874d31feb4c16bf2ac173b2b0b7224dc39896d4cfc381?s=96&d=mm&r=g80b2efc5844e688a6ffb9340c789e4c4\",\"url\":\"https:\\\/\\\/secure.gravatar.com\\\/avatar\\\/701b23c665bfde9fd4d874d31feb4c16bf2ac173b2b0b7224dc39896d4cfc381?s=96&d=mm&r=g\",\"contentUrl\":\"https:\\\/\\\/secure.gravatar.com\\\/avatar\\\/701b23c665bfde9fd4d874d31feb4c16bf2ac173b2b0b7224dc39896d4cfc381?s=96&d=mm&r=g\",\"caption\":\"El Perico Staff\"},\"sameAs\":[\"https:\\\/\\\/el-perico.com\"],\"url\":\"https:\\\/\\\/el-perico.com\\\/es\\\/author\\\/af6f1d62_admin\\\/\"}]}<\/script>\n<!-- \/ Yoast SEO plugin. -->","yoast_head_json":{"title":"Diva Mej\u00edas a la cabeza de la C\u00e1mara de Comercio Hispana de Nebraska - el perico","description":"Diva Mej\u00edas fue nombrada presidenta de la C\u00e1mara Hispana de Comercio de Nebraska. Mej\u00edas velara por mantener el liderazgo de empresas latinas en Nebraska","robots":{"index":"index","follow":"follow","max-snippet":"max-snippet:-1","max-image-preview":"max-image-preview:large","max-video-preview":"max-video-preview:-1"},"canonical":"https:\/\/el-perico.com\/es\/diva-mejias-a-la-cabeza-de-la-camara-de-comercio-hispana-de-nebraska\/","og_locale":"es_ES","og_type":"article","og_title":"Diva Mej\u00edas a la cabeza de la C\u00e1mara de Comercio Hispana de Nebraska - el perico","og_description":"Diva Mej\u00edas fue nombrada presidenta de la C\u00e1mara Hispana de Comercio de Nebraska. Mej\u00edas velara por mantener el liderazgo de empresas latinas en Nebraska","og_url":"https:\/\/el-perico.com\/es\/diva-mejias-a-la-cabeza-de-la-camara-de-comercio-hispana-de-nebraska\/","og_site_name":"el perico","article_publisher":"https:\/\/www.facebook.com\/elpericoomaha","article_published_time":"2020-04-08T05:46:24+00:00","author":"El Perico Staff","twitter_card":"summary_large_image","twitter_misc":{"Escrito por":"El Perico Staff","Tiempo de lectura":"2 minutos","Written by":"El Perico Staff"},"schema":{"@context":"https:\/\/schema.org","@graph":[{"@type":"Article","@id":"https:\/\/el-perico.com\/es\/diva-mejias-a-la-cabeza-de-la-camara-de-comercio-hispana-de-nebraska\/#article","isPartOf":{"@id":"https:\/\/el-perico.com\/es\/diva-mejias-a-la-cabeza-de-la-camara-de-comercio-hispana-de-nebraska\/"},"author":{"name":"El Perico Staff","@id":"https:\/\/el-perico.com\/es\/#\/schema\/person\/1956e5e63b94d4bd0daf30675bdf4a93"},"headline":"Diva Mej\u00edas a la cabeza de la C\u00e1mara de Comercio Hispana de Nebraska","datePublished":"2020-04-08T05:46:24+00:00","mainEntityOfPage":{"@id":"https:\/\/el-perico.com\/es\/diva-mejias-a-la-cabeza-de-la-camara-de-comercio-hispana-de-nebraska\/"},"wordCount":405,"commentCount":0,"publisher":{"@id":"https:\/\/el-perico.com\/es\/#organization"},"image":{"@id":"https:\/\/el-perico.com\/es\/diva-mejias-a-la-cabeza-de-la-camara-de-comercio-hispana-de-nebraska\/#primaryimage"},"thumbnailUrl":"","keywords":["c\u00e1mara","Chamber","comercio","commerce","Diva","hisoanic","hispano","Mej\u00edas","omaha","president"],"articleSection":["Comunidad","Cultura","Reportaje"],"inLanguage":"es","potentialAction":[{"@type":"CommentAction","name":"Comment","target":["https:\/\/el-perico.com\/es\/diva-mejias-a-la-cabeza-de-la-camara-de-comercio-hispana-de-nebraska\/#respond"]}]},{"@type":"WebPage","@id":"https:\/\/el-perico.com\/es\/diva-mejias-a-la-cabeza-de-la-camara-de-comercio-hispana-de-nebraska\/","url":"https:\/\/el-perico.com\/es\/diva-mejias-a-la-cabeza-de-la-camara-de-comercio-hispana-de-nebraska\/","name":"Diva Mej\u00edas a la cabeza de la C\u00e1mara de Comercio Hispana de Nebraska - el perico","isPartOf":{"@id":"https:\/\/el-perico.com\/es\/#website"},"primaryImageOfPage":{"@id":"https:\/\/el-perico.com\/es\/diva-mejias-a-la-cabeza-de-la-camara-de-comercio-hispana-de-nebraska\/#primaryimage"},"image":{"@id":"https:\/\/el-perico.com\/es\/diva-mejias-a-la-cabeza-de-la-camara-de-comercio-hispana-de-nebraska\/#primaryimage"},"thumbnailUrl":"","datePublished":"2020-04-08T05:46:24+00:00","description":"Diva Mej\u00edas fue nombrada presidenta de la C\u00e1mara Hispana de Comercio de Nebraska. Mej\u00edas velara por mantener el liderazgo de empresas latinas en Nebraska","breadcrumb":{"@id":"https:\/\/el-perico.com\/es\/diva-mejias-a-la-cabeza-de-la-camara-de-comercio-hispana-de-nebraska\/#breadcrumb"},"inLanguage":"es","potentialAction":[{"@type":"ReadAction","target":["https:\/\/el-perico.com\/es\/diva-mejias-a-la-cabeza-de-la-camara-de-comercio-hispana-de-nebraska\/"]}]},{"@type":"ImageObject","inLanguage":"es","@id":"https:\/\/el-perico.com\/es\/diva-mejias-a-la-cabeza-de-la-camara-de-comercio-hispana-de-nebraska\/#primaryimage","url":"","contentUrl":""},{"@type":"BreadcrumbList","@id":"https:\/\/el-perico.com\/es\/diva-mejias-a-la-cabeza-de-la-camara-de-comercio-hispana-de-nebraska\/#breadcrumb","itemListElement":[{"@type":"ListItem","position":1,"name":"Home","item":"https:\/\/el-perico.com\/es\/"},{"@type":"ListItem","position":2,"name":"Diva Mej\u00edas a la cabeza de la C\u00e1mara de Comercio Hispana de Nebraska"}]},{"@type":"WebSite","@id":"https:\/\/el-perico.com\/es\/#website","url":"https:\/\/el-perico.com\/es\/","name":"el perico","description":"La plataforma original de noticias e informaci\u00f3n para la comunidad hispana de Omaha","publisher":{"@id":"https:\/\/el-perico.com\/es\/#organization"},"potentialAction":[{"@type":"SearchAction","target":{"@type":"EntryPoint","urlTemplate":"https:\/\/el-perico.com\/es\/?s={search_term_string}"},"query-input":{"@type":"PropertyValueSpecification","valueRequired":true,"valueName":"search_term_string"}}],"inLanguage":"es"},{"@type":"Organization","@id":"https:\/\/el-perico.com\/es\/#organization","name":"el perico","url":"https:\/\/el-perico.com\/es\/","logo":{"@type":"ImageObject","inLanguage":"es","@id":"https:\/\/el-perico.com\/es\/#\/schema\/logo\/image\/","url":"https:\/\/el-perico.com\/wp-content\/uploads\/2024\/05\/ElPerico-Logo_NPM-1-e1717102187440.png","contentUrl":"https:\/\/el-perico.com\/wp-content\/uploads\/2024\/05\/ElPerico-Logo_NPM-1-e1717102187440.png","width":648,"height":216,"caption":"el perico"},"image":{"@id":"https:\/\/el-perico.com\/es\/#\/schema\/logo\/image\/"},"sameAs":["https:\/\/www.facebook.com\/elpericoomaha"]},{"@type":"Person","@id":"https:\/\/el-perico.com\/es\/#\/schema\/person\/1956e5e63b94d4bd0daf30675bdf4a93","name":"El Perico Staff","image":{"@type":"ImageObject","inLanguage":"es","@id":"https:\/\/secure.gravatar.com\/avatar\/701b23c665bfde9fd4d874d31feb4c16bf2ac173b2b0b7224dc39896d4cfc381?s=96&d=mm&r=g80b2efc5844e688a6ffb9340c789e4c4","url":"https:\/\/secure.gravatar.com\/avatar\/701b23c665bfde9fd4d874d31feb4c16bf2ac173b2b0b7224dc39896d4cfc381?s=96&d=mm&r=g","contentUrl":"https:\/\/secure.gravatar.com\/avatar\/701b23c665bfde9fd4d874d31feb4c16bf2ac173b2b0b7224dc39896d4cfc381?s=96&d=mm&r=g","caption":"El Perico Staff"},"sameAs":["https:\/\/el-perico.com"],"url":"https:\/\/el-perico.com\/es\/author\/af6f1d62_admin\/"}]}},"_links":{"self":[{"href":"https:\/\/el-perico.com\/es\/wp-json\/wp\/v2\/posts\/3298","targetHints":{"allow":["GET"]}}],"collection":[{"href":"https:\/\/el-perico.com\/es\/wp-json\/wp\/v2\/posts"}],"about":[{"href":"https:\/\/el-perico.com\/es\/wp-json\/wp\/v2\/types\/post"}],"author":[{"embeddable":true,"href":"https:\/\/el-perico.com\/es\/wp-json\/wp\/v2\/users\/1"}],"replies":[{"embeddable":true,"href":"https:\/\/el-perico.com\/es\/wp-json\/wp\/v2\/comments?post=3298"}],"version-history":[{"count":0,"href":"https:\/\/el-perico.com\/es\/wp-json\/wp\/v2\/posts\/3298\/revisions"}],"wp:featuredmedia":[{"embeddable":true,"href":"https:\/\/el-perico.com\/es\/wp-json\/"}],"wp:attachment":[{"href":"https:\/\/el-perico.com\/es\/wp-json\/wp\/v2\/media?parent=3298"}],"wp:term":[{"taxonomy":"category","embeddable":true,"href":"https:\/\/el-perico.com\/es\/wp-json\/wp\/v2\/categories?post=3298"},{"taxonomy":"post_tag","embeddable":true,"href":"https:\/\/el-perico.com\/es\/wp-json\/wp\/v2\/tags?post=3298"},{"taxonomy":"newspack_spnsrs_tax","embeddable":true,"href":"https:\/\/el-perico.com\/es\/wp-json\/wp\/v2\/newspack_spnsrs_tax?post=3298"},{"taxonomy":"author","embeddable":true,"href":"https:\/\/el-perico.com\/es\/wp-json\/wp\/v2\/coauthors?post=3298"}],"curies":[{"name":"wp","href":"https:\/\/api.w.org\/{rel}","templated":true}]}}