{"id":3166,"date":"2020-04-02T23:52:21","date_gmt":"2020-04-02T23:52:21","guid":{"rendered":"https:\/\/el-perico.com\/?p=3166"},"modified":"2020-04-02T23:52:21","modified_gmt":"2020-04-02T23:52:21","slug":"desempleo_omaha_reclamos_cifras","status":"publish","type":"post","link":"https:\/\/el-perico.com\/es\/desempleo_omaha_reclamos_cifras\/","title":{"rendered":"Reclamos por tasa de desempleo han alcanzado cifras hist\u00f3ricas"},"content":{"rendered":"<p><img loading=\"lazy\" decoding=\"async\" class=\"alignnone  wp-image-3168\" src=\"https:\/\/el-perico.com\/wp-content\/uploads\/2020\/04\/2_2_unemployment-graphic-2048x1406-1-300x206.png\" alt=\"\" width=\"744\" height=\"511\" \/>Despu\u00e9s de conocer que las cifras por solicitudes de desempleos aumentado de dr\u00e1sticamente la semana pasada, los n\u00fameros de ahora muestran que la tendencia contin\u00faa.<br \/>\nEn Estados Unidos, 6.6 millones de personas han solicitado los beneficios de desempleo, el doble del n\u00famero de la semana pasada. En Nebraska, m\u00e1s de 25.000 se han declarado de paro para solicitar la ayuda, con respecto a las 9.000 solicitudes de la semana pasada. El Departamento de Trabajo dijo que 40% de estas peticiones proven\u00edan de los ahora desempleados del servicio de alimentos, despedidos devino al cierre de los restaurantes, debido a las medidas tomadas para prevenir el contagio del Coronavirus.<br \/>\nEstos n\u00fameros, que son los m\u00e1s altos que haya reportado Estados Unidos, han escalaro cifras que ha sido dif\u00edcil c\u00f3mo reflejarlos.<br \/>\n<a href=\"https:\/\/twitter.com\/jbenton\/status\/1245696846753935360?s=20\"><img loading=\"lazy\" decoding=\"async\" class=\"alignnone wp-image-3167\" src=\"https:\/\/el-perico.com\/wp-content\/uploads\/2020\/04\/Captura-1-300x247.jpg\" alt=\"\" width=\"622\" height=\"512\" \/><\/a><br \/>\nSi est\u00e1s desempleado, puedes echar un vistazo a estos art\u00edculos de c\u00f3mo se distribuir\u00e1 <span style=\"color: #0000ff;\"><a style=\"color: #0000ff;\" href=\"https:\/\/el-perico.com\/es\/2020\/04\/02\/beneficio_desempleo_omaha_caes_covid-19\/\">los $2.2 trillones de la cuenta de est\u00edmulo del Gobierno<\/a><\/span>, o bien puedes leer otros sobre el<span style=\"color: #0000ff;\"><a style=\"color: #0000ff;\" href=\"https:\/\/el-perico.com\/es\/2020\/03\/20\/desempleado-omaha-la-crisis-de-covid-19-aqui-estan-los-beneficios-en-nebraska\/\"> desempleo<\/a> <\/span>y<a href=\"https:\/\/el-perico.com\/es\/2020\/03\/19\/covid-19-una-guia-de-recursos-en-omaha\/\"> algo m\u00e1s.<\/a><\/p>\n","protected":false},"excerpt":{"rendered":"<p>Despu\u00e9s de conocer que las cifras por solicitudes de desempleos aumentado de dr\u00e1sticamente la semana pasada, los n\u00fameros de ahora muestran que la tendencia contin\u00faa. En Estados Unidos, 6.6 millones de personas han solicitado los beneficios de desempleo, el doble del n\u00famero de la semana pasada. En Nebraska, m\u00e1s de 25.000 se han declarado de [&hellip;]<\/p>\n","protected":false},"author":1,"featured_media":3168,"comment_status":"open","ping_status":"closed","sticky":false,"template":"","format":"standard","meta":{"newspack_ads_suppress_ads":false,"_newspack_byline_active":false,"_newspack_byline":"","newspack_hide_updated_date":false,"newspack_show_updated_date":false,"newspack_content_restriction_is_exempt":false,"newspack_featured_image_position":"","newspack_post_subtitle":"","newspack_article_summary_title":"Overview:","newspack_article_summary":"","footnotes":""},"categories":[39,42,46],"tags":[],"newspack_spnsrs_tax":[],"coauthors":[],"class_list":["post-3166","post","type-post","status-publish","format-standard","has-post-thumbnail","hentry","category-comunidad","category-cultura","category-reportaje","entry"],"yoast_head":"<!-- This site is optimized with the Yoast SEO plugin v27.5 - https:\/\/yoast.com\/product\/yoast-seo-wordpress\/ -->\n<title>Reclamos por tasa de desempleo han alcanzado cifras hist\u00f3ricas - el perico<\/title>\n<meta name=\"robots\" content=\"index, follow, max-snippet:-1, max-image-preview:large, max-video-preview:-1\" \/>\n<link rel=\"canonical\" href=\"https:\/\/el-perico.com\/es\/desempleo_omaha_reclamos_cifras\/\" \/>\n<meta property=\"og:locale\" content=\"es_ES\" \/>\n<meta property=\"og:type\" content=\"article\" \/>\n<meta property=\"og:title\" content=\"Reclamos por tasa de desempleo han alcanzado cifras hist\u00f3ricas - el perico\" \/>\n<meta property=\"og:description\" content=\"Despu\u00e9s de conocer que las cifras por solicitudes de desempleos aumentado de dr\u00e1sticamente la semana pasada, los n\u00fameros de ahora muestran que la tendencia contin\u00faa. En Estados Unidos, 6.6 millones de personas han solicitado los beneficios de desempleo, el doble del n\u00famero de la semana pasada. En Nebraska, m\u00e1s de 25.000 se han declarado de [&hellip;]\" \/>\n<meta property=\"og:url\" content=\"https:\/\/el-perico.com\/es\/desempleo_omaha_reclamos_cifras\/\" \/>\n<meta property=\"og:site_name\" content=\"el perico\" \/>\n<meta property=\"article:publisher\" content=\"https:\/\/www.facebook.com\/elpericoomaha\" \/>\n<meta property=\"article:published_time\" content=\"2020-04-02T23:52:21+00:00\" \/>\n<meta name=\"author\" content=\"El Perico Staff\" \/>\n<meta name=\"twitter:card\" content=\"summary_large_image\" \/>\n<meta name=\"twitter:label1\" content=\"Escrito por\" \/>\n\t<meta name=\"twitter:data1\" content=\"El Perico Staff\" \/>\n\t<meta name=\"twitter:label2\" content=\"Tiempo de lectura\" \/>\n\t<meta name=\"twitter:data2\" content=\"1 minuto\" \/>\n\t<meta name=\"twitter:label3\" content=\"Written by\" \/>\n\t<meta name=\"twitter:data3\" content=\"El Perico Staff\" \/>\n<script type=\"application\/ld+json\" class=\"yoast-schema-graph\">{\"@context\":\"https:\\\/\\\/schema.org\",\"@graph\":[{\"@type\":\"Article\",\"@id\":\"https:\\\/\\\/el-perico.com\\\/es\\\/desempleo_omaha_reclamos_cifras\\\/#article\",\"isPartOf\":{\"@id\":\"https:\\\/\\\/el-perico.com\\\/es\\\/desempleo_omaha_reclamos_cifras\\\/\"},\"author\":{\"name\":\"El Perico Staff\",\"@id\":\"https:\\\/\\\/el-perico.com\\\/es\\\/#\\\/schema\\\/person\\\/1956e5e63b94d4bd0daf30675bdf4a93\"},\"headline\":\"Reclamos por tasa de desempleo han alcanzado cifras hist\u00f3ricas\",\"datePublished\":\"2020-04-02T23:52:21+00:00\",\"mainEntityOfPage\":{\"@id\":\"https:\\\/\\\/el-perico.com\\\/es\\\/desempleo_omaha_reclamos_cifras\\\/\"},\"wordCount\":184,\"commentCount\":0,\"publisher\":{\"@id\":\"https:\\\/\\\/el-perico.com\\\/es\\\/#organization\"},\"image\":{\"@id\":\"https:\\\/\\\/el-perico.com\\\/es\\\/desempleo_omaha_reclamos_cifras\\\/#primaryimage\"},\"thumbnailUrl\":\"\",\"articleSection\":[\"Comunidad\",\"Cultura\",\"Reportaje\"],\"inLanguage\":\"es\",\"potentialAction\":[{\"@type\":\"CommentAction\",\"name\":\"Comment\",\"target\":[\"https:\\\/\\\/el-perico.com\\\/es\\\/desempleo_omaha_reclamos_cifras\\\/#respond\"]}]},{\"@type\":\"WebPage\",\"@id\":\"https:\\\/\\\/el-perico.com\\\/es\\\/desempleo_omaha_reclamos_cifras\\\/\",\"url\":\"https:\\\/\\\/el-perico.com\\\/es\\\/desempleo_omaha_reclamos_cifras\\\/\",\"name\":\"Reclamos por tasa de desempleo han alcanzado cifras hist\u00f3ricas - el perico\",\"isPartOf\":{\"@id\":\"https:\\\/\\\/el-perico.com\\\/es\\\/#website\"},\"primaryImageOfPage\":{\"@id\":\"https:\\\/\\\/el-perico.com\\\/es\\\/desempleo_omaha_reclamos_cifras\\\/#primaryimage\"},\"image\":{\"@id\":\"https:\\\/\\\/el-perico.com\\\/es\\\/desempleo_omaha_reclamos_cifras\\\/#primaryimage\"},\"thumbnailUrl\":\"\",\"datePublished\":\"2020-04-02T23:52:21+00:00\",\"breadcrumb\":{\"@id\":\"https:\\\/\\\/el-perico.com\\\/es\\\/desempleo_omaha_reclamos_cifras\\\/#breadcrumb\"},\"inLanguage\":\"es\",\"potentialAction\":[{\"@type\":\"ReadAction\",\"target\":[\"https:\\\/\\\/el-perico.com\\\/es\\\/desempleo_omaha_reclamos_cifras\\\/\"]}]},{\"@type\":\"ImageObject\",\"inLanguage\":\"es\",\"@id\":\"https:\\\/\\\/el-perico.com\\\/es\\\/desempleo_omaha_reclamos_cifras\\\/#primaryimage\",\"url\":\"\",\"contentUrl\":\"\"},{\"@type\":\"BreadcrumbList\",\"@id\":\"https:\\\/\\\/el-perico.com\\\/es\\\/desempleo_omaha_reclamos_cifras\\\/#breadcrumb\",\"itemListElement\":[{\"@type\":\"ListItem\",\"position\":1,\"name\":\"Home\",\"item\":\"https:\\\/\\\/el-perico.com\\\/es\\\/\"},{\"@type\":\"ListItem\",\"position\":2,\"name\":\"Reclamos por tasa de desempleo han alcanzado cifras hist\u00f3ricas\"}]},{\"@type\":\"WebSite\",\"@id\":\"https:\\\/\\\/el-perico.com\\\/es\\\/#website\",\"url\":\"https:\\\/\\\/el-perico.com\\\/es\\\/\",\"name\":\"el perico\",\"description\":\"La plataforma original de noticias e informaci\u00f3n para la comunidad hispana de Omaha\",\"publisher\":{\"@id\":\"https:\\\/\\\/el-perico.com\\\/es\\\/#organization\"},\"potentialAction\":[{\"@type\":\"SearchAction\",\"target\":{\"@type\":\"EntryPoint\",\"urlTemplate\":\"https:\\\/\\\/el-perico.com\\\/es\\\/?s={search_term_string}\"},\"query-input\":{\"@type\":\"PropertyValueSpecification\",\"valueRequired\":true,\"valueName\":\"search_term_string\"}}],\"inLanguage\":\"es\"},{\"@type\":\"Organization\",\"@id\":\"https:\\\/\\\/el-perico.com\\\/es\\\/#organization\",\"name\":\"el perico\",\"url\":\"https:\\\/\\\/el-perico.com\\\/es\\\/\",\"logo\":{\"@type\":\"ImageObject\",\"inLanguage\":\"es\",\"@id\":\"https:\\\/\\\/el-perico.com\\\/es\\\/#\\\/schema\\\/logo\\\/image\\\/\",\"url\":\"https:\\\/\\\/el-perico.com\\\/wp-content\\\/uploads\\\/2024\\\/05\\\/ElPerico-Logo_NPM-1-e1717102187440.png\",\"contentUrl\":\"https:\\\/\\\/el-perico.com\\\/wp-content\\\/uploads\\\/2024\\\/05\\\/ElPerico-Logo_NPM-1-e1717102187440.png\",\"width\":648,\"height\":216,\"caption\":\"el perico\"},\"image\":{\"@id\":\"https:\\\/\\\/el-perico.com\\\/es\\\/#\\\/schema\\\/logo\\\/image\\\/\"},\"sameAs\":[\"https:\\\/\\\/www.facebook.com\\\/elpericoomaha\"]},{\"@type\":\"Person\",\"@id\":\"https:\\\/\\\/el-perico.com\\\/es\\\/#\\\/schema\\\/person\\\/1956e5e63b94d4bd0daf30675bdf4a93\",\"name\":\"El Perico Staff\",\"image\":{\"@type\":\"ImageObject\",\"inLanguage\":\"es\",\"@id\":\"https:\\\/\\\/secure.gravatar.com\\\/avatar\\\/701b23c665bfde9fd4d874d31feb4c16bf2ac173b2b0b7224dc39896d4cfc381?s=96&d=mm&r=g80b2efc5844e688a6ffb9340c789e4c4\",\"url\":\"https:\\\/\\\/secure.gravatar.com\\\/avatar\\\/701b23c665bfde9fd4d874d31feb4c16bf2ac173b2b0b7224dc39896d4cfc381?s=96&d=mm&r=g\",\"contentUrl\":\"https:\\\/\\\/secure.gravatar.com\\\/avatar\\\/701b23c665bfde9fd4d874d31feb4c16bf2ac173b2b0b7224dc39896d4cfc381?s=96&d=mm&r=g\",\"caption\":\"El Perico Staff\"},\"sameAs\":[\"https:\\\/\\\/el-perico.com\"],\"url\":\"https:\\\/\\\/el-perico.com\\\/es\\\/author\\\/af6f1d62_admin\\\/\"}]}<\/script>\n<!-- \/ Yoast SEO plugin. -->","yoast_head_json":{"title":"Reclamos por tasa de desempleo han alcanzado cifras hist\u00f3ricas - el perico","robots":{"index":"index","follow":"follow","max-snippet":"max-snippet:-1","max-image-preview":"max-image-preview:large","max-video-preview":"max-video-preview:-1"},"canonical":"https:\/\/el-perico.com\/es\/desempleo_omaha_reclamos_cifras\/","og_locale":"es_ES","og_type":"article","og_title":"Reclamos por tasa de desempleo han alcanzado cifras hist\u00f3ricas - el perico","og_description":"Despu\u00e9s de conocer que las cifras por solicitudes de desempleos aumentado de dr\u00e1sticamente la semana pasada, los n\u00fameros de ahora muestran que la tendencia contin\u00faa. En Estados Unidos, 6.6 millones de personas han solicitado los beneficios de desempleo, el doble del n\u00famero de la semana pasada. En Nebraska, m\u00e1s de 25.000 se han declarado de [&hellip;]","og_url":"https:\/\/el-perico.com\/es\/desempleo_omaha_reclamos_cifras\/","og_site_name":"el perico","article_publisher":"https:\/\/www.facebook.com\/elpericoomaha","article_published_time":"2020-04-02T23:52:21+00:00","author":"El Perico Staff","twitter_card":"summary_large_image","twitter_misc":{"Escrito por":"El Perico Staff","Tiempo de lectura":"1 minuto","Written by":"El Perico Staff"},"schema":{"@context":"https:\/\/schema.org","@graph":[{"@type":"Article","@id":"https:\/\/el-perico.com\/es\/desempleo_omaha_reclamos_cifras\/#article","isPartOf":{"@id":"https:\/\/el-perico.com\/es\/desempleo_omaha_reclamos_cifras\/"},"author":{"name":"El Perico Staff","@id":"https:\/\/el-perico.com\/es\/#\/schema\/person\/1956e5e63b94d4bd0daf30675bdf4a93"},"headline":"Reclamos por tasa de desempleo han alcanzado cifras hist\u00f3ricas","datePublished":"2020-04-02T23:52:21+00:00","mainEntityOfPage":{"@id":"https:\/\/el-perico.com\/es\/desempleo_omaha_reclamos_cifras\/"},"wordCount":184,"commentCount":0,"publisher":{"@id":"https:\/\/el-perico.com\/es\/#organization"},"image":{"@id":"https:\/\/el-perico.com\/es\/desempleo_omaha_reclamos_cifras\/#primaryimage"},"thumbnailUrl":"","articleSection":["Comunidad","Cultura","Reportaje"],"inLanguage":"es","potentialAction":[{"@type":"CommentAction","name":"Comment","target":["https:\/\/el-perico.com\/es\/desempleo_omaha_reclamos_cifras\/#respond"]}]},{"@type":"WebPage","@id":"https:\/\/el-perico.com\/es\/desempleo_omaha_reclamos_cifras\/","url":"https:\/\/el-perico.com\/es\/desempleo_omaha_reclamos_cifras\/","name":"Reclamos por tasa de desempleo han alcanzado cifras hist\u00f3ricas - el perico","isPartOf":{"@id":"https:\/\/el-perico.com\/es\/#website"},"primaryImageOfPage":{"@id":"https:\/\/el-perico.com\/es\/desempleo_omaha_reclamos_cifras\/#primaryimage"},"image":{"@id":"https:\/\/el-perico.com\/es\/desempleo_omaha_reclamos_cifras\/#primaryimage"},"thumbnailUrl":"","datePublished":"2020-04-02T23:52:21+00:00","breadcrumb":{"@id":"https:\/\/el-perico.com\/es\/desempleo_omaha_reclamos_cifras\/#breadcrumb"},"inLanguage":"es","potentialAction":[{"@type":"ReadAction","target":["https:\/\/el-perico.com\/es\/desempleo_omaha_reclamos_cifras\/"]}]},{"@type":"ImageObject","inLanguage":"es","@id":"https:\/\/el-perico.com\/es\/desempleo_omaha_reclamos_cifras\/#primaryimage","url":"","contentUrl":""},{"@type":"BreadcrumbList","@id":"https:\/\/el-perico.com\/es\/desempleo_omaha_reclamos_cifras\/#breadcrumb","itemListElement":[{"@type":"ListItem","position":1,"name":"Home","item":"https:\/\/el-perico.com\/es\/"},{"@type":"ListItem","position":2,"name":"Reclamos por tasa de desempleo han alcanzado cifras hist\u00f3ricas"}]},{"@type":"WebSite","@id":"https:\/\/el-perico.com\/es\/#website","url":"https:\/\/el-perico.com\/es\/","name":"el perico","description":"La plataforma original de noticias e informaci\u00f3n para la comunidad hispana de Omaha","publisher":{"@id":"https:\/\/el-perico.com\/es\/#organization"},"potentialAction":[{"@type":"SearchAction","target":{"@type":"EntryPoint","urlTemplate":"https:\/\/el-perico.com\/es\/?s={search_term_string}"},"query-input":{"@type":"PropertyValueSpecification","valueRequired":true,"valueName":"search_term_string"}}],"inLanguage":"es"},{"@type":"Organization","@id":"https:\/\/el-perico.com\/es\/#organization","name":"el perico","url":"https:\/\/el-perico.com\/es\/","logo":{"@type":"ImageObject","inLanguage":"es","@id":"https:\/\/el-perico.com\/es\/#\/schema\/logo\/image\/","url":"https:\/\/el-perico.com\/wp-content\/uploads\/2024\/05\/ElPerico-Logo_NPM-1-e1717102187440.png","contentUrl":"https:\/\/el-perico.com\/wp-content\/uploads\/2024\/05\/ElPerico-Logo_NPM-1-e1717102187440.png","width":648,"height":216,"caption":"el perico"},"image":{"@id":"https:\/\/el-perico.com\/es\/#\/schema\/logo\/image\/"},"sameAs":["https:\/\/www.facebook.com\/elpericoomaha"]},{"@type":"Person","@id":"https:\/\/el-perico.com\/es\/#\/schema\/person\/1956e5e63b94d4bd0daf30675bdf4a93","name":"El Perico Staff","image":{"@type":"ImageObject","inLanguage":"es","@id":"https:\/\/secure.gravatar.com\/avatar\/701b23c665bfde9fd4d874d31feb4c16bf2ac173b2b0b7224dc39896d4cfc381?s=96&d=mm&r=g80b2efc5844e688a6ffb9340c789e4c4","url":"https:\/\/secure.gravatar.com\/avatar\/701b23c665bfde9fd4d874d31feb4c16bf2ac173b2b0b7224dc39896d4cfc381?s=96&d=mm&r=g","contentUrl":"https:\/\/secure.gravatar.com\/avatar\/701b23c665bfde9fd4d874d31feb4c16bf2ac173b2b0b7224dc39896d4cfc381?s=96&d=mm&r=g","caption":"El Perico Staff"},"sameAs":["https:\/\/el-perico.com"],"url":"https:\/\/el-perico.com\/es\/author\/af6f1d62_admin\/"}]}},"_links":{"self":[{"href":"https:\/\/el-perico.com\/es\/wp-json\/wp\/v2\/posts\/3166","targetHints":{"allow":["GET"]}}],"collection":[{"href":"https:\/\/el-perico.com\/es\/wp-json\/wp\/v2\/posts"}],"about":[{"href":"https:\/\/el-perico.com\/es\/wp-json\/wp\/v2\/types\/post"}],"author":[{"embeddable":true,"href":"https:\/\/el-perico.com\/es\/wp-json\/wp\/v2\/users\/1"}],"replies":[{"embeddable":true,"href":"https:\/\/el-perico.com\/es\/wp-json\/wp\/v2\/comments?post=3166"}],"version-history":[{"count":0,"href":"https:\/\/el-perico.com\/es\/wp-json\/wp\/v2\/posts\/3166\/revisions"}],"wp:featuredmedia":[{"embeddable":true,"href":"https:\/\/el-perico.com\/es\/wp-json\/"}],"wp:attachment":[{"href":"https:\/\/el-perico.com\/es\/wp-json\/wp\/v2\/media?parent=3166"}],"wp:term":[{"taxonomy":"category","embeddable":true,"href":"https:\/\/el-perico.com\/es\/wp-json\/wp\/v2\/categories?post=3166"},{"taxonomy":"post_tag","embeddable":true,"href":"https:\/\/el-perico.com\/es\/wp-json\/wp\/v2\/tags?post=3166"},{"taxonomy":"newspack_spnsrs_tax","embeddable":true,"href":"https:\/\/el-perico.com\/es\/wp-json\/wp\/v2\/newspack_spnsrs_tax?post=3166"},{"taxonomy":"author","embeddable":true,"href":"https:\/\/el-perico.com\/es\/wp-json\/wp\/v2\/coauthors?post=3166"}],"curies":[{"name":"wp","href":"https:\/\/api.w.org\/{rel}","templated":true}]}}