{"id":3161,"date":"2020-04-02T21:42:01","date_gmt":"2020-04-02T21:42:01","guid":{"rendered":"https:\/\/el-perico.com\/?p=3161"},"modified":"2020-04-02T21:42:01","modified_gmt":"2020-04-02T21:42:01","slug":"artistas_cantan_censo_cuenta_conmigo","status":"publish","type":"post","link":"https:\/\/el-perico.com\/es\/artistas_cantan_censo_cuenta_conmigo\/","title":{"rendered":"Artistas latinos motivan a la comunidad a ser parte Censo 2020 con el himno \u00abCuenta Conmigo\u00bb"},"content":{"rendered":"<p><figure id=\"attachment_3162\" aria-describedby=\"caption-attachment-3162\" style=\"width: 381px\" class=\"wp-caption alignleft\"><img loading=\"lazy\" decoding=\"async\" class=\"wp-image-3162\" src=\"https:\/\/el-perico.com\/wp-content\/uploads\/2020\/04\/Cuentacontigocampana-240x300.png\" alt=\"\" width=\"381\" height=\"476\" \/><figcaption id=\"caption-attachment-3162\" class=\"wp-caption-text\"><span style=\"color: #999999;\"><em>La campa\u00f1a de Univisi\u00f3n espera que los latinos hagan historia tras el Censo 2020.<\/em><\/span><\/figcaption><\/figure><br \/>\nDiez minutos pasan volando. Lo invertimos muchas veces en ver videos entretenido por las redes sociales. \u00bfPor qu\u00e9 no invertirlo tambi\u00e9n en llenar el Censo? Cr\u00e9anos, ya nosotros lo hicimos y es muy f\u00e1cil de responder y toma menos de lo que cre\u00edamos.<br \/>\nLa Oficina del Censo est\u00e1 haciendo sus esfuerzos para motivar al p\u00fablico a responder el <a href=\"https:\/\/2020census.gov\/en\">cuestionario del Censos 2020<\/a>, que se hace cada 10 a\u00f1os, usando bien se la computadora de escritorio, laptop, tel\u00e9fono inteligente o tabletas. Y es por ello que la cadena Univisi\u00f3n se uni\u00f3 a la causa creando una campa\u00f1a transformada en una canci\u00f3n donde participaron reconocidos artistas mexicanos.<br \/>\n\u201cCuenta Conmigo\u201d(Count with me) es una cumbia para invitar a todos los hispanos en los Estados Unidos a que se sumen al Censo, y participen juntos en un n\u00famero sin precedentes en la historia del pa\u00eds.<br \/>\nEsta producci\u00f3n reuni\u00f3 a los reconocidos artistas: Los Tigres del Norte, Ana B\u00e1rbara (conocida como la reina grupera), y tambi\u00e9n a los artistas del g\u00e9nero corrido urbano Nataniel Cano y Fuerza Regia. El proyecto fue ejecutado por Segio George, quien tiene entre su trayectoria haber trabajado con artistas de la talla de Marc Anthony y Prince Royce. As\u00ed mismo, la letra fue compuesta por Erika Ender y Andy Clay,\u00a0quienes han estado al lado de\u00a0Chayanne, Luis Fonsi, Karol G, entre otros artistas que llegaron a los primeros lugares de los charts musicales, explica Univisi\u00f3n en su art\u00edculo.<br \/>\nEl toque de cumbia se lo di\u00f3\u00a0Toy Selecta,\u00a0el productor mexicano detr\u00e1s de 3BallMTY, Loz \u00c1ngeles Azules, entre otros.<br \/>\nPara mejorar el destino de los fondos estatales es necesario contarse, por lo que dar\u00eda al Estado una proyecci\u00f3n de cu\u00e1nto dinero se necesitar\u00e1 para la construcci\u00f3n de carreteras, escuelas, almuerzos escolares, servicios, etc.<br \/>\nTasa de respuesta<br \/>\nDe acuerdo con la tasa de respuesta, en Nebraska el 47% de los habitantes han respondido el 48,6% con respecto a la poblaci\u00f3n censada el a\u00f1o pasado.<br \/>\nPara responder el <a href=\"https:\/\/2020census.gov\/en\">census en l\u00ednea<\/a>, deber\u00e1 tener a la mano el c\u00f3digo de 12 d\u00edgitos escrito en la invitaci\u00f3n que se le entreg\u00f3 por correo postal, ingresarlo en la p\u00e1gina web y comenzar a responder el cuestionario.<br \/>\nNo tarda m\u00e1s de 10 minutos, son preguntas de simple selecci\u00f3n y adem\u00e1s no se les pregunta el estatus legal de encuestado. Adem\u00e1s, deben contar todas las personas que est\u00e1n en una vivienda el primero de abril.<br \/>\nAs\u00ed que, como dice la cumbia \u201cno te quedes en tres y dos\u201d, \u00a1Cu\u00e9ntate!<br \/>\n&nbsp;<br \/>\n[youtube v=\u00bbWtlxXDpMx1U\u00bb]<br \/>\n&nbsp;<br \/>\n<strong>Letra:<\/strong><br \/>\n\u00bfQui\u00e9n dijo miedo? Vamos pa\u2019 delante<br \/>\nQue si es contigo voy de primero<br \/>\nNo importa lo que la gente diga, yo s\u00ed me atrevo<br \/>\nVente conmigo y no esperes m\u00e1s<br \/>\nY que ya nadie no calle<br \/>\nVamos a quitarnos las penas<br \/>\nCon dos no hay nada que falle<br \/>\nTu y yo acabamos el problema.<br \/>\n&nbsp;<br \/>\nCuenta cuenta cuenta conmigo<br \/>\nQue si nos sumamos es mejor<br \/>\nSomos fuertes, estamos unidos<br \/>\nY hasta la suerte se nos pego<br \/>\n&nbsp;<br \/>\nCuento cuento cuento contigo<br \/>\nNo te quedes en tres y dos<br \/>\nPonte al frente, solo te pido<br \/>\nd\u00e9jame verte a todo color.<br \/>\n&nbsp;<br \/>\nYa ves es el momento de contar contigo.<br \/>\n&nbsp;<br \/>\nEl momento es ahora \u00bfQuien sabe ma\u00f1ana?<br \/>\nEl cobarde pierde, y el valiente gana<br \/>\nLa cartas es la mesa, y la cuentas claras<br \/>\nEl resto no importa, no, no me interesa.<br \/>\n&nbsp;<br \/>\n&nbsp;<\/p>\n","protected":false},"excerpt":{"rendered":"<p>Diez minutos pasan volando. Lo invertimos muchas veces en ver videos entretenido por las redes sociales. \u00bfPor qu\u00e9 no invertirlo tambi\u00e9n en llenar el Censo? Cr\u00e9anos, ya nosotros lo hicimos y es muy f\u00e1cil de responder y toma menos de lo que cre\u00edamos. La Oficina del Censo est\u00e1 haciendo sus esfuerzos para motivar al p\u00fablico [&hellip;]<\/p>\n","protected":false},"author":1,"featured_media":3164,"comment_status":"open","ping_status":"closed","sticky":false,"template":"","format":"standard","meta":{"newspack_ads_suppress_ads":false,"_newspack_byline_active":false,"_newspack_byline":"","newspack_hide_updated_date":false,"newspack_show_updated_date":false,"newspack_content_restriction_is_exempt":false,"newspack_featured_image_position":"","newspack_post_subtitle":"","newspack_article_summary_title":"Overview:","newspack_article_summary":"","footnotes":""},"categories":[39,42,46],"tags":[71,72,12,15],"newspack_spnsrs_tax":[],"coauthors":[],"class_list":["post-3161","post","type-post","status-publish","format-standard","has-post-thumbnail","hentry","category-comunidad","category-cultura","category-reportaje","tag-censo-2020","tag-conteo","tag-latinos-en","tag-omaha-en","entry"],"yoast_head":"<!-- This site is optimized with the Yoast SEO plugin v27.5 - https:\/\/yoast.com\/product\/yoast-seo-wordpress\/ -->\n<title>Artistas latinos motivan a la comunidad a ser parte Censo 2020 con el himno &quot;Cuenta Conmigo&quot; - el perico<\/title>\n<meta name=\"robots\" content=\"index, follow, max-snippet:-1, max-image-preview:large, max-video-preview:-1\" \/>\n<link rel=\"canonical\" href=\"https:\/\/el-perico.com\/es\/artistas_cantan_censo_cuenta_conmigo\/\" \/>\n<meta property=\"og:locale\" content=\"es_ES\" \/>\n<meta property=\"og:type\" content=\"article\" \/>\n<meta property=\"og:title\" content=\"Artistas latinos motivan a la comunidad a ser parte Censo 2020 con el himno &quot;Cuenta Conmigo&quot; - el perico\" \/>\n<meta property=\"og:description\" content=\"Diez minutos pasan volando. Lo invertimos muchas veces en ver videos entretenido por las redes sociales. \u00bfPor qu\u00e9 no invertirlo tambi\u00e9n en llenar el Censo? Cr\u00e9anos, ya nosotros lo hicimos y es muy f\u00e1cil de responder y toma menos de lo que cre\u00edamos. La Oficina del Censo est\u00e1 haciendo sus esfuerzos para motivar al p\u00fablico [&hellip;]\" \/>\n<meta property=\"og:url\" content=\"https:\/\/el-perico.com\/es\/artistas_cantan_censo_cuenta_conmigo\/\" \/>\n<meta property=\"og:site_name\" content=\"el perico\" \/>\n<meta property=\"article:publisher\" content=\"https:\/\/www.facebook.com\/elpericoomaha\" \/>\n<meta property=\"article:published_time\" content=\"2020-04-02T21:42:01+00:00\" \/>\n<meta name=\"author\" content=\"El Perico Staff\" \/>\n<meta name=\"twitter:card\" content=\"summary_large_image\" \/>\n<meta name=\"twitter:label1\" content=\"Escrito por\" \/>\n\t<meta name=\"twitter:data1\" content=\"El Perico Staff\" \/>\n\t<meta name=\"twitter:label2\" content=\"Tiempo de lectura\" \/>\n\t<meta name=\"twitter:data2\" content=\"3 minutos\" \/>\n\t<meta name=\"twitter:label3\" content=\"Written by\" \/>\n\t<meta name=\"twitter:data3\" content=\"El Perico Staff\" \/>\n<script type=\"application\/ld+json\" class=\"yoast-schema-graph\">{\"@context\":\"https:\\\/\\\/schema.org\",\"@graph\":[{\"@type\":\"Article\",\"@id\":\"https:\\\/\\\/el-perico.com\\\/es\\\/artistas_cantan_censo_cuenta_conmigo\\\/#article\",\"isPartOf\":{\"@id\":\"https:\\\/\\\/el-perico.com\\\/es\\\/artistas_cantan_censo_cuenta_conmigo\\\/\"},\"author\":{\"name\":\"El Perico Staff\",\"@id\":\"https:\\\/\\\/el-perico.com\\\/es\\\/#\\\/schema\\\/person\\\/1956e5e63b94d4bd0daf30675bdf4a93\"},\"headline\":\"Artistas latinos motivan a la comunidad a ser parte Censo 2020 con el himno \u00abCuenta Conmigo\u00bb\",\"datePublished\":\"2020-04-02T21:42:01+00:00\",\"mainEntityOfPage\":{\"@id\":\"https:\\\/\\\/el-perico.com\\\/es\\\/artistas_cantan_censo_cuenta_conmigo\\\/\"},\"wordCount\":633,\"commentCount\":0,\"publisher\":{\"@id\":\"https:\\\/\\\/el-perico.com\\\/es\\\/#organization\"},\"image\":{\"@id\":\"https:\\\/\\\/el-perico.com\\\/es\\\/artistas_cantan_censo_cuenta_conmigo\\\/#primaryimage\"},\"thumbnailUrl\":\"\",\"keywords\":[\"censo 2020\",\"conteo\",\"latinos\",\"omaha\"],\"articleSection\":[\"Comunidad\",\"Cultura\",\"Reportaje\"],\"inLanguage\":\"es\",\"potentialAction\":[{\"@type\":\"CommentAction\",\"name\":\"Comment\",\"target\":[\"https:\\\/\\\/el-perico.com\\\/es\\\/artistas_cantan_censo_cuenta_conmigo\\\/#respond\"]}]},{\"@type\":\"WebPage\",\"@id\":\"https:\\\/\\\/el-perico.com\\\/es\\\/artistas_cantan_censo_cuenta_conmigo\\\/\",\"url\":\"https:\\\/\\\/el-perico.com\\\/es\\\/artistas_cantan_censo_cuenta_conmigo\\\/\",\"name\":\"Artistas latinos motivan a la comunidad a ser parte Censo 2020 con el himno \\\"Cuenta Conmigo\\\" - el perico\",\"isPartOf\":{\"@id\":\"https:\\\/\\\/el-perico.com\\\/es\\\/#website\"},\"primaryImageOfPage\":{\"@id\":\"https:\\\/\\\/el-perico.com\\\/es\\\/artistas_cantan_censo_cuenta_conmigo\\\/#primaryimage\"},\"image\":{\"@id\":\"https:\\\/\\\/el-perico.com\\\/es\\\/artistas_cantan_censo_cuenta_conmigo\\\/#primaryimage\"},\"thumbnailUrl\":\"\",\"datePublished\":\"2020-04-02T21:42:01+00:00\",\"breadcrumb\":{\"@id\":\"https:\\\/\\\/el-perico.com\\\/es\\\/artistas_cantan_censo_cuenta_conmigo\\\/#breadcrumb\"},\"inLanguage\":\"es\",\"potentialAction\":[{\"@type\":\"ReadAction\",\"target\":[\"https:\\\/\\\/el-perico.com\\\/es\\\/artistas_cantan_censo_cuenta_conmigo\\\/\"]}]},{\"@type\":\"ImageObject\",\"inLanguage\":\"es\",\"@id\":\"https:\\\/\\\/el-perico.com\\\/es\\\/artistas_cantan_censo_cuenta_conmigo\\\/#primaryimage\",\"url\":\"\",\"contentUrl\":\"\"},{\"@type\":\"BreadcrumbList\",\"@id\":\"https:\\\/\\\/el-perico.com\\\/es\\\/artistas_cantan_censo_cuenta_conmigo\\\/#breadcrumb\",\"itemListElement\":[{\"@type\":\"ListItem\",\"position\":1,\"name\":\"Home\",\"item\":\"https:\\\/\\\/el-perico.com\\\/es\\\/\"},{\"@type\":\"ListItem\",\"position\":2,\"name\":\"Artistas latinos motivan a la comunidad a ser parte Censo 2020 con el himno &#8220;Cuenta Conmigo&#8221;\"}]},{\"@type\":\"WebSite\",\"@id\":\"https:\\\/\\\/el-perico.com\\\/es\\\/#website\",\"url\":\"https:\\\/\\\/el-perico.com\\\/es\\\/\",\"name\":\"el perico\",\"description\":\"La plataforma original de noticias e informaci\u00f3n para la comunidad hispana de Omaha\",\"publisher\":{\"@id\":\"https:\\\/\\\/el-perico.com\\\/es\\\/#organization\"},\"potentialAction\":[{\"@type\":\"SearchAction\",\"target\":{\"@type\":\"EntryPoint\",\"urlTemplate\":\"https:\\\/\\\/el-perico.com\\\/es\\\/?s={search_term_string}\"},\"query-input\":{\"@type\":\"PropertyValueSpecification\",\"valueRequired\":true,\"valueName\":\"search_term_string\"}}],\"inLanguage\":\"es\"},{\"@type\":\"Organization\",\"@id\":\"https:\\\/\\\/el-perico.com\\\/es\\\/#organization\",\"name\":\"el perico\",\"url\":\"https:\\\/\\\/el-perico.com\\\/es\\\/\",\"logo\":{\"@type\":\"ImageObject\",\"inLanguage\":\"es\",\"@id\":\"https:\\\/\\\/el-perico.com\\\/es\\\/#\\\/schema\\\/logo\\\/image\\\/\",\"url\":\"https:\\\/\\\/el-perico.com\\\/wp-content\\\/uploads\\\/2024\\\/05\\\/ElPerico-Logo_NPM-1-e1717102187440.png\",\"contentUrl\":\"https:\\\/\\\/el-perico.com\\\/wp-content\\\/uploads\\\/2024\\\/05\\\/ElPerico-Logo_NPM-1-e1717102187440.png\",\"width\":648,\"height\":216,\"caption\":\"el perico\"},\"image\":{\"@id\":\"https:\\\/\\\/el-perico.com\\\/es\\\/#\\\/schema\\\/logo\\\/image\\\/\"},\"sameAs\":[\"https:\\\/\\\/www.facebook.com\\\/elpericoomaha\"]},{\"@type\":\"Person\",\"@id\":\"https:\\\/\\\/el-perico.com\\\/es\\\/#\\\/schema\\\/person\\\/1956e5e63b94d4bd0daf30675bdf4a93\",\"name\":\"El Perico Staff\",\"image\":{\"@type\":\"ImageObject\",\"inLanguage\":\"es\",\"@id\":\"https:\\\/\\\/secure.gravatar.com\\\/avatar\\\/701b23c665bfde9fd4d874d31feb4c16bf2ac173b2b0b7224dc39896d4cfc381?s=96&d=mm&r=g80b2efc5844e688a6ffb9340c789e4c4\",\"url\":\"https:\\\/\\\/secure.gravatar.com\\\/avatar\\\/701b23c665bfde9fd4d874d31feb4c16bf2ac173b2b0b7224dc39896d4cfc381?s=96&d=mm&r=g\",\"contentUrl\":\"https:\\\/\\\/secure.gravatar.com\\\/avatar\\\/701b23c665bfde9fd4d874d31feb4c16bf2ac173b2b0b7224dc39896d4cfc381?s=96&d=mm&r=g\",\"caption\":\"El Perico Staff\"},\"sameAs\":[\"https:\\\/\\\/el-perico.com\"],\"url\":\"https:\\\/\\\/el-perico.com\\\/es\\\/author\\\/af6f1d62_admin\\\/\"}]}<\/script>\n<!-- \/ Yoast SEO plugin. -->","yoast_head_json":{"title":"Artistas latinos motivan a la comunidad a ser parte Censo 2020 con el himno \"Cuenta Conmigo\" - el perico","robots":{"index":"index","follow":"follow","max-snippet":"max-snippet:-1","max-image-preview":"max-image-preview:large","max-video-preview":"max-video-preview:-1"},"canonical":"https:\/\/el-perico.com\/es\/artistas_cantan_censo_cuenta_conmigo\/","og_locale":"es_ES","og_type":"article","og_title":"Artistas latinos motivan a la comunidad a ser parte Censo 2020 con el himno \"Cuenta Conmigo\" - el perico","og_description":"Diez minutos pasan volando. Lo invertimos muchas veces en ver videos entretenido por las redes sociales. \u00bfPor qu\u00e9 no invertirlo tambi\u00e9n en llenar el Censo? Cr\u00e9anos, ya nosotros lo hicimos y es muy f\u00e1cil de responder y toma menos de lo que cre\u00edamos. La Oficina del Censo est\u00e1 haciendo sus esfuerzos para motivar al p\u00fablico [&hellip;]","og_url":"https:\/\/el-perico.com\/es\/artistas_cantan_censo_cuenta_conmigo\/","og_site_name":"el perico","article_publisher":"https:\/\/www.facebook.com\/elpericoomaha","article_published_time":"2020-04-02T21:42:01+00:00","author":"El Perico Staff","twitter_card":"summary_large_image","twitter_misc":{"Escrito por":"El Perico Staff","Tiempo de lectura":"3 minutos","Written by":"El Perico Staff"},"schema":{"@context":"https:\/\/schema.org","@graph":[{"@type":"Article","@id":"https:\/\/el-perico.com\/es\/artistas_cantan_censo_cuenta_conmigo\/#article","isPartOf":{"@id":"https:\/\/el-perico.com\/es\/artistas_cantan_censo_cuenta_conmigo\/"},"author":{"name":"El Perico Staff","@id":"https:\/\/el-perico.com\/es\/#\/schema\/person\/1956e5e63b94d4bd0daf30675bdf4a93"},"headline":"Artistas latinos motivan a la comunidad a ser parte Censo 2020 con el himno \u00abCuenta Conmigo\u00bb","datePublished":"2020-04-02T21:42:01+00:00","mainEntityOfPage":{"@id":"https:\/\/el-perico.com\/es\/artistas_cantan_censo_cuenta_conmigo\/"},"wordCount":633,"commentCount":0,"publisher":{"@id":"https:\/\/el-perico.com\/es\/#organization"},"image":{"@id":"https:\/\/el-perico.com\/es\/artistas_cantan_censo_cuenta_conmigo\/#primaryimage"},"thumbnailUrl":"","keywords":["censo 2020","conteo","latinos","omaha"],"articleSection":["Comunidad","Cultura","Reportaje"],"inLanguage":"es","potentialAction":[{"@type":"CommentAction","name":"Comment","target":["https:\/\/el-perico.com\/es\/artistas_cantan_censo_cuenta_conmigo\/#respond"]}]},{"@type":"WebPage","@id":"https:\/\/el-perico.com\/es\/artistas_cantan_censo_cuenta_conmigo\/","url":"https:\/\/el-perico.com\/es\/artistas_cantan_censo_cuenta_conmigo\/","name":"Artistas latinos motivan a la comunidad a ser parte Censo 2020 con el himno \"Cuenta Conmigo\" - el perico","isPartOf":{"@id":"https:\/\/el-perico.com\/es\/#website"},"primaryImageOfPage":{"@id":"https:\/\/el-perico.com\/es\/artistas_cantan_censo_cuenta_conmigo\/#primaryimage"},"image":{"@id":"https:\/\/el-perico.com\/es\/artistas_cantan_censo_cuenta_conmigo\/#primaryimage"},"thumbnailUrl":"","datePublished":"2020-04-02T21:42:01+00:00","breadcrumb":{"@id":"https:\/\/el-perico.com\/es\/artistas_cantan_censo_cuenta_conmigo\/#breadcrumb"},"inLanguage":"es","potentialAction":[{"@type":"ReadAction","target":["https:\/\/el-perico.com\/es\/artistas_cantan_censo_cuenta_conmigo\/"]}]},{"@type":"ImageObject","inLanguage":"es","@id":"https:\/\/el-perico.com\/es\/artistas_cantan_censo_cuenta_conmigo\/#primaryimage","url":"","contentUrl":""},{"@type":"BreadcrumbList","@id":"https:\/\/el-perico.com\/es\/artistas_cantan_censo_cuenta_conmigo\/#breadcrumb","itemListElement":[{"@type":"ListItem","position":1,"name":"Home","item":"https:\/\/el-perico.com\/es\/"},{"@type":"ListItem","position":2,"name":"Artistas latinos motivan a la comunidad a ser parte Censo 2020 con el himno &#8220;Cuenta Conmigo&#8221;"}]},{"@type":"WebSite","@id":"https:\/\/el-perico.com\/es\/#website","url":"https:\/\/el-perico.com\/es\/","name":"el perico","description":"La plataforma original de noticias e informaci\u00f3n para la comunidad hispana de Omaha","publisher":{"@id":"https:\/\/el-perico.com\/es\/#organization"},"potentialAction":[{"@type":"SearchAction","target":{"@type":"EntryPoint","urlTemplate":"https:\/\/el-perico.com\/es\/?s={search_term_string}"},"query-input":{"@type":"PropertyValueSpecification","valueRequired":true,"valueName":"search_term_string"}}],"inLanguage":"es"},{"@type":"Organization","@id":"https:\/\/el-perico.com\/es\/#organization","name":"el perico","url":"https:\/\/el-perico.com\/es\/","logo":{"@type":"ImageObject","inLanguage":"es","@id":"https:\/\/el-perico.com\/es\/#\/schema\/logo\/image\/","url":"https:\/\/el-perico.com\/wp-content\/uploads\/2024\/05\/ElPerico-Logo_NPM-1-e1717102187440.png","contentUrl":"https:\/\/el-perico.com\/wp-content\/uploads\/2024\/05\/ElPerico-Logo_NPM-1-e1717102187440.png","width":648,"height":216,"caption":"el perico"},"image":{"@id":"https:\/\/el-perico.com\/es\/#\/schema\/logo\/image\/"},"sameAs":["https:\/\/www.facebook.com\/elpericoomaha"]},{"@type":"Person","@id":"https:\/\/el-perico.com\/es\/#\/schema\/person\/1956e5e63b94d4bd0daf30675bdf4a93","name":"El Perico Staff","image":{"@type":"ImageObject","inLanguage":"es","@id":"https:\/\/secure.gravatar.com\/avatar\/701b23c665bfde9fd4d874d31feb4c16bf2ac173b2b0b7224dc39896d4cfc381?s=96&d=mm&r=g80b2efc5844e688a6ffb9340c789e4c4","url":"https:\/\/secure.gravatar.com\/avatar\/701b23c665bfde9fd4d874d31feb4c16bf2ac173b2b0b7224dc39896d4cfc381?s=96&d=mm&r=g","contentUrl":"https:\/\/secure.gravatar.com\/avatar\/701b23c665bfde9fd4d874d31feb4c16bf2ac173b2b0b7224dc39896d4cfc381?s=96&d=mm&r=g","caption":"El Perico Staff"},"sameAs":["https:\/\/el-perico.com"],"url":"https:\/\/el-perico.com\/es\/author\/af6f1d62_admin\/"}]}},"_links":{"self":[{"href":"https:\/\/el-perico.com\/es\/wp-json\/wp\/v2\/posts\/3161","targetHints":{"allow":["GET"]}}],"collection":[{"href":"https:\/\/el-perico.com\/es\/wp-json\/wp\/v2\/posts"}],"about":[{"href":"https:\/\/el-perico.com\/es\/wp-json\/wp\/v2\/types\/post"}],"author":[{"embeddable":true,"href":"https:\/\/el-perico.com\/es\/wp-json\/wp\/v2\/users\/1"}],"replies":[{"embeddable":true,"href":"https:\/\/el-perico.com\/es\/wp-json\/wp\/v2\/comments?post=3161"}],"version-history":[{"count":0,"href":"https:\/\/el-perico.com\/es\/wp-json\/wp\/v2\/posts\/3161\/revisions"}],"wp:featuredmedia":[{"embeddable":true,"href":"https:\/\/el-perico.com\/es\/wp-json\/"}],"wp:attachment":[{"href":"https:\/\/el-perico.com\/es\/wp-json\/wp\/v2\/media?parent=3161"}],"wp:term":[{"taxonomy":"category","embeddable":true,"href":"https:\/\/el-perico.com\/es\/wp-json\/wp\/v2\/categories?post=3161"},{"taxonomy":"post_tag","embeddable":true,"href":"https:\/\/el-perico.com\/es\/wp-json\/wp\/v2\/tags?post=3161"},{"taxonomy":"newspack_spnsrs_tax","embeddable":true,"href":"https:\/\/el-perico.com\/es\/wp-json\/wp\/v2\/newspack_spnsrs_tax?post=3161"},{"taxonomy":"author","embeddable":true,"href":"https:\/\/el-perico.com\/es\/wp-json\/wp\/v2\/coauthors?post=3161"}],"curies":[{"name":"wp","href":"https:\/\/api.w.org\/{rel}","templated":true}]}}