{"id":3099,"date":"2020-03-29T18:05:48","date_gmt":"2020-03-29T18:05:48","guid":{"rendered":"https:\/\/el-perico.com\/?p=3099"},"modified":"2020-03-29T18:05:48","modified_gmt":"2020-03-29T18:05:48","slug":"38-de-habitantes-en-nebraska-se-sumaron-al-censo","status":"publish","type":"post","link":"https:\/\/el-perico.com\/es\/38-de-habitantes-en-nebraska-se-sumaron-al-censo\/","title":{"rendered":"40% de habitantes en Nebraska se sumaron al Censo"},"content":{"rendered":"<p><img loading=\"lazy\" decoding=\"async\" class=\"size-medium wp-image-3105 alignleft\" src=\"https:\/\/el-perico.com\/wp-content\/uploads\/2020\/03\/depositphotos_98395946-stock-photo-red-thumbtack-over-nebraska-state-1-300x210.jpg\" alt=\"\" width=\"300\" height=\"210\" \/><br \/>\nA pesar del ostracismo voluntario debido a la pandemia del COVID-19 que se est\u00e1 viviendo en Estados Unidos y el mundo, el conteo poblacional no se ha detenido y en el estado de Nebraska 40% han respondido la encuesta del Census 2020. En el Condado de Douglas ya van 40,4% de la poblaci\u00f3n, seg\u00fan las cifras de la <a href=\"https:\/\/2020census.gov\/es\/response-rates.html\">p\u00e1gina oficial del Census<\/a>.<br \/>\nActualmente, casi todos los habitantes del Condado de Douglas habr\u00e1n recibido una <a href=\"..:INVITACI%C3%93N%2520CENSUS%25202020.pdf\">invitaci\u00f3n<\/a>, a trav\u00e9s del correo postal, para llenar el cuestionario del censo a trav\u00e9s de internet. Para ello debe entrar a la p\u00e1gina del <a href=\"https:\/\/2020census.gov\/es.html\">Census<\/a>, pinchar en \u201cResponder aqu\u00ed\u201d , agregar el c\u00f3digo que se le dio en la invitaci\u00f3n y responder el cuestionario de forma franca.<br \/>\nLa fecha l\u00edmite para contestar el cuestionario en l\u00ednea era el 1 de abril. Sin embargo, debido a la situaci\u00f3n nacional, la Oficina del Censo de EEE.UU. ajust\u00f3 su <a href=\"https:\/\/2020census.gov\/es\/important-dates.html\">cronograma<\/a> para dar a todos la oportunidad de responder y adem\u00e1s proteger al personal de voluntarios que debe trasladarse a los hogares que aun no han llenado el cuestionario.<br \/>\nEs por ello que en aras de evitar la propagaci\u00f3n de este tipo de coronavirus el Departamento del Census, insta al p\u00fablico a responder al el cuestionario por internet usando bien sea una computadora, tableta o tel\u00e9fono, o bien por correo postal. \u201cTodos deber\u00edan responder al Censo del 2020 tan pronto como reciban la invitaci\u00f3n; y cuando lo hayan hecho, pueden asegurarse de que sus amigos, familias y redes sociales sepan acerca de la importancia de responder\u201d, dice un <a href=\"https:\/\/2020census.gov\/en\/news-events\/press-releases\/operational-updates-spanish.html\">comunicado<\/a>.<br \/>\nVale mencionar que gracias al conteo poblacional, que se hace cada 10 a\u00f1os, se aprende sobre la cantidad de personas que habitan en el pa\u00eds o en determinadas \u00e1reas. Adem\u00e1s, los resultados del censo ayudan a determinar cu\u00e1ntos miles de d\u00f3lares en fondos federales se distribuyen entre los estados y las comunidades cada a\u00f1o. Igualmente, se determina el n\u00famero de representantes de cada estado en el Congreso.<br \/>\nSe estima que para diciembre, la oficina del Censo, entregue los resultados del conteo preliminar al Presidente y al Congreso, como lo establece la ley. Para las personas que dudan, quienes son los que deben contarse en el censo la respuesta es: \u00a1todos! As\u00ed como se lee, todos los que est\u00e9n en el pa\u00eds.<br \/>\n<a href=\"https:\/\/public.tableau.com\/views\/ResponseRateChallenge\/CountyTractDashboard?:showVizHome=no&amp;:tabs=n&amp;State=Nebraska&amp;County%20=Douglas&amp;Select%20Mode=Total&amp;Share=Share\" target=\"_blank\" rel=\"noopener noreferrer\">Si quieres actualizarte con los resultados puedes ver este mapa.<\/a><br \/>\n<img loading=\"lazy\" decoding=\"async\" class=\"alignnone wp-image-3107\" src=\"https:\/\/el-perico.com\/wp-content\/uploads\/2020\/03\/Captura-300x229.jpg\" alt=\"\" width=\"610\" height=\"466\" \/><br \/>\n&nbsp;<\/p>\n","protected":false},"excerpt":{"rendered":"<p>A pesar del ostracismo voluntario debido a la pandemia del COVID-19 que se est\u00e1 viviendo en Estados Unidos y el mundo, el conteo poblacional no se ha detenido y en el estado de Nebraska 40% han respondido la encuesta del Census 2020. En el Condado de Douglas ya van 40,4% de la poblaci\u00f3n, seg\u00fan las [&hellip;]<\/p>\n","protected":false},"author":1,"featured_media":3105,"comment_status":"open","ping_status":"closed","sticky":false,"template":"","format":"standard","meta":{"newspack_ads_suppress_ads":false,"_newspack_byline_active":false,"_newspack_byline":"","newspack_hide_updated_date":false,"newspack_show_updated_date":false,"newspack_content_restriction_is_exempt":false,"newspack_featured_image_position":"","newspack_post_subtitle":"","newspack_article_summary_title":"Overview:","newspack_article_summary":"","footnotes":""},"categories":[39],"tags":[],"newspack_spnsrs_tax":[],"coauthors":[],"class_list":["post-3099","post","type-post","status-publish","format-standard","has-post-thumbnail","hentry","category-comunidad","entry"],"yoast_head":"<!-- This site is optimized with the Yoast SEO plugin v27.5 - https:\/\/yoast.com\/product\/yoast-seo-wordpress\/ -->\n<title>40% de habitantes en Nebraska se sumaron al Censo - el perico<\/title>\n<meta name=\"robots\" content=\"index, follow, max-snippet:-1, max-image-preview:large, max-video-preview:-1\" \/>\n<link rel=\"canonical\" href=\"https:\/\/el-perico.com\/es\/38-de-habitantes-en-nebraska-se-sumaron-al-censo\/\" \/>\n<meta property=\"og:locale\" content=\"es_ES\" \/>\n<meta property=\"og:type\" content=\"article\" \/>\n<meta property=\"og:title\" content=\"40% de habitantes en Nebraska se sumaron al Censo - el perico\" \/>\n<meta property=\"og:description\" content=\"A pesar del ostracismo voluntario debido a la pandemia del COVID-19 que se est\u00e1 viviendo en Estados Unidos y el mundo, el conteo poblacional no se ha detenido y en el estado de Nebraska 40% han respondido la encuesta del Census 2020. En el Condado de Douglas ya van 40,4% de la poblaci\u00f3n, seg\u00fan las [&hellip;]\" \/>\n<meta property=\"og:url\" content=\"https:\/\/el-perico.com\/es\/38-de-habitantes-en-nebraska-se-sumaron-al-censo\/\" \/>\n<meta property=\"og:site_name\" content=\"el perico\" \/>\n<meta property=\"article:publisher\" content=\"https:\/\/www.facebook.com\/elpericoomaha\" \/>\n<meta property=\"article:published_time\" content=\"2020-03-29T18:05:48+00:00\" \/>\n<meta name=\"author\" content=\"El Perico Staff\" \/>\n<meta name=\"twitter:card\" content=\"summary_large_image\" \/>\n<meta name=\"twitter:label1\" content=\"Escrito por\" \/>\n\t<meta name=\"twitter:data1\" content=\"El Perico Staff\" \/>\n\t<meta name=\"twitter:label2\" content=\"Tiempo de lectura\" \/>\n\t<meta name=\"twitter:data2\" content=\"2 minutos\" \/>\n\t<meta name=\"twitter:label3\" content=\"Written by\" \/>\n\t<meta name=\"twitter:data3\" content=\"El Perico Staff\" \/>\n<script type=\"application\/ld+json\" class=\"yoast-schema-graph\">{\"@context\":\"https:\\\/\\\/schema.org\",\"@graph\":[{\"@type\":\"Article\",\"@id\":\"https:\\\/\\\/el-perico.com\\\/es\\\/38-de-habitantes-en-nebraska-se-sumaron-al-censo\\\/#article\",\"isPartOf\":{\"@id\":\"https:\\\/\\\/el-perico.com\\\/es\\\/38-de-habitantes-en-nebraska-se-sumaron-al-censo\\\/\"},\"author\":{\"name\":\"El Perico Staff\",\"@id\":\"https:\\\/\\\/el-perico.com\\\/es\\\/#\\\/schema\\\/person\\\/1956e5e63b94d4bd0daf30675bdf4a93\"},\"headline\":\"40% de habitantes en Nebraska se sumaron al Censo\",\"datePublished\":\"2020-03-29T18:05:48+00:00\",\"mainEntityOfPage\":{\"@id\":\"https:\\\/\\\/el-perico.com\\\/es\\\/38-de-habitantes-en-nebraska-se-sumaron-al-censo\\\/\"},\"wordCount\":421,\"commentCount\":0,\"publisher\":{\"@id\":\"https:\\\/\\\/el-perico.com\\\/es\\\/#organization\"},\"image\":{\"@id\":\"https:\\\/\\\/el-perico.com\\\/es\\\/38-de-habitantes-en-nebraska-se-sumaron-al-censo\\\/#primaryimage\"},\"thumbnailUrl\":\"\",\"articleSection\":[\"Comunidad\"],\"inLanguage\":\"es\",\"potentialAction\":[{\"@type\":\"CommentAction\",\"name\":\"Comment\",\"target\":[\"https:\\\/\\\/el-perico.com\\\/es\\\/38-de-habitantes-en-nebraska-se-sumaron-al-censo\\\/#respond\"]}]},{\"@type\":\"WebPage\",\"@id\":\"https:\\\/\\\/el-perico.com\\\/es\\\/38-de-habitantes-en-nebraska-se-sumaron-al-censo\\\/\",\"url\":\"https:\\\/\\\/el-perico.com\\\/es\\\/38-de-habitantes-en-nebraska-se-sumaron-al-censo\\\/\",\"name\":\"40% de habitantes en Nebraska se sumaron al Censo - el perico\",\"isPartOf\":{\"@id\":\"https:\\\/\\\/el-perico.com\\\/es\\\/#website\"},\"primaryImageOfPage\":{\"@id\":\"https:\\\/\\\/el-perico.com\\\/es\\\/38-de-habitantes-en-nebraska-se-sumaron-al-censo\\\/#primaryimage\"},\"image\":{\"@id\":\"https:\\\/\\\/el-perico.com\\\/es\\\/38-de-habitantes-en-nebraska-se-sumaron-al-censo\\\/#primaryimage\"},\"thumbnailUrl\":\"\",\"datePublished\":\"2020-03-29T18:05:48+00:00\",\"breadcrumb\":{\"@id\":\"https:\\\/\\\/el-perico.com\\\/es\\\/38-de-habitantes-en-nebraska-se-sumaron-al-censo\\\/#breadcrumb\"},\"inLanguage\":\"es\",\"potentialAction\":[{\"@type\":\"ReadAction\",\"target\":[\"https:\\\/\\\/el-perico.com\\\/es\\\/38-de-habitantes-en-nebraska-se-sumaron-al-censo\\\/\"]}]},{\"@type\":\"ImageObject\",\"inLanguage\":\"es\",\"@id\":\"https:\\\/\\\/el-perico.com\\\/es\\\/38-de-habitantes-en-nebraska-se-sumaron-al-censo\\\/#primaryimage\",\"url\":\"\",\"contentUrl\":\"\"},{\"@type\":\"BreadcrumbList\",\"@id\":\"https:\\\/\\\/el-perico.com\\\/es\\\/38-de-habitantes-en-nebraska-se-sumaron-al-censo\\\/#breadcrumb\",\"itemListElement\":[{\"@type\":\"ListItem\",\"position\":1,\"name\":\"Home\",\"item\":\"https:\\\/\\\/el-perico.com\\\/es\\\/\"},{\"@type\":\"ListItem\",\"position\":2,\"name\":\"40% de habitantes en Nebraska se sumaron al Censo\"}]},{\"@type\":\"WebSite\",\"@id\":\"https:\\\/\\\/el-perico.com\\\/es\\\/#website\",\"url\":\"https:\\\/\\\/el-perico.com\\\/es\\\/\",\"name\":\"el perico\",\"description\":\"La plataforma original de noticias e informaci\u00f3n para la comunidad hispana de Omaha\",\"publisher\":{\"@id\":\"https:\\\/\\\/el-perico.com\\\/es\\\/#organization\"},\"potentialAction\":[{\"@type\":\"SearchAction\",\"target\":{\"@type\":\"EntryPoint\",\"urlTemplate\":\"https:\\\/\\\/el-perico.com\\\/es\\\/?s={search_term_string}\"},\"query-input\":{\"@type\":\"PropertyValueSpecification\",\"valueRequired\":true,\"valueName\":\"search_term_string\"}}],\"inLanguage\":\"es\"},{\"@type\":\"Organization\",\"@id\":\"https:\\\/\\\/el-perico.com\\\/es\\\/#organization\",\"name\":\"el perico\",\"url\":\"https:\\\/\\\/el-perico.com\\\/es\\\/\",\"logo\":{\"@type\":\"ImageObject\",\"inLanguage\":\"es\",\"@id\":\"https:\\\/\\\/el-perico.com\\\/es\\\/#\\\/schema\\\/logo\\\/image\\\/\",\"url\":\"https:\\\/\\\/el-perico.com\\\/wp-content\\\/uploads\\\/2024\\\/05\\\/ElPerico-Logo_NPM-1-e1717102187440.png\",\"contentUrl\":\"https:\\\/\\\/el-perico.com\\\/wp-content\\\/uploads\\\/2024\\\/05\\\/ElPerico-Logo_NPM-1-e1717102187440.png\",\"width\":648,\"height\":216,\"caption\":\"el perico\"},\"image\":{\"@id\":\"https:\\\/\\\/el-perico.com\\\/es\\\/#\\\/schema\\\/logo\\\/image\\\/\"},\"sameAs\":[\"https:\\\/\\\/www.facebook.com\\\/elpericoomaha\"]},{\"@type\":\"Person\",\"@id\":\"https:\\\/\\\/el-perico.com\\\/es\\\/#\\\/schema\\\/person\\\/1956e5e63b94d4bd0daf30675bdf4a93\",\"name\":\"El Perico Staff\",\"image\":{\"@type\":\"ImageObject\",\"inLanguage\":\"es\",\"@id\":\"https:\\\/\\\/secure.gravatar.com\\\/avatar\\\/701b23c665bfde9fd4d874d31feb4c16bf2ac173b2b0b7224dc39896d4cfc381?s=96&d=mm&r=g80b2efc5844e688a6ffb9340c789e4c4\",\"url\":\"https:\\\/\\\/secure.gravatar.com\\\/avatar\\\/701b23c665bfde9fd4d874d31feb4c16bf2ac173b2b0b7224dc39896d4cfc381?s=96&d=mm&r=g\",\"contentUrl\":\"https:\\\/\\\/secure.gravatar.com\\\/avatar\\\/701b23c665bfde9fd4d874d31feb4c16bf2ac173b2b0b7224dc39896d4cfc381?s=96&d=mm&r=g\",\"caption\":\"El Perico Staff\"},\"sameAs\":[\"https:\\\/\\\/el-perico.com\"],\"url\":\"https:\\\/\\\/el-perico.com\\\/es\\\/author\\\/af6f1d62_admin\\\/\"}]}<\/script>\n<!-- \/ Yoast SEO plugin. -->","yoast_head_json":{"title":"40% de habitantes en Nebraska se sumaron al Censo - el perico","robots":{"index":"index","follow":"follow","max-snippet":"max-snippet:-1","max-image-preview":"max-image-preview:large","max-video-preview":"max-video-preview:-1"},"canonical":"https:\/\/el-perico.com\/es\/38-de-habitantes-en-nebraska-se-sumaron-al-censo\/","og_locale":"es_ES","og_type":"article","og_title":"40% de habitantes en Nebraska se sumaron al Censo - el perico","og_description":"A pesar del ostracismo voluntario debido a la pandemia del COVID-19 que se est\u00e1 viviendo en Estados Unidos y el mundo, el conteo poblacional no se ha detenido y en el estado de Nebraska 40% han respondido la encuesta del Census 2020. En el Condado de Douglas ya van 40,4% de la poblaci\u00f3n, seg\u00fan las [&hellip;]","og_url":"https:\/\/el-perico.com\/es\/38-de-habitantes-en-nebraska-se-sumaron-al-censo\/","og_site_name":"el perico","article_publisher":"https:\/\/www.facebook.com\/elpericoomaha","article_published_time":"2020-03-29T18:05:48+00:00","author":"El Perico Staff","twitter_card":"summary_large_image","twitter_misc":{"Escrito por":"El Perico Staff","Tiempo de lectura":"2 minutos","Written by":"El Perico Staff"},"schema":{"@context":"https:\/\/schema.org","@graph":[{"@type":"Article","@id":"https:\/\/el-perico.com\/es\/38-de-habitantes-en-nebraska-se-sumaron-al-censo\/#article","isPartOf":{"@id":"https:\/\/el-perico.com\/es\/38-de-habitantes-en-nebraska-se-sumaron-al-censo\/"},"author":{"name":"El Perico Staff","@id":"https:\/\/el-perico.com\/es\/#\/schema\/person\/1956e5e63b94d4bd0daf30675bdf4a93"},"headline":"40% de habitantes en Nebraska se sumaron al Censo","datePublished":"2020-03-29T18:05:48+00:00","mainEntityOfPage":{"@id":"https:\/\/el-perico.com\/es\/38-de-habitantes-en-nebraska-se-sumaron-al-censo\/"},"wordCount":421,"commentCount":0,"publisher":{"@id":"https:\/\/el-perico.com\/es\/#organization"},"image":{"@id":"https:\/\/el-perico.com\/es\/38-de-habitantes-en-nebraska-se-sumaron-al-censo\/#primaryimage"},"thumbnailUrl":"","articleSection":["Comunidad"],"inLanguage":"es","potentialAction":[{"@type":"CommentAction","name":"Comment","target":["https:\/\/el-perico.com\/es\/38-de-habitantes-en-nebraska-se-sumaron-al-censo\/#respond"]}]},{"@type":"WebPage","@id":"https:\/\/el-perico.com\/es\/38-de-habitantes-en-nebraska-se-sumaron-al-censo\/","url":"https:\/\/el-perico.com\/es\/38-de-habitantes-en-nebraska-se-sumaron-al-censo\/","name":"40% de habitantes en Nebraska se sumaron al Censo - el perico","isPartOf":{"@id":"https:\/\/el-perico.com\/es\/#website"},"primaryImageOfPage":{"@id":"https:\/\/el-perico.com\/es\/38-de-habitantes-en-nebraska-se-sumaron-al-censo\/#primaryimage"},"image":{"@id":"https:\/\/el-perico.com\/es\/38-de-habitantes-en-nebraska-se-sumaron-al-censo\/#primaryimage"},"thumbnailUrl":"","datePublished":"2020-03-29T18:05:48+00:00","breadcrumb":{"@id":"https:\/\/el-perico.com\/es\/38-de-habitantes-en-nebraska-se-sumaron-al-censo\/#breadcrumb"},"inLanguage":"es","potentialAction":[{"@type":"ReadAction","target":["https:\/\/el-perico.com\/es\/38-de-habitantes-en-nebraska-se-sumaron-al-censo\/"]}]},{"@type":"ImageObject","inLanguage":"es","@id":"https:\/\/el-perico.com\/es\/38-de-habitantes-en-nebraska-se-sumaron-al-censo\/#primaryimage","url":"","contentUrl":""},{"@type":"BreadcrumbList","@id":"https:\/\/el-perico.com\/es\/38-de-habitantes-en-nebraska-se-sumaron-al-censo\/#breadcrumb","itemListElement":[{"@type":"ListItem","position":1,"name":"Home","item":"https:\/\/el-perico.com\/es\/"},{"@type":"ListItem","position":2,"name":"40% de habitantes en Nebraska se sumaron al Censo"}]},{"@type":"WebSite","@id":"https:\/\/el-perico.com\/es\/#website","url":"https:\/\/el-perico.com\/es\/","name":"el perico","description":"La plataforma original de noticias e informaci\u00f3n para la comunidad hispana de Omaha","publisher":{"@id":"https:\/\/el-perico.com\/es\/#organization"},"potentialAction":[{"@type":"SearchAction","target":{"@type":"EntryPoint","urlTemplate":"https:\/\/el-perico.com\/es\/?s={search_term_string}"},"query-input":{"@type":"PropertyValueSpecification","valueRequired":true,"valueName":"search_term_string"}}],"inLanguage":"es"},{"@type":"Organization","@id":"https:\/\/el-perico.com\/es\/#organization","name":"el perico","url":"https:\/\/el-perico.com\/es\/","logo":{"@type":"ImageObject","inLanguage":"es","@id":"https:\/\/el-perico.com\/es\/#\/schema\/logo\/image\/","url":"https:\/\/el-perico.com\/wp-content\/uploads\/2024\/05\/ElPerico-Logo_NPM-1-e1717102187440.png","contentUrl":"https:\/\/el-perico.com\/wp-content\/uploads\/2024\/05\/ElPerico-Logo_NPM-1-e1717102187440.png","width":648,"height":216,"caption":"el perico"},"image":{"@id":"https:\/\/el-perico.com\/es\/#\/schema\/logo\/image\/"},"sameAs":["https:\/\/www.facebook.com\/elpericoomaha"]},{"@type":"Person","@id":"https:\/\/el-perico.com\/es\/#\/schema\/person\/1956e5e63b94d4bd0daf30675bdf4a93","name":"El Perico Staff","image":{"@type":"ImageObject","inLanguage":"es","@id":"https:\/\/secure.gravatar.com\/avatar\/701b23c665bfde9fd4d874d31feb4c16bf2ac173b2b0b7224dc39896d4cfc381?s=96&d=mm&r=g80b2efc5844e688a6ffb9340c789e4c4","url":"https:\/\/secure.gravatar.com\/avatar\/701b23c665bfde9fd4d874d31feb4c16bf2ac173b2b0b7224dc39896d4cfc381?s=96&d=mm&r=g","contentUrl":"https:\/\/secure.gravatar.com\/avatar\/701b23c665bfde9fd4d874d31feb4c16bf2ac173b2b0b7224dc39896d4cfc381?s=96&d=mm&r=g","caption":"El Perico Staff"},"sameAs":["https:\/\/el-perico.com"],"url":"https:\/\/el-perico.com\/es\/author\/af6f1d62_admin\/"}]}},"_links":{"self":[{"href":"https:\/\/el-perico.com\/es\/wp-json\/wp\/v2\/posts\/3099","targetHints":{"allow":["GET"]}}],"collection":[{"href":"https:\/\/el-perico.com\/es\/wp-json\/wp\/v2\/posts"}],"about":[{"href":"https:\/\/el-perico.com\/es\/wp-json\/wp\/v2\/types\/post"}],"author":[{"embeddable":true,"href":"https:\/\/el-perico.com\/es\/wp-json\/wp\/v2\/users\/1"}],"replies":[{"embeddable":true,"href":"https:\/\/el-perico.com\/es\/wp-json\/wp\/v2\/comments?post=3099"}],"version-history":[{"count":0,"href":"https:\/\/el-perico.com\/es\/wp-json\/wp\/v2\/posts\/3099\/revisions"}],"wp:featuredmedia":[{"embeddable":true,"href":"https:\/\/el-perico.com\/es\/wp-json\/"}],"wp:attachment":[{"href":"https:\/\/el-perico.com\/es\/wp-json\/wp\/v2\/media?parent=3099"}],"wp:term":[{"taxonomy":"category","embeddable":true,"href":"https:\/\/el-perico.com\/es\/wp-json\/wp\/v2\/categories?post=3099"},{"taxonomy":"post_tag","embeddable":true,"href":"https:\/\/el-perico.com\/es\/wp-json\/wp\/v2\/tags?post=3099"},{"taxonomy":"newspack_spnsrs_tax","embeddable":true,"href":"https:\/\/el-perico.com\/es\/wp-json\/wp\/v2\/newspack_spnsrs_tax?post=3099"},{"taxonomy":"author","embeddable":true,"href":"https:\/\/el-perico.com\/es\/wp-json\/wp\/v2\/coauthors?post=3099"}],"curies":[{"name":"wp","href":"https:\/\/api.w.org\/{rel}","templated":true}]}}