{"id":3065,"date":"2020-03-22T05:14:11","date_gmt":"2020-03-22T05:14:11","guid":{"rendered":"https:\/\/el-perico.com\/?p=3065"},"modified":"2020-03-22T05:14:11","modified_gmt":"2020-03-22T05:14:11","slug":"nuevos-seis-casos-de-covid-19-confirmados-en-omaha","status":"publish","type":"post","link":"https:\/\/el-perico.com\/es\/nuevos-seis-casos-de-covid-19-confirmados-en-omaha\/","title":{"rendered":"Seis nuevos casos de COVID-19 confirmados en Omaha"},"content":{"rendered":"<p><img loading=\"lazy\" decoding=\"async\" class=\" wp-image-3066\" src=\"https:\/\/el-perico.com\/wp-content\/uploads\/2020\/03\/CORONAVIRUS-300x157.jpg\" alt=\"\" width=\"724\" height=\"379\" \/><br \/>\n<em><span style=\"color: #999999;\">Captura de pantalla del CDC. Fuente: www.cdc.gov<\/span><\/em><br \/>\nAl menos son 34 los casos que se registraron en el condado de Douglas, en estos est\u00e1n incluidos tres infecciones que se registraron el s\u00e1bado y estuvieron relacionadas con los viajes, y otros tres que tuvieron contacto con una persona que hab\u00eda dado positivo por la enfermedad, as\u00ed lo refiri\u00f3 un comunicado de prensa del Departamento de Salud del Condado de Douglas publicado el s\u00e1bado en la noche.<br \/>\nEn otros lugares se reportaron m\u00e1s casos aparte del de condado de Douglas. Lincoln report\u00f3 un nuevo caso, mientras en el condado de Buffalo (al suroeste de Nebraska) una familia report\u00f3 que uno de sus miembros dio positivo.<br \/>\nA medida que el virus contin\u00faa propag\u00e1ndose por la comunidad, el departamento de salud aconseja a las personas que tomen precauciones en todas partes, no solo en lugares expuestos.<br \/>\nLas autoridades tambi\u00e9n se\u00f1alaron que a ra\u00edz que aumentaron el n\u00famero de pruebas y el acceso a ellas se est\u00e1n descubriendo m\u00e1s casos.<br \/>\n\u00abAnticipamos que el aumento de las pruebas descubrir\u00eda m\u00e1s casos de COVID-19\u00bb, dijo el Director de Salud, Dr. Adi Pour. \u201cEse ha sido el caso. Todos experimentan s\u00edntomas leves y se autoaislan mientras se recuperan en casa \u00ab.<\/p>\n","protected":false},"excerpt":{"rendered":"<p>Captura de pantalla del CDC. Fuente: www.cdc.gov Al menos son 34 los casos que se registraron en el condado de Douglas, en estos est\u00e1n incluidos tres infecciones que se registraron el s\u00e1bado y estuvieron relacionadas con los viajes, y otros tres que tuvieron contacto con una persona que hab\u00eda dado positivo por la enfermedad, as\u00ed [&hellip;]<\/p>\n","protected":false},"author":1,"featured_media":3066,"comment_status":"open","ping_status":"closed","sticky":false,"template":"","format":"standard","meta":{"newspack_ads_suppress_ads":false,"_newspack_byline_active":false,"_newspack_byline":"","newspack_hide_updated_date":false,"newspack_show_updated_date":false,"newspack_content_restriction_is_exempt":false,"newspack_featured_image_position":"","newspack_post_subtitle":"","newspack_article_summary_title":"Overview:","newspack_article_summary":"","footnotes":""},"categories":[39,46,45],"tags":[65,49,50,60,15],"newspack_spnsrs_tax":[],"coauthors":[],"class_list":["post-3065","post","type-post","status-publish","format-standard","has-post-thumbnail","hentry","category-comunidad","category-reportaje","category-salud","tag-cases","tag-coronavirus","tag-covid-19","tag-nebraska","tag-omaha-en","entry"],"yoast_head":"<!-- This site is optimized with the Yoast SEO plugin v27.5 - https:\/\/yoast.com\/product\/yoast-seo-wordpress\/ -->\n<title>Seis nuevos casos de COVID-19 confirmados en Omaha - el perico<\/title>\n<meta name=\"robots\" content=\"index, follow, max-snippet:-1, max-image-preview:large, max-video-preview:-1\" \/>\n<link rel=\"canonical\" href=\"https:\/\/el-perico.com\/es\/nuevos-seis-casos-de-covid-19-confirmados-en-omaha\/\" \/>\n<meta property=\"og:locale\" content=\"es_ES\" \/>\n<meta property=\"og:type\" content=\"article\" \/>\n<meta property=\"og:title\" content=\"Seis nuevos casos de COVID-19 confirmados en Omaha - el perico\" \/>\n<meta property=\"og:description\" content=\"Captura de pantalla del CDC. Fuente: www.cdc.gov Al menos son 34 los casos que se registraron en el condado de Douglas, en estos est\u00e1n incluidos tres infecciones que se registraron el s\u00e1bado y estuvieron relacionadas con los viajes, y otros tres que tuvieron contacto con una persona que hab\u00eda dado positivo por la enfermedad, as\u00ed [&hellip;]\" \/>\n<meta property=\"og:url\" content=\"https:\/\/el-perico.com\/es\/nuevos-seis-casos-de-covid-19-confirmados-en-omaha\/\" \/>\n<meta property=\"og:site_name\" content=\"el perico\" \/>\n<meta property=\"article:publisher\" content=\"https:\/\/www.facebook.com\/elpericoomaha\" \/>\n<meta property=\"article:published_time\" content=\"2020-03-22T05:14:11+00:00\" \/>\n<meta name=\"author\" content=\"El Perico Staff\" \/>\n<meta name=\"twitter:card\" content=\"summary_large_image\" \/>\n<meta name=\"twitter:label1\" content=\"Escrito por\" \/>\n\t<meta name=\"twitter:data1\" content=\"El Perico Staff\" \/>\n\t<meta name=\"twitter:label2\" content=\"Tiempo de lectura\" \/>\n\t<meta name=\"twitter:data2\" content=\"1 minuto\" \/>\n\t<meta name=\"twitter:label3\" content=\"Written by\" \/>\n\t<meta name=\"twitter:data3\" content=\"El Perico Staff\" \/>\n<script type=\"application\/ld+json\" class=\"yoast-schema-graph\">{\"@context\":\"https:\\\/\\\/schema.org\",\"@graph\":[{\"@type\":\"Article\",\"@id\":\"https:\\\/\\\/el-perico.com\\\/es\\\/nuevos-seis-casos-de-covid-19-confirmados-en-omaha\\\/#article\",\"isPartOf\":{\"@id\":\"https:\\\/\\\/el-perico.com\\\/es\\\/nuevos-seis-casos-de-covid-19-confirmados-en-omaha\\\/\"},\"author\":{\"name\":\"El Perico Staff\",\"@id\":\"https:\\\/\\\/el-perico.com\\\/es\\\/#\\\/schema\\\/person\\\/1956e5e63b94d4bd0daf30675bdf4a93\"},\"headline\":\"Seis nuevos casos de COVID-19 confirmados en Omaha\",\"datePublished\":\"2020-03-22T05:14:11+00:00\",\"mainEntityOfPage\":{\"@id\":\"https:\\\/\\\/el-perico.com\\\/es\\\/nuevos-seis-casos-de-covid-19-confirmados-en-omaha\\\/\"},\"wordCount\":227,\"commentCount\":0,\"publisher\":{\"@id\":\"https:\\\/\\\/el-perico.com\\\/es\\\/#organization\"},\"image\":{\"@id\":\"https:\\\/\\\/el-perico.com\\\/es\\\/nuevos-seis-casos-de-covid-19-confirmados-en-omaha\\\/#primaryimage\"},\"thumbnailUrl\":\"\",\"keywords\":[\"cases\",\"coronavirus\",\"COVID-19\",\"nebraska\",\"omaha\"],\"articleSection\":[\"Comunidad\",\"Reportaje\",\"Salud\"],\"inLanguage\":\"es\",\"potentialAction\":[{\"@type\":\"CommentAction\",\"name\":\"Comment\",\"target\":[\"https:\\\/\\\/el-perico.com\\\/es\\\/nuevos-seis-casos-de-covid-19-confirmados-en-omaha\\\/#respond\"]}]},{\"@type\":\"WebPage\",\"@id\":\"https:\\\/\\\/el-perico.com\\\/es\\\/nuevos-seis-casos-de-covid-19-confirmados-en-omaha\\\/\",\"url\":\"https:\\\/\\\/el-perico.com\\\/es\\\/nuevos-seis-casos-de-covid-19-confirmados-en-omaha\\\/\",\"name\":\"Seis nuevos casos de COVID-19 confirmados en Omaha - el perico\",\"isPartOf\":{\"@id\":\"https:\\\/\\\/el-perico.com\\\/es\\\/#website\"},\"primaryImageOfPage\":{\"@id\":\"https:\\\/\\\/el-perico.com\\\/es\\\/nuevos-seis-casos-de-covid-19-confirmados-en-omaha\\\/#primaryimage\"},\"image\":{\"@id\":\"https:\\\/\\\/el-perico.com\\\/es\\\/nuevos-seis-casos-de-covid-19-confirmados-en-omaha\\\/#primaryimage\"},\"thumbnailUrl\":\"\",\"datePublished\":\"2020-03-22T05:14:11+00:00\",\"breadcrumb\":{\"@id\":\"https:\\\/\\\/el-perico.com\\\/es\\\/nuevos-seis-casos-de-covid-19-confirmados-en-omaha\\\/#breadcrumb\"},\"inLanguage\":\"es\",\"potentialAction\":[{\"@type\":\"ReadAction\",\"target\":[\"https:\\\/\\\/el-perico.com\\\/es\\\/nuevos-seis-casos-de-covid-19-confirmados-en-omaha\\\/\"]}]},{\"@type\":\"ImageObject\",\"inLanguage\":\"es\",\"@id\":\"https:\\\/\\\/el-perico.com\\\/es\\\/nuevos-seis-casos-de-covid-19-confirmados-en-omaha\\\/#primaryimage\",\"url\":\"\",\"contentUrl\":\"\"},{\"@type\":\"BreadcrumbList\",\"@id\":\"https:\\\/\\\/el-perico.com\\\/es\\\/nuevos-seis-casos-de-covid-19-confirmados-en-omaha\\\/#breadcrumb\",\"itemListElement\":[{\"@type\":\"ListItem\",\"position\":1,\"name\":\"Home\",\"item\":\"https:\\\/\\\/el-perico.com\\\/es\\\/\"},{\"@type\":\"ListItem\",\"position\":2,\"name\":\"Seis nuevos casos de COVID-19 confirmados en Omaha\"}]},{\"@type\":\"WebSite\",\"@id\":\"https:\\\/\\\/el-perico.com\\\/es\\\/#website\",\"url\":\"https:\\\/\\\/el-perico.com\\\/es\\\/\",\"name\":\"el perico\",\"description\":\"La plataforma original de noticias e informaci\u00f3n para la comunidad hispana de Omaha\",\"publisher\":{\"@id\":\"https:\\\/\\\/el-perico.com\\\/es\\\/#organization\"},\"potentialAction\":[{\"@type\":\"SearchAction\",\"target\":{\"@type\":\"EntryPoint\",\"urlTemplate\":\"https:\\\/\\\/el-perico.com\\\/es\\\/?s={search_term_string}\"},\"query-input\":{\"@type\":\"PropertyValueSpecification\",\"valueRequired\":true,\"valueName\":\"search_term_string\"}}],\"inLanguage\":\"es\"},{\"@type\":\"Organization\",\"@id\":\"https:\\\/\\\/el-perico.com\\\/es\\\/#organization\",\"name\":\"el perico\",\"url\":\"https:\\\/\\\/el-perico.com\\\/es\\\/\",\"logo\":{\"@type\":\"ImageObject\",\"inLanguage\":\"es\",\"@id\":\"https:\\\/\\\/el-perico.com\\\/es\\\/#\\\/schema\\\/logo\\\/image\\\/\",\"url\":\"https:\\\/\\\/el-perico.com\\\/wp-content\\\/uploads\\\/2024\\\/05\\\/ElPerico-Logo_NPM-1-e1717102187440.png\",\"contentUrl\":\"https:\\\/\\\/el-perico.com\\\/wp-content\\\/uploads\\\/2024\\\/05\\\/ElPerico-Logo_NPM-1-e1717102187440.png\",\"width\":648,\"height\":216,\"caption\":\"el perico\"},\"image\":{\"@id\":\"https:\\\/\\\/el-perico.com\\\/es\\\/#\\\/schema\\\/logo\\\/image\\\/\"},\"sameAs\":[\"https:\\\/\\\/www.facebook.com\\\/elpericoomaha\"]},{\"@type\":\"Person\",\"@id\":\"https:\\\/\\\/el-perico.com\\\/es\\\/#\\\/schema\\\/person\\\/1956e5e63b94d4bd0daf30675bdf4a93\",\"name\":\"El Perico Staff\",\"image\":{\"@type\":\"ImageObject\",\"inLanguage\":\"es\",\"@id\":\"https:\\\/\\\/secure.gravatar.com\\\/avatar\\\/701b23c665bfde9fd4d874d31feb4c16bf2ac173b2b0b7224dc39896d4cfc381?s=96&d=mm&r=g80b2efc5844e688a6ffb9340c789e4c4\",\"url\":\"https:\\\/\\\/secure.gravatar.com\\\/avatar\\\/701b23c665bfde9fd4d874d31feb4c16bf2ac173b2b0b7224dc39896d4cfc381?s=96&d=mm&r=g\",\"contentUrl\":\"https:\\\/\\\/secure.gravatar.com\\\/avatar\\\/701b23c665bfde9fd4d874d31feb4c16bf2ac173b2b0b7224dc39896d4cfc381?s=96&d=mm&r=g\",\"caption\":\"El Perico Staff\"},\"sameAs\":[\"https:\\\/\\\/el-perico.com\"],\"url\":\"https:\\\/\\\/el-perico.com\\\/es\\\/author\\\/af6f1d62_admin\\\/\"}]}<\/script>\n<!-- \/ Yoast SEO plugin. -->","yoast_head_json":{"title":"Seis nuevos casos de COVID-19 confirmados en Omaha - el perico","robots":{"index":"index","follow":"follow","max-snippet":"max-snippet:-1","max-image-preview":"max-image-preview:large","max-video-preview":"max-video-preview:-1"},"canonical":"https:\/\/el-perico.com\/es\/nuevos-seis-casos-de-covid-19-confirmados-en-omaha\/","og_locale":"es_ES","og_type":"article","og_title":"Seis nuevos casos de COVID-19 confirmados en Omaha - el perico","og_description":"Captura de pantalla del CDC. Fuente: www.cdc.gov Al menos son 34 los casos que se registraron en el condado de Douglas, en estos est\u00e1n incluidos tres infecciones que se registraron el s\u00e1bado y estuvieron relacionadas con los viajes, y otros tres que tuvieron contacto con una persona que hab\u00eda dado positivo por la enfermedad, as\u00ed [&hellip;]","og_url":"https:\/\/el-perico.com\/es\/nuevos-seis-casos-de-covid-19-confirmados-en-omaha\/","og_site_name":"el perico","article_publisher":"https:\/\/www.facebook.com\/elpericoomaha","article_published_time":"2020-03-22T05:14:11+00:00","author":"El Perico Staff","twitter_card":"summary_large_image","twitter_misc":{"Escrito por":"El Perico Staff","Tiempo de lectura":"1 minuto","Written by":"El Perico Staff"},"schema":{"@context":"https:\/\/schema.org","@graph":[{"@type":"Article","@id":"https:\/\/el-perico.com\/es\/nuevos-seis-casos-de-covid-19-confirmados-en-omaha\/#article","isPartOf":{"@id":"https:\/\/el-perico.com\/es\/nuevos-seis-casos-de-covid-19-confirmados-en-omaha\/"},"author":{"name":"El Perico Staff","@id":"https:\/\/el-perico.com\/es\/#\/schema\/person\/1956e5e63b94d4bd0daf30675bdf4a93"},"headline":"Seis nuevos casos de COVID-19 confirmados en Omaha","datePublished":"2020-03-22T05:14:11+00:00","mainEntityOfPage":{"@id":"https:\/\/el-perico.com\/es\/nuevos-seis-casos-de-covid-19-confirmados-en-omaha\/"},"wordCount":227,"commentCount":0,"publisher":{"@id":"https:\/\/el-perico.com\/es\/#organization"},"image":{"@id":"https:\/\/el-perico.com\/es\/nuevos-seis-casos-de-covid-19-confirmados-en-omaha\/#primaryimage"},"thumbnailUrl":"","keywords":["cases","coronavirus","COVID-19","nebraska","omaha"],"articleSection":["Comunidad","Reportaje","Salud"],"inLanguage":"es","potentialAction":[{"@type":"CommentAction","name":"Comment","target":["https:\/\/el-perico.com\/es\/nuevos-seis-casos-de-covid-19-confirmados-en-omaha\/#respond"]}]},{"@type":"WebPage","@id":"https:\/\/el-perico.com\/es\/nuevos-seis-casos-de-covid-19-confirmados-en-omaha\/","url":"https:\/\/el-perico.com\/es\/nuevos-seis-casos-de-covid-19-confirmados-en-omaha\/","name":"Seis nuevos casos de COVID-19 confirmados en Omaha - el perico","isPartOf":{"@id":"https:\/\/el-perico.com\/es\/#website"},"primaryImageOfPage":{"@id":"https:\/\/el-perico.com\/es\/nuevos-seis-casos-de-covid-19-confirmados-en-omaha\/#primaryimage"},"image":{"@id":"https:\/\/el-perico.com\/es\/nuevos-seis-casos-de-covid-19-confirmados-en-omaha\/#primaryimage"},"thumbnailUrl":"","datePublished":"2020-03-22T05:14:11+00:00","breadcrumb":{"@id":"https:\/\/el-perico.com\/es\/nuevos-seis-casos-de-covid-19-confirmados-en-omaha\/#breadcrumb"},"inLanguage":"es","potentialAction":[{"@type":"ReadAction","target":["https:\/\/el-perico.com\/es\/nuevos-seis-casos-de-covid-19-confirmados-en-omaha\/"]}]},{"@type":"ImageObject","inLanguage":"es","@id":"https:\/\/el-perico.com\/es\/nuevos-seis-casos-de-covid-19-confirmados-en-omaha\/#primaryimage","url":"","contentUrl":""},{"@type":"BreadcrumbList","@id":"https:\/\/el-perico.com\/es\/nuevos-seis-casos-de-covid-19-confirmados-en-omaha\/#breadcrumb","itemListElement":[{"@type":"ListItem","position":1,"name":"Home","item":"https:\/\/el-perico.com\/es\/"},{"@type":"ListItem","position":2,"name":"Seis nuevos casos de COVID-19 confirmados en Omaha"}]},{"@type":"WebSite","@id":"https:\/\/el-perico.com\/es\/#website","url":"https:\/\/el-perico.com\/es\/","name":"el perico","description":"La plataforma original de noticias e informaci\u00f3n para la comunidad hispana de Omaha","publisher":{"@id":"https:\/\/el-perico.com\/es\/#organization"},"potentialAction":[{"@type":"SearchAction","target":{"@type":"EntryPoint","urlTemplate":"https:\/\/el-perico.com\/es\/?s={search_term_string}"},"query-input":{"@type":"PropertyValueSpecification","valueRequired":true,"valueName":"search_term_string"}}],"inLanguage":"es"},{"@type":"Organization","@id":"https:\/\/el-perico.com\/es\/#organization","name":"el perico","url":"https:\/\/el-perico.com\/es\/","logo":{"@type":"ImageObject","inLanguage":"es","@id":"https:\/\/el-perico.com\/es\/#\/schema\/logo\/image\/","url":"https:\/\/el-perico.com\/wp-content\/uploads\/2024\/05\/ElPerico-Logo_NPM-1-e1717102187440.png","contentUrl":"https:\/\/el-perico.com\/wp-content\/uploads\/2024\/05\/ElPerico-Logo_NPM-1-e1717102187440.png","width":648,"height":216,"caption":"el perico"},"image":{"@id":"https:\/\/el-perico.com\/es\/#\/schema\/logo\/image\/"},"sameAs":["https:\/\/www.facebook.com\/elpericoomaha"]},{"@type":"Person","@id":"https:\/\/el-perico.com\/es\/#\/schema\/person\/1956e5e63b94d4bd0daf30675bdf4a93","name":"El Perico Staff","image":{"@type":"ImageObject","inLanguage":"es","@id":"https:\/\/secure.gravatar.com\/avatar\/701b23c665bfde9fd4d874d31feb4c16bf2ac173b2b0b7224dc39896d4cfc381?s=96&d=mm&r=g80b2efc5844e688a6ffb9340c789e4c4","url":"https:\/\/secure.gravatar.com\/avatar\/701b23c665bfde9fd4d874d31feb4c16bf2ac173b2b0b7224dc39896d4cfc381?s=96&d=mm&r=g","contentUrl":"https:\/\/secure.gravatar.com\/avatar\/701b23c665bfde9fd4d874d31feb4c16bf2ac173b2b0b7224dc39896d4cfc381?s=96&d=mm&r=g","caption":"El Perico Staff"},"sameAs":["https:\/\/el-perico.com"],"url":"https:\/\/el-perico.com\/es\/author\/af6f1d62_admin\/"}]}},"_links":{"self":[{"href":"https:\/\/el-perico.com\/es\/wp-json\/wp\/v2\/posts\/3065","targetHints":{"allow":["GET"]}}],"collection":[{"href":"https:\/\/el-perico.com\/es\/wp-json\/wp\/v2\/posts"}],"about":[{"href":"https:\/\/el-perico.com\/es\/wp-json\/wp\/v2\/types\/post"}],"author":[{"embeddable":true,"href":"https:\/\/el-perico.com\/es\/wp-json\/wp\/v2\/users\/1"}],"replies":[{"embeddable":true,"href":"https:\/\/el-perico.com\/es\/wp-json\/wp\/v2\/comments?post=3065"}],"version-history":[{"count":0,"href":"https:\/\/el-perico.com\/es\/wp-json\/wp\/v2\/posts\/3065\/revisions"}],"wp:featuredmedia":[{"embeddable":true,"href":"https:\/\/el-perico.com\/es\/wp-json\/"}],"wp:attachment":[{"href":"https:\/\/el-perico.com\/es\/wp-json\/wp\/v2\/media?parent=3065"}],"wp:term":[{"taxonomy":"category","embeddable":true,"href":"https:\/\/el-perico.com\/es\/wp-json\/wp\/v2\/categories?post=3065"},{"taxonomy":"post_tag","embeddable":true,"href":"https:\/\/el-perico.com\/es\/wp-json\/wp\/v2\/tags?post=3065"},{"taxonomy":"newspack_spnsrs_tax","embeddable":true,"href":"https:\/\/el-perico.com\/es\/wp-json\/wp\/v2\/newspack_spnsrs_tax?post=3065"},{"taxonomy":"author","embeddable":true,"href":"https:\/\/el-perico.com\/es\/wp-json\/wp\/v2\/coauthors?post=3065"}],"curies":[{"name":"wp","href":"https:\/\/api.w.org\/{rel}","templated":true}]}}