{"id":3059,"date":"2020-03-22T01:15:33","date_gmt":"2020-03-22T01:15:33","guid":{"rendered":"https:\/\/el-perico.com\/?p=3059"},"modified":"2020-03-22T01:15:33","modified_gmt":"2020-03-22T01:15:33","slug":"por-el-codiv-19-los-hispanos-de-omaha-podran-atender-misas-virtuales","status":"publish","type":"post","link":"https:\/\/el-perico.com\/es\/por-el-codiv-19-los-hispanos-de-omaha-podran-atender-misas-virtuales\/","title":{"rendered":"Por el Codiv-19 los hispanos de Omaha podr\u00e1n atender misas virtuales"},"content":{"rendered":"<p><img loading=\"lazy\" decoding=\"async\" class=\"alignnone wp-image-3060\" src=\"https:\/\/el-perico.com\/wp-content\/uploads\/2020\/03\/peterpaulinterior-300x225.jpg\" alt=\"\" width=\"704\" height=\"528\" \/><span style=\"color: #999999;\"><em>Las misas ahora se ofrecer\u00e1n de manera virtual. Foto referencial<\/em><\/span><br \/>\nLa Arquidi\u00f3cesis de Omaha anunci\u00f3 la semana pasada que todas las misas p\u00fablicas y comunitarias u otro tipo de liturgias quedan <a href=\"https:\/\/archomaha.org\/archbishop-lucas-suspends-public-masses-and-celebrations\/\">suspendidas indefinidamente<\/a>, tambi\u00e9n fueron suspendidas las reuniones referentes al consumo de pescado frito los viernes (Parish french fries), por recomendaciones del Centro de Control y Prevenci\u00f3n de Enfermedades y el gobernador de Nebraska, Pete Ricketts.<br \/>\nLas recomendaron se refer\u00edan a la cancelaci\u00f3n de reuniones p\u00fablicas con m\u00e1s de 10 o m\u00e1s personas, a prop\u00f3sito de la pandemia del COVID-19 y evitar futuros contagios.<br \/>\nEn Nebraska actualmente hay <a href=\"https:\/\/coronavirus.jhu.edu\/map.html\">38 casos<\/a> de personas infectadas con el virus, que se transmite de persona a persona, por lo que las autoridades buscan la manera de que esos n\u00fameros no aumenten.<br \/>\nSin embargo, ante la pandemia muchas personas han optado por refugiarse en la f\u00e9 y las religiones para, a trav\u00e9s de oraciones, buscar una salida a la crisis social y econ\u00f3mica que se est\u00e1 viviendo.<br \/>\nPara los devotos cat\u00f3licos podr\u00e1n escuchar la misa dominical por EWTN en Espa\u00f1ol:<a href=\"https:\/\/archomaha.org\/ewtn-en-espanol\/\">\u00a0https:\/\/archomaha.org\/ewtn-en-espanol\/<\/a><br \/>\nY quienes participen en otras congregaciones cristianas la organizaci\u00f3n Familia de Dos Ministerios tambi\u00e9n ofrece \u201cla iglesia en tu casa\u201d por varios canales como <a href=\"https:\/\/www.facebook.com\/fddomaha\">Facebook Live<\/a> y <a href=\"https:\/\/www.youtube.com\/channel\/UCTceF0bGGzPpFGrFP5l8YFA\">Youtube Live<\/a>.<\/p>\n","protected":false},"excerpt":{"rendered":"<p>Las misas ahora se ofrecer\u00e1n de manera virtual. Foto referencial La Arquidi\u00f3cesis de Omaha anunci\u00f3 la semana pasada que todas las misas p\u00fablicas y comunitarias u otro tipo de liturgias quedan suspendidas indefinidamente, tambi\u00e9n fueron suspendidas las reuniones referentes al consumo de pescado frito los viernes (Parish french fries), por recomendaciones del Centro de Control [&hellip;]<\/p>\n","protected":false},"author":1,"featured_media":3060,"comment_status":"open","ping_status":"closed","sticky":false,"template":"","format":"standard","meta":{"newspack_ads_suppress_ads":false,"_newspack_byline_active":false,"_newspack_byline":"","newspack_hide_updated_date":false,"newspack_show_updated_date":false,"newspack_content_restriction_is_exempt":false,"newspack_featured_image_position":"","newspack_post_subtitle":"","newspack_article_summary_title":"Overview:","newspack_article_summary":"","footnotes":""},"categories":[39,46],"tags":[62,63,64,15],"newspack_spnsrs_tax":[],"coauthors":[],"class_list":["post-3059","post","type-post","status-publish","format-standard","has-post-thumbnail","hentry","category-comunidad","category-reportaje","tag-codiv-19","tag-mass","tag-misa","tag-omaha-en","entry"],"yoast_head":"<!-- This site is optimized with the Yoast SEO plugin v27.5 - https:\/\/yoast.com\/product\/yoast-seo-wordpress\/ -->\n<title>Por el Codiv-19 los hispanos de Omaha podr\u00e1n atender misas virtuales - el perico<\/title>\n<meta name=\"robots\" content=\"index, follow, max-snippet:-1, max-image-preview:large, max-video-preview:-1\" \/>\n<link rel=\"canonical\" href=\"https:\/\/el-perico.com\/es\/por-el-codiv-19-los-hispanos-de-omaha-podran-atender-misas-virtuales\/\" \/>\n<meta property=\"og:locale\" content=\"es_ES\" \/>\n<meta property=\"og:type\" content=\"article\" \/>\n<meta property=\"og:title\" content=\"Por el Codiv-19 los hispanos de Omaha podr\u00e1n atender misas virtuales - el perico\" \/>\n<meta property=\"og:description\" content=\"Las misas ahora se ofrecer\u00e1n de manera virtual. Foto referencial La Arquidi\u00f3cesis de Omaha anunci\u00f3 la semana pasada que todas las misas p\u00fablicas y comunitarias u otro tipo de liturgias quedan suspendidas indefinidamente, tambi\u00e9n fueron suspendidas las reuniones referentes al consumo de pescado frito los viernes (Parish french fries), por recomendaciones del Centro de Control [&hellip;]\" \/>\n<meta property=\"og:url\" content=\"https:\/\/el-perico.com\/es\/por-el-codiv-19-los-hispanos-de-omaha-podran-atender-misas-virtuales\/\" \/>\n<meta property=\"og:site_name\" content=\"el perico\" \/>\n<meta property=\"article:publisher\" content=\"https:\/\/www.facebook.com\/elpericoomaha\" \/>\n<meta property=\"article:published_time\" content=\"2020-03-22T01:15:33+00:00\" \/>\n<meta name=\"author\" content=\"El Perico Staff\" \/>\n<meta name=\"twitter:card\" content=\"summary_large_image\" \/>\n<meta name=\"twitter:label1\" content=\"Escrito por\" \/>\n\t<meta name=\"twitter:data1\" content=\"El Perico Staff\" \/>\n\t<meta name=\"twitter:label2\" content=\"Tiempo de lectura\" \/>\n\t<meta name=\"twitter:data2\" content=\"1 minuto\" \/>\n\t<meta name=\"twitter:label3\" content=\"Written by\" \/>\n\t<meta name=\"twitter:data3\" content=\"El Perico Staff\" \/>\n<script type=\"application\/ld+json\" class=\"yoast-schema-graph\">{\"@context\":\"https:\\\/\\\/schema.org\",\"@graph\":[{\"@type\":\"Article\",\"@id\":\"https:\\\/\\\/el-perico.com\\\/es\\\/por-el-codiv-19-los-hispanos-de-omaha-podran-atender-misas-virtuales\\\/#article\",\"isPartOf\":{\"@id\":\"https:\\\/\\\/el-perico.com\\\/es\\\/por-el-codiv-19-los-hispanos-de-omaha-podran-atender-misas-virtuales\\\/\"},\"author\":{\"name\":\"El Perico Staff\",\"@id\":\"https:\\\/\\\/el-perico.com\\\/es\\\/#\\\/schema\\\/person\\\/1956e5e63b94d4bd0daf30675bdf4a93\"},\"headline\":\"Por el Codiv-19 los hispanos de Omaha podr\u00e1n atender misas virtuales\",\"datePublished\":\"2020-03-22T01:15:33+00:00\",\"mainEntityOfPage\":{\"@id\":\"https:\\\/\\\/el-perico.com\\\/es\\\/por-el-codiv-19-los-hispanos-de-omaha-podran-atender-misas-virtuales\\\/\"},\"wordCount\":237,\"commentCount\":0,\"publisher\":{\"@id\":\"https:\\\/\\\/el-perico.com\\\/es\\\/#organization\"},\"image\":{\"@id\":\"https:\\\/\\\/el-perico.com\\\/es\\\/por-el-codiv-19-los-hispanos-de-omaha-podran-atender-misas-virtuales\\\/#primaryimage\"},\"thumbnailUrl\":\"\",\"keywords\":[\"CODIV-19\",\"mass\",\"misa\",\"omaha\"],\"articleSection\":[\"Comunidad\",\"Reportaje\"],\"inLanguage\":\"es\",\"potentialAction\":[{\"@type\":\"CommentAction\",\"name\":\"Comment\",\"target\":[\"https:\\\/\\\/el-perico.com\\\/es\\\/por-el-codiv-19-los-hispanos-de-omaha-podran-atender-misas-virtuales\\\/#respond\"]}]},{\"@type\":\"WebPage\",\"@id\":\"https:\\\/\\\/el-perico.com\\\/es\\\/por-el-codiv-19-los-hispanos-de-omaha-podran-atender-misas-virtuales\\\/\",\"url\":\"https:\\\/\\\/el-perico.com\\\/es\\\/por-el-codiv-19-los-hispanos-de-omaha-podran-atender-misas-virtuales\\\/\",\"name\":\"Por el Codiv-19 los hispanos de Omaha podr\u00e1n atender misas virtuales - el perico\",\"isPartOf\":{\"@id\":\"https:\\\/\\\/el-perico.com\\\/es\\\/#website\"},\"primaryImageOfPage\":{\"@id\":\"https:\\\/\\\/el-perico.com\\\/es\\\/por-el-codiv-19-los-hispanos-de-omaha-podran-atender-misas-virtuales\\\/#primaryimage\"},\"image\":{\"@id\":\"https:\\\/\\\/el-perico.com\\\/es\\\/por-el-codiv-19-los-hispanos-de-omaha-podran-atender-misas-virtuales\\\/#primaryimage\"},\"thumbnailUrl\":\"\",\"datePublished\":\"2020-03-22T01:15:33+00:00\",\"breadcrumb\":{\"@id\":\"https:\\\/\\\/el-perico.com\\\/es\\\/por-el-codiv-19-los-hispanos-de-omaha-podran-atender-misas-virtuales\\\/#breadcrumb\"},\"inLanguage\":\"es\",\"potentialAction\":[{\"@type\":\"ReadAction\",\"target\":[\"https:\\\/\\\/el-perico.com\\\/es\\\/por-el-codiv-19-los-hispanos-de-omaha-podran-atender-misas-virtuales\\\/\"]}]},{\"@type\":\"ImageObject\",\"inLanguage\":\"es\",\"@id\":\"https:\\\/\\\/el-perico.com\\\/es\\\/por-el-codiv-19-los-hispanos-de-omaha-podran-atender-misas-virtuales\\\/#primaryimage\",\"url\":\"\",\"contentUrl\":\"\"},{\"@type\":\"BreadcrumbList\",\"@id\":\"https:\\\/\\\/el-perico.com\\\/es\\\/por-el-codiv-19-los-hispanos-de-omaha-podran-atender-misas-virtuales\\\/#breadcrumb\",\"itemListElement\":[{\"@type\":\"ListItem\",\"position\":1,\"name\":\"Home\",\"item\":\"https:\\\/\\\/el-perico.com\\\/es\\\/\"},{\"@type\":\"ListItem\",\"position\":2,\"name\":\"Por el Codiv-19 los hispanos de Omaha podr\u00e1n atender misas virtuales\"}]},{\"@type\":\"WebSite\",\"@id\":\"https:\\\/\\\/el-perico.com\\\/es\\\/#website\",\"url\":\"https:\\\/\\\/el-perico.com\\\/es\\\/\",\"name\":\"el perico\",\"description\":\"La plataforma original de noticias e informaci\u00f3n para la comunidad hispana de Omaha\",\"publisher\":{\"@id\":\"https:\\\/\\\/el-perico.com\\\/es\\\/#organization\"},\"potentialAction\":[{\"@type\":\"SearchAction\",\"target\":{\"@type\":\"EntryPoint\",\"urlTemplate\":\"https:\\\/\\\/el-perico.com\\\/es\\\/?s={search_term_string}\"},\"query-input\":{\"@type\":\"PropertyValueSpecification\",\"valueRequired\":true,\"valueName\":\"search_term_string\"}}],\"inLanguage\":\"es\"},{\"@type\":\"Organization\",\"@id\":\"https:\\\/\\\/el-perico.com\\\/es\\\/#organization\",\"name\":\"el perico\",\"url\":\"https:\\\/\\\/el-perico.com\\\/es\\\/\",\"logo\":{\"@type\":\"ImageObject\",\"inLanguage\":\"es\",\"@id\":\"https:\\\/\\\/el-perico.com\\\/es\\\/#\\\/schema\\\/logo\\\/image\\\/\",\"url\":\"https:\\\/\\\/el-perico.com\\\/wp-content\\\/uploads\\\/2024\\\/05\\\/ElPerico-Logo_NPM-1-e1717102187440.png\",\"contentUrl\":\"https:\\\/\\\/el-perico.com\\\/wp-content\\\/uploads\\\/2024\\\/05\\\/ElPerico-Logo_NPM-1-e1717102187440.png\",\"width\":648,\"height\":216,\"caption\":\"el perico\"},\"image\":{\"@id\":\"https:\\\/\\\/el-perico.com\\\/es\\\/#\\\/schema\\\/logo\\\/image\\\/\"},\"sameAs\":[\"https:\\\/\\\/www.facebook.com\\\/elpericoomaha\"]},{\"@type\":\"Person\",\"@id\":\"https:\\\/\\\/el-perico.com\\\/es\\\/#\\\/schema\\\/person\\\/1956e5e63b94d4bd0daf30675bdf4a93\",\"name\":\"El Perico Staff\",\"image\":{\"@type\":\"ImageObject\",\"inLanguage\":\"es\",\"@id\":\"https:\\\/\\\/secure.gravatar.com\\\/avatar\\\/701b23c665bfde9fd4d874d31feb4c16bf2ac173b2b0b7224dc39896d4cfc381?s=96&d=mm&r=g80b2efc5844e688a6ffb9340c789e4c4\",\"url\":\"https:\\\/\\\/secure.gravatar.com\\\/avatar\\\/701b23c665bfde9fd4d874d31feb4c16bf2ac173b2b0b7224dc39896d4cfc381?s=96&d=mm&r=g\",\"contentUrl\":\"https:\\\/\\\/secure.gravatar.com\\\/avatar\\\/701b23c665bfde9fd4d874d31feb4c16bf2ac173b2b0b7224dc39896d4cfc381?s=96&d=mm&r=g\",\"caption\":\"El Perico Staff\"},\"sameAs\":[\"https:\\\/\\\/el-perico.com\"],\"url\":\"https:\\\/\\\/el-perico.com\\\/es\\\/author\\\/af6f1d62_admin\\\/\"}]}<\/script>\n<!-- \/ Yoast SEO plugin. -->","yoast_head_json":{"title":"Por el Codiv-19 los hispanos de Omaha podr\u00e1n atender misas virtuales - el perico","robots":{"index":"index","follow":"follow","max-snippet":"max-snippet:-1","max-image-preview":"max-image-preview:large","max-video-preview":"max-video-preview:-1"},"canonical":"https:\/\/el-perico.com\/es\/por-el-codiv-19-los-hispanos-de-omaha-podran-atender-misas-virtuales\/","og_locale":"es_ES","og_type":"article","og_title":"Por el Codiv-19 los hispanos de Omaha podr\u00e1n atender misas virtuales - el perico","og_description":"Las misas ahora se ofrecer\u00e1n de manera virtual. Foto referencial La Arquidi\u00f3cesis de Omaha anunci\u00f3 la semana pasada que todas las misas p\u00fablicas y comunitarias u otro tipo de liturgias quedan suspendidas indefinidamente, tambi\u00e9n fueron suspendidas las reuniones referentes al consumo de pescado frito los viernes (Parish french fries), por recomendaciones del Centro de Control [&hellip;]","og_url":"https:\/\/el-perico.com\/es\/por-el-codiv-19-los-hispanos-de-omaha-podran-atender-misas-virtuales\/","og_site_name":"el perico","article_publisher":"https:\/\/www.facebook.com\/elpericoomaha","article_published_time":"2020-03-22T01:15:33+00:00","author":"El Perico Staff","twitter_card":"summary_large_image","twitter_misc":{"Escrito por":"El Perico Staff","Tiempo de lectura":"1 minuto","Written by":"El Perico Staff"},"schema":{"@context":"https:\/\/schema.org","@graph":[{"@type":"Article","@id":"https:\/\/el-perico.com\/es\/por-el-codiv-19-los-hispanos-de-omaha-podran-atender-misas-virtuales\/#article","isPartOf":{"@id":"https:\/\/el-perico.com\/es\/por-el-codiv-19-los-hispanos-de-omaha-podran-atender-misas-virtuales\/"},"author":{"name":"El Perico Staff","@id":"https:\/\/el-perico.com\/es\/#\/schema\/person\/1956e5e63b94d4bd0daf30675bdf4a93"},"headline":"Por el Codiv-19 los hispanos de Omaha podr\u00e1n atender misas virtuales","datePublished":"2020-03-22T01:15:33+00:00","mainEntityOfPage":{"@id":"https:\/\/el-perico.com\/es\/por-el-codiv-19-los-hispanos-de-omaha-podran-atender-misas-virtuales\/"},"wordCount":237,"commentCount":0,"publisher":{"@id":"https:\/\/el-perico.com\/es\/#organization"},"image":{"@id":"https:\/\/el-perico.com\/es\/por-el-codiv-19-los-hispanos-de-omaha-podran-atender-misas-virtuales\/#primaryimage"},"thumbnailUrl":"","keywords":["CODIV-19","mass","misa","omaha"],"articleSection":["Comunidad","Reportaje"],"inLanguage":"es","potentialAction":[{"@type":"CommentAction","name":"Comment","target":["https:\/\/el-perico.com\/es\/por-el-codiv-19-los-hispanos-de-omaha-podran-atender-misas-virtuales\/#respond"]}]},{"@type":"WebPage","@id":"https:\/\/el-perico.com\/es\/por-el-codiv-19-los-hispanos-de-omaha-podran-atender-misas-virtuales\/","url":"https:\/\/el-perico.com\/es\/por-el-codiv-19-los-hispanos-de-omaha-podran-atender-misas-virtuales\/","name":"Por el Codiv-19 los hispanos de Omaha podr\u00e1n atender misas virtuales - el perico","isPartOf":{"@id":"https:\/\/el-perico.com\/es\/#website"},"primaryImageOfPage":{"@id":"https:\/\/el-perico.com\/es\/por-el-codiv-19-los-hispanos-de-omaha-podran-atender-misas-virtuales\/#primaryimage"},"image":{"@id":"https:\/\/el-perico.com\/es\/por-el-codiv-19-los-hispanos-de-omaha-podran-atender-misas-virtuales\/#primaryimage"},"thumbnailUrl":"","datePublished":"2020-03-22T01:15:33+00:00","breadcrumb":{"@id":"https:\/\/el-perico.com\/es\/por-el-codiv-19-los-hispanos-de-omaha-podran-atender-misas-virtuales\/#breadcrumb"},"inLanguage":"es","potentialAction":[{"@type":"ReadAction","target":["https:\/\/el-perico.com\/es\/por-el-codiv-19-los-hispanos-de-omaha-podran-atender-misas-virtuales\/"]}]},{"@type":"ImageObject","inLanguage":"es","@id":"https:\/\/el-perico.com\/es\/por-el-codiv-19-los-hispanos-de-omaha-podran-atender-misas-virtuales\/#primaryimage","url":"","contentUrl":""},{"@type":"BreadcrumbList","@id":"https:\/\/el-perico.com\/es\/por-el-codiv-19-los-hispanos-de-omaha-podran-atender-misas-virtuales\/#breadcrumb","itemListElement":[{"@type":"ListItem","position":1,"name":"Home","item":"https:\/\/el-perico.com\/es\/"},{"@type":"ListItem","position":2,"name":"Por el Codiv-19 los hispanos de Omaha podr\u00e1n atender misas virtuales"}]},{"@type":"WebSite","@id":"https:\/\/el-perico.com\/es\/#website","url":"https:\/\/el-perico.com\/es\/","name":"el perico","description":"La plataforma original de noticias e informaci\u00f3n para la comunidad hispana de Omaha","publisher":{"@id":"https:\/\/el-perico.com\/es\/#organization"},"potentialAction":[{"@type":"SearchAction","target":{"@type":"EntryPoint","urlTemplate":"https:\/\/el-perico.com\/es\/?s={search_term_string}"},"query-input":{"@type":"PropertyValueSpecification","valueRequired":true,"valueName":"search_term_string"}}],"inLanguage":"es"},{"@type":"Organization","@id":"https:\/\/el-perico.com\/es\/#organization","name":"el perico","url":"https:\/\/el-perico.com\/es\/","logo":{"@type":"ImageObject","inLanguage":"es","@id":"https:\/\/el-perico.com\/es\/#\/schema\/logo\/image\/","url":"https:\/\/el-perico.com\/wp-content\/uploads\/2024\/05\/ElPerico-Logo_NPM-1-e1717102187440.png","contentUrl":"https:\/\/el-perico.com\/wp-content\/uploads\/2024\/05\/ElPerico-Logo_NPM-1-e1717102187440.png","width":648,"height":216,"caption":"el perico"},"image":{"@id":"https:\/\/el-perico.com\/es\/#\/schema\/logo\/image\/"},"sameAs":["https:\/\/www.facebook.com\/elpericoomaha"]},{"@type":"Person","@id":"https:\/\/el-perico.com\/es\/#\/schema\/person\/1956e5e63b94d4bd0daf30675bdf4a93","name":"El Perico Staff","image":{"@type":"ImageObject","inLanguage":"es","@id":"https:\/\/secure.gravatar.com\/avatar\/701b23c665bfde9fd4d874d31feb4c16bf2ac173b2b0b7224dc39896d4cfc381?s=96&d=mm&r=g80b2efc5844e688a6ffb9340c789e4c4","url":"https:\/\/secure.gravatar.com\/avatar\/701b23c665bfde9fd4d874d31feb4c16bf2ac173b2b0b7224dc39896d4cfc381?s=96&d=mm&r=g","contentUrl":"https:\/\/secure.gravatar.com\/avatar\/701b23c665bfde9fd4d874d31feb4c16bf2ac173b2b0b7224dc39896d4cfc381?s=96&d=mm&r=g","caption":"El Perico Staff"},"sameAs":["https:\/\/el-perico.com"],"url":"https:\/\/el-perico.com\/es\/author\/af6f1d62_admin\/"}]}},"_links":{"self":[{"href":"https:\/\/el-perico.com\/es\/wp-json\/wp\/v2\/posts\/3059","targetHints":{"allow":["GET"]}}],"collection":[{"href":"https:\/\/el-perico.com\/es\/wp-json\/wp\/v2\/posts"}],"about":[{"href":"https:\/\/el-perico.com\/es\/wp-json\/wp\/v2\/types\/post"}],"author":[{"embeddable":true,"href":"https:\/\/el-perico.com\/es\/wp-json\/wp\/v2\/users\/1"}],"replies":[{"embeddable":true,"href":"https:\/\/el-perico.com\/es\/wp-json\/wp\/v2\/comments?post=3059"}],"version-history":[{"count":0,"href":"https:\/\/el-perico.com\/es\/wp-json\/wp\/v2\/posts\/3059\/revisions"}],"wp:featuredmedia":[{"embeddable":true,"href":"https:\/\/el-perico.com\/es\/wp-json\/"}],"wp:attachment":[{"href":"https:\/\/el-perico.com\/es\/wp-json\/wp\/v2\/media?parent=3059"}],"wp:term":[{"taxonomy":"category","embeddable":true,"href":"https:\/\/el-perico.com\/es\/wp-json\/wp\/v2\/categories?post=3059"},{"taxonomy":"post_tag","embeddable":true,"href":"https:\/\/el-perico.com\/es\/wp-json\/wp\/v2\/tags?post=3059"},{"taxonomy":"newspack_spnsrs_tax","embeddable":true,"href":"https:\/\/el-perico.com\/es\/wp-json\/wp\/v2\/newspack_spnsrs_tax?post=3059"},{"taxonomy":"author","embeddable":true,"href":"https:\/\/el-perico.com\/es\/wp-json\/wp\/v2\/coauthors?post=3059"}],"curies":[{"name":"wp","href":"https:\/\/api.w.org\/{rel}","templated":true}]}}