{"id":3044,"date":"2020-03-20T20:53:26","date_gmt":"2020-03-20T20:53:26","guid":{"rendered":"https:\/\/el-perico.com\/?p=3044"},"modified":"2020-03-20T20:53:26","modified_gmt":"2020-03-20T20:53:26","slug":"desempleado-omaha-la-crisis-de-covid-19-aqui-estan-los-beneficios-en-nebraska","status":"publish","type":"post","link":"https:\/\/el-perico.com\/es\/desempleado-omaha-la-crisis-de-covid-19-aqui-estan-los-beneficios-en-nebraska\/","title":{"rendered":"\u00bfDesempleado durante la crisis de Covid-19? Beneficios de ayuda en Omaha"},"content":{"rendered":"<p><img loading=\"lazy\" decoding=\"async\" class=\"alignnone wp-image-3051\" src=\"https:\/\/el-perico.com\/wp-content\/uploads\/2020\/03\/3.20-unemployment-spanish-300x178.png\" alt=\"\" width=\"708\" height=\"420\" \/><br \/>\n<span style=\"color: #999999;\"><em>A.F. se refiere al a\u00f1o fiscal. En los \u00faltimos dos a\u00f1os la cifra fue de 281.000 desempleados. Data: Nebraska Department of Labor | Graphic by Chris Bowling<\/em><\/span><br \/>\nLas solicitudes de desempleo llegaron en los \u00faltimos dos a\u00f1os a 281.000 a medida que las empresas en todo el pa\u00eds cierran sus puertas debido a la propagaci\u00f3n del coronavirus. En Nebraska, esos n\u00fameros aumentaron un 60% desde el 29 de febrero, es decir, pas\u00f3 de 497 a 799 solicitudes.<br \/>\nSin embargo, lo peor a\u00fan est\u00e1 por llegar, y la administraci\u00f3n de Trump est\u00e1 pidiendo a los funcionarios laborales que no informen esos n\u00fameros porque interrumpen el progreso del mercado de valores, mientras que el desempleo podr\u00eda alcanzar hasta 20%. La tendencia, si el Departamento de Trabajo hace que esos n\u00fameros est\u00e9n disponibles, probablemente continuar\u00e1 en Nebraska, ya que el gobernador Pete Ricketts anunci\u00f3 que <span style=\"color: #3366ff;\"><a style=\"color: #3366ff;\" href=\"https:\/\/governor.nebraska.gov\/press\/gov-ricketts-announces-directed-health-measure-cass-douglas-sarpy-washington-counties\">los restaurantes deber\u00edan vender para llevar<\/a> <\/span>sea por servicios a domicilio o recoger la comida en la acera del local, lo que afecta a la tercera industria m\u00e1s popular en el estado que emple\u00f3 82.880 personas a fines de 2019.<br \/>\nPero para las personas desempleadas en todo el pa\u00eds, el gobierno estatal y federal han ofrecido algunas soluciones y est\u00e1ndares relajados para proporcionar mayores beneficios de desempleo y una licencia extendida por enfermedad.<br \/>\nEsos empleados sin trabajo est\u00e1n llegando en grandes cantidades al Departamento de Trabajo de Nebraska para recibir beneficios de desempleo para ayudarlos en las pr\u00f3ximas semanas y posiblemente meses.<br \/>\nRecientemente, <span style=\"color: #3366ff;\"><a style=\"color: #3366ff;\" href=\"https:\/\/thereader.com\/news\/covid-19-employment-rights-in-nebraska\">The Reader<\/a><\/span> anunci\u00f3 en una nota, tambi\u00e9n reproducida por <span style=\"color: #3366ff;\"><a style=\"color: #3366ff;\" href=\"https:\/\/el-perico.com\/es\/2020\/03\/20\/covid-trabajadores-desempleo-omaha\/\">El Perico<\/a><\/span>, que se eliminar\u00edan varios requisitos de solicitud de desempleo y agilizar\u00eda los beneficios. Entre estas flexibilizaciones se encuentra la renuncia a la necesidad de mostrar que las personas todav\u00eda est\u00e1n buscando trabajo, as\u00ed como el per\u00edodo de espera de una semana para que los beneficios se apliquen. Sin embargo, despu\u00e9s de solicitar la ayuda, los funcionarios pueden tardar hasta tres semanas en comunicarse con los empleadores y verificar el reclamo.<br \/>\n<a href=\"https:\/\/www.nolo.com\/legal-encyclopedia\/collecting-unemployment-benefits-nebraska.html\"><span style=\"color: #3366ff;\">Los beneficios<\/span><\/a> otorgados ascienden a 50% de la cantidad que los trabajadores generalmente ganan en una semana con un tope de $ 440. Esos beneficios duran 26 semanas o hasta que el trabajador ha recibido un tercio de sus salarios del per\u00edodo base.<br \/>\nSi bien no hay planes para ampliar los beneficios o relajar a\u00fan m\u00e1s los est\u00e1ndares, \u201cel Departamento de Trabajo del estado est\u00e1 monitoreando el efecto de la pandemia en la fuerza laboral y podr\u00eda ajustar su sistema en consecuencia\u201d, dijo Grace Johnson, un oficial de informaci\u00f3n p\u00fablica de la agencia.<br \/>\n\u00abEspecialmente con esta situaci\u00f3n, ya que est\u00e1 evolucionando tan r\u00e1pido que podr\u00eda surgir algo que requiera un cambio, simplemente no lo sabemos\u00bb, agreg\u00f3.<br \/>\n<strong>Programa de compensaci\u00f3n a corto plazo<\/strong><br \/>\nPara los empleadores que sopesan los despidos, el Departamento de Trabajo de Nebraska tambi\u00e9n ofrece el<span style=\"color: #3366ff;\"> <a style=\"color: #3366ff;\" href=\"https:\/\/dol.nebraska.gov\/STC\">programa de compensaci\u00f3n a corto plazo<\/a><\/span>. Esta alternativa a los despidos permite a los empleadores mantener su fuerza laboral al llenar las brechas salariales con los beneficios de desempleo a medida que reducen las horas.<br \/>\nAdem\u00e1s, una nueva ley que entr\u00f3 en vigencia este mi\u00e9rcoles pasado ampl\u00eda<span style=\"color: #3366ff;\"> <a style=\"color: #3366ff;\" href=\"https:\/\/www.congress.gov\/bill\/116th-congress\/house-bill\/6201\">la licencia por enfermedad pagada a nivel nacional<\/a>.<\/span> Es la primera vez que Estados Unidos tiene una licencia por enfermedad por mandato federal. Esta ley se <span style=\"color: #3366ff;\"><a style=\"color: #3366ff;\" href=\"https:\/\/www.nytimes.com\/2020\/03\/19\/upshot\/coronavirus-paid-leave-guide.html?referringSource=articleShare\">aplica a la mayor\u00eda de los trabajadores de empresas medianas y peque\u00f1as<\/a><\/span>, as\u00ed como a organizaciones sin fines de lucro y agencias gubernamentales. Tambi\u00e9n incluye 12 semanas de baja por enfermedad para aquellos que cuidan ni\u00f1os.<br \/>\nLa extensi\u00f3n, sin embargo, no se aplica al 48% de los empleados que trabajan en empresas con m\u00e1s de 500 personas. Los patronos tambi\u00e9n pueden rechazar la baja por enfermedad si se trata de trabajadores de la salud o quienes est\u00e1n en primera fila ante la crisis.<br \/>\nLos que est\u00e1n de licencia recibir\u00edan su pago habitual con un tope de $ 511 por d\u00eda. El gobierno federal reembolsar\u00e1 a los empleadores esos fondos en forma de un cr\u00e9dito tributario para la n\u00f3mina (payroll tax credit).<br \/>\nPodr\u00e1 acceder a esta licencia pagada despu\u00e9s del 2 de abril cuando el Departamento de Trabajo publique pautas para las empresas sobre cu\u00e1nto deben recibir los empleados.<br \/>\nSi actualmente est\u00e1 desempleado o teme que pueda enfrentar el desempleo, aqu\u00ed hay una gu\u00eda de lo que necesita para solicitar los beneficios.<\/p>\n<ul>\n<li>Vaya en l\u00ednea <a href=\"https:\/\/neworks.nebraska.gov\/vosnet\/loginintro.aspx\">a <span style=\"color: #3366ff;\">neworks.nebraska.gov<\/span><\/a> y cree una cuenta<\/li>\n<li>Para aplicar se lleva aproximadamente una hora de tiempo en recopilar una variedad de informaci\u00f3n que incluye:<\/li>\n<li>Su n\u00famero de seguro social<\/li>\n<li>Domicilio postal, c\u00f3digo postal y condado donde vive<\/li>\n<li>N\u00famero de tel\u00e9fono<\/li>\n<li>Su correo electr\u00f3nico<\/li>\n<li>N\u00famero de licencia de conducir o n\u00famero de tarjeta de identificaci\u00f3n del estado<\/li>\n<li>Si selecciona dep\u00f3sito directo, su n\u00famero de ruta bancaria y n\u00famero de cuenta<\/li>\n<li>Los nombres de las empresas de todos sus empleadores de los \u00faltimos 18 meses tal como aparecen en sus recibos de sueldo o formularios W-2.<\/li>\n<li>Direcciones postales completas de los empleadores, incluido el c\u00f3digo postal y la ciudad en la que se encuentra f\u00edsicamente el negocio.<\/li>\n<li>Sus fechas de inicio y finalizaci\u00f3n con cada empleador, incluyendo mes, d\u00eda y a\u00f1o.<\/li>\n<li>La raz\u00f3n por la que le dieron de baja (falta de trabajo, renuncia voluntaria, baja, licencia)<\/li>\n<li>N\u00famero de autorizaci\u00f3n de empleo y fecha de vencimiento (si no es ciudadano)<\/li>\n<li>Si sirvi\u00f3 en el ej\u00e9rcito durante los \u00faltimos 18 meses, Formulario DD 214 Miembro # 4<\/li>\n<li>Si trabaj\u00f3 para el gobierno federal como empleado civil en los \u00faltimos 18 meses: Formulario est\u00e1ndar 8 o Formulario est\u00e1ndar 50. Adem\u00e1s, compile el salario total ganado con el empleador federal en los \u00faltimos 18 meses e indique c\u00f3mo le pagaron (por hora, semanal y mensual).<\/li>\n<\/ul>\n<p><span style=\"color: #999999;\"><em>Reportero: Chris Bowling<\/em><\/span><\/p>\n","protected":false},"excerpt":{"rendered":"<p>A.F. se refiere al a\u00f1o fiscal. En los \u00faltimos dos a\u00f1os la cifra fue de 281.000 desempleados. Data: Nebraska Department of Labor | Graphic by Chris Bowling Las solicitudes de desempleo llegaron en los \u00faltimos dos a\u00f1os a 281.000 a medida que las empresas en todo el pa\u00eds cierran sus puertas debido a la propagaci\u00f3n [&hellip;]<\/p>\n","protected":false},"author":1,"featured_media":3051,"comment_status":"open","ping_status":"closed","sticky":false,"template":"","format":"standard","meta":{"newspack_ads_suppress_ads":false,"_newspack_byline_active":false,"_newspack_byline":"","newspack_hide_updated_date":false,"newspack_show_updated_date":false,"newspack_content_restriction_is_exempt":false,"newspack_featured_image_position":"","newspack_post_subtitle":"","newspack_article_summary_title":"Overview:","newspack_article_summary":"","footnotes":""},"categories":[39,46],"tags":[49,50,59,1856,1852,61],"newspack_spnsrs_tax":[],"coauthors":[],"class_list":["post-3044","post","type-post","status-publish","format-standard","has-post-thumbnail","hentry","category-comunidad","category-reportaje","tag-coronavirus","tag-covid-19","tag-desempleo","tag-nebraska-es-2","tag-omaha-es","tag-unemployed","entry"],"yoast_head":"<!-- This site is optimized with the Yoast SEO plugin v27.5 - https:\/\/yoast.com\/product\/yoast-seo-wordpress\/ -->\n<title>\u00bfDesempleado durante la crisis de Covid-19? Beneficios de ayuda en Omaha - el perico<\/title>\n<meta name=\"robots\" content=\"index, follow, max-snippet:-1, max-image-preview:large, max-video-preview:-1\" \/>\n<link rel=\"canonical\" href=\"https:\/\/el-perico.com\/es\/desempleado-omaha-la-crisis-de-covid-19-aqui-estan-los-beneficios-en-nebraska\/\" \/>\n<meta property=\"og:locale\" content=\"es_ES\" \/>\n<meta property=\"og:type\" content=\"article\" \/>\n<meta property=\"og:title\" content=\"\u00bfDesempleado durante la crisis de Covid-19? Beneficios de ayuda en Omaha - el perico\" \/>\n<meta property=\"og:description\" content=\"A.F. se refiere al a\u00f1o fiscal. En los \u00faltimos dos a\u00f1os la cifra fue de 281.000 desempleados. Data: Nebraska Department of Labor | Graphic by Chris Bowling Las solicitudes de desempleo llegaron en los \u00faltimos dos a\u00f1os a 281.000 a medida que las empresas en todo el pa\u00eds cierran sus puertas debido a la propagaci\u00f3n [&hellip;]\" \/>\n<meta property=\"og:url\" content=\"https:\/\/el-perico.com\/es\/desempleado-omaha-la-crisis-de-covid-19-aqui-estan-los-beneficios-en-nebraska\/\" \/>\n<meta property=\"og:site_name\" content=\"el perico\" \/>\n<meta property=\"article:publisher\" content=\"https:\/\/www.facebook.com\/elpericoomaha\" \/>\n<meta property=\"article:published_time\" content=\"2020-03-20T20:53:26+00:00\" \/>\n<meta name=\"author\" content=\"El Perico Staff\" \/>\n<meta name=\"twitter:card\" content=\"summary_large_image\" \/>\n<meta name=\"twitter:label1\" content=\"Escrito por\" \/>\n\t<meta name=\"twitter:data1\" content=\"El Perico Staff\" \/>\n\t<meta name=\"twitter:label2\" content=\"Tiempo de lectura\" \/>\n\t<meta name=\"twitter:data2\" content=\"5 minutos\" \/>\n\t<meta name=\"twitter:label3\" content=\"Written by\" \/>\n\t<meta name=\"twitter:data3\" content=\"El Perico Staff\" \/>\n<script type=\"application\/ld+json\" class=\"yoast-schema-graph\">{\"@context\":\"https:\\\/\\\/schema.org\",\"@graph\":[{\"@type\":\"Article\",\"@id\":\"https:\\\/\\\/el-perico.com\\\/es\\\/desempleado-omaha-la-crisis-de-covid-19-aqui-estan-los-beneficios-en-nebraska\\\/#article\",\"isPartOf\":{\"@id\":\"https:\\\/\\\/el-perico.com\\\/es\\\/desempleado-omaha-la-crisis-de-covid-19-aqui-estan-los-beneficios-en-nebraska\\\/\"},\"author\":{\"name\":\"El Perico Staff\",\"@id\":\"https:\\\/\\\/el-perico.com\\\/es\\\/#\\\/schema\\\/person\\\/1956e5e63b94d4bd0daf30675bdf4a93\"},\"headline\":\"\u00bfDesempleado durante la crisis de Covid-19? Beneficios de ayuda en Omaha\",\"datePublished\":\"2020-03-20T20:53:26+00:00\",\"mainEntityOfPage\":{\"@id\":\"https:\\\/\\\/el-perico.com\\\/es\\\/desempleado-omaha-la-crisis-de-covid-19-aqui-estan-los-beneficios-en-nebraska\\\/\"},\"wordCount\":1001,\"commentCount\":0,\"publisher\":{\"@id\":\"https:\\\/\\\/el-perico.com\\\/es\\\/#organization\"},\"image\":{\"@id\":\"https:\\\/\\\/el-perico.com\\\/es\\\/desempleado-omaha-la-crisis-de-covid-19-aqui-estan-los-beneficios-en-nebraska\\\/#primaryimage\"},\"thumbnailUrl\":\"\",\"keywords\":[\"coronavirus\",\"COVID-19\",\"desempleo\",\"nebraska\",\"omaha\",\"unemployed\"],\"articleSection\":[\"Comunidad\",\"Reportaje\"],\"inLanguage\":\"es\",\"potentialAction\":[{\"@type\":\"CommentAction\",\"name\":\"Comment\",\"target\":[\"https:\\\/\\\/el-perico.com\\\/es\\\/desempleado-omaha-la-crisis-de-covid-19-aqui-estan-los-beneficios-en-nebraska\\\/#respond\"]}]},{\"@type\":\"WebPage\",\"@id\":\"https:\\\/\\\/el-perico.com\\\/es\\\/desempleado-omaha-la-crisis-de-covid-19-aqui-estan-los-beneficios-en-nebraska\\\/\",\"url\":\"https:\\\/\\\/el-perico.com\\\/es\\\/desempleado-omaha-la-crisis-de-covid-19-aqui-estan-los-beneficios-en-nebraska\\\/\",\"name\":\"\u00bfDesempleado durante la crisis de Covid-19? Beneficios de ayuda en Omaha - el perico\",\"isPartOf\":{\"@id\":\"https:\\\/\\\/el-perico.com\\\/es\\\/#website\"},\"primaryImageOfPage\":{\"@id\":\"https:\\\/\\\/el-perico.com\\\/es\\\/desempleado-omaha-la-crisis-de-covid-19-aqui-estan-los-beneficios-en-nebraska\\\/#primaryimage\"},\"image\":{\"@id\":\"https:\\\/\\\/el-perico.com\\\/es\\\/desempleado-omaha-la-crisis-de-covid-19-aqui-estan-los-beneficios-en-nebraska\\\/#primaryimage\"},\"thumbnailUrl\":\"\",\"datePublished\":\"2020-03-20T20:53:26+00:00\",\"breadcrumb\":{\"@id\":\"https:\\\/\\\/el-perico.com\\\/es\\\/desempleado-omaha-la-crisis-de-covid-19-aqui-estan-los-beneficios-en-nebraska\\\/#breadcrumb\"},\"inLanguage\":\"es\",\"potentialAction\":[{\"@type\":\"ReadAction\",\"target\":[\"https:\\\/\\\/el-perico.com\\\/es\\\/desempleado-omaha-la-crisis-de-covid-19-aqui-estan-los-beneficios-en-nebraska\\\/\"]}]},{\"@type\":\"ImageObject\",\"inLanguage\":\"es\",\"@id\":\"https:\\\/\\\/el-perico.com\\\/es\\\/desempleado-omaha-la-crisis-de-covid-19-aqui-estan-los-beneficios-en-nebraska\\\/#primaryimage\",\"url\":\"\",\"contentUrl\":\"\"},{\"@type\":\"BreadcrumbList\",\"@id\":\"https:\\\/\\\/el-perico.com\\\/es\\\/desempleado-omaha-la-crisis-de-covid-19-aqui-estan-los-beneficios-en-nebraska\\\/#breadcrumb\",\"itemListElement\":[{\"@type\":\"ListItem\",\"position\":1,\"name\":\"Home\",\"item\":\"https:\\\/\\\/el-perico.com\\\/es\\\/\"},{\"@type\":\"ListItem\",\"position\":2,\"name\":\"\u00bfDesempleado durante la crisis de Covid-19? Beneficios de ayuda en Omaha\"}]},{\"@type\":\"WebSite\",\"@id\":\"https:\\\/\\\/el-perico.com\\\/es\\\/#website\",\"url\":\"https:\\\/\\\/el-perico.com\\\/es\\\/\",\"name\":\"el perico\",\"description\":\"La plataforma original de noticias e informaci\u00f3n para la comunidad hispana de Omaha\",\"publisher\":{\"@id\":\"https:\\\/\\\/el-perico.com\\\/es\\\/#organization\"},\"potentialAction\":[{\"@type\":\"SearchAction\",\"target\":{\"@type\":\"EntryPoint\",\"urlTemplate\":\"https:\\\/\\\/el-perico.com\\\/es\\\/?s={search_term_string}\"},\"query-input\":{\"@type\":\"PropertyValueSpecification\",\"valueRequired\":true,\"valueName\":\"search_term_string\"}}],\"inLanguage\":\"es\"},{\"@type\":\"Organization\",\"@id\":\"https:\\\/\\\/el-perico.com\\\/es\\\/#organization\",\"name\":\"el perico\",\"url\":\"https:\\\/\\\/el-perico.com\\\/es\\\/\",\"logo\":{\"@type\":\"ImageObject\",\"inLanguage\":\"es\",\"@id\":\"https:\\\/\\\/el-perico.com\\\/es\\\/#\\\/schema\\\/logo\\\/image\\\/\",\"url\":\"https:\\\/\\\/el-perico.com\\\/wp-content\\\/uploads\\\/2024\\\/05\\\/ElPerico-Logo_NPM-1-e1717102187440.png\",\"contentUrl\":\"https:\\\/\\\/el-perico.com\\\/wp-content\\\/uploads\\\/2024\\\/05\\\/ElPerico-Logo_NPM-1-e1717102187440.png\",\"width\":648,\"height\":216,\"caption\":\"el perico\"},\"image\":{\"@id\":\"https:\\\/\\\/el-perico.com\\\/es\\\/#\\\/schema\\\/logo\\\/image\\\/\"},\"sameAs\":[\"https:\\\/\\\/www.facebook.com\\\/elpericoomaha\"]},{\"@type\":\"Person\",\"@id\":\"https:\\\/\\\/el-perico.com\\\/es\\\/#\\\/schema\\\/person\\\/1956e5e63b94d4bd0daf30675bdf4a93\",\"name\":\"El Perico Staff\",\"image\":{\"@type\":\"ImageObject\",\"inLanguage\":\"es\",\"@id\":\"https:\\\/\\\/secure.gravatar.com\\\/avatar\\\/701b23c665bfde9fd4d874d31feb4c16bf2ac173b2b0b7224dc39896d4cfc381?s=96&d=mm&r=g80b2efc5844e688a6ffb9340c789e4c4\",\"url\":\"https:\\\/\\\/secure.gravatar.com\\\/avatar\\\/701b23c665bfde9fd4d874d31feb4c16bf2ac173b2b0b7224dc39896d4cfc381?s=96&d=mm&r=g\",\"contentUrl\":\"https:\\\/\\\/secure.gravatar.com\\\/avatar\\\/701b23c665bfde9fd4d874d31feb4c16bf2ac173b2b0b7224dc39896d4cfc381?s=96&d=mm&r=g\",\"caption\":\"El Perico Staff\"},\"sameAs\":[\"https:\\\/\\\/el-perico.com\"],\"url\":\"https:\\\/\\\/el-perico.com\\\/es\\\/author\\\/af6f1d62_admin\\\/\"}]}<\/script>\n<!-- \/ Yoast SEO plugin. -->","yoast_head_json":{"title":"\u00bfDesempleado durante la crisis de Covid-19? Beneficios de ayuda en Omaha - el perico","robots":{"index":"index","follow":"follow","max-snippet":"max-snippet:-1","max-image-preview":"max-image-preview:large","max-video-preview":"max-video-preview:-1"},"canonical":"https:\/\/el-perico.com\/es\/desempleado-omaha-la-crisis-de-covid-19-aqui-estan-los-beneficios-en-nebraska\/","og_locale":"es_ES","og_type":"article","og_title":"\u00bfDesempleado durante la crisis de Covid-19? Beneficios de ayuda en Omaha - el perico","og_description":"A.F. se refiere al a\u00f1o fiscal. En los \u00faltimos dos a\u00f1os la cifra fue de 281.000 desempleados. Data: Nebraska Department of Labor | Graphic by Chris Bowling Las solicitudes de desempleo llegaron en los \u00faltimos dos a\u00f1os a 281.000 a medida que las empresas en todo el pa\u00eds cierran sus puertas debido a la propagaci\u00f3n [&hellip;]","og_url":"https:\/\/el-perico.com\/es\/desempleado-omaha-la-crisis-de-covid-19-aqui-estan-los-beneficios-en-nebraska\/","og_site_name":"el perico","article_publisher":"https:\/\/www.facebook.com\/elpericoomaha","article_published_time":"2020-03-20T20:53:26+00:00","author":"El Perico Staff","twitter_card":"summary_large_image","twitter_misc":{"Escrito por":"El Perico Staff","Tiempo de lectura":"5 minutos","Written by":"El Perico Staff"},"schema":{"@context":"https:\/\/schema.org","@graph":[{"@type":"Article","@id":"https:\/\/el-perico.com\/es\/desempleado-omaha-la-crisis-de-covid-19-aqui-estan-los-beneficios-en-nebraska\/#article","isPartOf":{"@id":"https:\/\/el-perico.com\/es\/desempleado-omaha-la-crisis-de-covid-19-aqui-estan-los-beneficios-en-nebraska\/"},"author":{"name":"El Perico Staff","@id":"https:\/\/el-perico.com\/es\/#\/schema\/person\/1956e5e63b94d4bd0daf30675bdf4a93"},"headline":"\u00bfDesempleado durante la crisis de Covid-19? Beneficios de ayuda en Omaha","datePublished":"2020-03-20T20:53:26+00:00","mainEntityOfPage":{"@id":"https:\/\/el-perico.com\/es\/desempleado-omaha-la-crisis-de-covid-19-aqui-estan-los-beneficios-en-nebraska\/"},"wordCount":1001,"commentCount":0,"publisher":{"@id":"https:\/\/el-perico.com\/es\/#organization"},"image":{"@id":"https:\/\/el-perico.com\/es\/desempleado-omaha-la-crisis-de-covid-19-aqui-estan-los-beneficios-en-nebraska\/#primaryimage"},"thumbnailUrl":"","keywords":["coronavirus","COVID-19","desempleo","nebraska","omaha","unemployed"],"articleSection":["Comunidad","Reportaje"],"inLanguage":"es","potentialAction":[{"@type":"CommentAction","name":"Comment","target":["https:\/\/el-perico.com\/es\/desempleado-omaha-la-crisis-de-covid-19-aqui-estan-los-beneficios-en-nebraska\/#respond"]}]},{"@type":"WebPage","@id":"https:\/\/el-perico.com\/es\/desempleado-omaha-la-crisis-de-covid-19-aqui-estan-los-beneficios-en-nebraska\/","url":"https:\/\/el-perico.com\/es\/desempleado-omaha-la-crisis-de-covid-19-aqui-estan-los-beneficios-en-nebraska\/","name":"\u00bfDesempleado durante la crisis de Covid-19? Beneficios de ayuda en Omaha - el perico","isPartOf":{"@id":"https:\/\/el-perico.com\/es\/#website"},"primaryImageOfPage":{"@id":"https:\/\/el-perico.com\/es\/desempleado-omaha-la-crisis-de-covid-19-aqui-estan-los-beneficios-en-nebraska\/#primaryimage"},"image":{"@id":"https:\/\/el-perico.com\/es\/desempleado-omaha-la-crisis-de-covid-19-aqui-estan-los-beneficios-en-nebraska\/#primaryimage"},"thumbnailUrl":"","datePublished":"2020-03-20T20:53:26+00:00","breadcrumb":{"@id":"https:\/\/el-perico.com\/es\/desempleado-omaha-la-crisis-de-covid-19-aqui-estan-los-beneficios-en-nebraska\/#breadcrumb"},"inLanguage":"es","potentialAction":[{"@type":"ReadAction","target":["https:\/\/el-perico.com\/es\/desempleado-omaha-la-crisis-de-covid-19-aqui-estan-los-beneficios-en-nebraska\/"]}]},{"@type":"ImageObject","inLanguage":"es","@id":"https:\/\/el-perico.com\/es\/desempleado-omaha-la-crisis-de-covid-19-aqui-estan-los-beneficios-en-nebraska\/#primaryimage","url":"","contentUrl":""},{"@type":"BreadcrumbList","@id":"https:\/\/el-perico.com\/es\/desempleado-omaha-la-crisis-de-covid-19-aqui-estan-los-beneficios-en-nebraska\/#breadcrumb","itemListElement":[{"@type":"ListItem","position":1,"name":"Home","item":"https:\/\/el-perico.com\/es\/"},{"@type":"ListItem","position":2,"name":"\u00bfDesempleado durante la crisis de Covid-19? Beneficios de ayuda en Omaha"}]},{"@type":"WebSite","@id":"https:\/\/el-perico.com\/es\/#website","url":"https:\/\/el-perico.com\/es\/","name":"el perico","description":"La plataforma original de noticias e informaci\u00f3n para la comunidad hispana de Omaha","publisher":{"@id":"https:\/\/el-perico.com\/es\/#organization"},"potentialAction":[{"@type":"SearchAction","target":{"@type":"EntryPoint","urlTemplate":"https:\/\/el-perico.com\/es\/?s={search_term_string}"},"query-input":{"@type":"PropertyValueSpecification","valueRequired":true,"valueName":"search_term_string"}}],"inLanguage":"es"},{"@type":"Organization","@id":"https:\/\/el-perico.com\/es\/#organization","name":"el perico","url":"https:\/\/el-perico.com\/es\/","logo":{"@type":"ImageObject","inLanguage":"es","@id":"https:\/\/el-perico.com\/es\/#\/schema\/logo\/image\/","url":"https:\/\/el-perico.com\/wp-content\/uploads\/2024\/05\/ElPerico-Logo_NPM-1-e1717102187440.png","contentUrl":"https:\/\/el-perico.com\/wp-content\/uploads\/2024\/05\/ElPerico-Logo_NPM-1-e1717102187440.png","width":648,"height":216,"caption":"el perico"},"image":{"@id":"https:\/\/el-perico.com\/es\/#\/schema\/logo\/image\/"},"sameAs":["https:\/\/www.facebook.com\/elpericoomaha"]},{"@type":"Person","@id":"https:\/\/el-perico.com\/es\/#\/schema\/person\/1956e5e63b94d4bd0daf30675bdf4a93","name":"El Perico Staff","image":{"@type":"ImageObject","inLanguage":"es","@id":"https:\/\/secure.gravatar.com\/avatar\/701b23c665bfde9fd4d874d31feb4c16bf2ac173b2b0b7224dc39896d4cfc381?s=96&d=mm&r=g80b2efc5844e688a6ffb9340c789e4c4","url":"https:\/\/secure.gravatar.com\/avatar\/701b23c665bfde9fd4d874d31feb4c16bf2ac173b2b0b7224dc39896d4cfc381?s=96&d=mm&r=g","contentUrl":"https:\/\/secure.gravatar.com\/avatar\/701b23c665bfde9fd4d874d31feb4c16bf2ac173b2b0b7224dc39896d4cfc381?s=96&d=mm&r=g","caption":"El Perico Staff"},"sameAs":["https:\/\/el-perico.com"],"url":"https:\/\/el-perico.com\/es\/author\/af6f1d62_admin\/"}]}},"_links":{"self":[{"href":"https:\/\/el-perico.com\/es\/wp-json\/wp\/v2\/posts\/3044","targetHints":{"allow":["GET"]}}],"collection":[{"href":"https:\/\/el-perico.com\/es\/wp-json\/wp\/v2\/posts"}],"about":[{"href":"https:\/\/el-perico.com\/es\/wp-json\/wp\/v2\/types\/post"}],"author":[{"embeddable":true,"href":"https:\/\/el-perico.com\/es\/wp-json\/wp\/v2\/users\/1"}],"replies":[{"embeddable":true,"href":"https:\/\/el-perico.com\/es\/wp-json\/wp\/v2\/comments?post=3044"}],"version-history":[{"count":0,"href":"https:\/\/el-perico.com\/es\/wp-json\/wp\/v2\/posts\/3044\/revisions"}],"wp:featuredmedia":[{"embeddable":true,"href":"https:\/\/el-perico.com\/es\/wp-json\/"}],"wp:attachment":[{"href":"https:\/\/el-perico.com\/es\/wp-json\/wp\/v2\/media?parent=3044"}],"wp:term":[{"taxonomy":"category","embeddable":true,"href":"https:\/\/el-perico.com\/es\/wp-json\/wp\/v2\/categories?post=3044"},{"taxonomy":"post_tag","embeddable":true,"href":"https:\/\/el-perico.com\/es\/wp-json\/wp\/v2\/tags?post=3044"},{"taxonomy":"newspack_spnsrs_tax","embeddable":true,"href":"https:\/\/el-perico.com\/es\/wp-json\/wp\/v2\/newspack_spnsrs_tax?post=3044"},{"taxonomy":"author","embeddable":true,"href":"https:\/\/el-perico.com\/es\/wp-json\/wp\/v2\/coauthors?post=3044"}],"curies":[{"name":"wp","href":"https:\/\/api.w.org\/{rel}","templated":true}]}}