{"id":3024,"date":"2020-03-20T19:15:27","date_gmt":"2020-03-20T19:15:27","guid":{"rendered":"https:\/\/el-perico.com\/?p=3024"},"modified":"2020-03-20T19:15:27","modified_gmt":"2020-03-20T19:15:27","slug":"covid-trabajadores-desempleo-omaha","status":"publish","type":"post","link":"https:\/\/el-perico.com\/es\/covid-trabajadores-desempleo-omaha\/","title":{"rendered":"Ajustan leyes en Omaha para beneficiar a trabajadores afectados por el Covid-19"},"content":{"rendered":"<p><img loading=\"lazy\" decoding=\"async\" class=\"aligncenter wp-image-3025\" src=\"https:\/\/el-perico.com\/wp-content\/uploads\/2020\/03\/outbreak-coronavirus-world-1024x506px-300x169.jpg\" alt=\"\" width=\"695\" height=\"392\" \/><span style=\"color: #999999;\"><em>El virus que causa COVID-19 aislado de un paciente en los EE. UU. Credito: Centro de Control y Prevenci\u00f3n de Enfermedades.<\/em><\/span><br \/>\nA medida que las empresas buscan evitar la propagaci\u00f3n de Covid-19, el Departamento de Trabajo de Nebraska flexibilizar\u00e1 sus requisitos para quienes soliciten una compensaci\u00f3n de desempleo entre el 22 de marzo y el 2 de mayo.<br \/>\nEl comisionado laboral John Albin anunci\u00f3 el pasado lunes que el departamento planea no exigir a solicitudes para quienes buscan trabajo. Dijo que tambi\u00e9n acelerar\u00e1 el periodo de espera a una semana para recibir los beneficios, haciendo que esos d\u00f3lares est\u00e9n disponibles de inmediato. El Departamento de Trabajo pagar\u00e1 esas utilidades para facilitar la solicitud en l\u00ednea, que ya atiende a alrededor del 97% de los solicitantes.<br \/>\n<a href=\"https:\/\/www.nolo.com\/legal-encyclopedia\/collecting-unemployment-benefits-nebraska.html\">Los beneficios otorgados<\/a> ascienden a 50% de la cantidad que los trabajadores generalmente ganan en una semana con un tope de $ 440. \u00c9stos duran 26 semanas o hasta que el trabajador haya recibido un tercio de sus salarios del per\u00edodo base.<br \/>\nEsos beneficios est\u00e1n disponibles para empleados por hora o bien asalariados. Sin embargo, algunos se preocupan por las consecuencias a largo plazo para la seguridad laboral de los trabajadores por hora.<br \/>\n\u00abEn cuanto a los derechos, qu\u00e9 derechos tienen los trabajadores con salarios bajos, qu\u00e9 protecciones tienen en cada estado es diferente y en Nebraska nada protege a los trabajadores con salarios bajos\u00bb, dijo Amanda McMahon, abogada gerente del Programa de Derechos Legales para Trabajadores Agr\u00edcolas de Nebraska.<br \/>\n<strong>Nebraska y garant\u00edas durante desastres<\/strong><br \/>\nNebraska no garantiza el pago por enfermedad de los trabajadores por hora, a diferencia de estados como <a href=\"https:\/\/www.oregonlaws.org\/ors\/653.616\">Oregon<\/a> y <a href=\"https:\/\/law.justia.com\/codes\/maryland\/2013\/article-ghg\/section-18-906\/\">Maryland<\/a>, tampoco paga durante un estado de emergencia o desastre.<br \/>\nGrandes <a href=\"https:\/\/www.eater.com\/2020\/3\/16\/21181862\/are-mcdonalds-starbucks-and-other-chains-offering-paid-sick-leave-for-coronavirus\">compa\u00f1\u00edas privadas<\/a> como Walmart, Starbucks y McDonald&#8217;s de propiedad corporativa han prometido alguna forma de licencia pagada. Sin embargo, McMahon dijo que est\u00e1 preocupada por los habitantes de Nebraska en trabajos como manufactura y agricultura, donde hay menos redes de seguridad.<br \/>\nMcMahon dijo que los trabajadores que temen perder su trabajo durante este tiempo deben tener copias o fotos del manual de sus empleados y asegurarse de que cualquier promesa que haga su jefe sobre el futuro de su trabajo durante este tiempo sea por escrito.<br \/>\nPara otras preguntas, McMahon recomend\u00f3 llamar a programas como Legal Aid of Nebraska, as\u00ed como a programas regionales como el Heartland Workers Center que pueden educar a los trabajadores sobre sus derechos y ayudarlos en la representaci\u00f3n legal.<br \/>\nPara obtener m\u00e1s informaci\u00f3n sobre c\u00f3mo responder a las preguntas de Covid-19 en el lugar de trabajo, consulte las <a href=\"https:\/\/www.legalaidofnebraska.org\/how-we-help\/resources\/employment\/covid-19-coronavirus-employment-faq\/\">Preguntas frecuentes<\/a> sobre ayuda legal de empleo de Nebraska.<\/p>\n","protected":false},"excerpt":{"rendered":"<p>El virus que causa COVID-19 aislado de un paciente en los EE. UU. Credito: Centro de Control y Prevenci\u00f3n de Enfermedades. A medida que las empresas buscan evitar la propagaci\u00f3n de Covid-19, el Departamento de Trabajo de Nebraska flexibilizar\u00e1 sus requisitos para quienes soliciten una compensaci\u00f3n de desempleo entre el 22 de marzo y el [&hellip;]<\/p>\n","protected":false},"author":1,"featured_media":3025,"comment_status":"open","ping_status":"closed","sticky":false,"template":"","format":"standard","meta":{"newspack_ads_suppress_ads":false,"_newspack_byline_active":false,"_newspack_byline":"","newspack_hide_updated_date":false,"newspack_show_updated_date":false,"newspack_content_restriction_is_exempt":false,"newspack_featured_image_position":"","newspack_post_subtitle":"","newspack_article_summary_title":"Overview:","newspack_article_summary":"","footnotes":""},"categories":[39],"tags":[56,49,50,15,57,58],"newspack_spnsrs_tax":[],"coauthors":[],"class_list":["post-3024","post","type-post","status-publish","format-standard","has-post-thumbnail","hentry","category-comunidad","tag-albin","tag-coronavirus","tag-covid-19","tag-omaha-en","tag-trabajo","tag-work","entry"],"yoast_head":"<!-- This site is optimized with the Yoast SEO plugin v27.5 - https:\/\/yoast.com\/product\/yoast-seo-wordpress\/ -->\n<title>Ajustan leyes en Omaha para beneficiar a trabajadores afectados por el Covid-19 - el perico<\/title>\n<meta name=\"robots\" content=\"index, follow, max-snippet:-1, max-image-preview:large, max-video-preview:-1\" \/>\n<link rel=\"canonical\" href=\"https:\/\/el-perico.com\/es\/covid-trabajadores-desempleo-omaha\/\" \/>\n<meta property=\"og:locale\" content=\"es_ES\" \/>\n<meta property=\"og:type\" content=\"article\" \/>\n<meta property=\"og:title\" content=\"Ajustan leyes en Omaha para beneficiar a trabajadores afectados por el Covid-19 - el perico\" \/>\n<meta property=\"og:description\" content=\"El virus que causa COVID-19 aislado de un paciente en los EE. UU. Credito: Centro de Control y Prevenci\u00f3n de Enfermedades. A medida que las empresas buscan evitar la propagaci\u00f3n de Covid-19, el Departamento de Trabajo de Nebraska flexibilizar\u00e1 sus requisitos para quienes soliciten una compensaci\u00f3n de desempleo entre el 22 de marzo y el [&hellip;]\" \/>\n<meta property=\"og:url\" content=\"https:\/\/el-perico.com\/es\/covid-trabajadores-desempleo-omaha\/\" \/>\n<meta property=\"og:site_name\" content=\"el perico\" \/>\n<meta property=\"article:publisher\" content=\"https:\/\/www.facebook.com\/elpericoomaha\" \/>\n<meta property=\"article:published_time\" content=\"2020-03-20T19:15:27+00:00\" \/>\n<meta name=\"author\" content=\"El Perico Staff\" \/>\n<meta name=\"twitter:card\" content=\"summary_large_image\" \/>\n<meta name=\"twitter:label1\" content=\"Escrito por\" \/>\n\t<meta name=\"twitter:data1\" content=\"El Perico Staff\" \/>\n\t<meta name=\"twitter:label2\" content=\"Tiempo de lectura\" \/>\n\t<meta name=\"twitter:data2\" content=\"2 minutos\" \/>\n\t<meta name=\"twitter:label3\" content=\"Written by\" \/>\n\t<meta name=\"twitter:data3\" content=\"El Perico Staff\" \/>\n<script type=\"application\/ld+json\" class=\"yoast-schema-graph\">{\"@context\":\"https:\\\/\\\/schema.org\",\"@graph\":[{\"@type\":\"Article\",\"@id\":\"https:\\\/\\\/el-perico.com\\\/es\\\/covid-trabajadores-desempleo-omaha\\\/#article\",\"isPartOf\":{\"@id\":\"https:\\\/\\\/el-perico.com\\\/es\\\/covid-trabajadores-desempleo-omaha\\\/\"},\"author\":{\"name\":\"El Perico Staff\",\"@id\":\"https:\\\/\\\/el-perico.com\\\/es\\\/#\\\/schema\\\/person\\\/1956e5e63b94d4bd0daf30675bdf4a93\"},\"headline\":\"Ajustan leyes en Omaha para beneficiar a trabajadores afectados por el Covid-19\",\"datePublished\":\"2020-03-20T19:15:27+00:00\",\"mainEntityOfPage\":{\"@id\":\"https:\\\/\\\/el-perico.com\\\/es\\\/covid-trabajadores-desempleo-omaha\\\/\"},\"wordCount\":454,\"commentCount\":0,\"publisher\":{\"@id\":\"https:\\\/\\\/el-perico.com\\\/es\\\/#organization\"},\"image\":{\"@id\":\"https:\\\/\\\/el-perico.com\\\/es\\\/covid-trabajadores-desempleo-omaha\\\/#primaryimage\"},\"thumbnailUrl\":\"\",\"keywords\":[\"albin\",\"coronavirus\",\"COVID-19\",\"omaha\",\"trabajo\",\"work\"],\"articleSection\":[\"Comunidad\"],\"inLanguage\":\"es\",\"potentialAction\":[{\"@type\":\"CommentAction\",\"name\":\"Comment\",\"target\":[\"https:\\\/\\\/el-perico.com\\\/es\\\/covid-trabajadores-desempleo-omaha\\\/#respond\"]}]},{\"@type\":\"WebPage\",\"@id\":\"https:\\\/\\\/el-perico.com\\\/es\\\/covid-trabajadores-desempleo-omaha\\\/\",\"url\":\"https:\\\/\\\/el-perico.com\\\/es\\\/covid-trabajadores-desempleo-omaha\\\/\",\"name\":\"Ajustan leyes en Omaha para beneficiar a trabajadores afectados por el Covid-19 - el perico\",\"isPartOf\":{\"@id\":\"https:\\\/\\\/el-perico.com\\\/es\\\/#website\"},\"primaryImageOfPage\":{\"@id\":\"https:\\\/\\\/el-perico.com\\\/es\\\/covid-trabajadores-desempleo-omaha\\\/#primaryimage\"},\"image\":{\"@id\":\"https:\\\/\\\/el-perico.com\\\/es\\\/covid-trabajadores-desempleo-omaha\\\/#primaryimage\"},\"thumbnailUrl\":\"\",\"datePublished\":\"2020-03-20T19:15:27+00:00\",\"breadcrumb\":{\"@id\":\"https:\\\/\\\/el-perico.com\\\/es\\\/covid-trabajadores-desempleo-omaha\\\/#breadcrumb\"},\"inLanguage\":\"es\",\"potentialAction\":[{\"@type\":\"ReadAction\",\"target\":[\"https:\\\/\\\/el-perico.com\\\/es\\\/covid-trabajadores-desempleo-omaha\\\/\"]}]},{\"@type\":\"ImageObject\",\"inLanguage\":\"es\",\"@id\":\"https:\\\/\\\/el-perico.com\\\/es\\\/covid-trabajadores-desempleo-omaha\\\/#primaryimage\",\"url\":\"\",\"contentUrl\":\"\"},{\"@type\":\"BreadcrumbList\",\"@id\":\"https:\\\/\\\/el-perico.com\\\/es\\\/covid-trabajadores-desempleo-omaha\\\/#breadcrumb\",\"itemListElement\":[{\"@type\":\"ListItem\",\"position\":1,\"name\":\"Home\",\"item\":\"https:\\\/\\\/el-perico.com\\\/es\\\/\"},{\"@type\":\"ListItem\",\"position\":2,\"name\":\"Ajustan leyes en Omaha para beneficiar a trabajadores afectados por el Covid-19\"}]},{\"@type\":\"WebSite\",\"@id\":\"https:\\\/\\\/el-perico.com\\\/es\\\/#website\",\"url\":\"https:\\\/\\\/el-perico.com\\\/es\\\/\",\"name\":\"el perico\",\"description\":\"La plataforma original de noticias e informaci\u00f3n para la comunidad hispana de Omaha\",\"publisher\":{\"@id\":\"https:\\\/\\\/el-perico.com\\\/es\\\/#organization\"},\"potentialAction\":[{\"@type\":\"SearchAction\",\"target\":{\"@type\":\"EntryPoint\",\"urlTemplate\":\"https:\\\/\\\/el-perico.com\\\/es\\\/?s={search_term_string}\"},\"query-input\":{\"@type\":\"PropertyValueSpecification\",\"valueRequired\":true,\"valueName\":\"search_term_string\"}}],\"inLanguage\":\"es\"},{\"@type\":\"Organization\",\"@id\":\"https:\\\/\\\/el-perico.com\\\/es\\\/#organization\",\"name\":\"el perico\",\"url\":\"https:\\\/\\\/el-perico.com\\\/es\\\/\",\"logo\":{\"@type\":\"ImageObject\",\"inLanguage\":\"es\",\"@id\":\"https:\\\/\\\/el-perico.com\\\/es\\\/#\\\/schema\\\/logo\\\/image\\\/\",\"url\":\"https:\\\/\\\/el-perico.com\\\/wp-content\\\/uploads\\\/2024\\\/05\\\/ElPerico-Logo_NPM-1-e1717102187440.png\",\"contentUrl\":\"https:\\\/\\\/el-perico.com\\\/wp-content\\\/uploads\\\/2024\\\/05\\\/ElPerico-Logo_NPM-1-e1717102187440.png\",\"width\":648,\"height\":216,\"caption\":\"el perico\"},\"image\":{\"@id\":\"https:\\\/\\\/el-perico.com\\\/es\\\/#\\\/schema\\\/logo\\\/image\\\/\"},\"sameAs\":[\"https:\\\/\\\/www.facebook.com\\\/elpericoomaha\"]},{\"@type\":\"Person\",\"@id\":\"https:\\\/\\\/el-perico.com\\\/es\\\/#\\\/schema\\\/person\\\/1956e5e63b94d4bd0daf30675bdf4a93\",\"name\":\"El Perico Staff\",\"image\":{\"@type\":\"ImageObject\",\"inLanguage\":\"es\",\"@id\":\"https:\\\/\\\/secure.gravatar.com\\\/avatar\\\/701b23c665bfde9fd4d874d31feb4c16bf2ac173b2b0b7224dc39896d4cfc381?s=96&d=mm&r=g80b2efc5844e688a6ffb9340c789e4c4\",\"url\":\"https:\\\/\\\/secure.gravatar.com\\\/avatar\\\/701b23c665bfde9fd4d874d31feb4c16bf2ac173b2b0b7224dc39896d4cfc381?s=96&d=mm&r=g\",\"contentUrl\":\"https:\\\/\\\/secure.gravatar.com\\\/avatar\\\/701b23c665bfde9fd4d874d31feb4c16bf2ac173b2b0b7224dc39896d4cfc381?s=96&d=mm&r=g\",\"caption\":\"El Perico Staff\"},\"sameAs\":[\"https:\\\/\\\/el-perico.com\"],\"url\":\"https:\\\/\\\/el-perico.com\\\/es\\\/author\\\/af6f1d62_admin\\\/\"}]}<\/script>\n<!-- \/ Yoast SEO plugin. -->","yoast_head_json":{"title":"Ajustan leyes en Omaha para beneficiar a trabajadores afectados por el Covid-19 - el perico","robots":{"index":"index","follow":"follow","max-snippet":"max-snippet:-1","max-image-preview":"max-image-preview:large","max-video-preview":"max-video-preview:-1"},"canonical":"https:\/\/el-perico.com\/es\/covid-trabajadores-desempleo-omaha\/","og_locale":"es_ES","og_type":"article","og_title":"Ajustan leyes en Omaha para beneficiar a trabajadores afectados por el Covid-19 - el perico","og_description":"El virus que causa COVID-19 aislado de un paciente en los EE. UU. Credito: Centro de Control y Prevenci\u00f3n de Enfermedades. A medida que las empresas buscan evitar la propagaci\u00f3n de Covid-19, el Departamento de Trabajo de Nebraska flexibilizar\u00e1 sus requisitos para quienes soliciten una compensaci\u00f3n de desempleo entre el 22 de marzo y el [&hellip;]","og_url":"https:\/\/el-perico.com\/es\/covid-trabajadores-desempleo-omaha\/","og_site_name":"el perico","article_publisher":"https:\/\/www.facebook.com\/elpericoomaha","article_published_time":"2020-03-20T19:15:27+00:00","author":"El Perico Staff","twitter_card":"summary_large_image","twitter_misc":{"Escrito por":"El Perico Staff","Tiempo de lectura":"2 minutos","Written by":"El Perico Staff"},"schema":{"@context":"https:\/\/schema.org","@graph":[{"@type":"Article","@id":"https:\/\/el-perico.com\/es\/covid-trabajadores-desempleo-omaha\/#article","isPartOf":{"@id":"https:\/\/el-perico.com\/es\/covid-trabajadores-desempleo-omaha\/"},"author":{"name":"El Perico Staff","@id":"https:\/\/el-perico.com\/es\/#\/schema\/person\/1956e5e63b94d4bd0daf30675bdf4a93"},"headline":"Ajustan leyes en Omaha para beneficiar a trabajadores afectados por el Covid-19","datePublished":"2020-03-20T19:15:27+00:00","mainEntityOfPage":{"@id":"https:\/\/el-perico.com\/es\/covid-trabajadores-desempleo-omaha\/"},"wordCount":454,"commentCount":0,"publisher":{"@id":"https:\/\/el-perico.com\/es\/#organization"},"image":{"@id":"https:\/\/el-perico.com\/es\/covid-trabajadores-desempleo-omaha\/#primaryimage"},"thumbnailUrl":"","keywords":["albin","coronavirus","COVID-19","omaha","trabajo","work"],"articleSection":["Comunidad"],"inLanguage":"es","potentialAction":[{"@type":"CommentAction","name":"Comment","target":["https:\/\/el-perico.com\/es\/covid-trabajadores-desempleo-omaha\/#respond"]}]},{"@type":"WebPage","@id":"https:\/\/el-perico.com\/es\/covid-trabajadores-desempleo-omaha\/","url":"https:\/\/el-perico.com\/es\/covid-trabajadores-desempleo-omaha\/","name":"Ajustan leyes en Omaha para beneficiar a trabajadores afectados por el Covid-19 - el perico","isPartOf":{"@id":"https:\/\/el-perico.com\/es\/#website"},"primaryImageOfPage":{"@id":"https:\/\/el-perico.com\/es\/covid-trabajadores-desempleo-omaha\/#primaryimage"},"image":{"@id":"https:\/\/el-perico.com\/es\/covid-trabajadores-desempleo-omaha\/#primaryimage"},"thumbnailUrl":"","datePublished":"2020-03-20T19:15:27+00:00","breadcrumb":{"@id":"https:\/\/el-perico.com\/es\/covid-trabajadores-desempleo-omaha\/#breadcrumb"},"inLanguage":"es","potentialAction":[{"@type":"ReadAction","target":["https:\/\/el-perico.com\/es\/covid-trabajadores-desempleo-omaha\/"]}]},{"@type":"ImageObject","inLanguage":"es","@id":"https:\/\/el-perico.com\/es\/covid-trabajadores-desempleo-omaha\/#primaryimage","url":"","contentUrl":""},{"@type":"BreadcrumbList","@id":"https:\/\/el-perico.com\/es\/covid-trabajadores-desempleo-omaha\/#breadcrumb","itemListElement":[{"@type":"ListItem","position":1,"name":"Home","item":"https:\/\/el-perico.com\/es\/"},{"@type":"ListItem","position":2,"name":"Ajustan leyes en Omaha para beneficiar a trabajadores afectados por el Covid-19"}]},{"@type":"WebSite","@id":"https:\/\/el-perico.com\/es\/#website","url":"https:\/\/el-perico.com\/es\/","name":"el perico","description":"La plataforma original de noticias e informaci\u00f3n para la comunidad hispana de Omaha","publisher":{"@id":"https:\/\/el-perico.com\/es\/#organization"},"potentialAction":[{"@type":"SearchAction","target":{"@type":"EntryPoint","urlTemplate":"https:\/\/el-perico.com\/es\/?s={search_term_string}"},"query-input":{"@type":"PropertyValueSpecification","valueRequired":true,"valueName":"search_term_string"}}],"inLanguage":"es"},{"@type":"Organization","@id":"https:\/\/el-perico.com\/es\/#organization","name":"el perico","url":"https:\/\/el-perico.com\/es\/","logo":{"@type":"ImageObject","inLanguage":"es","@id":"https:\/\/el-perico.com\/es\/#\/schema\/logo\/image\/","url":"https:\/\/el-perico.com\/wp-content\/uploads\/2024\/05\/ElPerico-Logo_NPM-1-e1717102187440.png","contentUrl":"https:\/\/el-perico.com\/wp-content\/uploads\/2024\/05\/ElPerico-Logo_NPM-1-e1717102187440.png","width":648,"height":216,"caption":"el perico"},"image":{"@id":"https:\/\/el-perico.com\/es\/#\/schema\/logo\/image\/"},"sameAs":["https:\/\/www.facebook.com\/elpericoomaha"]},{"@type":"Person","@id":"https:\/\/el-perico.com\/es\/#\/schema\/person\/1956e5e63b94d4bd0daf30675bdf4a93","name":"El Perico Staff","image":{"@type":"ImageObject","inLanguage":"es","@id":"https:\/\/secure.gravatar.com\/avatar\/701b23c665bfde9fd4d874d31feb4c16bf2ac173b2b0b7224dc39896d4cfc381?s=96&d=mm&r=g80b2efc5844e688a6ffb9340c789e4c4","url":"https:\/\/secure.gravatar.com\/avatar\/701b23c665bfde9fd4d874d31feb4c16bf2ac173b2b0b7224dc39896d4cfc381?s=96&d=mm&r=g","contentUrl":"https:\/\/secure.gravatar.com\/avatar\/701b23c665bfde9fd4d874d31feb4c16bf2ac173b2b0b7224dc39896d4cfc381?s=96&d=mm&r=g","caption":"El Perico Staff"},"sameAs":["https:\/\/el-perico.com"],"url":"https:\/\/el-perico.com\/es\/author\/af6f1d62_admin\/"}]}},"_links":{"self":[{"href":"https:\/\/el-perico.com\/es\/wp-json\/wp\/v2\/posts\/3024","targetHints":{"allow":["GET"]}}],"collection":[{"href":"https:\/\/el-perico.com\/es\/wp-json\/wp\/v2\/posts"}],"about":[{"href":"https:\/\/el-perico.com\/es\/wp-json\/wp\/v2\/types\/post"}],"author":[{"embeddable":true,"href":"https:\/\/el-perico.com\/es\/wp-json\/wp\/v2\/users\/1"}],"replies":[{"embeddable":true,"href":"https:\/\/el-perico.com\/es\/wp-json\/wp\/v2\/comments?post=3024"}],"version-history":[{"count":0,"href":"https:\/\/el-perico.com\/es\/wp-json\/wp\/v2\/posts\/3024\/revisions"}],"wp:featuredmedia":[{"embeddable":true,"href":"https:\/\/el-perico.com\/es\/wp-json\/"}],"wp:attachment":[{"href":"https:\/\/el-perico.com\/es\/wp-json\/wp\/v2\/media?parent=3024"}],"wp:term":[{"taxonomy":"category","embeddable":true,"href":"https:\/\/el-perico.com\/es\/wp-json\/wp\/v2\/categories?post=3024"},{"taxonomy":"post_tag","embeddable":true,"href":"https:\/\/el-perico.com\/es\/wp-json\/wp\/v2\/tags?post=3024"},{"taxonomy":"newspack_spnsrs_tax","embeddable":true,"href":"https:\/\/el-perico.com\/es\/wp-json\/wp\/v2\/newspack_spnsrs_tax?post=3024"},{"taxonomy":"author","embeddable":true,"href":"https:\/\/el-perico.com\/es\/wp-json\/wp\/v2\/coauthors?post=3024"}],"curies":[{"name":"wp","href":"https:\/\/api.w.org\/{rel}","templated":true}]}}