{"id":3012,"date":"2020-03-20T17:32:09","date_gmt":"2020-03-20T17:32:09","guid":{"rendered":"https:\/\/el-perico.com\/?p=3012"},"modified":"2020-03-20T17:32:09","modified_gmt":"2020-03-20T17:32:09","slug":"prueba-del-covid-19-no-es-para-cazar-inmigrantes","status":"publish","type":"post","link":"https:\/\/el-perico.com\/es\/prueba-del-covid-19-no-es-para-cazar-inmigrantes\/","title":{"rendered":"Prueba del Covid-19 no es para \u00abcazar\u00bb inmigrantes"},"content":{"rendered":"<p>&nbsp;<br \/>\n<img loading=\"lazy\" decoding=\"async\" class=\"alignnone wp-image-3015\" src=\"https:\/\/el-perico.com\/wp-content\/uploads\/2020\/03\/detenidos_ice_013-300x169.jpg\" alt=\"\" width=\"698\" height=\"393\" \/><small><em>El ILC ofreci\u00f3 n\u00fameros de atenci\u00f3n por si una persona ve a funcionarios del ICE alrededor de los centros de salud. Foto referencial tomada de Google.\u00a0<\/em><\/small><\/p>\n<p class=\"\"><span class=\"\">Los rumores sobre la posible cacer\u00eda de brujas a la comunidad indocumentada por parte del\u00a0<\/span><span class=\"\">Servicio de Inmigraci\u00f3n y Control de Aduanas de los Estados Unidos (ICE) carecen de sustento. As\u00ed lo afirma en un comunicado el Centro Legal para Inmigrantes (ILC, por sus siglas en ingl\u00e9s) quienes ofrecieron una serie de recomendaciones para estar seguros ante la pandemia mundial del Covid-19.<\/span><\/p>\n<p class=\"\"><span class=\"\">El ILC inst\u00f3 a la comunidad en general a que si presenta alg\u00fan s\u00edntoma asociado al virus Covid-19 podr\u00e1n dirigirse a los hospitales o cualquier instalaci\u00f3n m\u00e9dicas y asegur\u00f3 que estos centros de salud no corresponden a \u201cubicaciones sensibles\u201d donde deber\u00edan ocurrir arrestros por parte del ICE.<\/span><\/p>\n<p class=\"\"><span class=\"\">El comunicado tambi\u00e9n aclara que: \u201clos rumores de que ICE est\u00e1 presente en los centros de atenci\u00f3n m\u00e9dica \u2018crean miedo innecesario dentro de las comunidades\u2019 y pueden disuadir a los inmigrantes de buscar la atenci\u00f3n m\u00e9dica necesaria para ellos y sus familias. ICE informa que \u2018los individuos deben continuar buscando atenci\u00f3n m\u00e9dica\u2019\u00bb.<\/span><\/p>\n<p class=\"\"><span class=\"\">Advierte que si se ve alg\u00fan funcionario del ICE cerca del centro de salud, puede notificarlo al Centro Legal para Inmigrantes al n\u00famero de tel\u00e9fono: 402-898-1349 o\u00a0<a>information@immigrantlc.org<\/a>.\u00a0<a class=\"\" title=\"This external link will open in a new window\" href=\"https:\/\/www.ice.gov\/covid19\" target=\"_blank\" rel=\"noopener noreferrer\">https:\/\/www.ice.gov\/covid19<\/a>,\u00a0<a class=\"\" title=\"This external link will open in a new window\" href=\"https:\/\/www.ice.gov\/doclib\/ero-outreach\/pdf\/10029.2-policy.pdf\" target=\"_blank\" rel=\"noopener noreferrer\">https:\/\/www.ice.gov\/doclib\/ero-outreach\/pdf\/10029.2-policy.pdf<\/a>.<\/span><\/p>\n<p class=\"\"><span class=\"\">Por su parte el ICE inst\u00f3 a aquellas personas que presentan alg\u00fan s\u00edntoma del Covid-19 y tienen una cita programada deben comunicarse ante con una oficina local del ICE para ser orientados, esto incluye a quienes est\u00e9n bajo el Programa\u00a0<\/span><span class=\"\">de Suspensi\u00f3n Intensiva (ISAP)<\/span><span class=\"\">. El n\u00famero de tel\u00e9fono de ICE en Omaha es: (402) 536-4804. Y para la oficina del ISAP es (402) 342-4076.<\/span><\/p>\n<h4><strong class=\"\"><span class=\"\">Procesos migratorios y carga p\u00fablica<\/span><\/strong><\/h4>\n<p class=\"\"><span class=\"\">Las personas que est\u00e9n en procesos de beneficios migratorios deben saber que la b\u00fasqueda de tratamiento m\u00e9dico o servicios para prevenir el Covid-19 no afectar\u00e1 negativamente el proceso, ya que se trata de un asunto de emergencia mundial.<\/span><\/p>\n<p class=\"\"><span class=\"\">En el informe de la ILC, explica que el Servicio de Ciudadan\u00eda e Inmigraci\u00f3n de los Estados Unidos (USCIS) \u201cno considerar\u00e1 las pruebas, el tratamiento ni la atenci\u00f3n preventiva relacionados con Covid-19 como parte de una carga p\u00fablica, determinaci\u00f3n. Incluso si dicho tratamiento es proporcionado o pagado por uno o m\u00e1s beneficios p\u00fablicos, tal como se define en la regla (por ejemplo, Medicaid con fondos federales) \u00ab.<\/span><\/p>\n<p class=\"\"><span class=\"\">Asimismo, si un individuo vive o trabaja en una jurisdicci\u00f3n donde existen m\u00e9todos de prevenci\u00f3n de enfermedades, tales como distanciamiento social o cuarentena, o donde el empleador, la escuela o la universidad cierran las operaciones para evitar la propagaci\u00f3n del virus, el solicitante puede presentar una declaraci\u00f3n con su solicitud, explicando c\u00f3mo tales m\u00e9todos o pol\u00edticas lo han afectado seg\u00fan lo relevante a los factores que USCIS debe considerar bajo la regla de carga p\u00fablica.\u00a0<a class=\"\" title=\"This external link will open in a new window\" href=\"https:\/\/www.uscis.gov\/greencard\/public-charge\" target=\"_blank\" rel=\"noopener noreferrer\">https:\/\/www.uscis.gov\/greencard\/public-charge<\/a><\/span><\/p>\n<h4><strong class=\"\"><span class=\"\">No todas las audiencias del Tribunal de Inmigraci\u00f3n se pospondr\u00e1n, debido al Codiv-19<\/span><\/strong><\/h4>\n<p class=\"\"><span class=\"\">De acuerdo con el Centro Legal para Inmigrantes, el Tribunal de Inmigraci\u00f3n de Omaha ha pospuesto todas las audiencias del calendario maestro programadas entre el 16 de marzo de 2020 y el 10 de abril de 2020 para las personas que no est\u00e1n detenidas.<\/span><\/p>\n<p class=\"\"><span class=\"\">En este sentido, el Tribunal enviar\u00e1 un aviso de las fechas de audiencia reprogramadas por correo. \u201cTodas las audiencias individuales (de fondo), y todas las audiencias para los detenidos, continuar\u00e1n seg\u00fan lo programado. Los plazos de presentaci\u00f3n de la corte de inmigraci\u00f3n a\u00fan se aplican\u201d, dice el comunicado.<\/span><\/p>\n<p class=\"\"><span class=\"\">Para m\u00e1s informaci\u00f3n sobre la Oficina Ejecutiva de Revisi\u00f3n de Inmigraci\u00f3n, \u00e9sta publicar\u00e1 sus actualizaciones aqu\u00ed:\u00a0<a class=\"\" title=\"This external link will open in a new window\" href=\"https:\/\/www.justice.gov\/eoir\/eoir-operational-status-during-coronavirus-pandemic\" target=\"_blank\" rel=\"noopener noreferrer\">https:\/\/www.justice.gov\/eoir\/eoir-operational-status-during-coronavirus-pandemic<\/a>.<\/span><\/p>\n<h4><strong class=\"\"><span class=\"\">USCIS pide reprogramar citas sin penalidad por Covid-19<\/span><\/strong><\/h4>\n<p class=\"\"><span class=\"\">El USCIS, ha pedido a los solicitantes de sus servicios que reprogramen sus citas si la persona viaj\u00f3 fuera del pa\u00eds en los \u00faltimos 14 d\u00edas, adem\u00e1s si creen que pudieron haber estado expuestos a \u00e1reas con alertas de Covid-19, o si est\u00e1n experimentando alg\u00fan s\u00edntoma de la enfermedad.<\/span><\/p>\n<p class=\"\"><span class=\"\">Si es as\u00ed, los solicitantes deben seguir las instrucciones en su aviso de cita para solicitar la reprogramaci\u00f3n. USCIS ayudar\u00e1 a los solicitantes a reprogramar sus citas, y no habr\u00e1 penalidad alguna.\u00a0<a class=\"\" title=\"This external link will open in a new window\" href=\"https:\/\/www.uscis.gov\/about-us\/find-a-uscis-office\/if-you-feel-sick-please-consider-canceling-and-rescheduling-your-uscis-appointment\" target=\"_blank\" rel=\"noopener noreferrer\">https:\/\/www.uscis.gov\/about-us\/find-a-uscis-office\/if-you-feel-sick-please-consider-canceling-and-rescheduling-your-uscis-appointment<\/a>.<\/span><\/p>\n","protected":false},"excerpt":{"rendered":"<p>&nbsp; El ILC ofreci\u00f3 n\u00fameros de atenci\u00f3n por si una persona ve a funcionarios del ICE alrededor de los centros de salud. Foto referencial tomada de Google.\u00a0 Los rumores sobre la posible cacer\u00eda de brujas a la comunidad indocumentada por parte del\u00a0Servicio de Inmigraci\u00f3n y Control de Aduanas de los Estados Unidos (ICE) carecen de [&hellip;]<\/p>\n","protected":false},"author":1,"featured_media":3015,"comment_status":"open","ping_status":"closed","sticky":false,"template":"","format":"standard","meta":{"newspack_ads_suppress_ads":false,"_newspack_byline_active":false,"_newspack_byline":"","newspack_hide_updated_date":false,"newspack_show_updated_date":false,"newspack_content_restriction_is_exempt":false,"newspack_featured_image_position":"","newspack_post_subtitle":"","newspack_article_summary_title":"Overview:","newspack_article_summary":"","footnotes":""},"categories":[39,40,45],"tags":[49,50,54,15,55],"newspack_spnsrs_tax":[],"coauthors":[],"class_list":["post-3012","post","type-post","status-publish","format-standard","has-post-thumbnail","hentry","category-comunidad","category-inmigracion","category-salud","tag-coronavirus","tag-covid-19","tag-inmigrants","tag-omaha-en","tag-test","entry"],"yoast_head":"<!-- This site is optimized with the Yoast SEO plugin v27.5 - https:\/\/yoast.com\/product\/yoast-seo-wordpress\/ -->\n<title>Prueba del Covid-19 no es para &quot;cazar&quot; inmigrantes - el perico<\/title>\n<meta name=\"robots\" content=\"index, follow, max-snippet:-1, max-image-preview:large, max-video-preview:-1\" \/>\n<link rel=\"canonical\" href=\"https:\/\/el-perico.com\/es\/prueba-del-covid-19-no-es-para-cazar-inmigrantes\/\" \/>\n<meta property=\"og:locale\" content=\"es_ES\" \/>\n<meta property=\"og:type\" content=\"article\" \/>\n<meta property=\"og:title\" content=\"Prueba del Covid-19 no es para &quot;cazar&quot; inmigrantes - el perico\" \/>\n<meta property=\"og:description\" content=\"&nbsp; El ILC ofreci\u00f3 n\u00fameros de atenci\u00f3n por si una persona ve a funcionarios del ICE alrededor de los centros de salud. Foto referencial tomada de Google.\u00a0 Los rumores sobre la posible cacer\u00eda de brujas a la comunidad indocumentada por parte del\u00a0Servicio de Inmigraci\u00f3n y Control de Aduanas de los Estados Unidos (ICE) carecen de [&hellip;]\" \/>\n<meta property=\"og:url\" content=\"https:\/\/el-perico.com\/es\/prueba-del-covid-19-no-es-para-cazar-inmigrantes\/\" \/>\n<meta property=\"og:site_name\" content=\"el perico\" \/>\n<meta property=\"article:publisher\" content=\"https:\/\/www.facebook.com\/elpericoomaha\" \/>\n<meta property=\"article:published_time\" content=\"2020-03-20T17:32:09+00:00\" \/>\n<meta name=\"author\" content=\"El Perico Staff\" \/>\n<meta name=\"twitter:card\" content=\"summary_large_image\" \/>\n<meta name=\"twitter:label1\" content=\"Escrito por\" \/>\n\t<meta name=\"twitter:data1\" content=\"El Perico Staff\" \/>\n\t<meta name=\"twitter:label2\" content=\"Tiempo de lectura\" \/>\n\t<meta name=\"twitter:data2\" content=\"4 minutos\" \/>\n\t<meta name=\"twitter:label3\" content=\"Written by\" \/>\n\t<meta name=\"twitter:data3\" content=\"El Perico Staff\" \/>\n<script type=\"application\/ld+json\" class=\"yoast-schema-graph\">{\"@context\":\"https:\\\/\\\/schema.org\",\"@graph\":[{\"@type\":\"Article\",\"@id\":\"https:\\\/\\\/el-perico.com\\\/es\\\/prueba-del-covid-19-no-es-para-cazar-inmigrantes\\\/#article\",\"isPartOf\":{\"@id\":\"https:\\\/\\\/el-perico.com\\\/es\\\/prueba-del-covid-19-no-es-para-cazar-inmigrantes\\\/\"},\"author\":{\"name\":\"El Perico Staff\",\"@id\":\"https:\\\/\\\/el-perico.com\\\/es\\\/#\\\/schema\\\/person\\\/1956e5e63b94d4bd0daf30675bdf4a93\"},\"headline\":\"Prueba del Covid-19 no es para \u00abcazar\u00bb inmigrantes\",\"datePublished\":\"2020-03-20T17:32:09+00:00\",\"mainEntityOfPage\":{\"@id\":\"https:\\\/\\\/el-perico.com\\\/es\\\/prueba-del-covid-19-no-es-para-cazar-inmigrantes\\\/\"},\"wordCount\":779,\"commentCount\":0,\"publisher\":{\"@id\":\"https:\\\/\\\/el-perico.com\\\/es\\\/#organization\"},\"image\":{\"@id\":\"https:\\\/\\\/el-perico.com\\\/es\\\/prueba-del-covid-19-no-es-para-cazar-inmigrantes\\\/#primaryimage\"},\"thumbnailUrl\":\"\",\"keywords\":[\"coronavirus\",\"COVID-19\",\"inmigrants\",\"omaha\",\"test\"],\"articleSection\":[\"Comunidad\",\"Inmigracion\",\"Salud\"],\"inLanguage\":\"es\",\"potentialAction\":[{\"@type\":\"CommentAction\",\"name\":\"Comment\",\"target\":[\"https:\\\/\\\/el-perico.com\\\/es\\\/prueba-del-covid-19-no-es-para-cazar-inmigrantes\\\/#respond\"]}]},{\"@type\":\"WebPage\",\"@id\":\"https:\\\/\\\/el-perico.com\\\/es\\\/prueba-del-covid-19-no-es-para-cazar-inmigrantes\\\/\",\"url\":\"https:\\\/\\\/el-perico.com\\\/es\\\/prueba-del-covid-19-no-es-para-cazar-inmigrantes\\\/\",\"name\":\"Prueba del Covid-19 no es para \\\"cazar\\\" inmigrantes - el perico\",\"isPartOf\":{\"@id\":\"https:\\\/\\\/el-perico.com\\\/es\\\/#website\"},\"primaryImageOfPage\":{\"@id\":\"https:\\\/\\\/el-perico.com\\\/es\\\/prueba-del-covid-19-no-es-para-cazar-inmigrantes\\\/#primaryimage\"},\"image\":{\"@id\":\"https:\\\/\\\/el-perico.com\\\/es\\\/prueba-del-covid-19-no-es-para-cazar-inmigrantes\\\/#primaryimage\"},\"thumbnailUrl\":\"\",\"datePublished\":\"2020-03-20T17:32:09+00:00\",\"breadcrumb\":{\"@id\":\"https:\\\/\\\/el-perico.com\\\/es\\\/prueba-del-covid-19-no-es-para-cazar-inmigrantes\\\/#breadcrumb\"},\"inLanguage\":\"es\",\"potentialAction\":[{\"@type\":\"ReadAction\",\"target\":[\"https:\\\/\\\/el-perico.com\\\/es\\\/prueba-del-covid-19-no-es-para-cazar-inmigrantes\\\/\"]}]},{\"@type\":\"ImageObject\",\"inLanguage\":\"es\",\"@id\":\"https:\\\/\\\/el-perico.com\\\/es\\\/prueba-del-covid-19-no-es-para-cazar-inmigrantes\\\/#primaryimage\",\"url\":\"\",\"contentUrl\":\"\"},{\"@type\":\"BreadcrumbList\",\"@id\":\"https:\\\/\\\/el-perico.com\\\/es\\\/prueba-del-covid-19-no-es-para-cazar-inmigrantes\\\/#breadcrumb\",\"itemListElement\":[{\"@type\":\"ListItem\",\"position\":1,\"name\":\"Home\",\"item\":\"https:\\\/\\\/el-perico.com\\\/es\\\/\"},{\"@type\":\"ListItem\",\"position\":2,\"name\":\"Prueba del Covid-19 no es para &#8220;cazar&#8221; inmigrantes\"}]},{\"@type\":\"WebSite\",\"@id\":\"https:\\\/\\\/el-perico.com\\\/es\\\/#website\",\"url\":\"https:\\\/\\\/el-perico.com\\\/es\\\/\",\"name\":\"el perico\",\"description\":\"La plataforma original de noticias e informaci\u00f3n para la comunidad hispana de Omaha\",\"publisher\":{\"@id\":\"https:\\\/\\\/el-perico.com\\\/es\\\/#organization\"},\"potentialAction\":[{\"@type\":\"SearchAction\",\"target\":{\"@type\":\"EntryPoint\",\"urlTemplate\":\"https:\\\/\\\/el-perico.com\\\/es\\\/?s={search_term_string}\"},\"query-input\":{\"@type\":\"PropertyValueSpecification\",\"valueRequired\":true,\"valueName\":\"search_term_string\"}}],\"inLanguage\":\"es\"},{\"@type\":\"Organization\",\"@id\":\"https:\\\/\\\/el-perico.com\\\/es\\\/#organization\",\"name\":\"el perico\",\"url\":\"https:\\\/\\\/el-perico.com\\\/es\\\/\",\"logo\":{\"@type\":\"ImageObject\",\"inLanguage\":\"es\",\"@id\":\"https:\\\/\\\/el-perico.com\\\/es\\\/#\\\/schema\\\/logo\\\/image\\\/\",\"url\":\"https:\\\/\\\/el-perico.com\\\/wp-content\\\/uploads\\\/2024\\\/05\\\/ElPerico-Logo_NPM-1-e1717102187440.png\",\"contentUrl\":\"https:\\\/\\\/el-perico.com\\\/wp-content\\\/uploads\\\/2024\\\/05\\\/ElPerico-Logo_NPM-1-e1717102187440.png\",\"width\":648,\"height\":216,\"caption\":\"el perico\"},\"image\":{\"@id\":\"https:\\\/\\\/el-perico.com\\\/es\\\/#\\\/schema\\\/logo\\\/image\\\/\"},\"sameAs\":[\"https:\\\/\\\/www.facebook.com\\\/elpericoomaha\"]},{\"@type\":\"Person\",\"@id\":\"https:\\\/\\\/el-perico.com\\\/es\\\/#\\\/schema\\\/person\\\/1956e5e63b94d4bd0daf30675bdf4a93\",\"name\":\"El Perico Staff\",\"image\":{\"@type\":\"ImageObject\",\"inLanguage\":\"es\",\"@id\":\"https:\\\/\\\/secure.gravatar.com\\\/avatar\\\/701b23c665bfde9fd4d874d31feb4c16bf2ac173b2b0b7224dc39896d4cfc381?s=96&d=mm&r=g80b2efc5844e688a6ffb9340c789e4c4\",\"url\":\"https:\\\/\\\/secure.gravatar.com\\\/avatar\\\/701b23c665bfde9fd4d874d31feb4c16bf2ac173b2b0b7224dc39896d4cfc381?s=96&d=mm&r=g\",\"contentUrl\":\"https:\\\/\\\/secure.gravatar.com\\\/avatar\\\/701b23c665bfde9fd4d874d31feb4c16bf2ac173b2b0b7224dc39896d4cfc381?s=96&d=mm&r=g\",\"caption\":\"El Perico Staff\"},\"sameAs\":[\"https:\\\/\\\/el-perico.com\"],\"url\":\"https:\\\/\\\/el-perico.com\\\/es\\\/author\\\/af6f1d62_admin\\\/\"}]}<\/script>\n<!-- \/ Yoast SEO plugin. -->","yoast_head_json":{"title":"Prueba del Covid-19 no es para \"cazar\" inmigrantes - el perico","robots":{"index":"index","follow":"follow","max-snippet":"max-snippet:-1","max-image-preview":"max-image-preview:large","max-video-preview":"max-video-preview:-1"},"canonical":"https:\/\/el-perico.com\/es\/prueba-del-covid-19-no-es-para-cazar-inmigrantes\/","og_locale":"es_ES","og_type":"article","og_title":"Prueba del Covid-19 no es para \"cazar\" inmigrantes - el perico","og_description":"&nbsp; El ILC ofreci\u00f3 n\u00fameros de atenci\u00f3n por si una persona ve a funcionarios del ICE alrededor de los centros de salud. Foto referencial tomada de Google.\u00a0 Los rumores sobre la posible cacer\u00eda de brujas a la comunidad indocumentada por parte del\u00a0Servicio de Inmigraci\u00f3n y Control de Aduanas de los Estados Unidos (ICE) carecen de [&hellip;]","og_url":"https:\/\/el-perico.com\/es\/prueba-del-covid-19-no-es-para-cazar-inmigrantes\/","og_site_name":"el perico","article_publisher":"https:\/\/www.facebook.com\/elpericoomaha","article_published_time":"2020-03-20T17:32:09+00:00","author":"El Perico Staff","twitter_card":"summary_large_image","twitter_misc":{"Escrito por":"El Perico Staff","Tiempo de lectura":"4 minutos","Written by":"El Perico Staff"},"schema":{"@context":"https:\/\/schema.org","@graph":[{"@type":"Article","@id":"https:\/\/el-perico.com\/es\/prueba-del-covid-19-no-es-para-cazar-inmigrantes\/#article","isPartOf":{"@id":"https:\/\/el-perico.com\/es\/prueba-del-covid-19-no-es-para-cazar-inmigrantes\/"},"author":{"name":"El Perico Staff","@id":"https:\/\/el-perico.com\/es\/#\/schema\/person\/1956e5e63b94d4bd0daf30675bdf4a93"},"headline":"Prueba del Covid-19 no es para \u00abcazar\u00bb inmigrantes","datePublished":"2020-03-20T17:32:09+00:00","mainEntityOfPage":{"@id":"https:\/\/el-perico.com\/es\/prueba-del-covid-19-no-es-para-cazar-inmigrantes\/"},"wordCount":779,"commentCount":0,"publisher":{"@id":"https:\/\/el-perico.com\/es\/#organization"},"image":{"@id":"https:\/\/el-perico.com\/es\/prueba-del-covid-19-no-es-para-cazar-inmigrantes\/#primaryimage"},"thumbnailUrl":"","keywords":["coronavirus","COVID-19","inmigrants","omaha","test"],"articleSection":["Comunidad","Inmigracion","Salud"],"inLanguage":"es","potentialAction":[{"@type":"CommentAction","name":"Comment","target":["https:\/\/el-perico.com\/es\/prueba-del-covid-19-no-es-para-cazar-inmigrantes\/#respond"]}]},{"@type":"WebPage","@id":"https:\/\/el-perico.com\/es\/prueba-del-covid-19-no-es-para-cazar-inmigrantes\/","url":"https:\/\/el-perico.com\/es\/prueba-del-covid-19-no-es-para-cazar-inmigrantes\/","name":"Prueba del Covid-19 no es para \"cazar\" inmigrantes - el perico","isPartOf":{"@id":"https:\/\/el-perico.com\/es\/#website"},"primaryImageOfPage":{"@id":"https:\/\/el-perico.com\/es\/prueba-del-covid-19-no-es-para-cazar-inmigrantes\/#primaryimage"},"image":{"@id":"https:\/\/el-perico.com\/es\/prueba-del-covid-19-no-es-para-cazar-inmigrantes\/#primaryimage"},"thumbnailUrl":"","datePublished":"2020-03-20T17:32:09+00:00","breadcrumb":{"@id":"https:\/\/el-perico.com\/es\/prueba-del-covid-19-no-es-para-cazar-inmigrantes\/#breadcrumb"},"inLanguage":"es","potentialAction":[{"@type":"ReadAction","target":["https:\/\/el-perico.com\/es\/prueba-del-covid-19-no-es-para-cazar-inmigrantes\/"]}]},{"@type":"ImageObject","inLanguage":"es","@id":"https:\/\/el-perico.com\/es\/prueba-del-covid-19-no-es-para-cazar-inmigrantes\/#primaryimage","url":"","contentUrl":""},{"@type":"BreadcrumbList","@id":"https:\/\/el-perico.com\/es\/prueba-del-covid-19-no-es-para-cazar-inmigrantes\/#breadcrumb","itemListElement":[{"@type":"ListItem","position":1,"name":"Home","item":"https:\/\/el-perico.com\/es\/"},{"@type":"ListItem","position":2,"name":"Prueba del Covid-19 no es para &#8220;cazar&#8221; inmigrantes"}]},{"@type":"WebSite","@id":"https:\/\/el-perico.com\/es\/#website","url":"https:\/\/el-perico.com\/es\/","name":"el perico","description":"La plataforma original de noticias e informaci\u00f3n para la comunidad hispana de Omaha","publisher":{"@id":"https:\/\/el-perico.com\/es\/#organization"},"potentialAction":[{"@type":"SearchAction","target":{"@type":"EntryPoint","urlTemplate":"https:\/\/el-perico.com\/es\/?s={search_term_string}"},"query-input":{"@type":"PropertyValueSpecification","valueRequired":true,"valueName":"search_term_string"}}],"inLanguage":"es"},{"@type":"Organization","@id":"https:\/\/el-perico.com\/es\/#organization","name":"el perico","url":"https:\/\/el-perico.com\/es\/","logo":{"@type":"ImageObject","inLanguage":"es","@id":"https:\/\/el-perico.com\/es\/#\/schema\/logo\/image\/","url":"https:\/\/el-perico.com\/wp-content\/uploads\/2024\/05\/ElPerico-Logo_NPM-1-e1717102187440.png","contentUrl":"https:\/\/el-perico.com\/wp-content\/uploads\/2024\/05\/ElPerico-Logo_NPM-1-e1717102187440.png","width":648,"height":216,"caption":"el perico"},"image":{"@id":"https:\/\/el-perico.com\/es\/#\/schema\/logo\/image\/"},"sameAs":["https:\/\/www.facebook.com\/elpericoomaha"]},{"@type":"Person","@id":"https:\/\/el-perico.com\/es\/#\/schema\/person\/1956e5e63b94d4bd0daf30675bdf4a93","name":"El Perico Staff","image":{"@type":"ImageObject","inLanguage":"es","@id":"https:\/\/secure.gravatar.com\/avatar\/701b23c665bfde9fd4d874d31feb4c16bf2ac173b2b0b7224dc39896d4cfc381?s=96&d=mm&r=g80b2efc5844e688a6ffb9340c789e4c4","url":"https:\/\/secure.gravatar.com\/avatar\/701b23c665bfde9fd4d874d31feb4c16bf2ac173b2b0b7224dc39896d4cfc381?s=96&d=mm&r=g","contentUrl":"https:\/\/secure.gravatar.com\/avatar\/701b23c665bfde9fd4d874d31feb4c16bf2ac173b2b0b7224dc39896d4cfc381?s=96&d=mm&r=g","caption":"El Perico Staff"},"sameAs":["https:\/\/el-perico.com"],"url":"https:\/\/el-perico.com\/es\/author\/af6f1d62_admin\/"}]}},"_links":{"self":[{"href":"https:\/\/el-perico.com\/es\/wp-json\/wp\/v2\/posts\/3012","targetHints":{"allow":["GET"]}}],"collection":[{"href":"https:\/\/el-perico.com\/es\/wp-json\/wp\/v2\/posts"}],"about":[{"href":"https:\/\/el-perico.com\/es\/wp-json\/wp\/v2\/types\/post"}],"author":[{"embeddable":true,"href":"https:\/\/el-perico.com\/es\/wp-json\/wp\/v2\/users\/1"}],"replies":[{"embeddable":true,"href":"https:\/\/el-perico.com\/es\/wp-json\/wp\/v2\/comments?post=3012"}],"version-history":[{"count":0,"href":"https:\/\/el-perico.com\/es\/wp-json\/wp\/v2\/posts\/3012\/revisions"}],"wp:featuredmedia":[{"embeddable":true,"href":"https:\/\/el-perico.com\/es\/wp-json\/"}],"wp:attachment":[{"href":"https:\/\/el-perico.com\/es\/wp-json\/wp\/v2\/media?parent=3012"}],"wp:term":[{"taxonomy":"category","embeddable":true,"href":"https:\/\/el-perico.com\/es\/wp-json\/wp\/v2\/categories?post=3012"},{"taxonomy":"post_tag","embeddable":true,"href":"https:\/\/el-perico.com\/es\/wp-json\/wp\/v2\/tags?post=3012"},{"taxonomy":"newspack_spnsrs_tax","embeddable":true,"href":"https:\/\/el-perico.com\/es\/wp-json\/wp\/v2\/newspack_spnsrs_tax?post=3012"},{"taxonomy":"author","embeddable":true,"href":"https:\/\/el-perico.com\/es\/wp-json\/wp\/v2\/coauthors?post=3012"}],"curies":[{"name":"wp","href":"https:\/\/api.w.org\/{rel}","templated":true}]}}