{"id":2994,"date":"2020-03-19T15:11:52","date_gmt":"2020-03-19T15:11:52","guid":{"rendered":"https:\/\/el-perico.com\/?p=2994"},"modified":"2020-03-19T15:11:52","modified_gmt":"2020-03-19T15:11:52","slug":"covid-19-una-guia-de-recursos-en-omaha","status":"publish","type":"post","link":"https:\/\/el-perico.com\/es\/covid-19-una-guia-de-recursos-en-omaha\/","title":{"rendered":"Covid-19, una gu\u00eda de recursos en Omaha"},"content":{"rendered":"<p><img loading=\"lazy\" decoding=\"async\" class=\"wp-image-2995 size-full\" src=\"https:\/\/el-perico.com\/wp-content\/uploads\/2020\/03\/Corona-Virus.png\" alt=\"\" width=\"2048\" height=\"1152\" \/><br \/>\n<em>Ilustraci\u00f3n del virus Covid-19 que causa la enfermedad, por el Centro de Control y Prevenci\u00f3n de Enfermedades. <\/em><br \/>\nLimitarse a reuniones p\u00fablicas. Grandes eventos comunitarios encerrados. Los funcionarios p\u00fablicos locales y federales siguen luchando. La crisis de Covid-19 ha cambiado dr\u00e1sticamente en Omaha, haciendo que muchos se adapten al d\u00eda a d\u00eda y hora a hora a una serie de pautas, informaciones y avisos de emergencia p\u00fablica.<br \/>\nEn un esfuerzo por proporcionar las noticias que todos necesitan saber sobre una pandemia, cuyos efectos podr\u00edan tomar mucho tiempo en mitigar, The Reader ha hecho una peque\u00f1a pero sustancial gu\u00eda de recursos locales que te pueden servir.<br \/>\nSi ve algo que falta o tiene alguna pregunta sobre Covid-19 que le gustar\u00eda que le respondi\u00e9ramos, inf\u00f3rmenos en la parte inferior de la p\u00e1gina para que podamos continuar sirviendo a la comunidad lo mejor que podamos.<\/p>\n<h3>Agencias confiables para estar al d\u00eda sobre el Covid-19<\/h3>\n<p><span style=\"color: #000000;\"><a style=\"color: #000000;\" href=\"https:\/\/www.cdc.gov\/coronavirus\/2019-ncov\/index.html?CDC_AA_refVal=https%3A%2F%2Fwww.cdc.gov%2Fcoronavirus%2Findex.html\"><strong>Los Centros para el Control y Prevenci\u00f3n de Enfermedades<\/strong><\/a><\/span><br \/>\nA trav\u00e9s del sitio web de estos centros puede encontrar informaci\u00f3n actualizada sobre c\u00f3mo protegerse, qu\u00e9 hacer si cree que est\u00e1 enfermo y las noticias de la autoridad nacional sobre enfermedades infecciosas.<br \/>\n<span style=\"color: #000000;\"><a style=\"color: #000000;\" href=\"https:\/\/www.oneworldomaha.org\/\"><strong>OneWorld Comunity Health Centers <\/strong><\/a><strong><u>\u00a0<\/u><\/strong><\/span><br \/>\nEn esta p\u00e1gina podr\u00e1 encontrar informaci\u00f3n de los centros de atenci\u00f3n de salud m\u00e1s cercanos a tu comunidad as\u00ed como informaci\u00f3n para prevenir el contagio de la enfermedad.<br \/>\n<span style=\"color: #000000;\"><a style=\"color: #000000;\" href=\"http:\/\/dhhs.ne.gov\/Pages\/Coronavirus.aspx\"><strong>El Departamento de Salud y Servicios Humanos de Nebraska<\/strong><\/a><\/span><br \/>\nLa p\u00e1gina de este departamento del estado ofrecer\u00e1 recomendaciones espec\u00edficas de Nebraska, as\u00ed como actualizaciones sobre el n\u00famero de casos confirmados, as\u00ed como pruebas negativas.<br \/>\n<span style=\"color: #000000;\"><a style=\"color: #000000;\" href=\"https:\/\/www.facebook.com\/jean.stothert\/\"><strong>Facebook del alcalde Jean Stothert<\/strong><\/a><\/span><br \/>\nLa alcaldesa usa principalmentesu p\u00e1gina de Facebook para anunciar nueva informaci\u00f3n o conferencias de prensa en vivo.<br \/>\n<span style=\"color: #000000;\"><a style=\"color: #000000;\" href=\"https:\/\/governor.nebraska.gov\/\"><strong>El sitio web del gobernador<\/strong><\/a><\/span><br \/>\nLas directivas sobre c\u00f3mo manejar la propagaci\u00f3n de Covid-19 han seguido una trayectoria de arriba hacia abajo. Por lo tanto, adem\u00e1s de prestar atenci\u00f3n a las noticias federales, es mejor mantenerse al d\u00eda sobre los anuncios oficiales del gobernador Pete Ricketts.<br \/>\n<strong><u>Medios que cubren la pandemia<\/u><\/strong><br \/>\nAdem\u00e1s de la cobertura de The Reader, varios puntos de venta han eliminado sus pagos para la cobertura de Covid-19. Estos son solo algunos de los m\u00e1s confiables e informativos que estamos leyendo.<\/p>\n<ul>\n<li><span style=\"color: #000000;\"><a style=\"color: #000000;\" href=\"https:\/\/www.omaha.com\/\">The Omaha World-Herald<\/a><\/span><\/li>\n<li><span style=\"color: #000000;\"><a style=\"color: #000000;\" href=\"https:\/\/www.ketv.com\/local-news\">Ketv<\/a><\/span><\/li>\n<li><span style=\"color: #000000;\"><a style=\"color: #000000;\" href=\"https:\/\/www.nytimes.com\/es\/\">The New York Times (versi\u00f3n en espa\u00f1ol)<\/a><\/span><\/li>\n<li><span style=\"color: #000000;\"><a style=\"color: #000000;\" href=\"https:\/\/www.nytimes.com\/news-event\/coronavirus\">The New York Times (versi\u00f3n en ingl\u00e9s)<\/a><\/span><\/li>\n<li><span style=\"color: #000000;\"><a style=\"color: #000000;\" href=\"https:\/\/cnnespanol.cnn.com\/\">CNN en espa\u00f1ol<\/a><\/span><\/li>\n<li><span style=\"color: #000000;\"><a style=\"color: #000000;\" href=\"https:\/\/www.univision.com\/noticias\">Univisi\u00f3n<\/a><\/span><\/li>\n<li><span style=\"color: #000000;\"><a style=\"color: #000000;\" href=\"https:\/\/www.telemundo.com\/noticias\">Telemundo<\/a><\/span><\/li>\n<\/ul>\n<h3><strong>\u00bfQu\u00e9 ocurre federalmente?<\/strong><\/h3>\n<p>El Congreso y el presidente Donald Trump han trabajado juntos para acelerar el financiamiento para luchar contra Covid-19.<\/p>\n<ul>\n<li>Nebraska recibi\u00f3 el 11 de marzo <a href=\"https:\/\/www.hhs.gov\/about\/news\/2020\/03\/11\/cdc-funding-information.html\">$ 6.5 millones<\/a> de $ 8.3 mil millones de los fondos de ayuda de un proyecto de ley de financiamiento firmado el 6 de marzo.<\/li>\n<li>Un proyecto de ley multimillonario adicional llamado <a href=\"https:\/\/www.congress.gov\/bill\/116th-congress\/house-bill\/6201\">Ley de Respuesta a primeras familias con \u00a0Coronavirus<\/a> ha pasado la C\u00e1mara de Representantes y actualmente se encuentra en el Senado. Ese proyecto de ley tiene como objetivo proporcionar redes de seguridad para los ciudadanos y poder garantizar la disminuci\u00f3n de casos de la enfermedad, y adem\u00e1s pruebas gratuitas de coronavirus al tiempo que ampl\u00eda la asistencia alimentaria, los beneficios de desempleo y requiere protecci\u00f3n adicional para los trabajadores de la salud.<\/li>\n<li>La Casa Blanca <a href=\"https:\/\/www.nytimes.com\/2020\/03\/18\/world\/coronavirus-news.html#link-e02313b\">solicit\u00f3<\/a> al Congreso que asigne $ 1 bill\u00f3n para luchar contra Covid-19. El plan incluir\u00eda $ 500 mil millones para dos oleadas de pagos directos a los estadounidenses, as\u00ed como $ 300 mil millones para ayuda a las peque\u00f1as empresas.<\/li>\n<\/ul>\n<h3><strong>\u00bfD\u00f3nde encontrar comida?<\/strong><\/h3>\n<p>Tener suficientes suministros de alimentos es un paso recomendado para mantenerse en cuarentena ante la pandemia del Covid-19 que contin\u00faa extendi\u00e9ndose. Pero los diferentes lugares donde se llevan a cabo estos suministros podr\u00edan dejar a algunas familias al margen junto con otras que ya enfrentan cierta inseguridad alimentaria. Aqu\u00ed mostramos recursos comunitarios para mantener a su familia alimentada durante la crisis de Covid-19.<br \/>\n<strong>Banco de Alimentos para el Heartland<\/strong><br \/>\nVea el mapa interactivo del <a href=\"https:\/\/foodbankheartland.org\/get-food\/find-food-locations-now\/\">Banco de Alimentos del Heartland<\/a> para despensas m\u00f3viles y fijas, as\u00ed como los Programas de Asistencia Nutricional Suplementaria.<br \/>\n<img loading=\"lazy\" decoding=\"async\" class=\"alignnone wp-image-3008\" src=\"https:\/\/el-perico.com\/wp-content\/uploads\/2020\/03\/Screen-Shot-2020-03-17-at-4.52.16-PM-2048x1120-1-300x164.png\" alt=\"\" width=\"410\" height=\"224\" \/><br \/>\nFood Bank for the Heartland tambi\u00e9n tiene una lista de despensas <a href=\"https:\/\/foodbankheartland.org\/wp-content\/uploads\/2020\/03\/mobiles.png\">m\u00f3viles de acceso para veh\u00edculos<\/a>, su <a href=\"https:\/\/foodbankheartland.org\/wp-content\/uploads\/2020\/03\/March_new.pdf\">lista de marzo<\/a> y sus almacenes aliados enumerados por <a href=\"https:\/\/foodbankheartland.org\/wp-content\/uploads\/2019\/12\/ZipCodes_12-20-19.pdf\">c\u00f3digo postal<\/a><br \/>\n<span style=\"color: #000000;\"><strong><a style=\"color: #000000;\" href=\"https:\/\/www.ccomaha.org\/\">Catholic Charities of Omaha<\/a><\/strong><\/span><br \/>\nLa despensa de <a href=\"https:\/\/www.ccomaha.org\/\">Juan Diego Pantry<\/a>, que pertenece a la Arquidi\u00f3cesis Cat\u00f3lica de Omaha, estar\u00e1 abierta de 4 p.m. a 6 p.m. y para otros requerimientos estar\u00e1 trabajando en su horario habitual. La entrega de comida se har\u00e1 afuera por cajas. La asociaci\u00f3n pide que sea una sola persona por familia. Tambi\u00e9n reciben donaciones de frutas y vegetales.<br \/>\n<span style=\"color: #000000;\"><a style=\"color: #000000;\" href=\"https:\/\/centralusa.salvationarmy.org\/omaha\/the-salvation-army-of-omaha-covid-19-response\/\"><strong>El Ej\u00e9rcito de Salvaci\u00f3n de Omaha<\/strong><\/a><\/span><br \/>\nLa organizaci\u00f3n local ha reforzado su almac\u00e9n de alimentos en The Burrow Center en 6101 NW Radial Highway. El centro tendr\u00e1 cajas de alimentos preenvasados \u200b\u200bdisponibles para recoger entre las 9 a.m. y las 11 a.m. y la 1 p.m. &#8211; 3:30 pm. de lunes a viernes.<br \/>\n<span style=\"color: #000000;\"><strong><a style=\"color: #000000;\" title=\"This external link will open in a new window\" href=\"https:\/\/www.oneworldomaha.org\/wp-content\/uploads\/2020\/03\/Meal-Distribution-News-Release-.pdf\" target=\"_blank\" rel=\"noopener noreferrer\">Distribuci\u00f3n comunitaria de alimentos<\/a><\/strong><\/span><br \/>\nLa Fundaci\u00f3n NorthStar, la Comunidad de Aprendizaje de los condados de Douglas y Sarpy, y las Escuelas P\u00fablicas de Millard distribuir\u00e1n cenas desde tres sitios de acceso. Las comidas comunitarias se distribuir\u00e1n a partir de las 4:00 p.m. hasta las 6:00 p.m. durante toda la semana para familias con ni\u00f1os en edad escolar. La distribuci\u00f3n incluir\u00e1 dos comidas para adultos y una para cada ni\u00f1o presente en el autom\u00f3vil m\u00e1s una\u00a0 adicional. No se requerir\u00e1 identificaci\u00f3n o alg\u00fan otro documento.<br \/>\n<strong>Lugares de distribuci\u00f3n:<\/strong><\/p>\n<ul>\n<li>NorthStar Foundation &#8211; 4242 N 49th Avenue<\/li>\n<li>Learning Community of South Omaha &#8211; 2302 M Street<\/li>\n<li>Millard Central Middle School &#8211; 12801 L Street<\/li>\n<\/ul>\n<h3><strong>Cierre de escuelas y distribuci\u00f3n de alimentos<\/strong><\/h3>\n<p>El pasado viernes, el gobernador Pete Ricketts ofreci\u00f3 unas orientaciones para que todas las escuelas cierren antes del 20 de marzo durante al menos dos semanas. Muchas escuelas en Omaha ya hab\u00edan cerrado para entonces, y podr\u00edan reiniciar las clases a finales de abril, o bien indefinidos. Esto es lo que necesita saber si su hijo asiste a una de estas escuelas.<br \/>\n<strong>Escuelas p\u00fablicas de Omaha<\/strong><br \/>\nEn una carta dirigida a estudiantes y familias, la superintendente Dra. Cheryl Logan dijo que OPS (Escuelas P\u00fablicas de Omaha) proporcionar\u00eda paquetes impresos con materiales de aprendizaje, adem\u00e1s de una actividad por semana por clase que se proporcionar\u00e1 por correo electr\u00f3nico.<br \/>\nLogan refiri\u00f3 a los padres al Food Bank of the Heartland para que les proporcionara comida cuando los ni\u00f1os se pierden los almuerzos escolares.<br \/>\n<strong>Escuelas de la comunidad de Papillion La Vista<\/strong><br \/>\nLa PLCS (Escuelas de la comunidad de Papillion La Vista) cerrar\u00e1 el 23 de marzo con una fecha de reingreso a clases indefinida.<br \/>\nEl distrito actualmente est\u00e1 trabajando en un plan que abordar\u00e1 qu\u00e9 hacer con los almuerzos escolares perdidos, los materiales de aprendizaje remoto, los eventos cancelados y los eventos de la escuela secundaria.<br \/>\n<strong>Escuelas p\u00fablicas de Ralston<\/strong><br \/>\nEl Distrito dijo <a href=\"https:\/\/www.ralstonschools.org\/cms\/lib\/NE02214612\/Centricity\/Domain\/4\/COVID-19%20Letter%20March%2017%202020.pdf\">el viernes<\/a> pasado que est\u00e1 finalizando los planes para el aprendizaje acad\u00e9mico remoto, ya que no tiene una fecha de regreso planificada.<br \/>\nLas Escuelas P\u00fablicas de Ralston est\u00e1n ofreciendo comidas preparadas para llevar todos los d\u00edas de 9 a.m. a mediod\u00eda. El desayuno y el almuerzo est\u00e1n disponibles para cualquier persona de 19 a\u00f1os o menos sin costo en Ralston High School en 8969 Park Dr. y Ralston Middle School en 8202 Lakeview St.<br \/>\n<strong>Escuelas p\u00fablicas de Bellevue<\/strong><br \/>\nLas Escuelas P\u00fablicas de Bellevue, que est\u00e1n en vacaciones de primavera hasta el 20 de marzo, anunciaron que pospondr\u00e1n su regreso indefinidamente.<br \/>\n<strong>Escuelas p\u00fablicas de Millard<\/strong><br \/>\nLas Escuelas P\u00fablicas de Millard permanecer\u00e1n cerradas despu\u00e9s de las vacaciones de primavera y los maestros preparar\u00e1n las actividades de aprendizaje electr\u00f3nico que vendr\u00e1n.<br \/>\nPara ayudar a los estudiantes que podr\u00edan perderse las comidas, las Escuelas P\u00fablicas de Millard se asociar\u00e1n con la Fundaci\u00f3n NorthStar y la Comunidad de Aprendizaje de los Condados Douglas y Sarpy. Las cenas estar\u00e1n disponibles a partir de las 4 p.m. &#8211; 6 p.m. hasta el viernes 20 de marzo.<br \/>\n<strong>Escuelas de la comunidad de Westside<\/strong><br \/>\nLas tareas de aprendizaje remoto se enviar\u00e1n a casa el 24 y el 31 de marzo. La semana siguiente son las vacaciones de primavera.<br \/>\nDespu\u00e9s de entregar alimentos el martes, el Distrito dijo que actualmente est\u00e1 ajustando sus planes de dispersi\u00f3n de alimentos gratuito y anunciar\u00e1 d\u00f3nde y cu\u00e1ndo distribuir\u00e1n las comidas en las pr\u00f3ximas semanas.<\/p>\n<h3><strong>Si ha perdido su trabajo o tiene miedo de perderlo<\/strong><\/h3>\n<p>Con el 18% de los adultos diciendo que perdieron sus trabajos o que les cortaron las horas, un n\u00famero que aumenta al 25% entre los trabajadores que ganan menos de $ 50,000, el empleo se ha visto muy afectado por el Covid-19. Si tiene menos horas o teme perder su trabajo, hay varios recursos disponibles para usted.<br \/>\nEl lunes 16 de marzo, el Departamento de Trabajo de Nebraska anunci\u00f3 que reducir\u00eda sus requisitos de beneficios de desempleo del 22 de marzo al 2 de mayo, incluyendo:<\/p>\n<ul>\n<li>Eliminar el per\u00edodo de espera de una semana para obtener beneficios.<\/li>\n<li>Prescindir de los requisitos en las solicitantes para buscar trabajo.<\/li>\n<li>Acelerar las solicitudes en l\u00ednea.<\/li>\n<\/ul>\n<p>Cualquier trabajador que haya perdido su empleo debido al Covid-19 es elegible para beneficios de desempleo a trav\u00e9s del sitio web del <a href=\"https:\/\/www.dol.nebraska.gov\/UIBenefits\">Departamento de Trabajo<\/a>.<br \/>\nPara aquellos que se preocupan de que el trabajo perdido debido al Covid-19 pueda afectar la seguridad de su trabajo, deben comunicarse con <a href=\"https:\/\/www.legalaidofnebraska.org\/how-we-help\/resources\/employment\/covid-19-coronavirus-employment-faq\/\">Legal Aid of Nebraska<\/a>.<\/p>\n<h3><strong>Qu\u00e9 hacer si eres propietario de una peque\u00f1a empresa<\/strong><\/h3>\n<p>A medida que el gobierno federal trabaja para aumentar la ayuda a los propietarios de peque\u00f1as empresas afectadas por el Covid-19, la Administraci\u00f3n de Peque\u00f1as Empresas alienta a esas personas a solicitar sus <a href=\"https:\/\/www.sba.gov\/funding-programs\/disaster-assistance\">pr\u00e9stamos de recuperaci\u00f3n ante desastres<\/a>. Estos pr\u00e9stamos pueden proporcionar hasta $ 2 millones en fondos. Para aplicar a esta ayuda necesitar\u00e1s:<\/p>\n<ul>\n<li>Crear <a href=\"https:\/\/disasterloan.sba.gov\/ela\/Account\/Register1?fbclid=IwAR1SML0JEBwPqyiIi8lgS5kBdftwnheL-Ui4Tm4NDprQEopSpp0FGbNKagg\">una cuenta de solicitud de pr\u00e9stamo<\/a>.<\/li>\n<li>Tener listo <a href=\"https:\/\/disasterloan.sba.gov\/ela\/Account\/Register1?fbclid=IwAR1SML0JEBwPqyiIi8lgS5kBdftwnheL-Ui4Tm4NDprQEopSpp0FGbNKagg\">el Formulario 4506-T del IRS<\/a>, as\u00ed como un estado financiero personal, un calendario de responsabilidades y su declaraci\u00f3n de impuestos federales m\u00e1s reciente.<\/li>\n<li>Informaci\u00f3n adicional o documentos seg\u00fan sus circunstancias.<\/li>\n<\/ul>\n<h3><strong>Las empresas de servicios p\u00fablicos prometen mantener servicio<\/strong><\/h3>\n<p><strong>Distrito Metropolitano de Servicios P\u00fablicos (MUD)<\/strong><\/p>\n<ul>\n<li>El MUD anunci\u00f3 el jueves 12 de marzo que <a href=\"https:\/\/twitter.com\/mudomahane\/status\/1238221927522721792?ref_src=twsrc%5Etfw%7Ctwcamp%5Etweetembed%7Ctwterm%5E1238221927522721792&amp;ref_url=https%3A%2F%2Fwww.wowt.com%2Fcontent%2Fnews%2FMUD-wont-shutoff-water-for-non-payment-over-coronavirus-568750651.html\">no cerrar\u00e1 el suministro de agua<\/a> a ninguna casa debido a pagos atrasados \u200b\u200bhasta nuevo aviso. El director de calidad del agua del MUD, Chris Fox, tambi\u00e9n dijo que no se ha demostrado que el coronavirus sea una enfermedad transmitida por el agua y que el sistema de distribuci\u00f3n de agua de Omaha es seguro.<\/li>\n<li>El martes 17 de marzo, MUD anunci\u00f3 que <a href=\"https:\/\/www.mudomaha.com\/our-company\/news\">cerrar\u00e1 su oficina<\/a> en el centro que comparte con OPPD en 444 South 16th Street hasta nuevo aviso.<\/li>\n<\/ul>\n<p><strong>Distrito de energ\u00eda p\u00fablica de Omaha<\/strong><br \/>\nLa OPPD dijo que <a href=\"https:\/\/www.oppd.com\/news-resources\/news-releases\/2020\/march\/oppd-protecting-employees-supporting-customers-amid-covid-19-in-our-communities\/\">suspender\u00e1 las desconexiones<\/a> por falta de pago hasta el 30 de abril. En el momento en que la empresa de servicios reeval\u00fae la suspensi\u00f3n.<br \/>\n<strong>Acceso a Internet<\/strong><br \/>\nEl 13 de marzo, la Comisi\u00f3n Federal de Comunicaciones hizo un llamado a los proveedores de internet para que <a href=\"https:\/\/www.fcc.gov\/document\/chairman-pai-launches-keep-americans-connected-pledge\">mejoren sus servicios en respuesta<\/a> al Covid-19 para mantener la conectividad incluso cuando las personas se distancian f\u00edsicamente. En el llamado a la acci\u00f3n, la agencia pidi\u00f3 a los proveedores que:<br \/>\n(1) no finalizar el servicio a ning\u00fan cliente residencial o de peque\u00f1as empresas debido a su incapacidad para pagar sus facturas debido a las interrupciones causadas por la pandemia de coronavirus.<br \/>\n(2) renunciar a cualquier cargo por atraso en el que incurran los clientes residenciales o de peque\u00f1as empresas debido a sus circunstancias econ\u00f3micas relacionadas con la pandemia de coronavirus<br \/>\n(3) abra sus puntos de acceso Wi-Fi a cualquier estadounidense que los necesite.<br \/>\n<strong>Comunicaciones Cox<\/strong><br \/>\nCox <a href=\"https:\/\/www.cox.com\/residential\/internet\/connect2compete\/covid-19-response.html\">anunci\u00f3<\/a> que proporcionar\u00eda un mes gratis de su servicio Connect2Compete, as\u00ed como soporte gratuito para tel\u00e9fonos y computadoras de escritorio, recursos para equipos con descuento y reacondicionados y un kit de herramientas Aprender desde el hogar para las escuelas.<br \/>\n<strong>CenturyLink<\/strong><br \/>\nCenturyLink <a href=\"http:\/\/news.centurylink.com\/fccpledge\">prometi\u00f3<\/a> mantener la velocidad a pesar del aumento de la demanda, renunciar a los cargos por pagos atrasados \u200b\u200by no terminar el servicio debido a razones financieras.<\/p>\n<h3><strong>C\u00f3mo puedes ayudar<\/strong><\/h3>\n<p><span style=\"color: #000000;\"><a style=\"color: #000000;\" href=\"https:\/\/omahafoundation.org\/donate\/\"><strong>Done al Fondo de Respuesta Covid-19 de la Omaha Community Foundation<\/strong><\/a><\/span><br \/>\nA medida que los funcionarios p\u00fablicos se esfuerzan por contener la propagaci\u00f3n del Covid-19, <a href=\"https:\/\/omahafoundation.org\/community\/covid-19-response-fund\/\">la Fundaci\u00f3n Comunitaria de Omaha<\/a> comenz\u00f3 su Fondo de Respuesta al Covid-19 para ayudar a los afectados por la pandemia y aliviar las consecuencias econ\u00f3micas.<br \/>\n<strong>Voluntario con una despensa<\/strong><br \/>\nEl Food Bank for the Heartland tambi\u00e9n acepta voluntarios en este momento.<br \/>\n[gravityform id=\u00bb2&#8243; title=\u00bbtrue\u00bb description=\u00bbfalse\u00bb]<\/p>\n","protected":false},"excerpt":{"rendered":"<p>Ilustraci\u00f3n del virus Covid-19 que causa la enfermedad, por el Centro de Control y Prevenci\u00f3n de Enfermedades. Limitarse a reuniones p\u00fablicas. Grandes eventos comunitarios encerrados. Los funcionarios p\u00fablicos locales y federales siguen luchando. La crisis de Covid-19 ha cambiado dr\u00e1sticamente en Omaha, haciendo que muchos se adapten al d\u00eda a d\u00eda y hora a hora [&hellip;]<\/p>\n","protected":false},"author":1,"featured_media":2995,"comment_status":"open","ping_status":"closed","sticky":false,"template":"","format":"standard","meta":{"newspack_ads_suppress_ads":false,"_newspack_byline_active":false,"_newspack_byline":"","newspack_hide_updated_date":false,"newspack_show_updated_date":false,"newspack_content_restriction_is_exempt":false,"newspack_featured_image_position":"","newspack_post_subtitle":"","newspack_article_summary_title":"Overview:","newspack_article_summary":"","footnotes":""},"categories":[39,46],"tags":[47,48,49,50,51,52,53,15],"newspack_spnsrs_tax":[],"coauthors":[],"class_list":["post-2994","post","type-post","status-publish","format-standard","has-post-thumbnail","hentry","category-comunidad","category-reportaje","tag-comida","tag-control","tag-coronavirus","tag-covid-19","tag-crisis","tag-guidance","tag-meal","tag-omaha-en","entry"],"yoast_head":"<!-- This site is optimized with the Yoast SEO plugin v27.5 - https:\/\/yoast.com\/product\/yoast-seo-wordpress\/ -->\n<title>Covid-19, una gu\u00eda de recursos en Omaha - el perico<\/title>\n<meta name=\"robots\" content=\"index, follow, max-snippet:-1, max-image-preview:large, max-video-preview:-1\" \/>\n<link rel=\"canonical\" href=\"https:\/\/el-perico.com\/es\/covid-19-una-guia-de-recursos-en-omaha\/\" \/>\n<meta property=\"og:locale\" content=\"es_ES\" \/>\n<meta property=\"og:type\" content=\"article\" \/>\n<meta property=\"og:title\" content=\"Covid-19, una gu\u00eda de recursos en Omaha - el perico\" \/>\n<meta property=\"og:description\" content=\"Ilustraci\u00f3n del virus Covid-19 que causa la enfermedad, por el Centro de Control y Prevenci\u00f3n de Enfermedades. Limitarse a reuniones p\u00fablicas. Grandes eventos comunitarios encerrados. Los funcionarios p\u00fablicos locales y federales siguen luchando. La crisis de Covid-19 ha cambiado dr\u00e1sticamente en Omaha, haciendo que muchos se adapten al d\u00eda a d\u00eda y hora a hora [&hellip;]\" \/>\n<meta property=\"og:url\" content=\"https:\/\/el-perico.com\/es\/covid-19-una-guia-de-recursos-en-omaha\/\" \/>\n<meta property=\"og:site_name\" content=\"el perico\" \/>\n<meta property=\"article:publisher\" content=\"https:\/\/www.facebook.com\/elpericoomaha\" \/>\n<meta property=\"article:published_time\" content=\"2020-03-19T15:11:52+00:00\" \/>\n<meta name=\"author\" content=\"El Perico Staff\" \/>\n<meta name=\"twitter:card\" content=\"summary_large_image\" \/>\n<meta name=\"twitter:label1\" content=\"Escrito por\" \/>\n\t<meta name=\"twitter:data1\" content=\"El Perico Staff\" \/>\n\t<meta name=\"twitter:label2\" content=\"Tiempo de lectura\" \/>\n\t<meta name=\"twitter:data2\" content=\"11 minutos\" \/>\n\t<meta name=\"twitter:label3\" content=\"Written by\" \/>\n\t<meta name=\"twitter:data3\" content=\"El Perico Staff\" \/>\n<script type=\"application\/ld+json\" class=\"yoast-schema-graph\">{\"@context\":\"https:\\\/\\\/schema.org\",\"@graph\":[{\"@type\":\"Article\",\"@id\":\"https:\\\/\\\/el-perico.com\\\/es\\\/covid-19-una-guia-de-recursos-en-omaha\\\/#article\",\"isPartOf\":{\"@id\":\"https:\\\/\\\/el-perico.com\\\/es\\\/covid-19-una-guia-de-recursos-en-omaha\\\/\"},\"author\":{\"name\":\"El Perico Staff\",\"@id\":\"https:\\\/\\\/el-perico.com\\\/es\\\/#\\\/schema\\\/person\\\/1956e5e63b94d4bd0daf30675bdf4a93\"},\"headline\":\"Covid-19, una gu\u00eda de recursos en Omaha\",\"datePublished\":\"2020-03-19T15:11:52+00:00\",\"mainEntityOfPage\":{\"@id\":\"https:\\\/\\\/el-perico.com\\\/es\\\/covid-19-una-guia-de-recursos-en-omaha\\\/\"},\"wordCount\":2172,\"commentCount\":0,\"publisher\":{\"@id\":\"https:\\\/\\\/el-perico.com\\\/es\\\/#organization\"},\"image\":{\"@id\":\"https:\\\/\\\/el-perico.com\\\/es\\\/covid-19-una-guia-de-recursos-en-omaha\\\/#primaryimage\"},\"thumbnailUrl\":\"\",\"keywords\":[\"comida\",\"control\",\"coronavirus\",\"COVID-19\",\"crisis\",\"guidance\",\"meal\",\"omaha\"],\"articleSection\":[\"Comunidad\",\"Reportaje\"],\"inLanguage\":\"es\",\"potentialAction\":[{\"@type\":\"CommentAction\",\"name\":\"Comment\",\"target\":[\"https:\\\/\\\/el-perico.com\\\/es\\\/covid-19-una-guia-de-recursos-en-omaha\\\/#respond\"]}]},{\"@type\":\"WebPage\",\"@id\":\"https:\\\/\\\/el-perico.com\\\/es\\\/covid-19-una-guia-de-recursos-en-omaha\\\/\",\"url\":\"https:\\\/\\\/el-perico.com\\\/es\\\/covid-19-una-guia-de-recursos-en-omaha\\\/\",\"name\":\"Covid-19, una gu\u00eda de recursos en Omaha - el perico\",\"isPartOf\":{\"@id\":\"https:\\\/\\\/el-perico.com\\\/es\\\/#website\"},\"primaryImageOfPage\":{\"@id\":\"https:\\\/\\\/el-perico.com\\\/es\\\/covid-19-una-guia-de-recursos-en-omaha\\\/#primaryimage\"},\"image\":{\"@id\":\"https:\\\/\\\/el-perico.com\\\/es\\\/covid-19-una-guia-de-recursos-en-omaha\\\/#primaryimage\"},\"thumbnailUrl\":\"\",\"datePublished\":\"2020-03-19T15:11:52+00:00\",\"breadcrumb\":{\"@id\":\"https:\\\/\\\/el-perico.com\\\/es\\\/covid-19-una-guia-de-recursos-en-omaha\\\/#breadcrumb\"},\"inLanguage\":\"es\",\"potentialAction\":[{\"@type\":\"ReadAction\",\"target\":[\"https:\\\/\\\/el-perico.com\\\/es\\\/covid-19-una-guia-de-recursos-en-omaha\\\/\"]}]},{\"@type\":\"ImageObject\",\"inLanguage\":\"es\",\"@id\":\"https:\\\/\\\/el-perico.com\\\/es\\\/covid-19-una-guia-de-recursos-en-omaha\\\/#primaryimage\",\"url\":\"\",\"contentUrl\":\"\"},{\"@type\":\"BreadcrumbList\",\"@id\":\"https:\\\/\\\/el-perico.com\\\/es\\\/covid-19-una-guia-de-recursos-en-omaha\\\/#breadcrumb\",\"itemListElement\":[{\"@type\":\"ListItem\",\"position\":1,\"name\":\"Home\",\"item\":\"https:\\\/\\\/el-perico.com\\\/es\\\/\"},{\"@type\":\"ListItem\",\"position\":2,\"name\":\"Covid-19, una gu\u00eda de recursos en Omaha\"}]},{\"@type\":\"WebSite\",\"@id\":\"https:\\\/\\\/el-perico.com\\\/es\\\/#website\",\"url\":\"https:\\\/\\\/el-perico.com\\\/es\\\/\",\"name\":\"el perico\",\"description\":\"La plataforma original de noticias e informaci\u00f3n para la comunidad hispana de Omaha\",\"publisher\":{\"@id\":\"https:\\\/\\\/el-perico.com\\\/es\\\/#organization\"},\"potentialAction\":[{\"@type\":\"SearchAction\",\"target\":{\"@type\":\"EntryPoint\",\"urlTemplate\":\"https:\\\/\\\/el-perico.com\\\/es\\\/?s={search_term_string}\"},\"query-input\":{\"@type\":\"PropertyValueSpecification\",\"valueRequired\":true,\"valueName\":\"search_term_string\"}}],\"inLanguage\":\"es\"},{\"@type\":\"Organization\",\"@id\":\"https:\\\/\\\/el-perico.com\\\/es\\\/#organization\",\"name\":\"el perico\",\"url\":\"https:\\\/\\\/el-perico.com\\\/es\\\/\",\"logo\":{\"@type\":\"ImageObject\",\"inLanguage\":\"es\",\"@id\":\"https:\\\/\\\/el-perico.com\\\/es\\\/#\\\/schema\\\/logo\\\/image\\\/\",\"url\":\"https:\\\/\\\/el-perico.com\\\/wp-content\\\/uploads\\\/2024\\\/05\\\/ElPerico-Logo_NPM-1-e1717102187440.png\",\"contentUrl\":\"https:\\\/\\\/el-perico.com\\\/wp-content\\\/uploads\\\/2024\\\/05\\\/ElPerico-Logo_NPM-1-e1717102187440.png\",\"width\":648,\"height\":216,\"caption\":\"el perico\"},\"image\":{\"@id\":\"https:\\\/\\\/el-perico.com\\\/es\\\/#\\\/schema\\\/logo\\\/image\\\/\"},\"sameAs\":[\"https:\\\/\\\/www.facebook.com\\\/elpericoomaha\"]},{\"@type\":\"Person\",\"@id\":\"https:\\\/\\\/el-perico.com\\\/es\\\/#\\\/schema\\\/person\\\/1956e5e63b94d4bd0daf30675bdf4a93\",\"name\":\"El Perico Staff\",\"image\":{\"@type\":\"ImageObject\",\"inLanguage\":\"es\",\"@id\":\"https:\\\/\\\/secure.gravatar.com\\\/avatar\\\/701b23c665bfde9fd4d874d31feb4c16bf2ac173b2b0b7224dc39896d4cfc381?s=96&d=mm&r=g80b2efc5844e688a6ffb9340c789e4c4\",\"url\":\"https:\\\/\\\/secure.gravatar.com\\\/avatar\\\/701b23c665bfde9fd4d874d31feb4c16bf2ac173b2b0b7224dc39896d4cfc381?s=96&d=mm&r=g\",\"contentUrl\":\"https:\\\/\\\/secure.gravatar.com\\\/avatar\\\/701b23c665bfde9fd4d874d31feb4c16bf2ac173b2b0b7224dc39896d4cfc381?s=96&d=mm&r=g\",\"caption\":\"El Perico Staff\"},\"sameAs\":[\"https:\\\/\\\/el-perico.com\"],\"url\":\"https:\\\/\\\/el-perico.com\\\/es\\\/author\\\/af6f1d62_admin\\\/\"}]}<\/script>\n<!-- \/ Yoast SEO plugin. -->","yoast_head_json":{"title":"Covid-19, una gu\u00eda de recursos en Omaha - el perico","robots":{"index":"index","follow":"follow","max-snippet":"max-snippet:-1","max-image-preview":"max-image-preview:large","max-video-preview":"max-video-preview:-1"},"canonical":"https:\/\/el-perico.com\/es\/covid-19-una-guia-de-recursos-en-omaha\/","og_locale":"es_ES","og_type":"article","og_title":"Covid-19, una gu\u00eda de recursos en Omaha - el perico","og_description":"Ilustraci\u00f3n del virus Covid-19 que causa la enfermedad, por el Centro de Control y Prevenci\u00f3n de Enfermedades. Limitarse a reuniones p\u00fablicas. Grandes eventos comunitarios encerrados. Los funcionarios p\u00fablicos locales y federales siguen luchando. La crisis de Covid-19 ha cambiado dr\u00e1sticamente en Omaha, haciendo que muchos se adapten al d\u00eda a d\u00eda y hora a hora [&hellip;]","og_url":"https:\/\/el-perico.com\/es\/covid-19-una-guia-de-recursos-en-omaha\/","og_site_name":"el perico","article_publisher":"https:\/\/www.facebook.com\/elpericoomaha","article_published_time":"2020-03-19T15:11:52+00:00","author":"El Perico Staff","twitter_card":"summary_large_image","twitter_misc":{"Escrito por":"El Perico Staff","Tiempo de lectura":"11 minutos","Written by":"El Perico Staff"},"schema":{"@context":"https:\/\/schema.org","@graph":[{"@type":"Article","@id":"https:\/\/el-perico.com\/es\/covid-19-una-guia-de-recursos-en-omaha\/#article","isPartOf":{"@id":"https:\/\/el-perico.com\/es\/covid-19-una-guia-de-recursos-en-omaha\/"},"author":{"name":"El Perico Staff","@id":"https:\/\/el-perico.com\/es\/#\/schema\/person\/1956e5e63b94d4bd0daf30675bdf4a93"},"headline":"Covid-19, una gu\u00eda de recursos en Omaha","datePublished":"2020-03-19T15:11:52+00:00","mainEntityOfPage":{"@id":"https:\/\/el-perico.com\/es\/covid-19-una-guia-de-recursos-en-omaha\/"},"wordCount":2172,"commentCount":0,"publisher":{"@id":"https:\/\/el-perico.com\/es\/#organization"},"image":{"@id":"https:\/\/el-perico.com\/es\/covid-19-una-guia-de-recursos-en-omaha\/#primaryimage"},"thumbnailUrl":"","keywords":["comida","control","coronavirus","COVID-19","crisis","guidance","meal","omaha"],"articleSection":["Comunidad","Reportaje"],"inLanguage":"es","potentialAction":[{"@type":"CommentAction","name":"Comment","target":["https:\/\/el-perico.com\/es\/covid-19-una-guia-de-recursos-en-omaha\/#respond"]}]},{"@type":"WebPage","@id":"https:\/\/el-perico.com\/es\/covid-19-una-guia-de-recursos-en-omaha\/","url":"https:\/\/el-perico.com\/es\/covid-19-una-guia-de-recursos-en-omaha\/","name":"Covid-19, una gu\u00eda de recursos en Omaha - el perico","isPartOf":{"@id":"https:\/\/el-perico.com\/es\/#website"},"primaryImageOfPage":{"@id":"https:\/\/el-perico.com\/es\/covid-19-una-guia-de-recursos-en-omaha\/#primaryimage"},"image":{"@id":"https:\/\/el-perico.com\/es\/covid-19-una-guia-de-recursos-en-omaha\/#primaryimage"},"thumbnailUrl":"","datePublished":"2020-03-19T15:11:52+00:00","breadcrumb":{"@id":"https:\/\/el-perico.com\/es\/covid-19-una-guia-de-recursos-en-omaha\/#breadcrumb"},"inLanguage":"es","potentialAction":[{"@type":"ReadAction","target":["https:\/\/el-perico.com\/es\/covid-19-una-guia-de-recursos-en-omaha\/"]}]},{"@type":"ImageObject","inLanguage":"es","@id":"https:\/\/el-perico.com\/es\/covid-19-una-guia-de-recursos-en-omaha\/#primaryimage","url":"","contentUrl":""},{"@type":"BreadcrumbList","@id":"https:\/\/el-perico.com\/es\/covid-19-una-guia-de-recursos-en-omaha\/#breadcrumb","itemListElement":[{"@type":"ListItem","position":1,"name":"Home","item":"https:\/\/el-perico.com\/es\/"},{"@type":"ListItem","position":2,"name":"Covid-19, una gu\u00eda de recursos en Omaha"}]},{"@type":"WebSite","@id":"https:\/\/el-perico.com\/es\/#website","url":"https:\/\/el-perico.com\/es\/","name":"el perico","description":"La plataforma original de noticias e informaci\u00f3n para la comunidad hispana de Omaha","publisher":{"@id":"https:\/\/el-perico.com\/es\/#organization"},"potentialAction":[{"@type":"SearchAction","target":{"@type":"EntryPoint","urlTemplate":"https:\/\/el-perico.com\/es\/?s={search_term_string}"},"query-input":{"@type":"PropertyValueSpecification","valueRequired":true,"valueName":"search_term_string"}}],"inLanguage":"es"},{"@type":"Organization","@id":"https:\/\/el-perico.com\/es\/#organization","name":"el perico","url":"https:\/\/el-perico.com\/es\/","logo":{"@type":"ImageObject","inLanguage":"es","@id":"https:\/\/el-perico.com\/es\/#\/schema\/logo\/image\/","url":"https:\/\/el-perico.com\/wp-content\/uploads\/2024\/05\/ElPerico-Logo_NPM-1-e1717102187440.png","contentUrl":"https:\/\/el-perico.com\/wp-content\/uploads\/2024\/05\/ElPerico-Logo_NPM-1-e1717102187440.png","width":648,"height":216,"caption":"el perico"},"image":{"@id":"https:\/\/el-perico.com\/es\/#\/schema\/logo\/image\/"},"sameAs":["https:\/\/www.facebook.com\/elpericoomaha"]},{"@type":"Person","@id":"https:\/\/el-perico.com\/es\/#\/schema\/person\/1956e5e63b94d4bd0daf30675bdf4a93","name":"El Perico Staff","image":{"@type":"ImageObject","inLanguage":"es","@id":"https:\/\/secure.gravatar.com\/avatar\/701b23c665bfde9fd4d874d31feb4c16bf2ac173b2b0b7224dc39896d4cfc381?s=96&d=mm&r=g80b2efc5844e688a6ffb9340c789e4c4","url":"https:\/\/secure.gravatar.com\/avatar\/701b23c665bfde9fd4d874d31feb4c16bf2ac173b2b0b7224dc39896d4cfc381?s=96&d=mm&r=g","contentUrl":"https:\/\/secure.gravatar.com\/avatar\/701b23c665bfde9fd4d874d31feb4c16bf2ac173b2b0b7224dc39896d4cfc381?s=96&d=mm&r=g","caption":"El Perico Staff"},"sameAs":["https:\/\/el-perico.com"],"url":"https:\/\/el-perico.com\/es\/author\/af6f1d62_admin\/"}]}},"_links":{"self":[{"href":"https:\/\/el-perico.com\/es\/wp-json\/wp\/v2\/posts\/2994","targetHints":{"allow":["GET"]}}],"collection":[{"href":"https:\/\/el-perico.com\/es\/wp-json\/wp\/v2\/posts"}],"about":[{"href":"https:\/\/el-perico.com\/es\/wp-json\/wp\/v2\/types\/post"}],"author":[{"embeddable":true,"href":"https:\/\/el-perico.com\/es\/wp-json\/wp\/v2\/users\/1"}],"replies":[{"embeddable":true,"href":"https:\/\/el-perico.com\/es\/wp-json\/wp\/v2\/comments?post=2994"}],"version-history":[{"count":0,"href":"https:\/\/el-perico.com\/es\/wp-json\/wp\/v2\/posts\/2994\/revisions"}],"wp:featuredmedia":[{"embeddable":true,"href":"https:\/\/el-perico.com\/es\/wp-json\/"}],"wp:attachment":[{"href":"https:\/\/el-perico.com\/es\/wp-json\/wp\/v2\/media?parent=2994"}],"wp:term":[{"taxonomy":"category","embeddable":true,"href":"https:\/\/el-perico.com\/es\/wp-json\/wp\/v2\/categories?post=2994"},{"taxonomy":"post_tag","embeddable":true,"href":"https:\/\/el-perico.com\/es\/wp-json\/wp\/v2\/tags?post=2994"},{"taxonomy":"newspack_spnsrs_tax","embeddable":true,"href":"https:\/\/el-perico.com\/es\/wp-json\/wp\/v2\/newspack_spnsrs_tax?post=2994"},{"taxonomy":"author","embeddable":true,"href":"https:\/\/el-perico.com\/es\/wp-json\/wp\/v2\/coauthors?post=2994"}],"curies":[{"name":"wp","href":"https:\/\/api.w.org\/{rel}","templated":true}]}}