{"id":27,"date":"2021-10-13T16:01:49","date_gmt":"2021-10-13T20:01:49","guid":{"rendered":"https:\/\/7b433a06f5.nxcli.net\/estas-son-las-fotos-comunitarias-del-mes-de-octubre\/"},"modified":"2022-03-02T22:20:42","modified_gmt":"2022-03-03T03:20:42","slug":"estas-son-las-fotos-comunitarias-del-mes-de-octubre","status":"publish","type":"post","link":"https:\/\/el-perico.com\/es\/estas-son-las-fotos-comunitarias-del-mes-de-octubre\/","title":{"rendered":"Estas son las fotos comunitarias del mes de octubre"},"content":{"rendered":"<p><strong>Independencia mexicana<\/strong><\/p>\n<p>La c\u00f3nsul mexicana Guadalupe S\u00e1nchez Salazar celebr\u00f3 la independencia de M\u00e9xico en la sede diplom\u00e1tica el 15 de septiembre. Fueron pocos los invitados debido a las medidas preventivas ante la pandemia. Sin embargo, el festejo cumpli\u00f3 su cometido emotivamente con diversos cantantes en vivo, reconocimientos especiales y varios jinetes a caballo. Sobre todo con el tradicional Grito de Independencia emitido por la c\u00f3nsul Guadalupe acompa\u00f1ado de los juegos pirot\u00e9cnicos y la m\u00fasica de mariachi. Fotos: Bernardo Montoya.<\/p>\n<figure class=\"wp-block-gallery aligncenter columns-3 is-cropped\">\n<ul class=\"blocks-gallery-grid\">\n<li class=\"blocks-gallery-item\">\n<figure><img loading=\"lazy\" decoding=\"async\" class=\"wp-image-5213\" src=\"https:\/\/el-perico.com\/wp-content\/uploads\/2021\/10\/2-IMG_8982-683x1024.jpg\" alt=\"\" width=\"683\" height=\"1024\" data-id=\"5213\" data-link=\"https:\/\/el-perico.com\/?attachment_id=5213\" \/><\/figure>\n<\/li>\n<li class=\"blocks-gallery-item\">\n<figure><img loading=\"lazy\" decoding=\"async\" class=\"wp-image-5214\" src=\"https:\/\/el-perico.com\/wp-content\/uploads\/2021\/10\/3-IMG_9035-1024x683.jpg\" alt=\"\" width=\"1024\" height=\"683\" data-id=\"5214\" data-link=\"https:\/\/el-perico.com\/?attachment_id=5214\" \/><\/figure>\n<\/li>\n<li class=\"blocks-gallery-item\">\n<figure><img loading=\"lazy\" decoding=\"async\" class=\"wp-image-5215\" src=\"https:\/\/el-perico.com\/wp-content\/uploads\/2021\/10\/4-IMG_8973-1024x683.jpg\" alt=\"\" width=\"1024\" height=\"683\" data-id=\"5215\" data-link=\"https:\/\/el-perico.com\/?attachment_id=5215\" \/><\/figure>\n<\/li>\n<li class=\"blocks-gallery-item\">\n<figure><img loading=\"lazy\" decoding=\"async\" class=\"wp-image-5216\" src=\"https:\/\/el-perico.com\/wp-content\/uploads\/2021\/10\/5-IMG_9049-683x1024.jpg\" alt=\"\" width=\"683\" height=\"1024\" data-id=\"5216\" data-link=\"https:\/\/el-perico.com\/?attachment_id=5216\" \/><\/figure>\n<\/li>\n<li class=\"blocks-gallery-item\">\n<figure><img loading=\"lazy\" decoding=\"async\" class=\"wp-image-5217\" src=\"https:\/\/el-perico.com\/wp-content\/uploads\/2021\/10\/6-IMG_9060-1024x683.jpg\" alt=\"\" width=\"1024\" height=\"683\" data-id=\"5217\" data-link=\"https:\/\/el-perico.com\/?attachment_id=5217\" \/><\/figure>\n<\/li>\n<li class=\"blocks-gallery-item\">\n<figure><img loading=\"lazy\" decoding=\"async\" class=\"wp-image-5218\" src=\"https:\/\/el-perico.com\/wp-content\/uploads\/2021\/10\/7-IMG_9153-1024x683.jpg\" alt=\"\" width=\"1024\" height=\"683\" data-id=\"5218\" data-link=\"https:\/\/el-perico.com\/?attachment_id=5218\" \/><\/figure>\n<\/li>\n<li class=\"blocks-gallery-item\">\n<figure><img loading=\"lazy\" decoding=\"async\" class=\"wp-image-5219\" src=\"https:\/\/el-perico.com\/wp-content\/uploads\/2021\/10\/8-IMG_9119-683x1024.jpg\" alt=\"\" width=\"683\" height=\"1024\" data-id=\"5219\" data-link=\"https:\/\/el-perico.com\/?attachment_id=5219\" \/><\/figure>\n<\/li>\n<li class=\"blocks-gallery-item\">\n<figure><img loading=\"lazy\" decoding=\"async\" class=\"wp-image-5220\" src=\"https:\/\/el-perico.com\/wp-content\/uploads\/2021\/10\/9-IMG_9220-683x1024.jpg\" alt=\"\" width=\"683\" height=\"1024\" data-id=\"5220\" data-link=\"https:\/\/el-perico.com\/?attachment_id=5220\" \/><\/figure>\n<\/li>\n<li class=\"blocks-gallery-item\">\n<figure><img loading=\"lazy\" decoding=\"async\" class=\"wp-image-5221\" src=\"https:\/\/el-perico.com\/wp-content\/uploads\/2021\/10\/10-IMG_9258-1024x683.jpg\" alt=\"\" width=\"1024\" height=\"683\" data-id=\"5221\" data-link=\"https:\/\/el-perico.com\/?attachment_id=5221\" \/><\/figure>\n<\/li>\n<li class=\"blocks-gallery-item\">\n<figure><img loading=\"lazy\" decoding=\"async\" class=\"wp-image-5222\" src=\"https:\/\/el-perico.com\/wp-content\/uploads\/2021\/10\/11-IMG_9294-1024x683.jpg\" alt=\"\" width=\"1024\" height=\"683\" data-id=\"5222\" data-link=\"https:\/\/el-perico.com\/?attachment_id=5222\" \/><\/figure>\n<\/li>\n<li class=\"blocks-gallery-item\">\n<figure><img loading=\"lazy\" decoding=\"async\" class=\"wp-image-5223\" src=\"https:\/\/el-perico.com\/wp-content\/uploads\/2021\/10\/12-IMG_8991-1024x683.jpg\" alt=\"\" width=\"1024\" height=\"683\" data-id=\"5223\" data-link=\"https:\/\/el-perico.com\/?attachment_id=5223\" \/><\/figure>\n<\/li>\n<li class=\"blocks-gallery-item\">\n<figure><img loading=\"lazy\" decoding=\"async\" class=\"wp-image-5224\" src=\"https:\/\/el-perico.com\/wp-content\/uploads\/2021\/10\/13-IMG_9018-1024x683.jpg\" alt=\"\" width=\"1024\" height=\"683\" data-id=\"5224\" data-link=\"https:\/\/el-perico.com\/?attachment_id=5224\" \/><\/figure>\n<\/li>\n<li class=\"blocks-gallery-item\">\n<figure><img loading=\"lazy\" decoding=\"async\" class=\"wp-image-5225\" src=\"https:\/\/el-perico.com\/wp-content\/uploads\/2021\/10\/14-IMG_9034-1024x683.jpg\" alt=\"\" width=\"1024\" height=\"683\" data-id=\"5225\" data-link=\"https:\/\/el-perico.com\/?attachment_id=5225\" \/><\/figure>\n<\/li>\n<li class=\"blocks-gallery-item\">\n<figure><img loading=\"lazy\" decoding=\"async\" class=\"wp-image-5226\" src=\"https:\/\/el-perico.com\/wp-content\/uploads\/2021\/10\/1-IMG_8996-1-683x1024.jpg\" alt=\"\" width=\"683\" height=\"1024\" data-id=\"5226\" data-full-url=\"https:\/\/el-perico.com\/wp-content\/uploads\/2021\/10\/1-IMG_8996-1-scaled.jpg\" data-link=\"https:\/\/el-perico.com\/?attachment_id=5226\" \/><\/figure>\n<\/li>\n<\/ul>\n<\/figure>\n","protected":false},"excerpt":{"rendered":"<p>Independencia mexicana La c\u00f3nsul mexicana Guadalupe S\u00e1nchez Salazar celebr\u00f3 la independencia de M\u00e9xico en la sede diplom\u00e1tica el 15 de septiembre. Fueron pocos los invitados debido a las medidas preventivas ante la pandemia. Sin embargo, el festejo cumpli\u00f3 su cometido emotivamente con diversos cantantes en vivo, reconocimientos especiales y varios jinetes a caballo. Sobre todo [&hellip;]<\/p>\n","protected":false},"author":1,"featured_media":52,"comment_status":"open","ping_status":"closed","sticky":false,"template":"","format":"standard","meta":{"newspack_ads_suppress_ads":false,"_newspack_byline_active":false,"_newspack_byline":"","newspack_hide_updated_date":false,"newspack_show_updated_date":false,"newspack_content_restriction_is_exempt":false,"newspack_featured_image_position":"","newspack_post_subtitle":"","newspack_article_summary_title":"Overview:","newspack_article_summary":"","footnotes":""},"categories":[39,46],"tags":[506,507,369,508,509,372,15],"newspack_spnsrs_tax":[],"coauthors":[1233],"class_list":["post-27","post","type-post","status-publish","format-standard","has-post-thumbnail","hentry","category-comunidad","category-reportaje","tag-bernardo-montoya","tag-community-photos","tag-consulado-de-mexico","tag-guadalupe-sanchez-salazar","tag-independencia-de-mexico","tag-mexico-2","tag-omaha-en","entry"],"yoast_head":"<!-- This site is optimized with the Yoast SEO plugin v27.5 - https:\/\/yoast.com\/product\/yoast-seo-wordpress\/ -->\n<title>Estas son las fotos comunitarias del mes de octubre - el perico<\/title>\n<meta name=\"robots\" content=\"index, follow, max-snippet:-1, max-image-preview:large, max-video-preview:-1\" \/>\n<link rel=\"canonical\" href=\"https:\/\/el-perico.com\/es\/estas-son-las-fotos-comunitarias-del-mes-de-octubre\/\" \/>\n<meta property=\"og:locale\" content=\"es_ES\" \/>\n<meta property=\"og:type\" content=\"article\" \/>\n<meta property=\"og:title\" content=\"Estas son las fotos comunitarias del mes de octubre - el perico\" \/>\n<meta property=\"og:description\" content=\"Independencia mexicana La c\u00f3nsul mexicana Guadalupe S\u00e1nchez Salazar celebr\u00f3 la independencia de M\u00e9xico en la sede diplom\u00e1tica el 15 de septiembre. Fueron pocos los invitados debido a las medidas preventivas ante la pandemia. Sin embargo, el festejo cumpli\u00f3 su cometido emotivamente con diversos cantantes en vivo, reconocimientos especiales y varios jinetes a caballo. Sobre todo [&hellip;]\" \/>\n<meta property=\"og:url\" content=\"https:\/\/el-perico.com\/es\/estas-son-las-fotos-comunitarias-del-mes-de-octubre\/\" \/>\n<meta property=\"og:site_name\" content=\"el perico\" \/>\n<meta property=\"article:publisher\" content=\"https:\/\/www.facebook.com\/elpericoomaha\" \/>\n<meta property=\"article:published_time\" content=\"2021-10-13T20:01:49+00:00\" \/>\n<meta property=\"article:modified_time\" content=\"2022-03-03T03:20:42+00:00\" \/>\n<meta property=\"og:image\" content=\"https:\/\/el-perico.com\/wp-content\/uploads\/2021\/10\/13-IMG_9018-scaled-1.jpg\" \/>\n\t<meta property=\"og:image:width\" content=\"2560\" \/>\n\t<meta property=\"og:image:height\" content=\"1707\" \/>\n\t<meta property=\"og:image:type\" content=\"image\/jpeg\" \/>\n<meta name=\"author\" content=\"El Perico Staff\" \/>\n<meta name=\"twitter:card\" content=\"summary_large_image\" \/>\n<meta name=\"twitter:label1\" content=\"Escrito por\" \/>\n\t<meta name=\"twitter:data1\" content=\"El Perico Staff\" \/>\n\t<meta name=\"twitter:label2\" content=\"Tiempo de lectura\" \/>\n\t<meta name=\"twitter:data2\" content=\"4 minutos\" \/>\n\t<meta name=\"twitter:label3\" content=\"Written by\" \/>\n\t<meta name=\"twitter:data3\" content=\"El Perico Staff\" \/>\n<script type=\"application\/ld+json\" class=\"yoast-schema-graph\">{\"@context\":\"https:\\\/\\\/schema.org\",\"@graph\":[{\"@type\":\"Article\",\"@id\":\"https:\\\/\\\/el-perico.com\\\/es\\\/estas-son-las-fotos-comunitarias-del-mes-de-octubre\\\/#article\",\"isPartOf\":{\"@id\":\"https:\\\/\\\/el-perico.com\\\/es\\\/estas-son-las-fotos-comunitarias-del-mes-de-octubre\\\/\"},\"author\":{\"name\":\"El Perico Staff\",\"@id\":\"https:\\\/\\\/el-perico.com\\\/es\\\/#\\\/schema\\\/person\\\/1956e5e63b94d4bd0daf30675bdf4a93\"},\"headline\":\"Estas son las fotos comunitarias del mes de octubre\",\"datePublished\":\"2021-10-13T20:01:49+00:00\",\"dateModified\":\"2022-03-03T03:20:42+00:00\",\"mainEntityOfPage\":{\"@id\":\"https:\\\/\\\/el-perico.com\\\/es\\\/estas-son-las-fotos-comunitarias-del-mes-de-octubre\\\/\"},\"wordCount\":95,\"commentCount\":0,\"publisher\":{\"@id\":\"https:\\\/\\\/el-perico.com\\\/es\\\/#organization\"},\"image\":{\"@id\":\"https:\\\/\\\/el-perico.com\\\/es\\\/estas-son-las-fotos-comunitarias-del-mes-de-octubre\\\/#primaryimage\"},\"thumbnailUrl\":\"https:\\\/\\\/el-perico.com\\\/wp-content\\\/uploads\\\/2021\\\/10\\\/13-IMG_9018-scaled-1.jpg\",\"keywords\":[\"Bernardo Montoya\",\"community photos\",\"consulado de m\u00e9xico\",\"Guadalupe S\u00e1nchez Salazar\",\"independencia de mexico\",\"m\u00e9xico\",\"omaha\"],\"articleSection\":[\"Comunidad\",\"Reportaje\"],\"inLanguage\":\"es\",\"potentialAction\":[{\"@type\":\"CommentAction\",\"name\":\"Comment\",\"target\":[\"https:\\\/\\\/el-perico.com\\\/es\\\/estas-son-las-fotos-comunitarias-del-mes-de-octubre\\\/#respond\"]}]},{\"@type\":\"WebPage\",\"@id\":\"https:\\\/\\\/el-perico.com\\\/es\\\/estas-son-las-fotos-comunitarias-del-mes-de-octubre\\\/\",\"url\":\"https:\\\/\\\/el-perico.com\\\/es\\\/estas-son-las-fotos-comunitarias-del-mes-de-octubre\\\/\",\"name\":\"Estas son las fotos comunitarias del mes de octubre - el perico\",\"isPartOf\":{\"@id\":\"https:\\\/\\\/el-perico.com\\\/es\\\/#website\"},\"primaryImageOfPage\":{\"@id\":\"https:\\\/\\\/el-perico.com\\\/es\\\/estas-son-las-fotos-comunitarias-del-mes-de-octubre\\\/#primaryimage\"},\"image\":{\"@id\":\"https:\\\/\\\/el-perico.com\\\/es\\\/estas-son-las-fotos-comunitarias-del-mes-de-octubre\\\/#primaryimage\"},\"thumbnailUrl\":\"https:\\\/\\\/el-perico.com\\\/wp-content\\\/uploads\\\/2021\\\/10\\\/13-IMG_9018-scaled-1.jpg\",\"datePublished\":\"2021-10-13T20:01:49+00:00\",\"dateModified\":\"2022-03-03T03:20:42+00:00\",\"breadcrumb\":{\"@id\":\"https:\\\/\\\/el-perico.com\\\/es\\\/estas-son-las-fotos-comunitarias-del-mes-de-octubre\\\/#breadcrumb\"},\"inLanguage\":\"es\",\"potentialAction\":[{\"@type\":\"ReadAction\",\"target\":[\"https:\\\/\\\/el-perico.com\\\/es\\\/estas-son-las-fotos-comunitarias-del-mes-de-octubre\\\/\"]}]},{\"@type\":\"ImageObject\",\"inLanguage\":\"es\",\"@id\":\"https:\\\/\\\/el-perico.com\\\/es\\\/estas-son-las-fotos-comunitarias-del-mes-de-octubre\\\/#primaryimage\",\"url\":\"https:\\\/\\\/el-perico.com\\\/wp-content\\\/uploads\\\/2021\\\/10\\\/13-IMG_9018-scaled-1.jpg\",\"contentUrl\":\"https:\\\/\\\/el-perico.com\\\/wp-content\\\/uploads\\\/2021\\\/10\\\/13-IMG_9018-scaled-1.jpg\",\"width\":2560,\"height\":1707},{\"@type\":\"BreadcrumbList\",\"@id\":\"https:\\\/\\\/el-perico.com\\\/es\\\/estas-son-las-fotos-comunitarias-del-mes-de-octubre\\\/#breadcrumb\",\"itemListElement\":[{\"@type\":\"ListItem\",\"position\":1,\"name\":\"Home\",\"item\":\"https:\\\/\\\/el-perico.com\\\/es\\\/\"},{\"@type\":\"ListItem\",\"position\":2,\"name\":\"Estas son las fotos comunitarias del mes de octubre\"}]},{\"@type\":\"WebSite\",\"@id\":\"https:\\\/\\\/el-perico.com\\\/es\\\/#website\",\"url\":\"https:\\\/\\\/el-perico.com\\\/es\\\/\",\"name\":\"el perico\",\"description\":\"La plataforma original de noticias e informaci\u00f3n para la comunidad hispana de Omaha\",\"publisher\":{\"@id\":\"https:\\\/\\\/el-perico.com\\\/es\\\/#organization\"},\"potentialAction\":[{\"@type\":\"SearchAction\",\"target\":{\"@type\":\"EntryPoint\",\"urlTemplate\":\"https:\\\/\\\/el-perico.com\\\/es\\\/?s={search_term_string}\"},\"query-input\":{\"@type\":\"PropertyValueSpecification\",\"valueRequired\":true,\"valueName\":\"search_term_string\"}}],\"inLanguage\":\"es\"},{\"@type\":\"Organization\",\"@id\":\"https:\\\/\\\/el-perico.com\\\/es\\\/#organization\",\"name\":\"el perico\",\"url\":\"https:\\\/\\\/el-perico.com\\\/es\\\/\",\"logo\":{\"@type\":\"ImageObject\",\"inLanguage\":\"es\",\"@id\":\"https:\\\/\\\/el-perico.com\\\/es\\\/#\\\/schema\\\/logo\\\/image\\\/\",\"url\":\"https:\\\/\\\/el-perico.com\\\/wp-content\\\/uploads\\\/2024\\\/05\\\/ElPerico-Logo_NPM-1-e1717102187440.png\",\"contentUrl\":\"https:\\\/\\\/el-perico.com\\\/wp-content\\\/uploads\\\/2024\\\/05\\\/ElPerico-Logo_NPM-1-e1717102187440.png\",\"width\":648,\"height\":216,\"caption\":\"el perico\"},\"image\":{\"@id\":\"https:\\\/\\\/el-perico.com\\\/es\\\/#\\\/schema\\\/logo\\\/image\\\/\"},\"sameAs\":[\"https:\\\/\\\/www.facebook.com\\\/elpericoomaha\"]},{\"@type\":\"Person\",\"@id\":\"https:\\\/\\\/el-perico.com\\\/es\\\/#\\\/schema\\\/person\\\/1956e5e63b94d4bd0daf30675bdf4a93\",\"name\":\"El Perico Staff\",\"image\":{\"@type\":\"ImageObject\",\"inLanguage\":\"es\",\"@id\":\"https:\\\/\\\/secure.gravatar.com\\\/avatar\\\/701b23c665bfde9fd4d874d31feb4c16bf2ac173b2b0b7224dc39896d4cfc381?s=96&d=mm&r=g80b2efc5844e688a6ffb9340c789e4c4\",\"url\":\"https:\\\/\\\/secure.gravatar.com\\\/avatar\\\/701b23c665bfde9fd4d874d31feb4c16bf2ac173b2b0b7224dc39896d4cfc381?s=96&d=mm&r=g\",\"contentUrl\":\"https:\\\/\\\/secure.gravatar.com\\\/avatar\\\/701b23c665bfde9fd4d874d31feb4c16bf2ac173b2b0b7224dc39896d4cfc381?s=96&d=mm&r=g\",\"caption\":\"El Perico Staff\"},\"sameAs\":[\"https:\\\/\\\/el-perico.com\"],\"url\":\"https:\\\/\\\/el-perico.com\\\/es\\\/author\\\/af6f1d62_admin\\\/\"}]}<\/script>\n<!-- \/ Yoast SEO plugin. -->","yoast_head_json":{"title":"Estas son las fotos comunitarias del mes de octubre - el perico","robots":{"index":"index","follow":"follow","max-snippet":"max-snippet:-1","max-image-preview":"max-image-preview:large","max-video-preview":"max-video-preview:-1"},"canonical":"https:\/\/el-perico.com\/es\/estas-son-las-fotos-comunitarias-del-mes-de-octubre\/","og_locale":"es_ES","og_type":"article","og_title":"Estas son las fotos comunitarias del mes de octubre - el perico","og_description":"Independencia mexicana La c\u00f3nsul mexicana Guadalupe S\u00e1nchez Salazar celebr\u00f3 la independencia de M\u00e9xico en la sede diplom\u00e1tica el 15 de septiembre. Fueron pocos los invitados debido a las medidas preventivas ante la pandemia. Sin embargo, el festejo cumpli\u00f3 su cometido emotivamente con diversos cantantes en vivo, reconocimientos especiales y varios jinetes a caballo. Sobre todo [&hellip;]","og_url":"https:\/\/el-perico.com\/es\/estas-son-las-fotos-comunitarias-del-mes-de-octubre\/","og_site_name":"el perico","article_publisher":"https:\/\/www.facebook.com\/elpericoomaha","article_published_time":"2021-10-13T20:01:49+00:00","article_modified_time":"2022-03-03T03:20:42+00:00","og_image":[{"width":2560,"height":1707,"url":"https:\/\/el-perico.com\/wp-content\/uploads\/2021\/10\/13-IMG_9018-scaled-1.jpg","type":"image\/jpeg"}],"author":"El Perico Staff","twitter_card":"summary_large_image","twitter_misc":{"Escrito por":"El Perico Staff","Tiempo de lectura":"4 minutos","Written by":"El Perico Staff"},"schema":{"@context":"https:\/\/schema.org","@graph":[{"@type":"Article","@id":"https:\/\/el-perico.com\/es\/estas-son-las-fotos-comunitarias-del-mes-de-octubre\/#article","isPartOf":{"@id":"https:\/\/el-perico.com\/es\/estas-son-las-fotos-comunitarias-del-mes-de-octubre\/"},"author":{"name":"El Perico Staff","@id":"https:\/\/el-perico.com\/es\/#\/schema\/person\/1956e5e63b94d4bd0daf30675bdf4a93"},"headline":"Estas son las fotos comunitarias del mes de octubre","datePublished":"2021-10-13T20:01:49+00:00","dateModified":"2022-03-03T03:20:42+00:00","mainEntityOfPage":{"@id":"https:\/\/el-perico.com\/es\/estas-son-las-fotos-comunitarias-del-mes-de-octubre\/"},"wordCount":95,"commentCount":0,"publisher":{"@id":"https:\/\/el-perico.com\/es\/#organization"},"image":{"@id":"https:\/\/el-perico.com\/es\/estas-son-las-fotos-comunitarias-del-mes-de-octubre\/#primaryimage"},"thumbnailUrl":"https:\/\/el-perico.com\/wp-content\/uploads\/2021\/10\/13-IMG_9018-scaled-1.jpg","keywords":["Bernardo Montoya","community photos","consulado de m\u00e9xico","Guadalupe S\u00e1nchez Salazar","independencia de mexico","m\u00e9xico","omaha"],"articleSection":["Comunidad","Reportaje"],"inLanguage":"es","potentialAction":[{"@type":"CommentAction","name":"Comment","target":["https:\/\/el-perico.com\/es\/estas-son-las-fotos-comunitarias-del-mes-de-octubre\/#respond"]}]},{"@type":"WebPage","@id":"https:\/\/el-perico.com\/es\/estas-son-las-fotos-comunitarias-del-mes-de-octubre\/","url":"https:\/\/el-perico.com\/es\/estas-son-las-fotos-comunitarias-del-mes-de-octubre\/","name":"Estas son las fotos comunitarias del mes de octubre - el perico","isPartOf":{"@id":"https:\/\/el-perico.com\/es\/#website"},"primaryImageOfPage":{"@id":"https:\/\/el-perico.com\/es\/estas-son-las-fotos-comunitarias-del-mes-de-octubre\/#primaryimage"},"image":{"@id":"https:\/\/el-perico.com\/es\/estas-son-las-fotos-comunitarias-del-mes-de-octubre\/#primaryimage"},"thumbnailUrl":"https:\/\/el-perico.com\/wp-content\/uploads\/2021\/10\/13-IMG_9018-scaled-1.jpg","datePublished":"2021-10-13T20:01:49+00:00","dateModified":"2022-03-03T03:20:42+00:00","breadcrumb":{"@id":"https:\/\/el-perico.com\/es\/estas-son-las-fotos-comunitarias-del-mes-de-octubre\/#breadcrumb"},"inLanguage":"es","potentialAction":[{"@type":"ReadAction","target":["https:\/\/el-perico.com\/es\/estas-son-las-fotos-comunitarias-del-mes-de-octubre\/"]}]},{"@type":"ImageObject","inLanguage":"es","@id":"https:\/\/el-perico.com\/es\/estas-son-las-fotos-comunitarias-del-mes-de-octubre\/#primaryimage","url":"https:\/\/el-perico.com\/wp-content\/uploads\/2021\/10\/13-IMG_9018-scaled-1.jpg","contentUrl":"https:\/\/el-perico.com\/wp-content\/uploads\/2021\/10\/13-IMG_9018-scaled-1.jpg","width":2560,"height":1707},{"@type":"BreadcrumbList","@id":"https:\/\/el-perico.com\/es\/estas-son-las-fotos-comunitarias-del-mes-de-octubre\/#breadcrumb","itemListElement":[{"@type":"ListItem","position":1,"name":"Home","item":"https:\/\/el-perico.com\/es\/"},{"@type":"ListItem","position":2,"name":"Estas son las fotos comunitarias del mes de octubre"}]},{"@type":"WebSite","@id":"https:\/\/el-perico.com\/es\/#website","url":"https:\/\/el-perico.com\/es\/","name":"el perico","description":"La plataforma original de noticias e informaci\u00f3n para la comunidad hispana de Omaha","publisher":{"@id":"https:\/\/el-perico.com\/es\/#organization"},"potentialAction":[{"@type":"SearchAction","target":{"@type":"EntryPoint","urlTemplate":"https:\/\/el-perico.com\/es\/?s={search_term_string}"},"query-input":{"@type":"PropertyValueSpecification","valueRequired":true,"valueName":"search_term_string"}}],"inLanguage":"es"},{"@type":"Organization","@id":"https:\/\/el-perico.com\/es\/#organization","name":"el perico","url":"https:\/\/el-perico.com\/es\/","logo":{"@type":"ImageObject","inLanguage":"es","@id":"https:\/\/el-perico.com\/es\/#\/schema\/logo\/image\/","url":"https:\/\/el-perico.com\/wp-content\/uploads\/2024\/05\/ElPerico-Logo_NPM-1-e1717102187440.png","contentUrl":"https:\/\/el-perico.com\/wp-content\/uploads\/2024\/05\/ElPerico-Logo_NPM-1-e1717102187440.png","width":648,"height":216,"caption":"el perico"},"image":{"@id":"https:\/\/el-perico.com\/es\/#\/schema\/logo\/image\/"},"sameAs":["https:\/\/www.facebook.com\/elpericoomaha"]},{"@type":"Person","@id":"https:\/\/el-perico.com\/es\/#\/schema\/person\/1956e5e63b94d4bd0daf30675bdf4a93","name":"El Perico Staff","image":{"@type":"ImageObject","inLanguage":"es","@id":"https:\/\/secure.gravatar.com\/avatar\/701b23c665bfde9fd4d874d31feb4c16bf2ac173b2b0b7224dc39896d4cfc381?s=96&d=mm&r=g80b2efc5844e688a6ffb9340c789e4c4","url":"https:\/\/secure.gravatar.com\/avatar\/701b23c665bfde9fd4d874d31feb4c16bf2ac173b2b0b7224dc39896d4cfc381?s=96&d=mm&r=g","contentUrl":"https:\/\/secure.gravatar.com\/avatar\/701b23c665bfde9fd4d874d31feb4c16bf2ac173b2b0b7224dc39896d4cfc381?s=96&d=mm&r=g","caption":"El Perico Staff"},"sameAs":["https:\/\/el-perico.com"],"url":"https:\/\/el-perico.com\/es\/author\/af6f1d62_admin\/"}]}},"_links":{"self":[{"href":"https:\/\/el-perico.com\/es\/wp-json\/wp\/v2\/posts\/27","targetHints":{"allow":["GET"]}}],"collection":[{"href":"https:\/\/el-perico.com\/es\/wp-json\/wp\/v2\/posts"}],"about":[{"href":"https:\/\/el-perico.com\/es\/wp-json\/wp\/v2\/types\/post"}],"author":[{"embeddable":true,"href":"https:\/\/el-perico.com\/es\/wp-json\/wp\/v2\/users\/1"}],"replies":[{"embeddable":true,"href":"https:\/\/el-perico.com\/es\/wp-json\/wp\/v2\/comments?post=27"}],"version-history":[{"count":1,"href":"https:\/\/el-perico.com\/es\/wp-json\/wp\/v2\/posts\/27\/revisions"}],"predecessor-version":[{"id":5832,"href":"https:\/\/el-perico.com\/es\/wp-json\/wp\/v2\/posts\/27\/revisions\/5832"}],"wp:featuredmedia":[{"embeddable":true,"href":"https:\/\/el-perico.com\/es\/wp-json\/wp\/v2\/media\/52"}],"wp:attachment":[{"href":"https:\/\/el-perico.com\/es\/wp-json\/wp\/v2\/media?parent=27"}],"wp:term":[{"taxonomy":"category","embeddable":true,"href":"https:\/\/el-perico.com\/es\/wp-json\/wp\/v2\/categories?post=27"},{"taxonomy":"post_tag","embeddable":true,"href":"https:\/\/el-perico.com\/es\/wp-json\/wp\/v2\/tags?post=27"},{"taxonomy":"newspack_spnsrs_tax","embeddable":true,"href":"https:\/\/el-perico.com\/es\/wp-json\/wp\/v2\/newspack_spnsrs_tax?post=27"},{"taxonomy":"author","embeddable":true,"href":"https:\/\/el-perico.com\/es\/wp-json\/wp\/v2\/coauthors?post=27"}],"curies":[{"name":"wp","href":"https:\/\/api.w.org\/{rel}","templated":true}]}}