{"id":2686,"date":"2019-09-04T16:17:17","date_gmt":"2019-09-04T16:17:17","guid":{"rendered":"https:\/\/el-perico.com\/?p=2686"},"modified":"2019-09-04T16:17:17","modified_gmt":"2019-09-04T16:17:17","slug":"parte-i-la-comunidad-maya-afirma-su-auto-identidad-indigena-como-pueblo","status":"publish","type":"post","link":"https:\/\/el-perico.com\/es\/parte-i-la-comunidad-maya-afirma-su-auto-identidad-indigena-como-pueblo\/","title":{"rendered":"Parte I: La comunidad maya afirma su auto-identidad ind\u00edgena como pueblo"},"content":{"rendered":"<p class=\"p1\"><b>Parte I: La comunidad maya afirma su auto-identidad ind\u00edgena como pueblo<\/b><\/p>\n<p class=\"p1\">Por Leo Adam Biga<\/p>\n<p class=\"p1\">Nota el Editor:<\/p>\n<p class=\"p1\">En una serie de dos partes, El Perico da un vistazo a la comunidad maya local a trav\u00e9s de los ojos de Luis Marcos, Director Ejecutivo de la Comunidad Maya Pixan Ixim.<\/p>\n<p class=\"p1\">En esta primera parte, \u00e9l discute los retos a los que se enfrenta su pueblo ind\u00edgena desplazado para afirmar su identidad y ser entendidos.<\/p>\n<p class=\"p1\">Las masas pobres y cansadas de Guatemala en b\u00fasqueda de un respiro de libertad han viajado al norte durante d\u00e9cadas buscando una nueva vida en los Estados Unidos de Norteam\u00e9rica. Entre ellos los mayas corresponden a un grupo ind\u00edgena minoritario que escap\u00f3 de la persecuci\u00f3n del gobierno de Guatemala. Con el paso del tiempo se han forjado un camino y una vida en los EE.UU. Una peque\u00f1a comunidad de alrededor de 1,500 personas de origen maya vive en Nebraska, en su mayor\u00eda en el Sur de Omaha.<\/p>\n<p class=\"p1\">Luis Marcos dej\u00f3 Guatemala cuando ten\u00eda 16 a\u00f1os de edad. Despu\u00e9s de vivir en California e Iowa \u00e9l se asent\u00f3 aqu\u00ed en el 2005. Dos a\u00f1os despu\u00e9s Marcos ayud\u00f3 a formar el centro comunitario maya local, la Comunidad Maya Pixan Ixim. Es en donde su gente practica su cultura tradicional y se apoyan los unos a los otros en cuanto a ajustarse a la vida aqu\u00ed y poder entender su sufrimiento como personas desplazadas.<\/p>\n<p class=\"p1\">Todo sobre el centro, ubicado en 4513 South 32nd Street, est\u00e1 adentrado en las formas mayas e informado por las experiencias que trajeron a sus miembros a los EE.UU. Aunque Marcos es su Director Ejecutivo, \u00e9l comenta: \u201cNuestro proceso de toma de decisiones es muy colectivo. Somos una comunidad\u201d.<\/p>\n<p class=\"p1\">Su historia refleja la de otros mayas.<\/p>\n<p class=\"p1\">\u00abDej\u00e9 Guatemala en 1989 en parte debido a la guerra y el genocidio en contra de mi gente en ese momento. El estado estaba reclutando a j\u00f3venes de mi edad que eran forzados al servicio militar en donde te entrenaban para regresar y matar a tu propia gente. La falta de oportunidades de educaci\u00f3n fue otra raz\u00f3n por la que decid\u00ed emigrar\u201d.<\/p>\n<p class=\"p1\">En donde su historia difiere de la de la mayor\u00eda es en su participaci\u00f3n en cuestiones gubernamentales mayas. La misi\u00f3n de la comunidad maya est\u00e1 arraigada en cuestiones sociales, pol\u00edticas y culturales.<\/p>\n<p class=\"p1\">\u00abNosotros b\u00e1sicamente deseamos mantener nuestra identidad\u201d, dijo Marcos, \u201cy ser reconocidos como personas ind\u00edgenas desplazadas y responder a las complejas necesidades y aspiraciones de la comunidad maya\u201d.<\/p>\n<p class=\"p1\">Marcos reconoce que entender la herencia de su gente puede ser dif\u00edcil para las personas de afuera pues los mayas est\u00e1n dispersos por varias naciones de Centroam\u00e9rica y aun as\u00ed el espa\u00f1ol no es su primer idioma.<\/p>\n<p class=\"p1\">\u00abSi estoy frente a frente con alguien esa persona asumir\u00eda que soy latino debido a como me veo. Si le digo que vengo de Guatemala, eso al parecer confirmar\u00eda que soy latino. La realidad es que no lo somos. Tengo la suerte de poder hablar el espa\u00f1ol y el ingl\u00e9s con fluidez pero eso no me hace latino o cauc\u00e1sico. Yo solo hablo los idiomas. No soy de esas culturas. Por m\u00e1s que lo intente, ni siquiera comprendo esas culturas. Eso se convierte para nosotros en una situaci\u00f3n de vida o muerte cuando se trata de interactuar con el sistema de salud. Debido a la discriminaci\u00f3n hist\u00f3rica en contra de las personas ind\u00edgenas y el deseo de evitar el dolor, es muy probable que una persona maya mencione que habla espa\u00f1ol y asienta a lo que est\u00e9s diciendo, aunque en realidad no entiende lo que se le est\u00e1 diciendo sobre su salud\u201d.<\/p>\n<p class=\"p1\">Si organizaci\u00f3n busca reducir esas brechas de informaci\u00f3n.<\/p>\n<p class=\"p1\">\u00abCualquier actividad que llevamos a cabo es con el objetivo de educar a los sistemas de salud, educaci\u00f3n y legales, as\u00ed como a las instituciones religiosas. Es muy importante<span class=\"Apple-converted-space\">\u00a0 <\/span>se reconozca que somos personas ind\u00edgenas desplazadas. Se ha requerido de mucha educaci\u00f3n y explicaciones\u201d.<\/p>\n<p class=\"p1\">Aunque dijo que Omaha y otras ciudades en los EE.UU. son \u201cmuy acogedores\u201d, todav\u00eda hay ignorancia sobre los mayas. Muchas personas piensan que los mayas desaparecieron hace cientos de a\u00f1os cuando fue desmantelada por los conquistadores aquella gran civilizaci\u00f3n que hab\u00edan construido. Aunque subyugados, los mayas retuvieron su cultura.<\/p>\n<p class=\"p1\">\u201dNo ha sido f\u00e1cil\u201d, nos dijo. \u201cNosotros invitamos a la comunidad a nuestros festivales para poder introducirlos a nuestra m\u00fasica, nuestra vestimenta y nuestro idioma. Es ah\u00ed que llega el reconocimiento, la calidad bienvenida y el apoyo\u201d.<\/p>\n<p class=\"p1\">Los mayas todav\u00eda tienen mucho que aprender sobre este pa\u00eds.<\/p>\n<p class=\"p1\">\u00abNo ha sido f\u00e1cil para nosotros comprender los valores de toda la comunidad. Ha habido muchas lecciones que aprender. Hemos compartido nuestra experiencia, nuestra cultura, nuestro lenguaje, pero tambi\u00e9n hemos aprendido de la cultura dominante y de otros valores culturales que nos dan la esperanza de ser una comunidad floreciente. Ha sido una experiencia dolorosa pero a la vez en ocasiones divertida\u201d.<\/p>\n<p class=\"p1\">La intenci\u00f3n, nos dijo, es ayudar a otros a comprender \u201csomos un pueblo como se define por la ley internacional\u201d.<\/p>\n<p class=\"p1\">\u00abTenemos nuestro propio idioma, historia de la creaci\u00f3n y soberan\u00eda espiritual. Tenemos territorios claramente definidos. Tenemos nuestra propia filosof\u00eda, gobierno y formas de organizaci\u00f3n social. Somos un pueblo y en derecho internacional un pueblo tiene derecho a auto-determinarse\u201d.<\/p>\n<p class=\"p1\">\u00c9l ha participado en convenciones con otros l\u00edderes mayas del resto de los EE.UU. \u201cHemos escogido identificar no como inmigrantes o refugiados, sino como nativos desplazados. Ese es el camino que hemos escogido\u201d.<\/p>\n<p class=\"p1\">Ese camino, nos dijo, es \u201cmuy similar a la experiencia de los nativos americanos.<\/p>\n<p class=\"p1\">\u00abLa ra\u00edz de nuestro sufrimiento como personas ind\u00edgenas en el hemisferio oeste data a la Doctrina del Descubrimiento. Esta serie de decretos papales establecieron que no podemos gobernarnos a nosotros mismo y que no podemos ser propietarios de tierras. Declararon nuestra tierra como &#8216;tierra vac\u00eda. Las naciones europeas usaron la doctrina como una forma de justificar su invasi\u00f3n, dominaci\u00f3n y exploraci\u00f3n del continente. En el proceso de asimilaci\u00f3n, o te vuelves cristiano o mueres. Era fue la experiencia que sufrieron las personas nativas en escuelas de internados, en donde se nos prohibi\u00f3 hablar nuestro idioma\u201d.<\/p>\n<p class=\"p1\">Algo que tambi\u00e9n une a los mayas con los nativos americanos, nos comenta, son sus creencias espirituales.<\/p>\n<p class=\"p1\">\u00abLa espiritualidad de los pueblos ind\u00edgenas es la misma. Es basada en la tierra\u201d.<\/p>\n<p class=\"p1\">Existen relaciones formales de trabajo entre los mayas y el consejo tribal de Omaha en Nebraska.<\/p>\n<p class=\"p3\"><span class=\"s1\">Visite <\/span><span class=\"s2\">pixanixim.org<\/span><\/p>\n<p class=\"p1\">Lea m\u00e1s del trabajo de Leo Adam Biga en <span class=\"s3\">leoadambiga.com<\/span>.<\/p>\n<p class=\"p1\">La siguiente semana: Parte II \u2013 Comunidad maya arraigada en relaciones<\/p>\n<p class=\"p5\">___ ___ ___<\/p>\n<p class=\"p1\">NOTA DEL EDITOR:<\/p>\n<p class=\"p1\">En una serie de dos partes, El Perico da un vistazo a la comunidad maya local a trav\u00e9s de los ojos de Luis Marcos, Director Ejecutivo de la Comunidad Maya Pixan Ixim.<\/p>\n<p class=\"p1\">En esta segunda y \u00faltima parte, \u00e9l describe c\u00f3mo el centro comunitario que dirige y la comunidad maya aqu\u00ed en general se apoyan en las relaciones para avanzar su misi\u00f3n de autonom\u00eda e integraci\u00f3n.<\/p>\n<p class=\"p1\"><b>Parte II: Comunidad maya arraigada en relaciones<\/b><\/p>\n<p class=\"p1\">Para que prospere una organizaci\u00f3n sin fines de lucro prospere, necesita de alianzas. Eso aplica en especial para la organizaci\u00f3n sin fines de lucro Comunidad Maya Pixan Ixim. Representa a los mayas, una comunidad minoritaria de personas ind\u00edgenas que han escapado de la persecuci\u00f3n en sus hogares natales centroamericanos.<\/p>\n<p class=\"p1\">El centro sirve a los mayas que han venido desde Guatemala y de otras naciones con problemas en donde han sufrido de violencia y opresi\u00f3n. Los mayas fueron atra\u00eddos a Nebraska a finales de los a\u00f1os 1980 y principios de los a\u00f1os 1990 por los empleos en manifactura y empacado de carnes. Hoy en d\u00eda el Sur de Omaha es hogar de la mayor parte de la poblaci\u00f3n Maya en Nebraska. El centro comunitario maya se ubica aqu\u00ed. Gran parte de la programaci\u00f3n se enfoca en celebrar y preservar las artes y la cultura tradicional. Algunas de sus actividades clave est\u00e1n basadas en y apoyadas por las relaciones con la gran comunidad.<\/p>\n<p class=\"p1\">Esas relaciones incluyen un programa de cuidado pastoral con la Arquidi\u00f3cesis de Omaha para Cat\u00f3licos de origen maya, un proyecto de la Maya Community Health Collaborative a trav\u00e9s de la Medical Students Association de la Universidad de Creighton, e iniciativas con el Center for Reducing Health Disparities de la Universidad de Omaha, One World Community Health Centers y el Immigrant Legal Center.<\/p>\n<p class=\"p1\">\u00abEducamos a nuestra comunidad y al sistema legal sobre nuestros derechos preexistentes como personas ind\u00edgenas para viajar por nuestro continente. Brindamos acompa\u00f1amiento a las personas que buscan asilo pol\u00edtico y proporcionamos contribuciones para abogados\u201d, coment\u00f3 Luis Marcos, Director Ejecutivo para la<\/p>\n<p class=\"p1\">Comunidad Maya Pixan Ixim.<\/p>\n<p class=\"p1\">Los mayas son personas insistentes pero \u201cpac\u00edficas y afectuosa\u201d, nos comenta. \u201cLo que buscamos es un verdadero entendimiento de los eventos hist\u00f3ricos y comenzar de nuevo desde un entendimiento en com\u00fan sobre de d\u00f3nde venimos\u201d.<\/p>\n<p class=\"p1\">El centro comunitario que lidera Marcos presenta eventos culturales durante el a\u00f1o que incorporan arte, m\u00fasica y danza tradicional. El grupo tambi\u00e9n promueve una iniciativa de salud y un programa de tutor\u00edas para j\u00f3venes.<\/p>\n<p class=\"p1\">Los j\u00f3venes mayas trabajan con estudiantes de universidad en el \u00e1rea para exponerlos a oportunidades post-secundaria.<\/p>\n<p class=\"p1\">\u00abLa mayor\u00eda de nuestros estudiantes ser\u00e1n estudiantes universitarios de primera generaci\u00f3n\u201d, nos dijo, \u201cy queremos plantar la semilla de que la universidad es la meta a la que se debe aspirar\u201d.<\/p>\n<p class=\"p1\">Tambi\u00e9n se ofrecen en el centro clases de idioma ingl\u00e9s.<\/p>\n<p class=\"p1\">Los mayas usualmente son confundidos con latinos. Aunque comparten algunas caracter\u00edsticas similares, la mayor\u00eda de los mayas no tienen la misma fluidez con el espa\u00f1ol pues ellos cuentan con su propio idioma nativo.<\/p>\n<p class=\"p1\">La organizaci\u00f3n sufri\u00f3 una crisis en 2014-2015 durante la cual algunos l\u00edderes clave locales fueron detenidos y deportados.<\/p>\n<p class=\"p1\">\u00abFue una experiencia muy dif\u00edcil de la cual recuperarnos\u201d, dijo Marcos. \u201cDurante un largo tiempo no pudimos hacer nada. Tuvimos que reagruparnos. Tuvimos \u00e9xito en poder lograr la liberaci\u00f3n de dos de nuestros l\u00edderes\u201d.<\/p>\n<p class=\"p1\">Desde entonces el centro ha continuado con un men\u00fa pr\u00e1cticamente repleto de eventos y programas. La resistencia frente a los problemas es algo arraigado en su pueblo.<\/p>\n<p class=\"p1\">\u00abNos mantenemos juntos. Sobrevivimos. Hemos sobrevivido a m\u00faltiples ciclos de violencia y genocidio y a todo esto, as\u00ed que permanecemos juntos sin importar lo que pase\u201d, dijo Marcos.<\/p>\n<p class=\"p1\">Despu\u00e9s de ese episodio, la comunidad maya local se ha enfocado en derechos civiles y derechos humanos.<\/p>\n<p class=\"p1\">\u00abTrabajamos para implementar la declaraci\u00f3n de las Naciones Unidas sobre derechos de los pueblos ind\u00edgenas. Para ello trabajamos de cerca con el gobierno Huehuetenango Maya. Ahora contamos con una extensi\u00f3n del gobierno Huehuetenango en los Estados Unidos de Norteam\u00e9rica. Tenemos un parlamento maya con presencia en California, Iowa, Rhode Island, Pennsylvania, Colorado y Nebraska. Tenemos un consejo de ancianos. Yo soy uno de ellos\u201d.<\/p>\n<p class=\"p1\">Las comunidades mayas por todos los EE.UU. \u201cest\u00e1n conectadas en muchos niveles\u201d y ahora est\u00e1n ya bien establecidas. \u201cHemos avanzado mucho\u201d, dijo Marcos. \u201cHemos tenido la fortuna de contar con relaciones muy harmoniosas con instituciones, tradiciones de fe y nacionalidades.\u201d. Esto incluye una profunda relaci\u00f3n con la Iglesia Cat\u00f3lica. A nivel local, una alianza entre la Arquidi\u00f3cesis de Omaha y la Di\u00f3cesis de Huehuetenango, Guatemala, env\u00eda delegaciones ah\u00ed.<\/p>\n<p class=\"p1\">La Comunidad Maya Pixan Ixim es apoyada por la fundaci\u00f3n Omaha Community y por otros grupos.<\/p>\n<p class=\"p1\">\u00abLa comunidad latina nos ha brindado su apoyo\u201d, coment\u00f3 Marcos, \u201cinvit\u00e1ndonos a tener una presencia en el festival del Cinco de Mayo\u201d.<\/p>\n<p class=\"p1\">El Consulado mexicano local invit\u00f3 a la comunidad maya a ser parte de una celebraci\u00f3n binacional.<\/p>\n<p class=\"p1\">Una exhibici\u00f3n actual de textiles ind\u00edgenas mayas en El Museo Latino incluye programas de educaci\u00f3n que detallan diversos aspectos de esta cultura tradicional.<\/p>\n<p class=\"p1\">Todas son oportunidades para compartir la historia maya.<\/p>\n<p class=\"p1\">\u00abContinuamos a articular nuestra presencia como personas en lugar de dejar ser asimilados por la cultura dominante\u201d, dijo Marcos. \u201cHemos podido contar nuestras historias\u201d.<\/p>\n<p class=\"p1\">La dramaturga de Omaha Ellen Struve ha presentado otra v\u00eda para compartir la historia maya. Intrigada por la cultura y hechizada por sus personas, ella se convirti\u00f3 en parte activa con la Comunidad Maya Pixan Ixim, investigando despu\u00e9s una nueva obra sobre las vidas de los mayas y las historias en el Popul Vuh, su texto sagrado.<\/p>\n<p class=\"p1\">\u00abElla es muy querida en nuestra comunidad\u201d, dijo Marcos<span class=\"Apple-converted-space\">\u00a0 <\/span>sobre Struve. \u201cElla ha aprendido nuestro idioma maya. Es de mente abierta sobre nuestras preocupaciones. La hemos invitado a ser miembro de nuestro consejo de directores. En verdad nos honra tenerla en ese rol\u201d.<\/p>\n<p class=\"p1\">EPIC es el nombre de la obra que desarroll\u00f3 Struve con temas mayas. Se presentar\u00e1 del 29 al 31 de mayo en el campus sur del<span class=\"Apple-converted-space\">\u00a0 <\/span>Metropolitan Community College.<\/p>\n<p class=\"p1\">\u00abEsta ser\u00e1 una forma de empoderar y resaltar a la comunidad y la cultura\u201d, dijo sobre la producci\u00f3n Marcos, \u201cy para mostrar que las personas ind\u00edgenas podemos contribuir algo a la sociedad. Creo que ser\u00e1 bueno que los dem\u00e1s nos conozcan mejor, pues es lo que m\u00e1s necesitamos en este momento de nuestra historia\u201d.<\/p>\n<p class=\"p1\">Para m\u00e1s informaci\u00f3n sobre el centro comunitario maya, visite <span class=\"s3\">pixanixim.org<\/span>. Para informaci\u00f3n sobre el lugar de la presentaci\u00f3n y los horarios de la obra, visite <span class=\"s3\">www.gptcplays.com\/playfes<\/span>.<\/p>\n<p class=\"p1\">Lea m\u00e1s del trabajo de Leo Adam Biga en<span class=\"Apple-converted-space\">\u00a0 <\/span><span class=\"s3\">leoadambiga.com<\/span>.<\/p>\n","protected":false},"excerpt":{"rendered":"<p>Parte I: La comunidad maya afirma su auto-identidad ind\u00edgena como pueblo Por Leo Adam Biga Nota el Editor: En una serie de dos partes, El Perico da un vistazo a la comunidad maya local a trav\u00e9s de los ojos de Luis Marcos, Director Ejecutivo de la Comunidad Maya Pixan Ixim. En esta primera parte, \u00e9l [&hellip;]<\/p>\n","protected":false},"author":1,"featured_media":2687,"comment_status":"open","ping_status":"closed","sticky":false,"template":"","format":"standard","meta":{"newspack_ads_suppress_ads":false,"_newspack_byline_active":false,"_newspack_byline":"","newspack_hide_updated_date":false,"newspack_show_updated_date":false,"newspack_content_restriction_is_exempt":false,"newspack_featured_image_position":"","newspack_post_subtitle":"","newspack_article_summary_title":"Overview:","newspack_article_summary":"","footnotes":""},"categories":[39,42,44],"tags":[],"newspack_spnsrs_tax":[],"coauthors":[],"class_list":["post-2686","post","type-post","status-publish","format-standard","has-post-thumbnail","hentry","category-comunidad","category-cultura","category-la-vida-americana","entry"],"yoast_head":"<!-- This site is optimized with the Yoast SEO plugin v27.5 - https:\/\/yoast.com\/product\/yoast-seo-wordpress\/ -->\n<title>Parte I: La comunidad maya afirma su auto-identidad ind\u00edgena como pueblo - el perico<\/title>\n<meta name=\"robots\" content=\"index, follow, max-snippet:-1, max-image-preview:large, max-video-preview:-1\" \/>\n<link rel=\"canonical\" href=\"https:\/\/el-perico.com\/es\/parte-i-la-comunidad-maya-afirma-su-auto-identidad-indigena-como-pueblo\/\" \/>\n<meta property=\"og:locale\" content=\"es_ES\" \/>\n<meta property=\"og:type\" content=\"article\" \/>\n<meta property=\"og:title\" content=\"Parte I: La comunidad maya afirma su auto-identidad ind\u00edgena como pueblo - el perico\" \/>\n<meta property=\"og:description\" content=\"Parte I: La comunidad maya afirma su auto-identidad ind\u00edgena como pueblo Por Leo Adam Biga Nota el Editor: En una serie de dos partes, El Perico da un vistazo a la comunidad maya local a trav\u00e9s de los ojos de Luis Marcos, Director Ejecutivo de la Comunidad Maya Pixan Ixim. En esta primera parte, \u00e9l [&hellip;]\" \/>\n<meta property=\"og:url\" content=\"https:\/\/el-perico.com\/es\/parte-i-la-comunidad-maya-afirma-su-auto-identidad-indigena-como-pueblo\/\" \/>\n<meta property=\"og:site_name\" content=\"el perico\" \/>\n<meta property=\"article:publisher\" content=\"https:\/\/www.facebook.com\/elpericoomaha\" \/>\n<meta property=\"article:published_time\" content=\"2019-09-04T16:17:17+00:00\" \/>\n<meta name=\"author\" content=\"El Perico Staff\" \/>\n<meta name=\"twitter:card\" content=\"summary_large_image\" \/>\n<meta name=\"twitter:label1\" content=\"Escrito por\" \/>\n\t<meta name=\"twitter:data1\" content=\"El Perico Staff\" \/>\n\t<meta name=\"twitter:label2\" content=\"Tiempo de lectura\" \/>\n\t<meta name=\"twitter:data2\" content=\"12 minutos\" \/>\n\t<meta name=\"twitter:label3\" content=\"Written by\" \/>\n\t<meta name=\"twitter:data3\" content=\"El Perico Staff\" \/>\n<script type=\"application\/ld+json\" class=\"yoast-schema-graph\">{\"@context\":\"https:\\\/\\\/schema.org\",\"@graph\":[{\"@type\":\"Article\",\"@id\":\"https:\\\/\\\/el-perico.com\\\/es\\\/parte-i-la-comunidad-maya-afirma-su-auto-identidad-indigena-como-pueblo\\\/#article\",\"isPartOf\":{\"@id\":\"https:\\\/\\\/el-perico.com\\\/es\\\/parte-i-la-comunidad-maya-afirma-su-auto-identidad-indigena-como-pueblo\\\/\"},\"author\":{\"name\":\"El Perico Staff\",\"@id\":\"https:\\\/\\\/el-perico.com\\\/es\\\/#\\\/schema\\\/person\\\/1956e5e63b94d4bd0daf30675bdf4a93\"},\"headline\":\"Parte I: La comunidad maya afirma su auto-identidad ind\u00edgena como pueblo\",\"datePublished\":\"2019-09-04T16:17:17+00:00\",\"mainEntityOfPage\":{\"@id\":\"https:\\\/\\\/el-perico.com\\\/es\\\/parte-i-la-comunidad-maya-afirma-su-auto-identidad-indigena-como-pueblo\\\/\"},\"wordCount\":2330,\"commentCount\":0,\"publisher\":{\"@id\":\"https:\\\/\\\/el-perico.com\\\/es\\\/#organization\"},\"image\":{\"@id\":\"https:\\\/\\\/el-perico.com\\\/es\\\/parte-i-la-comunidad-maya-afirma-su-auto-identidad-indigena-como-pueblo\\\/#primaryimage\"},\"thumbnailUrl\":\"\",\"articleSection\":[\"Comunidad\",\"Cultura\",\"La Vida Americana\"],\"inLanguage\":\"es\",\"potentialAction\":[{\"@type\":\"CommentAction\",\"name\":\"Comment\",\"target\":[\"https:\\\/\\\/el-perico.com\\\/es\\\/parte-i-la-comunidad-maya-afirma-su-auto-identidad-indigena-como-pueblo\\\/#respond\"]}]},{\"@type\":\"WebPage\",\"@id\":\"https:\\\/\\\/el-perico.com\\\/es\\\/parte-i-la-comunidad-maya-afirma-su-auto-identidad-indigena-como-pueblo\\\/\",\"url\":\"https:\\\/\\\/el-perico.com\\\/es\\\/parte-i-la-comunidad-maya-afirma-su-auto-identidad-indigena-como-pueblo\\\/\",\"name\":\"Parte I: La comunidad maya afirma su auto-identidad ind\u00edgena como pueblo - el perico\",\"isPartOf\":{\"@id\":\"https:\\\/\\\/el-perico.com\\\/es\\\/#website\"},\"primaryImageOfPage\":{\"@id\":\"https:\\\/\\\/el-perico.com\\\/es\\\/parte-i-la-comunidad-maya-afirma-su-auto-identidad-indigena-como-pueblo\\\/#primaryimage\"},\"image\":{\"@id\":\"https:\\\/\\\/el-perico.com\\\/es\\\/parte-i-la-comunidad-maya-afirma-su-auto-identidad-indigena-como-pueblo\\\/#primaryimage\"},\"thumbnailUrl\":\"\",\"datePublished\":\"2019-09-04T16:17:17+00:00\",\"breadcrumb\":{\"@id\":\"https:\\\/\\\/el-perico.com\\\/es\\\/parte-i-la-comunidad-maya-afirma-su-auto-identidad-indigena-como-pueblo\\\/#breadcrumb\"},\"inLanguage\":\"es\",\"potentialAction\":[{\"@type\":\"ReadAction\",\"target\":[\"https:\\\/\\\/el-perico.com\\\/es\\\/parte-i-la-comunidad-maya-afirma-su-auto-identidad-indigena-como-pueblo\\\/\"]}]},{\"@type\":\"ImageObject\",\"inLanguage\":\"es\",\"@id\":\"https:\\\/\\\/el-perico.com\\\/es\\\/parte-i-la-comunidad-maya-afirma-su-auto-identidad-indigena-como-pueblo\\\/#primaryimage\",\"url\":\"\",\"contentUrl\":\"\"},{\"@type\":\"BreadcrumbList\",\"@id\":\"https:\\\/\\\/el-perico.com\\\/es\\\/parte-i-la-comunidad-maya-afirma-su-auto-identidad-indigena-como-pueblo\\\/#breadcrumb\",\"itemListElement\":[{\"@type\":\"ListItem\",\"position\":1,\"name\":\"Home\",\"item\":\"https:\\\/\\\/el-perico.com\\\/es\\\/\"},{\"@type\":\"ListItem\",\"position\":2,\"name\":\"Parte I: La comunidad maya afirma su auto-identidad ind\u00edgena como pueblo\"}]},{\"@type\":\"WebSite\",\"@id\":\"https:\\\/\\\/el-perico.com\\\/es\\\/#website\",\"url\":\"https:\\\/\\\/el-perico.com\\\/es\\\/\",\"name\":\"el perico\",\"description\":\"La plataforma original de noticias e informaci\u00f3n para la comunidad hispana de Omaha\",\"publisher\":{\"@id\":\"https:\\\/\\\/el-perico.com\\\/es\\\/#organization\"},\"potentialAction\":[{\"@type\":\"SearchAction\",\"target\":{\"@type\":\"EntryPoint\",\"urlTemplate\":\"https:\\\/\\\/el-perico.com\\\/es\\\/?s={search_term_string}\"},\"query-input\":{\"@type\":\"PropertyValueSpecification\",\"valueRequired\":true,\"valueName\":\"search_term_string\"}}],\"inLanguage\":\"es\"},{\"@type\":\"Organization\",\"@id\":\"https:\\\/\\\/el-perico.com\\\/es\\\/#organization\",\"name\":\"el perico\",\"url\":\"https:\\\/\\\/el-perico.com\\\/es\\\/\",\"logo\":{\"@type\":\"ImageObject\",\"inLanguage\":\"es\",\"@id\":\"https:\\\/\\\/el-perico.com\\\/es\\\/#\\\/schema\\\/logo\\\/image\\\/\",\"url\":\"https:\\\/\\\/el-perico.com\\\/wp-content\\\/uploads\\\/2024\\\/05\\\/ElPerico-Logo_NPM-1-e1717102187440.png\",\"contentUrl\":\"https:\\\/\\\/el-perico.com\\\/wp-content\\\/uploads\\\/2024\\\/05\\\/ElPerico-Logo_NPM-1-e1717102187440.png\",\"width\":648,\"height\":216,\"caption\":\"el perico\"},\"image\":{\"@id\":\"https:\\\/\\\/el-perico.com\\\/es\\\/#\\\/schema\\\/logo\\\/image\\\/\"},\"sameAs\":[\"https:\\\/\\\/www.facebook.com\\\/elpericoomaha\"]},{\"@type\":\"Person\",\"@id\":\"https:\\\/\\\/el-perico.com\\\/es\\\/#\\\/schema\\\/person\\\/1956e5e63b94d4bd0daf30675bdf4a93\",\"name\":\"El Perico Staff\",\"image\":{\"@type\":\"ImageObject\",\"inLanguage\":\"es\",\"@id\":\"https:\\\/\\\/secure.gravatar.com\\\/avatar\\\/701b23c665bfde9fd4d874d31feb4c16bf2ac173b2b0b7224dc39896d4cfc381?s=96&d=mm&r=g80b2efc5844e688a6ffb9340c789e4c4\",\"url\":\"https:\\\/\\\/secure.gravatar.com\\\/avatar\\\/701b23c665bfde9fd4d874d31feb4c16bf2ac173b2b0b7224dc39896d4cfc381?s=96&d=mm&r=g\",\"contentUrl\":\"https:\\\/\\\/secure.gravatar.com\\\/avatar\\\/701b23c665bfde9fd4d874d31feb4c16bf2ac173b2b0b7224dc39896d4cfc381?s=96&d=mm&r=g\",\"caption\":\"El Perico Staff\"},\"sameAs\":[\"https:\\\/\\\/el-perico.com\"],\"url\":\"https:\\\/\\\/el-perico.com\\\/es\\\/author\\\/af6f1d62_admin\\\/\"}]}<\/script>\n<!-- \/ Yoast SEO plugin. -->","yoast_head_json":{"title":"Parte I: La comunidad maya afirma su auto-identidad ind\u00edgena como pueblo - el perico","robots":{"index":"index","follow":"follow","max-snippet":"max-snippet:-1","max-image-preview":"max-image-preview:large","max-video-preview":"max-video-preview:-1"},"canonical":"https:\/\/el-perico.com\/es\/parte-i-la-comunidad-maya-afirma-su-auto-identidad-indigena-como-pueblo\/","og_locale":"es_ES","og_type":"article","og_title":"Parte I: La comunidad maya afirma su auto-identidad ind\u00edgena como pueblo - el perico","og_description":"Parte I: La comunidad maya afirma su auto-identidad ind\u00edgena como pueblo Por Leo Adam Biga Nota el Editor: En una serie de dos partes, El Perico da un vistazo a la comunidad maya local a trav\u00e9s de los ojos de Luis Marcos, Director Ejecutivo de la Comunidad Maya Pixan Ixim. En esta primera parte, \u00e9l [&hellip;]","og_url":"https:\/\/el-perico.com\/es\/parte-i-la-comunidad-maya-afirma-su-auto-identidad-indigena-como-pueblo\/","og_site_name":"el perico","article_publisher":"https:\/\/www.facebook.com\/elpericoomaha","article_published_time":"2019-09-04T16:17:17+00:00","author":"El Perico Staff","twitter_card":"summary_large_image","twitter_misc":{"Escrito por":"El Perico Staff","Tiempo de lectura":"12 minutos","Written by":"El Perico Staff"},"schema":{"@context":"https:\/\/schema.org","@graph":[{"@type":"Article","@id":"https:\/\/el-perico.com\/es\/parte-i-la-comunidad-maya-afirma-su-auto-identidad-indigena-como-pueblo\/#article","isPartOf":{"@id":"https:\/\/el-perico.com\/es\/parte-i-la-comunidad-maya-afirma-su-auto-identidad-indigena-como-pueblo\/"},"author":{"name":"El Perico Staff","@id":"https:\/\/el-perico.com\/es\/#\/schema\/person\/1956e5e63b94d4bd0daf30675bdf4a93"},"headline":"Parte I: La comunidad maya afirma su auto-identidad ind\u00edgena como pueblo","datePublished":"2019-09-04T16:17:17+00:00","mainEntityOfPage":{"@id":"https:\/\/el-perico.com\/es\/parte-i-la-comunidad-maya-afirma-su-auto-identidad-indigena-como-pueblo\/"},"wordCount":2330,"commentCount":0,"publisher":{"@id":"https:\/\/el-perico.com\/es\/#organization"},"image":{"@id":"https:\/\/el-perico.com\/es\/parte-i-la-comunidad-maya-afirma-su-auto-identidad-indigena-como-pueblo\/#primaryimage"},"thumbnailUrl":"","articleSection":["Comunidad","Cultura","La Vida Americana"],"inLanguage":"es","potentialAction":[{"@type":"CommentAction","name":"Comment","target":["https:\/\/el-perico.com\/es\/parte-i-la-comunidad-maya-afirma-su-auto-identidad-indigena-como-pueblo\/#respond"]}]},{"@type":"WebPage","@id":"https:\/\/el-perico.com\/es\/parte-i-la-comunidad-maya-afirma-su-auto-identidad-indigena-como-pueblo\/","url":"https:\/\/el-perico.com\/es\/parte-i-la-comunidad-maya-afirma-su-auto-identidad-indigena-como-pueblo\/","name":"Parte I: La comunidad maya afirma su auto-identidad ind\u00edgena como pueblo - el perico","isPartOf":{"@id":"https:\/\/el-perico.com\/es\/#website"},"primaryImageOfPage":{"@id":"https:\/\/el-perico.com\/es\/parte-i-la-comunidad-maya-afirma-su-auto-identidad-indigena-como-pueblo\/#primaryimage"},"image":{"@id":"https:\/\/el-perico.com\/es\/parte-i-la-comunidad-maya-afirma-su-auto-identidad-indigena-como-pueblo\/#primaryimage"},"thumbnailUrl":"","datePublished":"2019-09-04T16:17:17+00:00","breadcrumb":{"@id":"https:\/\/el-perico.com\/es\/parte-i-la-comunidad-maya-afirma-su-auto-identidad-indigena-como-pueblo\/#breadcrumb"},"inLanguage":"es","potentialAction":[{"@type":"ReadAction","target":["https:\/\/el-perico.com\/es\/parte-i-la-comunidad-maya-afirma-su-auto-identidad-indigena-como-pueblo\/"]}]},{"@type":"ImageObject","inLanguage":"es","@id":"https:\/\/el-perico.com\/es\/parte-i-la-comunidad-maya-afirma-su-auto-identidad-indigena-como-pueblo\/#primaryimage","url":"","contentUrl":""},{"@type":"BreadcrumbList","@id":"https:\/\/el-perico.com\/es\/parte-i-la-comunidad-maya-afirma-su-auto-identidad-indigena-como-pueblo\/#breadcrumb","itemListElement":[{"@type":"ListItem","position":1,"name":"Home","item":"https:\/\/el-perico.com\/es\/"},{"@type":"ListItem","position":2,"name":"Parte I: La comunidad maya afirma su auto-identidad ind\u00edgena como pueblo"}]},{"@type":"WebSite","@id":"https:\/\/el-perico.com\/es\/#website","url":"https:\/\/el-perico.com\/es\/","name":"el perico","description":"La plataforma original de noticias e informaci\u00f3n para la comunidad hispana de Omaha","publisher":{"@id":"https:\/\/el-perico.com\/es\/#organization"},"potentialAction":[{"@type":"SearchAction","target":{"@type":"EntryPoint","urlTemplate":"https:\/\/el-perico.com\/es\/?s={search_term_string}"},"query-input":{"@type":"PropertyValueSpecification","valueRequired":true,"valueName":"search_term_string"}}],"inLanguage":"es"},{"@type":"Organization","@id":"https:\/\/el-perico.com\/es\/#organization","name":"el perico","url":"https:\/\/el-perico.com\/es\/","logo":{"@type":"ImageObject","inLanguage":"es","@id":"https:\/\/el-perico.com\/es\/#\/schema\/logo\/image\/","url":"https:\/\/el-perico.com\/wp-content\/uploads\/2024\/05\/ElPerico-Logo_NPM-1-e1717102187440.png","contentUrl":"https:\/\/el-perico.com\/wp-content\/uploads\/2024\/05\/ElPerico-Logo_NPM-1-e1717102187440.png","width":648,"height":216,"caption":"el perico"},"image":{"@id":"https:\/\/el-perico.com\/es\/#\/schema\/logo\/image\/"},"sameAs":["https:\/\/www.facebook.com\/elpericoomaha"]},{"@type":"Person","@id":"https:\/\/el-perico.com\/es\/#\/schema\/person\/1956e5e63b94d4bd0daf30675bdf4a93","name":"El Perico Staff","image":{"@type":"ImageObject","inLanguage":"es","@id":"https:\/\/secure.gravatar.com\/avatar\/701b23c665bfde9fd4d874d31feb4c16bf2ac173b2b0b7224dc39896d4cfc381?s=96&d=mm&r=g80b2efc5844e688a6ffb9340c789e4c4","url":"https:\/\/secure.gravatar.com\/avatar\/701b23c665bfde9fd4d874d31feb4c16bf2ac173b2b0b7224dc39896d4cfc381?s=96&d=mm&r=g","contentUrl":"https:\/\/secure.gravatar.com\/avatar\/701b23c665bfde9fd4d874d31feb4c16bf2ac173b2b0b7224dc39896d4cfc381?s=96&d=mm&r=g","caption":"El Perico Staff"},"sameAs":["https:\/\/el-perico.com"],"url":"https:\/\/el-perico.com\/es\/author\/af6f1d62_admin\/"}]}},"_links":{"self":[{"href":"https:\/\/el-perico.com\/es\/wp-json\/wp\/v2\/posts\/2686","targetHints":{"allow":["GET"]}}],"collection":[{"href":"https:\/\/el-perico.com\/es\/wp-json\/wp\/v2\/posts"}],"about":[{"href":"https:\/\/el-perico.com\/es\/wp-json\/wp\/v2\/types\/post"}],"author":[{"embeddable":true,"href":"https:\/\/el-perico.com\/es\/wp-json\/wp\/v2\/users\/1"}],"replies":[{"embeddable":true,"href":"https:\/\/el-perico.com\/es\/wp-json\/wp\/v2\/comments?post=2686"}],"version-history":[{"count":0,"href":"https:\/\/el-perico.com\/es\/wp-json\/wp\/v2\/posts\/2686\/revisions"}],"wp:featuredmedia":[{"embeddable":true,"href":"https:\/\/el-perico.com\/es\/wp-json\/"}],"wp:attachment":[{"href":"https:\/\/el-perico.com\/es\/wp-json\/wp\/v2\/media?parent=2686"}],"wp:term":[{"taxonomy":"category","embeddable":true,"href":"https:\/\/el-perico.com\/es\/wp-json\/wp\/v2\/categories?post=2686"},{"taxonomy":"post_tag","embeddable":true,"href":"https:\/\/el-perico.com\/es\/wp-json\/wp\/v2\/tags?post=2686"},{"taxonomy":"newspack_spnsrs_tax","embeddable":true,"href":"https:\/\/el-perico.com\/es\/wp-json\/wp\/v2\/newspack_spnsrs_tax?post=2686"},{"taxonomy":"author","embeddable":true,"href":"https:\/\/el-perico.com\/es\/wp-json\/wp\/v2\/coauthors?post=2686"}],"curies":[{"name":"wp","href":"https:\/\/api.w.org\/{rel}","templated":true}]}}