{"id":2664,"date":"2018-11-15T22:38:38","date_gmt":"2018-11-15T22:38:38","guid":{"rendered":"https:\/\/el-perico.com\/?p=2664"},"modified":"2018-11-15T22:38:38","modified_gmt":"2018-11-15T22:38:38","slug":"arriba-y-adelante-es-el-tema-de-la-vida-de-garcia-y-su-trabajo-con-los-jovenes","status":"publish","type":"post","link":"https:\/\/el-perico.com\/es\/arriba-y-adelante-es-el-tema-de-la-vida-de-garcia-y-su-trabajo-con-los-jovenes\/","title":{"rendered":"Arriba y adelante es el tema de la vida de Garc\u00eda y su trabajo con los  j\u00f3venes"},"content":{"rendered":"<p><img loading=\"lazy\" decoding=\"async\" class=\"alignnone  wp-image-2665\" src=\"https:\/\/el-perico.com\/wp-content\/uploads\/2019\/08\/Main-Photo-Cover-300x200.jpg\" alt=\"\" width=\"404\" height=\"269\" \/><br \/>\nComo la primera en su familia de inmigrantes en lograr graduarse de la<br \/>\npreparatoria y la universidad, Yarina Garc\u00eda, de 29 a\u00f1os de edad, sinti\u00f3 el<br \/>\norgullo de sus padres mientras ella avanzaba en sus estudios.<br \/>\n\u00abMi padre siempre dijo: \u2018Tu trabajo es ir a la escuela y dar tu mejor esfuerzo\u2019.<br \/>\nYo recuerdo que todos los d\u00edas me repet\u00eda: \u2018Tienes que aprender ingl\u00e9s. Esa<br \/>\nes la \u00fanica forma en que podr\u00e1s hacer algo por ti en este pa\u00eds\u2019. Yo hice caso<br \/>\na ese mensaje\u201d, dijo Garc\u00eda, quien, junto con sus dos hermanas menores,<br \/>\nnaci\u00f3 en M\u00e9xico.<br \/>\n\u00abUna vez que todos aprendimos ingl\u00e9s mi pap\u00e1 dijo: \u2018Tienen que graduarse<br \/>\nde la preparatoria\u2019. \u00c9l nunca mencion\u00f3 la universidad, pero yo me propuse<br \/>\nllegar lo m\u00e1s lejos posible. Durante mi \u00faltimo a\u00f1o de preparatoria escuch\u00e9 a<br \/>\nalgunos compa\u00f1eros hablar de ir a la universidad, as\u00ed que me propuse<br \/>\nhacerlo\u201d.<br \/>\nLa graduada de Omaha South High y la Universidad de Nebraska En Omaha<br \/>\nse ha convertido en la pionera de la familia. Ella actualmente est\u00e1 trabajando<br \/>\nen obtener su grado de Maestr\u00eda. Despu\u00e9s de trabajar en medios y<br \/>\ncomunicaci\u00f3n, ella actualmente es Directora Asistente de Admisiones a<br \/>\nLicenciaturas en UNO. Garc\u00eda, quien es biling\u00fce, ayuda a muchos<br \/>\nestudiantes de primera generaci\u00f3n y a sus padres a sortear el laberinto de la<br \/>\neducaci\u00f3n superior.<br \/>\n\u00abMe encanta ayudar a los estudiantes que todav\u00eda est\u00e1n aprendiendo el<br \/>\nidioma ingl\u00e9s y que est\u00e1n luchando, perdidos en el sistema pues acaban de<br \/>\nllegar o no comprenden qu\u00e9 sigue o c\u00f3mo pueden seguir adelante hacia sus<br \/>\nmetas acad\u00e9micas\u201d.<br \/>\nLa informaci\u00f3n es poder, as\u00ed que ella da a los posibles estudiantes t a sus<br \/>\nfamilias lo que necesitan para tomar decisiones informadas sobre sus<br \/>\nopciones y oportunidades.<br \/>\n\u00abYo me encuentro en el rol de una educadora m\u00e1s que en alguno otro. El<br \/>\nproceso de solicitud para la universidad puede ser enga\u00f1oso y tedioso a\u00fan<br \/>\npara nuestros estudiantes nacidos en los EE.UU. o para los estudiantes que<br \/>\nllevan muchos a\u00f1os aqu\u00ed\u201d.<br \/>\nEsto se vuelve a\u00fan m\u00e1s abrumador cuando se presentan solicitudes para<br \/>\nvarias universidades.<br \/>\n\u00abEs complicado. Muchos de nuestros padres latinos no comprenden c\u00f3mo<br \/>\nfunciona. Mi trabajo es ayudar a padres y estudiantes a comprender lo que<br \/>\nofrece UNO y llevarles de la mano por el proceso. Es importante que ellos me<br \/>\nvean como una persona en quien pueden confiar y con quien pueden hablar.<br \/>\nLas conversaciones definitivamente son muy personales. Si yo s\u00e9<br \/>\nexactamente cu\u00e1l es su situaci\u00f3n, eso hace que me sea m\u00e1s f\u00e1cil encontrar<br \/>\nlos recursos necesarios. Algunos padres son indocumentados y ellos<br \/>\nnecesitan saber que su hijo o hija puede calificar para ayuda financiera o<br \/>\nbecas. Mi meta es asegurarme de que no existan barreras para los<br \/>\nestudiantes que buscan presentar su solicitud en UNO. Yo quiero ayudar a<br \/>\nser el puente entre ellos y la escuela para que puedan cumplir sus sue\u00f1os\u201d.<br \/>\nAunque no est\u00e1 dentro de lo que ella debe hacer en su empleo, ella dice que<br \/>\nse siente comprometida por su labor a \u00abayudar a que los estudiantes no solo<br \/>\nlleguen aqu\u00ed sino que terminen sus estudios y salgan con un diploma\u00bb.<br \/>\n\u00abEs muy importante para m\u00ed en lo personal saber que lo que hago es, de<br \/>\nalguna forma, importante para alguien. Ver esos resultado me hace sentirme<br \/>\nrealizada\u00bb.<br \/>\nElla trabaja de cerca con Omaha South, su alma mater, as\u00ed como con Bryan<br \/>\nHigh School.<br \/>\n\u00abLos estudiantes de Omaha South son una gran parte de mi coraz\u00f3n\u201d.<br \/>\nElla se siente contenta porque sus dos hermanos menores est\u00e1n siguiendo<br \/>\nsus pasos. El mayor de ellos ya es estudiante de segundo a\u00f1o en UNO,<br \/>\nmientras que el m\u00e1s joven tambi\u00e9n est\u00e1 pensando en la universidad.<br \/>\nDejar un legado es importante para Garc\u00eda, quien ha trabajado arduamente<br \/>\npara cumplir con las metas de su familia en los Estados Unidos de<br \/>\nNorteam\u00e9rica.<br \/>\n\u00abEl a\u00f1o pasado logr\u00e9 convertirme en residente legal permanente a trav\u00e9s de<br \/>\nmi esposo (Roger Garc\u00eda). Mi hermana de en medio tambi\u00e9n est\u00e1 en el<br \/>\nmismo proceso. Mi hermana menor es beneficiaria de la DACA\u201d.<br \/>\nSus hermanos nacieron en Nebraska y son ciudadanos estadounidenses.<br \/>\nIr\u00f3nicamente, ellos pueden viajar libremente a M\u00e9xico mientras que Garc\u00eda,<br \/>\nsus hermanas y sus padres no pueden regresar a su pa\u00eds natal.<br \/>\nEl estado legal permanente de Garc\u00eda significa que ella puede viajar sin<br \/>\nrestricciones: \u201cMe muero por ir a M\u00e9xico. Yo estaba muy emocionada por<br \/>\npoder visitar este a\u00f1o pues ya son 20 a\u00f1os desde que me fui\u201d. Pero como<br \/>\nest\u00e1 esperando el nacimiento de su segundo peque\u00f1o en enero, ella deber\u00e1<br \/>\nesperar.<br \/>\nSu propia experiencia como inmigrante le ha convertido en defensora de los<br \/>\nDreamers y los beneficiarios de la DACA. Ella ha hablado con oficiales<br \/>\nelectos para ayudarles a \u201ccomprender nuestra historia y escuchar nuestras<br \/>\nvoces\u201d.<br \/>\n\u201cCuando eres un Dreamer, siempre eres un Dreamer\u201d, nos dijo. \u201cEs, m\u00e1s que<br \/>\nnada, una experiencia\u201d.<br \/>\nUna pasant\u00eda en el 2014 con NBCUniversal Telemundo en Washington D.C.<br \/>\nle signific\u00f3 trabajar en temas de inmigraci\u00f3n.<br \/>\n\u00abTodos los d\u00edas era periodismo en esteroides\u201d.<br \/>\nElla regres\u00f3 para ser parte del equipo inaugural de radio en Omaha Noticias<br \/>\n(Lobo 97.7 FM). Ella disfrut\u00f3 del trabajo, pero se sinti\u00f3 desgastada por los<br \/>\nlargos horarios de trabajo y la poca paga.<br \/>\nElla intent\u00f3 trabajar por su cuenta de forma independiente pero eso era poco<br \/>\nestable. Entonces encontr\u00f3 su hogar profesional en UNO, comenzando en el<br \/>\ndepartamento de comunicaciones. Su trabajo le llev\u00f3 a trabajar con el equipo<br \/>\nde admisiones en licenciatura, por lo que cuando hubo un puesto vacante ella<br \/>\nfue alentada a presentar su solicitud. Ella fue contratada ah\u00ed y recientemente<br \/>\nha recibido un ascenso.<br \/>\n\u00abMe encanta la comunicaci\u00f3n y gran parte de mi trabajo es crear documentos<br \/>\nbiling\u00fces de divulgaci\u00f3n. Definitivamente me apasiona. Estoy realizando una<br \/>\nMaestr\u00eda en Medios Audiovisuales en la Universidad Nebraska-Lincoln.\u00bb<br \/>\nElla y su esposo Roger Garc\u00eda, Director Ejecutivo del Centro Latino en<br \/>\nCouncil Bluffs, tienen su propio negocio, Garcia Consulting Group. La pareja<br \/>\naplica su experiencia en comunicaciones y administraci\u00f3n, junto con una<br \/>\npasi\u00f3n por la defensa de la comunidad, para organizaciones sin fines de lucro<br \/>\ny empresarios latinos.<br \/>\n\u00abNosotros apreciamos una necesidad para un grupo de comunicaciones<br \/>\nbiling\u00fce o en espa\u00f1ol enfocado en los latinos. Los dos quer\u00edamos usar<br \/>\nnuestros talentos y conocimiento para beneficiar a la comunidad\u201d.<br \/>\nLea m\u00e1s del trabajo de Leo Adam Biga en leoadambiga.com.<\/p>\n","protected":false},"excerpt":{"rendered":"<p>Como la primera en su familia de inmigrantes en lograr graduarse de la preparatoria y la universidad, Yarina Garc\u00eda, de 29 a\u00f1os de edad, sinti\u00f3 el orgullo de sus padres mientras ella avanzaba en sus estudios. \u00abMi padre siempre dijo: \u2018Tu trabajo es ir a la escuela y dar tu mejor esfuerzo\u2019. Yo recuerdo que [&hellip;]<\/p>\n","protected":false},"author":1,"featured_media":0,"comment_status":"open","ping_status":"closed","sticky":false,"template":"","format":"standard","meta":{"newspack_ads_suppress_ads":false,"_newspack_byline_active":false,"_newspack_byline":"","newspack_hide_updated_date":false,"newspack_show_updated_date":false,"newspack_content_restriction_is_exempt":false,"newspack_featured_image_position":"","newspack_post_subtitle":"","newspack_article_summary_title":"Overview:","newspack_article_summary":"","footnotes":""},"categories":[1],"tags":[],"newspack_spnsrs_tax":[],"coauthors":[],"class_list":["post-2664","post","type-post","status-publish","format-standard","hentry","category-uncategorized","entry"],"yoast_head":"<!-- This site is optimized with the Yoast SEO plugin v27.4 - https:\/\/yoast.com\/product\/yoast-seo-wordpress\/ -->\n<title>Arriba y adelante es el tema de la vida de Garc\u00eda y su trabajo con los j\u00f3venes - el perico<\/title>\n<meta name=\"robots\" content=\"index, follow, max-snippet:-1, max-image-preview:large, max-video-preview:-1\" \/>\n<link rel=\"canonical\" href=\"https:\/\/el-perico.com\/es\/arriba-y-adelante-es-el-tema-de-la-vida-de-garcia-y-su-trabajo-con-los-jovenes\/\" \/>\n<meta property=\"og:locale\" content=\"es_ES\" \/>\n<meta property=\"og:type\" content=\"article\" \/>\n<meta property=\"og:title\" content=\"Arriba y adelante es el tema de la vida de Garc\u00eda y su trabajo con los j\u00f3venes - el perico\" \/>\n<meta property=\"og:description\" content=\"Como la primera en su familia de inmigrantes en lograr graduarse de la preparatoria y la universidad, Yarina Garc\u00eda, de 29 a\u00f1os de edad, sinti\u00f3 el orgullo de sus padres mientras ella avanzaba en sus estudios. \u00abMi padre siempre dijo: \u2018Tu trabajo es ir a la escuela y dar tu mejor esfuerzo\u2019. Yo recuerdo que [&hellip;]\" \/>\n<meta property=\"og:url\" content=\"https:\/\/el-perico.com\/es\/arriba-y-adelante-es-el-tema-de-la-vida-de-garcia-y-su-trabajo-con-los-jovenes\/\" \/>\n<meta property=\"og:site_name\" content=\"el perico\" \/>\n<meta property=\"article:publisher\" content=\"https:\/\/www.facebook.com\/elpericoomaha\" \/>\n<meta property=\"article:published_time\" content=\"2018-11-15T22:38:38+00:00\" \/>\n<meta property=\"og:image\" content=\"https:\/\/el-perico.com\/wp-content\/uploads\/2019\/08\/Main-Photo-Cover-300x200.jpg\" \/>\n<meta name=\"author\" content=\"El Perico Staff\" \/>\n<meta name=\"twitter:card\" content=\"summary_large_image\" \/>\n<meta name=\"twitter:label1\" content=\"Escrito por\" \/>\n\t<meta name=\"twitter:data1\" content=\"El Perico Staff\" \/>\n\t<meta name=\"twitter:label2\" content=\"Tiempo de lectura\" \/>\n\t<meta name=\"twitter:data2\" content=\"6 minutos\" \/>\n\t<meta name=\"twitter:label3\" content=\"Written by\" \/>\n\t<meta name=\"twitter:data3\" content=\"El Perico Staff\" \/>\n<script type=\"application\/ld+json\" class=\"yoast-schema-graph\">{\"@context\":\"https:\\\/\\\/schema.org\",\"@graph\":[{\"@type\":\"Article\",\"@id\":\"https:\\\/\\\/el-perico.com\\\/es\\\/arriba-y-adelante-es-el-tema-de-la-vida-de-garcia-y-su-trabajo-con-los-jovenes\\\/#article\",\"isPartOf\":{\"@id\":\"https:\\\/\\\/el-perico.com\\\/es\\\/arriba-y-adelante-es-el-tema-de-la-vida-de-garcia-y-su-trabajo-con-los-jovenes\\\/\"},\"author\":{\"name\":\"El Perico Staff\",\"@id\":\"https:\\\/\\\/el-perico.com\\\/es\\\/#\\\/schema\\\/person\\\/1956e5e63b94d4bd0daf30675bdf4a93\"},\"headline\":\"Arriba y adelante es el tema de la vida de Garc\u00eda y su trabajo con los j\u00f3venes\",\"datePublished\":\"2018-11-15T22:38:38+00:00\",\"mainEntityOfPage\":{\"@id\":\"https:\\\/\\\/el-perico.com\\\/es\\\/arriba-y-adelante-es-el-tema-de-la-vida-de-garcia-y-su-trabajo-con-los-jovenes\\\/\"},\"wordCount\":1138,\"commentCount\":0,\"publisher\":{\"@id\":\"https:\\\/\\\/el-perico.com\\\/es\\\/#organization\"},\"image\":{\"@id\":\"https:\\\/\\\/el-perico.com\\\/es\\\/arriba-y-adelante-es-el-tema-de-la-vida-de-garcia-y-su-trabajo-con-los-jovenes\\\/#primaryimage\"},\"thumbnailUrl\":\"https:\\\/\\\/el-perico.com\\\/wp-content\\\/uploads\\\/2019\\\/08\\\/Main-Photo-Cover-300x200.jpg\",\"articleSection\":[\"Uncategorized\"],\"inLanguage\":\"es\",\"potentialAction\":[{\"@type\":\"CommentAction\",\"name\":\"Comment\",\"target\":[\"https:\\\/\\\/el-perico.com\\\/es\\\/arriba-y-adelante-es-el-tema-de-la-vida-de-garcia-y-su-trabajo-con-los-jovenes\\\/#respond\"]}]},{\"@type\":\"WebPage\",\"@id\":\"https:\\\/\\\/el-perico.com\\\/es\\\/arriba-y-adelante-es-el-tema-de-la-vida-de-garcia-y-su-trabajo-con-los-jovenes\\\/\",\"url\":\"https:\\\/\\\/el-perico.com\\\/es\\\/arriba-y-adelante-es-el-tema-de-la-vida-de-garcia-y-su-trabajo-con-los-jovenes\\\/\",\"name\":\"Arriba y adelante es el tema de la vida de Garc\u00eda y su trabajo con los j\u00f3venes - el perico\",\"isPartOf\":{\"@id\":\"https:\\\/\\\/el-perico.com\\\/es\\\/#website\"},\"primaryImageOfPage\":{\"@id\":\"https:\\\/\\\/el-perico.com\\\/es\\\/arriba-y-adelante-es-el-tema-de-la-vida-de-garcia-y-su-trabajo-con-los-jovenes\\\/#primaryimage\"},\"image\":{\"@id\":\"https:\\\/\\\/el-perico.com\\\/es\\\/arriba-y-adelante-es-el-tema-de-la-vida-de-garcia-y-su-trabajo-con-los-jovenes\\\/#primaryimage\"},\"thumbnailUrl\":\"https:\\\/\\\/el-perico.com\\\/wp-content\\\/uploads\\\/2019\\\/08\\\/Main-Photo-Cover-300x200.jpg\",\"datePublished\":\"2018-11-15T22:38:38+00:00\",\"breadcrumb\":{\"@id\":\"https:\\\/\\\/el-perico.com\\\/es\\\/arriba-y-adelante-es-el-tema-de-la-vida-de-garcia-y-su-trabajo-con-los-jovenes\\\/#breadcrumb\"},\"inLanguage\":\"es\",\"potentialAction\":[{\"@type\":\"ReadAction\",\"target\":[\"https:\\\/\\\/el-perico.com\\\/es\\\/arriba-y-adelante-es-el-tema-de-la-vida-de-garcia-y-su-trabajo-con-los-jovenes\\\/\"]}]},{\"@type\":\"ImageObject\",\"inLanguage\":\"es\",\"@id\":\"https:\\\/\\\/el-perico.com\\\/es\\\/arriba-y-adelante-es-el-tema-de-la-vida-de-garcia-y-su-trabajo-con-los-jovenes\\\/#primaryimage\",\"url\":\"https:\\\/\\\/el-perico.com\\\/wp-content\\\/uploads\\\/2019\\\/08\\\/Main-Photo-Cover-300x200.jpg\",\"contentUrl\":\"https:\\\/\\\/el-perico.com\\\/wp-content\\\/uploads\\\/2019\\\/08\\\/Main-Photo-Cover-300x200.jpg\"},{\"@type\":\"BreadcrumbList\",\"@id\":\"https:\\\/\\\/el-perico.com\\\/es\\\/arriba-y-adelante-es-el-tema-de-la-vida-de-garcia-y-su-trabajo-con-los-jovenes\\\/#breadcrumb\",\"itemListElement\":[{\"@type\":\"ListItem\",\"position\":1,\"name\":\"Home\",\"item\":\"https:\\\/\\\/el-perico.com\\\/es\\\/\"},{\"@type\":\"ListItem\",\"position\":2,\"name\":\"Arriba y adelante es el tema de la vida de Garc\u00eda y su trabajo con los j\u00f3venes\"}]},{\"@type\":\"WebSite\",\"@id\":\"https:\\\/\\\/el-perico.com\\\/es\\\/#website\",\"url\":\"https:\\\/\\\/el-perico.com\\\/es\\\/\",\"name\":\"el perico\",\"description\":\"La plataforma original de noticias e informaci\u00f3n para la comunidad hispana de Omaha\",\"publisher\":{\"@id\":\"https:\\\/\\\/el-perico.com\\\/es\\\/#organization\"},\"potentialAction\":[{\"@type\":\"SearchAction\",\"target\":{\"@type\":\"EntryPoint\",\"urlTemplate\":\"https:\\\/\\\/el-perico.com\\\/es\\\/?s={search_term_string}\"},\"query-input\":{\"@type\":\"PropertyValueSpecification\",\"valueRequired\":true,\"valueName\":\"search_term_string\"}}],\"inLanguage\":\"es\"},{\"@type\":\"Organization\",\"@id\":\"https:\\\/\\\/el-perico.com\\\/es\\\/#organization\",\"name\":\"el perico\",\"url\":\"https:\\\/\\\/el-perico.com\\\/es\\\/\",\"logo\":{\"@type\":\"ImageObject\",\"inLanguage\":\"es\",\"@id\":\"https:\\\/\\\/el-perico.com\\\/es\\\/#\\\/schema\\\/logo\\\/image\\\/\",\"url\":\"https:\\\/\\\/el-perico.com\\\/wp-content\\\/uploads\\\/2024\\\/05\\\/ElPerico-Logo_NPM-1-e1717102187440.png\",\"contentUrl\":\"https:\\\/\\\/el-perico.com\\\/wp-content\\\/uploads\\\/2024\\\/05\\\/ElPerico-Logo_NPM-1-e1717102187440.png\",\"width\":648,\"height\":216,\"caption\":\"el perico\"},\"image\":{\"@id\":\"https:\\\/\\\/el-perico.com\\\/es\\\/#\\\/schema\\\/logo\\\/image\\\/\"},\"sameAs\":[\"https:\\\/\\\/www.facebook.com\\\/elpericoomaha\"]},{\"@type\":\"Person\",\"@id\":\"https:\\\/\\\/el-perico.com\\\/es\\\/#\\\/schema\\\/person\\\/1956e5e63b94d4bd0daf30675bdf4a93\",\"name\":\"El Perico Staff\",\"image\":{\"@type\":\"ImageObject\",\"inLanguage\":\"es\",\"@id\":\"https:\\\/\\\/secure.gravatar.com\\\/avatar\\\/701b23c665bfde9fd4d874d31feb4c16bf2ac173b2b0b7224dc39896d4cfc381?s=96&d=mm&r=g80b2efc5844e688a6ffb9340c789e4c4\",\"url\":\"https:\\\/\\\/secure.gravatar.com\\\/avatar\\\/701b23c665bfde9fd4d874d31feb4c16bf2ac173b2b0b7224dc39896d4cfc381?s=96&d=mm&r=g\",\"contentUrl\":\"https:\\\/\\\/secure.gravatar.com\\\/avatar\\\/701b23c665bfde9fd4d874d31feb4c16bf2ac173b2b0b7224dc39896d4cfc381?s=96&d=mm&r=g\",\"caption\":\"El Perico Staff\"},\"sameAs\":[\"https:\\\/\\\/el-perico.com\"],\"url\":\"https:\\\/\\\/el-perico.com\\\/es\\\/author\\\/af6f1d62_admin\\\/\"}]}<\/script>\n<!-- \/ Yoast SEO plugin. -->","yoast_head_json":{"title":"Arriba y adelante es el tema de la vida de Garc\u00eda y su trabajo con los j\u00f3venes - el perico","robots":{"index":"index","follow":"follow","max-snippet":"max-snippet:-1","max-image-preview":"max-image-preview:large","max-video-preview":"max-video-preview:-1"},"canonical":"https:\/\/el-perico.com\/es\/arriba-y-adelante-es-el-tema-de-la-vida-de-garcia-y-su-trabajo-con-los-jovenes\/","og_locale":"es_ES","og_type":"article","og_title":"Arriba y adelante es el tema de la vida de Garc\u00eda y su trabajo con los j\u00f3venes - el perico","og_description":"Como la primera en su familia de inmigrantes en lograr graduarse de la preparatoria y la universidad, Yarina Garc\u00eda, de 29 a\u00f1os de edad, sinti\u00f3 el orgullo de sus padres mientras ella avanzaba en sus estudios. \u00abMi padre siempre dijo: \u2018Tu trabajo es ir a la escuela y dar tu mejor esfuerzo\u2019. Yo recuerdo que [&hellip;]","og_url":"https:\/\/el-perico.com\/es\/arriba-y-adelante-es-el-tema-de-la-vida-de-garcia-y-su-trabajo-con-los-jovenes\/","og_site_name":"el perico","article_publisher":"https:\/\/www.facebook.com\/elpericoomaha","article_published_time":"2018-11-15T22:38:38+00:00","og_image":[{"url":"https:\/\/el-perico.com\/wp-content\/uploads\/2019\/08\/Main-Photo-Cover-300x200.jpg","type":"","width":"","height":""}],"author":"El Perico Staff","twitter_card":"summary_large_image","twitter_misc":{"Escrito por":"El Perico Staff","Tiempo de lectura":"6 minutos","Written by":"El Perico Staff"},"schema":{"@context":"https:\/\/schema.org","@graph":[{"@type":"Article","@id":"https:\/\/el-perico.com\/es\/arriba-y-adelante-es-el-tema-de-la-vida-de-garcia-y-su-trabajo-con-los-jovenes\/#article","isPartOf":{"@id":"https:\/\/el-perico.com\/es\/arriba-y-adelante-es-el-tema-de-la-vida-de-garcia-y-su-trabajo-con-los-jovenes\/"},"author":{"name":"El Perico Staff","@id":"https:\/\/el-perico.com\/es\/#\/schema\/person\/1956e5e63b94d4bd0daf30675bdf4a93"},"headline":"Arriba y adelante es el tema de la vida de Garc\u00eda y su trabajo con los j\u00f3venes","datePublished":"2018-11-15T22:38:38+00:00","mainEntityOfPage":{"@id":"https:\/\/el-perico.com\/es\/arriba-y-adelante-es-el-tema-de-la-vida-de-garcia-y-su-trabajo-con-los-jovenes\/"},"wordCount":1138,"commentCount":0,"publisher":{"@id":"https:\/\/el-perico.com\/es\/#organization"},"image":{"@id":"https:\/\/el-perico.com\/es\/arriba-y-adelante-es-el-tema-de-la-vida-de-garcia-y-su-trabajo-con-los-jovenes\/#primaryimage"},"thumbnailUrl":"https:\/\/el-perico.com\/wp-content\/uploads\/2019\/08\/Main-Photo-Cover-300x200.jpg","articleSection":["Uncategorized"],"inLanguage":"es","potentialAction":[{"@type":"CommentAction","name":"Comment","target":["https:\/\/el-perico.com\/es\/arriba-y-adelante-es-el-tema-de-la-vida-de-garcia-y-su-trabajo-con-los-jovenes\/#respond"]}]},{"@type":"WebPage","@id":"https:\/\/el-perico.com\/es\/arriba-y-adelante-es-el-tema-de-la-vida-de-garcia-y-su-trabajo-con-los-jovenes\/","url":"https:\/\/el-perico.com\/es\/arriba-y-adelante-es-el-tema-de-la-vida-de-garcia-y-su-trabajo-con-los-jovenes\/","name":"Arriba y adelante es el tema de la vida de Garc\u00eda y su trabajo con los j\u00f3venes - el perico","isPartOf":{"@id":"https:\/\/el-perico.com\/es\/#website"},"primaryImageOfPage":{"@id":"https:\/\/el-perico.com\/es\/arriba-y-adelante-es-el-tema-de-la-vida-de-garcia-y-su-trabajo-con-los-jovenes\/#primaryimage"},"image":{"@id":"https:\/\/el-perico.com\/es\/arriba-y-adelante-es-el-tema-de-la-vida-de-garcia-y-su-trabajo-con-los-jovenes\/#primaryimage"},"thumbnailUrl":"https:\/\/el-perico.com\/wp-content\/uploads\/2019\/08\/Main-Photo-Cover-300x200.jpg","datePublished":"2018-11-15T22:38:38+00:00","breadcrumb":{"@id":"https:\/\/el-perico.com\/es\/arriba-y-adelante-es-el-tema-de-la-vida-de-garcia-y-su-trabajo-con-los-jovenes\/#breadcrumb"},"inLanguage":"es","potentialAction":[{"@type":"ReadAction","target":["https:\/\/el-perico.com\/es\/arriba-y-adelante-es-el-tema-de-la-vida-de-garcia-y-su-trabajo-con-los-jovenes\/"]}]},{"@type":"ImageObject","inLanguage":"es","@id":"https:\/\/el-perico.com\/es\/arriba-y-adelante-es-el-tema-de-la-vida-de-garcia-y-su-trabajo-con-los-jovenes\/#primaryimage","url":"https:\/\/el-perico.com\/wp-content\/uploads\/2019\/08\/Main-Photo-Cover-300x200.jpg","contentUrl":"https:\/\/el-perico.com\/wp-content\/uploads\/2019\/08\/Main-Photo-Cover-300x200.jpg"},{"@type":"BreadcrumbList","@id":"https:\/\/el-perico.com\/es\/arriba-y-adelante-es-el-tema-de-la-vida-de-garcia-y-su-trabajo-con-los-jovenes\/#breadcrumb","itemListElement":[{"@type":"ListItem","position":1,"name":"Home","item":"https:\/\/el-perico.com\/es\/"},{"@type":"ListItem","position":2,"name":"Arriba y adelante es el tema de la vida de Garc\u00eda y su trabajo con los j\u00f3venes"}]},{"@type":"WebSite","@id":"https:\/\/el-perico.com\/es\/#website","url":"https:\/\/el-perico.com\/es\/","name":"el perico","description":"La plataforma original de noticias e informaci\u00f3n para la comunidad hispana de Omaha","publisher":{"@id":"https:\/\/el-perico.com\/es\/#organization"},"potentialAction":[{"@type":"SearchAction","target":{"@type":"EntryPoint","urlTemplate":"https:\/\/el-perico.com\/es\/?s={search_term_string}"},"query-input":{"@type":"PropertyValueSpecification","valueRequired":true,"valueName":"search_term_string"}}],"inLanguage":"es"},{"@type":"Organization","@id":"https:\/\/el-perico.com\/es\/#organization","name":"el perico","url":"https:\/\/el-perico.com\/es\/","logo":{"@type":"ImageObject","inLanguage":"es","@id":"https:\/\/el-perico.com\/es\/#\/schema\/logo\/image\/","url":"https:\/\/el-perico.com\/wp-content\/uploads\/2024\/05\/ElPerico-Logo_NPM-1-e1717102187440.png","contentUrl":"https:\/\/el-perico.com\/wp-content\/uploads\/2024\/05\/ElPerico-Logo_NPM-1-e1717102187440.png","width":648,"height":216,"caption":"el perico"},"image":{"@id":"https:\/\/el-perico.com\/es\/#\/schema\/logo\/image\/"},"sameAs":["https:\/\/www.facebook.com\/elpericoomaha"]},{"@type":"Person","@id":"https:\/\/el-perico.com\/es\/#\/schema\/person\/1956e5e63b94d4bd0daf30675bdf4a93","name":"El Perico Staff","image":{"@type":"ImageObject","inLanguage":"es","@id":"https:\/\/secure.gravatar.com\/avatar\/701b23c665bfde9fd4d874d31feb4c16bf2ac173b2b0b7224dc39896d4cfc381?s=96&d=mm&r=g80b2efc5844e688a6ffb9340c789e4c4","url":"https:\/\/secure.gravatar.com\/avatar\/701b23c665bfde9fd4d874d31feb4c16bf2ac173b2b0b7224dc39896d4cfc381?s=96&d=mm&r=g","contentUrl":"https:\/\/secure.gravatar.com\/avatar\/701b23c665bfde9fd4d874d31feb4c16bf2ac173b2b0b7224dc39896d4cfc381?s=96&d=mm&r=g","caption":"El Perico Staff"},"sameAs":["https:\/\/el-perico.com"],"url":"https:\/\/el-perico.com\/es\/author\/af6f1d62_admin\/"}]}},"_links":{"self":[{"href":"https:\/\/el-perico.com\/es\/wp-json\/wp\/v2\/posts\/2664","targetHints":{"allow":["GET"]}}],"collection":[{"href":"https:\/\/el-perico.com\/es\/wp-json\/wp\/v2\/posts"}],"about":[{"href":"https:\/\/el-perico.com\/es\/wp-json\/wp\/v2\/types\/post"}],"author":[{"embeddable":true,"href":"https:\/\/el-perico.com\/es\/wp-json\/wp\/v2\/users\/1"}],"replies":[{"embeddable":true,"href":"https:\/\/el-perico.com\/es\/wp-json\/wp\/v2\/comments?post=2664"}],"version-history":[{"count":0,"href":"https:\/\/el-perico.com\/es\/wp-json\/wp\/v2\/posts\/2664\/revisions"}],"wp:attachment":[{"href":"https:\/\/el-perico.com\/es\/wp-json\/wp\/v2\/media?parent=2664"}],"wp:term":[{"taxonomy":"category","embeddable":true,"href":"https:\/\/el-perico.com\/es\/wp-json\/wp\/v2\/categories?post=2664"},{"taxonomy":"post_tag","embeddable":true,"href":"https:\/\/el-perico.com\/es\/wp-json\/wp\/v2\/tags?post=2664"},{"taxonomy":"newspack_spnsrs_tax","embeddable":true,"href":"https:\/\/el-perico.com\/es\/wp-json\/wp\/v2\/newspack_spnsrs_tax?post=2664"},{"taxonomy":"author","embeddable":true,"href":"https:\/\/el-perico.com\/es\/wp-json\/wp\/v2\/coauthors?post=2664"}],"curies":[{"name":"wp","href":"https:\/\/api.w.org\/{rel}","templated":true}]}}