{"id":2611,"date":"2018-11-29T20:49:17","date_gmt":"2018-11-29T20:49:17","guid":{"rendered":"https:\/\/el-perico.com\/?p=2611"},"modified":"2018-11-29T20:49:17","modified_gmt":"2018-11-29T20:49:17","slug":"eventos-6","status":"publish","type":"post","link":"https:\/\/el-perico.com\/es\/eventos-6\/","title":{"rendered":"Eventos"},"content":{"rendered":"<p>30 de noviembre<br \/>\nBart Vargas Exhibition Opening<br \/>\nNebraska Arts Council<br \/>\n1004 Farnam Street, Omaha, NE 68102<br \/>\n5:00 p.m. &#8211; 7:00 p.m.<br \/>\nVisite el Nebraska Arts Council para celebrar la apertura de la exhibici\u00f3n de Bart Vargas en la<br \/>\nGaler\u00eda Fred Simon el 30 de noviembre de 5 a 7 p.m.<br \/>\nLa exhibici\u00f3n presenta trabajos de su Serie de Esculturas de Cer\u00e1mica Amalgamadas de<br \/>\nCultura Pop la cual examina la cultura del siglo 21 y agrega un no muy sutil humor y algo de<br \/>\ntensi\u00f3n. Vargas busca, a trav\u00e9s de su trabajo, explorar las complejidades de la identidad at<br \/>\nmezclar y presentar personajes reconocibles que normalmente no son asociados entre s\u00ed.<br \/>\n1ro de diciembre<br \/>\nWinter Wonderland: Trail of Lights Opening Celebration (Celebraci\u00f3n de inicio)<br \/>\nFontenelle Forest (Bosque Fontenelle)<br \/>\n1111 Bellevue Blvd N, Bellevue, NE 68005<br \/>\n5:30 p.m. &#8211; 7:30 p.m.<br \/>\nVenga a visitarnos en el Bosque Fontenelle mientras celebramos la llegada del invierno.<br \/>\nEstaremos encendiendo uno de nuestros caminos con miles de luces de temporada para que<br \/>\nlos visitantes puedan tener una experiencia asombrosa en esta \u00e9poca del a\u00f1o. Disfrute del<br \/>\nparque por la noche para ver las luces brillando en todo su esplendor. Camine por el paseo en<br \/>\ndonde los ni\u00f1os pueden conocer a Santa en el bosque y crear un recuerdo que perdurar\u00e1.<br \/>\nDisfrute de malvaviscos y cocoa cerca de las fogatas en nuestra plaza, \u00a1y haga que el Bosque<br \/>\nFontenelle sea parte de sus tradiciones de temporada! $5 para miembros del Bosque \/ $15<br \/>\npara quienes no son miembros (incluye impuesto de venta).<br \/>\n13 de diciembre<br \/>\nLas Posadas 2018<br \/>\nEl Museo Latino<br \/>\n4701 S 25th Street, Omaha, NE 68107<br \/>\n6:00 p.m. &#8211; 8:00 p.m.<br \/>\nLas Posadas son una tradici\u00f3n en \u00e9poca de Navidad, llev\u00e1ndose a cabo cada diciembre.<br \/>\nPosada significa alojamiento u hospedaje. La canci\u00f3n tradicional de \u201cpidiendo posada\u201d se<br \/>\nrefiere al alojamiento de Mar\u00eda y Jos\u00e9 quienes pasaron de lugar en lugar pidiendo hospedaje.<br \/>\nLas Posadas hoy en d\u00eda consisten en cantar la tradicional canci\u00f3n de navidad y coloca a un<br \/>\ngrupo de cantantes como los posaderos dentro del hogar mientras que el otro grupo de<br \/>\ncantantes son los peregrinos en el exterior. Los peregrinos cantan pidiendo un lugar donde<br \/>\nquedarse. Los posaderos responden cantando que no hay lugar en la posada. Los peregrinos<br \/>\nvan de casa en casa pidiendo posada hasta que alguien les invita a entrar. Las posadas tienen<br \/>\nsus or\u00edgenes en Espa\u00f1a y ahora son celebradas principalmente en M\u00e9xico, Guatemala y por<br \/>\ntodos los Estados Unidos de Norteam\u00e9rica. Venga a un\u00edrsenos a la celebraci\u00f3n el d\u00eda jueves 13<br \/>\nde diciembre en El Museo Latino de 6 a 8 p-m. Habr\u00e1 actividades para ni\u00f1os, m\u00fasica y<br \/>\nrefrigerios, adem\u00e1s de la oportunidad de participar en una Posada tradicional desde las 6:30<br \/>\np.m. Todo el evento es GRATIS y abierto al p\u00fablico. Para cualquier pregunta o para solicitar<br \/>\ninformaci\u00f3n adicional, entonces por favor contacte a El Museo Latino al (402) 731-1137.<\/p>\n","protected":false},"excerpt":{"rendered":"<p>30 de noviembre Bart Vargas Exhibition Opening Nebraska Arts Council 1004 Farnam Street, Omaha, NE 68102 5:00 p.m. &#8211; 7:00 p.m. Visite el Nebraska Arts Council para celebrar la apertura de la exhibici\u00f3n de Bart Vargas en la Galer\u00eda Fred Simon el 30 de noviembre de 5 a 7 p.m. La exhibici\u00f3n presenta trabajos de [&hellip;]<\/p>\n","protected":false},"author":1,"featured_media":0,"comment_status":"open","ping_status":"closed","sticky":false,"template":"","format":"standard","meta":{"newspack_ads_suppress_ads":false,"_newspack_byline_active":false,"_newspack_byline":"","newspack_hide_updated_date":false,"newspack_show_updated_date":false,"newspack_content_restriction_is_exempt":false,"newspack_featured_image_position":"","newspack_post_subtitle":"","newspack_article_summary_title":"Overview:","newspack_article_summary":"","footnotes":""},"categories":[1226],"tags":[],"newspack_spnsrs_tax":[],"coauthors":[],"class_list":["post-2611","post","type-post","status-publish","format-standard","hentry","category-sin-categorizar","entry"],"yoast_head":"<!-- This site is optimized with the Yoast SEO plugin v27.5 - https:\/\/yoast.com\/product\/yoast-seo-wordpress\/ -->\n<title>Eventos - el perico<\/title>\n<meta name=\"robots\" content=\"index, follow, max-snippet:-1, max-image-preview:large, max-video-preview:-1\" \/>\n<link rel=\"canonical\" href=\"https:\/\/el-perico.com\/es\/eventos-6\/\" \/>\n<meta property=\"og:locale\" content=\"es_ES\" \/>\n<meta property=\"og:type\" content=\"article\" \/>\n<meta property=\"og:title\" content=\"Eventos - el perico\" \/>\n<meta property=\"og:description\" content=\"30 de noviembre Bart Vargas Exhibition Opening Nebraska Arts Council 1004 Farnam Street, Omaha, NE 68102 5:00 p.m. &#8211; 7:00 p.m. Visite el Nebraska Arts Council para celebrar la apertura de la exhibici\u00f3n de Bart Vargas en la Galer\u00eda Fred Simon el 30 de noviembre de 5 a 7 p.m. La exhibici\u00f3n presenta trabajos de [&hellip;]\" \/>\n<meta property=\"og:url\" content=\"https:\/\/el-perico.com\/es\/eventos-6\/\" \/>\n<meta property=\"og:site_name\" content=\"el perico\" \/>\n<meta property=\"article:publisher\" content=\"https:\/\/www.facebook.com\/elpericoomaha\" \/>\n<meta property=\"article:published_time\" content=\"2018-11-29T20:49:17+00:00\" \/>\n<meta name=\"author\" content=\"El Perico Staff\" \/>\n<meta name=\"twitter:card\" content=\"summary_large_image\" \/>\n<meta name=\"twitter:label1\" content=\"Escrito por\" \/>\n\t<meta name=\"twitter:data1\" content=\"El Perico Staff\" \/>\n\t<meta name=\"twitter:label2\" content=\"Tiempo de lectura\" \/>\n\t<meta name=\"twitter:data2\" content=\"2 minutos\" \/>\n\t<meta name=\"twitter:label3\" content=\"Written by\" \/>\n\t<meta name=\"twitter:data3\" content=\"El Perico Staff\" \/>\n<script type=\"application\/ld+json\" class=\"yoast-schema-graph\">{\"@context\":\"https:\\\/\\\/schema.org\",\"@graph\":[{\"@type\":\"Article\",\"@id\":\"https:\\\/\\\/el-perico.com\\\/es\\\/eventos-6\\\/#article\",\"isPartOf\":{\"@id\":\"https:\\\/\\\/el-perico.com\\\/es\\\/eventos-6\\\/\"},\"author\":{\"name\":\"El Perico Staff\",\"@id\":\"https:\\\/\\\/el-perico.com\\\/es\\\/#\\\/schema\\\/person\\\/1956e5e63b94d4bd0daf30675bdf4a93\"},\"headline\":\"Eventos\",\"datePublished\":\"2018-11-29T20:49:17+00:00\",\"mainEntityOfPage\":{\"@id\":\"https:\\\/\\\/el-perico.com\\\/es\\\/eventos-6\\\/\"},\"wordCount\":493,\"commentCount\":0,\"publisher\":{\"@id\":\"https:\\\/\\\/el-perico.com\\\/es\\\/#organization\"},\"articleSection\":[\"Sin categorizar\"],\"inLanguage\":\"es\",\"potentialAction\":[{\"@type\":\"CommentAction\",\"name\":\"Comment\",\"target\":[\"https:\\\/\\\/el-perico.com\\\/es\\\/eventos-6\\\/#respond\"]}]},{\"@type\":\"WebPage\",\"@id\":\"https:\\\/\\\/el-perico.com\\\/es\\\/eventos-6\\\/\",\"url\":\"https:\\\/\\\/el-perico.com\\\/es\\\/eventos-6\\\/\",\"name\":\"Eventos - el perico\",\"isPartOf\":{\"@id\":\"https:\\\/\\\/el-perico.com\\\/es\\\/#website\"},\"datePublished\":\"2018-11-29T20:49:17+00:00\",\"breadcrumb\":{\"@id\":\"https:\\\/\\\/el-perico.com\\\/es\\\/eventos-6\\\/#breadcrumb\"},\"inLanguage\":\"es\",\"potentialAction\":[{\"@type\":\"ReadAction\",\"target\":[\"https:\\\/\\\/el-perico.com\\\/es\\\/eventos-6\\\/\"]}]},{\"@type\":\"BreadcrumbList\",\"@id\":\"https:\\\/\\\/el-perico.com\\\/es\\\/eventos-6\\\/#breadcrumb\",\"itemListElement\":[{\"@type\":\"ListItem\",\"position\":1,\"name\":\"Home\",\"item\":\"https:\\\/\\\/el-perico.com\\\/es\\\/\"},{\"@type\":\"ListItem\",\"position\":2,\"name\":\"Eventos\"}]},{\"@type\":\"WebSite\",\"@id\":\"https:\\\/\\\/el-perico.com\\\/es\\\/#website\",\"url\":\"https:\\\/\\\/el-perico.com\\\/es\\\/\",\"name\":\"el perico\",\"description\":\"La plataforma original de noticias e informaci\u00f3n para la comunidad hispana de Omaha\",\"publisher\":{\"@id\":\"https:\\\/\\\/el-perico.com\\\/es\\\/#organization\"},\"potentialAction\":[{\"@type\":\"SearchAction\",\"target\":{\"@type\":\"EntryPoint\",\"urlTemplate\":\"https:\\\/\\\/el-perico.com\\\/es\\\/?s={search_term_string}\"},\"query-input\":{\"@type\":\"PropertyValueSpecification\",\"valueRequired\":true,\"valueName\":\"search_term_string\"}}],\"inLanguage\":\"es\"},{\"@type\":\"Organization\",\"@id\":\"https:\\\/\\\/el-perico.com\\\/es\\\/#organization\",\"name\":\"el perico\",\"url\":\"https:\\\/\\\/el-perico.com\\\/es\\\/\",\"logo\":{\"@type\":\"ImageObject\",\"inLanguage\":\"es\",\"@id\":\"https:\\\/\\\/el-perico.com\\\/es\\\/#\\\/schema\\\/logo\\\/image\\\/\",\"url\":\"https:\\\/\\\/el-perico.com\\\/wp-content\\\/uploads\\\/2024\\\/05\\\/ElPerico-Logo_NPM-1-e1717102187440.png\",\"contentUrl\":\"https:\\\/\\\/el-perico.com\\\/wp-content\\\/uploads\\\/2024\\\/05\\\/ElPerico-Logo_NPM-1-e1717102187440.png\",\"width\":648,\"height\":216,\"caption\":\"el perico\"},\"image\":{\"@id\":\"https:\\\/\\\/el-perico.com\\\/es\\\/#\\\/schema\\\/logo\\\/image\\\/\"},\"sameAs\":[\"https:\\\/\\\/www.facebook.com\\\/elpericoomaha\"]},{\"@type\":\"Person\",\"@id\":\"https:\\\/\\\/el-perico.com\\\/es\\\/#\\\/schema\\\/person\\\/1956e5e63b94d4bd0daf30675bdf4a93\",\"name\":\"El Perico Staff\",\"image\":{\"@type\":\"ImageObject\",\"inLanguage\":\"es\",\"@id\":\"https:\\\/\\\/secure.gravatar.com\\\/avatar\\\/701b23c665bfde9fd4d874d31feb4c16bf2ac173b2b0b7224dc39896d4cfc381?s=96&d=mm&r=g80b2efc5844e688a6ffb9340c789e4c4\",\"url\":\"https:\\\/\\\/secure.gravatar.com\\\/avatar\\\/701b23c665bfde9fd4d874d31feb4c16bf2ac173b2b0b7224dc39896d4cfc381?s=96&d=mm&r=g\",\"contentUrl\":\"https:\\\/\\\/secure.gravatar.com\\\/avatar\\\/701b23c665bfde9fd4d874d31feb4c16bf2ac173b2b0b7224dc39896d4cfc381?s=96&d=mm&r=g\",\"caption\":\"El Perico Staff\"},\"sameAs\":[\"https:\\\/\\\/el-perico.com\"],\"url\":\"https:\\\/\\\/el-perico.com\\\/es\\\/author\\\/af6f1d62_admin\\\/\"}]}<\/script>\n<!-- \/ Yoast SEO plugin. -->","yoast_head_json":{"title":"Eventos - el perico","robots":{"index":"index","follow":"follow","max-snippet":"max-snippet:-1","max-image-preview":"max-image-preview:large","max-video-preview":"max-video-preview:-1"},"canonical":"https:\/\/el-perico.com\/es\/eventos-6\/","og_locale":"es_ES","og_type":"article","og_title":"Eventos - el perico","og_description":"30 de noviembre Bart Vargas Exhibition Opening Nebraska Arts Council 1004 Farnam Street, Omaha, NE 68102 5:00 p.m. &#8211; 7:00 p.m. Visite el Nebraska Arts Council para celebrar la apertura de la exhibici\u00f3n de Bart Vargas en la Galer\u00eda Fred Simon el 30 de noviembre de 5 a 7 p.m. La exhibici\u00f3n presenta trabajos de [&hellip;]","og_url":"https:\/\/el-perico.com\/es\/eventos-6\/","og_site_name":"el perico","article_publisher":"https:\/\/www.facebook.com\/elpericoomaha","article_published_time":"2018-11-29T20:49:17+00:00","author":"El Perico Staff","twitter_card":"summary_large_image","twitter_misc":{"Escrito por":"El Perico Staff","Tiempo de lectura":"2 minutos","Written by":"El Perico Staff"},"schema":{"@context":"https:\/\/schema.org","@graph":[{"@type":"Article","@id":"https:\/\/el-perico.com\/es\/eventos-6\/#article","isPartOf":{"@id":"https:\/\/el-perico.com\/es\/eventos-6\/"},"author":{"name":"El Perico Staff","@id":"https:\/\/el-perico.com\/es\/#\/schema\/person\/1956e5e63b94d4bd0daf30675bdf4a93"},"headline":"Eventos","datePublished":"2018-11-29T20:49:17+00:00","mainEntityOfPage":{"@id":"https:\/\/el-perico.com\/es\/eventos-6\/"},"wordCount":493,"commentCount":0,"publisher":{"@id":"https:\/\/el-perico.com\/es\/#organization"},"articleSection":["Sin categorizar"],"inLanguage":"es","potentialAction":[{"@type":"CommentAction","name":"Comment","target":["https:\/\/el-perico.com\/es\/eventos-6\/#respond"]}]},{"@type":"WebPage","@id":"https:\/\/el-perico.com\/es\/eventos-6\/","url":"https:\/\/el-perico.com\/es\/eventos-6\/","name":"Eventos - el perico","isPartOf":{"@id":"https:\/\/el-perico.com\/es\/#website"},"datePublished":"2018-11-29T20:49:17+00:00","breadcrumb":{"@id":"https:\/\/el-perico.com\/es\/eventos-6\/#breadcrumb"},"inLanguage":"es","potentialAction":[{"@type":"ReadAction","target":["https:\/\/el-perico.com\/es\/eventos-6\/"]}]},{"@type":"BreadcrumbList","@id":"https:\/\/el-perico.com\/es\/eventos-6\/#breadcrumb","itemListElement":[{"@type":"ListItem","position":1,"name":"Home","item":"https:\/\/el-perico.com\/es\/"},{"@type":"ListItem","position":2,"name":"Eventos"}]},{"@type":"WebSite","@id":"https:\/\/el-perico.com\/es\/#website","url":"https:\/\/el-perico.com\/es\/","name":"el perico","description":"La plataforma original de noticias e informaci\u00f3n para la comunidad hispana de Omaha","publisher":{"@id":"https:\/\/el-perico.com\/es\/#organization"},"potentialAction":[{"@type":"SearchAction","target":{"@type":"EntryPoint","urlTemplate":"https:\/\/el-perico.com\/es\/?s={search_term_string}"},"query-input":{"@type":"PropertyValueSpecification","valueRequired":true,"valueName":"search_term_string"}}],"inLanguage":"es"},{"@type":"Organization","@id":"https:\/\/el-perico.com\/es\/#organization","name":"el perico","url":"https:\/\/el-perico.com\/es\/","logo":{"@type":"ImageObject","inLanguage":"es","@id":"https:\/\/el-perico.com\/es\/#\/schema\/logo\/image\/","url":"https:\/\/el-perico.com\/wp-content\/uploads\/2024\/05\/ElPerico-Logo_NPM-1-e1717102187440.png","contentUrl":"https:\/\/el-perico.com\/wp-content\/uploads\/2024\/05\/ElPerico-Logo_NPM-1-e1717102187440.png","width":648,"height":216,"caption":"el perico"},"image":{"@id":"https:\/\/el-perico.com\/es\/#\/schema\/logo\/image\/"},"sameAs":["https:\/\/www.facebook.com\/elpericoomaha"]},{"@type":"Person","@id":"https:\/\/el-perico.com\/es\/#\/schema\/person\/1956e5e63b94d4bd0daf30675bdf4a93","name":"El Perico Staff","image":{"@type":"ImageObject","inLanguage":"es","@id":"https:\/\/secure.gravatar.com\/avatar\/701b23c665bfde9fd4d874d31feb4c16bf2ac173b2b0b7224dc39896d4cfc381?s=96&d=mm&r=g80b2efc5844e688a6ffb9340c789e4c4","url":"https:\/\/secure.gravatar.com\/avatar\/701b23c665bfde9fd4d874d31feb4c16bf2ac173b2b0b7224dc39896d4cfc381?s=96&d=mm&r=g","contentUrl":"https:\/\/secure.gravatar.com\/avatar\/701b23c665bfde9fd4d874d31feb4c16bf2ac173b2b0b7224dc39896d4cfc381?s=96&d=mm&r=g","caption":"El Perico Staff"},"sameAs":["https:\/\/el-perico.com"],"url":"https:\/\/el-perico.com\/es\/author\/af6f1d62_admin\/"}]}},"_links":{"self":[{"href":"https:\/\/el-perico.com\/es\/wp-json\/wp\/v2\/posts\/2611","targetHints":{"allow":["GET"]}}],"collection":[{"href":"https:\/\/el-perico.com\/es\/wp-json\/wp\/v2\/posts"}],"about":[{"href":"https:\/\/el-perico.com\/es\/wp-json\/wp\/v2\/types\/post"}],"author":[{"embeddable":true,"href":"https:\/\/el-perico.com\/es\/wp-json\/wp\/v2\/users\/1"}],"replies":[{"embeddable":true,"href":"https:\/\/el-perico.com\/es\/wp-json\/wp\/v2\/comments?post=2611"}],"version-history":[{"count":0,"href":"https:\/\/el-perico.com\/es\/wp-json\/wp\/v2\/posts\/2611\/revisions"}],"wp:attachment":[{"href":"https:\/\/el-perico.com\/es\/wp-json\/wp\/v2\/media?parent=2611"}],"wp:term":[{"taxonomy":"category","embeddable":true,"href":"https:\/\/el-perico.com\/es\/wp-json\/wp\/v2\/categories?post=2611"},{"taxonomy":"post_tag","embeddable":true,"href":"https:\/\/el-perico.com\/es\/wp-json\/wp\/v2\/tags?post=2611"},{"taxonomy":"newspack_spnsrs_tax","embeddable":true,"href":"https:\/\/el-perico.com\/es\/wp-json\/wp\/v2\/newspack_spnsrs_tax?post=2611"},{"taxonomy":"author","embeddable":true,"href":"https:\/\/el-perico.com\/es\/wp-json\/wp\/v2\/coauthors?post=2611"}],"curies":[{"name":"wp","href":"https:\/\/api.w.org\/{rel}","templated":true}]}}