{"id":2589,"date":"2018-11-29T16:29:31","date_gmt":"2018-11-29T16:29:31","guid":{"rendered":"https:\/\/el-perico.com\/?p=2589"},"modified":"2018-11-29T16:29:31","modified_gmt":"2018-11-29T16:29:31","slug":"imagenes-expresionistas","status":"publish","type":"post","link":"https:\/\/el-perico.com\/es\/imagenes-expresionistas\/","title":{"rendered":"Im\u00e1genes expresionistas"},"content":{"rendered":"<p><img loading=\"lazy\" decoding=\"async\" class=\"alignnone size-medium wp-image-2590\" src=\"https:\/\/el-perico.com\/wp-content\/uploads\/2019\/08\/Main-1-300x300.jpg\" alt=\"\" width=\"300\" height=\"300\" \/><br \/>\nElisa Morena Benn, nativa de Costa Rica quien vive en Omaha, ha estado<br \/>\ndesde la infancia haciendo arte impregnado con los colores y pasiones de su<br \/>\ntropical tierra natal centroamericana.<br \/>\n\u00abToda mi vida mis entornos han estado repletos de contrastes. Tonos de<br \/>\nverde, rojo y anaranjado, un rango de intensidad y emociones. Es imposible<br \/>\nseparar a los artistas de su ambiente emocional y visual\u201d, nos dijo.<br \/>\nElla es una de cuatro hijos de un padre aduanal y un ama de casa.<br \/>\n\u00abMi padre trabaj\u00f3 mucho para dar una educaci\u00f3n privada a sus hijos. \u00c9l<br \/>\ndespu\u00e9s logr\u00f3 abrir su propio negocio\u201d.<br \/>\nBenn estudi\u00f3 con los maestros. Cada uno le dio algo que le permiti\u00f3 crecer<br \/>\ncomo artista.<br \/>\n\u00abCon Francisco Alvarado Avella yo aprend\u00ed sobre el erotismo que siempre<br \/>\ncubr\u00eda sus pinturas. Con Soraya Goicochea, el realismo de su retrato. Con<br \/>\nMax Rojas, el uso del expresionismo. Con Isabel Naranjo, el realismo. Con<br \/>\nRodolfo Rocha aprend\u00ed c\u00f3mo mezclar todas esas t\u00e9cnicas\u201d.<br \/>\nSu trabajo es mostrado internacionalmente en el Museo Louvre en Par\u00eds,<br \/>\nFrancia y en galer\u00edas y museos en Fabriano, Italia, Ju\u00e1rez, M\u00e9xico, Toronto,<br \/>\nCanad\u00e1 y en Houston, Texas.<br \/>\nDesde que se mud\u00f3 a los Estados Unidos de Norteam\u00e9rica con su esposo, el<br \/>\nDr. Douglas Benn, profesor adjunto en la Escuela de Odontolog\u00eda de la<br \/>\nUniversidad Creighton, ella ha mostrado su trabajo en Nebraska. Ella<br \/>\nrecientemente tuvo una exposici\u00f3n en la Artists Cooperative Gallery en Old<br \/>\nMarket. Ella tiene su trabajo en el Proyecto Burkholder en Lincoln. Ella<br \/>\npresentar\u00e1 su trabajo en su estudio durante la casa abierta Hot Shops en<br \/>\ndiciembre.<br \/>\nElla y su esposo residen en un hogar cerca del centro, adornado con su<br \/>\npropio arte y con el arte que han coleccionado. La pareja se conoci\u00f3 hace<br \/>\ncinco a\u00f1os en Costa Rica cuando estaban de visita. Se casaron hace tres<br \/>\na\u00f1os.<br \/>\nBenn conoc\u00eda los EE.UU. pues hab\u00eda viajado durante vacaciones escolares y<br \/>\ncuando visit\u00f3 a su t\u00eda en Florida.<br \/>\n\u00abUna vez que me mud\u00e9 aqu\u00ed me enamor\u00e9 de Omaha, una ciudad repleta de<br \/>\narte\u201d.<br \/>\nCuando era una chica en Costa Rica, un maestro y un compa\u00f1ero de clase<br \/>\nque reci\u00e9n hab\u00eda llegado de Cuba confirmaron su talento.<br \/>\n\u00abYo he pintado y dibujado durante toda mi vida\u201d, dijo Benn, quien encontr\u00f3 su<br \/>\nllamado en el arte.<br \/>\n\u00abMis estudios formales fueron en arquitectura pero yo no los termin\u00e9. Dibujar<br \/>\nsiempre ha estado en mi sangre\u201d.<br \/>\nComo cualquier artista, ella encuentra inspiraci\u00f3n en muchas fuertes. Las<br \/>\npinturas del pintor simbolista Gustav Klimt y su uso de hoja de oro son una<br \/>\ninfluencia en particular.<br \/>\n\u00abEl simbolismo de Klimt me parece extraordinario, la forma en que usa el<br \/>\nsimbolismo y los patrones geom\u00e9tricos, algo que yo siempre uso en mi<br \/>\ntrabajo\u201d.<br \/>\nEl expresionismo es lo que mejor describe su estilo, aunque ella tambi\u00e9n<br \/>\nincorpora elementos de surrealismo.<br \/>\n\u00abVivimos en ansiedad sobre la en constante crecimiento relaci\u00f3n discordante<br \/>\nde la humanidad con el mundo y con los sentimientos de autenticidad y<br \/>\nespiritualidad que se han perdido. Yo soy una expresionista y como tal apoyo<br \/>\nla rebeli\u00f3n de ser libre de las restricciones acad\u00e9micas. Quiero ser libre en la<br \/>\nforma de expresarme\u201d.<br \/>\nEl estilo encaja con su temperamento y visi\u00f3n.<br \/>\n\u00abEstas t\u00e9cnicas tienen la intenci\u00f3n de presentar el estado emocional de mis<br \/>\nsentimientos y mi arte reaccionando a las ansiedades del mundo moderno<br \/>\ncon todos los problemas de este periodo de tiempo en particular. Este estilo<br \/>\nme permite tener esa libertad de expresionismo. El arte verdadero produce<br \/>\nuna emoci\u00f3n en el espectador. Cuando yo tengo \u00e9xito en transferir al<br \/>\nespectador el sentimiento que quiero reflejar en mis pinturas, entonces siento<br \/>\nque he cumplido con mi meta\u201d.<br \/>\nElla usualmente presenta en su trabajo los estados emocionales de las<br \/>\nmujeres.<br \/>\n\u00abCapturar en un rostro las emociones y sentimientos es todo un reto. Yo logro<br \/>\nel sentimiento A TRAV\u00c9S de una pintura. Reflejar la expresi\u00f3n de alegr\u00eda,<br \/>\ntristeza, emoci\u00f3n y sensualidad de un modelo, eso es lo que presenta un<br \/>\nreto\u201d.<br \/>\nCuando se enfoca en mujeres ella usa el erotismo para capturar el estado de<br \/>\n\u00e1nimo y la atm\u00f3sfera.<br \/>\n\u00ab\u00bfPor qu\u00e9 no? Estos sentimientos son parte de los seres humanos\u201d.<br \/>\nDespu\u00e9s de todo, nos dijo, la seducci\u00f3n y el misticismo son formas muy<br \/>\nconocidas de cautivar al p\u00fablico.<br \/>\n\u00abHay muchas formas de expresar erotismo\u201d, nos comenta. \u201cTodo el trabajo de<br \/>\nGeorgia O&#8217;Keefe est\u00e1 envuelto en erotismo y sensualidad de una forma muy<br \/>\nsubliminal. Y tambi\u00e9n tenemos las muy criticadas im\u00e1genes er\u00f3ticas del<br \/>\nrealismo de Gustave Coubert, lo cual no es mi mensaje ni mi estilo. Yo<br \/>\nprefiero que el modelo de la pintura tenga la expresi\u00f3n y dejar el resto a la<br \/>\nimaginaci\u00f3n\u201d.<br \/>\nLa imaginaci\u00f3n de Benn en ocasiones construye las figuras humanas en su<br \/>\ntrabajo. En otras ocasiones ella trabaja con modelos en vivo.<br \/>\n\u00abMe es m\u00e1s f\u00e1cil trabajar con los modelos imaginarios. Cuando se trabaja en<br \/>\nuna pintura con un modelo en vivo m\u00e1s es sabido por los amigos y la familia,<br \/>\npor lo que el nivel de precisi\u00f3n debe ser mayor, lo cual es m\u00e1s dif\u00edcil.<br \/>\nNormalmente todos tenemos una imagen mental de c\u00f3mo nos vemos a<br \/>\nnosotros mismos, por lo que para hacerle justicia al modelo y tambi\u00e9n<br \/>\npresentar la pintura en tu estilo, eso es en verdad un reto\u201d.<br \/>\nElla realiza sus pinturas directamente en madera y disfruta de la textura que<br \/>\nbrinda a su trabajo esa superficie.<br \/>\n\u00abEn verdad me gusta ver las l\u00edneas de la madera mezcladas dentro del rostro<br \/>\nen mis pinturas. Cuando yo pinto sobre un lienzo, los fondos van con la<br \/>\npersonalidad de los modelos. Por ejemplo, yo pint\u00e9 a una amiga que es<br \/>\nescultora de metal, por lo que lo que le rodea tiene que ser en donde ella<br \/>\nnaci\u00f3 aqu\u00ed en los EE.UU. y lo que ella hace\u201d.<br \/>\nVisite www.artistamorera.com.<br \/>\nLea m\u00e1s del trabajo de Leo Adam Biga en leoadambiga.com.<\/p>\n","protected":false},"excerpt":{"rendered":"<p>Elisa Morena Benn, nativa de Costa Rica quien vive en Omaha, ha estado desde la infancia haciendo arte impregnado con los colores y pasiones de su tropical tierra natal centroamericana. \u00abToda mi vida mis entornos han estado repletos de contrastes. Tonos de verde, rojo y anaranjado, un rango de intensidad y emociones. Es imposible separar [&hellip;]<\/p>\n","protected":false},"author":1,"featured_media":0,"comment_status":"open","ping_status":"closed","sticky":false,"template":"","format":"standard","meta":{"newspack_ads_suppress_ads":false,"_newspack_byline_active":false,"_newspack_byline":"","newspack_hide_updated_date":false,"newspack_show_updated_date":false,"newspack_content_restriction_is_exempt":false,"newspack_featured_image_position":"","newspack_post_subtitle":"","newspack_article_summary_title":"Overview:","newspack_article_summary":"","footnotes":""},"categories":[1],"tags":[],"newspack_spnsrs_tax":[],"coauthors":[],"class_list":["post-2589","post","type-post","status-publish","format-standard","hentry","category-uncategorized","entry"],"yoast_head":"<!-- This site is optimized with the Yoast SEO plugin v27.4 - https:\/\/yoast.com\/product\/yoast-seo-wordpress\/ -->\n<title>Im\u00e1genes expresionistas - el perico<\/title>\n<meta name=\"robots\" content=\"index, follow, max-snippet:-1, max-image-preview:large, max-video-preview:-1\" \/>\n<link rel=\"canonical\" href=\"https:\/\/el-perico.com\/es\/imagenes-expresionistas\/\" \/>\n<meta property=\"og:locale\" content=\"es_ES\" \/>\n<meta property=\"og:type\" content=\"article\" \/>\n<meta property=\"og:title\" content=\"Im\u00e1genes expresionistas - el perico\" \/>\n<meta property=\"og:description\" content=\"Elisa Morena Benn, nativa de Costa Rica quien vive en Omaha, ha estado desde la infancia haciendo arte impregnado con los colores y pasiones de su tropical tierra natal centroamericana. \u00abToda mi vida mis entornos han estado repletos de contrastes. Tonos de verde, rojo y anaranjado, un rango de intensidad y emociones. Es imposible separar [&hellip;]\" \/>\n<meta property=\"og:url\" content=\"https:\/\/el-perico.com\/es\/imagenes-expresionistas\/\" \/>\n<meta property=\"og:site_name\" content=\"el perico\" \/>\n<meta property=\"article:publisher\" content=\"https:\/\/www.facebook.com\/elpericoomaha\" \/>\n<meta property=\"article:published_time\" content=\"2018-11-29T16:29:31+00:00\" \/>\n<meta property=\"og:image\" content=\"https:\/\/el-perico.com\/wp-content\/uploads\/2019\/08\/Main-1-300x300.jpg\" \/>\n<meta name=\"author\" content=\"El Perico Staff\" \/>\n<meta name=\"twitter:card\" content=\"summary_large_image\" \/>\n<meta name=\"twitter:label1\" content=\"Escrito por\" \/>\n\t<meta name=\"twitter:data1\" content=\"El Perico Staff\" \/>\n\t<meta name=\"twitter:label2\" content=\"Tiempo de lectura\" \/>\n\t<meta name=\"twitter:data2\" content=\"5 minutos\" \/>\n\t<meta name=\"twitter:label3\" content=\"Written by\" \/>\n\t<meta name=\"twitter:data3\" content=\"El Perico Staff\" \/>\n<script type=\"application\/ld+json\" class=\"yoast-schema-graph\">{\"@context\":\"https:\\\/\\\/schema.org\",\"@graph\":[{\"@type\":\"Article\",\"@id\":\"https:\\\/\\\/el-perico.com\\\/es\\\/imagenes-expresionistas\\\/#article\",\"isPartOf\":{\"@id\":\"https:\\\/\\\/el-perico.com\\\/es\\\/imagenes-expresionistas\\\/\"},\"author\":{\"name\":\"El Perico Staff\",\"@id\":\"https:\\\/\\\/el-perico.com\\\/es\\\/#\\\/schema\\\/person\\\/1956e5e63b94d4bd0daf30675bdf4a93\"},\"headline\":\"Im\u00e1genes expresionistas\",\"datePublished\":\"2018-11-29T16:29:31+00:00\",\"mainEntityOfPage\":{\"@id\":\"https:\\\/\\\/el-perico.com\\\/es\\\/imagenes-expresionistas\\\/\"},\"wordCount\":1027,\"commentCount\":0,\"publisher\":{\"@id\":\"https:\\\/\\\/el-perico.com\\\/es\\\/#organization\"},\"image\":{\"@id\":\"https:\\\/\\\/el-perico.com\\\/es\\\/imagenes-expresionistas\\\/#primaryimage\"},\"thumbnailUrl\":\"https:\\\/\\\/el-perico.com\\\/wp-content\\\/uploads\\\/2019\\\/08\\\/Main-1-300x300.jpg\",\"articleSection\":[\"Uncategorized\"],\"inLanguage\":\"es\",\"potentialAction\":[{\"@type\":\"CommentAction\",\"name\":\"Comment\",\"target\":[\"https:\\\/\\\/el-perico.com\\\/es\\\/imagenes-expresionistas\\\/#respond\"]}]},{\"@type\":\"WebPage\",\"@id\":\"https:\\\/\\\/el-perico.com\\\/es\\\/imagenes-expresionistas\\\/\",\"url\":\"https:\\\/\\\/el-perico.com\\\/es\\\/imagenes-expresionistas\\\/\",\"name\":\"Im\u00e1genes expresionistas - el perico\",\"isPartOf\":{\"@id\":\"https:\\\/\\\/el-perico.com\\\/es\\\/#website\"},\"primaryImageOfPage\":{\"@id\":\"https:\\\/\\\/el-perico.com\\\/es\\\/imagenes-expresionistas\\\/#primaryimage\"},\"image\":{\"@id\":\"https:\\\/\\\/el-perico.com\\\/es\\\/imagenes-expresionistas\\\/#primaryimage\"},\"thumbnailUrl\":\"https:\\\/\\\/el-perico.com\\\/wp-content\\\/uploads\\\/2019\\\/08\\\/Main-1-300x300.jpg\",\"datePublished\":\"2018-11-29T16:29:31+00:00\",\"breadcrumb\":{\"@id\":\"https:\\\/\\\/el-perico.com\\\/es\\\/imagenes-expresionistas\\\/#breadcrumb\"},\"inLanguage\":\"es\",\"potentialAction\":[{\"@type\":\"ReadAction\",\"target\":[\"https:\\\/\\\/el-perico.com\\\/es\\\/imagenes-expresionistas\\\/\"]}]},{\"@type\":\"ImageObject\",\"inLanguage\":\"es\",\"@id\":\"https:\\\/\\\/el-perico.com\\\/es\\\/imagenes-expresionistas\\\/#primaryimage\",\"url\":\"https:\\\/\\\/el-perico.com\\\/wp-content\\\/uploads\\\/2019\\\/08\\\/Main-1-300x300.jpg\",\"contentUrl\":\"https:\\\/\\\/el-perico.com\\\/wp-content\\\/uploads\\\/2019\\\/08\\\/Main-1-300x300.jpg\"},{\"@type\":\"BreadcrumbList\",\"@id\":\"https:\\\/\\\/el-perico.com\\\/es\\\/imagenes-expresionistas\\\/#breadcrumb\",\"itemListElement\":[{\"@type\":\"ListItem\",\"position\":1,\"name\":\"Home\",\"item\":\"https:\\\/\\\/el-perico.com\\\/es\\\/\"},{\"@type\":\"ListItem\",\"position\":2,\"name\":\"Im\u00e1genes expresionistas\"}]},{\"@type\":\"WebSite\",\"@id\":\"https:\\\/\\\/el-perico.com\\\/es\\\/#website\",\"url\":\"https:\\\/\\\/el-perico.com\\\/es\\\/\",\"name\":\"el perico\",\"description\":\"La plataforma original de noticias e informaci\u00f3n para la comunidad hispana de Omaha\",\"publisher\":{\"@id\":\"https:\\\/\\\/el-perico.com\\\/es\\\/#organization\"},\"potentialAction\":[{\"@type\":\"SearchAction\",\"target\":{\"@type\":\"EntryPoint\",\"urlTemplate\":\"https:\\\/\\\/el-perico.com\\\/es\\\/?s={search_term_string}\"},\"query-input\":{\"@type\":\"PropertyValueSpecification\",\"valueRequired\":true,\"valueName\":\"search_term_string\"}}],\"inLanguage\":\"es\"},{\"@type\":\"Organization\",\"@id\":\"https:\\\/\\\/el-perico.com\\\/es\\\/#organization\",\"name\":\"el perico\",\"url\":\"https:\\\/\\\/el-perico.com\\\/es\\\/\",\"logo\":{\"@type\":\"ImageObject\",\"inLanguage\":\"es\",\"@id\":\"https:\\\/\\\/el-perico.com\\\/es\\\/#\\\/schema\\\/logo\\\/image\\\/\",\"url\":\"https:\\\/\\\/el-perico.com\\\/wp-content\\\/uploads\\\/2024\\\/05\\\/ElPerico-Logo_NPM-1-e1717102187440.png\",\"contentUrl\":\"https:\\\/\\\/el-perico.com\\\/wp-content\\\/uploads\\\/2024\\\/05\\\/ElPerico-Logo_NPM-1-e1717102187440.png\",\"width\":648,\"height\":216,\"caption\":\"el perico\"},\"image\":{\"@id\":\"https:\\\/\\\/el-perico.com\\\/es\\\/#\\\/schema\\\/logo\\\/image\\\/\"},\"sameAs\":[\"https:\\\/\\\/www.facebook.com\\\/elpericoomaha\"]},{\"@type\":\"Person\",\"@id\":\"https:\\\/\\\/el-perico.com\\\/es\\\/#\\\/schema\\\/person\\\/1956e5e63b94d4bd0daf30675bdf4a93\",\"name\":\"El Perico Staff\",\"image\":{\"@type\":\"ImageObject\",\"inLanguage\":\"es\",\"@id\":\"https:\\\/\\\/secure.gravatar.com\\\/avatar\\\/701b23c665bfde9fd4d874d31feb4c16bf2ac173b2b0b7224dc39896d4cfc381?s=96&d=mm&r=g80b2efc5844e688a6ffb9340c789e4c4\",\"url\":\"https:\\\/\\\/secure.gravatar.com\\\/avatar\\\/701b23c665bfde9fd4d874d31feb4c16bf2ac173b2b0b7224dc39896d4cfc381?s=96&d=mm&r=g\",\"contentUrl\":\"https:\\\/\\\/secure.gravatar.com\\\/avatar\\\/701b23c665bfde9fd4d874d31feb4c16bf2ac173b2b0b7224dc39896d4cfc381?s=96&d=mm&r=g\",\"caption\":\"El Perico Staff\"},\"sameAs\":[\"https:\\\/\\\/el-perico.com\"],\"url\":\"https:\\\/\\\/el-perico.com\\\/es\\\/author\\\/af6f1d62_admin\\\/\"}]}<\/script>\n<!-- \/ Yoast SEO plugin. -->","yoast_head_json":{"title":"Im\u00e1genes expresionistas - el perico","robots":{"index":"index","follow":"follow","max-snippet":"max-snippet:-1","max-image-preview":"max-image-preview:large","max-video-preview":"max-video-preview:-1"},"canonical":"https:\/\/el-perico.com\/es\/imagenes-expresionistas\/","og_locale":"es_ES","og_type":"article","og_title":"Im\u00e1genes expresionistas - el perico","og_description":"Elisa Morena Benn, nativa de Costa Rica quien vive en Omaha, ha estado desde la infancia haciendo arte impregnado con los colores y pasiones de su tropical tierra natal centroamericana. \u00abToda mi vida mis entornos han estado repletos de contrastes. Tonos de verde, rojo y anaranjado, un rango de intensidad y emociones. Es imposible separar [&hellip;]","og_url":"https:\/\/el-perico.com\/es\/imagenes-expresionistas\/","og_site_name":"el perico","article_publisher":"https:\/\/www.facebook.com\/elpericoomaha","article_published_time":"2018-11-29T16:29:31+00:00","og_image":[{"url":"https:\/\/el-perico.com\/wp-content\/uploads\/2019\/08\/Main-1-300x300.jpg","type":"","width":"","height":""}],"author":"El Perico Staff","twitter_card":"summary_large_image","twitter_misc":{"Escrito por":"El Perico Staff","Tiempo de lectura":"5 minutos","Written by":"El Perico Staff"},"schema":{"@context":"https:\/\/schema.org","@graph":[{"@type":"Article","@id":"https:\/\/el-perico.com\/es\/imagenes-expresionistas\/#article","isPartOf":{"@id":"https:\/\/el-perico.com\/es\/imagenes-expresionistas\/"},"author":{"name":"El Perico Staff","@id":"https:\/\/el-perico.com\/es\/#\/schema\/person\/1956e5e63b94d4bd0daf30675bdf4a93"},"headline":"Im\u00e1genes expresionistas","datePublished":"2018-11-29T16:29:31+00:00","mainEntityOfPage":{"@id":"https:\/\/el-perico.com\/es\/imagenes-expresionistas\/"},"wordCount":1027,"commentCount":0,"publisher":{"@id":"https:\/\/el-perico.com\/es\/#organization"},"image":{"@id":"https:\/\/el-perico.com\/es\/imagenes-expresionistas\/#primaryimage"},"thumbnailUrl":"https:\/\/el-perico.com\/wp-content\/uploads\/2019\/08\/Main-1-300x300.jpg","articleSection":["Uncategorized"],"inLanguage":"es","potentialAction":[{"@type":"CommentAction","name":"Comment","target":["https:\/\/el-perico.com\/es\/imagenes-expresionistas\/#respond"]}]},{"@type":"WebPage","@id":"https:\/\/el-perico.com\/es\/imagenes-expresionistas\/","url":"https:\/\/el-perico.com\/es\/imagenes-expresionistas\/","name":"Im\u00e1genes expresionistas - el perico","isPartOf":{"@id":"https:\/\/el-perico.com\/es\/#website"},"primaryImageOfPage":{"@id":"https:\/\/el-perico.com\/es\/imagenes-expresionistas\/#primaryimage"},"image":{"@id":"https:\/\/el-perico.com\/es\/imagenes-expresionistas\/#primaryimage"},"thumbnailUrl":"https:\/\/el-perico.com\/wp-content\/uploads\/2019\/08\/Main-1-300x300.jpg","datePublished":"2018-11-29T16:29:31+00:00","breadcrumb":{"@id":"https:\/\/el-perico.com\/es\/imagenes-expresionistas\/#breadcrumb"},"inLanguage":"es","potentialAction":[{"@type":"ReadAction","target":["https:\/\/el-perico.com\/es\/imagenes-expresionistas\/"]}]},{"@type":"ImageObject","inLanguage":"es","@id":"https:\/\/el-perico.com\/es\/imagenes-expresionistas\/#primaryimage","url":"https:\/\/el-perico.com\/wp-content\/uploads\/2019\/08\/Main-1-300x300.jpg","contentUrl":"https:\/\/el-perico.com\/wp-content\/uploads\/2019\/08\/Main-1-300x300.jpg"},{"@type":"BreadcrumbList","@id":"https:\/\/el-perico.com\/es\/imagenes-expresionistas\/#breadcrumb","itemListElement":[{"@type":"ListItem","position":1,"name":"Home","item":"https:\/\/el-perico.com\/es\/"},{"@type":"ListItem","position":2,"name":"Im\u00e1genes expresionistas"}]},{"@type":"WebSite","@id":"https:\/\/el-perico.com\/es\/#website","url":"https:\/\/el-perico.com\/es\/","name":"el perico","description":"La plataforma original de noticias e informaci\u00f3n para la comunidad hispana de Omaha","publisher":{"@id":"https:\/\/el-perico.com\/es\/#organization"},"potentialAction":[{"@type":"SearchAction","target":{"@type":"EntryPoint","urlTemplate":"https:\/\/el-perico.com\/es\/?s={search_term_string}"},"query-input":{"@type":"PropertyValueSpecification","valueRequired":true,"valueName":"search_term_string"}}],"inLanguage":"es"},{"@type":"Organization","@id":"https:\/\/el-perico.com\/es\/#organization","name":"el perico","url":"https:\/\/el-perico.com\/es\/","logo":{"@type":"ImageObject","inLanguage":"es","@id":"https:\/\/el-perico.com\/es\/#\/schema\/logo\/image\/","url":"https:\/\/el-perico.com\/wp-content\/uploads\/2024\/05\/ElPerico-Logo_NPM-1-e1717102187440.png","contentUrl":"https:\/\/el-perico.com\/wp-content\/uploads\/2024\/05\/ElPerico-Logo_NPM-1-e1717102187440.png","width":648,"height":216,"caption":"el perico"},"image":{"@id":"https:\/\/el-perico.com\/es\/#\/schema\/logo\/image\/"},"sameAs":["https:\/\/www.facebook.com\/elpericoomaha"]},{"@type":"Person","@id":"https:\/\/el-perico.com\/es\/#\/schema\/person\/1956e5e63b94d4bd0daf30675bdf4a93","name":"El Perico Staff","image":{"@type":"ImageObject","inLanguage":"es","@id":"https:\/\/secure.gravatar.com\/avatar\/701b23c665bfde9fd4d874d31feb4c16bf2ac173b2b0b7224dc39896d4cfc381?s=96&d=mm&r=g80b2efc5844e688a6ffb9340c789e4c4","url":"https:\/\/secure.gravatar.com\/avatar\/701b23c665bfde9fd4d874d31feb4c16bf2ac173b2b0b7224dc39896d4cfc381?s=96&d=mm&r=g","contentUrl":"https:\/\/secure.gravatar.com\/avatar\/701b23c665bfde9fd4d874d31feb4c16bf2ac173b2b0b7224dc39896d4cfc381?s=96&d=mm&r=g","caption":"El Perico Staff"},"sameAs":["https:\/\/el-perico.com"],"url":"https:\/\/el-perico.com\/es\/author\/af6f1d62_admin\/"}]}},"_links":{"self":[{"href":"https:\/\/el-perico.com\/es\/wp-json\/wp\/v2\/posts\/2589","targetHints":{"allow":["GET"]}}],"collection":[{"href":"https:\/\/el-perico.com\/es\/wp-json\/wp\/v2\/posts"}],"about":[{"href":"https:\/\/el-perico.com\/es\/wp-json\/wp\/v2\/types\/post"}],"author":[{"embeddable":true,"href":"https:\/\/el-perico.com\/es\/wp-json\/wp\/v2\/users\/1"}],"replies":[{"embeddable":true,"href":"https:\/\/el-perico.com\/es\/wp-json\/wp\/v2\/comments?post=2589"}],"version-history":[{"count":0,"href":"https:\/\/el-perico.com\/es\/wp-json\/wp\/v2\/posts\/2589\/revisions"}],"wp:attachment":[{"href":"https:\/\/el-perico.com\/es\/wp-json\/wp\/v2\/media?parent=2589"}],"wp:term":[{"taxonomy":"category","embeddable":true,"href":"https:\/\/el-perico.com\/es\/wp-json\/wp\/v2\/categories?post=2589"},{"taxonomy":"post_tag","embeddable":true,"href":"https:\/\/el-perico.com\/es\/wp-json\/wp\/v2\/tags?post=2589"},{"taxonomy":"newspack_spnsrs_tax","embeddable":true,"href":"https:\/\/el-perico.com\/es\/wp-json\/wp\/v2\/newspack_spnsrs_tax?post=2589"},{"taxonomy":"author","embeddable":true,"href":"https:\/\/el-perico.com\/es\/wp-json\/wp\/v2\/coauthors?post=2589"}],"curies":[{"name":"wp","href":"https:\/\/api.w.org\/{rel}","templated":true}]}}