{"id":2512,"date":"2018-12-20T17:26:58","date_gmt":"2018-12-20T17:26:58","guid":{"rendered":"https:\/\/el-perico.com\/?p=2512"},"modified":"2022-03-26T19:38:38","modified_gmt":"2022-03-26T23:38:38","slug":"el-alto-costo-de-la-justicia-para-adolescentes-parte-2","status":"publish","type":"post","link":"https:\/\/el-perico.com\/es\/el-alto-costo-de-la-justicia-para-adolescentes-parte-2\/","title":{"rendered":"El alto costo de la justicia para adolescentes &#8211; Parte 2"},"content":{"rendered":"<p><img loading=\"lazy\" decoding=\"async\" src=\"https:\/\/el-perico.com\/wp-content\/uploads\/2019\/08\/LaVon-Stennis-Williams-1-1-300x200.png\" alt=\"\" width=\"300\" height=\"200\" class=\"alignnone size-medium wp-image-2513\"><br \/>\nQuienes est\u00e1n a favor pregonan la eficiencia de tener todo en un solo lugar. El centro<br \/>\nactual cerca de la 42 y Woolworth ser\u00eda remplazado por el nuevo, colocando a los<br \/>\ndetenidos en proximidad cercana al sistema de justicia y a los servicios apoyando su<br \/>\ntransici\u00f3n de vuelta a la sociedad.<br \/>\n\u00abEsperamos que esto que est\u00e1 siendo imaginado sea construido en base a las<br \/>\naportaciones de lo que ni\u00f1os, las familias y los proveedores de la comunidad que<br \/>\ntrabajan con ellos dicen que necesitan\u201d, dijo LaVon Stennis-Williams, miembro del<br \/>\ncomit\u00e9 de la iniciativa del condado Operation Youth Success (Operaci\u00f3n \u00c9xito Juvenil).<br \/>\nSu ReConnect Inc. sirve a familias de los j\u00f3venes actualmente y anteriormente<br \/>\nencarcelados. \u201cLos programas que pueden mantener a los j\u00f3venes de permanecer<br \/>\ndetenidos no son utilizados lo suficiente. Eso tiene que ser considerado\u201d.<br \/>\nElla dijo que una alianza propuesta entre el condado, el  Centro M\u00e9dico de la<br \/>\nUniversidad de Nebraska Medical y la Universidad Creighton para traer m\u00e1s psic\u00f3logos<br \/>\ny psiquiatras in situ \u201cva a ser algo que cambiar\u00e1 las cosas en cuanto a acelerar<br \/>\nconsiderablemente las valoraciones de los ni\u00f1os\u201d.<br \/>\n\u00abEntonces podemos revisar los servicios que mantendr\u00e1n a los ni\u00f1os en casa\u201d, nos dijo.<br \/>\n\u201cEn cualquier d\u00eda, la mayor\u00eda de los ni\u00f1os detenidos est\u00e1n esperando una valoraci\u00f3n<br \/>\nprofesional y colocaci\u00f3n. Con la participaci\u00f3n de los profesionistas adecuados, ser<br \/>\nremover\u00eda a dos terceras partes de la poblaci\u00f3n, buscando alternativas a la detenci\u00f3n.<br \/>\nHay oportunidades en la comunidad para hacer que esto pase\u201d.<br \/>\nGray, quien tiene un largo historial de trabajar con j\u00f3venes en riesgo, dijo que un nuevo<br \/>\ncentro utilizar\u00eda \u201cpol\u00edticas de mejores pr\u00e1cticas para lograr que los ni\u00f1os que entran y<br \/>\nsalen sean servidos r\u00e1pidamente, pudiendo valorar cu\u00e1les son sus necesidades reales.<br \/>\n\u00abQueremos cambiar la trayectoria de c\u00f3mo estamos haciendo las cosas al mejorar el<br \/>\nservicio al nivel del condado para nuestros ni\u00f1os y familias\u201d, dijo Borgeson. \u00abMuchos de<br \/>\nlos detalles est\u00e1n siendo trabajados en cuanto a la estructura interna de los edificios y<br \/>\nc\u00f3mo van a verse y a operar\u201d.<br \/>\nAlgunos observadores expresan su preocupaci\u00f3n de que el nuevo centro de detenci\u00f3n<br \/>\npodr\u00eda albergar a menos j\u00f3venes (68 como m\u00e1ximo) que el promedio actual de una<br \/>\npoblaci\u00f3n de 70 a 80 detenidos y menos de la mitad de la capacidad actual (144).<br \/>\n\u00abNo tiene sentido que estemos reduciendo la capacidad cuando la poblaci\u00f3n promedio<br \/>\ndiaria ha sido constante por a\u00f1os y el condado no ha producido proyecciones sobre<br \/>\nc\u00f3mo reducir\u00e1n el n\u00famero de ni\u00f1os en detenci\u00f3n\u201d, dijo el activista comunitario Brian<br \/>\nSmith.<br \/>\n\u00abEsa es una preocupaci\u00f3n v\u00e1lida\u201d, dijo Stennis-Williams. \u00abPero si estamos movi\u00e9ndonos<br \/>\nhacia la reforma al sistema de justicia para adolescentes debemos aplaudir la<br \/>\nreducci\u00f3n en el n\u00famero de camas, mientras no tengamos alguna noci\u00f3n de enviar a los<br \/>\nni\u00f1os a otras jurisdicciones cuando se nos acaben las camas. Necesitamos enfocarnos<br \/>\nen por qu\u00e9 estamos deteniendo al n\u00famero de ni\u00f1os que estamos deteniendo y por qu\u00e9<br \/>\nlos estamos deteniendo\u00bb.<br \/>\nLos oponentes cuestionan otro n\u00famero: el precio. Ser\u00eda el proyecto de construcci\u00f3n con<br \/>\ncapital m\u00e1s grande en la historia del gobierno del Condado de Douglas. Los fondos<br \/>\nprovendr\u00edan de bonos emitidos por la Comisi\u00f3n de Construcci\u00f3n P\u00fablica de<br \/>\nOmaha-Douglas y probablemente requerir\u00edan de un incremento en el impuesto sobre la<br \/>\npropiedad en el condado. La Alcaldesa Jean Stothert dijo que ella no quiere que el<br \/>\ndinero de los contribuyentes de la ciudad sea usado para su construcci\u00f3n.<br \/>\nEl 501C3 formado para desarrollar y administrar el proyecto, Douglas County Unified<br \/>\nJustice Center Development Corp., est\u00e1 basado en un modelo UNMC usado para<br \/>\nconstruir su Buffett Cancer Center. La organizaci\u00f3n sin fines de lucro tiene la habilidad<br \/>\nde solicitar filantrop\u00eda privada para fundar el proyecto.<br \/>\n\u00abTenemos algunas ideas, pero tenemos que tener un plan m\u00e1s concreto antes de que<br \/>\nlos donantes privados se unan al proyecto\u201d, dijo Borgeson, \u00aby eso es a donde tratamos<br \/>\nde llegar\u201d.<br \/>\nLos cr\u00edticos afirman existe una falta de transparencia y debida diligencia en el proceso<br \/>\nque creo la organizaci\u00f3n sin fines de lucro, cuyo consejo est\u00e1 compuesto de diversos<br \/>\noficiales electos y asignados.<br \/>\n\u00abNo necesitamos de una corporaci\u00f3n privada para impulsar la construcci\u00f3n. Somos<br \/>\nperfectamente capaces de hacerlo nosotros mismos\u201d, dijo Cavanaugh. \u00abHay una forma<br \/>\nm\u00e1s econ\u00f3mica, m\u00e1s inteligente y mejor de hacer las cosas y es lo que estamos<br \/>\nhaciendo ahora con el bono de seguridad p\u00fablica de 2016 para el proyecto de<br \/>\nconstrucci\u00f3n que aprobaron los votantes de forma abrumadora despu\u00e9s de meses de<br \/>\nreuniones y discusiones p\u00fablicas. Es remodelar un grande edificio del condado para<br \/>\nconsolidar algunos servicios del condado, incluyendo un nuevo centro 9\/11 de alta<br \/>\ntecnolog\u00eda, una oficina sat\u00e9lite para el Tesorero del Condado de Douglas para servir al<br \/>\noeste del Condado de Douglas y al oeste de Omaha, sedes para nuestros servicios de<br \/>\nemergencia y servicios ambientales, adem\u00e1s de un laboratorio criminal y espacios para<br \/>\nel departamento del sheriff. Tambi\u00e9n estamos remodelando el centro de correcci\u00f3n del<br \/>\ncondado en el centro. Estamos instalando nuevos sistemas de alerta en todas las<br \/>\nestaciones de bomberos. Toda esta nueva construcci\u00f3n y equipo es administrado por la<br \/>\ndivisi\u00f3n de propiedad p\u00fablica, a tiempo, dentro del presupuesto y sin un incremento en<br \/>\nimpuestos\u201d.<br \/>\nA \u00e9l no le gusta el instrumento detr\u00e1s del proyecto de justicia para adolescentes pues,<br \/>\nnos comenta, \u201cno es responsable ante las personas\u201d.<\/p>\n","protected":false},"excerpt":{"rendered":"<p>Quienes est\u00e1n a favor pregonan la eficiencia de tener todo en un solo lugar. El centro actual cerca de la 42 y Woolworth ser\u00eda remplazado por el nuevo, colocando a los detenidos en proximidad cercana al sistema de justicia y a los servicios apoyando su transici\u00f3n de vuelta a la sociedad. \u00abEsperamos que esto que [&hellip;]<\/p>\n","protected":false},"author":1,"featured_media":0,"comment_status":"open","ping_status":"closed","sticky":false,"template":"","format":"standard","meta":{"newspack_ads_suppress_ads":false,"_newspack_byline_active":false,"_newspack_byline":"","newspack_hide_updated_date":false,"newspack_show_updated_date":false,"newspack_content_restriction_is_exempt":false,"newspack_featured_image_position":"","newspack_post_subtitle":"","newspack_article_summary_title":"Overview:","newspack_article_summary":"","footnotes":""},"categories":[39],"tags":[],"newspack_spnsrs_tax":[],"coauthors":[1233],"class_list":["post-2512","post","type-post","status-publish","format-standard","hentry","category-comunidad","entry"],"yoast_head":"<!-- This site is optimized with the Yoast SEO plugin v27.4 - https:\/\/yoast.com\/product\/yoast-seo-wordpress\/ -->\n<title>El alto costo de la justicia para adolescentes - Parte 2 - el perico<\/title>\n<meta name=\"robots\" content=\"index, follow, max-snippet:-1, max-image-preview:large, max-video-preview:-1\" \/>\n<link rel=\"canonical\" href=\"https:\/\/el-perico.com\/es\/el-alto-costo-de-la-justicia-para-adolescentes-parte-2\/\" \/>\n<meta property=\"og:locale\" content=\"es_ES\" \/>\n<meta property=\"og:type\" content=\"article\" \/>\n<meta property=\"og:title\" content=\"El alto costo de la justicia para adolescentes - Parte 2 - el perico\" \/>\n<meta property=\"og:description\" content=\"Quienes est\u00e1n a favor pregonan la eficiencia de tener todo en un solo lugar. El centro actual cerca de la 42 y Woolworth ser\u00eda remplazado por el nuevo, colocando a los detenidos en proximidad cercana al sistema de justicia y a los servicios apoyando su transici\u00f3n de vuelta a la sociedad. \u00abEsperamos que esto que [&hellip;]\" \/>\n<meta property=\"og:url\" content=\"https:\/\/el-perico.com\/es\/el-alto-costo-de-la-justicia-para-adolescentes-parte-2\/\" \/>\n<meta property=\"og:site_name\" content=\"el perico\" \/>\n<meta property=\"article:publisher\" content=\"https:\/\/www.facebook.com\/elpericoomaha\" \/>\n<meta property=\"article:published_time\" content=\"2018-12-20T17:26:58+00:00\" \/>\n<meta property=\"article:modified_time\" content=\"2022-03-26T23:38:38+00:00\" \/>\n<meta property=\"og:image\" content=\"https:\/\/el-perico.com\/wp-content\/uploads\/2019\/08\/LaVon-Stennis-Williams-1-1-300x200.png\" \/>\n<meta name=\"author\" content=\"El Perico Staff\" \/>\n<meta name=\"twitter:card\" content=\"summary_large_image\" \/>\n<meta name=\"twitter:label1\" content=\"Escrito por\" \/>\n\t<meta name=\"twitter:data1\" content=\"El Perico Staff\" \/>\n\t<meta name=\"twitter:label2\" content=\"Tiempo de lectura\" \/>\n\t<meta name=\"twitter:data2\" content=\"5 minutos\" \/>\n\t<meta name=\"twitter:label3\" content=\"Written by\" \/>\n\t<meta name=\"twitter:data3\" content=\"El Perico Staff\" \/>\n<script type=\"application\/ld+json\" class=\"yoast-schema-graph\">{\"@context\":\"https:\\\/\\\/schema.org\",\"@graph\":[{\"@type\":\"Article\",\"@id\":\"https:\\\/\\\/el-perico.com\\\/es\\\/el-alto-costo-de-la-justicia-para-adolescentes-parte-2\\\/#article\",\"isPartOf\":{\"@id\":\"https:\\\/\\\/el-perico.com\\\/es\\\/el-alto-costo-de-la-justicia-para-adolescentes-parte-2\\\/\"},\"author\":{\"name\":\"El Perico Staff\",\"@id\":\"https:\\\/\\\/el-perico.com\\\/es\\\/#\\\/schema\\\/person\\\/1956e5e63b94d4bd0daf30675bdf4a93\"},\"headline\":\"El alto costo de la justicia para adolescentes &#8211; Parte 2\",\"datePublished\":\"2018-12-20T17:26:58+00:00\",\"dateModified\":\"2022-03-26T23:38:38+00:00\",\"mainEntityOfPage\":{\"@id\":\"https:\\\/\\\/el-perico.com\\\/es\\\/el-alto-costo-de-la-justicia-para-adolescentes-parte-2\\\/\"},\"wordCount\":966,\"commentCount\":0,\"publisher\":{\"@id\":\"https:\\\/\\\/el-perico.com\\\/es\\\/#organization\"},\"image\":{\"@id\":\"https:\\\/\\\/el-perico.com\\\/es\\\/el-alto-costo-de-la-justicia-para-adolescentes-parte-2\\\/#primaryimage\"},\"thumbnailUrl\":\"https:\\\/\\\/el-perico.com\\\/wp-content\\\/uploads\\\/2019\\\/08\\\/LaVon-Stennis-Williams-1-1-300x200.png\",\"articleSection\":[\"Comunidad\"],\"inLanguage\":\"es\",\"potentialAction\":[{\"@type\":\"CommentAction\",\"name\":\"Comment\",\"target\":[\"https:\\\/\\\/el-perico.com\\\/es\\\/el-alto-costo-de-la-justicia-para-adolescentes-parte-2\\\/#respond\"]}]},{\"@type\":\"WebPage\",\"@id\":\"https:\\\/\\\/el-perico.com\\\/es\\\/el-alto-costo-de-la-justicia-para-adolescentes-parte-2\\\/\",\"url\":\"https:\\\/\\\/el-perico.com\\\/es\\\/el-alto-costo-de-la-justicia-para-adolescentes-parte-2\\\/\",\"name\":\"El alto costo de la justicia para adolescentes - Parte 2 - el perico\",\"isPartOf\":{\"@id\":\"https:\\\/\\\/el-perico.com\\\/es\\\/#website\"},\"primaryImageOfPage\":{\"@id\":\"https:\\\/\\\/el-perico.com\\\/es\\\/el-alto-costo-de-la-justicia-para-adolescentes-parte-2\\\/#primaryimage\"},\"image\":{\"@id\":\"https:\\\/\\\/el-perico.com\\\/es\\\/el-alto-costo-de-la-justicia-para-adolescentes-parte-2\\\/#primaryimage\"},\"thumbnailUrl\":\"https:\\\/\\\/el-perico.com\\\/wp-content\\\/uploads\\\/2019\\\/08\\\/LaVon-Stennis-Williams-1-1-300x200.png\",\"datePublished\":\"2018-12-20T17:26:58+00:00\",\"dateModified\":\"2022-03-26T23:38:38+00:00\",\"breadcrumb\":{\"@id\":\"https:\\\/\\\/el-perico.com\\\/es\\\/el-alto-costo-de-la-justicia-para-adolescentes-parte-2\\\/#breadcrumb\"},\"inLanguage\":\"es\",\"potentialAction\":[{\"@type\":\"ReadAction\",\"target\":[\"https:\\\/\\\/el-perico.com\\\/es\\\/el-alto-costo-de-la-justicia-para-adolescentes-parte-2\\\/\"]}]},{\"@type\":\"ImageObject\",\"inLanguage\":\"es\",\"@id\":\"https:\\\/\\\/el-perico.com\\\/es\\\/el-alto-costo-de-la-justicia-para-adolescentes-parte-2\\\/#primaryimage\",\"url\":\"https:\\\/\\\/el-perico.com\\\/wp-content\\\/uploads\\\/2019\\\/08\\\/LaVon-Stennis-Williams-1-1-300x200.png\",\"contentUrl\":\"https:\\\/\\\/el-perico.com\\\/wp-content\\\/uploads\\\/2019\\\/08\\\/LaVon-Stennis-Williams-1-1-300x200.png\"},{\"@type\":\"BreadcrumbList\",\"@id\":\"https:\\\/\\\/el-perico.com\\\/es\\\/el-alto-costo-de-la-justicia-para-adolescentes-parte-2\\\/#breadcrumb\",\"itemListElement\":[{\"@type\":\"ListItem\",\"position\":1,\"name\":\"Home\",\"item\":\"https:\\\/\\\/el-perico.com\\\/es\\\/\"},{\"@type\":\"ListItem\",\"position\":2,\"name\":\"El alto costo de la justicia para adolescentes &#8211; Parte 2\"}]},{\"@type\":\"WebSite\",\"@id\":\"https:\\\/\\\/el-perico.com\\\/es\\\/#website\",\"url\":\"https:\\\/\\\/el-perico.com\\\/es\\\/\",\"name\":\"el perico\",\"description\":\"La plataforma original de noticias e informaci\u00f3n para la comunidad hispana de Omaha\",\"publisher\":{\"@id\":\"https:\\\/\\\/el-perico.com\\\/es\\\/#organization\"},\"potentialAction\":[{\"@type\":\"SearchAction\",\"target\":{\"@type\":\"EntryPoint\",\"urlTemplate\":\"https:\\\/\\\/el-perico.com\\\/es\\\/?s={search_term_string}\"},\"query-input\":{\"@type\":\"PropertyValueSpecification\",\"valueRequired\":true,\"valueName\":\"search_term_string\"}}],\"inLanguage\":\"es\"},{\"@type\":\"Organization\",\"@id\":\"https:\\\/\\\/el-perico.com\\\/es\\\/#organization\",\"name\":\"el perico\",\"url\":\"https:\\\/\\\/el-perico.com\\\/es\\\/\",\"logo\":{\"@type\":\"ImageObject\",\"inLanguage\":\"es\",\"@id\":\"https:\\\/\\\/el-perico.com\\\/es\\\/#\\\/schema\\\/logo\\\/image\\\/\",\"url\":\"https:\\\/\\\/el-perico.com\\\/wp-content\\\/uploads\\\/2024\\\/05\\\/ElPerico-Logo_NPM-1-e1717102187440.png\",\"contentUrl\":\"https:\\\/\\\/el-perico.com\\\/wp-content\\\/uploads\\\/2024\\\/05\\\/ElPerico-Logo_NPM-1-e1717102187440.png\",\"width\":648,\"height\":216,\"caption\":\"el perico\"},\"image\":{\"@id\":\"https:\\\/\\\/el-perico.com\\\/es\\\/#\\\/schema\\\/logo\\\/image\\\/\"},\"sameAs\":[\"https:\\\/\\\/www.facebook.com\\\/elpericoomaha\"]},{\"@type\":\"Person\",\"@id\":\"https:\\\/\\\/el-perico.com\\\/es\\\/#\\\/schema\\\/person\\\/1956e5e63b94d4bd0daf30675bdf4a93\",\"name\":\"El Perico Staff\",\"image\":{\"@type\":\"ImageObject\",\"inLanguage\":\"es\",\"@id\":\"https:\\\/\\\/secure.gravatar.com\\\/avatar\\\/701b23c665bfde9fd4d874d31feb4c16bf2ac173b2b0b7224dc39896d4cfc381?s=96&d=mm&r=g80b2efc5844e688a6ffb9340c789e4c4\",\"url\":\"https:\\\/\\\/secure.gravatar.com\\\/avatar\\\/701b23c665bfde9fd4d874d31feb4c16bf2ac173b2b0b7224dc39896d4cfc381?s=96&d=mm&r=g\",\"contentUrl\":\"https:\\\/\\\/secure.gravatar.com\\\/avatar\\\/701b23c665bfde9fd4d874d31feb4c16bf2ac173b2b0b7224dc39896d4cfc381?s=96&d=mm&r=g\",\"caption\":\"El Perico Staff\"},\"sameAs\":[\"https:\\\/\\\/el-perico.com\"],\"url\":\"https:\\\/\\\/el-perico.com\\\/es\\\/author\\\/af6f1d62_admin\\\/\"}]}<\/script>\n<!-- \/ Yoast SEO plugin. -->","yoast_head_json":{"title":"El alto costo de la justicia para adolescentes - Parte 2 - el perico","robots":{"index":"index","follow":"follow","max-snippet":"max-snippet:-1","max-image-preview":"max-image-preview:large","max-video-preview":"max-video-preview:-1"},"canonical":"https:\/\/el-perico.com\/es\/el-alto-costo-de-la-justicia-para-adolescentes-parte-2\/","og_locale":"es_ES","og_type":"article","og_title":"El alto costo de la justicia para adolescentes - Parte 2 - el perico","og_description":"Quienes est\u00e1n a favor pregonan la eficiencia de tener todo en un solo lugar. El centro actual cerca de la 42 y Woolworth ser\u00eda remplazado por el nuevo, colocando a los detenidos en proximidad cercana al sistema de justicia y a los servicios apoyando su transici\u00f3n de vuelta a la sociedad. \u00abEsperamos que esto que [&hellip;]","og_url":"https:\/\/el-perico.com\/es\/el-alto-costo-de-la-justicia-para-adolescentes-parte-2\/","og_site_name":"el perico","article_publisher":"https:\/\/www.facebook.com\/elpericoomaha","article_published_time":"2018-12-20T17:26:58+00:00","article_modified_time":"2022-03-26T23:38:38+00:00","og_image":[{"url":"https:\/\/el-perico.com\/wp-content\/uploads\/2019\/08\/LaVon-Stennis-Williams-1-1-300x200.png","type":"","width":"","height":""}],"author":"El Perico Staff","twitter_card":"summary_large_image","twitter_misc":{"Escrito por":"El Perico Staff","Tiempo de lectura":"5 minutos","Written by":"El Perico Staff"},"schema":{"@context":"https:\/\/schema.org","@graph":[{"@type":"Article","@id":"https:\/\/el-perico.com\/es\/el-alto-costo-de-la-justicia-para-adolescentes-parte-2\/#article","isPartOf":{"@id":"https:\/\/el-perico.com\/es\/el-alto-costo-de-la-justicia-para-adolescentes-parte-2\/"},"author":{"name":"El Perico Staff","@id":"https:\/\/el-perico.com\/es\/#\/schema\/person\/1956e5e63b94d4bd0daf30675bdf4a93"},"headline":"El alto costo de la justicia para adolescentes &#8211; Parte 2","datePublished":"2018-12-20T17:26:58+00:00","dateModified":"2022-03-26T23:38:38+00:00","mainEntityOfPage":{"@id":"https:\/\/el-perico.com\/es\/el-alto-costo-de-la-justicia-para-adolescentes-parte-2\/"},"wordCount":966,"commentCount":0,"publisher":{"@id":"https:\/\/el-perico.com\/es\/#organization"},"image":{"@id":"https:\/\/el-perico.com\/es\/el-alto-costo-de-la-justicia-para-adolescentes-parte-2\/#primaryimage"},"thumbnailUrl":"https:\/\/el-perico.com\/wp-content\/uploads\/2019\/08\/LaVon-Stennis-Williams-1-1-300x200.png","articleSection":["Comunidad"],"inLanguage":"es","potentialAction":[{"@type":"CommentAction","name":"Comment","target":["https:\/\/el-perico.com\/es\/el-alto-costo-de-la-justicia-para-adolescentes-parte-2\/#respond"]}]},{"@type":"WebPage","@id":"https:\/\/el-perico.com\/es\/el-alto-costo-de-la-justicia-para-adolescentes-parte-2\/","url":"https:\/\/el-perico.com\/es\/el-alto-costo-de-la-justicia-para-adolescentes-parte-2\/","name":"El alto costo de la justicia para adolescentes - Parte 2 - el perico","isPartOf":{"@id":"https:\/\/el-perico.com\/es\/#website"},"primaryImageOfPage":{"@id":"https:\/\/el-perico.com\/es\/el-alto-costo-de-la-justicia-para-adolescentes-parte-2\/#primaryimage"},"image":{"@id":"https:\/\/el-perico.com\/es\/el-alto-costo-de-la-justicia-para-adolescentes-parte-2\/#primaryimage"},"thumbnailUrl":"https:\/\/el-perico.com\/wp-content\/uploads\/2019\/08\/LaVon-Stennis-Williams-1-1-300x200.png","datePublished":"2018-12-20T17:26:58+00:00","dateModified":"2022-03-26T23:38:38+00:00","breadcrumb":{"@id":"https:\/\/el-perico.com\/es\/el-alto-costo-de-la-justicia-para-adolescentes-parte-2\/#breadcrumb"},"inLanguage":"es","potentialAction":[{"@type":"ReadAction","target":["https:\/\/el-perico.com\/es\/el-alto-costo-de-la-justicia-para-adolescentes-parte-2\/"]}]},{"@type":"ImageObject","inLanguage":"es","@id":"https:\/\/el-perico.com\/es\/el-alto-costo-de-la-justicia-para-adolescentes-parte-2\/#primaryimage","url":"https:\/\/el-perico.com\/wp-content\/uploads\/2019\/08\/LaVon-Stennis-Williams-1-1-300x200.png","contentUrl":"https:\/\/el-perico.com\/wp-content\/uploads\/2019\/08\/LaVon-Stennis-Williams-1-1-300x200.png"},{"@type":"BreadcrumbList","@id":"https:\/\/el-perico.com\/es\/el-alto-costo-de-la-justicia-para-adolescentes-parte-2\/#breadcrumb","itemListElement":[{"@type":"ListItem","position":1,"name":"Home","item":"https:\/\/el-perico.com\/es\/"},{"@type":"ListItem","position":2,"name":"El alto costo de la justicia para adolescentes &#8211; Parte 2"}]},{"@type":"WebSite","@id":"https:\/\/el-perico.com\/es\/#website","url":"https:\/\/el-perico.com\/es\/","name":"el perico","description":"La plataforma original de noticias e informaci\u00f3n para la comunidad hispana de Omaha","publisher":{"@id":"https:\/\/el-perico.com\/es\/#organization"},"potentialAction":[{"@type":"SearchAction","target":{"@type":"EntryPoint","urlTemplate":"https:\/\/el-perico.com\/es\/?s={search_term_string}"},"query-input":{"@type":"PropertyValueSpecification","valueRequired":true,"valueName":"search_term_string"}}],"inLanguage":"es"},{"@type":"Organization","@id":"https:\/\/el-perico.com\/es\/#organization","name":"el perico","url":"https:\/\/el-perico.com\/es\/","logo":{"@type":"ImageObject","inLanguage":"es","@id":"https:\/\/el-perico.com\/es\/#\/schema\/logo\/image\/","url":"https:\/\/el-perico.com\/wp-content\/uploads\/2024\/05\/ElPerico-Logo_NPM-1-e1717102187440.png","contentUrl":"https:\/\/el-perico.com\/wp-content\/uploads\/2024\/05\/ElPerico-Logo_NPM-1-e1717102187440.png","width":648,"height":216,"caption":"el perico"},"image":{"@id":"https:\/\/el-perico.com\/es\/#\/schema\/logo\/image\/"},"sameAs":["https:\/\/www.facebook.com\/elpericoomaha"]},{"@type":"Person","@id":"https:\/\/el-perico.com\/es\/#\/schema\/person\/1956e5e63b94d4bd0daf30675bdf4a93","name":"El Perico Staff","image":{"@type":"ImageObject","inLanguage":"es","@id":"https:\/\/secure.gravatar.com\/avatar\/701b23c665bfde9fd4d874d31feb4c16bf2ac173b2b0b7224dc39896d4cfc381?s=96&d=mm&r=g80b2efc5844e688a6ffb9340c789e4c4","url":"https:\/\/secure.gravatar.com\/avatar\/701b23c665bfde9fd4d874d31feb4c16bf2ac173b2b0b7224dc39896d4cfc381?s=96&d=mm&r=g","contentUrl":"https:\/\/secure.gravatar.com\/avatar\/701b23c665bfde9fd4d874d31feb4c16bf2ac173b2b0b7224dc39896d4cfc381?s=96&d=mm&r=g","caption":"El Perico Staff"},"sameAs":["https:\/\/el-perico.com"],"url":"https:\/\/el-perico.com\/es\/author\/af6f1d62_admin\/"}]}},"_links":{"self":[{"href":"https:\/\/el-perico.com\/es\/wp-json\/wp\/v2\/posts\/2512","targetHints":{"allow":["GET"]}}],"collection":[{"href":"https:\/\/el-perico.com\/es\/wp-json\/wp\/v2\/posts"}],"about":[{"href":"https:\/\/el-perico.com\/es\/wp-json\/wp\/v2\/types\/post"}],"author":[{"embeddable":true,"href":"https:\/\/el-perico.com\/es\/wp-json\/wp\/v2\/users\/1"}],"replies":[{"embeddable":true,"href":"https:\/\/el-perico.com\/es\/wp-json\/wp\/v2\/comments?post=2512"}],"version-history":[{"count":1,"href":"https:\/\/el-perico.com\/es\/wp-json\/wp\/v2\/posts\/2512\/revisions"}],"predecessor-version":[{"id":6965,"href":"https:\/\/el-perico.com\/es\/wp-json\/wp\/v2\/posts\/2512\/revisions\/6965"}],"wp:attachment":[{"href":"https:\/\/el-perico.com\/es\/wp-json\/wp\/v2\/media?parent=2512"}],"wp:term":[{"taxonomy":"category","embeddable":true,"href":"https:\/\/el-perico.com\/es\/wp-json\/wp\/v2\/categories?post=2512"},{"taxonomy":"post_tag","embeddable":true,"href":"https:\/\/el-perico.com\/es\/wp-json\/wp\/v2\/tags?post=2512"},{"taxonomy":"newspack_spnsrs_tax","embeddable":true,"href":"https:\/\/el-perico.com\/es\/wp-json\/wp\/v2\/newspack_spnsrs_tax?post=2512"},{"taxonomy":"author","embeddable":true,"href":"https:\/\/el-perico.com\/es\/wp-json\/wp\/v2\/coauthors?post=2512"}],"curies":[{"name":"wp","href":"https:\/\/api.w.org\/{rel}","templated":true}]}}