{"id":2493,"date":"2018-12-27T20:22:48","date_gmt":"2018-12-27T20:22:48","guid":{"rendered":"https:\/\/el-perico.com\/?p=2493"},"modified":"2018-12-27T20:22:48","modified_gmt":"2018-12-27T20:22:48","slug":"orozco-se-une-a-la-policia-montada","status":"publish","type":"post","link":"https:\/\/el-perico.com\/es\/orozco-se-une-a-la-policia-montada\/","title":{"rendered":"Orozco se une a la polic\u00eda montada"},"content":{"rendered":"<p><img loading=\"lazy\" decoding=\"async\" class=\"alignnone  wp-image-2494\" src=\"https:\/\/el-perico.com\/wp-content\/uploads\/2019\/08\/181211-orozco-300x225.jpg\" alt=\"\" width=\"567\" height=\"425\" \/><br \/>\nHace tres a\u00f1os sorprendi\u00f3 la noticia del fallecimiento de la agente Kerrie Orozco, asesinada a tiros en el<br \/>\ncumplimiento de su deber, el 20 de mayo del 2015.<br \/>\nHoy, su recuerdo sigue vigente y su esposo H\u00e9ctor y su hija Olivia han contribuido notoriamente para que<br \/>\nas\u00ed sea.<br \/>\nLo \u00faltimo que realizaron fue la donaci\u00f3n de un caballo a la Unidad de Patrulla Montada de la Polic\u00eda de<br \/>\nOmaha. Donaci\u00f3n que fue gratamente recibida, bautizando al caballo como Orozco.<br \/>\nLo que sigui\u00f3 fue unos meses intensos de entrenamiento para que Orozco pudiera estar capacitado para<br \/>\npatrullar la ciudad.<br \/>\nAl fin, despu\u00e9s de un a\u00f1o, se llevo a cabo la ceremonia de graduaci\u00f3n de Orozco, a la que acudi\u00f3 por<br \/>\nsupuesto H\u00e9ctor y su peque\u00f1a hija Olivia. Tambi\u00e9n estubo el jefe de polic\u00eda, Todd Schmaderer quien<br \/>\nafirmo que: \u201cel recuerdo y respeto por la agente Orozco cada vez es m\u00e1s grande. Su esposo ha sido<br \/>\ntodo un ejemplo y definitivamente es parte de nuestra familia\u201d.<br \/>\nH\u00e9ctor dijo que la idea de donar el caballo surgi\u00f3 por la falta de tiempo que tenia para cuidar al animal,<br \/>\npues deb\u00eda concentrarse en su trabajo y en el cuidado de su familia. Entonces, decidi\u00f3 entregarlo a la<br \/>\nmejor familia adoptiva que pudiera encontrar: El Omaha Police Department (OPD)<br \/>\nFeliz mente Orozco concluyo su entrenamiento y el OPD asegura que dar\u00e1 el menor cuidado a este<br \/>\nnuevo elemento, del cual dicen estar seguros que har\u00e1 cosas importantes en la comunidad, junto a su<br \/>\njinete, el oficial Nathan Waller.<br \/>\n\u201cNo conoc\u00ed mucho a Kerrie, pero es todo un honor ser quien trabaje con Orozco. Es un animal muy d\u00f3cil<br \/>\ny esta listo para trabajar en nuestra demarcaci\u00f3n\u201d, dijo.<br \/>\nKerrie Orozco esta m\u00e1s presente despu\u00e9s de su partida. Lo ha estado en los \u00faltimos tres a\u00f1os gracias a<br \/>\nsu legado a trav\u00e9s del programa PACE (Police Athletics for Community Engagement) y de diversos<br \/>\neventos comunitarios. Y ahora lo estar\u00e1 tambi\u00e9n con ese m\u00e1s nuevo miembro de la patrulla montada que<br \/>\nrecien se ha graduado: Orozco.<\/p>\n","protected":false},"excerpt":{"rendered":"<p>Hace tres a\u00f1os sorprendi\u00f3 la noticia del fallecimiento de la agente Kerrie Orozco, asesinada a tiros en el cumplimiento de su deber, el 20 de mayo del 2015. Hoy, su recuerdo sigue vigente y su esposo H\u00e9ctor y su hija Olivia han contribuido notoriamente para que as\u00ed sea. Lo \u00faltimo que realizaron fue la donaci\u00f3n [&hellip;]<\/p>\n","protected":false},"author":1,"featured_media":0,"comment_status":"open","ping_status":"closed","sticky":false,"template":"","format":"standard","meta":{"newspack_ads_suppress_ads":false,"_newspack_byline_active":false,"_newspack_byline":"","newspack_hide_updated_date":false,"newspack_show_updated_date":false,"newspack_content_restriction_is_exempt":false,"newspack_featured_image_position":"","newspack_post_subtitle":"","newspack_article_summary_title":"Overview:","newspack_article_summary":"","footnotes":""},"categories":[39],"tags":[],"newspack_spnsrs_tax":[],"coauthors":[],"class_list":["post-2493","post","type-post","status-publish","format-standard","hentry","category-comunidad","entry"],"yoast_head":"<!-- This site is optimized with the Yoast SEO plugin v27.5 - https:\/\/yoast.com\/product\/yoast-seo-wordpress\/ -->\n<title>Orozco se une a la polic\u00eda montada - el perico<\/title>\n<meta name=\"robots\" content=\"index, follow, max-snippet:-1, max-image-preview:large, max-video-preview:-1\" \/>\n<link rel=\"canonical\" href=\"https:\/\/el-perico.com\/es\/orozco-se-une-a-la-policia-montada\/\" \/>\n<meta property=\"og:locale\" content=\"es_ES\" \/>\n<meta property=\"og:type\" content=\"article\" \/>\n<meta property=\"og:title\" content=\"Orozco se une a la polic\u00eda montada - el perico\" \/>\n<meta property=\"og:description\" content=\"Hace tres a\u00f1os sorprendi\u00f3 la noticia del fallecimiento de la agente Kerrie Orozco, asesinada a tiros en el cumplimiento de su deber, el 20 de mayo del 2015. Hoy, su recuerdo sigue vigente y su esposo H\u00e9ctor y su hija Olivia han contribuido notoriamente para que as\u00ed sea. Lo \u00faltimo que realizaron fue la donaci\u00f3n [&hellip;]\" \/>\n<meta property=\"og:url\" content=\"https:\/\/el-perico.com\/es\/orozco-se-une-a-la-policia-montada\/\" \/>\n<meta property=\"og:site_name\" content=\"el perico\" \/>\n<meta property=\"article:publisher\" content=\"https:\/\/www.facebook.com\/elpericoomaha\" \/>\n<meta property=\"article:published_time\" content=\"2018-12-27T20:22:48+00:00\" \/>\n<meta property=\"og:image\" content=\"https:\/\/el-perico.com\/wp-content\/uploads\/2019\/08\/181211-orozco-300x225.jpg\" \/>\n<meta name=\"author\" content=\"El Perico Staff\" \/>\n<meta name=\"twitter:card\" content=\"summary_large_image\" \/>\n<meta name=\"twitter:label1\" content=\"Escrito por\" \/>\n\t<meta name=\"twitter:data1\" content=\"El Perico Staff\" \/>\n\t<meta name=\"twitter:label2\" content=\"Tiempo de lectura\" \/>\n\t<meta name=\"twitter:data2\" content=\"2 minutos\" \/>\n\t<meta name=\"twitter:label3\" content=\"Written by\" \/>\n\t<meta name=\"twitter:data3\" content=\"El Perico Staff\" \/>\n<script type=\"application\/ld+json\" class=\"yoast-schema-graph\">{\"@context\":\"https:\\\/\\\/schema.org\",\"@graph\":[{\"@type\":\"Article\",\"@id\":\"https:\\\/\\\/el-perico.com\\\/es\\\/orozco-se-une-a-la-policia-montada\\\/#article\",\"isPartOf\":{\"@id\":\"https:\\\/\\\/el-perico.com\\\/es\\\/orozco-se-une-a-la-policia-montada\\\/\"},\"author\":{\"name\":\"El Perico Staff\",\"@id\":\"https:\\\/\\\/el-perico.com\\\/es\\\/#\\\/schema\\\/person\\\/1956e5e63b94d4bd0daf30675bdf4a93\"},\"headline\":\"Orozco se une a la polic\u00eda montada\",\"datePublished\":\"2018-12-27T20:22:48+00:00\",\"mainEntityOfPage\":{\"@id\":\"https:\\\/\\\/el-perico.com\\\/es\\\/orozco-se-une-a-la-policia-montada\\\/\"},\"wordCount\":367,\"commentCount\":0,\"publisher\":{\"@id\":\"https:\\\/\\\/el-perico.com\\\/es\\\/#organization\"},\"image\":{\"@id\":\"https:\\\/\\\/el-perico.com\\\/es\\\/orozco-se-une-a-la-policia-montada\\\/#primaryimage\"},\"thumbnailUrl\":\"https:\\\/\\\/el-perico.com\\\/wp-content\\\/uploads\\\/2019\\\/08\\\/181211-orozco-300x225.jpg\",\"articleSection\":[\"Comunidad\"],\"inLanguage\":\"es\",\"potentialAction\":[{\"@type\":\"CommentAction\",\"name\":\"Comment\",\"target\":[\"https:\\\/\\\/el-perico.com\\\/es\\\/orozco-se-une-a-la-policia-montada\\\/#respond\"]}]},{\"@type\":\"WebPage\",\"@id\":\"https:\\\/\\\/el-perico.com\\\/es\\\/orozco-se-une-a-la-policia-montada\\\/\",\"url\":\"https:\\\/\\\/el-perico.com\\\/es\\\/orozco-se-une-a-la-policia-montada\\\/\",\"name\":\"Orozco se une a la polic\u00eda montada - el perico\",\"isPartOf\":{\"@id\":\"https:\\\/\\\/el-perico.com\\\/es\\\/#website\"},\"primaryImageOfPage\":{\"@id\":\"https:\\\/\\\/el-perico.com\\\/es\\\/orozco-se-une-a-la-policia-montada\\\/#primaryimage\"},\"image\":{\"@id\":\"https:\\\/\\\/el-perico.com\\\/es\\\/orozco-se-une-a-la-policia-montada\\\/#primaryimage\"},\"thumbnailUrl\":\"https:\\\/\\\/el-perico.com\\\/wp-content\\\/uploads\\\/2019\\\/08\\\/181211-orozco-300x225.jpg\",\"datePublished\":\"2018-12-27T20:22:48+00:00\",\"breadcrumb\":{\"@id\":\"https:\\\/\\\/el-perico.com\\\/es\\\/orozco-se-une-a-la-policia-montada\\\/#breadcrumb\"},\"inLanguage\":\"es\",\"potentialAction\":[{\"@type\":\"ReadAction\",\"target\":[\"https:\\\/\\\/el-perico.com\\\/es\\\/orozco-se-une-a-la-policia-montada\\\/\"]}]},{\"@type\":\"ImageObject\",\"inLanguage\":\"es\",\"@id\":\"https:\\\/\\\/el-perico.com\\\/es\\\/orozco-se-une-a-la-policia-montada\\\/#primaryimage\",\"url\":\"https:\\\/\\\/el-perico.com\\\/wp-content\\\/uploads\\\/2019\\\/08\\\/181211-orozco-300x225.jpg\",\"contentUrl\":\"https:\\\/\\\/el-perico.com\\\/wp-content\\\/uploads\\\/2019\\\/08\\\/181211-orozco-300x225.jpg\"},{\"@type\":\"BreadcrumbList\",\"@id\":\"https:\\\/\\\/el-perico.com\\\/es\\\/orozco-se-une-a-la-policia-montada\\\/#breadcrumb\",\"itemListElement\":[{\"@type\":\"ListItem\",\"position\":1,\"name\":\"Home\",\"item\":\"https:\\\/\\\/el-perico.com\\\/es\\\/\"},{\"@type\":\"ListItem\",\"position\":2,\"name\":\"Orozco se une a la polic\u00eda montada\"}]},{\"@type\":\"WebSite\",\"@id\":\"https:\\\/\\\/el-perico.com\\\/es\\\/#website\",\"url\":\"https:\\\/\\\/el-perico.com\\\/es\\\/\",\"name\":\"el perico\",\"description\":\"La plataforma original de noticias e informaci\u00f3n para la comunidad hispana de Omaha\",\"publisher\":{\"@id\":\"https:\\\/\\\/el-perico.com\\\/es\\\/#organization\"},\"potentialAction\":[{\"@type\":\"SearchAction\",\"target\":{\"@type\":\"EntryPoint\",\"urlTemplate\":\"https:\\\/\\\/el-perico.com\\\/es\\\/?s={search_term_string}\"},\"query-input\":{\"@type\":\"PropertyValueSpecification\",\"valueRequired\":true,\"valueName\":\"search_term_string\"}}],\"inLanguage\":\"es\"},{\"@type\":\"Organization\",\"@id\":\"https:\\\/\\\/el-perico.com\\\/es\\\/#organization\",\"name\":\"el perico\",\"url\":\"https:\\\/\\\/el-perico.com\\\/es\\\/\",\"logo\":{\"@type\":\"ImageObject\",\"inLanguage\":\"es\",\"@id\":\"https:\\\/\\\/el-perico.com\\\/es\\\/#\\\/schema\\\/logo\\\/image\\\/\",\"url\":\"https:\\\/\\\/el-perico.com\\\/wp-content\\\/uploads\\\/2024\\\/05\\\/ElPerico-Logo_NPM-1-e1717102187440.png\",\"contentUrl\":\"https:\\\/\\\/el-perico.com\\\/wp-content\\\/uploads\\\/2024\\\/05\\\/ElPerico-Logo_NPM-1-e1717102187440.png\",\"width\":648,\"height\":216,\"caption\":\"el perico\"},\"image\":{\"@id\":\"https:\\\/\\\/el-perico.com\\\/es\\\/#\\\/schema\\\/logo\\\/image\\\/\"},\"sameAs\":[\"https:\\\/\\\/www.facebook.com\\\/elpericoomaha\"]},{\"@type\":\"Person\",\"@id\":\"https:\\\/\\\/el-perico.com\\\/es\\\/#\\\/schema\\\/person\\\/1956e5e63b94d4bd0daf30675bdf4a93\",\"name\":\"El Perico Staff\",\"image\":{\"@type\":\"ImageObject\",\"inLanguage\":\"es\",\"@id\":\"https:\\\/\\\/secure.gravatar.com\\\/avatar\\\/701b23c665bfde9fd4d874d31feb4c16bf2ac173b2b0b7224dc39896d4cfc381?s=96&d=mm&r=g80b2efc5844e688a6ffb9340c789e4c4\",\"url\":\"https:\\\/\\\/secure.gravatar.com\\\/avatar\\\/701b23c665bfde9fd4d874d31feb4c16bf2ac173b2b0b7224dc39896d4cfc381?s=96&d=mm&r=g\",\"contentUrl\":\"https:\\\/\\\/secure.gravatar.com\\\/avatar\\\/701b23c665bfde9fd4d874d31feb4c16bf2ac173b2b0b7224dc39896d4cfc381?s=96&d=mm&r=g\",\"caption\":\"El Perico Staff\"},\"sameAs\":[\"https:\\\/\\\/el-perico.com\"],\"url\":\"https:\\\/\\\/el-perico.com\\\/es\\\/author\\\/af6f1d62_admin\\\/\"}]}<\/script>\n<!-- \/ Yoast SEO plugin. -->","yoast_head_json":{"title":"Orozco se une a la polic\u00eda montada - el perico","robots":{"index":"index","follow":"follow","max-snippet":"max-snippet:-1","max-image-preview":"max-image-preview:large","max-video-preview":"max-video-preview:-1"},"canonical":"https:\/\/el-perico.com\/es\/orozco-se-une-a-la-policia-montada\/","og_locale":"es_ES","og_type":"article","og_title":"Orozco se une a la polic\u00eda montada - el perico","og_description":"Hace tres a\u00f1os sorprendi\u00f3 la noticia del fallecimiento de la agente Kerrie Orozco, asesinada a tiros en el cumplimiento de su deber, el 20 de mayo del 2015. Hoy, su recuerdo sigue vigente y su esposo H\u00e9ctor y su hija Olivia han contribuido notoriamente para que as\u00ed sea. Lo \u00faltimo que realizaron fue la donaci\u00f3n [&hellip;]","og_url":"https:\/\/el-perico.com\/es\/orozco-se-une-a-la-policia-montada\/","og_site_name":"el perico","article_publisher":"https:\/\/www.facebook.com\/elpericoomaha","article_published_time":"2018-12-27T20:22:48+00:00","og_image":[{"url":"https:\/\/el-perico.com\/wp-content\/uploads\/2019\/08\/181211-orozco-300x225.jpg","type":"","width":"","height":""}],"author":"El Perico Staff","twitter_card":"summary_large_image","twitter_misc":{"Escrito por":"El Perico Staff","Tiempo de lectura":"2 minutos","Written by":"El Perico Staff"},"schema":{"@context":"https:\/\/schema.org","@graph":[{"@type":"Article","@id":"https:\/\/el-perico.com\/es\/orozco-se-une-a-la-policia-montada\/#article","isPartOf":{"@id":"https:\/\/el-perico.com\/es\/orozco-se-une-a-la-policia-montada\/"},"author":{"name":"El Perico Staff","@id":"https:\/\/el-perico.com\/es\/#\/schema\/person\/1956e5e63b94d4bd0daf30675bdf4a93"},"headline":"Orozco se une a la polic\u00eda montada","datePublished":"2018-12-27T20:22:48+00:00","mainEntityOfPage":{"@id":"https:\/\/el-perico.com\/es\/orozco-se-une-a-la-policia-montada\/"},"wordCount":367,"commentCount":0,"publisher":{"@id":"https:\/\/el-perico.com\/es\/#organization"},"image":{"@id":"https:\/\/el-perico.com\/es\/orozco-se-une-a-la-policia-montada\/#primaryimage"},"thumbnailUrl":"https:\/\/el-perico.com\/wp-content\/uploads\/2019\/08\/181211-orozco-300x225.jpg","articleSection":["Comunidad"],"inLanguage":"es","potentialAction":[{"@type":"CommentAction","name":"Comment","target":["https:\/\/el-perico.com\/es\/orozco-se-une-a-la-policia-montada\/#respond"]}]},{"@type":"WebPage","@id":"https:\/\/el-perico.com\/es\/orozco-se-une-a-la-policia-montada\/","url":"https:\/\/el-perico.com\/es\/orozco-se-une-a-la-policia-montada\/","name":"Orozco se une a la polic\u00eda montada - el perico","isPartOf":{"@id":"https:\/\/el-perico.com\/es\/#website"},"primaryImageOfPage":{"@id":"https:\/\/el-perico.com\/es\/orozco-se-une-a-la-policia-montada\/#primaryimage"},"image":{"@id":"https:\/\/el-perico.com\/es\/orozco-se-une-a-la-policia-montada\/#primaryimage"},"thumbnailUrl":"https:\/\/el-perico.com\/wp-content\/uploads\/2019\/08\/181211-orozco-300x225.jpg","datePublished":"2018-12-27T20:22:48+00:00","breadcrumb":{"@id":"https:\/\/el-perico.com\/es\/orozco-se-une-a-la-policia-montada\/#breadcrumb"},"inLanguage":"es","potentialAction":[{"@type":"ReadAction","target":["https:\/\/el-perico.com\/es\/orozco-se-une-a-la-policia-montada\/"]}]},{"@type":"ImageObject","inLanguage":"es","@id":"https:\/\/el-perico.com\/es\/orozco-se-une-a-la-policia-montada\/#primaryimage","url":"https:\/\/el-perico.com\/wp-content\/uploads\/2019\/08\/181211-orozco-300x225.jpg","contentUrl":"https:\/\/el-perico.com\/wp-content\/uploads\/2019\/08\/181211-orozco-300x225.jpg"},{"@type":"BreadcrumbList","@id":"https:\/\/el-perico.com\/es\/orozco-se-une-a-la-policia-montada\/#breadcrumb","itemListElement":[{"@type":"ListItem","position":1,"name":"Home","item":"https:\/\/el-perico.com\/es\/"},{"@type":"ListItem","position":2,"name":"Orozco se une a la polic\u00eda montada"}]},{"@type":"WebSite","@id":"https:\/\/el-perico.com\/es\/#website","url":"https:\/\/el-perico.com\/es\/","name":"el perico","description":"La plataforma original de noticias e informaci\u00f3n para la comunidad hispana de Omaha","publisher":{"@id":"https:\/\/el-perico.com\/es\/#organization"},"potentialAction":[{"@type":"SearchAction","target":{"@type":"EntryPoint","urlTemplate":"https:\/\/el-perico.com\/es\/?s={search_term_string}"},"query-input":{"@type":"PropertyValueSpecification","valueRequired":true,"valueName":"search_term_string"}}],"inLanguage":"es"},{"@type":"Organization","@id":"https:\/\/el-perico.com\/es\/#organization","name":"el perico","url":"https:\/\/el-perico.com\/es\/","logo":{"@type":"ImageObject","inLanguage":"es","@id":"https:\/\/el-perico.com\/es\/#\/schema\/logo\/image\/","url":"https:\/\/el-perico.com\/wp-content\/uploads\/2024\/05\/ElPerico-Logo_NPM-1-e1717102187440.png","contentUrl":"https:\/\/el-perico.com\/wp-content\/uploads\/2024\/05\/ElPerico-Logo_NPM-1-e1717102187440.png","width":648,"height":216,"caption":"el perico"},"image":{"@id":"https:\/\/el-perico.com\/es\/#\/schema\/logo\/image\/"},"sameAs":["https:\/\/www.facebook.com\/elpericoomaha"]},{"@type":"Person","@id":"https:\/\/el-perico.com\/es\/#\/schema\/person\/1956e5e63b94d4bd0daf30675bdf4a93","name":"El Perico Staff","image":{"@type":"ImageObject","inLanguage":"es","@id":"https:\/\/secure.gravatar.com\/avatar\/701b23c665bfde9fd4d874d31feb4c16bf2ac173b2b0b7224dc39896d4cfc381?s=96&d=mm&r=g80b2efc5844e688a6ffb9340c789e4c4","url":"https:\/\/secure.gravatar.com\/avatar\/701b23c665bfde9fd4d874d31feb4c16bf2ac173b2b0b7224dc39896d4cfc381?s=96&d=mm&r=g","contentUrl":"https:\/\/secure.gravatar.com\/avatar\/701b23c665bfde9fd4d874d31feb4c16bf2ac173b2b0b7224dc39896d4cfc381?s=96&d=mm&r=g","caption":"El Perico Staff"},"sameAs":["https:\/\/el-perico.com"],"url":"https:\/\/el-perico.com\/es\/author\/af6f1d62_admin\/"}]}},"_links":{"self":[{"href":"https:\/\/el-perico.com\/es\/wp-json\/wp\/v2\/posts\/2493","targetHints":{"allow":["GET"]}}],"collection":[{"href":"https:\/\/el-perico.com\/es\/wp-json\/wp\/v2\/posts"}],"about":[{"href":"https:\/\/el-perico.com\/es\/wp-json\/wp\/v2\/types\/post"}],"author":[{"embeddable":true,"href":"https:\/\/el-perico.com\/es\/wp-json\/wp\/v2\/users\/1"}],"replies":[{"embeddable":true,"href":"https:\/\/el-perico.com\/es\/wp-json\/wp\/v2\/comments?post=2493"}],"version-history":[{"count":0,"href":"https:\/\/el-perico.com\/es\/wp-json\/wp\/v2\/posts\/2493\/revisions"}],"wp:attachment":[{"href":"https:\/\/el-perico.com\/es\/wp-json\/wp\/v2\/media?parent=2493"}],"wp:term":[{"taxonomy":"category","embeddable":true,"href":"https:\/\/el-perico.com\/es\/wp-json\/wp\/v2\/categories?post=2493"},{"taxonomy":"post_tag","embeddable":true,"href":"https:\/\/el-perico.com\/es\/wp-json\/wp\/v2\/tags?post=2493"},{"taxonomy":"newspack_spnsrs_tax","embeddable":true,"href":"https:\/\/el-perico.com\/es\/wp-json\/wp\/v2\/newspack_spnsrs_tax?post=2493"},{"taxonomy":"author","embeddable":true,"href":"https:\/\/el-perico.com\/es\/wp-json\/wp\/v2\/coauthors?post=2493"}],"curies":[{"name":"wp","href":"https:\/\/api.w.org\/{rel}","templated":true}]}}