{"id":2398,"date":"2018-11-01T15:16:16","date_gmt":"2018-11-01T15:16:16","guid":{"rendered":"https:\/\/el-perico.com\/?p=2398"},"modified":"2022-03-26T23:17:40","modified_gmt":"2022-03-27T03:17:40","slug":"conozca-a-sus-candidatos-locales-2","status":"publish","type":"post","link":"https:\/\/el-perico.com\/es\/conozca-a-sus-candidatos-locales-2\/","title":{"rendered":"Conozca a sus candidatos locales"},"content":{"rendered":"<p><img loading=\"lazy\" decoding=\"async\" class=\"alignnone size-full wp-image-2400\" src=\"https:\/\/el-perico.com\/wp-content\/uploads\/2019\/08\/Larry-Bradley-1.jpg\" alt=\"\" width=\"220\" height=\"280\"><br \/>\nLarry Bradley \u2013 Un educador en la contienda por la educaci\u00f3n<br \/>\nsuperior<br \/>\nLarry Bradley est\u00e1 en la contienda por el Consejo de Regentes de<br \/>\nNebraska en el Distrito Cuatro el cual incluye al Norte de Omaha,<br \/>\nMidtown y al Sur de Omaha.<br \/>\nBradley dijo que hay cuatro razones espec\u00edficas para participar en esta<br \/>\ncontienda: \u201cN\u00famero uno: educaci\u00f3n costeable. N\u00famero dos: derechos<br \/>\nciviles, derechos humanos, derechos de los estudiantes y derechos de los<br \/>\ntrabajadores. N\u00famero tres: libertad pro-academia y pro-ciencia. Y<br \/>\nn\u00famero cuatro: defensa del medio ambiente\u201d.<br \/>\n\u00c9l dijo que considera que lo que le separa de sus competidores es que \u00e9l<br \/>\ns\u00ed es del distrito.<br \/>\n\u201cYo estudi\u00e9 en una escuela en el centro de Omaha a finales de 1960 y<br \/>\nprincipios de 1979. Hab\u00eda muchos motines raciales, pero esa escuela<br \/>\nestaba justo frente a Central High, en el cruce de Omaha. Yo crec\u00ed en la<br \/>\njungla de concreto del centro de Omaha. Pero a\u00fan en ese crecimiento<br \/>\nentre violencia y pobreza extrema yo pude abrirme camino hasta recibir<br \/>\nuna baja honrosa del Ejercito de los Estados Unidos de Norteam\u00e9rica\u201d,<br \/>\nnos comenta.<br \/>\nA Bradley le gusta interactuar con las personas en su distrito, en donde<br \/>\nha hecho mucho bien.<br \/>\nOtra cosa que siente le separa de sus oponentes es que \u00e9l ha sido electo<br \/>\npor las personas en dos ocasiones. \u00c9l sirvi\u00f3 en el Consejo NRD del R\u00edo<br \/>\nMissouri en el periodo 2008-2012 y fue electo para servir en el consejo<br \/>\nen el 2016.<br \/>\n\u201cFui electo inicialmente en el 2008 durante una gran recesi\u00f3n. Yo quer\u00eda<br \/>\nayudar a las personas a poder volver a trabajar y vot\u00e9 en muchos<br \/>\nproyectos que ayudaron a que eso pasar. Durante los cinco a\u00f1os que<br \/>\nestuve en el Comit\u00e9 Financiero de NRD ayud\u00e9 a supervisar un<br \/>\npresupuesto aproximado de $70,000,000 anuales. Y ni una sola vez<br \/>\nincrement\u00e9 la exacci\u00f3n fiscal\u201d, nos dijo.<br \/>\nBradley, quien es mitad mexicano y mitad irland\u00e9s, trabaj\u00f3 arduamente<br \/>\ncuando fue comandante del American GI Forum para ayudar a asegurar<br \/>\nque los estudiantes latinos tuvieren mejores oportunidades de obtener<br \/>\nuna educaci\u00f3n universitaria en Creighton, UNO, UNL y en el<br \/>\nMetropolitan Community College.<br \/>\nCuando se le pregunt\u00f3 por qu\u00e9 considera que las personas deben<br \/>\npresentarse a votar el 6 de noviembre, Bradley dijo: \u201cLos veteranos no<br \/>\ntoman la vida a la ligera. Las personas necesitan darse cuenta de que<br \/>\nmuchas personas dieron su vida para que todos tengan derecho a votar.<br \/>\nEs su deber c\u00edvico salir a votar\u201d.<br \/>\nBradleyforregent.com<br \/>\n&nbsp;<br \/>\n<img loading=\"lazy\" decoding=\"async\" class=\"alignnone size-medium wp-image-2401\" src=\"https:\/\/el-perico.com\/wp-content\/uploads\/2019\/08\/Dulce-Sherman-1--300x201.jpg\" alt=\"\" width=\"300\" height=\"201\"><br \/>\nDulce Sherman \u2013 Una mam\u00e1 con una misi\u00f3n<br \/>\nDulce Sherman tiene cuatro hijos que han asistido al Distrito Escolar<br \/>\nMillard. \u00c9l \u00faltimo se gradu\u00f3 el a\u00f1o pasado. Ella ha vivido en Millard<br \/>\ndurante 30 a\u00f1os, realizando trabajo comunitario y trabajando con<br \/>\nliderazgo en recursos humanos.<br \/>\nUna de principales razones para postularse para el Consejo de Educaci\u00f3n<br \/>\nMillard es para ser un defensor de los ni\u00f1os con necesidades de<br \/>\neducaci\u00f3n especial &#8211; cualquiera con una discapacidad de aprendizaje.<br \/>\nSherman tiene experiencia en esta \u00e1rea. \u201cNosotros tenemos dos ni\u00f1os<br \/>\nque son de aprendizaje con capacidades excepcionales y dos que tienen<br \/>\ndiscapacidades de aprendizaje\u201d.<br \/>\nElla coment\u00f3 que uno de sus hijos tambi\u00e9n luch\u00f3 con depresi\u00f3n y que<br \/>\nhab\u00eda tratado suicidarse.<br \/>\n\u201cYo quiero asegurarme de que nuestras escuelas tengan la apropiada<br \/>\nvaloraci\u00f3n temprana. No deber\u00eda necesitarse que un ni\u00f1o est\u00e9 teniendo<br \/>\nmalas calificaciones para que se intervenga. Tiene que haber una mejor<br \/>\nforma de identificar antes a los ni\u00f1os que est\u00e1n en riesgo. Necesitamos<br \/>\nver si estamos proporcion\u00e1ndoles un adecuado apoyo de salud\u201d, explic\u00f3<br \/>\nSherman.<br \/>\nElla cree fuertemente en que todos los ni\u00f1os deben sentir que tienen<br \/>\nderecho a una educaci\u00f3n.<br \/>\n\u201c\u00bfQu\u00e9 har\u00e1n las escuelas para asegurar que cada estudiante tenga \u00e9xito?<br \/>\nEstamos muy enfocados en la academia y eso est\u00e1 bien, pero cada ni\u00f1o<br \/>\nnecesita la oportunidad de tener \u00e9xito\u201d, nos dijo.<br \/>\nActualmente hay 24,000 estudiantes en Millard con una tasa de<br \/>\ngraduados de alrededor del 93%. Sherman se pregunta qu\u00e9 est\u00e1 pasando<br \/>\ncon ese 7% que no se est\u00e1 graduando.<br \/>\nPor su parte, Sherman coment\u00f3 que ella traer\u00eda nuevas ideas y energ\u00eda al<br \/>\nconsejo.<br \/>\nElla considera que el distrito escolar se ha apoyado demasiado en los<br \/>\nimpuestos sobre inmuebles y ella quiere brindar algunas nuevas formas<br \/>\ncreativas de pensamiento.<br \/>\n\u201cAdem\u00e1s, aunque Millard es un 20% minor\u00edas (no incluyendo a los<br \/>\nni\u00f1os con alguna discapacidad de aprendizaje o quienes se identifican<br \/>\ncomo LGBTQ+), existe una necesidad de ser la representaci\u00f3n de o una<br \/>\nvoz para esos ni\u00f1os y yo quiero hacer eso\u201d, nos comenta.<br \/>\nSherman actualmente trabaja para una organizaci\u00f3n sin fines de lucro en<br \/>\nla industria de la salud y tambi\u00e9n realiza mucho trabajo comunitario<br \/>\nfuera de su empleo.<br \/>\n\u201cYo creo que una de las cosas que debemos ense\u00f1ar a nuestros hijos es<br \/>\nc\u00f3mo deben dar de vuelta a la comunidad\u201d, nos coment\u00f3.<br \/>\nSherman explic\u00f3 que una de las cosas que el Distrito Escolar Millard<br \/>\nest\u00e1 apreciando es que ha habido un incremento del 30% en el<br \/>\nAprendizaje del Idioma Ingl\u00e9s. Ella considera que eso muestra que hay<br \/>\nuna necesidad para este tipo de programas de idiomas.<br \/>\n\u201cEso me dice que necesitamos poner atenci\u00f3n a c\u00f3mo est\u00e1n cambiando<br \/>\nnuestras demograf\u00eda, nivel de pobreza y variables socioecon\u00f3micas.<br \/>\n\u00bfQu\u00e9 estanos haciendo desde la perspectiva de la escuela para<br \/>\nenfocarnos en ello de forma proactiva? \u00bfC\u00f3mo creamos una<br \/>\nparticipaci\u00f3n de los padres para que los padres y los estudiantes se<br \/>\ninvolucren?\u201d, pregunt\u00f3 Sherman.<br \/>\nCuando se pregunt\u00f3 a Sherman por qu\u00e9 las personas deben salir a votar<br \/>\nen noviembre, ella nos dijo: \u201cPorque su voz es importante. Un voto<br \/>\npuede hacer la diferencia. Yo s\u00e9 que hay quienes no creen eso. Yo pienso<br \/>\nque algunas personas han perdido la esperanza en el proceso pol\u00edtico,<br \/>\nque las cosas cambiar\u00e1n. Pero piensen en sus hijos. Piensen en sus nietos<br \/>\ny c\u00f3mo nuestro futuro ser\u00e1 impactado si no tomamos una decisi\u00f3n ahora.<br \/>\nDepende de nosotros, as\u00ed que hay que recordarlo en noviembre. Voten<br \/>\npor el cambio. Voten por los ni\u00f1os. Voten por nuestro futuro\u201d.<br \/>\nSherman4mpsboard.com<br \/>\n&nbsp;<br \/>\n<img loading=\"lazy\" decoding=\"async\" class=\"alignnone size-medium wp-image-2402\" src=\"https:\/\/el-perico.com\/wp-content\/uploads\/2019\/08\/Erik-Servellon-1-300x300.jpg\" alt=\"\" width=\"300\" height=\"300\"><br \/>\nErik Servellon \u2013 Listo para trabajar por un cambio<br \/>\nErik Servellon est\u00e1 contendiendo en la elecci\u00f3n general para el Distrito 5<br \/>\nen el Concejo Coordinador de la Learning Community (Comunidad de<br \/>\nAprendizaje).<br \/>\nServellon explic\u00f3 que la raz\u00f3n principal para buscar el puesto es, \u201cyo en<br \/>\nverdad quiero llevar mi experiencia militar y en organizaciones sin fines<br \/>\nde lucro a la Learning Community pata asegurarme y defender que la<br \/>\nLearning Community siga comprometida con su misi\u00f3n de cerrar la<br \/>\nbrecha de logos en las \u00e1reas pobres en el distrito y siempre ser<br \/>\nfiscalmente responsable con su dinero\u201d.<br \/>\n\u00c9l dijo que le encanta que la Learning Community no tenga miedo de<br \/>\nprobar cosas nuevas. Servellon comenta que celebran el \u00e9xito, reconocen<br \/>\nlos fracasos y siguen adelante.<br \/>\nServellon tambi\u00e9n quiere ser un defensor para la Learning Community.<br \/>\nDespu\u00e9s de visitar los centros y leer todo sobre su trabajo y tras reunirse<br \/>\ncon las personas, \u00e9l decidi\u00f3 que la Learning Community en verdad era<br \/>\nuna valiosa gema subvalorada.<br \/>\n\u201cYo en verdad quiero conectar con los oficiales electos, conectar con los<br \/>\nl\u00edderes comunitarios, conectar con nuestra incre\u00edble comunidad<br \/>\nfilantr\u00f3pica y decirles: \u2018Saben, la Learning Community est\u00e1 haciendo<br \/>\ncosas fenomenales\u2019. Yo quiero ayudar a facilitar esas conexiones\u201d,<br \/>\nexplico Servellon.<br \/>\nComenta que \u00e9l considera que lo que le separa de otros candidatos es<br \/>\nque \u00e9l quiere defender y promover la Learning Community y no que sea<br \/>\ndesmantelada.<br \/>\nServellon dijo que su experiencia militar es algo en lo que \u00e9l se apoya:<br \/>\n\u201cYo tengo que enfocarme en la misi\u00f3n y con una actitud can-do que creo<br \/>\npodr\u00eda beneficiar a la Learning Community\u201d.<br \/>\n\u00c9l mencion\u00f3 que su experiencia en organizaciones sin fines de lucro le<br \/>\nense\u00f1o a ser un buen administrador del dinero del p\u00fablico.<br \/>\nDe ser electo, Servellon quiere expandir los programas de aprendizaje<br \/>\nfamiliar, en especial de ingl\u00e9s para padres. En el centro del Sur de<br \/>\nOmaha, \u00e9l dijo que tienen un curso en tecnolog\u00eda en el que ense\u00f1an a las<br \/>\npersonas c\u00f3mo usar computadoras y redactar sus curr\u00edculos, pero ese<br \/>\ncurso ha superado ya el espacio actual. Servellon tambi\u00e9n quisiera<br \/>\nexpandir ese programa.<br \/>\n\u00bfPor qu\u00e9 considera Servellon que las personas deben votar por \u00e9l?<br \/>\n\u201cPorque el que la Learning Community est\u00e9 m\u00e1s abajo en la boleta tiene<br \/>\nramificaciones reales para nuestros estudiantes, para nuestros padres y al<br \/>\nfinal t\u00fa est\u00e1s decidiendo, los votantes est\u00e1n decidiendo y es su elecci\u00f3n<br \/>\ndecidir qui\u00e9n les representar\u00e1. Es tu voz. S\u00ed tienes una voz, pero debes<br \/>\nescoger usarla. As\u00ed que por favor salgan a votar pues es una de los<br \/>\ndeberes c\u00edvicos m\u00e1s importantes que tenemos\u201d, nos dijo.<br \/>\nServellon coment\u00f3 que \u00e9l en verdad cree en ese tipo de estilo de<br \/>\nliderazgo servicial: \u201cHe servido a mi pa\u00eds y ahora quiero servir a mi<br \/>\ncomunidad\u201d.<br \/>\nErikserves.com<\/p>\n","protected":false},"excerpt":{"rendered":"<p>Larry Bradley \u2013 Un educador en la contienda por la educaci\u00f3n superior Larry Bradley est\u00e1 en la contienda por el Consejo de Regentes de Nebraska en el Distrito Cuatro el cual incluye al Norte de Omaha, Midtown y al Sur de Omaha. Bradley dijo que hay cuatro razones espec\u00edficas para participar en esta contienda: \u201cN\u00famero [&hellip;]<\/p>\n","protected":false},"author":1,"featured_media":0,"comment_status":"open","ping_status":"closed","sticky":false,"template":"","format":"standard","meta":{"newspack_ads_suppress_ads":false,"_newspack_byline_active":false,"_newspack_byline":"","newspack_hide_updated_date":false,"newspack_show_updated_date":false,"newspack_content_restriction_is_exempt":false,"newspack_featured_image_position":"","newspack_post_subtitle":"","newspack_article_summary_title":"Overview:","newspack_article_summary":"","footnotes":""},"categories":[39],"tags":[],"newspack_spnsrs_tax":[],"coauthors":[1233],"class_list":["post-2398","post","type-post","status-publish","format-standard","hentry","category-comunidad","entry"],"yoast_head":"<!-- This site is optimized with the Yoast SEO plugin v27.4 - https:\/\/yoast.com\/product\/yoast-seo-wordpress\/ -->\n<title>Conozca a sus candidatos locales - el perico<\/title>\n<meta name=\"robots\" content=\"index, follow, max-snippet:-1, max-image-preview:large, max-video-preview:-1\" \/>\n<link rel=\"canonical\" href=\"https:\/\/el-perico.com\/es\/conozca-a-sus-candidatos-locales-2\/\" \/>\n<meta property=\"og:locale\" content=\"es_ES\" \/>\n<meta property=\"og:type\" content=\"article\" \/>\n<meta property=\"og:title\" content=\"Conozca a sus candidatos locales - el perico\" \/>\n<meta property=\"og:description\" content=\"Larry Bradley \u2013 Un educador en la contienda por la educaci\u00f3n superior Larry Bradley est\u00e1 en la contienda por el Consejo de Regentes de Nebraska en el Distrito Cuatro el cual incluye al Norte de Omaha, Midtown y al Sur de Omaha. Bradley dijo que hay cuatro razones espec\u00edficas para participar en esta contienda: \u201cN\u00famero [&hellip;]\" \/>\n<meta property=\"og:url\" content=\"https:\/\/el-perico.com\/es\/conozca-a-sus-candidatos-locales-2\/\" \/>\n<meta property=\"og:site_name\" content=\"el perico\" \/>\n<meta property=\"article:publisher\" content=\"https:\/\/www.facebook.com\/elpericoomaha\" \/>\n<meta property=\"article:published_time\" content=\"2018-11-01T15:16:16+00:00\" \/>\n<meta property=\"article:modified_time\" content=\"2022-03-27T03:17:40+00:00\" \/>\n<meta property=\"og:image\" content=\"https:\/\/el-perico.com\/wp-content\/uploads\/2019\/08\/Larry-Bradley-1.jpg\" \/>\n<meta name=\"author\" content=\"El Perico Staff\" \/>\n<meta name=\"twitter:card\" content=\"summary_large_image\" \/>\n<meta name=\"twitter:label1\" content=\"Escrito por\" \/>\n\t<meta name=\"twitter:data1\" content=\"El Perico Staff\" \/>\n\t<meta name=\"twitter:label2\" content=\"Tiempo de lectura\" \/>\n\t<meta name=\"twitter:data2\" content=\"7 minutos\" \/>\n\t<meta name=\"twitter:label3\" content=\"Written by\" \/>\n\t<meta name=\"twitter:data3\" content=\"El Perico Staff\" \/>\n<script type=\"application\/ld+json\" class=\"yoast-schema-graph\">{\"@context\":\"https:\\\/\\\/schema.org\",\"@graph\":[{\"@type\":\"Article\",\"@id\":\"https:\\\/\\\/el-perico.com\\\/es\\\/conozca-a-sus-candidatos-locales-2\\\/#article\",\"isPartOf\":{\"@id\":\"https:\\\/\\\/el-perico.com\\\/es\\\/conozca-a-sus-candidatos-locales-2\\\/\"},\"author\":{\"name\":\"El Perico Staff\",\"@id\":\"https:\\\/\\\/el-perico.com\\\/es\\\/#\\\/schema\\\/person\\\/1956e5e63b94d4bd0daf30675bdf4a93\"},\"headline\":\"Conozca a sus candidatos locales\",\"datePublished\":\"2018-11-01T15:16:16+00:00\",\"dateModified\":\"2022-03-27T03:17:40+00:00\",\"mainEntityOfPage\":{\"@id\":\"https:\\\/\\\/el-perico.com\\\/es\\\/conozca-a-sus-candidatos-locales-2\\\/\"},\"wordCount\":1521,\"commentCount\":0,\"publisher\":{\"@id\":\"https:\\\/\\\/el-perico.com\\\/es\\\/#organization\"},\"image\":{\"@id\":\"https:\\\/\\\/el-perico.com\\\/es\\\/conozca-a-sus-candidatos-locales-2\\\/#primaryimage\"},\"thumbnailUrl\":\"https:\\\/\\\/el-perico.com\\\/wp-content\\\/uploads\\\/2019\\\/08\\\/Larry-Bradley-1.jpg\",\"articleSection\":[\"Comunidad\"],\"inLanguage\":\"es\",\"potentialAction\":[{\"@type\":\"CommentAction\",\"name\":\"Comment\",\"target\":[\"https:\\\/\\\/el-perico.com\\\/es\\\/conozca-a-sus-candidatos-locales-2\\\/#respond\"]}]},{\"@type\":\"WebPage\",\"@id\":\"https:\\\/\\\/el-perico.com\\\/es\\\/conozca-a-sus-candidatos-locales-2\\\/\",\"url\":\"https:\\\/\\\/el-perico.com\\\/es\\\/conozca-a-sus-candidatos-locales-2\\\/\",\"name\":\"Conozca a sus candidatos locales - el perico\",\"isPartOf\":{\"@id\":\"https:\\\/\\\/el-perico.com\\\/es\\\/#website\"},\"primaryImageOfPage\":{\"@id\":\"https:\\\/\\\/el-perico.com\\\/es\\\/conozca-a-sus-candidatos-locales-2\\\/#primaryimage\"},\"image\":{\"@id\":\"https:\\\/\\\/el-perico.com\\\/es\\\/conozca-a-sus-candidatos-locales-2\\\/#primaryimage\"},\"thumbnailUrl\":\"https:\\\/\\\/el-perico.com\\\/wp-content\\\/uploads\\\/2019\\\/08\\\/Larry-Bradley-1.jpg\",\"datePublished\":\"2018-11-01T15:16:16+00:00\",\"dateModified\":\"2022-03-27T03:17:40+00:00\",\"breadcrumb\":{\"@id\":\"https:\\\/\\\/el-perico.com\\\/es\\\/conozca-a-sus-candidatos-locales-2\\\/#breadcrumb\"},\"inLanguage\":\"es\",\"potentialAction\":[{\"@type\":\"ReadAction\",\"target\":[\"https:\\\/\\\/el-perico.com\\\/es\\\/conozca-a-sus-candidatos-locales-2\\\/\"]}]},{\"@type\":\"ImageObject\",\"inLanguage\":\"es\",\"@id\":\"https:\\\/\\\/el-perico.com\\\/es\\\/conozca-a-sus-candidatos-locales-2\\\/#primaryimage\",\"url\":\"https:\\\/\\\/el-perico.com\\\/wp-content\\\/uploads\\\/2019\\\/08\\\/Larry-Bradley-1.jpg\",\"contentUrl\":\"https:\\\/\\\/el-perico.com\\\/wp-content\\\/uploads\\\/2019\\\/08\\\/Larry-Bradley-1.jpg\"},{\"@type\":\"BreadcrumbList\",\"@id\":\"https:\\\/\\\/el-perico.com\\\/es\\\/conozca-a-sus-candidatos-locales-2\\\/#breadcrumb\",\"itemListElement\":[{\"@type\":\"ListItem\",\"position\":1,\"name\":\"Home\",\"item\":\"https:\\\/\\\/el-perico.com\\\/es\\\/\"},{\"@type\":\"ListItem\",\"position\":2,\"name\":\"Conozca a sus candidatos locales\"}]},{\"@type\":\"WebSite\",\"@id\":\"https:\\\/\\\/el-perico.com\\\/es\\\/#website\",\"url\":\"https:\\\/\\\/el-perico.com\\\/es\\\/\",\"name\":\"el perico\",\"description\":\"La plataforma original de noticias e informaci\u00f3n para la comunidad hispana de Omaha\",\"publisher\":{\"@id\":\"https:\\\/\\\/el-perico.com\\\/es\\\/#organization\"},\"potentialAction\":[{\"@type\":\"SearchAction\",\"target\":{\"@type\":\"EntryPoint\",\"urlTemplate\":\"https:\\\/\\\/el-perico.com\\\/es\\\/?s={search_term_string}\"},\"query-input\":{\"@type\":\"PropertyValueSpecification\",\"valueRequired\":true,\"valueName\":\"search_term_string\"}}],\"inLanguage\":\"es\"},{\"@type\":\"Organization\",\"@id\":\"https:\\\/\\\/el-perico.com\\\/es\\\/#organization\",\"name\":\"el perico\",\"url\":\"https:\\\/\\\/el-perico.com\\\/es\\\/\",\"logo\":{\"@type\":\"ImageObject\",\"inLanguage\":\"es\",\"@id\":\"https:\\\/\\\/el-perico.com\\\/es\\\/#\\\/schema\\\/logo\\\/image\\\/\",\"url\":\"https:\\\/\\\/el-perico.com\\\/wp-content\\\/uploads\\\/2024\\\/05\\\/ElPerico-Logo_NPM-1-e1717102187440.png\",\"contentUrl\":\"https:\\\/\\\/el-perico.com\\\/wp-content\\\/uploads\\\/2024\\\/05\\\/ElPerico-Logo_NPM-1-e1717102187440.png\",\"width\":648,\"height\":216,\"caption\":\"el perico\"},\"image\":{\"@id\":\"https:\\\/\\\/el-perico.com\\\/es\\\/#\\\/schema\\\/logo\\\/image\\\/\"},\"sameAs\":[\"https:\\\/\\\/www.facebook.com\\\/elpericoomaha\"]},{\"@type\":\"Person\",\"@id\":\"https:\\\/\\\/el-perico.com\\\/es\\\/#\\\/schema\\\/person\\\/1956e5e63b94d4bd0daf30675bdf4a93\",\"name\":\"El Perico Staff\",\"image\":{\"@type\":\"ImageObject\",\"inLanguage\":\"es\",\"@id\":\"https:\\\/\\\/secure.gravatar.com\\\/avatar\\\/701b23c665bfde9fd4d874d31feb4c16bf2ac173b2b0b7224dc39896d4cfc381?s=96&d=mm&r=g80b2efc5844e688a6ffb9340c789e4c4\",\"url\":\"https:\\\/\\\/secure.gravatar.com\\\/avatar\\\/701b23c665bfde9fd4d874d31feb4c16bf2ac173b2b0b7224dc39896d4cfc381?s=96&d=mm&r=g\",\"contentUrl\":\"https:\\\/\\\/secure.gravatar.com\\\/avatar\\\/701b23c665bfde9fd4d874d31feb4c16bf2ac173b2b0b7224dc39896d4cfc381?s=96&d=mm&r=g\",\"caption\":\"El Perico Staff\"},\"sameAs\":[\"https:\\\/\\\/el-perico.com\"],\"url\":\"https:\\\/\\\/el-perico.com\\\/es\\\/author\\\/af6f1d62_admin\\\/\"}]}<\/script>\n<!-- \/ Yoast SEO plugin. -->","yoast_head_json":{"title":"Conozca a sus candidatos locales - el perico","robots":{"index":"index","follow":"follow","max-snippet":"max-snippet:-1","max-image-preview":"max-image-preview:large","max-video-preview":"max-video-preview:-1"},"canonical":"https:\/\/el-perico.com\/es\/conozca-a-sus-candidatos-locales-2\/","og_locale":"es_ES","og_type":"article","og_title":"Conozca a sus candidatos locales - el perico","og_description":"Larry Bradley \u2013 Un educador en la contienda por la educaci\u00f3n superior Larry Bradley est\u00e1 en la contienda por el Consejo de Regentes de Nebraska en el Distrito Cuatro el cual incluye al Norte de Omaha, Midtown y al Sur de Omaha. Bradley dijo que hay cuatro razones espec\u00edficas para participar en esta contienda: \u201cN\u00famero [&hellip;]","og_url":"https:\/\/el-perico.com\/es\/conozca-a-sus-candidatos-locales-2\/","og_site_name":"el perico","article_publisher":"https:\/\/www.facebook.com\/elpericoomaha","article_published_time":"2018-11-01T15:16:16+00:00","article_modified_time":"2022-03-27T03:17:40+00:00","og_image":[{"url":"https:\/\/el-perico.com\/wp-content\/uploads\/2019\/08\/Larry-Bradley-1.jpg","type":"","width":"","height":""}],"author":"El Perico Staff","twitter_card":"summary_large_image","twitter_misc":{"Escrito por":"El Perico Staff","Tiempo de lectura":"7 minutos","Written by":"El Perico Staff"},"schema":{"@context":"https:\/\/schema.org","@graph":[{"@type":"Article","@id":"https:\/\/el-perico.com\/es\/conozca-a-sus-candidatos-locales-2\/#article","isPartOf":{"@id":"https:\/\/el-perico.com\/es\/conozca-a-sus-candidatos-locales-2\/"},"author":{"name":"El Perico Staff","@id":"https:\/\/el-perico.com\/es\/#\/schema\/person\/1956e5e63b94d4bd0daf30675bdf4a93"},"headline":"Conozca a sus candidatos locales","datePublished":"2018-11-01T15:16:16+00:00","dateModified":"2022-03-27T03:17:40+00:00","mainEntityOfPage":{"@id":"https:\/\/el-perico.com\/es\/conozca-a-sus-candidatos-locales-2\/"},"wordCount":1521,"commentCount":0,"publisher":{"@id":"https:\/\/el-perico.com\/es\/#organization"},"image":{"@id":"https:\/\/el-perico.com\/es\/conozca-a-sus-candidatos-locales-2\/#primaryimage"},"thumbnailUrl":"https:\/\/el-perico.com\/wp-content\/uploads\/2019\/08\/Larry-Bradley-1.jpg","articleSection":["Comunidad"],"inLanguage":"es","potentialAction":[{"@type":"CommentAction","name":"Comment","target":["https:\/\/el-perico.com\/es\/conozca-a-sus-candidatos-locales-2\/#respond"]}]},{"@type":"WebPage","@id":"https:\/\/el-perico.com\/es\/conozca-a-sus-candidatos-locales-2\/","url":"https:\/\/el-perico.com\/es\/conozca-a-sus-candidatos-locales-2\/","name":"Conozca a sus candidatos locales - el perico","isPartOf":{"@id":"https:\/\/el-perico.com\/es\/#website"},"primaryImageOfPage":{"@id":"https:\/\/el-perico.com\/es\/conozca-a-sus-candidatos-locales-2\/#primaryimage"},"image":{"@id":"https:\/\/el-perico.com\/es\/conozca-a-sus-candidatos-locales-2\/#primaryimage"},"thumbnailUrl":"https:\/\/el-perico.com\/wp-content\/uploads\/2019\/08\/Larry-Bradley-1.jpg","datePublished":"2018-11-01T15:16:16+00:00","dateModified":"2022-03-27T03:17:40+00:00","breadcrumb":{"@id":"https:\/\/el-perico.com\/es\/conozca-a-sus-candidatos-locales-2\/#breadcrumb"},"inLanguage":"es","potentialAction":[{"@type":"ReadAction","target":["https:\/\/el-perico.com\/es\/conozca-a-sus-candidatos-locales-2\/"]}]},{"@type":"ImageObject","inLanguage":"es","@id":"https:\/\/el-perico.com\/es\/conozca-a-sus-candidatos-locales-2\/#primaryimage","url":"https:\/\/el-perico.com\/wp-content\/uploads\/2019\/08\/Larry-Bradley-1.jpg","contentUrl":"https:\/\/el-perico.com\/wp-content\/uploads\/2019\/08\/Larry-Bradley-1.jpg"},{"@type":"BreadcrumbList","@id":"https:\/\/el-perico.com\/es\/conozca-a-sus-candidatos-locales-2\/#breadcrumb","itemListElement":[{"@type":"ListItem","position":1,"name":"Home","item":"https:\/\/el-perico.com\/es\/"},{"@type":"ListItem","position":2,"name":"Conozca a sus candidatos locales"}]},{"@type":"WebSite","@id":"https:\/\/el-perico.com\/es\/#website","url":"https:\/\/el-perico.com\/es\/","name":"el perico","description":"La plataforma original de noticias e informaci\u00f3n para la comunidad hispana de Omaha","publisher":{"@id":"https:\/\/el-perico.com\/es\/#organization"},"potentialAction":[{"@type":"SearchAction","target":{"@type":"EntryPoint","urlTemplate":"https:\/\/el-perico.com\/es\/?s={search_term_string}"},"query-input":{"@type":"PropertyValueSpecification","valueRequired":true,"valueName":"search_term_string"}}],"inLanguage":"es"},{"@type":"Organization","@id":"https:\/\/el-perico.com\/es\/#organization","name":"el perico","url":"https:\/\/el-perico.com\/es\/","logo":{"@type":"ImageObject","inLanguage":"es","@id":"https:\/\/el-perico.com\/es\/#\/schema\/logo\/image\/","url":"https:\/\/el-perico.com\/wp-content\/uploads\/2024\/05\/ElPerico-Logo_NPM-1-e1717102187440.png","contentUrl":"https:\/\/el-perico.com\/wp-content\/uploads\/2024\/05\/ElPerico-Logo_NPM-1-e1717102187440.png","width":648,"height":216,"caption":"el perico"},"image":{"@id":"https:\/\/el-perico.com\/es\/#\/schema\/logo\/image\/"},"sameAs":["https:\/\/www.facebook.com\/elpericoomaha"]},{"@type":"Person","@id":"https:\/\/el-perico.com\/es\/#\/schema\/person\/1956e5e63b94d4bd0daf30675bdf4a93","name":"El Perico Staff","image":{"@type":"ImageObject","inLanguage":"es","@id":"https:\/\/secure.gravatar.com\/avatar\/701b23c665bfde9fd4d874d31feb4c16bf2ac173b2b0b7224dc39896d4cfc381?s=96&d=mm&r=g80b2efc5844e688a6ffb9340c789e4c4","url":"https:\/\/secure.gravatar.com\/avatar\/701b23c665bfde9fd4d874d31feb4c16bf2ac173b2b0b7224dc39896d4cfc381?s=96&d=mm&r=g","contentUrl":"https:\/\/secure.gravatar.com\/avatar\/701b23c665bfde9fd4d874d31feb4c16bf2ac173b2b0b7224dc39896d4cfc381?s=96&d=mm&r=g","caption":"El Perico Staff"},"sameAs":["https:\/\/el-perico.com"],"url":"https:\/\/el-perico.com\/es\/author\/af6f1d62_admin\/"}]}},"_links":{"self":[{"href":"https:\/\/el-perico.com\/es\/wp-json\/wp\/v2\/posts\/2398","targetHints":{"allow":["GET"]}}],"collection":[{"href":"https:\/\/el-perico.com\/es\/wp-json\/wp\/v2\/posts"}],"about":[{"href":"https:\/\/el-perico.com\/es\/wp-json\/wp\/v2\/types\/post"}],"author":[{"embeddable":true,"href":"https:\/\/el-perico.com\/es\/wp-json\/wp\/v2\/users\/1"}],"replies":[{"embeddable":true,"href":"https:\/\/el-perico.com\/es\/wp-json\/wp\/v2\/comments?post=2398"}],"version-history":[{"count":1,"href":"https:\/\/el-perico.com\/es\/wp-json\/wp\/v2\/posts\/2398\/revisions"}],"predecessor-version":[{"id":7071,"href":"https:\/\/el-perico.com\/es\/wp-json\/wp\/v2\/posts\/2398\/revisions\/7071"}],"wp:attachment":[{"href":"https:\/\/el-perico.com\/es\/wp-json\/wp\/v2\/media?parent=2398"}],"wp:term":[{"taxonomy":"category","embeddable":true,"href":"https:\/\/el-perico.com\/es\/wp-json\/wp\/v2\/categories?post=2398"},{"taxonomy":"post_tag","embeddable":true,"href":"https:\/\/el-perico.com\/es\/wp-json\/wp\/v2\/tags?post=2398"},{"taxonomy":"newspack_spnsrs_tax","embeddable":true,"href":"https:\/\/el-perico.com\/es\/wp-json\/wp\/v2\/newspack_spnsrs_tax?post=2398"},{"taxonomy":"author","embeddable":true,"href":"https:\/\/el-perico.com\/es\/wp-json\/wp\/v2\/coauthors?post=2398"}],"curies":[{"name":"wp","href":"https:\/\/api.w.org\/{rel}","templated":true}]}}