{"id":2395,"date":"2019-06-20T08:01:40","date_gmt":"2019-06-20T08:01:40","guid":{"rendered":"https:\/\/el-perico.com\/?p=2395"},"modified":"2022-03-19T00:12:55","modified_gmt":"2022-03-19T04:12:55","slug":"la-musica-clasica-todavia-se-refleja-en-nuestros-tiempos","status":"publish","type":"post","link":"https:\/\/el-perico.com\/es\/la-musica-clasica-todavia-se-refleja-en-nuestros-tiempos\/","title":{"rendered":"La m\u00fasica cl\u00e1sica todav\u00eda se refleja en nuestros tiempos"},"content":{"rendered":"<p>South High&nbsp;tendr\u00e1 este verano una nueva&nbsp;colaboraci\u00f3n m\u00fasica entre la escuela y la comunidad al presentar&nbsp;West Side Story,&nbsp;todo un cl\u00e1sico que todav\u00eda se refleja en nuestros tiempos.<br \/>\nDespu\u00e9s del gran \u00e9xito en 2017 de&nbsp;In the Heights&nbsp;y de&nbsp;Once On This Island&nbsp;en el&nbsp;2018,&nbsp;ambas co-producidas junto con&nbsp;SNAP Productions, South&nbsp;High comision\u00f3 a Michal Simpson de SNAP para dirigir&nbsp;West Side Story.<br \/>\nLa renombrada core\u00f3grafa de Omaha&nbsp;Roxanne Nielsen&nbsp;est\u00e1 a cargo de los n\u00fameros de baile. El director musical&nbsp;Tyler Gruttemeyer&nbsp;y el coordinador de combate esc\u00e9nico&nbsp;Kevin Barratt&nbsp;son miembros de la facultad de South High. El dise\u00f1ador de escenario&nbsp;Joshua Mullady&nbsp;cuenta con gran experiencia teatral en Omaha. La Productora&nbsp;Becky Noble&nbsp;se encarga del programa de artes visuales e interpretativas en South, la cual es Escuela Im\u00e1n en Artes para&nbsp;Omaha Public Schools.<br \/>\nEl elenco diverso est\u00e1 conformado con estudiantes actuales y anteriores de South High, estudiantes de otras escuelas y experimentados adultos profesionales del teatro.<br \/>\n\u00abCuando lo anunciamos a los chicos al primavera pasada, todos estaban emocionados\u201d, dijo Noble. \u201cEs probable uno de los&nbsp;musicales&nbsp;m\u00e1s&nbsp;duraderos de todos los tiempos\u201d.<br \/>\nLas audiciones atrajeron estudiantes de&nbsp;South, Papiliion, Gretna, Elkhorn, Burke y&nbsp;Central.<br \/>\n\u00abPara muchos\u201d, nos dijo, \u201csiempre ha estado en su lista de obras en las que verdad les gustar\u00eda participar\u201d.<br \/>\nEso incluso aplica para Tyler Gruttemeyer, miembro del equipo de producci\u00f3n, quien dijo: \u201cSiempre ha sido uno de mis musicales de ensue\u00f1o para dirigir la m\u00fasica\u201d.<br \/>\nEl entorno socio cultural diverso, comenta Noble, \u201chabla a nuestra misi\u00f3n de intentar presentar shows que muestren c\u00f3mo es en verdad nuestra sociedad y cultura\u201d.<br \/>\nEl drama musical se centra en la tensi\u00f3n \u00e9tnica-racial y la intolerancia entre bandas rivales en la ciudad de Nueva York de los a\u00f1os 1950: los Jets blancos y los Sharks puertorrique\u00f1os.<br \/>\nLa graduada de South High&nbsp;Kate Myers Madsen,&nbsp;un&nbsp;veterano de&nbsp;Heights&nbsp;e&nbsp;Island,&nbsp;tiene el papel de Anita, la novia de Bernardo, el l\u00edder de los Sharks. Su mejor amiga Mar\u00eda se enamora de Tony, quien antes era un Jet. El romance de la pareja se ve atrapado en un conflicto tr\u00e1gico y t\u00f3xico.<br \/>\n\u00abEs un Romeo y Julieta \u00e9tnico al que siempre se ver\u00e1 atra\u00eddo el p\u00fablico\u201d, dijo Madsen. \u201cTengo grandes sentimientos sobre el mensaje compartido en escena en que se presenta \u2018Somewhere\u2019. El mensaje de ser un lugar para la aceptaci\u00f3n, la igualdad e incluso el perd\u00f3n, eso es algo tan poderoso\u201d.<br \/>\n\u00abTodav\u00eda estamos aprendiendo esas lecciones hoy en d\u00eda\u201d, dijo&nbsp;Noble.<br \/>\n\u00abEl show tiene&nbsp;temas universales y grandes mensajes\u201d, dijo Simpson, \u201cen cuanto&nbsp;a encontrar tu lugar, buscar ser aceptado y ser aut\u00e9ntico contigo mismo. Cuando tuvimos lecturas de la obra, los chicos estuvieron asombrados de lo profundo que es el show. Es genial poder educarlos sobre esta pieza de teatro pues definitivamente es algo de lo que deben saber\u201d.<br \/>\nPara&nbsp;Gruttemeyer \u00abes una historia atemporal de temas que te llegan al coraz\u00f3n y m\u00fasica inolvidable\u201d.<br \/>\nNielsen&nbsp;se siente impactado por \u201cla relevancia de la&nbsp;historia\u201d. \u201cLas personas pueden identificarse con ella sin importar quienes sean\u201d. Ella coment\u00f3 que su atracci\u00f3n duradera es evidente por su nueva puesta en escena en Broadway&nbsp;en el 2009, una presentaci\u00f3n regional en Chicago y la nueva versi\u00f3n de&nbsp;Steven Spielberg&nbsp;para el cine que ser\u00e1 lanzada en el 2020. \u201cSigue y sigue. Eso muestra lo poderoso que es el material\u201d.<br \/>\nSimpson&nbsp;dijo que el show presenta diversos elementos interesantes. \u201cNo solamente podemos ver c\u00f3mo la sociedad divide a las personas y c\u00f3mo el color de la piel es un problema que las personas no pueden superar, sino que tambi\u00e9n presenta como todos necesitan encontrar su nicho y eso es algo con lo que batallan todas las personas. Hemos hablado con los ni\u00f1os sobre c\u00f3mo el di\u00e1logo no es pol\u00edticamente correcto y estamos contando una historia que se desarrolla en una \u00e9poca diferente, pero muchas cosas todav\u00eda est\u00e1n presentes hoy en d\u00eda y los chicos lo saben\u201d.<br \/>\nA diferencia de producciones anteriores de las cuales ha sido parte, Simpson nos comenta que: \u201cEsta vez tengo la fortuna de poder hacer un casting que sea no solamente \u00e9tnicamente adecuado sino tambi\u00e9n adecuado a las edades. Esto permite que el show se presente de una forma diferente en cuanto a las emociones y las situaciones\u201d.<br \/>\nAl tener a&nbsp;Isabel Gott&nbsp;como Mar\u00eda,&nbsp;nos dijo, \u00abtenemos esta hermosa y peque\u00f1a latina\u201d y con Payton Johnson como Tony \u201ctenemos a este chico rubio de mejillas rosadas muy estadounidense. Juntos a\u00f1aden la pasi\u00f3n juvenil que se necesita para esos papeles\u201d.<br \/>\nGruttemeyer&nbsp;dijo que Gott, estudiante de primer a\u00f1o de South, y Johnson, estudiante de \u00faltimo a\u00f1o en&nbsp;Papillion South,&nbsp;dan su m\u00e1ximo en estos papeles que ponen a prueba y llevan al l\u00edmite sus habilidades musicales y dram\u00e1ticas. \u201cPuedes esperar que den actuaciones incre\u00edblemente reales y aut\u00e9nticas que te har\u00e1n perderte en la magia del teatro\u201d.<br \/>\nEl demandante show cuenta con m\u00fasica de&nbsp;Leonard Bernstein,&nbsp;letras de&nbsp;Stephen Sondheim,&nbsp;un libro por&nbsp;Arthur Laurents&nbsp;y bailes de&nbsp;Jerome Robbins.<br \/>\n\u00abLa m\u00fasica funciona como un&nbsp;intricado rompecabezas\u201d, dijo&nbsp;Gruttemeyer. \u00abCada vez que revisamos la composici\u00f3n, algo nuevo me inspira. Me he sentido tan impresionado por nuestros actores quienes encuentran los&nbsp;sabores y matices de cada canci\u00f3n que se necesita para llevar cada escena a la vida\u201d.<br \/>\nEn cuanto a los bailes, \u201cpermean en las vidas de los personajes y est\u00e1n entretejidos&nbsp;en la historia\u201d, dijo Noble. \u201cEl baile en el gimnasio es una gran parte de ello. Habla a su conflicto a trav\u00e9s del baile\u201d.<br \/>\nNielsen tiene la tarea de hacer que el elenco baile de una forma natural&nbsp;y con un estilo que coincida con el ambiente urbano de los personajes. A ella le gusta trabajar con elencos con diversas&nbsp;edades y habilidades. \u201cEs mi cosa favorita. Estamos trabajando con personas con las que de otra forma nunca tendr\u00edamos la oportunidad de trabajar. Me encanta unir a personas de diversas comunidades, niveles de experiencia y antecedentes. Es lo que debe ser el teatro: reunir a persona de todos los \u00e1mbitos de la vida y trabajar juntos para hacer algo\u201d.<br \/>\n\u00abEl reunir a personas j\u00f3venes y personas mayores produce una vibra diferente\u201d, dijo&nbsp;Simpson&nbsp;de este intercambio de energ\u00eda entre el elenco y los miembros del equipo de trabajo.&nbsp;Gott&nbsp;y&nbsp;Johnson&nbsp;mencionaron que han crecido con la experiencia.<br \/>\nEn cuanto al equipo creativo para el proyecto, comenta Nielsen: \u201cEn verdad no podr\u00eda ser mejor\u201d.<br \/>\nGruttemeyer&nbsp;aprecia reconectar con ex-alumnos de South, incluyendo a&nbsp;Kate Meyers Madsen&nbsp;como Anita, Kyle Cunningham&nbsp;como&nbsp;Riff&nbsp;y&nbsp;Ailyn Chaidez&nbsp;y&nbsp;Aimee Perez-Valentin&nbsp;como&nbsp;Consuelo and Francisca.&nbsp;\u00c9l tambi\u00e9n disfruta de \u201cla oportunidad de colaborar con estudiantes&nbsp;de toda el \u00e1rea con grandes talentos\u201d.<br \/>\nHablando sobre sus compa\u00f1eros, Madsen comenta: \u201cSiento una conexi\u00f3n profunda con estas producciones. Cada vez que paso a trav\u00e9s de las puertas y subo al escenario, eso se siente como llegar a casa\u201d.<br \/>\nLas colaboraciones de South escuela-comunidad han atra\u00eddo al p\u00fablico con salas repletas y grandes rese\u00f1as. Su calidad y talento va m\u00e1s all\u00e1 del t\u00edpico show de secundaria.<br \/>\n\u00abMuchas personas son sorprendidas por lo que ven sobre el escenario\u201d, dijo&nbsp;Simpson.<br \/>\nEl equipo de la producci\u00f3n espera lo mismo este a\u00f1o.<br \/>\nPara&nbsp;Becky Noble,&nbsp;es una confirmaci\u00f3n de la excelencia en artes de South. Su colega&nbsp;Roxanne Nielsen dijo:&nbsp;\u00abTodo lo que est\u00e1n haciendo en las artes es lo indicado y eso se puede apreciar. Est\u00e1n haciendo un trabajo fenomenal\u201d.<br \/>\nLas presentaciones del 16 al 25 de junio y del 20 y 21 de junio son a las 7:30 p.m., con excepci\u00f3n del show del 22 de junio que es a las 2 p.m. Todas las presentaciones son en el auditorio de&nbsp;South High.<br \/>\nLos boletos est\u00e1n disponibles en&nbsp;www.eventbrite.com.<br \/>\nLea m\u00e1s del trabajo de Leo Adam Biga&nbsp;en&nbsp;leoadambiga.com.<\/p>\n","protected":false},"excerpt":{"rendered":"<p>South High&nbsp;tendr\u00e1 este verano una nueva&nbsp;colaboraci\u00f3n m\u00fasica entre la escuela y la comunidad al presentar&nbsp;West Side Story,&nbsp;todo un cl\u00e1sico que todav\u00eda se refleja en nuestros tiempos. Despu\u00e9s del gran \u00e9xito en 2017 de&nbsp;In the Heights&nbsp;y de&nbsp;Once On This Island&nbsp;en el&nbsp;2018,&nbsp;ambas co-producidas junto con&nbsp;SNAP Productions, South&nbsp;High comision\u00f3 a Michal Simpson de SNAP para dirigir&nbsp;West Side Story. [&hellip;]<\/p>\n","protected":false},"author":1,"featured_media":2396,"comment_status":"open","ping_status":"closed","sticky":false,"template":"","format":"standard","meta":{"newspack_ads_suppress_ads":false,"_newspack_byline_active":false,"_newspack_byline":"","newspack_hide_updated_date":false,"newspack_show_updated_date":false,"newspack_content_restriction_is_exempt":false,"newspack_featured_image_position":"","newspack_post_subtitle":"","newspack_article_summary_title":"Overview:","newspack_article_summary":"","footnotes":""},"categories":[38],"tags":[],"newspack_spnsrs_tax":[],"coauthors":[1233],"class_list":["post-2395","post","type-post","status-publish","format-standard","has-post-thumbnail","hentry","category-eventos","entry"],"yoast_head":"<!-- This site is optimized with the Yoast SEO plugin v27.5 - https:\/\/yoast.com\/product\/yoast-seo-wordpress\/ -->\n<title>La m\u00fasica cl\u00e1sica todav\u00eda se refleja en nuestros tiempos - el perico<\/title>\n<meta name=\"robots\" content=\"index, follow, max-snippet:-1, max-image-preview:large, max-video-preview:-1\" \/>\n<link rel=\"canonical\" href=\"https:\/\/el-perico.com\/es\/la-musica-clasica-todavia-se-refleja-en-nuestros-tiempos\/\" \/>\n<meta property=\"og:locale\" content=\"es_ES\" \/>\n<meta property=\"og:type\" content=\"article\" \/>\n<meta property=\"og:title\" content=\"La m\u00fasica cl\u00e1sica todav\u00eda se refleja en nuestros tiempos - el perico\" \/>\n<meta property=\"og:description\" content=\"South High&nbsp;tendr\u00e1 este verano una nueva&nbsp;colaboraci\u00f3n m\u00fasica entre la escuela y la comunidad al presentar&nbsp;West Side Story,&nbsp;todo un cl\u00e1sico que todav\u00eda se refleja en nuestros tiempos. Despu\u00e9s del gran \u00e9xito en 2017 de&nbsp;In the Heights&nbsp;y de&nbsp;Once On This Island&nbsp;en el&nbsp;2018,&nbsp;ambas co-producidas junto con&nbsp;SNAP Productions, South&nbsp;High comision\u00f3 a Michal Simpson de SNAP para dirigir&nbsp;West Side Story. [&hellip;]\" \/>\n<meta property=\"og:url\" content=\"https:\/\/el-perico.com\/es\/la-musica-clasica-todavia-se-refleja-en-nuestros-tiempos\/\" \/>\n<meta property=\"og:site_name\" content=\"el perico\" \/>\n<meta property=\"article:publisher\" content=\"https:\/\/www.facebook.com\/elpericoomaha\" \/>\n<meta property=\"article:published_time\" content=\"2019-06-20T08:01:40+00:00\" \/>\n<meta property=\"article:modified_time\" content=\"2022-03-19T04:12:55+00:00\" \/>\n<meta name=\"author\" content=\"El Perico Staff\" \/>\n<meta name=\"twitter:card\" content=\"summary_large_image\" \/>\n<meta name=\"twitter:label1\" content=\"Escrito por\" \/>\n\t<meta name=\"twitter:data1\" content=\"El Perico Staff\" \/>\n\t<meta name=\"twitter:label2\" content=\"Tiempo de lectura\" \/>\n\t<meta name=\"twitter:data2\" content=\"6 minutos\" \/>\n\t<meta name=\"twitter:label3\" content=\"Written by\" \/>\n\t<meta name=\"twitter:data3\" content=\"El Perico Staff\" \/>\n<script type=\"application\/ld+json\" class=\"yoast-schema-graph\">{\"@context\":\"https:\\\/\\\/schema.org\",\"@graph\":[{\"@type\":\"Article\",\"@id\":\"https:\\\/\\\/el-perico.com\\\/es\\\/la-musica-clasica-todavia-se-refleja-en-nuestros-tiempos\\\/#article\",\"isPartOf\":{\"@id\":\"https:\\\/\\\/el-perico.com\\\/es\\\/la-musica-clasica-todavia-se-refleja-en-nuestros-tiempos\\\/\"},\"author\":{\"name\":\"El Perico Staff\",\"@id\":\"https:\\\/\\\/el-perico.com\\\/es\\\/#\\\/schema\\\/person\\\/1956e5e63b94d4bd0daf30675bdf4a93\"},\"headline\":\"La m\u00fasica cl\u00e1sica todav\u00eda se refleja en nuestros tiempos\",\"datePublished\":\"2019-06-20T08:01:40+00:00\",\"dateModified\":\"2022-03-19T04:12:55+00:00\",\"mainEntityOfPage\":{\"@id\":\"https:\\\/\\\/el-perico.com\\\/es\\\/la-musica-clasica-todavia-se-refleja-en-nuestros-tiempos\\\/\"},\"wordCount\":1486,\"commentCount\":0,\"publisher\":{\"@id\":\"https:\\\/\\\/el-perico.com\\\/es\\\/#organization\"},\"image\":{\"@id\":\"https:\\\/\\\/el-perico.com\\\/es\\\/la-musica-clasica-todavia-se-refleja-en-nuestros-tiempos\\\/#primaryimage\"},\"thumbnailUrl\":\"\",\"articleSection\":[\"Eventos\"],\"inLanguage\":\"es\",\"potentialAction\":[{\"@type\":\"CommentAction\",\"name\":\"Comment\",\"target\":[\"https:\\\/\\\/el-perico.com\\\/es\\\/la-musica-clasica-todavia-se-refleja-en-nuestros-tiempos\\\/#respond\"]}]},{\"@type\":\"WebPage\",\"@id\":\"https:\\\/\\\/el-perico.com\\\/es\\\/la-musica-clasica-todavia-se-refleja-en-nuestros-tiempos\\\/\",\"url\":\"https:\\\/\\\/el-perico.com\\\/es\\\/la-musica-clasica-todavia-se-refleja-en-nuestros-tiempos\\\/\",\"name\":\"La m\u00fasica cl\u00e1sica todav\u00eda se refleja en nuestros tiempos - el perico\",\"isPartOf\":{\"@id\":\"https:\\\/\\\/el-perico.com\\\/es\\\/#website\"},\"primaryImageOfPage\":{\"@id\":\"https:\\\/\\\/el-perico.com\\\/es\\\/la-musica-clasica-todavia-se-refleja-en-nuestros-tiempos\\\/#primaryimage\"},\"image\":{\"@id\":\"https:\\\/\\\/el-perico.com\\\/es\\\/la-musica-clasica-todavia-se-refleja-en-nuestros-tiempos\\\/#primaryimage\"},\"thumbnailUrl\":\"\",\"datePublished\":\"2019-06-20T08:01:40+00:00\",\"dateModified\":\"2022-03-19T04:12:55+00:00\",\"breadcrumb\":{\"@id\":\"https:\\\/\\\/el-perico.com\\\/es\\\/la-musica-clasica-todavia-se-refleja-en-nuestros-tiempos\\\/#breadcrumb\"},\"inLanguage\":\"es\",\"potentialAction\":[{\"@type\":\"ReadAction\",\"target\":[\"https:\\\/\\\/el-perico.com\\\/es\\\/la-musica-clasica-todavia-se-refleja-en-nuestros-tiempos\\\/\"]}]},{\"@type\":\"ImageObject\",\"inLanguage\":\"es\",\"@id\":\"https:\\\/\\\/el-perico.com\\\/es\\\/la-musica-clasica-todavia-se-refleja-en-nuestros-tiempos\\\/#primaryimage\",\"url\":\"\",\"contentUrl\":\"\"},{\"@type\":\"BreadcrumbList\",\"@id\":\"https:\\\/\\\/el-perico.com\\\/es\\\/la-musica-clasica-todavia-se-refleja-en-nuestros-tiempos\\\/#breadcrumb\",\"itemListElement\":[{\"@type\":\"ListItem\",\"position\":1,\"name\":\"Home\",\"item\":\"https:\\\/\\\/el-perico.com\\\/es\\\/\"},{\"@type\":\"ListItem\",\"position\":2,\"name\":\"La m\u00fasica cl\u00e1sica todav\u00eda se refleja en nuestros tiempos\"}]},{\"@type\":\"WebSite\",\"@id\":\"https:\\\/\\\/el-perico.com\\\/es\\\/#website\",\"url\":\"https:\\\/\\\/el-perico.com\\\/es\\\/\",\"name\":\"el perico\",\"description\":\"La plataforma original de noticias e informaci\u00f3n para la comunidad hispana de Omaha\",\"publisher\":{\"@id\":\"https:\\\/\\\/el-perico.com\\\/es\\\/#organization\"},\"potentialAction\":[{\"@type\":\"SearchAction\",\"target\":{\"@type\":\"EntryPoint\",\"urlTemplate\":\"https:\\\/\\\/el-perico.com\\\/es\\\/?s={search_term_string}\"},\"query-input\":{\"@type\":\"PropertyValueSpecification\",\"valueRequired\":true,\"valueName\":\"search_term_string\"}}],\"inLanguage\":\"es\"},{\"@type\":\"Organization\",\"@id\":\"https:\\\/\\\/el-perico.com\\\/es\\\/#organization\",\"name\":\"el perico\",\"url\":\"https:\\\/\\\/el-perico.com\\\/es\\\/\",\"logo\":{\"@type\":\"ImageObject\",\"inLanguage\":\"es\",\"@id\":\"https:\\\/\\\/el-perico.com\\\/es\\\/#\\\/schema\\\/logo\\\/image\\\/\",\"url\":\"https:\\\/\\\/el-perico.com\\\/wp-content\\\/uploads\\\/2024\\\/05\\\/ElPerico-Logo_NPM-1-e1717102187440.png\",\"contentUrl\":\"https:\\\/\\\/el-perico.com\\\/wp-content\\\/uploads\\\/2024\\\/05\\\/ElPerico-Logo_NPM-1-e1717102187440.png\",\"width\":648,\"height\":216,\"caption\":\"el perico\"},\"image\":{\"@id\":\"https:\\\/\\\/el-perico.com\\\/es\\\/#\\\/schema\\\/logo\\\/image\\\/\"},\"sameAs\":[\"https:\\\/\\\/www.facebook.com\\\/elpericoomaha\"]},{\"@type\":\"Person\",\"@id\":\"https:\\\/\\\/el-perico.com\\\/es\\\/#\\\/schema\\\/person\\\/1956e5e63b94d4bd0daf30675bdf4a93\",\"name\":\"El Perico Staff\",\"image\":{\"@type\":\"ImageObject\",\"inLanguage\":\"es\",\"@id\":\"https:\\\/\\\/secure.gravatar.com\\\/avatar\\\/701b23c665bfde9fd4d874d31feb4c16bf2ac173b2b0b7224dc39896d4cfc381?s=96&d=mm&r=g80b2efc5844e688a6ffb9340c789e4c4\",\"url\":\"https:\\\/\\\/secure.gravatar.com\\\/avatar\\\/701b23c665bfde9fd4d874d31feb4c16bf2ac173b2b0b7224dc39896d4cfc381?s=96&d=mm&r=g\",\"contentUrl\":\"https:\\\/\\\/secure.gravatar.com\\\/avatar\\\/701b23c665bfde9fd4d874d31feb4c16bf2ac173b2b0b7224dc39896d4cfc381?s=96&d=mm&r=g\",\"caption\":\"El Perico Staff\"},\"sameAs\":[\"https:\\\/\\\/el-perico.com\"],\"url\":\"https:\\\/\\\/el-perico.com\\\/es\\\/author\\\/af6f1d62_admin\\\/\"}]}<\/script>\n<!-- \/ Yoast SEO plugin. -->","yoast_head_json":{"title":"La m\u00fasica cl\u00e1sica todav\u00eda se refleja en nuestros tiempos - el perico","robots":{"index":"index","follow":"follow","max-snippet":"max-snippet:-1","max-image-preview":"max-image-preview:large","max-video-preview":"max-video-preview:-1"},"canonical":"https:\/\/el-perico.com\/es\/la-musica-clasica-todavia-se-refleja-en-nuestros-tiempos\/","og_locale":"es_ES","og_type":"article","og_title":"La m\u00fasica cl\u00e1sica todav\u00eda se refleja en nuestros tiempos - el perico","og_description":"South High&nbsp;tendr\u00e1 este verano una nueva&nbsp;colaboraci\u00f3n m\u00fasica entre la escuela y la comunidad al presentar&nbsp;West Side Story,&nbsp;todo un cl\u00e1sico que todav\u00eda se refleja en nuestros tiempos. Despu\u00e9s del gran \u00e9xito en 2017 de&nbsp;In the Heights&nbsp;y de&nbsp;Once On This Island&nbsp;en el&nbsp;2018,&nbsp;ambas co-producidas junto con&nbsp;SNAP Productions, South&nbsp;High comision\u00f3 a Michal Simpson de SNAP para dirigir&nbsp;West Side Story. [&hellip;]","og_url":"https:\/\/el-perico.com\/es\/la-musica-clasica-todavia-se-refleja-en-nuestros-tiempos\/","og_site_name":"el perico","article_publisher":"https:\/\/www.facebook.com\/elpericoomaha","article_published_time":"2019-06-20T08:01:40+00:00","article_modified_time":"2022-03-19T04:12:55+00:00","author":"El Perico Staff","twitter_card":"summary_large_image","twitter_misc":{"Escrito por":"El Perico Staff","Tiempo de lectura":"6 minutos","Written by":"El Perico Staff"},"schema":{"@context":"https:\/\/schema.org","@graph":[{"@type":"Article","@id":"https:\/\/el-perico.com\/es\/la-musica-clasica-todavia-se-refleja-en-nuestros-tiempos\/#article","isPartOf":{"@id":"https:\/\/el-perico.com\/es\/la-musica-clasica-todavia-se-refleja-en-nuestros-tiempos\/"},"author":{"name":"El Perico Staff","@id":"https:\/\/el-perico.com\/es\/#\/schema\/person\/1956e5e63b94d4bd0daf30675bdf4a93"},"headline":"La m\u00fasica cl\u00e1sica todav\u00eda se refleja en nuestros tiempos","datePublished":"2019-06-20T08:01:40+00:00","dateModified":"2022-03-19T04:12:55+00:00","mainEntityOfPage":{"@id":"https:\/\/el-perico.com\/es\/la-musica-clasica-todavia-se-refleja-en-nuestros-tiempos\/"},"wordCount":1486,"commentCount":0,"publisher":{"@id":"https:\/\/el-perico.com\/es\/#organization"},"image":{"@id":"https:\/\/el-perico.com\/es\/la-musica-clasica-todavia-se-refleja-en-nuestros-tiempos\/#primaryimage"},"thumbnailUrl":"","articleSection":["Eventos"],"inLanguage":"es","potentialAction":[{"@type":"CommentAction","name":"Comment","target":["https:\/\/el-perico.com\/es\/la-musica-clasica-todavia-se-refleja-en-nuestros-tiempos\/#respond"]}]},{"@type":"WebPage","@id":"https:\/\/el-perico.com\/es\/la-musica-clasica-todavia-se-refleja-en-nuestros-tiempos\/","url":"https:\/\/el-perico.com\/es\/la-musica-clasica-todavia-se-refleja-en-nuestros-tiempos\/","name":"La m\u00fasica cl\u00e1sica todav\u00eda se refleja en nuestros tiempos - el perico","isPartOf":{"@id":"https:\/\/el-perico.com\/es\/#website"},"primaryImageOfPage":{"@id":"https:\/\/el-perico.com\/es\/la-musica-clasica-todavia-se-refleja-en-nuestros-tiempos\/#primaryimage"},"image":{"@id":"https:\/\/el-perico.com\/es\/la-musica-clasica-todavia-se-refleja-en-nuestros-tiempos\/#primaryimage"},"thumbnailUrl":"","datePublished":"2019-06-20T08:01:40+00:00","dateModified":"2022-03-19T04:12:55+00:00","breadcrumb":{"@id":"https:\/\/el-perico.com\/es\/la-musica-clasica-todavia-se-refleja-en-nuestros-tiempos\/#breadcrumb"},"inLanguage":"es","potentialAction":[{"@type":"ReadAction","target":["https:\/\/el-perico.com\/es\/la-musica-clasica-todavia-se-refleja-en-nuestros-tiempos\/"]}]},{"@type":"ImageObject","inLanguage":"es","@id":"https:\/\/el-perico.com\/es\/la-musica-clasica-todavia-se-refleja-en-nuestros-tiempos\/#primaryimage","url":"","contentUrl":""},{"@type":"BreadcrumbList","@id":"https:\/\/el-perico.com\/es\/la-musica-clasica-todavia-se-refleja-en-nuestros-tiempos\/#breadcrumb","itemListElement":[{"@type":"ListItem","position":1,"name":"Home","item":"https:\/\/el-perico.com\/es\/"},{"@type":"ListItem","position":2,"name":"La m\u00fasica cl\u00e1sica todav\u00eda se refleja en nuestros tiempos"}]},{"@type":"WebSite","@id":"https:\/\/el-perico.com\/es\/#website","url":"https:\/\/el-perico.com\/es\/","name":"el perico","description":"La plataforma original de noticias e informaci\u00f3n para la comunidad hispana de Omaha","publisher":{"@id":"https:\/\/el-perico.com\/es\/#organization"},"potentialAction":[{"@type":"SearchAction","target":{"@type":"EntryPoint","urlTemplate":"https:\/\/el-perico.com\/es\/?s={search_term_string}"},"query-input":{"@type":"PropertyValueSpecification","valueRequired":true,"valueName":"search_term_string"}}],"inLanguage":"es"},{"@type":"Organization","@id":"https:\/\/el-perico.com\/es\/#organization","name":"el perico","url":"https:\/\/el-perico.com\/es\/","logo":{"@type":"ImageObject","inLanguage":"es","@id":"https:\/\/el-perico.com\/es\/#\/schema\/logo\/image\/","url":"https:\/\/el-perico.com\/wp-content\/uploads\/2024\/05\/ElPerico-Logo_NPM-1-e1717102187440.png","contentUrl":"https:\/\/el-perico.com\/wp-content\/uploads\/2024\/05\/ElPerico-Logo_NPM-1-e1717102187440.png","width":648,"height":216,"caption":"el perico"},"image":{"@id":"https:\/\/el-perico.com\/es\/#\/schema\/logo\/image\/"},"sameAs":["https:\/\/www.facebook.com\/elpericoomaha"]},{"@type":"Person","@id":"https:\/\/el-perico.com\/es\/#\/schema\/person\/1956e5e63b94d4bd0daf30675bdf4a93","name":"El Perico Staff","image":{"@type":"ImageObject","inLanguage":"es","@id":"https:\/\/secure.gravatar.com\/avatar\/701b23c665bfde9fd4d874d31feb4c16bf2ac173b2b0b7224dc39896d4cfc381?s=96&d=mm&r=g80b2efc5844e688a6ffb9340c789e4c4","url":"https:\/\/secure.gravatar.com\/avatar\/701b23c665bfde9fd4d874d31feb4c16bf2ac173b2b0b7224dc39896d4cfc381?s=96&d=mm&r=g","contentUrl":"https:\/\/secure.gravatar.com\/avatar\/701b23c665bfde9fd4d874d31feb4c16bf2ac173b2b0b7224dc39896d4cfc381?s=96&d=mm&r=g","caption":"El Perico Staff"},"sameAs":["https:\/\/el-perico.com"],"url":"https:\/\/el-perico.com\/es\/author\/af6f1d62_admin\/"}]}},"_links":{"self":[{"href":"https:\/\/el-perico.com\/es\/wp-json\/wp\/v2\/posts\/2395","targetHints":{"allow":["GET"]}}],"collection":[{"href":"https:\/\/el-perico.com\/es\/wp-json\/wp\/v2\/posts"}],"about":[{"href":"https:\/\/el-perico.com\/es\/wp-json\/wp\/v2\/types\/post"}],"author":[{"embeddable":true,"href":"https:\/\/el-perico.com\/es\/wp-json\/wp\/v2\/users\/1"}],"replies":[{"embeddable":true,"href":"https:\/\/el-perico.com\/es\/wp-json\/wp\/v2\/comments?post=2395"}],"version-history":[{"count":1,"href":"https:\/\/el-perico.com\/es\/wp-json\/wp\/v2\/posts\/2395\/revisions"}],"predecessor-version":[{"id":6456,"href":"https:\/\/el-perico.com\/es\/wp-json\/wp\/v2\/posts\/2395\/revisions\/6456"}],"wp:featuredmedia":[{"embeddable":true,"href":"https:\/\/el-perico.com\/es\/wp-json\/"}],"wp:attachment":[{"href":"https:\/\/el-perico.com\/es\/wp-json\/wp\/v2\/media?parent=2395"}],"wp:term":[{"taxonomy":"category","embeddable":true,"href":"https:\/\/el-perico.com\/es\/wp-json\/wp\/v2\/categories?post=2395"},{"taxonomy":"post_tag","embeddable":true,"href":"https:\/\/el-perico.com\/es\/wp-json\/wp\/v2\/tags?post=2395"},{"taxonomy":"newspack_spnsrs_tax","embeddable":true,"href":"https:\/\/el-perico.com\/es\/wp-json\/wp\/v2\/newspack_spnsrs_tax?post=2395"},{"taxonomy":"author","embeddable":true,"href":"https:\/\/el-perico.com\/es\/wp-json\/wp\/v2\/coauthors?post=2395"}],"curies":[{"name":"wp","href":"https:\/\/api.w.org\/{rel}","templated":true}]}}