{"id":2388,"date":"2019-06-20T08:00:17","date_gmt":"2019-06-20T08:00:17","guid":{"rendered":"https:\/\/el-perico.com\/?p=2388"},"modified":"2019-06-20T08:00:17","modified_gmt":"2019-06-20T08:00:17","slug":"el-cancer-de-prostata","status":"publish","type":"post","link":"https:\/\/el-perico.com\/es\/el-cancer-de-prostata\/","title":{"rendered":"El C\u00e1ncer de Pr\u00f3stata"},"content":{"rendered":"<p>El c\u00e1ncer de pr\u00f3stata es el c\u00e1ncer mas com\u00fan diagnosticado en hombres. Aqu\u00ed, la comunidad Latina no<br \/>\nescapa a estas estad\u00edsticas, las cuales se agravan al subrayar que el varon hispano sigue reacio a la<br \/>\nidea de hacerse una revisi\u00f3n m\u00e9dica que pueda prevenir o ayudar oportunamente a contrarrestar este<br \/>\nmal.<br \/>\nPor ello, el peri\u00f3dico El Perico decidi\u00f3 indagar sobre qu\u00e9 cosas puede hacer para prevenirlo.<br \/>\nHabr\u00e1 que subrayar que en Omaha, existen diversas alternativas de ayuda, aun si se cuenta o no con<br \/>\nuna cobertura de asistencia m\u00e9dica, para saber si se esta en riesgo potencial.<br \/>\nLos m\u00e9dicos especialistas en esta patolog\u00eda recomiendan que los hombres con un riesgo promedio de<br \/>\nc\u00e1ncer de pr\u00f3stata tomen decisiones que beneficien su salud en general.<br \/>\nDe esta forma, basados en la gu\u00eda de expertos, logramos resumir los siguientes consejos que habr\u00e1n de<br \/>\napoyar la recomendaci\u00f3n anterior:<br \/>\nMantenga un peso saludable<br \/>\nLos hombres con un \u00edndice de masa corporal (IMC) de 30 o m\u00e1s se consideran obesos, lo que, entre<br \/>\notras cosas, aumenta el riesgo de c\u00e1ncer de pr\u00f3stata. Por ello, si usted tiene sobrepeso u obesidad,<br \/>\ntrabaje en la p\u00e9rdida de peso. Usted puede hacer esto mediante la reducci\u00f3n del n\u00famero de calor\u00edas que<br \/>\nconsume cada d\u00eda y con la pr\u00e1ctica de alg\u00fan deporte o actividad f\u00edsica moderada.<br \/>\n\u201cLos Latios cuentan ya con diversos establecimientos que ofrecen productos t\u00edpicos de su pa\u00eds, lo cual<br \/>\npermite que puedan preparar aquellos alimentos saludables que estaban en su recetario natal. Por ello<br \/>\nes importante que conserven los alimentos tradicionales y no se dejen llevar por la comida \u2018chatarra\u2019 que<br \/>\nse comercializa en el pa\u00eds\u201d, Dijo el nutri\u00f3logo Jason Muller, del Departamento de Salud.<br \/>\nHaga ejercicio<br \/>\nEstudios sobre el riesgo de c\u00e1ncer de pr\u00f3stata han demostrado que la mayor\u00eda de los hombres que<br \/>\nhacen ejercicio pueden tener un menor riesgo. Ejercitarse tiene muchos beneficios para la salud, reduce<br \/>\nsu riesgo de enfermedad card\u00edaca y otros tipos de c\u00e1ncer y puede ayudarle a mantener o a perder peso.<br \/>\n\u201cEl f\u00fatbol es una buen alternativa por que a los latinos de Omaha les agrada mucho este deporte y tienen<br \/>\nmuchos eventos durante todo el a\u00f1o\u201d, indic\u00f3 de manera particular el doctor Tom Zhuller, de la<br \/>\nUniversidad de Creighton, agregando que \u201csi usted no hace ejercicio, consulte a su m\u00e9dico para<br \/>\nasegurarse que est\u00e1 en condiciones de poder comenzar su entrenamiento\u201d.<br \/>\nTenga una dieta saludable<br \/>\nReduzca la cantidad de grasa que come cada d\u00eda: limite los alimentos grasos o elija variedades bajas en<br \/>\ngrasa. Disminuya la grasa que agrega a los alimentos al cocinar. Elija cortes magros de carne y l\u00e1cteos<br \/>\nbajos en grasa. Utilice grasas de origen vegetal en lugar de grasas animales. Espolvoree nueces o<br \/>\nsemillas en su ensalada en lugar de queso. Aumente el consumo diario de frutas y verduras.<br \/>\nComa pescado y productos que contengan soya<br \/>\n\u201cEl salm\u00f3n, sardinas, at\u00fan y trucha contienen un \u00e1cido graso llamado omega-3, que se relaciona con un<br \/>\nmenor riesgo de c\u00e1ncer de pr\u00f3stata. Las dietas que incluyen tofu (producto elaborado a partir de granos<br \/>\nde soya) se han relacionado con un menor riesgo de adquirir este tipo de c\u00e1ncer. El beneficio de la soya<br \/>\nproviene de unos nutrientes llamados isoflavonas. Otras fuentes de isoflavonas incluyen frijoles,<br \/>\ngarbanzos, lentejas y man\u00ed\u201d, dijo Muller.<br \/>\nHable con su m\u00e9dico acerca de su riesgo<br \/>\nAlgunos hombres presentan mayor riesgo de c\u00e1ncer de pr\u00f3stata debido a antecedentes m\u00e9dicos,<br \/>\nraciales o familiares.Tener un padre o un hermano con la enfermedad duplica las posibilidades y los<br \/>\nhombres afroamericanos tiene 60% m\u00e1s posibilidades de desarrollar la enfermedad que los hombres<br \/>\namericanos blancos. Si tiene una posibilidad muy alta de desarrollar c\u00e1ncer de pr\u00f3stata, existen opciones<br \/>\npara la reducci\u00f3n del riesgo, tales como los medicamentos recetados.<br \/>\nDe esta forma, el peri\u00f3dico El Perico busca brindar alternativas que permitan mejorar la salud de la<br \/>\ncomunidad Latina, a la cu\u00e1l servimos y deseamos mantener preparada para dar la batalla a las<br \/>\nenfermedades, como lo es el C\u00e1ncer de Prostata.<\/p>\n","protected":false},"excerpt":{"rendered":"<p>El c\u00e1ncer de pr\u00f3stata es el c\u00e1ncer mas com\u00fan diagnosticado en hombres. Aqu\u00ed, la comunidad Latina no escapa a estas estad\u00edsticas, las cuales se agravan al subrayar que el varon hispano sigue reacio a la idea de hacerse una revisi\u00f3n m\u00e9dica que pueda prevenir o ayudar oportunamente a contrarrestar este mal. Por ello, el peri\u00f3dico [&hellip;]<\/p>\n","protected":false},"author":1,"featured_media":2390,"comment_status":"open","ping_status":"closed","sticky":false,"template":"","format":"standard","meta":{"newspack_ads_suppress_ads":false,"_newspack_byline_active":false,"_newspack_byline":"","newspack_hide_updated_date":false,"newspack_show_updated_date":false,"newspack_content_restriction_is_exempt":false,"newspack_featured_image_position":"","newspack_post_subtitle":"","newspack_article_summary_title":"Overview:","newspack_article_summary":"","footnotes":""},"categories":[45],"tags":[],"newspack_spnsrs_tax":[],"coauthors":[],"class_list":["post-2388","post","type-post","status-publish","format-standard","has-post-thumbnail","hentry","category-salud","entry"],"yoast_head":"<!-- This site is optimized with the Yoast SEO plugin v27.5 - https:\/\/yoast.com\/product\/yoast-seo-wordpress\/ -->\n<title>El C\u00e1ncer de Pr\u00f3stata - el perico<\/title>\n<meta name=\"robots\" content=\"index, follow, max-snippet:-1, max-image-preview:large, max-video-preview:-1\" \/>\n<link rel=\"canonical\" href=\"https:\/\/el-perico.com\/es\/el-cancer-de-prostata\/\" \/>\n<meta property=\"og:locale\" content=\"es_ES\" \/>\n<meta property=\"og:type\" content=\"article\" \/>\n<meta property=\"og:title\" content=\"El C\u00e1ncer de Pr\u00f3stata - el perico\" \/>\n<meta property=\"og:description\" content=\"El c\u00e1ncer de pr\u00f3stata es el c\u00e1ncer mas com\u00fan diagnosticado en hombres. Aqu\u00ed, la comunidad Latina no escapa a estas estad\u00edsticas, las cuales se agravan al subrayar que el varon hispano sigue reacio a la idea de hacerse una revisi\u00f3n m\u00e9dica que pueda prevenir o ayudar oportunamente a contrarrestar este mal. Por ello, el peri\u00f3dico [&hellip;]\" \/>\n<meta property=\"og:url\" content=\"https:\/\/el-perico.com\/es\/el-cancer-de-prostata\/\" \/>\n<meta property=\"og:site_name\" content=\"el perico\" \/>\n<meta property=\"article:publisher\" content=\"https:\/\/www.facebook.com\/elpericoomaha\" \/>\n<meta property=\"article:published_time\" content=\"2019-06-20T08:00:17+00:00\" \/>\n<meta name=\"author\" content=\"El Perico Staff\" \/>\n<meta name=\"twitter:card\" content=\"summary_large_image\" \/>\n<meta name=\"twitter:label1\" content=\"Escrito por\" \/>\n\t<meta name=\"twitter:data1\" content=\"El Perico Staff\" \/>\n\t<meta name=\"twitter:label2\" content=\"Tiempo de lectura\" \/>\n\t<meta name=\"twitter:data2\" content=\"4 minutos\" \/>\n\t<meta name=\"twitter:label3\" content=\"Written by\" \/>\n\t<meta name=\"twitter:data3\" content=\"El Perico Staff\" \/>\n<script type=\"application\/ld+json\" class=\"yoast-schema-graph\">{\"@context\":\"https:\\\/\\\/schema.org\",\"@graph\":[{\"@type\":\"Article\",\"@id\":\"https:\\\/\\\/el-perico.com\\\/es\\\/el-cancer-de-prostata\\\/#article\",\"isPartOf\":{\"@id\":\"https:\\\/\\\/el-perico.com\\\/es\\\/el-cancer-de-prostata\\\/\"},\"author\":{\"name\":\"El Perico Staff\",\"@id\":\"https:\\\/\\\/el-perico.com\\\/es\\\/#\\\/schema\\\/person\\\/1956e5e63b94d4bd0daf30675bdf4a93\"},\"headline\":\"El C\u00e1ncer de Pr\u00f3stata\",\"datePublished\":\"2019-06-20T08:00:17+00:00\",\"mainEntityOfPage\":{\"@id\":\"https:\\\/\\\/el-perico.com\\\/es\\\/el-cancer-de-prostata\\\/\"},\"wordCount\":721,\"commentCount\":0,\"publisher\":{\"@id\":\"https:\\\/\\\/el-perico.com\\\/es\\\/#organization\"},\"image\":{\"@id\":\"https:\\\/\\\/el-perico.com\\\/es\\\/el-cancer-de-prostata\\\/#primaryimage\"},\"thumbnailUrl\":\"\",\"articleSection\":[\"Salud\"],\"inLanguage\":\"es\",\"potentialAction\":[{\"@type\":\"CommentAction\",\"name\":\"Comment\",\"target\":[\"https:\\\/\\\/el-perico.com\\\/es\\\/el-cancer-de-prostata\\\/#respond\"]}]},{\"@type\":\"WebPage\",\"@id\":\"https:\\\/\\\/el-perico.com\\\/es\\\/el-cancer-de-prostata\\\/\",\"url\":\"https:\\\/\\\/el-perico.com\\\/es\\\/el-cancer-de-prostata\\\/\",\"name\":\"El C\u00e1ncer de Pr\u00f3stata - el perico\",\"isPartOf\":{\"@id\":\"https:\\\/\\\/el-perico.com\\\/es\\\/#website\"},\"primaryImageOfPage\":{\"@id\":\"https:\\\/\\\/el-perico.com\\\/es\\\/el-cancer-de-prostata\\\/#primaryimage\"},\"image\":{\"@id\":\"https:\\\/\\\/el-perico.com\\\/es\\\/el-cancer-de-prostata\\\/#primaryimage\"},\"thumbnailUrl\":\"\",\"datePublished\":\"2019-06-20T08:00:17+00:00\",\"breadcrumb\":{\"@id\":\"https:\\\/\\\/el-perico.com\\\/es\\\/el-cancer-de-prostata\\\/#breadcrumb\"},\"inLanguage\":\"es\",\"potentialAction\":[{\"@type\":\"ReadAction\",\"target\":[\"https:\\\/\\\/el-perico.com\\\/es\\\/el-cancer-de-prostata\\\/\"]}]},{\"@type\":\"ImageObject\",\"inLanguage\":\"es\",\"@id\":\"https:\\\/\\\/el-perico.com\\\/es\\\/el-cancer-de-prostata\\\/#primaryimage\",\"url\":\"\",\"contentUrl\":\"\"},{\"@type\":\"BreadcrumbList\",\"@id\":\"https:\\\/\\\/el-perico.com\\\/es\\\/el-cancer-de-prostata\\\/#breadcrumb\",\"itemListElement\":[{\"@type\":\"ListItem\",\"position\":1,\"name\":\"Home\",\"item\":\"https:\\\/\\\/el-perico.com\\\/es\\\/\"},{\"@type\":\"ListItem\",\"position\":2,\"name\":\"El C\u00e1ncer de Pr\u00f3stata\"}]},{\"@type\":\"WebSite\",\"@id\":\"https:\\\/\\\/el-perico.com\\\/es\\\/#website\",\"url\":\"https:\\\/\\\/el-perico.com\\\/es\\\/\",\"name\":\"el perico\",\"description\":\"La plataforma original de noticias e informaci\u00f3n para la comunidad hispana de Omaha\",\"publisher\":{\"@id\":\"https:\\\/\\\/el-perico.com\\\/es\\\/#organization\"},\"potentialAction\":[{\"@type\":\"SearchAction\",\"target\":{\"@type\":\"EntryPoint\",\"urlTemplate\":\"https:\\\/\\\/el-perico.com\\\/es\\\/?s={search_term_string}\"},\"query-input\":{\"@type\":\"PropertyValueSpecification\",\"valueRequired\":true,\"valueName\":\"search_term_string\"}}],\"inLanguage\":\"es\"},{\"@type\":\"Organization\",\"@id\":\"https:\\\/\\\/el-perico.com\\\/es\\\/#organization\",\"name\":\"el perico\",\"url\":\"https:\\\/\\\/el-perico.com\\\/es\\\/\",\"logo\":{\"@type\":\"ImageObject\",\"inLanguage\":\"es\",\"@id\":\"https:\\\/\\\/el-perico.com\\\/es\\\/#\\\/schema\\\/logo\\\/image\\\/\",\"url\":\"https:\\\/\\\/el-perico.com\\\/wp-content\\\/uploads\\\/2024\\\/05\\\/ElPerico-Logo_NPM-1-e1717102187440.png\",\"contentUrl\":\"https:\\\/\\\/el-perico.com\\\/wp-content\\\/uploads\\\/2024\\\/05\\\/ElPerico-Logo_NPM-1-e1717102187440.png\",\"width\":648,\"height\":216,\"caption\":\"el perico\"},\"image\":{\"@id\":\"https:\\\/\\\/el-perico.com\\\/es\\\/#\\\/schema\\\/logo\\\/image\\\/\"},\"sameAs\":[\"https:\\\/\\\/www.facebook.com\\\/elpericoomaha\"]},{\"@type\":\"Person\",\"@id\":\"https:\\\/\\\/el-perico.com\\\/es\\\/#\\\/schema\\\/person\\\/1956e5e63b94d4bd0daf30675bdf4a93\",\"name\":\"El Perico Staff\",\"image\":{\"@type\":\"ImageObject\",\"inLanguage\":\"es\",\"@id\":\"https:\\\/\\\/secure.gravatar.com\\\/avatar\\\/701b23c665bfde9fd4d874d31feb4c16bf2ac173b2b0b7224dc39896d4cfc381?s=96&d=mm&r=g80b2efc5844e688a6ffb9340c789e4c4\",\"url\":\"https:\\\/\\\/secure.gravatar.com\\\/avatar\\\/701b23c665bfde9fd4d874d31feb4c16bf2ac173b2b0b7224dc39896d4cfc381?s=96&d=mm&r=g\",\"contentUrl\":\"https:\\\/\\\/secure.gravatar.com\\\/avatar\\\/701b23c665bfde9fd4d874d31feb4c16bf2ac173b2b0b7224dc39896d4cfc381?s=96&d=mm&r=g\",\"caption\":\"El Perico Staff\"},\"sameAs\":[\"https:\\\/\\\/el-perico.com\"],\"url\":\"https:\\\/\\\/el-perico.com\\\/es\\\/author\\\/af6f1d62_admin\\\/\"}]}<\/script>\n<!-- \/ Yoast SEO plugin. -->","yoast_head_json":{"title":"El C\u00e1ncer de Pr\u00f3stata - el perico","robots":{"index":"index","follow":"follow","max-snippet":"max-snippet:-1","max-image-preview":"max-image-preview:large","max-video-preview":"max-video-preview:-1"},"canonical":"https:\/\/el-perico.com\/es\/el-cancer-de-prostata\/","og_locale":"es_ES","og_type":"article","og_title":"El C\u00e1ncer de Pr\u00f3stata - el perico","og_description":"El c\u00e1ncer de pr\u00f3stata es el c\u00e1ncer mas com\u00fan diagnosticado en hombres. Aqu\u00ed, la comunidad Latina no escapa a estas estad\u00edsticas, las cuales se agravan al subrayar que el varon hispano sigue reacio a la idea de hacerse una revisi\u00f3n m\u00e9dica que pueda prevenir o ayudar oportunamente a contrarrestar este mal. Por ello, el peri\u00f3dico [&hellip;]","og_url":"https:\/\/el-perico.com\/es\/el-cancer-de-prostata\/","og_site_name":"el perico","article_publisher":"https:\/\/www.facebook.com\/elpericoomaha","article_published_time":"2019-06-20T08:00:17+00:00","author":"El Perico Staff","twitter_card":"summary_large_image","twitter_misc":{"Escrito por":"El Perico Staff","Tiempo de lectura":"4 minutos","Written by":"El Perico Staff"},"schema":{"@context":"https:\/\/schema.org","@graph":[{"@type":"Article","@id":"https:\/\/el-perico.com\/es\/el-cancer-de-prostata\/#article","isPartOf":{"@id":"https:\/\/el-perico.com\/es\/el-cancer-de-prostata\/"},"author":{"name":"El Perico Staff","@id":"https:\/\/el-perico.com\/es\/#\/schema\/person\/1956e5e63b94d4bd0daf30675bdf4a93"},"headline":"El C\u00e1ncer de Pr\u00f3stata","datePublished":"2019-06-20T08:00:17+00:00","mainEntityOfPage":{"@id":"https:\/\/el-perico.com\/es\/el-cancer-de-prostata\/"},"wordCount":721,"commentCount":0,"publisher":{"@id":"https:\/\/el-perico.com\/es\/#organization"},"image":{"@id":"https:\/\/el-perico.com\/es\/el-cancer-de-prostata\/#primaryimage"},"thumbnailUrl":"","articleSection":["Salud"],"inLanguage":"es","potentialAction":[{"@type":"CommentAction","name":"Comment","target":["https:\/\/el-perico.com\/es\/el-cancer-de-prostata\/#respond"]}]},{"@type":"WebPage","@id":"https:\/\/el-perico.com\/es\/el-cancer-de-prostata\/","url":"https:\/\/el-perico.com\/es\/el-cancer-de-prostata\/","name":"El C\u00e1ncer de Pr\u00f3stata - el perico","isPartOf":{"@id":"https:\/\/el-perico.com\/es\/#website"},"primaryImageOfPage":{"@id":"https:\/\/el-perico.com\/es\/el-cancer-de-prostata\/#primaryimage"},"image":{"@id":"https:\/\/el-perico.com\/es\/el-cancer-de-prostata\/#primaryimage"},"thumbnailUrl":"","datePublished":"2019-06-20T08:00:17+00:00","breadcrumb":{"@id":"https:\/\/el-perico.com\/es\/el-cancer-de-prostata\/#breadcrumb"},"inLanguage":"es","potentialAction":[{"@type":"ReadAction","target":["https:\/\/el-perico.com\/es\/el-cancer-de-prostata\/"]}]},{"@type":"ImageObject","inLanguage":"es","@id":"https:\/\/el-perico.com\/es\/el-cancer-de-prostata\/#primaryimage","url":"","contentUrl":""},{"@type":"BreadcrumbList","@id":"https:\/\/el-perico.com\/es\/el-cancer-de-prostata\/#breadcrumb","itemListElement":[{"@type":"ListItem","position":1,"name":"Home","item":"https:\/\/el-perico.com\/es\/"},{"@type":"ListItem","position":2,"name":"El C\u00e1ncer de Pr\u00f3stata"}]},{"@type":"WebSite","@id":"https:\/\/el-perico.com\/es\/#website","url":"https:\/\/el-perico.com\/es\/","name":"el perico","description":"La plataforma original de noticias e informaci\u00f3n para la comunidad hispana de Omaha","publisher":{"@id":"https:\/\/el-perico.com\/es\/#organization"},"potentialAction":[{"@type":"SearchAction","target":{"@type":"EntryPoint","urlTemplate":"https:\/\/el-perico.com\/es\/?s={search_term_string}"},"query-input":{"@type":"PropertyValueSpecification","valueRequired":true,"valueName":"search_term_string"}}],"inLanguage":"es"},{"@type":"Organization","@id":"https:\/\/el-perico.com\/es\/#organization","name":"el perico","url":"https:\/\/el-perico.com\/es\/","logo":{"@type":"ImageObject","inLanguage":"es","@id":"https:\/\/el-perico.com\/es\/#\/schema\/logo\/image\/","url":"https:\/\/el-perico.com\/wp-content\/uploads\/2024\/05\/ElPerico-Logo_NPM-1-e1717102187440.png","contentUrl":"https:\/\/el-perico.com\/wp-content\/uploads\/2024\/05\/ElPerico-Logo_NPM-1-e1717102187440.png","width":648,"height":216,"caption":"el perico"},"image":{"@id":"https:\/\/el-perico.com\/es\/#\/schema\/logo\/image\/"},"sameAs":["https:\/\/www.facebook.com\/elpericoomaha"]},{"@type":"Person","@id":"https:\/\/el-perico.com\/es\/#\/schema\/person\/1956e5e63b94d4bd0daf30675bdf4a93","name":"El Perico Staff","image":{"@type":"ImageObject","inLanguage":"es","@id":"https:\/\/secure.gravatar.com\/avatar\/701b23c665bfde9fd4d874d31feb4c16bf2ac173b2b0b7224dc39896d4cfc381?s=96&d=mm&r=g80b2efc5844e688a6ffb9340c789e4c4","url":"https:\/\/secure.gravatar.com\/avatar\/701b23c665bfde9fd4d874d31feb4c16bf2ac173b2b0b7224dc39896d4cfc381?s=96&d=mm&r=g","contentUrl":"https:\/\/secure.gravatar.com\/avatar\/701b23c665bfde9fd4d874d31feb4c16bf2ac173b2b0b7224dc39896d4cfc381?s=96&d=mm&r=g","caption":"El Perico Staff"},"sameAs":["https:\/\/el-perico.com"],"url":"https:\/\/el-perico.com\/es\/author\/af6f1d62_admin\/"}]}},"_links":{"self":[{"href":"https:\/\/el-perico.com\/es\/wp-json\/wp\/v2\/posts\/2388","targetHints":{"allow":["GET"]}}],"collection":[{"href":"https:\/\/el-perico.com\/es\/wp-json\/wp\/v2\/posts"}],"about":[{"href":"https:\/\/el-perico.com\/es\/wp-json\/wp\/v2\/types\/post"}],"author":[{"embeddable":true,"href":"https:\/\/el-perico.com\/es\/wp-json\/wp\/v2\/users\/1"}],"replies":[{"embeddable":true,"href":"https:\/\/el-perico.com\/es\/wp-json\/wp\/v2\/comments?post=2388"}],"version-history":[{"count":0,"href":"https:\/\/el-perico.com\/es\/wp-json\/wp\/v2\/posts\/2388\/revisions"}],"wp:featuredmedia":[{"embeddable":true,"href":"https:\/\/el-perico.com\/es\/wp-json\/"}],"wp:attachment":[{"href":"https:\/\/el-perico.com\/es\/wp-json\/wp\/v2\/media?parent=2388"}],"wp:term":[{"taxonomy":"category","embeddable":true,"href":"https:\/\/el-perico.com\/es\/wp-json\/wp\/v2\/categories?post=2388"},{"taxonomy":"post_tag","embeddable":true,"href":"https:\/\/el-perico.com\/es\/wp-json\/wp\/v2\/tags?post=2388"},{"taxonomy":"newspack_spnsrs_tax","embeddable":true,"href":"https:\/\/el-perico.com\/es\/wp-json\/wp\/v2\/newspack_spnsrs_tax?post=2388"},{"taxonomy":"author","embeddable":true,"href":"https:\/\/el-perico.com\/es\/wp-json\/wp\/v2\/coauthors?post=2388"}],"curies":[{"name":"wp","href":"https:\/\/api.w.org\/{rel}","templated":true}]}}