{"id":2378,"date":"2018-11-01T21:00:57","date_gmt":"2018-11-01T21:00:57","guid":{"rendered":"https:\/\/el-perico.com\/?p=2378"},"modified":"2018-11-01T21:00:57","modified_gmt":"2018-11-01T21:00:57","slug":"calibre-50-en-omaha-2","status":"publish","type":"post","link":"https:\/\/el-perico.com\/es\/calibre-50-en-omaha-2\/","title":{"rendered":"Calibre 50 en Omaha"},"content":{"rendered":"<p>Uno de los eventos m\u00e1s esperados en Omaha ha sido el concierto de Calibre 50, considerados como la<br \/>\nagrupaci\u00f3n del g\u00e9nero norte\u00f1o banda m\u00e1s exitosa de M\u00e9xico y la Uni\u00f3n Americana.<br \/>\nLa empresa de espect\u00e1culos Zamora Entertainment, fue la encargada de tconcretar nuevamente la<br \/>\nparticipaci\u00f3n de los cuatro sinaloenses que integran la famosa agrupaci\u00f3n, logrando la venta de miles de<br \/>\nboletos por parte de seguidores fieles al mencionado grupo.<br \/>\nEe el Ralston Arena se preparo el escenario que habr\u00eda de albergar tambi\u00e9n a Banda Ca\u00f1averal y al<br \/>\ngrupo llamado Cuarto de Milla. Ambos tuvieron la tarea de comenzar el evento, para dejar a la audiencia<br \/>\nlo bastante prendida de animo para poder disfrutar a los estelares de la noche.<br \/>\nY fue casi a la medianoche que empezar\u00edan a sonar los primeros acordes del tema de arranque con el<br \/>\nque Calibre 50 subi\u00f3 al escenario, enloqueciendo las almas que abarrotaron la explanada mayor del<br \/>\ncitado recinto.<br \/>\nLa banda mexicana se encuentra promoviendo\u00bbMitad y mitad\u00bb, su d\u00e9cimo \u00e1lbum en el que se arriesgan<br \/>\nfinalmente a explorar nuevos ritmos he instrumentos, con la finalidad de sorprender al p\u00fablico.<br \/>\nAs\u00ed, ya es posible que en su presentaci\u00f3n en Omaha interpretar\u00e1n temas a ritmo de banda sinaloense,<br \/>\nun subg\u00e9nero del regional mexicano que nunca hab\u00edan afrontado.<br \/>\nPor lo pronto, el primer sencillo, tambi\u00e9n llamado \u00abMitad y mitad\u00bb y que publicaron en febrero, ya suma<br \/>\n24 millones de visualizaciones en YouTube.<br \/>\n\u201cTe estoy enga\u00f1ado con otra\u201d, \u201cEl inmigrante\u201d, \u201cGente batallosa\u201d, \u201cTus latidos que tienen de malo\u201d,<br \/>\n\u2018Callejero y mujeriego\u2019, \u2018Aguaje activado\u2019 y \u2018El tierno se fue\u2019 solo son algunos de los temas que<br \/>\ninterpretaron y que el p\u00fablico cant\u00f3 y bail\u00f3 al ritmo de \u2018Calibre 50\u2019.<br \/>\nY es que as\u00ed es como se demuestra el \u00e9xito que actualmente goza Calibre 50, cuyos integrantes<br \/>\nindudablemente est\u00e1n felices por el momento que est\u00e1 atravesando la agrupaci\u00f3n, quien reafirma su<br \/>\ndeseo de regresar a esta parte de la uni\u00f3n americana.<\/p>\n","protected":false},"excerpt":{"rendered":"<p>Uno de los eventos m\u00e1s esperados en Omaha ha sido el concierto de Calibre 50, considerados como la agrupaci\u00f3n del g\u00e9nero norte\u00f1o banda m\u00e1s exitosa de M\u00e9xico y la Uni\u00f3n Americana. La empresa de espect\u00e1culos Zamora Entertainment, fue la encargada de tconcretar nuevamente la participaci\u00f3n de los cuatro sinaloenses que integran la famosa agrupaci\u00f3n, logrando [&hellip;]<\/p>\n","protected":false},"author":1,"featured_media":0,"comment_status":"open","ping_status":"closed","sticky":false,"template":"","format":"standard","meta":{"newspack_ads_suppress_ads":false,"_newspack_byline_active":false,"_newspack_byline":"","newspack_hide_updated_date":false,"newspack_show_updated_date":false,"newspack_content_restriction_is_exempt":false,"newspack_featured_image_position":"","newspack_post_subtitle":"","newspack_article_summary_title":"Overview:","newspack_article_summary":"","footnotes":""},"categories":[1],"tags":[],"newspack_spnsrs_tax":[],"coauthors":[],"class_list":["post-2378","post","type-post","status-publish","format-standard","hentry","category-uncategorized","entry"],"yoast_head":"<!-- This site is optimized with the Yoast SEO plugin v27.5 - https:\/\/yoast.com\/product\/yoast-seo-wordpress\/ -->\n<title>Calibre 50 en Omaha - el perico<\/title>\n<meta name=\"robots\" content=\"index, follow, max-snippet:-1, max-image-preview:large, max-video-preview:-1\" \/>\n<link rel=\"canonical\" href=\"https:\/\/el-perico.com\/es\/calibre-50-en-omaha-2\/\" \/>\n<meta property=\"og:locale\" content=\"es_ES\" \/>\n<meta property=\"og:type\" content=\"article\" \/>\n<meta property=\"og:title\" content=\"Calibre 50 en Omaha - el perico\" \/>\n<meta property=\"og:description\" content=\"Uno de los eventos m\u00e1s esperados en Omaha ha sido el concierto de Calibre 50, considerados como la agrupaci\u00f3n del g\u00e9nero norte\u00f1o banda m\u00e1s exitosa de M\u00e9xico y la Uni\u00f3n Americana. La empresa de espect\u00e1culos Zamora Entertainment, fue la encargada de tconcretar nuevamente la participaci\u00f3n de los cuatro sinaloenses que integran la famosa agrupaci\u00f3n, logrando [&hellip;]\" \/>\n<meta property=\"og:url\" content=\"https:\/\/el-perico.com\/es\/calibre-50-en-omaha-2\/\" \/>\n<meta property=\"og:site_name\" content=\"el perico\" \/>\n<meta property=\"article:publisher\" content=\"https:\/\/www.facebook.com\/elpericoomaha\" \/>\n<meta property=\"article:published_time\" content=\"2018-11-01T21:00:57+00:00\" \/>\n<meta name=\"author\" content=\"El Perico Staff\" \/>\n<meta name=\"twitter:card\" content=\"summary_large_image\" \/>\n<meta name=\"twitter:label1\" content=\"Escrito por\" \/>\n\t<meta name=\"twitter:data1\" content=\"El Perico Staff\" \/>\n\t<meta name=\"twitter:label2\" content=\"Tiempo de lectura\" \/>\n\t<meta name=\"twitter:data2\" content=\"2 minutos\" \/>\n\t<meta name=\"twitter:label3\" content=\"Written by\" \/>\n\t<meta name=\"twitter:data3\" content=\"El Perico Staff\" \/>\n<script type=\"application\/ld+json\" class=\"yoast-schema-graph\">{\"@context\":\"https:\\\/\\\/schema.org\",\"@graph\":[{\"@type\":\"Article\",\"@id\":\"https:\\\/\\\/el-perico.com\\\/es\\\/calibre-50-en-omaha-2\\\/#article\",\"isPartOf\":{\"@id\":\"https:\\\/\\\/el-perico.com\\\/es\\\/calibre-50-en-omaha-2\\\/\"},\"author\":{\"name\":\"El Perico Staff\",\"@id\":\"https:\\\/\\\/el-perico.com\\\/es\\\/#\\\/schema\\\/person\\\/1956e5e63b94d4bd0daf30675bdf4a93\"},\"headline\":\"Calibre 50 en Omaha\",\"datePublished\":\"2018-11-01T21:00:57+00:00\",\"mainEntityOfPage\":{\"@id\":\"https:\\\/\\\/el-perico.com\\\/es\\\/calibre-50-en-omaha-2\\\/\"},\"wordCount\":346,\"commentCount\":0,\"publisher\":{\"@id\":\"https:\\\/\\\/el-perico.com\\\/es\\\/#organization\"},\"articleSection\":[\"Uncategorized\"],\"inLanguage\":\"es\",\"potentialAction\":[{\"@type\":\"CommentAction\",\"name\":\"Comment\",\"target\":[\"https:\\\/\\\/el-perico.com\\\/es\\\/calibre-50-en-omaha-2\\\/#respond\"]}]},{\"@type\":\"WebPage\",\"@id\":\"https:\\\/\\\/el-perico.com\\\/es\\\/calibre-50-en-omaha-2\\\/\",\"url\":\"https:\\\/\\\/el-perico.com\\\/es\\\/calibre-50-en-omaha-2\\\/\",\"name\":\"Calibre 50 en Omaha - el perico\",\"isPartOf\":{\"@id\":\"https:\\\/\\\/el-perico.com\\\/es\\\/#website\"},\"datePublished\":\"2018-11-01T21:00:57+00:00\",\"breadcrumb\":{\"@id\":\"https:\\\/\\\/el-perico.com\\\/es\\\/calibre-50-en-omaha-2\\\/#breadcrumb\"},\"inLanguage\":\"es\",\"potentialAction\":[{\"@type\":\"ReadAction\",\"target\":[\"https:\\\/\\\/el-perico.com\\\/es\\\/calibre-50-en-omaha-2\\\/\"]}]},{\"@type\":\"BreadcrumbList\",\"@id\":\"https:\\\/\\\/el-perico.com\\\/es\\\/calibre-50-en-omaha-2\\\/#breadcrumb\",\"itemListElement\":[{\"@type\":\"ListItem\",\"position\":1,\"name\":\"Home\",\"item\":\"https:\\\/\\\/el-perico.com\\\/es\\\/\"},{\"@type\":\"ListItem\",\"position\":2,\"name\":\"Calibre 50 en Omaha\"}]},{\"@type\":\"WebSite\",\"@id\":\"https:\\\/\\\/el-perico.com\\\/es\\\/#website\",\"url\":\"https:\\\/\\\/el-perico.com\\\/es\\\/\",\"name\":\"el perico\",\"description\":\"La plataforma original de noticias e informaci\u00f3n para la comunidad hispana de Omaha\",\"publisher\":{\"@id\":\"https:\\\/\\\/el-perico.com\\\/es\\\/#organization\"},\"potentialAction\":[{\"@type\":\"SearchAction\",\"target\":{\"@type\":\"EntryPoint\",\"urlTemplate\":\"https:\\\/\\\/el-perico.com\\\/es\\\/?s={search_term_string}\"},\"query-input\":{\"@type\":\"PropertyValueSpecification\",\"valueRequired\":true,\"valueName\":\"search_term_string\"}}],\"inLanguage\":\"es\"},{\"@type\":\"Organization\",\"@id\":\"https:\\\/\\\/el-perico.com\\\/es\\\/#organization\",\"name\":\"el perico\",\"url\":\"https:\\\/\\\/el-perico.com\\\/es\\\/\",\"logo\":{\"@type\":\"ImageObject\",\"inLanguage\":\"es\",\"@id\":\"https:\\\/\\\/el-perico.com\\\/es\\\/#\\\/schema\\\/logo\\\/image\\\/\",\"url\":\"https:\\\/\\\/el-perico.com\\\/wp-content\\\/uploads\\\/2024\\\/05\\\/ElPerico-Logo_NPM-1-e1717102187440.png\",\"contentUrl\":\"https:\\\/\\\/el-perico.com\\\/wp-content\\\/uploads\\\/2024\\\/05\\\/ElPerico-Logo_NPM-1-e1717102187440.png\",\"width\":648,\"height\":216,\"caption\":\"el perico\"},\"image\":{\"@id\":\"https:\\\/\\\/el-perico.com\\\/es\\\/#\\\/schema\\\/logo\\\/image\\\/\"},\"sameAs\":[\"https:\\\/\\\/www.facebook.com\\\/elpericoomaha\"]},{\"@type\":\"Person\",\"@id\":\"https:\\\/\\\/el-perico.com\\\/es\\\/#\\\/schema\\\/person\\\/1956e5e63b94d4bd0daf30675bdf4a93\",\"name\":\"El Perico Staff\",\"image\":{\"@type\":\"ImageObject\",\"inLanguage\":\"es\",\"@id\":\"https:\\\/\\\/secure.gravatar.com\\\/avatar\\\/701b23c665bfde9fd4d874d31feb4c16bf2ac173b2b0b7224dc39896d4cfc381?s=96&d=mm&r=g80b2efc5844e688a6ffb9340c789e4c4\",\"url\":\"https:\\\/\\\/secure.gravatar.com\\\/avatar\\\/701b23c665bfde9fd4d874d31feb4c16bf2ac173b2b0b7224dc39896d4cfc381?s=96&d=mm&r=g\",\"contentUrl\":\"https:\\\/\\\/secure.gravatar.com\\\/avatar\\\/701b23c665bfde9fd4d874d31feb4c16bf2ac173b2b0b7224dc39896d4cfc381?s=96&d=mm&r=g\",\"caption\":\"El Perico Staff\"},\"sameAs\":[\"https:\\\/\\\/el-perico.com\"],\"url\":\"https:\\\/\\\/el-perico.com\\\/es\\\/author\\\/af6f1d62_admin\\\/\"}]}<\/script>\n<!-- \/ Yoast SEO plugin. -->","yoast_head_json":{"title":"Calibre 50 en Omaha - el perico","robots":{"index":"index","follow":"follow","max-snippet":"max-snippet:-1","max-image-preview":"max-image-preview:large","max-video-preview":"max-video-preview:-1"},"canonical":"https:\/\/el-perico.com\/es\/calibre-50-en-omaha-2\/","og_locale":"es_ES","og_type":"article","og_title":"Calibre 50 en Omaha - el perico","og_description":"Uno de los eventos m\u00e1s esperados en Omaha ha sido el concierto de Calibre 50, considerados como la agrupaci\u00f3n del g\u00e9nero norte\u00f1o banda m\u00e1s exitosa de M\u00e9xico y la Uni\u00f3n Americana. La empresa de espect\u00e1culos Zamora Entertainment, fue la encargada de tconcretar nuevamente la participaci\u00f3n de los cuatro sinaloenses que integran la famosa agrupaci\u00f3n, logrando [&hellip;]","og_url":"https:\/\/el-perico.com\/es\/calibre-50-en-omaha-2\/","og_site_name":"el perico","article_publisher":"https:\/\/www.facebook.com\/elpericoomaha","article_published_time":"2018-11-01T21:00:57+00:00","author":"El Perico Staff","twitter_card":"summary_large_image","twitter_misc":{"Escrito por":"El Perico Staff","Tiempo de lectura":"2 minutos","Written by":"El Perico Staff"},"schema":{"@context":"https:\/\/schema.org","@graph":[{"@type":"Article","@id":"https:\/\/el-perico.com\/es\/calibre-50-en-omaha-2\/#article","isPartOf":{"@id":"https:\/\/el-perico.com\/es\/calibre-50-en-omaha-2\/"},"author":{"name":"El Perico Staff","@id":"https:\/\/el-perico.com\/es\/#\/schema\/person\/1956e5e63b94d4bd0daf30675bdf4a93"},"headline":"Calibre 50 en Omaha","datePublished":"2018-11-01T21:00:57+00:00","mainEntityOfPage":{"@id":"https:\/\/el-perico.com\/es\/calibre-50-en-omaha-2\/"},"wordCount":346,"commentCount":0,"publisher":{"@id":"https:\/\/el-perico.com\/es\/#organization"},"articleSection":["Uncategorized"],"inLanguage":"es","potentialAction":[{"@type":"CommentAction","name":"Comment","target":["https:\/\/el-perico.com\/es\/calibre-50-en-omaha-2\/#respond"]}]},{"@type":"WebPage","@id":"https:\/\/el-perico.com\/es\/calibre-50-en-omaha-2\/","url":"https:\/\/el-perico.com\/es\/calibre-50-en-omaha-2\/","name":"Calibre 50 en Omaha - el perico","isPartOf":{"@id":"https:\/\/el-perico.com\/es\/#website"},"datePublished":"2018-11-01T21:00:57+00:00","breadcrumb":{"@id":"https:\/\/el-perico.com\/es\/calibre-50-en-omaha-2\/#breadcrumb"},"inLanguage":"es","potentialAction":[{"@type":"ReadAction","target":["https:\/\/el-perico.com\/es\/calibre-50-en-omaha-2\/"]}]},{"@type":"BreadcrumbList","@id":"https:\/\/el-perico.com\/es\/calibre-50-en-omaha-2\/#breadcrumb","itemListElement":[{"@type":"ListItem","position":1,"name":"Home","item":"https:\/\/el-perico.com\/es\/"},{"@type":"ListItem","position":2,"name":"Calibre 50 en Omaha"}]},{"@type":"WebSite","@id":"https:\/\/el-perico.com\/es\/#website","url":"https:\/\/el-perico.com\/es\/","name":"el perico","description":"La plataforma original de noticias e informaci\u00f3n para la comunidad hispana de Omaha","publisher":{"@id":"https:\/\/el-perico.com\/es\/#organization"},"potentialAction":[{"@type":"SearchAction","target":{"@type":"EntryPoint","urlTemplate":"https:\/\/el-perico.com\/es\/?s={search_term_string}"},"query-input":{"@type":"PropertyValueSpecification","valueRequired":true,"valueName":"search_term_string"}}],"inLanguage":"es"},{"@type":"Organization","@id":"https:\/\/el-perico.com\/es\/#organization","name":"el perico","url":"https:\/\/el-perico.com\/es\/","logo":{"@type":"ImageObject","inLanguage":"es","@id":"https:\/\/el-perico.com\/es\/#\/schema\/logo\/image\/","url":"https:\/\/el-perico.com\/wp-content\/uploads\/2024\/05\/ElPerico-Logo_NPM-1-e1717102187440.png","contentUrl":"https:\/\/el-perico.com\/wp-content\/uploads\/2024\/05\/ElPerico-Logo_NPM-1-e1717102187440.png","width":648,"height":216,"caption":"el perico"},"image":{"@id":"https:\/\/el-perico.com\/es\/#\/schema\/logo\/image\/"},"sameAs":["https:\/\/www.facebook.com\/elpericoomaha"]},{"@type":"Person","@id":"https:\/\/el-perico.com\/es\/#\/schema\/person\/1956e5e63b94d4bd0daf30675bdf4a93","name":"El Perico Staff","image":{"@type":"ImageObject","inLanguage":"es","@id":"https:\/\/secure.gravatar.com\/avatar\/701b23c665bfde9fd4d874d31feb4c16bf2ac173b2b0b7224dc39896d4cfc381?s=96&d=mm&r=g80b2efc5844e688a6ffb9340c789e4c4","url":"https:\/\/secure.gravatar.com\/avatar\/701b23c665bfde9fd4d874d31feb4c16bf2ac173b2b0b7224dc39896d4cfc381?s=96&d=mm&r=g","contentUrl":"https:\/\/secure.gravatar.com\/avatar\/701b23c665bfde9fd4d874d31feb4c16bf2ac173b2b0b7224dc39896d4cfc381?s=96&d=mm&r=g","caption":"El Perico Staff"},"sameAs":["https:\/\/el-perico.com"],"url":"https:\/\/el-perico.com\/es\/author\/af6f1d62_admin\/"}]}},"_links":{"self":[{"href":"https:\/\/el-perico.com\/es\/wp-json\/wp\/v2\/posts\/2378","targetHints":{"allow":["GET"]}}],"collection":[{"href":"https:\/\/el-perico.com\/es\/wp-json\/wp\/v2\/posts"}],"about":[{"href":"https:\/\/el-perico.com\/es\/wp-json\/wp\/v2\/types\/post"}],"author":[{"embeddable":true,"href":"https:\/\/el-perico.com\/es\/wp-json\/wp\/v2\/users\/1"}],"replies":[{"embeddable":true,"href":"https:\/\/el-perico.com\/es\/wp-json\/wp\/v2\/comments?post=2378"}],"version-history":[{"count":0,"href":"https:\/\/el-perico.com\/es\/wp-json\/wp\/v2\/posts\/2378\/revisions"}],"wp:attachment":[{"href":"https:\/\/el-perico.com\/es\/wp-json\/wp\/v2\/media?parent=2378"}],"wp:term":[{"taxonomy":"category","embeddable":true,"href":"https:\/\/el-perico.com\/es\/wp-json\/wp\/v2\/categories?post=2378"},{"taxonomy":"post_tag","embeddable":true,"href":"https:\/\/el-perico.com\/es\/wp-json\/wp\/v2\/tags?post=2378"},{"taxonomy":"newspack_spnsrs_tax","embeddable":true,"href":"https:\/\/el-perico.com\/es\/wp-json\/wp\/v2\/newspack_spnsrs_tax?post=2378"},{"taxonomy":"author","embeddable":true,"href":"https:\/\/el-perico.com\/es\/wp-json\/wp\/v2\/coauthors?post=2378"}],"curies":[{"name":"wp","href":"https:\/\/api.w.org\/{rel}","templated":true}]}}