{"id":2362,"date":"2018-11-08T21:22:51","date_gmt":"2018-11-08T21:22:51","guid":{"rendered":"https:\/\/el-perico.com\/?p=2362"},"modified":"2018-11-08T21:22:51","modified_gmt":"2018-11-08T21:22:51","slug":"headline-la-seguridad-en-la-escuela-continua-siendo-de-alta-prioridad-todos-los-dias-2","status":"publish","type":"post","link":"https:\/\/el-perico.com\/es\/headline-la-seguridad-en-la-escuela-continua-siendo-de-alta-prioridad-todos-los-dias-2\/","title":{"rendered":"HEADLINE: La seguridad en la escuela contin\u00faa siendo de alta  prioridad todos los d\u00edas."},"content":{"rendered":"<p>Por Cheryl J. Logan, Ed.D.<br \/>\nSuperintendente\/ Omaha Public Schools<br \/>\nlogancomm@ops.org<br \/>\nComunidad de OPS:<br \/>\nCada ma\u00f1ana nuestras familias conf\u00edan en nosotros para la educaci\u00f3n de lo que es<br \/>\nm\u00e1s valioso para nosotros: nuestros estudiantes. Esa responsabilidad va acompa\u00f1ada<br \/>\nde procurar un ambiente de aprendizaje segur. Nosotros nos tomamos muy en serio<br \/>\nesa responsabilidad.<br \/>\nLa sociedad de hoy en d\u00eda requiere que nos mantengamos alerta. Eso se traduce en<br \/>\nmonitorear nuestros alrededores, poner atenci\u00f3n al bienestar los unos de los otros y<br \/>\nalertar a la administraci\u00f3n y\/o a las autoridades cuando vemos, nos percatamos de o<br \/>\nescuchamos algo que sea de preocupaci\u00f3n.<br \/>\nComo Superintendente de Omaha Public Schools, la seguridad es mi prioridad n\u00famero<br \/>\nuno. El equipo de liderazgo continuamente participa en actividades de preparaci\u00f3n y<br \/>\nseguridad junto con nuestros socios que nos apoyan en las fuerzas policiales locales y<br \/>\nen respuesta a emergencias. Trabajamos diariamente para asegurar un enfoque<br \/>\nproactivo a la seguridad y a la valoraci\u00f3n de amenazas y para mejorar nuestras<br \/>\nmedidas preventivas, adem\u00e1s de nuestros planes de respuesta a emergencias.<br \/>\nA continuaci\u00f3n presente un breve resumen de algunas de las actividades que se<br \/>\nllevan a cabo sobre seguridad escolar:<br \/>\n\u25cfLos l\u00edderes escolares est\u00e1n recibiendo capacitaci\u00f3n adicional en mejores<br \/>\npr\u00e1cticas sobre seguridad y valoraci\u00f3n de amenazas, administraci\u00f3n de crisis y<br \/>\ncomunicaci\u00f3n en crisis. Como parte de la capacitaci\u00f3n, los l\u00edderes escolares<br \/>\naprenden c\u00f3mo construir relaciones positivas y orientadas a la confianza,<br \/>\ndise\u00f1adas para atender el bienestar emocional de nuestros ni\u00f1os. Tambi\u00e9n<br \/>\naprenden a identificar y presentar lo antes posible la informaci\u00f3n sobre<br \/>\ncomportamientos preocupantes.<br \/>\n\u25cfNuestra Oficina de Seguridad proporciona capacitaci\u00f3n constante en nuestro<br \/>\ndistrito sobre el Protocolo Est\u00e1ndar de Respuesta (m\u00e1s de 200 distritos escolares<br \/>\nen el Estado de Nebraska usan el Protocolo Est\u00e1ndar de Respuesta para<br \/>\nasegurar que se use un vocabulario consistente de respuesta y acciones de<br \/>\nrespuesta en emergencias).<br \/>\n\u25cfNuestros Oficiales de Recursos Escolares y los oficiales de seguridad<br \/>\nproporcionan supervisi\u00f3n durante los simulacros de seguridad que se llevan a<br \/>\ncabo de forma regular.<br \/>\n\u25cfLos administradores est\u00e1n revisando y actualizando los planes de manejo de<br \/>\nemergencias\/crisis.<br \/>\n\u25cfLos l\u00edderes escolares de nivel central han participado en ejercicios (hay<br \/>\ndiscusiones sobre la realizaci\u00f3n de simulacros a gran escala en el futuro).<br \/>\n\u25cfHemos invertido una cantidad considerable de recursos en mejoras contra<br \/>\nincendios, para seguridad de vida y seguridad en general gracias al apoyo de los<br \/>\ncontribuyentes de Omaha.<br \/>\n\u25cfLos administradores revisan y actualizan los protocolos de comunicaci\u00f3n y<br \/>\nsistemas de monitoreo seg\u00fan es necesario.<br \/>\nLa conversaci\u00f3n a nivel nacional sobre seguridad escolar contin\u00faa en todos nosotros<br \/>\ngenerando preguntas y preocupaciones. Nosotros queremos que usted sepa que la<br \/>\nseguridad de nuestros estudiantes y personal de trabajo contin\u00faa siendo la prioridad<br \/>\nm\u00e1s alta en nuestra lista diaria.<br \/>\nCuando nuestros estudiantes entran por las puertas cada ma\u00f1ana, nosotros sabemos<br \/>\nque muchos de ellos experimentan la escuela como mucho m\u00e1s que \u201cun lugar en<br \/>\ndonde aprender\u201d. La escuela es a donde nuestros ni\u00f1os vienen para fraternizar. Es a<br \/>\ndonde vienen para descansar. Es a donde vienen para preparase para sus futuros.<br \/>\nNuestro compromiso diario a nuestros estudiantes y a nuestro equipo de trabajo es que<br \/>\ntodas estas actividades se llevan a cabo en un ambiente que es seguro. Nosotros<br \/>\ncontinuaremos trabajando con diligencia para hacer todo lo posible para mantener este<br \/>\ncompromiso.<br \/>\nLo que pido a cada uno de ustedes es que juntos continuemos cumpliendo con<br \/>\nnuestras responsabilidades individuales para apoyar a nuestros estudiantes y a nuestro<br \/>\nequipo de trabajo, permaneciendo vigilantes y guiando a nuestros estudiantes a tomar<br \/>\nbuenas decisiones.<br \/>\nNosotros apreciamos su confianza en todos nosotros adem\u00e1s de su apoyo a los<br \/>\nestudiantes y al equipo de trabajo de Omaha Public Schools.<\/p>\n","protected":false},"excerpt":{"rendered":"<p>Por Cheryl J. Logan, Ed.D. Superintendente\/ Omaha Public Schools logancomm@ops.org Comunidad de OPS: Cada ma\u00f1ana nuestras familias conf\u00edan en nosotros para la educaci\u00f3n de lo que es m\u00e1s valioso para nosotros: nuestros estudiantes. Esa responsabilidad va acompa\u00f1ada de procurar un ambiente de aprendizaje segur. Nosotros nos tomamos muy en serio esa responsabilidad. La sociedad de [&hellip;]<\/p>\n","protected":false},"author":1,"featured_media":0,"comment_status":"open","ping_status":"closed","sticky":false,"template":"","format":"standard","meta":{"newspack_ads_suppress_ads":false,"_newspack_byline_active":false,"_newspack_byline":"","newspack_hide_updated_date":false,"newspack_show_updated_date":false,"newspack_content_restriction_is_exempt":false,"newspack_featured_image_position":"","newspack_post_subtitle":"","newspack_article_summary_title":"Overview:","newspack_article_summary":"","footnotes":""},"categories":[1226],"tags":[],"newspack_spnsrs_tax":[],"coauthors":[],"class_list":["post-2362","post","type-post","status-publish","format-standard","hentry","category-sin-categorizar","entry"],"yoast_head":"<!-- This site is optimized with the Yoast SEO plugin v27.5 - https:\/\/yoast.com\/product\/yoast-seo-wordpress\/ -->\n<title>HEADLINE: La seguridad en la escuela contin\u00faa siendo de alta prioridad todos los d\u00edas. - el perico<\/title>\n<meta name=\"robots\" content=\"index, follow, max-snippet:-1, max-image-preview:large, max-video-preview:-1\" \/>\n<link rel=\"canonical\" href=\"https:\/\/el-perico.com\/es\/headline-la-seguridad-en-la-escuela-continua-siendo-de-alta-prioridad-todos-los-dias-2\/\" \/>\n<meta property=\"og:locale\" content=\"es_ES\" \/>\n<meta property=\"og:type\" content=\"article\" \/>\n<meta property=\"og:title\" content=\"HEADLINE: La seguridad en la escuela contin\u00faa siendo de alta prioridad todos los d\u00edas. - el perico\" \/>\n<meta property=\"og:description\" content=\"Por Cheryl J. Logan, Ed.D. Superintendente\/ Omaha Public Schools logancomm@ops.org Comunidad de OPS: Cada ma\u00f1ana nuestras familias conf\u00edan en nosotros para la educaci\u00f3n de lo que es m\u00e1s valioso para nosotros: nuestros estudiantes. Esa responsabilidad va acompa\u00f1ada de procurar un ambiente de aprendizaje segur. Nosotros nos tomamos muy en serio esa responsabilidad. La sociedad de [&hellip;]\" \/>\n<meta property=\"og:url\" content=\"https:\/\/el-perico.com\/es\/headline-la-seguridad-en-la-escuela-continua-siendo-de-alta-prioridad-todos-los-dias-2\/\" \/>\n<meta property=\"og:site_name\" content=\"el perico\" \/>\n<meta property=\"article:publisher\" content=\"https:\/\/www.facebook.com\/elpericoomaha\" \/>\n<meta property=\"article:published_time\" content=\"2018-11-08T21:22:51+00:00\" \/>\n<meta name=\"author\" content=\"El Perico Staff\" \/>\n<meta name=\"twitter:card\" content=\"summary_large_image\" \/>\n<meta name=\"twitter:label1\" content=\"Escrito por\" \/>\n\t<meta name=\"twitter:data1\" content=\"El Perico Staff\" \/>\n\t<meta name=\"twitter:label2\" content=\"Tiempo de lectura\" \/>\n\t<meta name=\"twitter:data2\" content=\"3 minutos\" \/>\n\t<meta name=\"twitter:label3\" content=\"Written by\" \/>\n\t<meta name=\"twitter:data3\" content=\"El Perico Staff\" \/>\n<script type=\"application\/ld+json\" class=\"yoast-schema-graph\">{\"@context\":\"https:\\\/\\\/schema.org\",\"@graph\":[{\"@type\":\"Article\",\"@id\":\"https:\\\/\\\/el-perico.com\\\/es\\\/headline-la-seguridad-en-la-escuela-continua-siendo-de-alta-prioridad-todos-los-dias-2\\\/#article\",\"isPartOf\":{\"@id\":\"https:\\\/\\\/el-perico.com\\\/es\\\/headline-la-seguridad-en-la-escuela-continua-siendo-de-alta-prioridad-todos-los-dias-2\\\/\"},\"author\":{\"name\":\"El Perico Staff\",\"@id\":\"https:\\\/\\\/el-perico.com\\\/es\\\/#\\\/schema\\\/person\\\/1956e5e63b94d4bd0daf30675bdf4a93\"},\"headline\":\"HEADLINE: La seguridad en la escuela contin\u00faa siendo de alta prioridad todos los d\u00edas.\",\"datePublished\":\"2018-11-08T21:22:51+00:00\",\"mainEntityOfPage\":{\"@id\":\"https:\\\/\\\/el-perico.com\\\/es\\\/headline-la-seguridad-en-la-escuela-continua-siendo-de-alta-prioridad-todos-los-dias-2\\\/\"},\"wordCount\":668,\"commentCount\":0,\"publisher\":{\"@id\":\"https:\\\/\\\/el-perico.com\\\/es\\\/#organization\"},\"articleSection\":[\"Sin categorizar\"],\"inLanguage\":\"es\",\"potentialAction\":[{\"@type\":\"CommentAction\",\"name\":\"Comment\",\"target\":[\"https:\\\/\\\/el-perico.com\\\/es\\\/headline-la-seguridad-en-la-escuela-continua-siendo-de-alta-prioridad-todos-los-dias-2\\\/#respond\"]}]},{\"@type\":\"WebPage\",\"@id\":\"https:\\\/\\\/el-perico.com\\\/es\\\/headline-la-seguridad-en-la-escuela-continua-siendo-de-alta-prioridad-todos-los-dias-2\\\/\",\"url\":\"https:\\\/\\\/el-perico.com\\\/es\\\/headline-la-seguridad-en-la-escuela-continua-siendo-de-alta-prioridad-todos-los-dias-2\\\/\",\"name\":\"HEADLINE: La seguridad en la escuela contin\u00faa siendo de alta prioridad todos los d\u00edas. - el perico\",\"isPartOf\":{\"@id\":\"https:\\\/\\\/el-perico.com\\\/es\\\/#website\"},\"datePublished\":\"2018-11-08T21:22:51+00:00\",\"breadcrumb\":{\"@id\":\"https:\\\/\\\/el-perico.com\\\/es\\\/headline-la-seguridad-en-la-escuela-continua-siendo-de-alta-prioridad-todos-los-dias-2\\\/#breadcrumb\"},\"inLanguage\":\"es\",\"potentialAction\":[{\"@type\":\"ReadAction\",\"target\":[\"https:\\\/\\\/el-perico.com\\\/es\\\/headline-la-seguridad-en-la-escuela-continua-siendo-de-alta-prioridad-todos-los-dias-2\\\/\"]}]},{\"@type\":\"BreadcrumbList\",\"@id\":\"https:\\\/\\\/el-perico.com\\\/es\\\/headline-la-seguridad-en-la-escuela-continua-siendo-de-alta-prioridad-todos-los-dias-2\\\/#breadcrumb\",\"itemListElement\":[{\"@type\":\"ListItem\",\"position\":1,\"name\":\"Home\",\"item\":\"https:\\\/\\\/el-perico.com\\\/es\\\/\"},{\"@type\":\"ListItem\",\"position\":2,\"name\":\"HEADLINE: La seguridad en la escuela contin\u00faa siendo de alta prioridad todos los d\u00edas.\"}]},{\"@type\":\"WebSite\",\"@id\":\"https:\\\/\\\/el-perico.com\\\/es\\\/#website\",\"url\":\"https:\\\/\\\/el-perico.com\\\/es\\\/\",\"name\":\"el perico\",\"description\":\"La plataforma original de noticias e informaci\u00f3n para la comunidad hispana de Omaha\",\"publisher\":{\"@id\":\"https:\\\/\\\/el-perico.com\\\/es\\\/#organization\"},\"potentialAction\":[{\"@type\":\"SearchAction\",\"target\":{\"@type\":\"EntryPoint\",\"urlTemplate\":\"https:\\\/\\\/el-perico.com\\\/es\\\/?s={search_term_string}\"},\"query-input\":{\"@type\":\"PropertyValueSpecification\",\"valueRequired\":true,\"valueName\":\"search_term_string\"}}],\"inLanguage\":\"es\"},{\"@type\":\"Organization\",\"@id\":\"https:\\\/\\\/el-perico.com\\\/es\\\/#organization\",\"name\":\"el perico\",\"url\":\"https:\\\/\\\/el-perico.com\\\/es\\\/\",\"logo\":{\"@type\":\"ImageObject\",\"inLanguage\":\"es\",\"@id\":\"https:\\\/\\\/el-perico.com\\\/es\\\/#\\\/schema\\\/logo\\\/image\\\/\",\"url\":\"https:\\\/\\\/el-perico.com\\\/wp-content\\\/uploads\\\/2024\\\/05\\\/ElPerico-Logo_NPM-1-e1717102187440.png\",\"contentUrl\":\"https:\\\/\\\/el-perico.com\\\/wp-content\\\/uploads\\\/2024\\\/05\\\/ElPerico-Logo_NPM-1-e1717102187440.png\",\"width\":648,\"height\":216,\"caption\":\"el perico\"},\"image\":{\"@id\":\"https:\\\/\\\/el-perico.com\\\/es\\\/#\\\/schema\\\/logo\\\/image\\\/\"},\"sameAs\":[\"https:\\\/\\\/www.facebook.com\\\/elpericoomaha\"]},{\"@type\":\"Person\",\"@id\":\"https:\\\/\\\/el-perico.com\\\/es\\\/#\\\/schema\\\/person\\\/1956e5e63b94d4bd0daf30675bdf4a93\",\"name\":\"El Perico Staff\",\"image\":{\"@type\":\"ImageObject\",\"inLanguage\":\"es\",\"@id\":\"https:\\\/\\\/secure.gravatar.com\\\/avatar\\\/701b23c665bfde9fd4d874d31feb4c16bf2ac173b2b0b7224dc39896d4cfc381?s=96&d=mm&r=g80b2efc5844e688a6ffb9340c789e4c4\",\"url\":\"https:\\\/\\\/secure.gravatar.com\\\/avatar\\\/701b23c665bfde9fd4d874d31feb4c16bf2ac173b2b0b7224dc39896d4cfc381?s=96&d=mm&r=g\",\"contentUrl\":\"https:\\\/\\\/secure.gravatar.com\\\/avatar\\\/701b23c665bfde9fd4d874d31feb4c16bf2ac173b2b0b7224dc39896d4cfc381?s=96&d=mm&r=g\",\"caption\":\"El Perico Staff\"},\"sameAs\":[\"https:\\\/\\\/el-perico.com\"],\"url\":\"https:\\\/\\\/el-perico.com\\\/es\\\/author\\\/af6f1d62_admin\\\/\"}]}<\/script>\n<!-- \/ Yoast SEO plugin. -->","yoast_head_json":{"title":"HEADLINE: La seguridad en la escuela contin\u00faa siendo de alta prioridad todos los d\u00edas. - el perico","robots":{"index":"index","follow":"follow","max-snippet":"max-snippet:-1","max-image-preview":"max-image-preview:large","max-video-preview":"max-video-preview:-1"},"canonical":"https:\/\/el-perico.com\/es\/headline-la-seguridad-en-la-escuela-continua-siendo-de-alta-prioridad-todos-los-dias-2\/","og_locale":"es_ES","og_type":"article","og_title":"HEADLINE: La seguridad en la escuela contin\u00faa siendo de alta prioridad todos los d\u00edas. - el perico","og_description":"Por Cheryl J. Logan, Ed.D. Superintendente\/ Omaha Public Schools logancomm@ops.org Comunidad de OPS: Cada ma\u00f1ana nuestras familias conf\u00edan en nosotros para la educaci\u00f3n de lo que es m\u00e1s valioso para nosotros: nuestros estudiantes. Esa responsabilidad va acompa\u00f1ada de procurar un ambiente de aprendizaje segur. Nosotros nos tomamos muy en serio esa responsabilidad. La sociedad de [&hellip;]","og_url":"https:\/\/el-perico.com\/es\/headline-la-seguridad-en-la-escuela-continua-siendo-de-alta-prioridad-todos-los-dias-2\/","og_site_name":"el perico","article_publisher":"https:\/\/www.facebook.com\/elpericoomaha","article_published_time":"2018-11-08T21:22:51+00:00","author":"El Perico Staff","twitter_card":"summary_large_image","twitter_misc":{"Escrito por":"El Perico Staff","Tiempo de lectura":"3 minutos","Written by":"El Perico Staff"},"schema":{"@context":"https:\/\/schema.org","@graph":[{"@type":"Article","@id":"https:\/\/el-perico.com\/es\/headline-la-seguridad-en-la-escuela-continua-siendo-de-alta-prioridad-todos-los-dias-2\/#article","isPartOf":{"@id":"https:\/\/el-perico.com\/es\/headline-la-seguridad-en-la-escuela-continua-siendo-de-alta-prioridad-todos-los-dias-2\/"},"author":{"name":"El Perico Staff","@id":"https:\/\/el-perico.com\/es\/#\/schema\/person\/1956e5e63b94d4bd0daf30675bdf4a93"},"headline":"HEADLINE: La seguridad en la escuela contin\u00faa siendo de alta prioridad todos los d\u00edas.","datePublished":"2018-11-08T21:22:51+00:00","mainEntityOfPage":{"@id":"https:\/\/el-perico.com\/es\/headline-la-seguridad-en-la-escuela-continua-siendo-de-alta-prioridad-todos-los-dias-2\/"},"wordCount":668,"commentCount":0,"publisher":{"@id":"https:\/\/el-perico.com\/es\/#organization"},"articleSection":["Sin categorizar"],"inLanguage":"es","potentialAction":[{"@type":"CommentAction","name":"Comment","target":["https:\/\/el-perico.com\/es\/headline-la-seguridad-en-la-escuela-continua-siendo-de-alta-prioridad-todos-los-dias-2\/#respond"]}]},{"@type":"WebPage","@id":"https:\/\/el-perico.com\/es\/headline-la-seguridad-en-la-escuela-continua-siendo-de-alta-prioridad-todos-los-dias-2\/","url":"https:\/\/el-perico.com\/es\/headline-la-seguridad-en-la-escuela-continua-siendo-de-alta-prioridad-todos-los-dias-2\/","name":"HEADLINE: La seguridad en la escuela contin\u00faa siendo de alta prioridad todos los d\u00edas. - el perico","isPartOf":{"@id":"https:\/\/el-perico.com\/es\/#website"},"datePublished":"2018-11-08T21:22:51+00:00","breadcrumb":{"@id":"https:\/\/el-perico.com\/es\/headline-la-seguridad-en-la-escuela-continua-siendo-de-alta-prioridad-todos-los-dias-2\/#breadcrumb"},"inLanguage":"es","potentialAction":[{"@type":"ReadAction","target":["https:\/\/el-perico.com\/es\/headline-la-seguridad-en-la-escuela-continua-siendo-de-alta-prioridad-todos-los-dias-2\/"]}]},{"@type":"BreadcrumbList","@id":"https:\/\/el-perico.com\/es\/headline-la-seguridad-en-la-escuela-continua-siendo-de-alta-prioridad-todos-los-dias-2\/#breadcrumb","itemListElement":[{"@type":"ListItem","position":1,"name":"Home","item":"https:\/\/el-perico.com\/es\/"},{"@type":"ListItem","position":2,"name":"HEADLINE: La seguridad en la escuela contin\u00faa siendo de alta prioridad todos los d\u00edas."}]},{"@type":"WebSite","@id":"https:\/\/el-perico.com\/es\/#website","url":"https:\/\/el-perico.com\/es\/","name":"el perico","description":"La plataforma original de noticias e informaci\u00f3n para la comunidad hispana de Omaha","publisher":{"@id":"https:\/\/el-perico.com\/es\/#organization"},"potentialAction":[{"@type":"SearchAction","target":{"@type":"EntryPoint","urlTemplate":"https:\/\/el-perico.com\/es\/?s={search_term_string}"},"query-input":{"@type":"PropertyValueSpecification","valueRequired":true,"valueName":"search_term_string"}}],"inLanguage":"es"},{"@type":"Organization","@id":"https:\/\/el-perico.com\/es\/#organization","name":"el perico","url":"https:\/\/el-perico.com\/es\/","logo":{"@type":"ImageObject","inLanguage":"es","@id":"https:\/\/el-perico.com\/es\/#\/schema\/logo\/image\/","url":"https:\/\/el-perico.com\/wp-content\/uploads\/2024\/05\/ElPerico-Logo_NPM-1-e1717102187440.png","contentUrl":"https:\/\/el-perico.com\/wp-content\/uploads\/2024\/05\/ElPerico-Logo_NPM-1-e1717102187440.png","width":648,"height":216,"caption":"el perico"},"image":{"@id":"https:\/\/el-perico.com\/es\/#\/schema\/logo\/image\/"},"sameAs":["https:\/\/www.facebook.com\/elpericoomaha"]},{"@type":"Person","@id":"https:\/\/el-perico.com\/es\/#\/schema\/person\/1956e5e63b94d4bd0daf30675bdf4a93","name":"El Perico Staff","image":{"@type":"ImageObject","inLanguage":"es","@id":"https:\/\/secure.gravatar.com\/avatar\/701b23c665bfde9fd4d874d31feb4c16bf2ac173b2b0b7224dc39896d4cfc381?s=96&d=mm&r=g80b2efc5844e688a6ffb9340c789e4c4","url":"https:\/\/secure.gravatar.com\/avatar\/701b23c665bfde9fd4d874d31feb4c16bf2ac173b2b0b7224dc39896d4cfc381?s=96&d=mm&r=g","contentUrl":"https:\/\/secure.gravatar.com\/avatar\/701b23c665bfde9fd4d874d31feb4c16bf2ac173b2b0b7224dc39896d4cfc381?s=96&d=mm&r=g","caption":"El Perico Staff"},"sameAs":["https:\/\/el-perico.com"],"url":"https:\/\/el-perico.com\/es\/author\/af6f1d62_admin\/"}]}},"_links":{"self":[{"href":"https:\/\/el-perico.com\/es\/wp-json\/wp\/v2\/posts\/2362","targetHints":{"allow":["GET"]}}],"collection":[{"href":"https:\/\/el-perico.com\/es\/wp-json\/wp\/v2\/posts"}],"about":[{"href":"https:\/\/el-perico.com\/es\/wp-json\/wp\/v2\/types\/post"}],"author":[{"embeddable":true,"href":"https:\/\/el-perico.com\/es\/wp-json\/wp\/v2\/users\/1"}],"replies":[{"embeddable":true,"href":"https:\/\/el-perico.com\/es\/wp-json\/wp\/v2\/comments?post=2362"}],"version-history":[{"count":0,"href":"https:\/\/el-perico.com\/es\/wp-json\/wp\/v2\/posts\/2362\/revisions"}],"wp:attachment":[{"href":"https:\/\/el-perico.com\/es\/wp-json\/wp\/v2\/media?parent=2362"}],"wp:term":[{"taxonomy":"category","embeddable":true,"href":"https:\/\/el-perico.com\/es\/wp-json\/wp\/v2\/categories?post=2362"},{"taxonomy":"post_tag","embeddable":true,"href":"https:\/\/el-perico.com\/es\/wp-json\/wp\/v2\/tags?post=2362"},{"taxonomy":"newspack_spnsrs_tax","embeddable":true,"href":"https:\/\/el-perico.com\/es\/wp-json\/wp\/v2\/newspack_spnsrs_tax?post=2362"},{"taxonomy":"author","embeddable":true,"href":"https:\/\/el-perico.com\/es\/wp-json\/wp\/v2\/coauthors?post=2362"}],"curies":[{"name":"wp","href":"https:\/\/api.w.org\/{rel}","templated":true}]}}