{"id":2349,"date":"2018-11-08T20:02:58","date_gmt":"2018-11-08T20:02:58","guid":{"rendered":"https:\/\/el-perico.com\/?p=2349"},"modified":"2018-11-08T20:02:58","modified_gmt":"2018-11-08T20:02:58","slug":"banda-carnaval-regresa-a-omaha","status":"publish","type":"post","link":"https:\/\/el-perico.com\/es\/banda-carnaval-regresa-a-omaha\/","title":{"rendered":"Banda Carnaval regresa a Omaha"},"content":{"rendered":"<p>Felices de regresar a Omaha, los integrantes de Banda Carnaval llegaron con grandes temas a la plaza<br \/>\ndel Ralston Arena, para cumplir con la invitaci\u00f3n que les hiciera una vez m\u00e1s la empresa Zamora en<br \/>\nOmaha.<br \/>\nLa agrupaci\u00f3n se reencontr\u00f3 con todos los seguidores que por 10 a\u00f1os les han favorecido con su<br \/>\naplauso. De hecho, una de las novedades del evento fue la incursi\u00f3n del disco que enaltece una d\u00e9cada<br \/>\nde \u00e9xitos de Banda Carnaval.<br \/>\nComo parte del festejo, lanzaron tambi\u00e9n un dueto, titulado \u201cDe buen perfil\u201d, con una de sus<br \/>\nagrupaciones amigas, misma con la cual compartieron el escenario en la ciudad: Calibre 50.<br \/>\nKarlos Cruz G\u00f3mez Llanos, vocalista de la agrupaci\u00f3n, mejor conocido como Rocky, reafirmo que no es<br \/>\nla primera vez que se presentan en esta parte de los Estados Unidos. \u201cNos presentamos en el 2015 y es<br \/>\nuna gran responsabilidad y un gran compromiso llegar con nuevos temas y con una evoluci\u00f3n marcada<br \/>\npara hacer una gran papel, para que la gente se divierta en grande\u201d, expres\u00f3 Cruz.<br \/>\nEl reto fue prender a un p\u00fablico exigente por pasar una buena noche. Raz\u00f3n por la cual, no pudieron<br \/>\nfaltar en su actuaci\u00f3n los temas \u201cY te vas\u201d, \u201cTe cambio\u201d, \u201cGente batallosa\u201d y \u201cDesde cu\u00e1ndo no me<br \/>\nquieres\u201d.<br \/>\nLa agrupaci\u00f3n sigue promocionando su m\u00e1s reciente corte promocional, que lleva por t\u00edtulo \u201cC\u00f3mo no<br \/>\nadorarte\u201d, el cual se desprende de su nueva producci\u00f3n, que lleva por t\u00edtulo \u201cComo no queriendo\u201d.<br \/>\nFelices, Banda Carnaval no para de trabajar cumpliendo con una larga gira por Guatemala, El Salvador y<br \/>\nNicaragua. A la par han seguido con las presentaciones en Estados Unidos y M\u00e9xico.<br \/>\nEs as\u00ed como Banda Carnaval sigue cruzando fronteras, para escucharse en otros pa\u00edses. Ya desde hace<br \/>\nseis a\u00f1os llegaron para conquistar los Estados Unidos y ahora tienen la posibilidad de exponer su talento<br \/>\nen otros pa\u00edses.<br \/>\nHoy, a una d\u00e9cada de haber comenzado su trayectoria, siguen cosechando logros y siguen buscando<br \/>\nllegar a m\u00e1s gente. Por ello no descartan grabar una serie o reality, como lo han hecho otras<br \/>\nagrupaciones del g\u00e9nero regional y mientras tanto, se dicen agradecidos por la oportunidad de poder<br \/>\nvisitar lugares donde son tan bien recibidos, como ha ocurrido nuevamente en Omaha.<\/p>\n","protected":false},"excerpt":{"rendered":"<p>Felices de regresar a Omaha, los integrantes de Banda Carnaval llegaron con grandes temas a la plaza del Ralston Arena, para cumplir con la invitaci\u00f3n que les hiciera una vez m\u00e1s la empresa Zamora en Omaha. La agrupaci\u00f3n se reencontr\u00f3 con todos los seguidores que por 10 a\u00f1os les han favorecido con su aplauso. De [&hellip;]<\/p>\n","protected":false},"author":1,"featured_media":0,"comment_status":"open","ping_status":"closed","sticky":false,"template":"","format":"standard","meta":{"newspack_ads_suppress_ads":false,"_newspack_byline_active":false,"_newspack_byline":"","newspack_hide_updated_date":false,"newspack_show_updated_date":false,"newspack_content_restriction_is_exempt":false,"newspack_featured_image_position":"","newspack_post_subtitle":"","newspack_article_summary_title":"Overview:","newspack_article_summary":"","footnotes":""},"categories":[3],"tags":[],"newspack_spnsrs_tax":[],"coauthors":[],"class_list":["post-2349","post","type-post","status-publish","format-standard","hentry","category-general","entry"],"yoast_head":"<!-- This site is optimized with the Yoast SEO plugin v27.5 - https:\/\/yoast.com\/product\/yoast-seo-wordpress\/ -->\n<title>Banda Carnaval regresa a Omaha - el perico<\/title>\n<meta name=\"robots\" content=\"index, follow, max-snippet:-1, max-image-preview:large, max-video-preview:-1\" \/>\n<link rel=\"canonical\" href=\"https:\/\/el-perico.com\/es\/banda-carnaval-regresa-a-omaha\/\" \/>\n<meta property=\"og:locale\" content=\"es_ES\" \/>\n<meta property=\"og:type\" content=\"article\" \/>\n<meta property=\"og:title\" content=\"Banda Carnaval regresa a Omaha - el perico\" \/>\n<meta property=\"og:description\" content=\"Felices de regresar a Omaha, los integrantes de Banda Carnaval llegaron con grandes temas a la plaza del Ralston Arena, para cumplir con la invitaci\u00f3n que les hiciera una vez m\u00e1s la empresa Zamora en Omaha. La agrupaci\u00f3n se reencontr\u00f3 con todos los seguidores que por 10 a\u00f1os les han favorecido con su aplauso. De [&hellip;]\" \/>\n<meta property=\"og:url\" content=\"https:\/\/el-perico.com\/es\/banda-carnaval-regresa-a-omaha\/\" \/>\n<meta property=\"og:site_name\" content=\"el perico\" \/>\n<meta property=\"article:publisher\" content=\"https:\/\/www.facebook.com\/elpericoomaha\" \/>\n<meta property=\"article:published_time\" content=\"2018-11-08T20:02:58+00:00\" \/>\n<meta name=\"author\" content=\"El Perico Staff\" \/>\n<meta name=\"twitter:card\" content=\"summary_large_image\" \/>\n<meta name=\"twitter:label1\" content=\"Escrito por\" \/>\n\t<meta name=\"twitter:data1\" content=\"El Perico Staff\" \/>\n\t<meta name=\"twitter:label2\" content=\"Tiempo de lectura\" \/>\n\t<meta name=\"twitter:data2\" content=\"2 minutos\" \/>\n\t<meta name=\"twitter:label3\" content=\"Written by\" \/>\n\t<meta name=\"twitter:data3\" content=\"El Perico Staff\" \/>\n<script type=\"application\/ld+json\" class=\"yoast-schema-graph\">{\"@context\":\"https:\\\/\\\/schema.org\",\"@graph\":[{\"@type\":\"Article\",\"@id\":\"https:\\\/\\\/el-perico.com\\\/es\\\/banda-carnaval-regresa-a-omaha\\\/#article\",\"isPartOf\":{\"@id\":\"https:\\\/\\\/el-perico.com\\\/es\\\/banda-carnaval-regresa-a-omaha\\\/\"},\"author\":{\"name\":\"El Perico Staff\",\"@id\":\"https:\\\/\\\/el-perico.com\\\/es\\\/#\\\/schema\\\/person\\\/1956e5e63b94d4bd0daf30675bdf4a93\"},\"headline\":\"Banda Carnaval regresa a Omaha\",\"datePublished\":\"2018-11-08T20:02:58+00:00\",\"mainEntityOfPage\":{\"@id\":\"https:\\\/\\\/el-perico.com\\\/es\\\/banda-carnaval-regresa-a-omaha\\\/\"},\"wordCount\":399,\"commentCount\":0,\"publisher\":{\"@id\":\"https:\\\/\\\/el-perico.com\\\/es\\\/#organization\"},\"articleSection\":[\"General\"],\"inLanguage\":\"es\",\"potentialAction\":[{\"@type\":\"CommentAction\",\"name\":\"Comment\",\"target\":[\"https:\\\/\\\/el-perico.com\\\/es\\\/banda-carnaval-regresa-a-omaha\\\/#respond\"]}]},{\"@type\":\"WebPage\",\"@id\":\"https:\\\/\\\/el-perico.com\\\/es\\\/banda-carnaval-regresa-a-omaha\\\/\",\"url\":\"https:\\\/\\\/el-perico.com\\\/es\\\/banda-carnaval-regresa-a-omaha\\\/\",\"name\":\"Banda Carnaval regresa a Omaha - el perico\",\"isPartOf\":{\"@id\":\"https:\\\/\\\/el-perico.com\\\/es\\\/#website\"},\"datePublished\":\"2018-11-08T20:02:58+00:00\",\"breadcrumb\":{\"@id\":\"https:\\\/\\\/el-perico.com\\\/es\\\/banda-carnaval-regresa-a-omaha\\\/#breadcrumb\"},\"inLanguage\":\"es\",\"potentialAction\":[{\"@type\":\"ReadAction\",\"target\":[\"https:\\\/\\\/el-perico.com\\\/es\\\/banda-carnaval-regresa-a-omaha\\\/\"]}]},{\"@type\":\"BreadcrumbList\",\"@id\":\"https:\\\/\\\/el-perico.com\\\/es\\\/banda-carnaval-regresa-a-omaha\\\/#breadcrumb\",\"itemListElement\":[{\"@type\":\"ListItem\",\"position\":1,\"name\":\"Home\",\"item\":\"https:\\\/\\\/el-perico.com\\\/es\\\/\"},{\"@type\":\"ListItem\",\"position\":2,\"name\":\"Banda Carnaval regresa a Omaha\"}]},{\"@type\":\"WebSite\",\"@id\":\"https:\\\/\\\/el-perico.com\\\/es\\\/#website\",\"url\":\"https:\\\/\\\/el-perico.com\\\/es\\\/\",\"name\":\"el perico\",\"description\":\"La plataforma original de noticias e informaci\u00f3n para la comunidad hispana de Omaha\",\"publisher\":{\"@id\":\"https:\\\/\\\/el-perico.com\\\/es\\\/#organization\"},\"potentialAction\":[{\"@type\":\"SearchAction\",\"target\":{\"@type\":\"EntryPoint\",\"urlTemplate\":\"https:\\\/\\\/el-perico.com\\\/es\\\/?s={search_term_string}\"},\"query-input\":{\"@type\":\"PropertyValueSpecification\",\"valueRequired\":true,\"valueName\":\"search_term_string\"}}],\"inLanguage\":\"es\"},{\"@type\":\"Organization\",\"@id\":\"https:\\\/\\\/el-perico.com\\\/es\\\/#organization\",\"name\":\"el perico\",\"url\":\"https:\\\/\\\/el-perico.com\\\/es\\\/\",\"logo\":{\"@type\":\"ImageObject\",\"inLanguage\":\"es\",\"@id\":\"https:\\\/\\\/el-perico.com\\\/es\\\/#\\\/schema\\\/logo\\\/image\\\/\",\"url\":\"https:\\\/\\\/el-perico.com\\\/wp-content\\\/uploads\\\/2024\\\/05\\\/ElPerico-Logo_NPM-1-e1717102187440.png\",\"contentUrl\":\"https:\\\/\\\/el-perico.com\\\/wp-content\\\/uploads\\\/2024\\\/05\\\/ElPerico-Logo_NPM-1-e1717102187440.png\",\"width\":648,\"height\":216,\"caption\":\"el perico\"},\"image\":{\"@id\":\"https:\\\/\\\/el-perico.com\\\/es\\\/#\\\/schema\\\/logo\\\/image\\\/\"},\"sameAs\":[\"https:\\\/\\\/www.facebook.com\\\/elpericoomaha\"]},{\"@type\":\"Person\",\"@id\":\"https:\\\/\\\/el-perico.com\\\/es\\\/#\\\/schema\\\/person\\\/1956e5e63b94d4bd0daf30675bdf4a93\",\"name\":\"El Perico Staff\",\"image\":{\"@type\":\"ImageObject\",\"inLanguage\":\"es\",\"@id\":\"https:\\\/\\\/secure.gravatar.com\\\/avatar\\\/701b23c665bfde9fd4d874d31feb4c16bf2ac173b2b0b7224dc39896d4cfc381?s=96&d=mm&r=g80b2efc5844e688a6ffb9340c789e4c4\",\"url\":\"https:\\\/\\\/secure.gravatar.com\\\/avatar\\\/701b23c665bfde9fd4d874d31feb4c16bf2ac173b2b0b7224dc39896d4cfc381?s=96&d=mm&r=g\",\"contentUrl\":\"https:\\\/\\\/secure.gravatar.com\\\/avatar\\\/701b23c665bfde9fd4d874d31feb4c16bf2ac173b2b0b7224dc39896d4cfc381?s=96&d=mm&r=g\",\"caption\":\"El Perico Staff\"},\"sameAs\":[\"https:\\\/\\\/el-perico.com\"],\"url\":\"https:\\\/\\\/el-perico.com\\\/es\\\/author\\\/af6f1d62_admin\\\/\"}]}<\/script>\n<!-- \/ Yoast SEO plugin. -->","yoast_head_json":{"title":"Banda Carnaval regresa a Omaha - el perico","robots":{"index":"index","follow":"follow","max-snippet":"max-snippet:-1","max-image-preview":"max-image-preview:large","max-video-preview":"max-video-preview:-1"},"canonical":"https:\/\/el-perico.com\/es\/banda-carnaval-regresa-a-omaha\/","og_locale":"es_ES","og_type":"article","og_title":"Banda Carnaval regresa a Omaha - el perico","og_description":"Felices de regresar a Omaha, los integrantes de Banda Carnaval llegaron con grandes temas a la plaza del Ralston Arena, para cumplir con la invitaci\u00f3n que les hiciera una vez m\u00e1s la empresa Zamora en Omaha. La agrupaci\u00f3n se reencontr\u00f3 con todos los seguidores que por 10 a\u00f1os les han favorecido con su aplauso. De [&hellip;]","og_url":"https:\/\/el-perico.com\/es\/banda-carnaval-regresa-a-omaha\/","og_site_name":"el perico","article_publisher":"https:\/\/www.facebook.com\/elpericoomaha","article_published_time":"2018-11-08T20:02:58+00:00","author":"El Perico Staff","twitter_card":"summary_large_image","twitter_misc":{"Escrito por":"El Perico Staff","Tiempo de lectura":"2 minutos","Written by":"El Perico Staff"},"schema":{"@context":"https:\/\/schema.org","@graph":[{"@type":"Article","@id":"https:\/\/el-perico.com\/es\/banda-carnaval-regresa-a-omaha\/#article","isPartOf":{"@id":"https:\/\/el-perico.com\/es\/banda-carnaval-regresa-a-omaha\/"},"author":{"name":"El Perico Staff","@id":"https:\/\/el-perico.com\/es\/#\/schema\/person\/1956e5e63b94d4bd0daf30675bdf4a93"},"headline":"Banda Carnaval regresa a Omaha","datePublished":"2018-11-08T20:02:58+00:00","mainEntityOfPage":{"@id":"https:\/\/el-perico.com\/es\/banda-carnaval-regresa-a-omaha\/"},"wordCount":399,"commentCount":0,"publisher":{"@id":"https:\/\/el-perico.com\/es\/#organization"},"articleSection":["General"],"inLanguage":"es","potentialAction":[{"@type":"CommentAction","name":"Comment","target":["https:\/\/el-perico.com\/es\/banda-carnaval-regresa-a-omaha\/#respond"]}]},{"@type":"WebPage","@id":"https:\/\/el-perico.com\/es\/banda-carnaval-regresa-a-omaha\/","url":"https:\/\/el-perico.com\/es\/banda-carnaval-regresa-a-omaha\/","name":"Banda Carnaval regresa a Omaha - el perico","isPartOf":{"@id":"https:\/\/el-perico.com\/es\/#website"},"datePublished":"2018-11-08T20:02:58+00:00","breadcrumb":{"@id":"https:\/\/el-perico.com\/es\/banda-carnaval-regresa-a-omaha\/#breadcrumb"},"inLanguage":"es","potentialAction":[{"@type":"ReadAction","target":["https:\/\/el-perico.com\/es\/banda-carnaval-regresa-a-omaha\/"]}]},{"@type":"BreadcrumbList","@id":"https:\/\/el-perico.com\/es\/banda-carnaval-regresa-a-omaha\/#breadcrumb","itemListElement":[{"@type":"ListItem","position":1,"name":"Home","item":"https:\/\/el-perico.com\/es\/"},{"@type":"ListItem","position":2,"name":"Banda Carnaval regresa a Omaha"}]},{"@type":"WebSite","@id":"https:\/\/el-perico.com\/es\/#website","url":"https:\/\/el-perico.com\/es\/","name":"el perico","description":"La plataforma original de noticias e informaci\u00f3n para la comunidad hispana de Omaha","publisher":{"@id":"https:\/\/el-perico.com\/es\/#organization"},"potentialAction":[{"@type":"SearchAction","target":{"@type":"EntryPoint","urlTemplate":"https:\/\/el-perico.com\/es\/?s={search_term_string}"},"query-input":{"@type":"PropertyValueSpecification","valueRequired":true,"valueName":"search_term_string"}}],"inLanguage":"es"},{"@type":"Organization","@id":"https:\/\/el-perico.com\/es\/#organization","name":"el perico","url":"https:\/\/el-perico.com\/es\/","logo":{"@type":"ImageObject","inLanguage":"es","@id":"https:\/\/el-perico.com\/es\/#\/schema\/logo\/image\/","url":"https:\/\/el-perico.com\/wp-content\/uploads\/2024\/05\/ElPerico-Logo_NPM-1-e1717102187440.png","contentUrl":"https:\/\/el-perico.com\/wp-content\/uploads\/2024\/05\/ElPerico-Logo_NPM-1-e1717102187440.png","width":648,"height":216,"caption":"el perico"},"image":{"@id":"https:\/\/el-perico.com\/es\/#\/schema\/logo\/image\/"},"sameAs":["https:\/\/www.facebook.com\/elpericoomaha"]},{"@type":"Person","@id":"https:\/\/el-perico.com\/es\/#\/schema\/person\/1956e5e63b94d4bd0daf30675bdf4a93","name":"El Perico Staff","image":{"@type":"ImageObject","inLanguage":"es","@id":"https:\/\/secure.gravatar.com\/avatar\/701b23c665bfde9fd4d874d31feb4c16bf2ac173b2b0b7224dc39896d4cfc381?s=96&d=mm&r=g80b2efc5844e688a6ffb9340c789e4c4","url":"https:\/\/secure.gravatar.com\/avatar\/701b23c665bfde9fd4d874d31feb4c16bf2ac173b2b0b7224dc39896d4cfc381?s=96&d=mm&r=g","contentUrl":"https:\/\/secure.gravatar.com\/avatar\/701b23c665bfde9fd4d874d31feb4c16bf2ac173b2b0b7224dc39896d4cfc381?s=96&d=mm&r=g","caption":"El Perico Staff"},"sameAs":["https:\/\/el-perico.com"],"url":"https:\/\/el-perico.com\/es\/author\/af6f1d62_admin\/"}]}},"_links":{"self":[{"href":"https:\/\/el-perico.com\/es\/wp-json\/wp\/v2\/posts\/2349","targetHints":{"allow":["GET"]}}],"collection":[{"href":"https:\/\/el-perico.com\/es\/wp-json\/wp\/v2\/posts"}],"about":[{"href":"https:\/\/el-perico.com\/es\/wp-json\/wp\/v2\/types\/post"}],"author":[{"embeddable":true,"href":"https:\/\/el-perico.com\/es\/wp-json\/wp\/v2\/users\/1"}],"replies":[{"embeddable":true,"href":"https:\/\/el-perico.com\/es\/wp-json\/wp\/v2\/comments?post=2349"}],"version-history":[{"count":0,"href":"https:\/\/el-perico.com\/es\/wp-json\/wp\/v2\/posts\/2349\/revisions"}],"wp:attachment":[{"href":"https:\/\/el-perico.com\/es\/wp-json\/wp\/v2\/media?parent=2349"}],"wp:term":[{"taxonomy":"category","embeddable":true,"href":"https:\/\/el-perico.com\/es\/wp-json\/wp\/v2\/categories?post=2349"},{"taxonomy":"post_tag","embeddable":true,"href":"https:\/\/el-perico.com\/es\/wp-json\/wp\/v2\/tags?post=2349"},{"taxonomy":"newspack_spnsrs_tax","embeddable":true,"href":"https:\/\/el-perico.com\/es\/wp-json\/wp\/v2\/newspack_spnsrs_tax?post=2349"},{"taxonomy":"author","embeddable":true,"href":"https:\/\/el-perico.com\/es\/wp-json\/wp\/v2\/coauthors?post=2349"}],"curies":[{"name":"wp","href":"https:\/\/api.w.org\/{rel}","templated":true}]}}