{"id":201,"date":"2016-10-20T20:14:17","date_gmt":"2016-10-20T20:14:17","guid":{"rendered":"http:\/\/el-perico.hdnweb.com\/?p=201"},"modified":"2022-03-27T23:32:27","modified_gmt":"2022-03-28T03:32:27","slug":"espanol-lofts-on-24-los-viejo-esta-de-regreso","status":"publish","type":"post","link":"https:\/\/el-perico.com\/es\/espanol-lofts-on-24-los-viejo-esta-de-regreso\/","title":{"rendered":"Lofts On 24  Los Viejo Est\u00e1 De Regreso"},"content":{"rendered":"<p>&nbsp;<br \/>\n<img loading=\"lazy\" decoding=\"async\" class=\"wp-image-199 aligncenter\" src=\"http:\/\/el-perico.hdnweb.com\/wp-content\/uploads\/sites\/3\/2016\/10\/IMG_7978-300x200.jpg\" alt=\"img_7978\" width=\"435\" height=\"290\"><br \/>\nLa calle 24 sigue evolucionando y presentando alternativas de vivienda que m\u00e1s haya de ser espacios acogedores, son verdaderos estilos de vida que ofrecen amplios espacios llenos de luz y carentes de grandes divisiones, que han puesto de moda el t\u00e9rmino \u201cLofts\u201d.<br \/>\n\u201cEsta palabra es un s\u00edmbolo de lujo cosmopolita. Inicialmente, en los a\u00f1os 50, era un sin\u00f3nimo de libertad para los pintores, cantantes y escritores, quienes fueron los primeros habitantes de enormes espacios en f\u00e1bricas y almacenes vac\u00edos, en su b\u00fasqueda por combinar vivienda y taller por un precio accesible. Esto logr\u00f3 tanta acogida que en la actualidad se dise\u00f1an y construyen proyectos de este tipo\u201d, coment\u00f3 la dise\u00f1adora de interiores Berenice Rodr\u00edguez.<br \/>\nEl m\u00e1s reciente ejemplo se ubica en la calle 24, casi equina con Vinton. Se llama Lofts on 24.<br \/>\nEste proyecto evoca una gran sensaci\u00f3n de amplitud. Y no es para menos, teniendo en cuenta que estas viviendas se crearon en un espacio semiindustrial, que antes de la reforma no era habitable.<br \/>\nDe acuerdo con la administraci\u00f3n de Lofts on 24, el edificio fue construido en 1933 por el renombrado arquitecto Harvey C. Peterson, quien dise\u00f1\u00f3 diversos edificios en Omaha. Inicialmente fue una compa\u00f1\u00eda de encurtidos llamada H. Thiessen Pickle Company. Posteriormente, la divici\u00f3n de carne de Aksarban Beef lo ocup\u00f3 por 30 a\u00f1os.<br \/>\nPara los interioristas a cargo del proyecto actual, el reto consist\u00eda en transformar este espacio en un verdadero hogar para sus inquilinos y lo lograron. Hoy, presentan 17 apartamentos que siguen teniendo espacios inmensos, pero que ya no parecen una f\u00e1brica sino unos verdadero lofts de estilo neoyorquino.<br \/>\n\u201cEste alojamiento hist\u00f3rico est\u00e1 completamente renovado y muy bien ubicado. Ofrece acabados elegantes y espacios acogedores con electrodom\u00e9sticos europeos, ecol\u00f3gicamente amigables. Todo est\u00e1 especialmente cuidado para aquellos que valoran la calidad sin que eso signifique un alto gasto\u201d.<br \/>\nLa amplitud de los apartamentos recuerda el origen del edificio, pero el trabajo de interiorismo es tan espectacular que consigue hacerlo acogedor.<br \/>\nDe acuerdo con la ciudad de Omaha, este proyecto estaba propuesto desde el 2012. El desarrollo de la propiedad estuvo a cargo de Arch Icon Development, quien dijo que toda la financiaci\u00f3n aprobada para el proyecto fue de 3,8 millones.<br \/>\nPor su parte, la alcaldesa Jean Stothert declar\u00f3: \u201cCuando acept\u00e9 el honor y el privilegio de servir como alcalde, me compromet\u00ed a utilizar mi experiencia y la pasi\u00f3n por el servicio p\u00fablico para trabajar sin descanso y entregar resultados. El sur de Omaha est\u00e1 experimentando cambios muy interesantes, afectando a las familias de una manera positiva, revitalizando el vecindario. Desde demolici\u00f3n de estructuras inseguras, rehabilitaci\u00f3n de viviendas, mitigaci\u00f3n de plomo, nueva construcci\u00f3n con eficiencia energ\u00e9tica y mejoras para viviendas saludables\u201d<br \/>\nHay que recordar que uno de los objetivos de Stothert es la vivienda. M\u00e1s a\u00fan al considerar que en los \u00faltimos dos a\u00f1os, se dio la bienvenida a cerca de 21.000 nuevos residentes.<br \/>\nCon este panorama, no es de extra\u00f1ar que en los \u00faltimos a\u00f1os, Omaha ha experimentado una oleada de nuevos proyectos de construcci\u00f3n para vivienda, como lo es el nuevo Lofts on 24.<br \/>\nSeg\u00fan el corredor de bienes ra\u00edces, Steve Collin, \u201cactualmente, Omaha, Nebraska se ha destacado en todo el pa\u00eds por tener uno de los lugares con el m\u00e1s r\u00e1pido crecimiento en mercados inmobiliarios. Nuevos desarrollos de condominios est\u00e1n surgiendo por toda la ciudad y muchos edificios hist\u00f3ricos en el centro y sur de Omaha se han convertido en residencias de lujo\u201d<br \/>\nHay muchas razones atractivas para este fen\u00f3meno, pues muchas publicaciones nacionales siguen votando por Omaha, dentro de su \u201ctop 10\u201d para vivir, estudiar y trabajar.<br \/>\nLa lista de las clasificaciones es impresionante: N\u00famero 1 en los mejores lugares para vivir entre las ciudades del Medio Oeste. No. 1 en las 10 mejores ciudades de Estados Unidos para trabajar en tecnolog\u00eda. Tercer mejor ciudad del pa\u00eds para vivir y trabajar. Segunda mejor ciudad para la recreaci\u00f3n. Y la lista sigue.<br \/>\nDefinitivamente, el cambio es notorio y la calle 24 es un ejemplo claro de vivienda de alto nivel para los que buscan espacios como Lofts on 24.<br \/>\nSobre el tema de la seguridad que debe brindarse a los nuevos residentes. La alcaldesa Stothert dijo estar trabajando para a\u00f1adir m\u00e1s agentes de polic\u00eda en 2017. Basado en esto, la meta del jefe de la polic\u00eda Todd Schmaderer de tener 860 oficiales jurados para el a\u00f1o 2017. Garantizando as\u00ed la seguridad y tranquilidad de los ciudadanos.<br \/>\nOmaha est\u00e1 experimentando niveles de oportunidad y progreso. Y para la alcaldesa Stothert \u201ca gente de Omaha ha contribuido para tener lo que hoy es una de las ciudades m\u00e1s productivas, habitables, y creativas en el pa\u00eds\u201d. Por ello, se recibe con gusto en el panorama arquitect\u00f3nico a Lofts on 24, viviendas asequibles en el coraz\u00f3n de la ciudad.<\/p>\n","protected":false},"excerpt":{"rendered":"<p>&nbsp; La calle 24 sigue evolucionando y presentando alternativas de vivienda que m\u00e1s haya de ser espacios acogedores, son verdaderos estilos de vida que ofrecen amplios espacios llenos de luz y carentes de grandes divisiones, que han puesto de moda el t\u00e9rmino \u201cLofts\u201d. \u201cEsta palabra es un s\u00edmbolo de lujo cosmopolita. Inicialmente, en los a\u00f1os [&hellip;]<\/p>\n","protected":false},"author":1,"featured_media":198,"comment_status":"open","ping_status":"closed","sticky":false,"template":"","format":"standard","meta":{"newspack_ads_suppress_ads":false,"_newspack_byline_active":false,"_newspack_byline":"","newspack_hide_updated_date":false,"newspack_show_updated_date":false,"newspack_content_restriction_is_exempt":false,"newspack_featured_image_position":"","newspack_post_subtitle":"","newspack_article_summary_title":"Overview:","newspack_article_summary":"","footnotes":""},"categories":[1],"tags":[],"newspack_spnsrs_tax":[],"coauthors":[1233],"class_list":["post-201","post","type-post","status-publish","format-standard","has-post-thumbnail","hentry","category-uncategorized","entry"],"yoast_head":"<!-- This site is optimized with the Yoast SEO plugin v27.5 - https:\/\/yoast.com\/product\/yoast-seo-wordpress\/ -->\n<title>Lofts On 24 Los Viejo Est\u00e1 De Regreso - el perico<\/title>\n<meta name=\"robots\" content=\"index, follow, max-snippet:-1, max-image-preview:large, max-video-preview:-1\" \/>\n<link rel=\"canonical\" href=\"https:\/\/el-perico.com\/es\/espanol-lofts-on-24-los-viejo-esta-de-regreso\/\" \/>\n<meta property=\"og:locale\" content=\"es_ES\" \/>\n<meta property=\"og:type\" content=\"article\" \/>\n<meta property=\"og:title\" content=\"Lofts On 24 Los Viejo Est\u00e1 De Regreso - el perico\" \/>\n<meta property=\"og:description\" content=\"&nbsp; La calle 24 sigue evolucionando y presentando alternativas de vivienda que m\u00e1s haya de ser espacios acogedores, son verdaderos estilos de vida que ofrecen amplios espacios llenos de luz y carentes de grandes divisiones, que han puesto de moda el t\u00e9rmino \u201cLofts\u201d. \u201cEsta palabra es un s\u00edmbolo de lujo cosmopolita. Inicialmente, en los a\u00f1os [&hellip;]\" \/>\n<meta property=\"og:url\" content=\"https:\/\/el-perico.com\/es\/espanol-lofts-on-24-los-viejo-esta-de-regreso\/\" \/>\n<meta property=\"og:site_name\" content=\"el perico\" \/>\n<meta property=\"article:publisher\" content=\"https:\/\/www.facebook.com\/elpericoomaha\" \/>\n<meta property=\"article:published_time\" content=\"2016-10-20T20:14:17+00:00\" \/>\n<meta property=\"article:modified_time\" content=\"2022-03-28T03:32:27+00:00\" \/>\n<meta name=\"author\" content=\"El Perico Staff\" \/>\n<meta name=\"twitter:card\" content=\"summary_large_image\" \/>\n<meta name=\"twitter:label1\" content=\"Escrito por\" \/>\n\t<meta name=\"twitter:data1\" content=\"El Perico Staff\" \/>\n\t<meta name=\"twitter:label2\" content=\"Tiempo de lectura\" \/>\n\t<meta name=\"twitter:data2\" content=\"4 minutos\" \/>\n\t<meta name=\"twitter:label3\" content=\"Written by\" \/>\n\t<meta name=\"twitter:data3\" content=\"El Perico Staff\" \/>\n<script type=\"application\/ld+json\" class=\"yoast-schema-graph\">{\"@context\":\"https:\\\/\\\/schema.org\",\"@graph\":[{\"@type\":\"Article\",\"@id\":\"https:\\\/\\\/el-perico.com\\\/es\\\/espanol-lofts-on-24-los-viejo-esta-de-regreso\\\/#article\",\"isPartOf\":{\"@id\":\"https:\\\/\\\/el-perico.com\\\/es\\\/espanol-lofts-on-24-los-viejo-esta-de-regreso\\\/\"},\"author\":{\"name\":\"El Perico Staff\",\"@id\":\"https:\\\/\\\/el-perico.com\\\/es\\\/#\\\/schema\\\/person\\\/1956e5e63b94d4bd0daf30675bdf4a93\"},\"headline\":\"Lofts On 24 Los Viejo Est\u00e1 De Regreso\",\"datePublished\":\"2016-10-20T20:14:17+00:00\",\"dateModified\":\"2022-03-28T03:32:27+00:00\",\"mainEntityOfPage\":{\"@id\":\"https:\\\/\\\/el-perico.com\\\/es\\\/espanol-lofts-on-24-los-viejo-esta-de-regreso\\\/\"},\"wordCount\":836,\"commentCount\":0,\"publisher\":{\"@id\":\"https:\\\/\\\/el-perico.com\\\/es\\\/#organization\"},\"image\":{\"@id\":\"https:\\\/\\\/el-perico.com\\\/es\\\/espanol-lofts-on-24-los-viejo-esta-de-regreso\\\/#primaryimage\"},\"thumbnailUrl\":\"\",\"articleSection\":[\"Uncategorized\"],\"inLanguage\":\"es\",\"potentialAction\":[{\"@type\":\"CommentAction\",\"name\":\"Comment\",\"target\":[\"https:\\\/\\\/el-perico.com\\\/es\\\/espanol-lofts-on-24-los-viejo-esta-de-regreso\\\/#respond\"]}]},{\"@type\":\"WebPage\",\"@id\":\"https:\\\/\\\/el-perico.com\\\/es\\\/espanol-lofts-on-24-los-viejo-esta-de-regreso\\\/\",\"url\":\"https:\\\/\\\/el-perico.com\\\/es\\\/espanol-lofts-on-24-los-viejo-esta-de-regreso\\\/\",\"name\":\"Lofts On 24 Los Viejo Est\u00e1 De Regreso - el perico\",\"isPartOf\":{\"@id\":\"https:\\\/\\\/el-perico.com\\\/es\\\/#website\"},\"primaryImageOfPage\":{\"@id\":\"https:\\\/\\\/el-perico.com\\\/es\\\/espanol-lofts-on-24-los-viejo-esta-de-regreso\\\/#primaryimage\"},\"image\":{\"@id\":\"https:\\\/\\\/el-perico.com\\\/es\\\/espanol-lofts-on-24-los-viejo-esta-de-regreso\\\/#primaryimage\"},\"thumbnailUrl\":\"\",\"datePublished\":\"2016-10-20T20:14:17+00:00\",\"dateModified\":\"2022-03-28T03:32:27+00:00\",\"breadcrumb\":{\"@id\":\"https:\\\/\\\/el-perico.com\\\/es\\\/espanol-lofts-on-24-los-viejo-esta-de-regreso\\\/#breadcrumb\"},\"inLanguage\":\"es\",\"potentialAction\":[{\"@type\":\"ReadAction\",\"target\":[\"https:\\\/\\\/el-perico.com\\\/es\\\/espanol-lofts-on-24-los-viejo-esta-de-regreso\\\/\"]}]},{\"@type\":\"ImageObject\",\"inLanguage\":\"es\",\"@id\":\"https:\\\/\\\/el-perico.com\\\/es\\\/espanol-lofts-on-24-los-viejo-esta-de-regreso\\\/#primaryimage\",\"url\":\"\",\"contentUrl\":\"\"},{\"@type\":\"BreadcrumbList\",\"@id\":\"https:\\\/\\\/el-perico.com\\\/es\\\/espanol-lofts-on-24-los-viejo-esta-de-regreso\\\/#breadcrumb\",\"itemListElement\":[{\"@type\":\"ListItem\",\"position\":1,\"name\":\"Home\",\"item\":\"https:\\\/\\\/el-perico.com\\\/es\\\/\"},{\"@type\":\"ListItem\",\"position\":2,\"name\":\"Lofts On 24 Los Viejo Est\u00e1 De Regreso\"}]},{\"@type\":\"WebSite\",\"@id\":\"https:\\\/\\\/el-perico.com\\\/es\\\/#website\",\"url\":\"https:\\\/\\\/el-perico.com\\\/es\\\/\",\"name\":\"el perico\",\"description\":\"La plataforma original de noticias e informaci\u00f3n para la comunidad hispana de Omaha\",\"publisher\":{\"@id\":\"https:\\\/\\\/el-perico.com\\\/es\\\/#organization\"},\"potentialAction\":[{\"@type\":\"SearchAction\",\"target\":{\"@type\":\"EntryPoint\",\"urlTemplate\":\"https:\\\/\\\/el-perico.com\\\/es\\\/?s={search_term_string}\"},\"query-input\":{\"@type\":\"PropertyValueSpecification\",\"valueRequired\":true,\"valueName\":\"search_term_string\"}}],\"inLanguage\":\"es\"},{\"@type\":\"Organization\",\"@id\":\"https:\\\/\\\/el-perico.com\\\/es\\\/#organization\",\"name\":\"el perico\",\"url\":\"https:\\\/\\\/el-perico.com\\\/es\\\/\",\"logo\":{\"@type\":\"ImageObject\",\"inLanguage\":\"es\",\"@id\":\"https:\\\/\\\/el-perico.com\\\/es\\\/#\\\/schema\\\/logo\\\/image\\\/\",\"url\":\"https:\\\/\\\/el-perico.com\\\/wp-content\\\/uploads\\\/2024\\\/05\\\/ElPerico-Logo_NPM-1-e1717102187440.png\",\"contentUrl\":\"https:\\\/\\\/el-perico.com\\\/wp-content\\\/uploads\\\/2024\\\/05\\\/ElPerico-Logo_NPM-1-e1717102187440.png\",\"width\":648,\"height\":216,\"caption\":\"el perico\"},\"image\":{\"@id\":\"https:\\\/\\\/el-perico.com\\\/es\\\/#\\\/schema\\\/logo\\\/image\\\/\"},\"sameAs\":[\"https:\\\/\\\/www.facebook.com\\\/elpericoomaha\"]},{\"@type\":\"Person\",\"@id\":\"https:\\\/\\\/el-perico.com\\\/es\\\/#\\\/schema\\\/person\\\/1956e5e63b94d4bd0daf30675bdf4a93\",\"name\":\"El Perico Staff\",\"image\":{\"@type\":\"ImageObject\",\"inLanguage\":\"es\",\"@id\":\"https:\\\/\\\/secure.gravatar.com\\\/avatar\\\/701b23c665bfde9fd4d874d31feb4c16bf2ac173b2b0b7224dc39896d4cfc381?s=96&d=mm&r=g80b2efc5844e688a6ffb9340c789e4c4\",\"url\":\"https:\\\/\\\/secure.gravatar.com\\\/avatar\\\/701b23c665bfde9fd4d874d31feb4c16bf2ac173b2b0b7224dc39896d4cfc381?s=96&d=mm&r=g\",\"contentUrl\":\"https:\\\/\\\/secure.gravatar.com\\\/avatar\\\/701b23c665bfde9fd4d874d31feb4c16bf2ac173b2b0b7224dc39896d4cfc381?s=96&d=mm&r=g\",\"caption\":\"El Perico Staff\"},\"sameAs\":[\"https:\\\/\\\/el-perico.com\"],\"url\":\"https:\\\/\\\/el-perico.com\\\/es\\\/author\\\/af6f1d62_admin\\\/\"}]}<\/script>\n<!-- \/ Yoast SEO plugin. -->","yoast_head_json":{"title":"Lofts On 24 Los Viejo Est\u00e1 De Regreso - el perico","robots":{"index":"index","follow":"follow","max-snippet":"max-snippet:-1","max-image-preview":"max-image-preview:large","max-video-preview":"max-video-preview:-1"},"canonical":"https:\/\/el-perico.com\/es\/espanol-lofts-on-24-los-viejo-esta-de-regreso\/","og_locale":"es_ES","og_type":"article","og_title":"Lofts On 24 Los Viejo Est\u00e1 De Regreso - el perico","og_description":"&nbsp; La calle 24 sigue evolucionando y presentando alternativas de vivienda que m\u00e1s haya de ser espacios acogedores, son verdaderos estilos de vida que ofrecen amplios espacios llenos de luz y carentes de grandes divisiones, que han puesto de moda el t\u00e9rmino \u201cLofts\u201d. \u201cEsta palabra es un s\u00edmbolo de lujo cosmopolita. Inicialmente, en los a\u00f1os [&hellip;]","og_url":"https:\/\/el-perico.com\/es\/espanol-lofts-on-24-los-viejo-esta-de-regreso\/","og_site_name":"el perico","article_publisher":"https:\/\/www.facebook.com\/elpericoomaha","article_published_time":"2016-10-20T20:14:17+00:00","article_modified_time":"2022-03-28T03:32:27+00:00","author":"El Perico Staff","twitter_card":"summary_large_image","twitter_misc":{"Escrito por":"El Perico Staff","Tiempo de lectura":"4 minutos","Written by":"El Perico Staff"},"schema":{"@context":"https:\/\/schema.org","@graph":[{"@type":"Article","@id":"https:\/\/el-perico.com\/es\/espanol-lofts-on-24-los-viejo-esta-de-regreso\/#article","isPartOf":{"@id":"https:\/\/el-perico.com\/es\/espanol-lofts-on-24-los-viejo-esta-de-regreso\/"},"author":{"name":"El Perico Staff","@id":"https:\/\/el-perico.com\/es\/#\/schema\/person\/1956e5e63b94d4bd0daf30675bdf4a93"},"headline":"Lofts On 24 Los Viejo Est\u00e1 De Regreso","datePublished":"2016-10-20T20:14:17+00:00","dateModified":"2022-03-28T03:32:27+00:00","mainEntityOfPage":{"@id":"https:\/\/el-perico.com\/es\/espanol-lofts-on-24-los-viejo-esta-de-regreso\/"},"wordCount":836,"commentCount":0,"publisher":{"@id":"https:\/\/el-perico.com\/es\/#organization"},"image":{"@id":"https:\/\/el-perico.com\/es\/espanol-lofts-on-24-los-viejo-esta-de-regreso\/#primaryimage"},"thumbnailUrl":"","articleSection":["Uncategorized"],"inLanguage":"es","potentialAction":[{"@type":"CommentAction","name":"Comment","target":["https:\/\/el-perico.com\/es\/espanol-lofts-on-24-los-viejo-esta-de-regreso\/#respond"]}]},{"@type":"WebPage","@id":"https:\/\/el-perico.com\/es\/espanol-lofts-on-24-los-viejo-esta-de-regreso\/","url":"https:\/\/el-perico.com\/es\/espanol-lofts-on-24-los-viejo-esta-de-regreso\/","name":"Lofts On 24 Los Viejo Est\u00e1 De Regreso - el perico","isPartOf":{"@id":"https:\/\/el-perico.com\/es\/#website"},"primaryImageOfPage":{"@id":"https:\/\/el-perico.com\/es\/espanol-lofts-on-24-los-viejo-esta-de-regreso\/#primaryimage"},"image":{"@id":"https:\/\/el-perico.com\/es\/espanol-lofts-on-24-los-viejo-esta-de-regreso\/#primaryimage"},"thumbnailUrl":"","datePublished":"2016-10-20T20:14:17+00:00","dateModified":"2022-03-28T03:32:27+00:00","breadcrumb":{"@id":"https:\/\/el-perico.com\/es\/espanol-lofts-on-24-los-viejo-esta-de-regreso\/#breadcrumb"},"inLanguage":"es","potentialAction":[{"@type":"ReadAction","target":["https:\/\/el-perico.com\/es\/espanol-lofts-on-24-los-viejo-esta-de-regreso\/"]}]},{"@type":"ImageObject","inLanguage":"es","@id":"https:\/\/el-perico.com\/es\/espanol-lofts-on-24-los-viejo-esta-de-regreso\/#primaryimage","url":"","contentUrl":""},{"@type":"BreadcrumbList","@id":"https:\/\/el-perico.com\/es\/espanol-lofts-on-24-los-viejo-esta-de-regreso\/#breadcrumb","itemListElement":[{"@type":"ListItem","position":1,"name":"Home","item":"https:\/\/el-perico.com\/es\/"},{"@type":"ListItem","position":2,"name":"Lofts On 24 Los Viejo Est\u00e1 De Regreso"}]},{"@type":"WebSite","@id":"https:\/\/el-perico.com\/es\/#website","url":"https:\/\/el-perico.com\/es\/","name":"el perico","description":"La plataforma original de noticias e informaci\u00f3n para la comunidad hispana de Omaha","publisher":{"@id":"https:\/\/el-perico.com\/es\/#organization"},"potentialAction":[{"@type":"SearchAction","target":{"@type":"EntryPoint","urlTemplate":"https:\/\/el-perico.com\/es\/?s={search_term_string}"},"query-input":{"@type":"PropertyValueSpecification","valueRequired":true,"valueName":"search_term_string"}}],"inLanguage":"es"},{"@type":"Organization","@id":"https:\/\/el-perico.com\/es\/#organization","name":"el perico","url":"https:\/\/el-perico.com\/es\/","logo":{"@type":"ImageObject","inLanguage":"es","@id":"https:\/\/el-perico.com\/es\/#\/schema\/logo\/image\/","url":"https:\/\/el-perico.com\/wp-content\/uploads\/2024\/05\/ElPerico-Logo_NPM-1-e1717102187440.png","contentUrl":"https:\/\/el-perico.com\/wp-content\/uploads\/2024\/05\/ElPerico-Logo_NPM-1-e1717102187440.png","width":648,"height":216,"caption":"el perico"},"image":{"@id":"https:\/\/el-perico.com\/es\/#\/schema\/logo\/image\/"},"sameAs":["https:\/\/www.facebook.com\/elpericoomaha"]},{"@type":"Person","@id":"https:\/\/el-perico.com\/es\/#\/schema\/person\/1956e5e63b94d4bd0daf30675bdf4a93","name":"El Perico Staff","image":{"@type":"ImageObject","inLanguage":"es","@id":"https:\/\/secure.gravatar.com\/avatar\/701b23c665bfde9fd4d874d31feb4c16bf2ac173b2b0b7224dc39896d4cfc381?s=96&d=mm&r=g80b2efc5844e688a6ffb9340c789e4c4","url":"https:\/\/secure.gravatar.com\/avatar\/701b23c665bfde9fd4d874d31feb4c16bf2ac173b2b0b7224dc39896d4cfc381?s=96&d=mm&r=g","contentUrl":"https:\/\/secure.gravatar.com\/avatar\/701b23c665bfde9fd4d874d31feb4c16bf2ac173b2b0b7224dc39896d4cfc381?s=96&d=mm&r=g","caption":"El Perico Staff"},"sameAs":["https:\/\/el-perico.com"],"url":"https:\/\/el-perico.com\/es\/author\/af6f1d62_admin\/"}]}},"_links":{"self":[{"href":"https:\/\/el-perico.com\/es\/wp-json\/wp\/v2\/posts\/201","targetHints":{"allow":["GET"]}}],"collection":[{"href":"https:\/\/el-perico.com\/es\/wp-json\/wp\/v2\/posts"}],"about":[{"href":"https:\/\/el-perico.com\/es\/wp-json\/wp\/v2\/types\/post"}],"author":[{"embeddable":true,"href":"https:\/\/el-perico.com\/es\/wp-json\/wp\/v2\/users\/1"}],"replies":[{"embeddable":true,"href":"https:\/\/el-perico.com\/es\/wp-json\/wp\/v2\/comments?post=201"}],"version-history":[{"count":1,"href":"https:\/\/el-perico.com\/es\/wp-json\/wp\/v2\/posts\/201\/revisions"}],"predecessor-version":[{"id":7265,"href":"https:\/\/el-perico.com\/es\/wp-json\/wp\/v2\/posts\/201\/revisions\/7265"}],"wp:featuredmedia":[{"embeddable":true,"href":"https:\/\/el-perico.com\/es\/wp-json\/"}],"wp:attachment":[{"href":"https:\/\/el-perico.com\/es\/wp-json\/wp\/v2\/media?parent=201"}],"wp:term":[{"taxonomy":"category","embeddable":true,"href":"https:\/\/el-perico.com\/es\/wp-json\/wp\/v2\/categories?post=201"},{"taxonomy":"post_tag","embeddable":true,"href":"https:\/\/el-perico.com\/es\/wp-json\/wp\/v2\/tags?post=201"},{"taxonomy":"newspack_spnsrs_tax","embeddable":true,"href":"https:\/\/el-perico.com\/es\/wp-json\/wp\/v2\/newspack_spnsrs_tax?post=201"},{"taxonomy":"author","embeddable":true,"href":"https:\/\/el-perico.com\/es\/wp-json\/wp\/v2\/coauthors?post=201"}],"curies":[{"name":"wp","href":"https:\/\/api.w.org\/{rel}","templated":true}]}}