{"id":190,"date":"2016-10-27T19:37:24","date_gmt":"2016-10-27T19:37:24","guid":{"rendered":"http:\/\/el-perico.hdnweb.com\/?p=190"},"modified":"2022-03-27T23:26:58","modified_gmt":"2022-03-28T03:26:58","slug":"espanol-dia-de-los-muertos","status":"publish","type":"post","link":"https:\/\/el-perico.com\/es\/espanol-dia-de-los-muertos\/","title":{"rendered":"D\u00eda De Los Muertos"},"content":{"rendered":"<p><img loading=\"lazy\" decoding=\"async\" class=\"wp-image-191 aligncenter\" src=\"http:\/\/el-perico.hdnweb.com\/wp-content\/uploads\/sites\/3\/2016\/11\/7N5A1204-200x300.jpg\" alt=\"7n5a1204\" width=\"285\" height=\"428\"><br \/>\nLa celebraci\u00f3n del D\u00eda de los Muertos ha penetrado el suelo americano y cada vez son m\u00e1s los Latinos que dejan el luto y la nostalgia para lograr una conexi\u00f3n espiritual con los seres queridos que han partido al m\u00e1s haya, de donde regresan los d\u00edas 1 y 2 de noviembre, fieles a dicha creencia popular que engloba diversos aspectos en su \u201caculturaci\u00f3n en los Estados Unidos\u201d.<br \/>\nOmaha se ha engrandecido con una comunidad inmigrante que actualmente expone una fuerte presencia Latina, por consiguiente, sus tradiciones paulatinamente van formando parte de las efem\u00e9rides, como en el caso de El D\u00eda de los Muertos.<br \/>\n\u201cEste es&nbsp;&nbsp;festejo que ya no es tan tenebroso ni causa el miedo o asombro de hace unos a\u00f1os, pero que si requiere que se siga dando a conocer para apreciar su belleza\u201d,&nbsp;&nbsp;expreso David McConkie, soci\u00f3logo, investigador y profesor de lenguas modernas y literatura.<br \/>\nAdentr\u00e1ndose en dicho comentario, Jos\u00e9 Garc\u00eda, de la Sociedad Hist\u00f3rica Mexico-Americana del Midlands, dijo que la muerte esta muy satanizada en la comunidad anglosajona, sin embargo, \u201chemos podido exponerles el significado de la capacidad de celebrar a la muerte, gener\u00e1ndoles sorpresa y deseos de conocer m\u00e1s sobre este hecho ancestral que sirve como puente entre vivos y muertos; sin que se confunda o mezcle con los actos en torno al Halloween\u201d.<br \/>\nHist\u00f3ricamente, el D\u00eda de Muertos tiene su origen en las civilizaciones precolombinas y son una mezcla del resultado del encuentro entre estos pueblos y los espa\u00f1oles.<br \/>\nActualmente, resulta ir\u00f3nico imaginar lo t\u00e9trico de chuparse una \u201ccalaverita de az\u00facar\u201d con el nombre grabado de alg\u00fan ser querido, vivo o muerto. Como tambi\u00e9n es extra\u00f1o servir los alimentos favoritos del ser fallecido, con la seguridad de que vendr\u00e1 la noche esperada a consumirlos.<br \/>\nSin embargo, para los mexicanos y latinoamericanos esto est\u00e1 jovialmente arraigado, y abarca el \u00e1mbito educativo, pol\u00edtico, literario, art\u00edstico, social, comercial y religioso.<br \/>\n\u201cEste no es un ritual a la muerte, sino una manera de reconectarse con los seres queridos fallecidos, para celebrar su vida en la tierra y todo aquello que nos hallan trasmitido\u201d, expuso la Pastora Liz Conner, de la iglesia luterana Cristo Rey, cuya celebraci\u00f3n es marcada para el 10 de noviembre, llamada \u2018el D\u00eda de Todos los Santos\u2019.<br \/>\n\u201cHay que aclarar que aquellos que le rezan a la santa muerte&nbsp;&nbsp;s\u00ed est\u00e1n realizando un acto fuera de contexto b\u00edblico y no est\u00e1 relacionado con la tradici\u00f3n del D\u00eda de Muertos\u201d, agreg\u00f3.<br \/>\nAqu\u00ed, el departamento de polic\u00eda indic\u00f3 que algunas pandillas se valen de un culto equivocado a la muerte para ejecutar actos delictivos, no solo en las fechas indicadas, logrando que aquellos adolescentes que buscan una identidad cultural y una aceptaci\u00f3n social, acaben reclutados en dichos grupos que solo distorsionan lo cultural del festejo, convirti\u00e9ndolo en una bandera delictiva.<br \/>\nPara esto, el departamento de pandillas trabaja arduamente para informar y prevenir estos hechos que no solo afectan a los Latinos, seg\u00fan informo el jefe del Departamento de Pandillas en el condado de Douglas, Mike Jones.<br \/>\nEn el terreno educativo, este ha servido de pretexto para ejemplificar la riqueza de los pueblos Latinoamericanos, aunado a contribuir en la inspiraci\u00f3n de artistas en diversos \u00e1mbitos que en este entorno realizan sus obras.<br \/>\nAqu\u00ed sobre salen&nbsp;&nbsp;las coreograf\u00edas folcl\u00f3ricas presentadas localmente por el maestro H\u00e9ctor Moreno, director art\u00edstico del ballet Xiotal y Nayare, al igual que las obras pl\u00e1sticas del artista visual&nbsp;&nbsp;Mike Gir\u00f3n.<br \/>\nComercialmente brinda una herramienta de mercadotecnia que bien aprovechada incrementa los ingresos comerciales.<br \/>\nSobre esto, Georgina N\u00fa\u00f1ez, consejera de negocios, se\u00f1alo: \u201cDado que el 98 % de la comunidad Hispana es mexicana, resulta normal que busquen una extensi\u00f3n de su cultura en el terreno comercial y esto es algo v\u00e1lido que permite traer a Omaha los recursos y productos relacionados con esa fecha, cubriendo una necesidad para el consumidor que en dichos productos tambi\u00e9n recuerda su tierra y sus costumbres.<br \/>\nDe manera contraria, el locutor de Radio Luz, Pastor Alex N\u00fa\u00f1ez, explic\u00f3 que a trav\u00e9s de la historia la mercadotecnia, los medios de comunicaci\u00f3n y la propia sociedad consumista aprovecha cualquier fecha para vender sus productos, sin importar el tipo de festividad.<br \/>\n\u201cComo comunicador creo que el D\u00eda de Muertos no es una fecha adecuada para comercializarla, porque engloba un profundo significado hist\u00f3rico y podr\u00edamos valernos de otros medios para las ventas. Sin embargo, la falta de conocimiento nos hace caer en el consumismo\u201d, puntualiz\u00f3<br \/>\nAl mismo tiempo, dej\u00f3 en claro que \u00abcomo persona temerosa de las verdades b\u00edblicas, y al igual que mi familia, no comparto estas fechas pero so&nbsp;&nbsp;respeto las mismas, sin importar si se celebra o no de la manera m\u00e1s adecuada\u201d.<br \/>\nYa en este terreno, Magdalena Garc\u00eda, directora del Museo Latino, indic\u00f3 que no existe una manera correcta para celebrar estas fechas, pues cada rinc\u00f3n de Latinoam\u00e9rica brinda diversas variantes.<br \/>\n\u201cEn el museo tratamos de retomar algunas de las muchas tradiciones en torno a esta celebraci\u00f3n, e incluso nos valemos de videos y otros materiales interactivos que abarcan m\u00faltiples lugares\u201d, dijo.<br \/>\nTambi\u00e9n rememor\u00f3 que en 1993 present\u00f3 la primera ofrenda del D\u00eda de Muertos, corroborando el miedo y rechazo que hab\u00eda en la comunidad de aquel entonces. Pero con arduo trabajo educativo se ha ido erradicando dicha reacci\u00f3n que hoy incluso permite recibir la visita de grupos de estudiantes de diversos grados escolares, entre otros sectores de la poblaci\u00f3n que aprender el modo prehisp\u00e1nico de ver la vida a partir de la muerte.<br \/>\n\u201cAfortunadamente, gradualmente en Omaha es m\u00e1s com\u00fan encontrar algo alusivo a esta celebraci\u00f3n, como en el caso del pan de muerto, que no puede faltar en las ofrendas, como la que anualmente exponemos\u201d, concluyo la muse\u00f3grafa.<br \/>\nFinalmente, el c\u00f3nsul mexicano, Jorge Espejel Montes, puntualiz\u00f3 que lo importante de esta fecha es la oportunidad de lograr mantener una identidad cultural necesaria en todo individuo.<br \/>\nDe esta forma,&nbsp;&nbsp;si bien es verdad que en el proceso de aculturaci\u00f3n se van generando nuevas variantes de festejo populares, tambi\u00e9n es un hecho que el caso del D\u00eda de los Muertos la esencia sigue siendo la misma: celebrar vivos y muertos un encuentro s\u00e1tiro y m\u00edstico, que en definitiva forma parte del alma colectiva de una comunidad inmigrante.<\/p>\n","protected":false},"excerpt":{"rendered":"<p>La celebraci\u00f3n del D\u00eda de los Muertos ha penetrado el suelo americano y cada vez son m\u00e1s los Latinos que dejan el luto y la nostalgia para lograr una conexi\u00f3n espiritual con los seres queridos que han partido al m\u00e1s haya, de donde regresan los d\u00edas 1 y 2 de noviembre, fieles a dicha creencia [&hellip;]<\/p>\n","protected":false},"author":1,"featured_media":191,"comment_status":"open","ping_status":"closed","sticky":false,"template":"","format":"standard","meta":{"newspack_ads_suppress_ads":false,"_newspack_byline_active":false,"_newspack_byline":"","newspack_hide_updated_date":false,"newspack_show_updated_date":false,"newspack_content_restriction_is_exempt":false,"newspack_featured_image_position":"","newspack_post_subtitle":"","newspack_article_summary_title":"Overview:","newspack_article_summary":"","footnotes":""},"categories":[1226],"tags":[],"newspack_spnsrs_tax":[],"coauthors":[1233],"class_list":["post-190","post","type-post","status-publish","format-standard","has-post-thumbnail","hentry","category-sin-categorizar","entry"],"yoast_head":"<!-- This site is optimized with the Yoast SEO plugin v27.5 - https:\/\/yoast.com\/product\/yoast-seo-wordpress\/ -->\n<title>D\u00eda De Los Muertos - el perico<\/title>\n<meta name=\"robots\" content=\"index, follow, max-snippet:-1, max-image-preview:large, max-video-preview:-1\" \/>\n<link rel=\"canonical\" href=\"https:\/\/el-perico.com\/es\/espanol-dia-de-los-muertos\/\" \/>\n<meta property=\"og:locale\" content=\"es_ES\" \/>\n<meta property=\"og:type\" content=\"article\" \/>\n<meta property=\"og:title\" content=\"D\u00eda De Los Muertos - el perico\" \/>\n<meta property=\"og:description\" content=\"La celebraci\u00f3n del D\u00eda de los Muertos ha penetrado el suelo americano y cada vez son m\u00e1s los Latinos que dejan el luto y la nostalgia para lograr una conexi\u00f3n espiritual con los seres queridos que han partido al m\u00e1s haya, de donde regresan los d\u00edas 1 y 2 de noviembre, fieles a dicha creencia [&hellip;]\" \/>\n<meta property=\"og:url\" content=\"https:\/\/el-perico.com\/es\/espanol-dia-de-los-muertos\/\" \/>\n<meta property=\"og:site_name\" content=\"el perico\" \/>\n<meta property=\"article:publisher\" content=\"https:\/\/www.facebook.com\/elpericoomaha\" \/>\n<meta property=\"article:published_time\" content=\"2016-10-27T19:37:24+00:00\" \/>\n<meta property=\"article:modified_time\" content=\"2022-03-28T03:26:58+00:00\" \/>\n<meta name=\"author\" content=\"El Perico Staff\" \/>\n<meta name=\"twitter:card\" content=\"summary_large_image\" \/>\n<meta name=\"twitter:label1\" content=\"Escrito por\" \/>\n\t<meta name=\"twitter:data1\" content=\"El Perico Staff\" \/>\n\t<meta name=\"twitter:label2\" content=\"Tiempo de lectura\" \/>\n\t<meta name=\"twitter:data2\" content=\"5 minutos\" \/>\n\t<meta name=\"twitter:label3\" content=\"Written by\" \/>\n\t<meta name=\"twitter:data3\" content=\"El Perico Staff\" \/>\n<script type=\"application\/ld+json\" class=\"yoast-schema-graph\">{\"@context\":\"https:\\\/\\\/schema.org\",\"@graph\":[{\"@type\":\"Article\",\"@id\":\"https:\\\/\\\/el-perico.com\\\/es\\\/espanol-dia-de-los-muertos\\\/#article\",\"isPartOf\":{\"@id\":\"https:\\\/\\\/el-perico.com\\\/es\\\/espanol-dia-de-los-muertos\\\/\"},\"author\":{\"name\":\"El Perico Staff\",\"@id\":\"https:\\\/\\\/el-perico.com\\\/es\\\/#\\\/schema\\\/person\\\/1956e5e63b94d4bd0daf30675bdf4a93\"},\"headline\":\"D\u00eda De Los Muertos\",\"datePublished\":\"2016-10-27T19:37:24+00:00\",\"dateModified\":\"2022-03-28T03:26:58+00:00\",\"mainEntityOfPage\":{\"@id\":\"https:\\\/\\\/el-perico.com\\\/es\\\/espanol-dia-de-los-muertos\\\/\"},\"wordCount\":1117,\"commentCount\":0,\"publisher\":{\"@id\":\"https:\\\/\\\/el-perico.com\\\/es\\\/#organization\"},\"image\":{\"@id\":\"https:\\\/\\\/el-perico.com\\\/es\\\/espanol-dia-de-los-muertos\\\/#primaryimage\"},\"thumbnailUrl\":\"\",\"articleSection\":[\"Sin categorizar\"],\"inLanguage\":\"es\",\"potentialAction\":[{\"@type\":\"CommentAction\",\"name\":\"Comment\",\"target\":[\"https:\\\/\\\/el-perico.com\\\/es\\\/espanol-dia-de-los-muertos\\\/#respond\"]}]},{\"@type\":\"WebPage\",\"@id\":\"https:\\\/\\\/el-perico.com\\\/es\\\/espanol-dia-de-los-muertos\\\/\",\"url\":\"https:\\\/\\\/el-perico.com\\\/es\\\/espanol-dia-de-los-muertos\\\/\",\"name\":\"D\u00eda De Los Muertos - el perico\",\"isPartOf\":{\"@id\":\"https:\\\/\\\/el-perico.com\\\/es\\\/#website\"},\"primaryImageOfPage\":{\"@id\":\"https:\\\/\\\/el-perico.com\\\/es\\\/espanol-dia-de-los-muertos\\\/#primaryimage\"},\"image\":{\"@id\":\"https:\\\/\\\/el-perico.com\\\/es\\\/espanol-dia-de-los-muertos\\\/#primaryimage\"},\"thumbnailUrl\":\"\",\"datePublished\":\"2016-10-27T19:37:24+00:00\",\"dateModified\":\"2022-03-28T03:26:58+00:00\",\"breadcrumb\":{\"@id\":\"https:\\\/\\\/el-perico.com\\\/es\\\/espanol-dia-de-los-muertos\\\/#breadcrumb\"},\"inLanguage\":\"es\",\"potentialAction\":[{\"@type\":\"ReadAction\",\"target\":[\"https:\\\/\\\/el-perico.com\\\/es\\\/espanol-dia-de-los-muertos\\\/\"]}]},{\"@type\":\"ImageObject\",\"inLanguage\":\"es\",\"@id\":\"https:\\\/\\\/el-perico.com\\\/es\\\/espanol-dia-de-los-muertos\\\/#primaryimage\",\"url\":\"\",\"contentUrl\":\"\"},{\"@type\":\"BreadcrumbList\",\"@id\":\"https:\\\/\\\/el-perico.com\\\/es\\\/espanol-dia-de-los-muertos\\\/#breadcrumb\",\"itemListElement\":[{\"@type\":\"ListItem\",\"position\":1,\"name\":\"Home\",\"item\":\"https:\\\/\\\/el-perico.com\\\/es\\\/\"},{\"@type\":\"ListItem\",\"position\":2,\"name\":\"D\u00eda De Los Muertos\"}]},{\"@type\":\"WebSite\",\"@id\":\"https:\\\/\\\/el-perico.com\\\/es\\\/#website\",\"url\":\"https:\\\/\\\/el-perico.com\\\/es\\\/\",\"name\":\"el perico\",\"description\":\"La plataforma original de noticias e informaci\u00f3n para la comunidad hispana de Omaha\",\"publisher\":{\"@id\":\"https:\\\/\\\/el-perico.com\\\/es\\\/#organization\"},\"potentialAction\":[{\"@type\":\"SearchAction\",\"target\":{\"@type\":\"EntryPoint\",\"urlTemplate\":\"https:\\\/\\\/el-perico.com\\\/es\\\/?s={search_term_string}\"},\"query-input\":{\"@type\":\"PropertyValueSpecification\",\"valueRequired\":true,\"valueName\":\"search_term_string\"}}],\"inLanguage\":\"es\"},{\"@type\":\"Organization\",\"@id\":\"https:\\\/\\\/el-perico.com\\\/es\\\/#organization\",\"name\":\"el perico\",\"url\":\"https:\\\/\\\/el-perico.com\\\/es\\\/\",\"logo\":{\"@type\":\"ImageObject\",\"inLanguage\":\"es\",\"@id\":\"https:\\\/\\\/el-perico.com\\\/es\\\/#\\\/schema\\\/logo\\\/image\\\/\",\"url\":\"https:\\\/\\\/el-perico.com\\\/wp-content\\\/uploads\\\/2024\\\/05\\\/ElPerico-Logo_NPM-1-e1717102187440.png\",\"contentUrl\":\"https:\\\/\\\/el-perico.com\\\/wp-content\\\/uploads\\\/2024\\\/05\\\/ElPerico-Logo_NPM-1-e1717102187440.png\",\"width\":648,\"height\":216,\"caption\":\"el perico\"},\"image\":{\"@id\":\"https:\\\/\\\/el-perico.com\\\/es\\\/#\\\/schema\\\/logo\\\/image\\\/\"},\"sameAs\":[\"https:\\\/\\\/www.facebook.com\\\/elpericoomaha\"]},{\"@type\":\"Person\",\"@id\":\"https:\\\/\\\/el-perico.com\\\/es\\\/#\\\/schema\\\/person\\\/1956e5e63b94d4bd0daf30675bdf4a93\",\"name\":\"El Perico Staff\",\"image\":{\"@type\":\"ImageObject\",\"inLanguage\":\"es\",\"@id\":\"https:\\\/\\\/secure.gravatar.com\\\/avatar\\\/701b23c665bfde9fd4d874d31feb4c16bf2ac173b2b0b7224dc39896d4cfc381?s=96&d=mm&r=g80b2efc5844e688a6ffb9340c789e4c4\",\"url\":\"https:\\\/\\\/secure.gravatar.com\\\/avatar\\\/701b23c665bfde9fd4d874d31feb4c16bf2ac173b2b0b7224dc39896d4cfc381?s=96&d=mm&r=g\",\"contentUrl\":\"https:\\\/\\\/secure.gravatar.com\\\/avatar\\\/701b23c665bfde9fd4d874d31feb4c16bf2ac173b2b0b7224dc39896d4cfc381?s=96&d=mm&r=g\",\"caption\":\"El Perico Staff\"},\"sameAs\":[\"https:\\\/\\\/el-perico.com\"],\"url\":\"https:\\\/\\\/el-perico.com\\\/es\\\/author\\\/af6f1d62_admin\\\/\"}]}<\/script>\n<!-- \/ Yoast SEO plugin. -->","yoast_head_json":{"title":"D\u00eda De Los Muertos - el perico","robots":{"index":"index","follow":"follow","max-snippet":"max-snippet:-1","max-image-preview":"max-image-preview:large","max-video-preview":"max-video-preview:-1"},"canonical":"https:\/\/el-perico.com\/es\/espanol-dia-de-los-muertos\/","og_locale":"es_ES","og_type":"article","og_title":"D\u00eda De Los Muertos - el perico","og_description":"La celebraci\u00f3n del D\u00eda de los Muertos ha penetrado el suelo americano y cada vez son m\u00e1s los Latinos que dejan el luto y la nostalgia para lograr una conexi\u00f3n espiritual con los seres queridos que han partido al m\u00e1s haya, de donde regresan los d\u00edas 1 y 2 de noviembre, fieles a dicha creencia [&hellip;]","og_url":"https:\/\/el-perico.com\/es\/espanol-dia-de-los-muertos\/","og_site_name":"el perico","article_publisher":"https:\/\/www.facebook.com\/elpericoomaha","article_published_time":"2016-10-27T19:37:24+00:00","article_modified_time":"2022-03-28T03:26:58+00:00","author":"El Perico Staff","twitter_card":"summary_large_image","twitter_misc":{"Escrito por":"El Perico Staff","Tiempo de lectura":"5 minutos","Written by":"El Perico Staff"},"schema":{"@context":"https:\/\/schema.org","@graph":[{"@type":"Article","@id":"https:\/\/el-perico.com\/es\/espanol-dia-de-los-muertos\/#article","isPartOf":{"@id":"https:\/\/el-perico.com\/es\/espanol-dia-de-los-muertos\/"},"author":{"name":"El Perico Staff","@id":"https:\/\/el-perico.com\/es\/#\/schema\/person\/1956e5e63b94d4bd0daf30675bdf4a93"},"headline":"D\u00eda De Los Muertos","datePublished":"2016-10-27T19:37:24+00:00","dateModified":"2022-03-28T03:26:58+00:00","mainEntityOfPage":{"@id":"https:\/\/el-perico.com\/es\/espanol-dia-de-los-muertos\/"},"wordCount":1117,"commentCount":0,"publisher":{"@id":"https:\/\/el-perico.com\/es\/#organization"},"image":{"@id":"https:\/\/el-perico.com\/es\/espanol-dia-de-los-muertos\/#primaryimage"},"thumbnailUrl":"","articleSection":["Sin categorizar"],"inLanguage":"es","potentialAction":[{"@type":"CommentAction","name":"Comment","target":["https:\/\/el-perico.com\/es\/espanol-dia-de-los-muertos\/#respond"]}]},{"@type":"WebPage","@id":"https:\/\/el-perico.com\/es\/espanol-dia-de-los-muertos\/","url":"https:\/\/el-perico.com\/es\/espanol-dia-de-los-muertos\/","name":"D\u00eda De Los Muertos - el perico","isPartOf":{"@id":"https:\/\/el-perico.com\/es\/#website"},"primaryImageOfPage":{"@id":"https:\/\/el-perico.com\/es\/espanol-dia-de-los-muertos\/#primaryimage"},"image":{"@id":"https:\/\/el-perico.com\/es\/espanol-dia-de-los-muertos\/#primaryimage"},"thumbnailUrl":"","datePublished":"2016-10-27T19:37:24+00:00","dateModified":"2022-03-28T03:26:58+00:00","breadcrumb":{"@id":"https:\/\/el-perico.com\/es\/espanol-dia-de-los-muertos\/#breadcrumb"},"inLanguage":"es","potentialAction":[{"@type":"ReadAction","target":["https:\/\/el-perico.com\/es\/espanol-dia-de-los-muertos\/"]}]},{"@type":"ImageObject","inLanguage":"es","@id":"https:\/\/el-perico.com\/es\/espanol-dia-de-los-muertos\/#primaryimage","url":"","contentUrl":""},{"@type":"BreadcrumbList","@id":"https:\/\/el-perico.com\/es\/espanol-dia-de-los-muertos\/#breadcrumb","itemListElement":[{"@type":"ListItem","position":1,"name":"Home","item":"https:\/\/el-perico.com\/es\/"},{"@type":"ListItem","position":2,"name":"D\u00eda De Los Muertos"}]},{"@type":"WebSite","@id":"https:\/\/el-perico.com\/es\/#website","url":"https:\/\/el-perico.com\/es\/","name":"el perico","description":"La plataforma original de noticias e informaci\u00f3n para la comunidad hispana de Omaha","publisher":{"@id":"https:\/\/el-perico.com\/es\/#organization"},"potentialAction":[{"@type":"SearchAction","target":{"@type":"EntryPoint","urlTemplate":"https:\/\/el-perico.com\/es\/?s={search_term_string}"},"query-input":{"@type":"PropertyValueSpecification","valueRequired":true,"valueName":"search_term_string"}}],"inLanguage":"es"},{"@type":"Organization","@id":"https:\/\/el-perico.com\/es\/#organization","name":"el perico","url":"https:\/\/el-perico.com\/es\/","logo":{"@type":"ImageObject","inLanguage":"es","@id":"https:\/\/el-perico.com\/es\/#\/schema\/logo\/image\/","url":"https:\/\/el-perico.com\/wp-content\/uploads\/2024\/05\/ElPerico-Logo_NPM-1-e1717102187440.png","contentUrl":"https:\/\/el-perico.com\/wp-content\/uploads\/2024\/05\/ElPerico-Logo_NPM-1-e1717102187440.png","width":648,"height":216,"caption":"el perico"},"image":{"@id":"https:\/\/el-perico.com\/es\/#\/schema\/logo\/image\/"},"sameAs":["https:\/\/www.facebook.com\/elpericoomaha"]},{"@type":"Person","@id":"https:\/\/el-perico.com\/es\/#\/schema\/person\/1956e5e63b94d4bd0daf30675bdf4a93","name":"El Perico Staff","image":{"@type":"ImageObject","inLanguage":"es","@id":"https:\/\/secure.gravatar.com\/avatar\/701b23c665bfde9fd4d874d31feb4c16bf2ac173b2b0b7224dc39896d4cfc381?s=96&d=mm&r=g80b2efc5844e688a6ffb9340c789e4c4","url":"https:\/\/secure.gravatar.com\/avatar\/701b23c665bfde9fd4d874d31feb4c16bf2ac173b2b0b7224dc39896d4cfc381?s=96&d=mm&r=g","contentUrl":"https:\/\/secure.gravatar.com\/avatar\/701b23c665bfde9fd4d874d31feb4c16bf2ac173b2b0b7224dc39896d4cfc381?s=96&d=mm&r=g","caption":"El Perico Staff"},"sameAs":["https:\/\/el-perico.com"],"url":"https:\/\/el-perico.com\/es\/author\/af6f1d62_admin\/"}]}},"_links":{"self":[{"href":"https:\/\/el-perico.com\/es\/wp-json\/wp\/v2\/posts\/190","targetHints":{"allow":["GET"]}}],"collection":[{"href":"https:\/\/el-perico.com\/es\/wp-json\/wp\/v2\/posts"}],"about":[{"href":"https:\/\/el-perico.com\/es\/wp-json\/wp\/v2\/types\/post"}],"author":[{"embeddable":true,"href":"https:\/\/el-perico.com\/es\/wp-json\/wp\/v2\/users\/1"}],"replies":[{"embeddable":true,"href":"https:\/\/el-perico.com\/es\/wp-json\/wp\/v2\/comments?post=190"}],"version-history":[{"count":1,"href":"https:\/\/el-perico.com\/es\/wp-json\/wp\/v2\/posts\/190\/revisions"}],"predecessor-version":[{"id":7260,"href":"https:\/\/el-perico.com\/es\/wp-json\/wp\/v2\/posts\/190\/revisions\/7260"}],"wp:featuredmedia":[{"embeddable":true,"href":"https:\/\/el-perico.com\/es\/wp-json\/"}],"wp:attachment":[{"href":"https:\/\/el-perico.com\/es\/wp-json\/wp\/v2\/media?parent=190"}],"wp:term":[{"taxonomy":"category","embeddable":true,"href":"https:\/\/el-perico.com\/es\/wp-json\/wp\/v2\/categories?post=190"},{"taxonomy":"post_tag","embeddable":true,"href":"https:\/\/el-perico.com\/es\/wp-json\/wp\/v2\/tags?post=190"},{"taxonomy":"newspack_spnsrs_tax","embeddable":true,"href":"https:\/\/el-perico.com\/es\/wp-json\/wp\/v2\/newspack_spnsrs_tax?post=190"},{"taxonomy":"author","embeddable":true,"href":"https:\/\/el-perico.com\/es\/wp-json\/wp\/v2\/coauthors?post=190"}],"curies":[{"name":"wp","href":"https:\/\/api.w.org\/{rel}","templated":true}]}}