{"id":1884,"date":"2019-03-12T21:06:33","date_gmt":"2019-03-12T21:06:33","guid":{"rendered":"https:\/\/el-perico.kaageg0-liquidwebsites.com\/?p=1884"},"modified":"2022-03-19T20:57:22","modified_gmt":"2022-03-20T00:57:22","slug":"mexican-dance-academy-of-nebraska-brilla-en-el-aniversario-del-estado-de-nebraska","status":"publish","type":"post","link":"https:\/\/el-perico.com\/es\/mexican-dance-academy-of-nebraska-brilla-en-el-aniversario-del-estado-de-nebraska\/","title":{"rendered":"Mexican Dance Academy of Nebraska brilla en el aniversario del estado de Nebraska"},"content":{"rendered":"<p>La mejor manera de celebrar el 150 aniversario del estado de Nebraska es bailando. El teatro Orpheum lo sabe. Por esta raz\u00f3n abrir sus puertas al evento organizado por Omaha Performing Arts, donde 14 compa\u00f1\u00edas de danza se unieron para crear todo un espect\u00e1culo en el que cada participante expusiera lo mejor de su repertorio coreogr\u00e1fico,<br \/>\nOrgullosamente, la \u00fanica academia de danza latina fue la Mexican Dance Academy of Nebraska, dirigida por H\u00e9ctor Moreno, misma que \u201cse robo el show\u201d, literalmente.<br \/>\n\u201cNebraska in Motion\u201d fue el nombre que se le dio al programa presentado el pasado mes de septiembre, mismo que incluyo a diversos grupos de todo el estado, con la expectativa de permitir que cada uno de ellos demostrara lo que significa Nebraska para ellos, a trav\u00e9s del baile.<br \/>\nY as\u00ed fue. La versatilidad del espect\u00e1culo permitir apreciar danza moderna, ballet, danza del vientre y folclor mexicano, por mencionar solo algunos.<br \/>\nPara H\u00e9ctor Moreno, la presentaci\u00f3n en dicho recinto fue doblemente especial: \u201cPrimero, fue un honor ser invitados para estar dentro del selecto grupo de bailarines que festejaran al estado de Nebraska por su aniversario, en el teatro m\u00e1s importante de la ciudad de Omaha\u201d, dijo Moreno, quien expreso la segunda raz\u00f3n de su felicidad al recordar que hace a\u00f1os el estubo sentado en las butacas del teatro Orpheum y se dijo a s\u00ed mismo: \u201cAlg\u00fan d\u00eda yo tambi\u00e9n voy a estar pisando este escenario\u201d.<br \/>\nH\u00e9ctor no bailo, pero si lo hicieron todos sus bailarines, bajo la mirada exigente de un so\u00f1ador que as\u00ed ve\u00eda cristalizado un deseo de hacia a\u00f1os. Este so\u00f1ador quiz\u00e1 no pens\u00f3 en aquel entonces cu\u00e1l ser\u00eda la respuesta del p\u00fablico, pero definitivamente no pudo ser mejor.<br \/>\nEn primer lugar, fueron la \u00fanica academia a la que se le permiti\u00f3 bailar un poco m\u00e1s que al resto, seg\u00fan expreso el core\u00f3grafo. Y en segundo, fueron ovacionados en m\u00e1s de una ocasi\u00f3n mientras bailaban, llegando a la efervescencia general con gritos, silbidos, aplausos y frases coreadas que retumbaban por todo el teatro diciendo \u201cViva M\u00e9xico\u201d.<br \/>\nDirectivos de Omaha Performing Arts indicaron que el prop\u00f3sito de las presentaciones fue mostrar la diversidad y el talento que hay en Nebraska, ense\u00f1ando al mismo tiempo las diferentes formas y estilos de baile que se encuentran en la regi\u00f3n.<br \/>\nEl cierre del evento presento una coreograf\u00eda de Kat Fackler, llamada \u00abFlyover Country\u00bb, escrita por el compositor de UNL Tyler White he interpretada por la Orquesta Juvenil del \u00c1rea de Omaha. Aqu\u00ed el grupo de baile fue conformado por un bailar\u00edn de cada academia participante en el show general de Nebraska in Motion, lo cual resulto una grata sorpresa para los bailarines y para el p\u00fablico en general.<br \/>\nDe esta forma, Nebraska celebr\u00f3 150 a\u00f1os, exhibiendo las diferentes culturas que se encuentran en su territorio, para enaltecer la importancia y el papel que cada uno tiene en la creaci\u00f3n de la identidad del estado.<\/p>\n","protected":false},"excerpt":{"rendered":"<p>La mejor manera de celebrar el 150 aniversario del estado de Nebraska es bailando. El teatro Orpheum lo sabe. Por esta raz\u00f3n abrir sus puertas al evento organizado por Omaha Performing Arts, donde 14 compa\u00f1\u00edas de danza se unieron para crear todo un espect\u00e1culo en el que cada participante expusiera lo mejor de su repertorio [&hellip;]<\/p>\n","protected":false},"author":1,"featured_media":955,"comment_status":"open","ping_status":"closed","sticky":false,"template":"","format":"standard","meta":{"newspack_ads_suppress_ads":false,"_newspack_byline_active":false,"_newspack_byline":"","newspack_hide_updated_date":false,"newspack_show_updated_date":false,"newspack_content_restriction_is_exempt":false,"newspack_featured_image_position":"","newspack_post_subtitle":"","newspack_article_summary_title":"Overview:","newspack_article_summary":"","footnotes":""},"categories":[1],"tags":[],"newspack_spnsrs_tax":[],"coauthors":[1233],"class_list":["post-1884","post","type-post","status-publish","format-standard","has-post-thumbnail","hentry","category-uncategorized","entry"],"yoast_head":"<!-- This site is optimized with the Yoast SEO plugin v27.5 - https:\/\/yoast.com\/product\/yoast-seo-wordpress\/ -->\n<title>Mexican Dance Academy of Nebraska brilla en el aniversario del estado de Nebraska - el perico<\/title>\n<meta name=\"robots\" content=\"index, follow, max-snippet:-1, max-image-preview:large, max-video-preview:-1\" \/>\n<link rel=\"canonical\" href=\"https:\/\/el-perico.com\/es\/mexican-dance-academy-of-nebraska-brilla-en-el-aniversario-del-estado-de-nebraska\/\" \/>\n<meta property=\"og:locale\" content=\"es_ES\" \/>\n<meta property=\"og:type\" content=\"article\" \/>\n<meta property=\"og:title\" content=\"Mexican Dance Academy of Nebraska brilla en el aniversario del estado de Nebraska - el perico\" \/>\n<meta property=\"og:description\" content=\"La mejor manera de celebrar el 150 aniversario del estado de Nebraska es bailando. El teatro Orpheum lo sabe. Por esta raz\u00f3n abrir sus puertas al evento organizado por Omaha Performing Arts, donde 14 compa\u00f1\u00edas de danza se unieron para crear todo un espect\u00e1culo en el que cada participante expusiera lo mejor de su repertorio [&hellip;]\" \/>\n<meta property=\"og:url\" content=\"https:\/\/el-perico.com\/es\/mexican-dance-academy-of-nebraska-brilla-en-el-aniversario-del-estado-de-nebraska\/\" \/>\n<meta property=\"og:site_name\" content=\"el perico\" \/>\n<meta property=\"article:publisher\" content=\"https:\/\/www.facebook.com\/elpericoomaha\" \/>\n<meta property=\"article:published_time\" content=\"2019-03-12T21:06:33+00:00\" \/>\n<meta property=\"article:modified_time\" content=\"2022-03-20T00:57:22+00:00\" \/>\n<meta name=\"author\" content=\"El Perico Staff\" \/>\n<meta name=\"twitter:card\" content=\"summary_large_image\" \/>\n<meta name=\"twitter:label1\" content=\"Escrito por\" \/>\n\t<meta name=\"twitter:data1\" content=\"El Perico Staff\" \/>\n\t<meta name=\"twitter:label2\" content=\"Tiempo de lectura\" \/>\n\t<meta name=\"twitter:data2\" content=\"3 minutos\" \/>\n\t<meta name=\"twitter:label3\" content=\"Written by\" \/>\n\t<meta name=\"twitter:data3\" content=\"El Perico Staff\" \/>\n<script type=\"application\/ld+json\" class=\"yoast-schema-graph\">{\"@context\":\"https:\\\/\\\/schema.org\",\"@graph\":[{\"@type\":\"Article\",\"@id\":\"https:\\\/\\\/el-perico.com\\\/es\\\/mexican-dance-academy-of-nebraska-brilla-en-el-aniversario-del-estado-de-nebraska\\\/#article\",\"isPartOf\":{\"@id\":\"https:\\\/\\\/el-perico.com\\\/es\\\/mexican-dance-academy-of-nebraska-brilla-en-el-aniversario-del-estado-de-nebraska\\\/\"},\"author\":{\"name\":\"El Perico Staff\",\"@id\":\"https:\\\/\\\/el-perico.com\\\/es\\\/#\\\/schema\\\/person\\\/1956e5e63b94d4bd0daf30675bdf4a93\"},\"headline\":\"Mexican Dance Academy of Nebraska brilla en el aniversario del estado de Nebraska\",\"datePublished\":\"2019-03-12T21:06:33+00:00\",\"dateModified\":\"2022-03-20T00:57:22+00:00\",\"mainEntityOfPage\":{\"@id\":\"https:\\\/\\\/el-perico.com\\\/es\\\/mexican-dance-academy-of-nebraska-brilla-en-el-aniversario-del-estado-de-nebraska\\\/\"},\"wordCount\":530,\"commentCount\":0,\"publisher\":{\"@id\":\"https:\\\/\\\/el-perico.com\\\/es\\\/#organization\"},\"image\":{\"@id\":\"https:\\\/\\\/el-perico.com\\\/es\\\/mexican-dance-academy-of-nebraska-brilla-en-el-aniversario-del-estado-de-nebraska\\\/#primaryimage\"},\"thumbnailUrl\":\"\",\"articleSection\":[\"Uncategorized\"],\"inLanguage\":\"es\",\"potentialAction\":[{\"@type\":\"CommentAction\",\"name\":\"Comment\",\"target\":[\"https:\\\/\\\/el-perico.com\\\/es\\\/mexican-dance-academy-of-nebraska-brilla-en-el-aniversario-del-estado-de-nebraska\\\/#respond\"]}]},{\"@type\":\"WebPage\",\"@id\":\"https:\\\/\\\/el-perico.com\\\/es\\\/mexican-dance-academy-of-nebraska-brilla-en-el-aniversario-del-estado-de-nebraska\\\/\",\"url\":\"https:\\\/\\\/el-perico.com\\\/es\\\/mexican-dance-academy-of-nebraska-brilla-en-el-aniversario-del-estado-de-nebraska\\\/\",\"name\":\"Mexican Dance Academy of Nebraska brilla en el aniversario del estado de Nebraska - el perico\",\"isPartOf\":{\"@id\":\"https:\\\/\\\/el-perico.com\\\/es\\\/#website\"},\"primaryImageOfPage\":{\"@id\":\"https:\\\/\\\/el-perico.com\\\/es\\\/mexican-dance-academy-of-nebraska-brilla-en-el-aniversario-del-estado-de-nebraska\\\/#primaryimage\"},\"image\":{\"@id\":\"https:\\\/\\\/el-perico.com\\\/es\\\/mexican-dance-academy-of-nebraska-brilla-en-el-aniversario-del-estado-de-nebraska\\\/#primaryimage\"},\"thumbnailUrl\":\"\",\"datePublished\":\"2019-03-12T21:06:33+00:00\",\"dateModified\":\"2022-03-20T00:57:22+00:00\",\"breadcrumb\":{\"@id\":\"https:\\\/\\\/el-perico.com\\\/es\\\/mexican-dance-academy-of-nebraska-brilla-en-el-aniversario-del-estado-de-nebraska\\\/#breadcrumb\"},\"inLanguage\":\"es\",\"potentialAction\":[{\"@type\":\"ReadAction\",\"target\":[\"https:\\\/\\\/el-perico.com\\\/es\\\/mexican-dance-academy-of-nebraska-brilla-en-el-aniversario-del-estado-de-nebraska\\\/\"]}]},{\"@type\":\"ImageObject\",\"inLanguage\":\"es\",\"@id\":\"https:\\\/\\\/el-perico.com\\\/es\\\/mexican-dance-academy-of-nebraska-brilla-en-el-aniversario-del-estado-de-nebraska\\\/#primaryimage\",\"url\":\"\",\"contentUrl\":\"\"},{\"@type\":\"BreadcrumbList\",\"@id\":\"https:\\\/\\\/el-perico.com\\\/es\\\/mexican-dance-academy-of-nebraska-brilla-en-el-aniversario-del-estado-de-nebraska\\\/#breadcrumb\",\"itemListElement\":[{\"@type\":\"ListItem\",\"position\":1,\"name\":\"Home\",\"item\":\"https:\\\/\\\/el-perico.com\\\/es\\\/\"},{\"@type\":\"ListItem\",\"position\":2,\"name\":\"Mexican Dance Academy of Nebraska brilla en el aniversario del estado de Nebraska\"}]},{\"@type\":\"WebSite\",\"@id\":\"https:\\\/\\\/el-perico.com\\\/es\\\/#website\",\"url\":\"https:\\\/\\\/el-perico.com\\\/es\\\/\",\"name\":\"el perico\",\"description\":\"La plataforma original de noticias e informaci\u00f3n para la comunidad hispana de Omaha\",\"publisher\":{\"@id\":\"https:\\\/\\\/el-perico.com\\\/es\\\/#organization\"},\"potentialAction\":[{\"@type\":\"SearchAction\",\"target\":{\"@type\":\"EntryPoint\",\"urlTemplate\":\"https:\\\/\\\/el-perico.com\\\/es\\\/?s={search_term_string}\"},\"query-input\":{\"@type\":\"PropertyValueSpecification\",\"valueRequired\":true,\"valueName\":\"search_term_string\"}}],\"inLanguage\":\"es\"},{\"@type\":\"Organization\",\"@id\":\"https:\\\/\\\/el-perico.com\\\/es\\\/#organization\",\"name\":\"el perico\",\"url\":\"https:\\\/\\\/el-perico.com\\\/es\\\/\",\"logo\":{\"@type\":\"ImageObject\",\"inLanguage\":\"es\",\"@id\":\"https:\\\/\\\/el-perico.com\\\/es\\\/#\\\/schema\\\/logo\\\/image\\\/\",\"url\":\"https:\\\/\\\/el-perico.com\\\/wp-content\\\/uploads\\\/2024\\\/05\\\/ElPerico-Logo_NPM-1-e1717102187440.png\",\"contentUrl\":\"https:\\\/\\\/el-perico.com\\\/wp-content\\\/uploads\\\/2024\\\/05\\\/ElPerico-Logo_NPM-1-e1717102187440.png\",\"width\":648,\"height\":216,\"caption\":\"el perico\"},\"image\":{\"@id\":\"https:\\\/\\\/el-perico.com\\\/es\\\/#\\\/schema\\\/logo\\\/image\\\/\"},\"sameAs\":[\"https:\\\/\\\/www.facebook.com\\\/elpericoomaha\"]},{\"@type\":\"Person\",\"@id\":\"https:\\\/\\\/el-perico.com\\\/es\\\/#\\\/schema\\\/person\\\/1956e5e63b94d4bd0daf30675bdf4a93\",\"name\":\"El Perico Staff\",\"image\":{\"@type\":\"ImageObject\",\"inLanguage\":\"es\",\"@id\":\"https:\\\/\\\/secure.gravatar.com\\\/avatar\\\/701b23c665bfde9fd4d874d31feb4c16bf2ac173b2b0b7224dc39896d4cfc381?s=96&d=mm&r=g80b2efc5844e688a6ffb9340c789e4c4\",\"url\":\"https:\\\/\\\/secure.gravatar.com\\\/avatar\\\/701b23c665bfde9fd4d874d31feb4c16bf2ac173b2b0b7224dc39896d4cfc381?s=96&d=mm&r=g\",\"contentUrl\":\"https:\\\/\\\/secure.gravatar.com\\\/avatar\\\/701b23c665bfde9fd4d874d31feb4c16bf2ac173b2b0b7224dc39896d4cfc381?s=96&d=mm&r=g\",\"caption\":\"El Perico Staff\"},\"sameAs\":[\"https:\\\/\\\/el-perico.com\"],\"url\":\"https:\\\/\\\/el-perico.com\\\/es\\\/author\\\/af6f1d62_admin\\\/\"}]}<\/script>\n<!-- \/ Yoast SEO plugin. -->","yoast_head_json":{"title":"Mexican Dance Academy of Nebraska brilla en el aniversario del estado de Nebraska - el perico","robots":{"index":"index","follow":"follow","max-snippet":"max-snippet:-1","max-image-preview":"max-image-preview:large","max-video-preview":"max-video-preview:-1"},"canonical":"https:\/\/el-perico.com\/es\/mexican-dance-academy-of-nebraska-brilla-en-el-aniversario-del-estado-de-nebraska\/","og_locale":"es_ES","og_type":"article","og_title":"Mexican Dance Academy of Nebraska brilla en el aniversario del estado de Nebraska - el perico","og_description":"La mejor manera de celebrar el 150 aniversario del estado de Nebraska es bailando. El teatro Orpheum lo sabe. Por esta raz\u00f3n abrir sus puertas al evento organizado por Omaha Performing Arts, donde 14 compa\u00f1\u00edas de danza se unieron para crear todo un espect\u00e1culo en el que cada participante expusiera lo mejor de su repertorio [&hellip;]","og_url":"https:\/\/el-perico.com\/es\/mexican-dance-academy-of-nebraska-brilla-en-el-aniversario-del-estado-de-nebraska\/","og_site_name":"el perico","article_publisher":"https:\/\/www.facebook.com\/elpericoomaha","article_published_time":"2019-03-12T21:06:33+00:00","article_modified_time":"2022-03-20T00:57:22+00:00","author":"El Perico Staff","twitter_card":"summary_large_image","twitter_misc":{"Escrito por":"El Perico Staff","Tiempo de lectura":"3 minutos","Written by":"El Perico Staff"},"schema":{"@context":"https:\/\/schema.org","@graph":[{"@type":"Article","@id":"https:\/\/el-perico.com\/es\/mexican-dance-academy-of-nebraska-brilla-en-el-aniversario-del-estado-de-nebraska\/#article","isPartOf":{"@id":"https:\/\/el-perico.com\/es\/mexican-dance-academy-of-nebraska-brilla-en-el-aniversario-del-estado-de-nebraska\/"},"author":{"name":"El Perico Staff","@id":"https:\/\/el-perico.com\/es\/#\/schema\/person\/1956e5e63b94d4bd0daf30675bdf4a93"},"headline":"Mexican Dance Academy of Nebraska brilla en el aniversario del estado de Nebraska","datePublished":"2019-03-12T21:06:33+00:00","dateModified":"2022-03-20T00:57:22+00:00","mainEntityOfPage":{"@id":"https:\/\/el-perico.com\/es\/mexican-dance-academy-of-nebraska-brilla-en-el-aniversario-del-estado-de-nebraska\/"},"wordCount":530,"commentCount":0,"publisher":{"@id":"https:\/\/el-perico.com\/es\/#organization"},"image":{"@id":"https:\/\/el-perico.com\/es\/mexican-dance-academy-of-nebraska-brilla-en-el-aniversario-del-estado-de-nebraska\/#primaryimage"},"thumbnailUrl":"","articleSection":["Uncategorized"],"inLanguage":"es","potentialAction":[{"@type":"CommentAction","name":"Comment","target":["https:\/\/el-perico.com\/es\/mexican-dance-academy-of-nebraska-brilla-en-el-aniversario-del-estado-de-nebraska\/#respond"]}]},{"@type":"WebPage","@id":"https:\/\/el-perico.com\/es\/mexican-dance-academy-of-nebraska-brilla-en-el-aniversario-del-estado-de-nebraska\/","url":"https:\/\/el-perico.com\/es\/mexican-dance-academy-of-nebraska-brilla-en-el-aniversario-del-estado-de-nebraska\/","name":"Mexican Dance Academy of Nebraska brilla en el aniversario del estado de Nebraska - el perico","isPartOf":{"@id":"https:\/\/el-perico.com\/es\/#website"},"primaryImageOfPage":{"@id":"https:\/\/el-perico.com\/es\/mexican-dance-academy-of-nebraska-brilla-en-el-aniversario-del-estado-de-nebraska\/#primaryimage"},"image":{"@id":"https:\/\/el-perico.com\/es\/mexican-dance-academy-of-nebraska-brilla-en-el-aniversario-del-estado-de-nebraska\/#primaryimage"},"thumbnailUrl":"","datePublished":"2019-03-12T21:06:33+00:00","dateModified":"2022-03-20T00:57:22+00:00","breadcrumb":{"@id":"https:\/\/el-perico.com\/es\/mexican-dance-academy-of-nebraska-brilla-en-el-aniversario-del-estado-de-nebraska\/#breadcrumb"},"inLanguage":"es","potentialAction":[{"@type":"ReadAction","target":["https:\/\/el-perico.com\/es\/mexican-dance-academy-of-nebraska-brilla-en-el-aniversario-del-estado-de-nebraska\/"]}]},{"@type":"ImageObject","inLanguage":"es","@id":"https:\/\/el-perico.com\/es\/mexican-dance-academy-of-nebraska-brilla-en-el-aniversario-del-estado-de-nebraska\/#primaryimage","url":"","contentUrl":""},{"@type":"BreadcrumbList","@id":"https:\/\/el-perico.com\/es\/mexican-dance-academy-of-nebraska-brilla-en-el-aniversario-del-estado-de-nebraska\/#breadcrumb","itemListElement":[{"@type":"ListItem","position":1,"name":"Home","item":"https:\/\/el-perico.com\/es\/"},{"@type":"ListItem","position":2,"name":"Mexican Dance Academy of Nebraska brilla en el aniversario del estado de Nebraska"}]},{"@type":"WebSite","@id":"https:\/\/el-perico.com\/es\/#website","url":"https:\/\/el-perico.com\/es\/","name":"el perico","description":"La plataforma original de noticias e informaci\u00f3n para la comunidad hispana de Omaha","publisher":{"@id":"https:\/\/el-perico.com\/es\/#organization"},"potentialAction":[{"@type":"SearchAction","target":{"@type":"EntryPoint","urlTemplate":"https:\/\/el-perico.com\/es\/?s={search_term_string}"},"query-input":{"@type":"PropertyValueSpecification","valueRequired":true,"valueName":"search_term_string"}}],"inLanguage":"es"},{"@type":"Organization","@id":"https:\/\/el-perico.com\/es\/#organization","name":"el perico","url":"https:\/\/el-perico.com\/es\/","logo":{"@type":"ImageObject","inLanguage":"es","@id":"https:\/\/el-perico.com\/es\/#\/schema\/logo\/image\/","url":"https:\/\/el-perico.com\/wp-content\/uploads\/2024\/05\/ElPerico-Logo_NPM-1-e1717102187440.png","contentUrl":"https:\/\/el-perico.com\/wp-content\/uploads\/2024\/05\/ElPerico-Logo_NPM-1-e1717102187440.png","width":648,"height":216,"caption":"el perico"},"image":{"@id":"https:\/\/el-perico.com\/es\/#\/schema\/logo\/image\/"},"sameAs":["https:\/\/www.facebook.com\/elpericoomaha"]},{"@type":"Person","@id":"https:\/\/el-perico.com\/es\/#\/schema\/person\/1956e5e63b94d4bd0daf30675bdf4a93","name":"El Perico Staff","image":{"@type":"ImageObject","inLanguage":"es","@id":"https:\/\/secure.gravatar.com\/avatar\/701b23c665bfde9fd4d874d31feb4c16bf2ac173b2b0b7224dc39896d4cfc381?s=96&d=mm&r=g80b2efc5844e688a6ffb9340c789e4c4","url":"https:\/\/secure.gravatar.com\/avatar\/701b23c665bfde9fd4d874d31feb4c16bf2ac173b2b0b7224dc39896d4cfc381?s=96&d=mm&r=g","contentUrl":"https:\/\/secure.gravatar.com\/avatar\/701b23c665bfde9fd4d874d31feb4c16bf2ac173b2b0b7224dc39896d4cfc381?s=96&d=mm&r=g","caption":"El Perico Staff"},"sameAs":["https:\/\/el-perico.com"],"url":"https:\/\/el-perico.com\/es\/author\/af6f1d62_admin\/"}]}},"_links":{"self":[{"href":"https:\/\/el-perico.com\/es\/wp-json\/wp\/v2\/posts\/1884","targetHints":{"allow":["GET"]}}],"collection":[{"href":"https:\/\/el-perico.com\/es\/wp-json\/wp\/v2\/posts"}],"about":[{"href":"https:\/\/el-perico.com\/es\/wp-json\/wp\/v2\/types\/post"}],"author":[{"embeddable":true,"href":"https:\/\/el-perico.com\/es\/wp-json\/wp\/v2\/users\/1"}],"replies":[{"embeddable":true,"href":"https:\/\/el-perico.com\/es\/wp-json\/wp\/v2\/comments?post=1884"}],"version-history":[{"count":1,"href":"https:\/\/el-perico.com\/es\/wp-json\/wp\/v2\/posts\/1884\/revisions"}],"predecessor-version":[{"id":6651,"href":"https:\/\/el-perico.com\/es\/wp-json\/wp\/v2\/posts\/1884\/revisions\/6651"}],"wp:featuredmedia":[{"embeddable":true,"href":"https:\/\/el-perico.com\/es\/wp-json\/"}],"wp:attachment":[{"href":"https:\/\/el-perico.com\/es\/wp-json\/wp\/v2\/media?parent=1884"}],"wp:term":[{"taxonomy":"category","embeddable":true,"href":"https:\/\/el-perico.com\/es\/wp-json\/wp\/v2\/categories?post=1884"},{"taxonomy":"post_tag","embeddable":true,"href":"https:\/\/el-perico.com\/es\/wp-json\/wp\/v2\/tags?post=1884"},{"taxonomy":"newspack_spnsrs_tax","embeddable":true,"href":"https:\/\/el-perico.com\/es\/wp-json\/wp\/v2\/newspack_spnsrs_tax?post=1884"},{"taxonomy":"author","embeddable":true,"href":"https:\/\/el-perico.com\/es\/wp-json\/wp\/v2\/coauthors?post=1884"}],"curies":[{"name":"wp","href":"https:\/\/api.w.org\/{rel}","templated":true}]}}