{"id":184,"date":"2016-11-03T19:25:20","date_gmt":"2016-11-03T19:25:20","guid":{"rendered":"http:\/\/el-perico.hdnweb.com\/?p=184"},"modified":"2022-03-27T23:18:47","modified_gmt":"2022-03-28T03:18:47","slug":"espanol-indy-engel-sobreviviente-al-cancer-de-seno","status":"publish","type":"post","link":"https:\/\/el-perico.com\/es\/espanol-indy-engel-sobreviviente-al-cancer-de-seno\/","title":{"rendered":"Indy Engel: sobreviviente al c\u00e1ncer de seno"},"content":{"rendered":"<p><img loading=\"lazy\" decoding=\"async\" class=\"wp-image-186 aligncenter\" src=\"http:\/\/el-perico.hdnweb.com\/wp-content\/uploads\/sites\/3\/2016\/11\/Indy-Engel-and-her-Mom-1-300x225.jpg\" alt=\"indy-engel-and-her-mom-1\" width=\"492\" height=\"369\"><br \/>\n&nbsp;<br \/>\nLa educadora y traductora de espa\u00f1ol, Indira \u00abIndy\u00bb Engel, estaba lista para retomar su vida laboral pues sus hijos Sam y Joanna, hab\u00edan cumplido 6 y 4 a\u00f1os respectivamente. Pero poco antes de cumplir 40 a\u00f1os, fue diagnosticada con c\u00e1ncer de seno.<br \/>\nAl compartir la noticia con su esposo Jeff, su mayor angustia fue la de comunic\u00e1rselo a su madre y al resto de su familia en Panam\u00e1, por lo que revis\u00f3 toda la informaci\u00f3n disponible al respecto: \u00abLe\u00ed mucho y supe que era de crecimiento r\u00e1pido, grado 3, lo que quiere decir que es muy agresivo y las estad\u00edsticas indicaban que es muy dif\u00edcil de tratar\u00bb.<br \/>\nComenzaron las noches de insomnio para el matrimonio Engel, pero \u00abdespu\u00e9s de haber procesado el shock\u00bb, Indy evalu\u00f3 las alternativas eligiendo cuidadosamente lo que har\u00eda \u00abpara prevenir una recurrencia\u00bb.<br \/>\n\u00abAqu\u00ed en Omaha estamos en la meca de los mejores hospitales, cl\u00ednicas y tratamientos &#8211; enfatiz\u00f3 Indy -, y eso es lo que me gustar\u00eda compartir con todas las mujeres y hombres, porque los hombres pueden tambi\u00e9n tener c\u00e1ncer de seno\u00bb.<br \/>\nDurante su lucha Indy acumul\u00f3 muchas lecciones, la primera y la m\u00e1s valiosa fue la de no dejarse llevar por lo que otros le comentaban: \u00abEs importante concentrarse, enfocarse en su propia salud, en lo que es normal para usted, y ya entonces, tomar decisiones\u00bb.<br \/>\nEl c\u00e1ncer no era un tema del que se hablara en su familia, aunque apenas un a\u00f1o antes un t\u00edo falleciera por c\u00e1ncer de colon y a\u00f1os atr\u00e1s, su abuela, por c\u00e1ncer uterino, as\u00ed que Indy consider\u00f3 que pod\u00edan ser se\u00f1ales de un lazo gen\u00e9tico. Sin embargo, una prueba de sangre indic\u00f3 lo contrario gener\u00e1ndole cierto alivio al significar que gen\u00e9ticamente ni su hija, hermanas o sobrinas, estaban en riesgo.<br \/>\n\u00abLa primera consulta que tuve fue con el cirujano y en retrospectiva deb\u00ed de haber hablado con un onc\u00f3logo primero &#8211; reconoci\u00f3 Indy -,&nbsp; pero yo ten\u00eda tanto miedo porque no pod\u00eda seguir confiando m\u00e1s en mi cuerpo, as\u00ed que eleg\u00ed la cirug\u00eda completa y ya despu\u00e9s, me reun\u00ed con el onc\u00f3logo\u00bb.<br \/>\nEl proceso dur\u00f3 m\u00e1s de un a\u00f1o y medio aproximadamente. Indy recibi\u00f3 quimioterapia y antes de someterse a la reconstrucci\u00f3n de su cuerpo por medio de la cirug\u00eda pl\u00e1stica, acept\u00f3 generosamente participar en diversos estudios cl\u00ednicos apoyando las investigaciones cient\u00edficas sobre el c\u00e1ncer.<br \/>\nEn casa, cuando Indy regresaba de alguna dolorosa sesi\u00f3n en hospitales, sus peque\u00f1itos contribu\u00edan a su descanso, gracias al proyecto elaborado por Jeff: \u00abLe doy mucho cr\u00e9dito porque \u00e9l es muy visionario. Al principio est\u00e1bamos nerviosos, pero una vez que vio el plan claro dijo &#8216;okay vamos a hablar con los ni\u00f1os, vamos a sentarnos a explicarles qu\u00e9 es lo que va pasar en t\u00e9rminos simples y vamos a usar la palabra c\u00e1ncer porque ellos tienen que entender que esto es c\u00e1ncer&#8217;. \u00c9l les dijo &#8216;mam\u00e1 tiene soldados en su cuerpo que ahora mismo est\u00e1n perdiendo la batalla y necesitan ayuda y \u00e9sos refuerzos van a ser medicamentos que son muy fuertes&#8217;, y as\u00ed los fue preparando\u00bb.<br \/>\nPara el d\u00eda de su cumplea\u00f1os, la ca\u00edda de su cabello era bastante notable as\u00ed que todos juntos, incluyendo a la abuelita, fueron a una cl\u00ednica especializada en cosmetolog\u00eda para pacientes como Indy. Sin su pelo frente al espejo, la hermosa mujer reconoci\u00f3 \u00abes real, est\u00e1 pasando\u00bb, y entre l\u00e1grimas no pudo evitar sonre\u00edr cuando su hijo coment\u00f3 \u00ab\u00a1ahora pareces la hermana de pap\u00e1!\u00bb.<br \/>\nRodeada de amor e instantes agridulces, Indy conoci\u00f3 a otras mujeres sobrevivientes y la inesperada partida de una de ellas, la marc\u00f3 para siempre: \u00abPor eso no puedo celebrar. No me siento con \u00e1nimo de celebrar porque cada d\u00eda en s\u00ed, es una celebraci\u00f3n\u201d.<br \/>\nPor la ma\u00f1ana, a\u00fan con la alegr\u00eda de sentirse viva, personas como Indy se paralizan por segundos: \u00abPorque nos da terror el no volver a ir al doctor con \u00e9sa regularidad de antes, porque entonces qui\u00e9n nos va a decir si hay algo malo. Es como si trajeras un paraca\u00eddas que ya no funciona m\u00e1s y est\u00e1s todav\u00eda en el aire\u00bb.<br \/>\nEs por ello que programas como Un Tiempo para Sanar (<em>A Time To Heal Foundation<\/em>) cumplen una labor extraordinaria desde el 2005, gracias a la visi\u00f3n de sus fundadoras la Dra. Stephanie Koraleski, psic\u00f3loga e hija de una sobreviviente de c\u00e1ncer y la Dra. Kay Ryan, enfermera y sobreviviente de c\u00e1ncer de seno.<br \/>\nDos a\u00f1os despu\u00e9s de su recuperaci\u00f3n, Indy se integr\u00f3 al equipo que buscaba brindar sus servicios en espa\u00f1ol y bajo la direcci\u00f3n de una antigua amiga, Julie Jahde Pospishil, la maravillosa \u00abMaestra Julia\u00bb, propietaria de Spanish Chat Company, surgi\u00f3 la idea de realizar un CD de ayuda: \u00abLa clave de este programa es que no se hace durante el tratamiento sino despu\u00e9s. Apenas termina la radiaci\u00f3n, quimioterapia y cirug\u00eda, uno est\u00e1 listo para retomar su vida y entonces se toma el tiempo para sanar\u00bb.<br \/>\nUn Tiempo Para Sanar presentar\u00e1 su segundo material en espa\u00f1ol, un DVD con ejercicios de relajaci\u00f3n en el cual Indy relat\u00f3 parte de su experiencia: \u00abHasta que pas\u00e9 por el programa fue que me dije, &#8216;okay, \u00a1sobreviv\u00ed!&#8217;, y aqu\u00ed estoy\u00bb.<br \/>\n&nbsp;<br \/>\nGrupo de Enfoque de <em>Un Tiempo Para Sanar<\/em> (A Time to Heal Foundation)<br \/>\nS\u00e1bado 5 de noviembre, 10-11:30am<br \/>\nBiblioteca P\u00fablica del sur de Omaha (calles 28 y Q)<br \/>\n<a href=\"http:\/\/atimetohealfoundation.org\/\">atimetohealfoundation.org<\/a><br \/>\nInf\u00f3rmese con la \u00abMaestra Julia\u00bb, Julie Jahde Pospishil,<br \/>\n<a href=\"http:\/\/www.SpanishChatCompany.com\">www.SpanishChatCompany.com<\/a><br \/>\n402.398.1384<\/p>\n","protected":false},"excerpt":{"rendered":"<p>&nbsp; La educadora y traductora de espa\u00f1ol, Indira \u00abIndy\u00bb Engel, estaba lista para retomar su vida laboral pues sus hijos Sam y Joanna, hab\u00edan cumplido 6 y 4 a\u00f1os respectivamente. Pero poco antes de cumplir 40 a\u00f1os, fue diagnosticada con c\u00e1ncer de seno. Al compartir la noticia con su esposo Jeff, su mayor angustia fue [&hellip;]<\/p>\n","protected":false},"author":1,"featured_media":186,"comment_status":"open","ping_status":"closed","sticky":false,"template":"","format":"standard","meta":{"newspack_ads_suppress_ads":false,"_newspack_byline_active":false,"_newspack_byline":"","newspack_hide_updated_date":false,"newspack_show_updated_date":false,"newspack_content_restriction_is_exempt":false,"newspack_featured_image_position":"","newspack_post_subtitle":"","newspack_article_summary_title":"Overview:","newspack_article_summary":"","footnotes":""},"categories":[1226],"tags":[],"newspack_spnsrs_tax":[],"coauthors":[1233],"class_list":["post-184","post","type-post","status-publish","format-standard","has-post-thumbnail","hentry","category-sin-categorizar","entry"],"yoast_head":"<!-- This site is optimized with the Yoast SEO plugin v27.5 - https:\/\/yoast.com\/product\/yoast-seo-wordpress\/ -->\n<title>Indy Engel: sobreviviente al c\u00e1ncer de seno - el perico<\/title>\n<meta name=\"robots\" content=\"index, follow, max-snippet:-1, max-image-preview:large, max-video-preview:-1\" \/>\n<link rel=\"canonical\" href=\"https:\/\/el-perico.com\/es\/espanol-indy-engel-sobreviviente-al-cancer-de-seno\/\" \/>\n<meta property=\"og:locale\" content=\"es_ES\" \/>\n<meta property=\"og:type\" content=\"article\" \/>\n<meta property=\"og:title\" content=\"Indy Engel: sobreviviente al c\u00e1ncer de seno - el perico\" \/>\n<meta property=\"og:description\" content=\"&nbsp; La educadora y traductora de espa\u00f1ol, Indira \u00abIndy\u00bb Engel, estaba lista para retomar su vida laboral pues sus hijos Sam y Joanna, hab\u00edan cumplido 6 y 4 a\u00f1os respectivamente. Pero poco antes de cumplir 40 a\u00f1os, fue diagnosticada con c\u00e1ncer de seno. Al compartir la noticia con su esposo Jeff, su mayor angustia fue [&hellip;]\" \/>\n<meta property=\"og:url\" content=\"https:\/\/el-perico.com\/es\/espanol-indy-engel-sobreviviente-al-cancer-de-seno\/\" \/>\n<meta property=\"og:site_name\" content=\"el perico\" \/>\n<meta property=\"article:publisher\" content=\"https:\/\/www.facebook.com\/elpericoomaha\" \/>\n<meta property=\"article:published_time\" content=\"2016-11-03T19:25:20+00:00\" \/>\n<meta property=\"article:modified_time\" content=\"2022-03-28T03:18:47+00:00\" \/>\n<meta name=\"author\" content=\"El Perico Staff\" \/>\n<meta name=\"twitter:card\" content=\"summary_large_image\" \/>\n<meta name=\"twitter:label1\" content=\"Escrito por\" \/>\n\t<meta name=\"twitter:data1\" content=\"El Perico Staff\" \/>\n\t<meta name=\"twitter:label2\" content=\"Tiempo de lectura\" \/>\n\t<meta name=\"twitter:data2\" content=\"5 minutos\" \/>\n\t<meta name=\"twitter:label3\" content=\"Written by\" \/>\n\t<meta name=\"twitter:data3\" content=\"El Perico Staff\" \/>\n<script type=\"application\/ld+json\" class=\"yoast-schema-graph\">{\"@context\":\"https:\\\/\\\/schema.org\",\"@graph\":[{\"@type\":\"Article\",\"@id\":\"https:\\\/\\\/el-perico.com\\\/es\\\/espanol-indy-engel-sobreviviente-al-cancer-de-seno\\\/#article\",\"isPartOf\":{\"@id\":\"https:\\\/\\\/el-perico.com\\\/es\\\/espanol-indy-engel-sobreviviente-al-cancer-de-seno\\\/\"},\"author\":{\"name\":\"El Perico Staff\",\"@id\":\"https:\\\/\\\/el-perico.com\\\/es\\\/#\\\/schema\\\/person\\\/1956e5e63b94d4bd0daf30675bdf4a93\"},\"headline\":\"Indy Engel: sobreviviente al c\u00e1ncer de seno\",\"datePublished\":\"2016-11-03T19:25:20+00:00\",\"dateModified\":\"2022-03-28T03:18:47+00:00\",\"mainEntityOfPage\":{\"@id\":\"https:\\\/\\\/el-perico.com\\\/es\\\/espanol-indy-engel-sobreviviente-al-cancer-de-seno\\\/\"},\"wordCount\":984,\"commentCount\":0,\"publisher\":{\"@id\":\"https:\\\/\\\/el-perico.com\\\/es\\\/#organization\"},\"image\":{\"@id\":\"https:\\\/\\\/el-perico.com\\\/es\\\/espanol-indy-engel-sobreviviente-al-cancer-de-seno\\\/#primaryimage\"},\"thumbnailUrl\":\"\",\"articleSection\":[\"Sin categorizar\"],\"inLanguage\":\"es\",\"potentialAction\":[{\"@type\":\"CommentAction\",\"name\":\"Comment\",\"target\":[\"https:\\\/\\\/el-perico.com\\\/es\\\/espanol-indy-engel-sobreviviente-al-cancer-de-seno\\\/#respond\"]}]},{\"@type\":\"WebPage\",\"@id\":\"https:\\\/\\\/el-perico.com\\\/es\\\/espanol-indy-engel-sobreviviente-al-cancer-de-seno\\\/\",\"url\":\"https:\\\/\\\/el-perico.com\\\/es\\\/espanol-indy-engel-sobreviviente-al-cancer-de-seno\\\/\",\"name\":\"Indy Engel: sobreviviente al c\u00e1ncer de seno - el perico\",\"isPartOf\":{\"@id\":\"https:\\\/\\\/el-perico.com\\\/es\\\/#website\"},\"primaryImageOfPage\":{\"@id\":\"https:\\\/\\\/el-perico.com\\\/es\\\/espanol-indy-engel-sobreviviente-al-cancer-de-seno\\\/#primaryimage\"},\"image\":{\"@id\":\"https:\\\/\\\/el-perico.com\\\/es\\\/espanol-indy-engel-sobreviviente-al-cancer-de-seno\\\/#primaryimage\"},\"thumbnailUrl\":\"\",\"datePublished\":\"2016-11-03T19:25:20+00:00\",\"dateModified\":\"2022-03-28T03:18:47+00:00\",\"breadcrumb\":{\"@id\":\"https:\\\/\\\/el-perico.com\\\/es\\\/espanol-indy-engel-sobreviviente-al-cancer-de-seno\\\/#breadcrumb\"},\"inLanguage\":\"es\",\"potentialAction\":[{\"@type\":\"ReadAction\",\"target\":[\"https:\\\/\\\/el-perico.com\\\/es\\\/espanol-indy-engel-sobreviviente-al-cancer-de-seno\\\/\"]}]},{\"@type\":\"ImageObject\",\"inLanguage\":\"es\",\"@id\":\"https:\\\/\\\/el-perico.com\\\/es\\\/espanol-indy-engel-sobreviviente-al-cancer-de-seno\\\/#primaryimage\",\"url\":\"\",\"contentUrl\":\"\"},{\"@type\":\"BreadcrumbList\",\"@id\":\"https:\\\/\\\/el-perico.com\\\/es\\\/espanol-indy-engel-sobreviviente-al-cancer-de-seno\\\/#breadcrumb\",\"itemListElement\":[{\"@type\":\"ListItem\",\"position\":1,\"name\":\"Home\",\"item\":\"https:\\\/\\\/el-perico.com\\\/es\\\/\"},{\"@type\":\"ListItem\",\"position\":2,\"name\":\"Indy Engel: sobreviviente al c\u00e1ncer de seno\"}]},{\"@type\":\"WebSite\",\"@id\":\"https:\\\/\\\/el-perico.com\\\/es\\\/#website\",\"url\":\"https:\\\/\\\/el-perico.com\\\/es\\\/\",\"name\":\"el perico\",\"description\":\"La plataforma original de noticias e informaci\u00f3n para la comunidad hispana de Omaha\",\"publisher\":{\"@id\":\"https:\\\/\\\/el-perico.com\\\/es\\\/#organization\"},\"potentialAction\":[{\"@type\":\"SearchAction\",\"target\":{\"@type\":\"EntryPoint\",\"urlTemplate\":\"https:\\\/\\\/el-perico.com\\\/es\\\/?s={search_term_string}\"},\"query-input\":{\"@type\":\"PropertyValueSpecification\",\"valueRequired\":true,\"valueName\":\"search_term_string\"}}],\"inLanguage\":\"es\"},{\"@type\":\"Organization\",\"@id\":\"https:\\\/\\\/el-perico.com\\\/es\\\/#organization\",\"name\":\"el perico\",\"url\":\"https:\\\/\\\/el-perico.com\\\/es\\\/\",\"logo\":{\"@type\":\"ImageObject\",\"inLanguage\":\"es\",\"@id\":\"https:\\\/\\\/el-perico.com\\\/es\\\/#\\\/schema\\\/logo\\\/image\\\/\",\"url\":\"https:\\\/\\\/el-perico.com\\\/wp-content\\\/uploads\\\/2024\\\/05\\\/ElPerico-Logo_NPM-1-e1717102187440.png\",\"contentUrl\":\"https:\\\/\\\/el-perico.com\\\/wp-content\\\/uploads\\\/2024\\\/05\\\/ElPerico-Logo_NPM-1-e1717102187440.png\",\"width\":648,\"height\":216,\"caption\":\"el perico\"},\"image\":{\"@id\":\"https:\\\/\\\/el-perico.com\\\/es\\\/#\\\/schema\\\/logo\\\/image\\\/\"},\"sameAs\":[\"https:\\\/\\\/www.facebook.com\\\/elpericoomaha\"]},{\"@type\":\"Person\",\"@id\":\"https:\\\/\\\/el-perico.com\\\/es\\\/#\\\/schema\\\/person\\\/1956e5e63b94d4bd0daf30675bdf4a93\",\"name\":\"El Perico Staff\",\"image\":{\"@type\":\"ImageObject\",\"inLanguage\":\"es\",\"@id\":\"https:\\\/\\\/secure.gravatar.com\\\/avatar\\\/701b23c665bfde9fd4d874d31feb4c16bf2ac173b2b0b7224dc39896d4cfc381?s=96&d=mm&r=g80b2efc5844e688a6ffb9340c789e4c4\",\"url\":\"https:\\\/\\\/secure.gravatar.com\\\/avatar\\\/701b23c665bfde9fd4d874d31feb4c16bf2ac173b2b0b7224dc39896d4cfc381?s=96&d=mm&r=g\",\"contentUrl\":\"https:\\\/\\\/secure.gravatar.com\\\/avatar\\\/701b23c665bfde9fd4d874d31feb4c16bf2ac173b2b0b7224dc39896d4cfc381?s=96&d=mm&r=g\",\"caption\":\"El Perico Staff\"},\"sameAs\":[\"https:\\\/\\\/el-perico.com\"],\"url\":\"https:\\\/\\\/el-perico.com\\\/es\\\/author\\\/af6f1d62_admin\\\/\"}]}<\/script>\n<!-- \/ Yoast SEO plugin. -->","yoast_head_json":{"title":"Indy Engel: sobreviviente al c\u00e1ncer de seno - el perico","robots":{"index":"index","follow":"follow","max-snippet":"max-snippet:-1","max-image-preview":"max-image-preview:large","max-video-preview":"max-video-preview:-1"},"canonical":"https:\/\/el-perico.com\/es\/espanol-indy-engel-sobreviviente-al-cancer-de-seno\/","og_locale":"es_ES","og_type":"article","og_title":"Indy Engel: sobreviviente al c\u00e1ncer de seno - el perico","og_description":"&nbsp; La educadora y traductora de espa\u00f1ol, Indira \u00abIndy\u00bb Engel, estaba lista para retomar su vida laboral pues sus hijos Sam y Joanna, hab\u00edan cumplido 6 y 4 a\u00f1os respectivamente. Pero poco antes de cumplir 40 a\u00f1os, fue diagnosticada con c\u00e1ncer de seno. Al compartir la noticia con su esposo Jeff, su mayor angustia fue [&hellip;]","og_url":"https:\/\/el-perico.com\/es\/espanol-indy-engel-sobreviviente-al-cancer-de-seno\/","og_site_name":"el perico","article_publisher":"https:\/\/www.facebook.com\/elpericoomaha","article_published_time":"2016-11-03T19:25:20+00:00","article_modified_time":"2022-03-28T03:18:47+00:00","author":"El Perico Staff","twitter_card":"summary_large_image","twitter_misc":{"Escrito por":"El Perico Staff","Tiempo de lectura":"5 minutos","Written by":"El Perico Staff"},"schema":{"@context":"https:\/\/schema.org","@graph":[{"@type":"Article","@id":"https:\/\/el-perico.com\/es\/espanol-indy-engel-sobreviviente-al-cancer-de-seno\/#article","isPartOf":{"@id":"https:\/\/el-perico.com\/es\/espanol-indy-engel-sobreviviente-al-cancer-de-seno\/"},"author":{"name":"El Perico Staff","@id":"https:\/\/el-perico.com\/es\/#\/schema\/person\/1956e5e63b94d4bd0daf30675bdf4a93"},"headline":"Indy Engel: sobreviviente al c\u00e1ncer de seno","datePublished":"2016-11-03T19:25:20+00:00","dateModified":"2022-03-28T03:18:47+00:00","mainEntityOfPage":{"@id":"https:\/\/el-perico.com\/es\/espanol-indy-engel-sobreviviente-al-cancer-de-seno\/"},"wordCount":984,"commentCount":0,"publisher":{"@id":"https:\/\/el-perico.com\/es\/#organization"},"image":{"@id":"https:\/\/el-perico.com\/es\/espanol-indy-engel-sobreviviente-al-cancer-de-seno\/#primaryimage"},"thumbnailUrl":"","articleSection":["Sin categorizar"],"inLanguage":"es","potentialAction":[{"@type":"CommentAction","name":"Comment","target":["https:\/\/el-perico.com\/es\/espanol-indy-engel-sobreviviente-al-cancer-de-seno\/#respond"]}]},{"@type":"WebPage","@id":"https:\/\/el-perico.com\/es\/espanol-indy-engel-sobreviviente-al-cancer-de-seno\/","url":"https:\/\/el-perico.com\/es\/espanol-indy-engel-sobreviviente-al-cancer-de-seno\/","name":"Indy Engel: sobreviviente al c\u00e1ncer de seno - el perico","isPartOf":{"@id":"https:\/\/el-perico.com\/es\/#website"},"primaryImageOfPage":{"@id":"https:\/\/el-perico.com\/es\/espanol-indy-engel-sobreviviente-al-cancer-de-seno\/#primaryimage"},"image":{"@id":"https:\/\/el-perico.com\/es\/espanol-indy-engel-sobreviviente-al-cancer-de-seno\/#primaryimage"},"thumbnailUrl":"","datePublished":"2016-11-03T19:25:20+00:00","dateModified":"2022-03-28T03:18:47+00:00","breadcrumb":{"@id":"https:\/\/el-perico.com\/es\/espanol-indy-engel-sobreviviente-al-cancer-de-seno\/#breadcrumb"},"inLanguage":"es","potentialAction":[{"@type":"ReadAction","target":["https:\/\/el-perico.com\/es\/espanol-indy-engel-sobreviviente-al-cancer-de-seno\/"]}]},{"@type":"ImageObject","inLanguage":"es","@id":"https:\/\/el-perico.com\/es\/espanol-indy-engel-sobreviviente-al-cancer-de-seno\/#primaryimage","url":"","contentUrl":""},{"@type":"BreadcrumbList","@id":"https:\/\/el-perico.com\/es\/espanol-indy-engel-sobreviviente-al-cancer-de-seno\/#breadcrumb","itemListElement":[{"@type":"ListItem","position":1,"name":"Home","item":"https:\/\/el-perico.com\/es\/"},{"@type":"ListItem","position":2,"name":"Indy Engel: sobreviviente al c\u00e1ncer de seno"}]},{"@type":"WebSite","@id":"https:\/\/el-perico.com\/es\/#website","url":"https:\/\/el-perico.com\/es\/","name":"el perico","description":"La plataforma original de noticias e informaci\u00f3n para la comunidad hispana de Omaha","publisher":{"@id":"https:\/\/el-perico.com\/es\/#organization"},"potentialAction":[{"@type":"SearchAction","target":{"@type":"EntryPoint","urlTemplate":"https:\/\/el-perico.com\/es\/?s={search_term_string}"},"query-input":{"@type":"PropertyValueSpecification","valueRequired":true,"valueName":"search_term_string"}}],"inLanguage":"es"},{"@type":"Organization","@id":"https:\/\/el-perico.com\/es\/#organization","name":"el perico","url":"https:\/\/el-perico.com\/es\/","logo":{"@type":"ImageObject","inLanguage":"es","@id":"https:\/\/el-perico.com\/es\/#\/schema\/logo\/image\/","url":"https:\/\/el-perico.com\/wp-content\/uploads\/2024\/05\/ElPerico-Logo_NPM-1-e1717102187440.png","contentUrl":"https:\/\/el-perico.com\/wp-content\/uploads\/2024\/05\/ElPerico-Logo_NPM-1-e1717102187440.png","width":648,"height":216,"caption":"el perico"},"image":{"@id":"https:\/\/el-perico.com\/es\/#\/schema\/logo\/image\/"},"sameAs":["https:\/\/www.facebook.com\/elpericoomaha"]},{"@type":"Person","@id":"https:\/\/el-perico.com\/es\/#\/schema\/person\/1956e5e63b94d4bd0daf30675bdf4a93","name":"El Perico Staff","image":{"@type":"ImageObject","inLanguage":"es","@id":"https:\/\/secure.gravatar.com\/avatar\/701b23c665bfde9fd4d874d31feb4c16bf2ac173b2b0b7224dc39896d4cfc381?s=96&d=mm&r=g80b2efc5844e688a6ffb9340c789e4c4","url":"https:\/\/secure.gravatar.com\/avatar\/701b23c665bfde9fd4d874d31feb4c16bf2ac173b2b0b7224dc39896d4cfc381?s=96&d=mm&r=g","contentUrl":"https:\/\/secure.gravatar.com\/avatar\/701b23c665bfde9fd4d874d31feb4c16bf2ac173b2b0b7224dc39896d4cfc381?s=96&d=mm&r=g","caption":"El Perico Staff"},"sameAs":["https:\/\/el-perico.com"],"url":"https:\/\/el-perico.com\/es\/author\/af6f1d62_admin\/"}]}},"_links":{"self":[{"href":"https:\/\/el-perico.com\/es\/wp-json\/wp\/v2\/posts\/184","targetHints":{"allow":["GET"]}}],"collection":[{"href":"https:\/\/el-perico.com\/es\/wp-json\/wp\/v2\/posts"}],"about":[{"href":"https:\/\/el-perico.com\/es\/wp-json\/wp\/v2\/types\/post"}],"author":[{"embeddable":true,"href":"https:\/\/el-perico.com\/es\/wp-json\/wp\/v2\/users\/1"}],"replies":[{"embeddable":true,"href":"https:\/\/el-perico.com\/es\/wp-json\/wp\/v2\/comments?post=184"}],"version-history":[{"count":1,"href":"https:\/\/el-perico.com\/es\/wp-json\/wp\/v2\/posts\/184\/revisions"}],"predecessor-version":[{"id":7251,"href":"https:\/\/el-perico.com\/es\/wp-json\/wp\/v2\/posts\/184\/revisions\/7251"}],"wp:featuredmedia":[{"embeddable":true,"href":"https:\/\/el-perico.com\/es\/wp-json\/"}],"wp:attachment":[{"href":"https:\/\/el-perico.com\/es\/wp-json\/wp\/v2\/media?parent=184"}],"wp:term":[{"taxonomy":"category","embeddable":true,"href":"https:\/\/el-perico.com\/es\/wp-json\/wp\/v2\/categories?post=184"},{"taxonomy":"post_tag","embeddable":true,"href":"https:\/\/el-perico.com\/es\/wp-json\/wp\/v2\/tags?post=184"},{"taxonomy":"newspack_spnsrs_tax","embeddable":true,"href":"https:\/\/el-perico.com\/es\/wp-json\/wp\/v2\/newspack_spnsrs_tax?post=184"},{"taxonomy":"author","embeddable":true,"href":"https:\/\/el-perico.com\/es\/wp-json\/wp\/v2\/coauthors?post=184"}],"curies":[{"name":"wp","href":"https:\/\/api.w.org\/{rel}","templated":true}]}}